{"id":11116,"date":"2021-04-23T12:51:24","date_gmt":"2021-04-23T11:51:24","guid":{"rendered":"https:\/\/www.welovecycling.com\/hu\/?p=11116"},"modified":"2022-05-12T10:10:14","modified_gmt":"2022-05-12T08:10:14","slug":"tortenelem","status":"publish","type":"post","link":"https:\/\/www.welovecycling.com\/hu\/tour-de-hongrie\/tortenelem\/","title":{"rendered":"T\u00f6rt\u00e9nelem"},"content":{"rendered":"<p><strong>T\u00f6bb mint kilenc \u00e9vtizeddel ezel\u0151tt, 1925. j\u00fanius 27-\u00e9n indult \u00fatj\u00e1ra el\u0151sz\u00f6r a Tour de Hongrie mez\u0151nye. Az els\u0151 magyar Tour hajnali n\u00e9gy \u00f3rakor a budapesti Gell\u00e9rt-sz\u00e1ll\u00f3 el\u0151l indult. Id\u00e9n a 43. versenyre ker\u00fcl sor.<\/strong><!--more--><\/p>\n<p><em>\u201eA magyar Tour de France haz\u00e1nk ker\u00e9kp\u00e1ros sportj\u00e1nak t\u00f6rt\u00e9nelm\u00e9ben egyed\u00fcl\u00e1ll\u00f3, N\u00e9metorsz\u00e1got megsz\u00e9gyen\u00edt\u0151 pontoss\u00e1ggal \u00e9s lelkiismeretess\u00e9ggel nemcsak a miting sportbeli r\u00e9sz\u00e9t szervezte meg minden kritik\u00e1t elb\u00edr\u00f3 alaposs\u00e1ggal, hanem tekintettel volt annak propaganda\u00e9rt\u00e9k\u00e9re is\u201d<\/em> \u2013 \u00edrta a Nemzeti Sport 1925-ben.<\/p>\n<p>Az els\u0151 rajt id\u0151pontja 1925. j\u00fanius 27. hajnali 4 \u00f3ra volt. A t\u00e1v: 510.5 kilom\u00e9ter. Abban az id\u0151ben m\u00e9g nem nagyon volt olyan k\u00eds\u00e9r\u0151aut\u00f3, amely gond n\u00e9lk\u00fcl, egyenletes, negyvenes temp\u00f3ban le tudta volna nyomni ezt a t\u00e1vot, \u00edgy eg\u00e9szen m\u00e1s lehetett akkor versenyezni, mint most, kevesebb seg\u00edts\u00e9ggel, m\u00e1sf\u00e9le atmoszf\u00e9r\u00e1ban. Ezt az els\u0151 Tour de Hongire versenty Jerzsabek K\u00e1roly &#8211; vagy ink\u00e1bb Jerzsabek Karcsi b\u00e1csi \u2013 nyerte meg: 22 \u00f3ra \u00e9s 10 perc alatt teljes\u00edtette a Budapest-Szombathely-Gy\u0151r-Budapest t\u00e1vot.<\/p>\n<p>Ett\u0151l fogva eg\u00e9szen a m\u00e1sodik vil\u00e1gh\u00e1bor\u00faig k\u00e9t kiv\u00e9tellel minden \u00e9vben megrendezt\u00e9k a k\u00f6rversenyt. Az els\u0151 sz\u00fcnetet 1928-ban tartott\u00e1k, amikor Magyarorsz\u00e1gon rendezt\u00e9k meg az orsz\u00e1g\u00fati vil\u00e1gbajnoks\u00e1got, a m\u00e1sodikat pedig 1936-ban, ekkor m\u00e1r ink\u00e1bb politikai okokb\u00f3l: a magyar ker\u00e9kp\u00e1rosoknak k\u00f6telez\u0151 volt remekelni a berlini olimpi\u00e1n, ez\u00e9rt felment\u00e9st kaptak az itthoni verseny al\u00f3l \u2013 ak\u00e1r akart\u00e1k, ak\u00e1r nem.<\/p>\n<p>A vil\u00e1gh\u00e1bor\u00fa sem \u00e1llta a karav\u00e1n \u00fatj\u00e1t, mindig arra ment a mez\u0151ny, amerre \u00e9ppen felszedt\u00e9k az akn\u00e1kat, de ment, mintha \u00e9rezte volna, hogy m\u00e1r nem sok\u00e1ig mehet. Mert 1965-ig m\u00e9g kisebb- nagyobb kihagy\u00e1sokkal nek\u00fcnk is volt k\u00f6rverseny\u00fcnk, de az ezt k\u00f6vet\u0151 negyed \u00e9vsz\u00e1zadban csak a B\u00e9csb\u0151l behozott ker\u00e9kp\u00e1ros \u00fajs\u00e1gokat lapozgathatt\u00e1k bicikliseink. 1993-ban v\u00e9gre megt\u00f6rt a j\u00e9g, \u00fajra elindult \u00e9s hat \u00e9ven \u00e1t m\u0171k\u00f6d\u00f6tt a Tour de Hongrie, a Magyar Ker\u00e9kp\u00e1ros Sz\u00f6vets\u00e9g szervez\u00e9s\u00e9ben, a f\u0151szervez\u0151 ekkor Sipos J\u00e1nos volt. K\u00e9t \u00e9ves sz\u00fcnet ut\u00e1n a Tour de Hongrie \u00fcgy\u00e9t a kor\u00e1bbi versenyz\u0151, Eisenkrammer K\u00e1roly karolta fel, \u00e9s 2001. j\u00falius 12-\u00e9n a huszonnyolcadik gy\u0151ztest \u00fcnnepelhett\u00fck a budapesti c\u00e9lban! Az \u00f6sszetett versenyt a jugoszl\u00e1v Mikos Rnyakovics nyerte meg. Egy esztend\u0151vel k\u00e9s\u0151bb a Post\u00e1s-Mat\u00e1v SE bring\u00e1sa, Vanik Zolt\u00e1n vihette haza a legjobbnak j\u00e1r\u00f3 s\u00e1rga mezt, 2003-ban pedig a szlov\u00e1k \u00e1llampolg\u00e1rs\u00e1g\u00fa, de magyar anyanyelv\u0171 Rem\u00e1k Zolt\u00e1n\u00e9 lett a Tour de Hongrie els\u0151 helye.<\/p>\n<p>A Szepsiben \u00e9l\u0151 Rem\u00e1k Zolt\u00e1n 2004-ben t\u00f6rt\u00e9nelmi tettet hajtott v\u00e9gre: Vida L\u00e1szl\u00f3 \u00e9s T\u00f6r\u00f6k Gy\u0151z\u0151 ut\u00e1n \u0151 a harmadik, a hat\u00e1ron t\u00fali kerekesek k\u00f6z\u00fcl pedig az els\u0151, aki meg tudta v\u00e9deni c\u00edm\u00e9t a Magyar k\u00f6rversenyen. 2005-ben ism\u00e9t \u00f6lthette mag\u00e1ra magyar versenyz\u0151 a s\u00e1rga trik\u00f3t: Lengyel Tam\u00e1s diadalmaskodott.<\/p>\n<p>2006 \u00e9s 2008 k\u00f6z\u00f6tt DCG Tour de Hongrie n\u00e9ven a Ker\u00e9kp\u00e1rsport 2000 Alap\u00edtv\u00e1ny rendez\u00e9s\u00e9ben ker\u00fclt sor a nemzeti k\u00f6rversenyre, 2007-ben \u00e9s 2008-ban egy-egy szakasz erej\u00e9ig a mez\u0151ny Szlov\u00e1ki\u00e1ban is versenyzett. A 2008-as befut\u00f3 \u00f3ta v\u00e1rtunk a folytat\u00e1sra, 2015-ben v\u00e9gre \u00fajra k\u00f6rbej\u00e1rta az orsz\u00e1got a Tour de Hongrie karav\u00e1nja. A verseny a luxemburgi Tom Thill gy\u0151zelm\u00e9vel z\u00e1rult, 2016-ban az \u00e9szt Mihkel Raim, 2017-ben a kolumbiai Daniel Jaramillo, 2018-ban az olasz Manuel Belletti, 2019-ben a lett Krists Neilands, 2020-ban pedig a magyar Valter Attila diadal\u00e1t hozta a m\u00e9lt\u00e1n n\u00e9pszer\u0171 verseny.<\/p>\n<p>2020-ban a koronav\u00edrus-j\u00e1rv\u00e1ny \u00e1rny\u00e9k\u00e1ban rendezt\u00e9k meg a Tour de Hongrie-t, amelyen el\u0151sz\u00f6r \u00e1lltak rajthoz a legmagasabb szinten jegyzett csapatok: \u00f6t World Team (Jumbo-Visma, Team CCC, Trek-Segafredo, Mitchelton-Scott \u00e9s Israel Start-Up Nation) vett r\u00e9szt nemzeti k\u00f6rverseny\u00fcnk\u00f6n!<\/p>\n","protected":false},"excerpt":{"rendered":"<p>T\u00f6bb mint kilenc \u00e9vtizeddel ezel\u0151tt, 1925. j\u00fanius 27-\u00e9n indult \u00fatj\u00e1ra el\u0151sz\u00f6r a Tour de Hongrie mez\u0151nye. Az els\u0151 magyar Tour [&hellip;]<\/p>\n","protected":false},"author":71,"featured_media":14849,"comment_status":"open","ping_status":"open","sticky":false,"template":"","format":"standard","meta":{"footnotes":""},"categories":[462],"tags":[],"global-categories":[419],"class_list":["post-11116","post","type-post","status-publish","format-standard","has-post-thumbnail","hentry","category-tour-de-hongrie","global-categories-cycling"],"yoast_head":"<!-- This site is optimized with the Yoast SEO Premium plugin v25.3 (Yoast SEO v25.9) - https:\/\/yoast.com\/wordpress\/plugins\/seo\/ -->\n<title>T\u00f6rt\u00e9nelem - \u0160koda We Love Cycling - Magyarorsz\u00e1g<\/title>\n<meta name=\"description\" content=\"T\u00f6bb mint kilenc \u00e9vtizeddel ezel\u0151tt, 1925. j\u00fanius 27-\u00e9n indult \u00fatj\u00e1ra el\u0151sz\u00f6r a Tour de Hongrie mez\u0151nye. Az els\u0151 magyar Tour hajnali n\u00e9gy \u00f3rakor a budapesti Gell\u00e9rt-sz\u00e1ll\u00f3 el\u0151l indult. Id\u00e9n a 42. versenyre ker\u00fcl sor.\" \/>\n<meta name=\"robots\" content=\"index, follow, max-snippet:-1, max-image-preview:large, max-video-preview:-1\" \/>\n<link rel=\"canonical\" href=\"https:\/\/www.welovecycling.com\/hu\/tour-de-hongrie\/tortenelem\/\" \/>\n<meta property=\"og:locale\" content=\"hu_HU\" \/>\n<meta property=\"og:type\" content=\"article\" \/>\n<meta property=\"og:title\" content=\"T\u00f6rt\u00e9nelem\" \/>\n<meta property=\"og:description\" content=\"T\u00f6bb mint kilenc \u00e9vtizeddel ezel\u0151tt, 1925. j\u00fanius 27-\u00e9n indult \u00fatj\u00e1ra el\u0151sz\u00f6r a Tour de Hongrie mez\u0151nye. Az els\u0151 magyar Tour hajnali n\u00e9gy \u00f3rakor a budapesti Gell\u00e9rt-sz\u00e1ll\u00f3 el\u0151l indult. Id\u00e9n a 42. versenyre ker\u00fcl sor.\" \/>\n<meta property=\"og:url\" content=\"https:\/\/www.welovecycling.com\/hu\/tour-de-hongrie\/tortenelem\/\" \/>\n<meta property=\"og:site_name\" content=\"\u0160koda We Love Cycling - Magyarorsz\u00e1g\" \/>\n<meta property=\"article:publisher\" content=\"https:\/\/www.facebook.com\/WeLoveCyclingHungary\/\" \/>\n<meta property=\"article:published_time\" content=\"2021-04-23T11:51:24+00:00\" \/>\n<meta property=\"article:modified_time\" content=\"2022-05-12T08:10:14+00:00\" \/>\n<meta property=\"og:image\" content=\"https:\/\/d2p6e6u75xmxt8.cloudfront.net\/12\/2022\/04\/WL007_tour_de_hongrie_2022_cikk3.jpg\" \/>\n\t<meta property=\"og:image:width\" content=\"1734\" \/>\n\t<meta property=\"og:image:height\" content=\"788\" \/>\n\t<meta property=\"og:image:type\" content=\"image\/jpeg\" \/>\n<meta name=\"author\" content=\"hegyizs\" \/>\n<meta name=\"twitter:card\" content=\"summary_large_image\" \/>\n<meta name=\"twitter:label1\" content=\"Written by\" \/>\n\t<meta name=\"twitter:data1\" content=\"WLC\" \/>\n\t<meta name=\"twitter:label2\" content=\"Est. reading time\" \/>\n\t<meta name=\"twitter:data2\" content=\"4 minutes\" \/>\n<script type=\"application\/ld+json\" class=\"yoast-schema-graph\">{\"@context\":\"https:\/\/schema.org\",\"@graph\":[{\"@type\":\"WebPage\",\"@id\":\"https:\/\/www.welovecycling.com\/hu\/tour-de-hongrie\/tortenelem\/\",\"url\":\"https:\/\/www.welovecycling.com\/hu\/tour-de-hongrie\/tortenelem\/\",\"name\":\"T\u00f6rt\u00e9nelem - \u0160koda We Love Cycling - Magyarorsz\u00e1g\",\"isPartOf\":{\"@id\":\"https:\/\/www.welovecycling.com\/hu\/#website\"},\"primaryImageOfPage\":{\"@id\":\"https:\/\/www.welovecycling.com\/hu\/tour-de-hongrie\/tortenelem\/#primaryimage\"},\"image\":{\"@id\":\"https:\/\/www.welovecycling.com\/hu\/tour-de-hongrie\/tortenelem\/#primaryimage\"},\"thumbnailUrl\":\"https:\/\/d2p6e6u75xmxt8.cloudfront.net\/12\/2022\/04\/WL007_tour_de_hongrie_2022_cikk3.jpg\",\"datePublished\":\"2021-04-23T11:51:24+00:00\",\"dateModified\":\"2022-05-12T08:10:14+00:00\",\"author\":{\"@id\":\"https:\/\/www.welovecycling.com\/hu\/#\/schema\/person\/414a2aebf1801691a5320edb6468e194\"},\"description\":\"T\u00f6bb mint kilenc \u00e9vtizeddel ezel\u0151tt, 1925. j\u00fanius 27-\u00e9n indult \u00fatj\u00e1ra el\u0151sz\u00f6r a Tour de Hongrie mez\u0151nye. Az els\u0151 magyar Tour hajnali n\u00e9gy \u00f3rakor a budapesti Gell\u00e9rt-sz\u00e1ll\u00f3 el\u0151l indult. Id\u00e9n a 42. versenyre ker\u00fcl sor.\",\"breadcrumb\":{\"@id\":\"https:\/\/www.welovecycling.com\/hu\/tour-de-hongrie\/tortenelem\/#breadcrumb\"},\"inLanguage\":\"hu\",\"potentialAction\":[{\"@type\":\"ReadAction\",\"target\":[\"https:\/\/www.welovecycling.com\/hu\/tour-de-hongrie\/tortenelem\/\"]}]},{\"@type\":\"ImageObject\",\"inLanguage\":\"hu\",\"@id\":\"https:\/\/www.welovecycling.com\/hu\/tour-de-hongrie\/tortenelem\/#primaryimage\",\"url\":\"https:\/\/d2p6e6u75xmxt8.cloudfront.net\/12\/2022\/04\/WL007_tour_de_hongrie_2022_cikk3.jpg\",\"contentUrl\":\"https:\/\/d2p6e6u75xmxt8.cloudfront.net\/12\/2022\/04\/WL007_tour_de_hongrie_2022_cikk3.jpg\",\"width\":1734,\"height\":788},{\"@type\":\"BreadcrumbList\",\"@id\":\"https:\/\/www.welovecycling.com\/hu\/tour-de-hongrie\/tortenelem\/#breadcrumb\",\"itemListElement\":[{\"@type\":\"ListItem\",\"position\":1,\"name\":\"Home\",\"item\":\"https:\/\/www.welovecycling.com\/hu\/\"},{\"@type\":\"ListItem\",\"position\":2,\"name\":\"T\u00f6rt\u00e9nelem\"}]},{\"@type\":\"WebSite\",\"@id\":\"https:\/\/www.welovecycling.com\/hu\/#website\",\"url\":\"https:\/\/www.welovecycling.com\/hu\/\",\"name\":\"\u0160koda We Love Cycling - Magyarorsz\u00e1g\",\"description\":\"\u0160koda WeLoveCycling\",\"potentialAction\":[{\"@type\":\"SearchAction\",\"target\":{\"@type\":\"EntryPoint\",\"urlTemplate\":\"https:\/\/www.welovecycling.com\/hu\/?s={search_term_string}\"},\"query-input\":{\"@type\":\"PropertyValueSpecification\",\"valueRequired\":true,\"valueName\":\"search_term_string\"}}],\"inLanguage\":\"hu\"},{\"@type\":\"Person\",\"@id\":\"https:\/\/www.welovecycling.com\/hu\/#\/schema\/person\/414a2aebf1801691a5320edb6468e194\",\"name\":\"hegyizs\",\"image\":{\"@type\":\"ImageObject\",\"inLanguage\":\"hu\",\"@id\":\"https:\/\/www.welovecycling.com\/hu\/#\/schema\/person\/image\/\",\"url\":\"https:\/\/secure.gravatar.com\/avatar\/02cf8a7906b8cf90cecb4679defac7cfd33a1c2e3b88e4903d947f3bb58eedd3?s=96&d=mm&r=g\",\"contentUrl\":\"https:\/\/secure.gravatar.com\/avatar\/02cf8a7906b8cf90cecb4679defac7cfd33a1c2e3b88e4903d947f3bb58eedd3?s=96&d=mm&r=g\",\"caption\":\"hegyizs\"},\"url\":\"https:\/\/www.welovecycling.com\/hu\/author\/hegyizs\/\"}]}<\/script>\n<!-- \/ Yoast SEO Premium plugin. -->","yoast_head_json":{"title":"T\u00f6rt\u00e9nelem - \u0160koda We Love Cycling - Magyarorsz\u00e1g","description":"T\u00f6bb mint kilenc \u00e9vtizeddel ezel\u0151tt, 1925. j\u00fanius 27-\u00e9n indult \u00fatj\u00e1ra el\u0151sz\u00f6r a Tour de Hongrie mez\u0151nye. Az els\u0151 magyar Tour hajnali n\u00e9gy \u00f3rakor a budapesti Gell\u00e9rt-sz\u00e1ll\u00f3 el\u0151l indult. Id\u00e9n a 42. versenyre ker\u00fcl sor.","robots":{"index":"index","follow":"follow","max-snippet":"max-snippet:-1","max-image-preview":"max-image-preview:large","max-video-preview":"max-video-preview:-1"},"canonical":"https:\/\/www.welovecycling.com\/hu\/tour-de-hongrie\/tortenelem\/","og_locale":"hu_HU","og_type":"article","og_title":"T\u00f6rt\u00e9nelem","og_description":"T\u00f6bb mint kilenc \u00e9vtizeddel ezel\u0151tt, 1925. j\u00fanius 27-\u00e9n indult \u00fatj\u00e1ra el\u0151sz\u00f6r a Tour de Hongrie mez\u0151nye. Az els\u0151 magyar Tour hajnali n\u00e9gy \u00f3rakor a budapesti Gell\u00e9rt-sz\u00e1ll\u00f3 el\u0151l indult. Id\u00e9n a 42. versenyre ker\u00fcl sor.","og_url":"https:\/\/www.welovecycling.com\/hu\/tour-de-hongrie\/tortenelem\/","og_site_name":"\u0160koda We Love Cycling - Magyarorsz\u00e1g","article_publisher":"https:\/\/www.facebook.com\/WeLoveCyclingHungary\/","article_published_time":"2021-04-23T11:51:24+00:00","article_modified_time":"2022-05-12T08:10:14+00:00","og_image":[{"width":1734,"height":788,"url":"https:\/\/d2p6e6u75xmxt8.cloudfront.net\/12\/2022\/04\/WL007_tour_de_hongrie_2022_cikk3.jpg","type":"image\/jpeg"}],"author":"hegyizs","twitter_card":"summary_large_image","twitter_misc":{"Written by":"WLC","Est. reading time":"4 minutes"},"schema":{"@context":"https:\/\/schema.org","@graph":[{"@type":"WebPage","@id":"https:\/\/www.welovecycling.com\/hu\/tour-de-hongrie\/tortenelem\/","url":"https:\/\/www.welovecycling.com\/hu\/tour-de-hongrie\/tortenelem\/","name":"T\u00f6rt\u00e9nelem - \u0160koda We Love Cycling - Magyarorsz\u00e1g","isPartOf":{"@id":"https:\/\/www.welovecycling.com\/hu\/#website"},"primaryImageOfPage":{"@id":"https:\/\/www.welovecycling.com\/hu\/tour-de-hongrie\/tortenelem\/#primaryimage"},"image":{"@id":"https:\/\/www.welovecycling.com\/hu\/tour-de-hongrie\/tortenelem\/#primaryimage"},"thumbnailUrl":"https:\/\/d2p6e6u75xmxt8.cloudfront.net\/12\/2022\/04\/WL007_tour_de_hongrie_2022_cikk3.jpg","datePublished":"2021-04-23T11:51:24+00:00","dateModified":"2022-05-12T08:10:14+00:00","author":{"@id":"https:\/\/www.welovecycling.com\/hu\/#\/schema\/person\/414a2aebf1801691a5320edb6468e194"},"description":"T\u00f6bb mint kilenc \u00e9vtizeddel ezel\u0151tt, 1925. j\u00fanius 27-\u00e9n indult \u00fatj\u00e1ra el\u0151sz\u00f6r a Tour de Hongrie mez\u0151nye. Az els\u0151 magyar Tour hajnali n\u00e9gy \u00f3rakor a budapesti Gell\u00e9rt-sz\u00e1ll\u00f3 el\u0151l indult. Id\u00e9n a 42. versenyre ker\u00fcl sor.","breadcrumb":{"@id":"https:\/\/www.welovecycling.com\/hu\/tour-de-hongrie\/tortenelem\/#breadcrumb"},"inLanguage":"hu","potentialAction":[{"@type":"ReadAction","target":["https:\/\/www.welovecycling.com\/hu\/tour-de-hongrie\/tortenelem\/"]}]},{"@type":"ImageObject","inLanguage":"hu","@id":"https:\/\/www.welovecycling.com\/hu\/tour-de-hongrie\/tortenelem\/#primaryimage","url":"https:\/\/d2p6e6u75xmxt8.cloudfront.net\/12\/2022\/04\/WL007_tour_de_hongrie_2022_cikk3.jpg","contentUrl":"https:\/\/d2p6e6u75xmxt8.cloudfront.net\/12\/2022\/04\/WL007_tour_de_hongrie_2022_cikk3.jpg","width":1734,"height":788},{"@type":"BreadcrumbList","@id":"https:\/\/www.welovecycling.com\/hu\/tour-de-hongrie\/tortenelem\/#breadcrumb","itemListElement":[{"@type":"ListItem","position":1,"name":"Home","item":"https:\/\/www.welovecycling.com\/hu\/"},{"@type":"ListItem","position":2,"name":"T\u00f6rt\u00e9nelem"}]},{"@type":"WebSite","@id":"https:\/\/www.welovecycling.com\/hu\/#website","url":"https:\/\/www.welovecycling.com\/hu\/","name":"\u0160koda We Love Cycling - Magyarorsz\u00e1g","description":"\u0160koda WeLoveCycling","potentialAction":[{"@type":"SearchAction","target":{"@type":"EntryPoint","urlTemplate":"https:\/\/www.welovecycling.com\/hu\/?s={search_term_string}"},"query-input":{"@type":"PropertyValueSpecification","valueRequired":true,"valueName":"search_term_string"}}],"inLanguage":"hu"},{"@type":"Person","@id":"https:\/\/www.welovecycling.com\/hu\/#\/schema\/person\/414a2aebf1801691a5320edb6468e194","name":"hegyizs","image":{"@type":"ImageObject","inLanguage":"hu","@id":"https:\/\/www.welovecycling.com\/hu\/#\/schema\/person\/image\/","url":"https:\/\/secure.gravatar.com\/avatar\/02cf8a7906b8cf90cecb4679defac7cfd33a1c2e3b88e4903d947f3bb58eedd3?s=96&d=mm&r=g","contentUrl":"https:\/\/secure.gravatar.com\/avatar\/02cf8a7906b8cf90cecb4679defac7cfd33a1c2e3b88e4903d947f3bb58eedd3?s=96&d=mm&r=g","caption":"hegyizs"},"url":"https:\/\/www.welovecycling.com\/hu\/author\/hegyizs\/"}]}},"_links":{"self":[{"href":"https:\/\/www.welovecycling.com\/hu\/wp-json\/wp\/v2\/posts\/11116","targetHints":{"allow":["GET"]}}],"collection":[{"href":"https:\/\/www.welovecycling.com\/hu\/wp-json\/wp\/v2\/posts"}],"about":[{"href":"https:\/\/www.welovecycling.com\/hu\/wp-json\/wp\/v2\/types\/post"}],"author":[{"embeddable":true,"href":"https:\/\/www.welovecycling.com\/hu\/wp-json\/wp\/v2\/users\/71"}],"replies":[{"embeddable":true,"href":"https:\/\/www.welovecycling.com\/hu\/wp-json\/wp\/v2\/comments?post=11116"}],"version-history":[{"count":2,"href":"https:\/\/www.welovecycling.com\/hu\/wp-json\/wp\/v2\/posts\/11116\/revisions"}],"predecessor-version":[{"id":14968,"href":"https:\/\/www.welovecycling.com\/hu\/wp-json\/wp\/v2\/posts\/11116\/revisions\/14968"}],"wp:featuredmedia":[{"embeddable":true,"href":"https:\/\/www.welovecycling.com\/hu\/wp-json\/wp\/v2\/media\/14849"}],"wp:attachment":[{"href":"https:\/\/www.welovecycling.com\/hu\/wp-json\/wp\/v2\/media?parent=11116"}],"wp:term":[{"taxonomy":"category","embeddable":true,"href":"https:\/\/www.welovecycling.com\/hu\/wp-json\/wp\/v2\/categories?post=11116"},{"taxonomy":"post_tag","embeddable":true,"href":"https:\/\/www.welovecycling.com\/hu\/wp-json\/wp\/v2\/tags?post=11116"},{"taxonomy":"global-categories","embeddable":true,"href":"https:\/\/www.welovecycling.com\/hu\/wp-json\/wp\/v2\/global-categories?post=11116"}],"curies":[{"name":"wp","href":"https:\/\/api.w.org\/{rel}","templated":true}]}}