{"id":11110,"date":"2021-04-23T12:41:22","date_gmt":"2021-04-23T11:41:22","guid":{"rendered":"https:\/\/www.welovecycling.com\/hu\/?p=11110"},"modified":"2021-04-23T12:48:18","modified_gmt":"2021-04-23T11:48:18","slug":"csapatok","status":"publish","type":"post","link":"https:\/\/www.welovecycling.com\/hu\/tour-de-hongrie\/csapatok\/","title":{"rendered":"Csapatok"},"content":{"rendered":"<p><strong>Id\u00e9n 21 csapat indul a TdH-n, akik igen sz\u00ednes nemzetk\u00f6zi mez\u0151nyt alkotnak. B\u00e1r magyar klub nem szerepel a list\u00e1n, ez nem jelenti azt, hogy senki nem k\u00e9pviseli az anyaorsz\u00e1got.<\/strong><!--more--><\/p>\n<h3><strong>Trek-Segafredo (World Team, amerikai)<\/strong><\/h3>\n<p>Az amerikai topcsapat tavaly is sok izgalmat hozott a versenybe: a junior vil\u00e1gbajnok Quinn Simmons Valter Attil\u00e1val versenyzett a gy\u0151zelem\u00e9rt. Emellett a sprintszakaszokon t\u00f6bbsz\u00f6r is k\u00f6zel j\u00e1rtak az els\u0151s\u00e9ghez.<\/p>\n<p>A csapat World Team besorol\u00e1ssal rendelkezik, ami azt jelenti, hogy az UCI (Nemzetk\u00f6zi Ker\u00e9kp\u00e1ros-sz\u00f6vets\u00e9g) legmagasabb kateg\u00f3ri\u00e1j\u00e1ban, a World Tour versenyeken is rajthoz \u00e1llhatnak. Ilyen p\u00e9ld\u00e1ul a Tour de France, a Liege-Bastogne-Liege vagy a Giro\u2019d Italia is.<\/p>\n<h3><strong>Team BikeExchange (World Team, ausztr\u00e1l)<\/strong><\/h3>\n<p>A leger\u0151sebb ausztr\u00e1l ker\u00e9kp\u00e1ros klub tavaly m\u00e9g Mitchelton-Scott n\u00e9ven szerepelt a versenyen, m\u00e9ghozz\u00e1 igen eml\u00e9kezetesen. A csapat sprintere, Kaden Groves az els\u0151 \u00e9s a harmadik szakaszon is m\u00e1sodik lett, \u00e9s k\u00e9t napon \u00e1t \u0151 vezette az \u00f6sszes\u00edtett versenyt, \u00edgy hordhatta a s\u00e1rga trik\u00f3t. Az utols\u00f3 szakaszon Damien Howson ker\u00fclt k\u00f6zel a gy\u0151zelemhez, azonban a hajr\u00e1ban nem tudta tartani a temp\u00f3t, \u00edgy harmadik lett az \u00f6sszetett versenyben.<\/p>\n<p>A BikeExchange tagja a magyar Pe\u00e1k Barnab\u00e1s, aki tavaly is nagyban hozz\u00e1j\u00e1rult Groves sikereihez, \u00e9s aki 2017-ben m\u00e1sodik lett az \u00f6sszetettben. Ekkor m\u00e9g csak 19 \u00e9ves volt. Az\u00f3ta megnyerte a magyar bajnoks\u00e1got orsz\u00e1g\u00faton \u00e9s az egy\u00e9ni id\u0151futamban is, illetve szakaszt nyert a Normandiai K\u00f6rversenyen is. Biztosan id\u00e9n is kem\u00e9ny munk\u00e1val fogja seg\u00edteni csapatt\u00e1rsait, \u00e9s Valter Attila t\u00e1volmarad\u00e1s\u00e1val k\u00f6nnyen megszerezheti a feh\u00e9r trik\u00f3t is, mely a legjobb magyar versenyz\u0151nek j\u00e1r.<\/p>\n<p>Pe\u00e1k mellett a keret tagja a kor\u00e1bbi Vuelta-gy\u0151ztes Simon Yates, illetve a nyolcszoros Grand Tour-szakaszgy\u0151ztes Michael Matthews is.<\/p>\n<h3><strong>Team Jumbo-Visma (World Team, holland)<\/strong><\/h3>\n<p>A szint\u00e9n World Team Jumbo-Visma tavaly a csapatverseny gy\u0151ztese volt, de az \u00f6sszetett versenyben nem tudtak beker\u00fclni a legjobbak k\u00f6z\u00e9. A csapat legnagyobb szt\u00e1rjai k\u00f6z\u00e9 tartozik a h\u00e1romhetesmen\u0151 Primoz Roglic, a vil\u00e1gklasszis sprinter Dylan Groenewegen, illetve a Mil\u00e1n\u00f3-Sanremo, Strade Bianche \u00e9s Amstel-gy\u0151ztes Wout van Aert is.<\/p>\n<h3><strong>Israel Start-Up Nation (World Team, izraeli)<\/strong><\/h3>\n<p>Az izraeli World Team legismertebb neve egy\u00e9rtelm\u0171en a n\u00e9gyszeres Tour de France-gy\u0151ztes Chris Froome, akinek azonban s\u00falyos balesete \u00f3ta m\u00e9g nem siker\u00fclt visszat\u00e9rnie r\u00e9gi form\u00e1j\u00e1hoz.<\/p>\n<p>A csapat 2016-ban szerepelt el\u0151sz\u00f6r a Tour de Hongrie-n \u2013 akkor Mihkel R\u00e4im meg is nyerte az \u00f6sszetett versenyt. H\u00e1rom \u00e9vvel k\u00e9s\u0151bb ism\u00e9t remekeltek, ekkor Krists Neilands szerezte meg az els\u0151 helyez\u00e9st. Vajon id\u00e9n mennyire ker\u00fclnek k\u00f6zel a s\u00e1rga mezhez?<\/p>\n<h3><strong>Astana-Premier Tech (World Team, kazah)<\/strong><\/h3>\n<p>A kazah csapat imm\u00e1r nyolc Grand Tour-gy\u0151zelemmel b\u00fcszk\u00e9lkedhet, \u00e9s minden \u00e9vben rengeteg kisebb-nagyobb versenyt nyernek meg. A tavalyi premier a TdH-n sajnos elmaradt, ann\u00e1l jobban v\u00e1rjuk, hogy id\u00e9n rajthoz \u00e1lljon a Jakob Fuglsangot is a soraiban tud\u00f3 Astana!<\/p>\n<h3><strong>Bahrain-Victorious (World Team, bahreini)<\/strong><\/h3>\n<p>Bahrein WorldTour csapata rengeteg nagy gy\u0151zelmet tudhat a h\u00e1ta m\u00f6g\u00f6tt, \u00e9s b\u00e1r nagy \u00e1talakul\u00e1son ment \u00e1t, 2020-ra olyan nagy\u00e1gy\u00fak ker\u00fcltek be soraiba, mint a Liege\u2013Bastogne\u2013Liege gy\u0151ztes holland Wout Poels \u00e9s a spanyol Mikel Landa. A Bahrain id\u00e9n el\u0151sz\u00f6r vesz r\u00e9szt a magyar versenyen, van azonban a csapatban egy ismer\u0151s arc: szlov\u00e9n Jan Tratnik nyerte a 2015-\u00f6s Tour de Hongrie budapesti befut\u00f3j\u00e1t, es elvitte a pontverseny legjobbj\u00e1nak j\u00e1r\u00f3 z\u00f6ld trik\u00f3t is.<\/p>\n<h3><strong>BORA-hansgrohe (World Team, n\u00e9met)<\/strong><\/h3>\n<p>A Sagan n\u00e9v mindenkinek ismer\u0151s, m\u00e9g ha id\u00e9n m\u00e1sik arc is t\u00e1rsul majd hozz\u00e1. A BORA id\u00e9n rajthoz \u00e1llhat a h\u00e1romszoros vil\u00e1gbajnok Peter \u00f6ccse, a szlov\u00e1k bajnok Juraj! A klub 2017 \u00f3ta World Team, a klasszikusok mellett pedig legink\u00e1bb a sprintekben \u00e9rdekelt: Sagan mellett t\u00f6bbek k\u00f6z\u00f6tt Pascal Ackermann is a keret tagja.<\/p>\n<h3><strong>EOLO-Kometa (Pro Team, olasz)<\/strong><\/h3>\n<p>2018-ban szakaszgy\u0151zelemmel nyitotta meg a klub a TdH-val val\u00f3 kapcsolat\u00e1t Matteo Moschetti r\u00e9v\u00e9n. Id\u00e9n k\u00e9t magyar versenyz\u0151vel \u00e1llhatnak majd rajthoz: Dina M\u00e1rton \u00e9s Fetter Erik egyar\u00e1nt \u00edg\u00e9retes tehets\u00e9gek. Marci egy Tour de Hongrie \u00f6sszetett m\u00e1sodik helyez\u00e9ssel tette le a n\u00e9vjegy\u00e9t 2019-ben, Erik pedig tavaly a Tour de l\u2019Ain nyit\u00f3napj\u00e1n sprintelt egy\u00fctt Rogli\u010d\u00e9kkal.<\/p>\n<h3><strong>Team Novo Nordisk (Pro Team, amerikai)<\/strong><\/h3>\n<p>Szint\u00e9n egy kiv\u00e1l\u00f3 magyar ker\u00e9kp\u00e1rossal \u00e9rkezik a Nova Nordisk: Kusztor P\u00e9ter a csapat rangid\u0151s tagjak\u00e9nt \u00e1llhat rajthoz. Tavaly David Lozano nagyon k\u00f6zel j\u00e1rt ahhoz, hogy hegyi trik\u00f3val z\u00e1rja a viadalt \u2013 v\u00e9g\u00fcl m\u00e1sodik lett Valter Attila m\u00f6g\u00f6tt.<\/p>\n<p>A csapat k\u00fcl\u00f6nlegess\u00e9ge, hogy csak cukorbeteg ker\u00e9kp\u00e1rosokb\u00f3l \u00e1ll: \u00edgy szeretn\u00e9k inspir\u00e1lni \u00e9s b\u00edztatni a betegs\u00e9ggel k\u00fczd\u0151ket.<\/p>\n<h3><strong>Androni Giocattoli-Sidermec (Pro Team, olasz)<\/strong><\/h3>\n<p>Az olasz csapat h\u00e1rom \u00e9vvel ezel\u0151tt megszerezte az \u00f6sszetett \u00e9s a pontverseny els\u0151 hely\u00e9t is. Manuel Belletti \u2013 aki id\u00e9n m\u00e1r az EOLO-Kometa sz\u00edneiben versenyez \u2013 ezt k\u00f6vet\u0151en 2019-ben is begy\u0171jt\u00f6tte a z\u00f6ld trik\u00f3t, tavaly pedig az olasz Luca Pacioni szerepelt a legjobban: a hajd\u00faszoboszl\u00f3i befut\u00f3n\u00e1l harmadik lett, a pontversenyben pedig a hatodik helyen z\u00e1rt.<\/p>\n<p>Tavaly a csapat egy magyar versenyz\u0151t is igazolt: Pelik\u00e1n J\u00e1nos r\u00e9v\u00e9n egy kor\u00e1bbi orsz\u00e1gos bajnokkal gazdagodtak az olaszok. Id\u00e9n a szlov\u00e9n Ziga Jerman is csatlakozott az egy\u00fctteshez, aki 2017-ben megnyerte a Tour de Hongrie si\u00f3foki befut\u00f3j\u00e1t.<\/p>\n<h3><strong>Sport Vlaanderen-Baloise (Pro Team, belga)<\/strong><\/h3>\n<p>A belga csapat m\u00e1sodik alkalommal \u00e1ll rajthoz a Magyar K\u00f6rversenyen. A klub a tavalyi Tour de Hongrie-n a negyedik szakaszon \u00e1llt a legk\u00f6zelebb a dobog\u00f3t \u00e9r\u0151 eredm\u00e9nyhez: a kazincbarcikai befut\u00f3n\u00e1l Sasha Weemaes a negyedik helyen haladt \u00e1t a c\u00e9lvonalon.<\/p>\n<h3><strong>Caja Rural-Seguros-RGA (Pro Team, spanyol)<\/strong><\/h3>\n<p>A spanyol csapat j\u00f3l szerepelt n\u00e1lunk tavaly: a sprinter Jon Aberasturi megnyerte az els\u0151 szakaszt, a s\u00e1rga mezt pedig a harmadik etap v\u00e9g\u00e9ig viselte. Id\u00e9n m\u00e1sodszorra \u00e1llnak majd rajthoz a Tour de Hongrie-n.<\/p>\n<h3><strong>Gazprom-RusVelo (Pro Team, orosz)<\/strong><\/h3>\n<p>Az orosz csapat id\u00e9n deb\u00fct\u00e1l a TdH-n, miut\u00e1n tavaly sajnos a j\u00e1rv\u00e1nyhelyzet megakad\u00e1lyozta \u0151ket ebben. A 2020-as \u00e9v nem volt a legszerencs\u00e9sebb a klub sz\u00e1m\u00e1ra, azonban id\u00e9n \u00fajult er\u0151vel \u00e9s \u00faj csapattagokkal v\u00e1gtak bele a szezonba. A klubot er\u0151s\u00edti a kor\u00e1bbi Vuelta-dobog\u00f3s Ilnur Zakarin \u00e9s a veter\u00e1n cseh klasszis, Roman Kreuziger is.<\/p>\n<h3><strong>Uno-X Pro Cycling Team (Pro Team, norv\u00e9g)<\/strong><\/h3>\n<p>Norv\u00e9gia legjobbjai m\u00e1r a tavaly k\u00f6rversenyen is j\u00f3l szerepeltek, id\u00e9n pedig a kor\u00e1bbi U23-s vil\u00e1gbajnok Kristoffer Halvorsen \u00e9s a 2017-es norv\u00e9g bajnok Rasmus Tiller is csatlakozott a csapathoz. K\u00edv\u00e1ncsian v\u00e1rjuk, hogyan teljes\u00edtenek id\u00e9n!<\/p>\n<h3><strong>Vini Zabu (Pro Team, olasz)<\/strong><\/h3>\n<p>A tavalyi h\u00e1romszoros Tour de Hongrie-szakaszgy\u0151ztes Jakub Mareczko \u00faj csapata is itt lesz vel\u00fcnk id\u00e9n! Az olasz versenyz\u0151 2020-ban \u2013 m\u00e9g Valter Attila csapatt\u00e1rsak\u00e9nt &#8211; k\u00f6nnyed\u00e9n szerezte meg a z\u00f6ld trik\u00f3t.<\/p>\n<h3><strong>Bingoal Pauwels Sauces WB (Pro Team, belga)<\/strong><\/h3>\n<p>Laurens Huys tavaly a kir\u00e1lyetap v\u00e9g\u00e9ig harcolt a dobog\u00f3\u00e9rt \u2013 v\u00e9g\u00fcl a 8. helyen z\u00e1rt a Bingoal els\u0151 Tour de Hongrie-szerepl\u00e9s\u00e9n. B\u00e1r a klub legink\u00e1bb az egynaposokon jeleskedik, ez\u00fattal a sprintekben is sz\u00e1molni kell majd vel\u00fck.<\/p>\n<h3><strong>Mazowsze Serce Polski (Continental Team, lengyel)<\/strong><\/h3>\n<p>A vil\u00e1g egyik leger\u0151sebb kontinent\u00e1lis besorol\u00e1s\u00fa csapata is rajthoz \u00e1ll az idei Tour de Hongrie-n! A lengyelek keret\u00e9ben t\u00f6bb ismer\u0151s arccal is tal\u00e1lkozhatunk: a csapatot er\u0151s\u00edti a kor\u00e1bbi \u00f6sszetett gy\u0151ztes Mihkel R\u00e4im, illetve a 2018-ban top 10-es Adrian Kurek is. Orsz\u00e1g\u00faton a Banaszek-fiv\u00e9rek k\u00f6z\u00fcl Alan \u00e9s Norbert is igaz\u00e1n er\u0151s, Daniel Staniszewskit pedig az olimpi\u00e1n is viszontl\u00e1thatjuk majd.<\/p>\n<h3><strong>Adria Mobil (Continental Team, szlov\u00e9n)<\/strong><\/h3>\n<p>Szlov\u00e9nia leger\u0151sebb klubja id\u00e9n m\u00e1r harmadszorra vesz r\u00e9szt a Magyar K\u00f6rversenyen \u2013 ez\u00fattal kiz\u00e1r\u00f3lag hazai ker\u00e9kp\u00e1rosokkal. A klub olyan szt\u00e1rokat nevelt ki az ut\u00f3bbi \u00e9vekben, mint Primoz Roglic, Janez Brajkovic r\u00e9v\u00e9n pedig tavaly is siker\u00fclt egy top 10-es \u00f6sszetett helyez\u00e9st el\u00e9rni\u00fck.<\/p>\n<h3><strong>Giotti Victoria \u2013 Savini Due (Continental Team, rom\u00e1n)<\/strong><\/h3>\n<p>Rom\u00e1nia leger\u0151sebb sor\u00e1ban t\u00f6bb magyar\u00e9rt is szor\u00edthatunk majd: az aktu\u00e1lis magyar bajnok Filut\u00e1s Viktor mellett Szarka Gergely is ott lehet a si\u00f3foki rajtn\u00e1l. Mellett\u00fck a kor\u00e1bbi Giro-szakaszgy\u0151ztes sprinterre, Andrea Guardinire is \u00e9rdemes lesz figyelni.<\/p>\n<h3><strong>Voster ATS Team (Continental Team, lengyel)<\/strong><\/h3>\n<p>Egy m\u00e1sik rendk\u00edv\u00fcl eredm\u00e9nyes lengyel csapat is ott lesz az idei versenyen: a WorldTour mez\u0151nyben is komoly sikereket el\u00e9r\u0151 Maciej Paterski, a kiv\u00e1l\u00f3 \u00f6sszetettmen\u0151 Pawel Cieslik vagy a Visegr\u00e1di N\u00e9gyek Egynapos\u00e1n kor\u00e1bban gy\u0151zedelmesked\u0151 Pawel Franczak egyar\u00e1nt garant\u00e1lhatj\u00e1k a klub remek teljes\u00edtm\u00e9ny\u00e9t.<\/p>\n<h3><strong>Magyar nemzeti v\u00e1logatott<\/strong><\/h3>\n<p>V\u00e9g\u00fcl, de nem utols\u00f3 sorban nem szabad sz\u00f3 n\u00e9lk\u00fcl elmenn\u00fcnk a magyar v\u00e1logatott el\u0151tt. D\u00e9r Zsolt fiai f\u0151leg a sz\u00f6k\u00e9sekben lehetnek \u00e9rdekeltek, de ki tudja \u2013 tal\u00e1n id\u00e9n egy \u00faj tehets\u00e9g is felt\u0171nik majd a piros mezben\u2026<\/p>\n","protected":false},"excerpt":{"rendered":"<p>Id\u00e9n 21 csapat indul a TdH-n, akik igen sz\u00ednes nemzetk\u00f6zi mez\u0151nyt alkotnak. B\u00e1r magyar klub nem szerepel a list\u00e1n, ez [&hellip;]<\/p>\n","protected":false},"author":71,"featured_media":11106,"comment_status":"open","ping_status":"open","sticky":false,"template":"","format":"standard","meta":{"footnotes":""},"categories":[462],"tags":[],"global-categories":[419],"class_list":["post-11110","post","type-post","status-publish","format-standard","has-post-thumbnail","hentry","category-tour-de-hongrie","global-categories-cycling"],"yoast_head":"<!-- This site is optimized with the Yoast SEO Premium plugin v25.3 (Yoast SEO v25.9) - https:\/\/yoast.com\/wordpress\/plugins\/seo\/ -->\n<title>Csapatok - \u0160koda We Love Cycling - Magyarorsz\u00e1g<\/title>\n<meta name=\"description\" content=\"Id\u00e9n 21 csapat indul a TdH-n, akik igen sz\u00ednes nemzetk\u00f6zi mez\u0151nyt alkotnak. B\u00e1r magyar klub nem szerepel a list\u00e1n, ez nem jelenti azt, hogy senki nem k\u00e9pviseli az anyaorsz\u00e1got.\" \/>\n<meta name=\"robots\" content=\"index, follow, max-snippet:-1, max-image-preview:large, max-video-preview:-1\" \/>\n<link rel=\"canonical\" href=\"https:\/\/www.welovecycling.com\/hu\/tour-de-hongrie\/csapatok\/\" \/>\n<meta property=\"og:locale\" content=\"hu_HU\" \/>\n<meta property=\"og:type\" content=\"article\" \/>\n<meta property=\"og:title\" content=\"Csapatok\" \/>\n<meta property=\"og:description\" content=\"Id\u00e9n 21 csapat indul a TdH-n, akik igen sz\u00ednes nemzetk\u00f6zi mez\u0151nyt alkotnak. B\u00e1r magyar klub nem szerepel a list\u00e1n, ez nem jelenti azt, hogy senki nem k\u00e9pviseli az anyaorsz\u00e1got.\" \/>\n<meta property=\"og:url\" content=\"https:\/\/www.welovecycling.com\/hu\/tour-de-hongrie\/csapatok\/\" \/>\n<meta property=\"og:site_name\" content=\"\u0160koda We Love Cycling - Magyarorsz\u00e1g\" \/>\n<meta property=\"article:publisher\" content=\"https:\/\/www.facebook.com\/WeLoveCyclingHungary\/\" \/>\n<meta property=\"article:published_time\" content=\"2021-04-23T11:41:22+00:00\" \/>\n<meta property=\"article:modified_time\" content=\"2021-04-23T11:48:18+00:00\" \/>\n<meta property=\"og:image\" content=\"https:\/\/d2p6e6u75xmxt8.cloudfront.net\/12\/2021\/04\/WL007_tour_de_hongrie_header_1380x600-1.jpg\" \/>\n\t<meta property=\"og:image:width\" content=\"1380\" \/>\n\t<meta property=\"og:image:height\" content=\"600\" \/>\n\t<meta property=\"og:image:type\" content=\"image\/jpeg\" \/>\n<meta name=\"author\" content=\"hegyizs\" \/>\n<meta name=\"twitter:card\" content=\"summary_large_image\" \/>\n<meta name=\"twitter:label1\" content=\"Written by\" \/>\n\t<meta name=\"twitter:data1\" content=\"WLC\" \/>\n\t<meta name=\"twitter:label2\" content=\"Est. reading time\" \/>\n\t<meta name=\"twitter:data2\" content=\"8 minutes\" \/>\n<script type=\"application\/ld+json\" class=\"yoast-schema-graph\">{\"@context\":\"https:\/\/schema.org\",\"@graph\":[{\"@type\":\"WebPage\",\"@id\":\"https:\/\/www.welovecycling.com\/hu\/tour-de-hongrie\/csapatok\/\",\"url\":\"https:\/\/www.welovecycling.com\/hu\/tour-de-hongrie\/csapatok\/\",\"name\":\"Csapatok - \u0160koda We Love Cycling - Magyarorsz\u00e1g\",\"isPartOf\":{\"@id\":\"https:\/\/www.welovecycling.com\/hu\/#website\"},\"primaryImageOfPage\":{\"@id\":\"https:\/\/www.welovecycling.com\/hu\/tour-de-hongrie\/csapatok\/#primaryimage\"},\"image\":{\"@id\":\"https:\/\/www.welovecycling.com\/hu\/tour-de-hongrie\/csapatok\/#primaryimage\"},\"thumbnailUrl\":\"https:\/\/d2p6e6u75xmxt8.cloudfront.net\/12\/2021\/04\/WL007_tour_de_hongrie_header_1380x600-1.jpg\",\"datePublished\":\"2021-04-23T11:41:22+00:00\",\"dateModified\":\"2021-04-23T11:48:18+00:00\",\"author\":{\"@id\":\"https:\/\/www.welovecycling.com\/hu\/#\/schema\/person\/414a2aebf1801691a5320edb6468e194\"},\"description\":\"Id\u00e9n 21 csapat indul a TdH-n, akik igen sz\u00ednes nemzetk\u00f6zi mez\u0151nyt alkotnak. B\u00e1r magyar klub nem szerepel a list\u00e1n, ez nem jelenti azt, hogy senki nem k\u00e9pviseli az anyaorsz\u00e1got.\",\"breadcrumb\":{\"@id\":\"https:\/\/www.welovecycling.com\/hu\/tour-de-hongrie\/csapatok\/#breadcrumb\"},\"inLanguage\":\"hu\",\"potentialAction\":[{\"@type\":\"ReadAction\",\"target\":[\"https:\/\/www.welovecycling.com\/hu\/tour-de-hongrie\/csapatok\/\"]}]},{\"@type\":\"ImageObject\",\"inLanguage\":\"hu\",\"@id\":\"https:\/\/www.welovecycling.com\/hu\/tour-de-hongrie\/csapatok\/#primaryimage\",\"url\":\"https:\/\/d2p6e6u75xmxt8.cloudfront.net\/12\/2021\/04\/WL007_tour_de_hongrie_header_1380x600-1.jpg\",\"contentUrl\":\"https:\/\/d2p6e6u75xmxt8.cloudfront.net\/12\/2021\/04\/WL007_tour_de_hongrie_header_1380x600-1.jpg\",\"width\":1380,\"height\":600},{\"@type\":\"BreadcrumbList\",\"@id\":\"https:\/\/www.welovecycling.com\/hu\/tour-de-hongrie\/csapatok\/#breadcrumb\",\"itemListElement\":[{\"@type\":\"ListItem\",\"position\":1,\"name\":\"Home\",\"item\":\"https:\/\/www.welovecycling.com\/hu\/\"},{\"@type\":\"ListItem\",\"position\":2,\"name\":\"Csapatok\"}]},{\"@type\":\"WebSite\",\"@id\":\"https:\/\/www.welovecycling.com\/hu\/#website\",\"url\":\"https:\/\/www.welovecycling.com\/hu\/\",\"name\":\"\u0160koda We Love Cycling - Magyarorsz\u00e1g\",\"description\":\"\u0160koda WeLoveCycling\",\"potentialAction\":[{\"@type\":\"SearchAction\",\"target\":{\"@type\":\"EntryPoint\",\"urlTemplate\":\"https:\/\/www.welovecycling.com\/hu\/?s={search_term_string}\"},\"query-input\":{\"@type\":\"PropertyValueSpecification\",\"valueRequired\":true,\"valueName\":\"search_term_string\"}}],\"inLanguage\":\"hu\"},{\"@type\":\"Person\",\"@id\":\"https:\/\/www.welovecycling.com\/hu\/#\/schema\/person\/414a2aebf1801691a5320edb6468e194\",\"name\":\"hegyizs\",\"image\":{\"@type\":\"ImageObject\",\"inLanguage\":\"hu\",\"@id\":\"https:\/\/www.welovecycling.com\/hu\/#\/schema\/person\/image\/\",\"url\":\"https:\/\/secure.gravatar.com\/avatar\/02cf8a7906b8cf90cecb4679defac7cfd33a1c2e3b88e4903d947f3bb58eedd3?s=96&d=mm&r=g\",\"contentUrl\":\"https:\/\/secure.gravatar.com\/avatar\/02cf8a7906b8cf90cecb4679defac7cfd33a1c2e3b88e4903d947f3bb58eedd3?s=96&d=mm&r=g\",\"caption\":\"hegyizs\"},\"url\":\"https:\/\/www.welovecycling.com\/hu\/author\/hegyizs\/\"}]}<\/script>\n<!-- \/ Yoast SEO Premium plugin. -->","yoast_head_json":{"title":"Csapatok - \u0160koda We Love Cycling - Magyarorsz\u00e1g","description":"Id\u00e9n 21 csapat indul a TdH-n, akik igen sz\u00ednes nemzetk\u00f6zi mez\u0151nyt alkotnak. B\u00e1r magyar klub nem szerepel a list\u00e1n, ez nem jelenti azt, hogy senki nem k\u00e9pviseli az anyaorsz\u00e1got.","robots":{"index":"index","follow":"follow","max-snippet":"max-snippet:-1","max-image-preview":"max-image-preview:large","max-video-preview":"max-video-preview:-1"},"canonical":"https:\/\/www.welovecycling.com\/hu\/tour-de-hongrie\/csapatok\/","og_locale":"hu_HU","og_type":"article","og_title":"Csapatok","og_description":"Id\u00e9n 21 csapat indul a TdH-n, akik igen sz\u00ednes nemzetk\u00f6zi mez\u0151nyt alkotnak. B\u00e1r magyar klub nem szerepel a list\u00e1n, ez nem jelenti azt, hogy senki nem k\u00e9pviseli az anyaorsz\u00e1got.","og_url":"https:\/\/www.welovecycling.com\/hu\/tour-de-hongrie\/csapatok\/","og_site_name":"\u0160koda We Love Cycling - Magyarorsz\u00e1g","article_publisher":"https:\/\/www.facebook.com\/WeLoveCyclingHungary\/","article_published_time":"2021-04-23T11:41:22+00:00","article_modified_time":"2021-04-23T11:48:18+00:00","og_image":[{"width":1380,"height":600,"url":"https:\/\/d2p6e6u75xmxt8.cloudfront.net\/12\/2021\/04\/WL007_tour_de_hongrie_header_1380x600-1.jpg","type":"image\/jpeg"}],"author":"hegyizs","twitter_card":"summary_large_image","twitter_misc":{"Written by":"WLC","Est. reading time":"8 minutes"},"schema":{"@context":"https:\/\/schema.org","@graph":[{"@type":"WebPage","@id":"https:\/\/www.welovecycling.com\/hu\/tour-de-hongrie\/csapatok\/","url":"https:\/\/www.welovecycling.com\/hu\/tour-de-hongrie\/csapatok\/","name":"Csapatok - \u0160koda We Love Cycling - Magyarorsz\u00e1g","isPartOf":{"@id":"https:\/\/www.welovecycling.com\/hu\/#website"},"primaryImageOfPage":{"@id":"https:\/\/www.welovecycling.com\/hu\/tour-de-hongrie\/csapatok\/#primaryimage"},"image":{"@id":"https:\/\/www.welovecycling.com\/hu\/tour-de-hongrie\/csapatok\/#primaryimage"},"thumbnailUrl":"https:\/\/d2p6e6u75xmxt8.cloudfront.net\/12\/2021\/04\/WL007_tour_de_hongrie_header_1380x600-1.jpg","datePublished":"2021-04-23T11:41:22+00:00","dateModified":"2021-04-23T11:48:18+00:00","author":{"@id":"https:\/\/www.welovecycling.com\/hu\/#\/schema\/person\/414a2aebf1801691a5320edb6468e194"},"description":"Id\u00e9n 21 csapat indul a TdH-n, akik igen sz\u00ednes nemzetk\u00f6zi mez\u0151nyt alkotnak. B\u00e1r magyar klub nem szerepel a list\u00e1n, ez nem jelenti azt, hogy senki nem k\u00e9pviseli az anyaorsz\u00e1got.","breadcrumb":{"@id":"https:\/\/www.welovecycling.com\/hu\/tour-de-hongrie\/csapatok\/#breadcrumb"},"inLanguage":"hu","potentialAction":[{"@type":"ReadAction","target":["https:\/\/www.welovecycling.com\/hu\/tour-de-hongrie\/csapatok\/"]}]},{"@type":"ImageObject","inLanguage":"hu","@id":"https:\/\/www.welovecycling.com\/hu\/tour-de-hongrie\/csapatok\/#primaryimage","url":"https:\/\/d2p6e6u75xmxt8.cloudfront.net\/12\/2021\/04\/WL007_tour_de_hongrie_header_1380x600-1.jpg","contentUrl":"https:\/\/d2p6e6u75xmxt8.cloudfront.net\/12\/2021\/04\/WL007_tour_de_hongrie_header_1380x600-1.jpg","width":1380,"height":600},{"@type":"BreadcrumbList","@id":"https:\/\/www.welovecycling.com\/hu\/tour-de-hongrie\/csapatok\/#breadcrumb","itemListElement":[{"@type":"ListItem","position":1,"name":"Home","item":"https:\/\/www.welovecycling.com\/hu\/"},{"@type":"ListItem","position":2,"name":"Csapatok"}]},{"@type":"WebSite","@id":"https:\/\/www.welovecycling.com\/hu\/#website","url":"https:\/\/www.welovecycling.com\/hu\/","name":"\u0160koda We Love Cycling - Magyarorsz\u00e1g","description":"\u0160koda WeLoveCycling","potentialAction":[{"@type":"SearchAction","target":{"@type":"EntryPoint","urlTemplate":"https:\/\/www.welovecycling.com\/hu\/?s={search_term_string}"},"query-input":{"@type":"PropertyValueSpecification","valueRequired":true,"valueName":"search_term_string"}}],"inLanguage":"hu"},{"@type":"Person","@id":"https:\/\/www.welovecycling.com\/hu\/#\/schema\/person\/414a2aebf1801691a5320edb6468e194","name":"hegyizs","image":{"@type":"ImageObject","inLanguage":"hu","@id":"https:\/\/www.welovecycling.com\/hu\/#\/schema\/person\/image\/","url":"https:\/\/secure.gravatar.com\/avatar\/02cf8a7906b8cf90cecb4679defac7cfd33a1c2e3b88e4903d947f3bb58eedd3?s=96&d=mm&r=g","contentUrl":"https:\/\/secure.gravatar.com\/avatar\/02cf8a7906b8cf90cecb4679defac7cfd33a1c2e3b88e4903d947f3bb58eedd3?s=96&d=mm&r=g","caption":"hegyizs"},"url":"https:\/\/www.welovecycling.com\/hu\/author\/hegyizs\/"}]}},"_links":{"self":[{"href":"https:\/\/www.welovecycling.com\/hu\/wp-json\/wp\/v2\/posts\/11110","targetHints":{"allow":["GET"]}}],"collection":[{"href":"https:\/\/www.welovecycling.com\/hu\/wp-json\/wp\/v2\/posts"}],"about":[{"href":"https:\/\/www.welovecycling.com\/hu\/wp-json\/wp\/v2\/types\/post"}],"author":[{"embeddable":true,"href":"https:\/\/www.welovecycling.com\/hu\/wp-json\/wp\/v2\/users\/71"}],"replies":[{"embeddable":true,"href":"https:\/\/www.welovecycling.com\/hu\/wp-json\/wp\/v2\/comments?post=11110"}],"version-history":[{"count":1,"href":"https:\/\/www.welovecycling.com\/hu\/wp-json\/wp\/v2\/posts\/11110\/revisions"}],"predecessor-version":[{"id":11111,"href":"https:\/\/www.welovecycling.com\/hu\/wp-json\/wp\/v2\/posts\/11110\/revisions\/11111"}],"wp:featuredmedia":[{"embeddable":true,"href":"https:\/\/www.welovecycling.com\/hu\/wp-json\/wp\/v2\/media\/11106"}],"wp:attachment":[{"href":"https:\/\/www.welovecycling.com\/hu\/wp-json\/wp\/v2\/media?parent=11110"}],"wp:term":[{"taxonomy":"category","embeddable":true,"href":"https:\/\/www.welovecycling.com\/hu\/wp-json\/wp\/v2\/categories?post=11110"},{"taxonomy":"post_tag","embeddable":true,"href":"https:\/\/www.welovecycling.com\/hu\/wp-json\/wp\/v2\/tags?post=11110"},{"taxonomy":"global-categories","embeddable":true,"href":"https:\/\/www.welovecycling.com\/hu\/wp-json\/wp\/v2\/global-categories?post=11110"}],"curies":[{"name":"wp","href":"https:\/\/api.w.org\/{rel}","templated":true}]}}