{"id":11102,"date":"2021-04-23T12:33:56","date_gmt":"2021-04-23T11:33:56","guid":{"rendered":"https:\/\/www.welovecycling.com\/hu\/?p=11102"},"modified":"2021-04-23T12:42:55","modified_gmt":"2021-04-23T11:42:55","slug":"szakaszok","status":"publish","type":"post","link":"https:\/\/www.welovecycling.com\/hu\/tour-de-hongrie\/szakaszok\/","title":{"rendered":"Szakaszok"},"content":{"rendered":"<p><strong>A Tour de Hongrie egy, az eg\u00e9sz orsz\u00e1gon \u00e1t\u00edvel\u0151 verseny: Si\u00f3fokr\u00f3l indul \u00e9s Budapesten \u00e9r v\u00e9get. \u00d6t szakaszb\u00f3l (etapb\u00f3l) \u00e1ll, \u00f6sszesen 7954 m\u00e9teres szintemelked\u00e9ssel. A verseny \u00f6t napig tart, mindegyik napra jut egy szakasz. A teljes t\u00e1v 794 km.<\/strong><!--more--><\/p>\n<p><img loading=\"lazy\" decoding=\"async\" class=\"aligncenter size-large wp-image-11103\" src=\"https:\/\/d2p6e6u75xmxt8.cloudfront.net\/12\/2021\/04\/tdh2021terkep-1024x636.jpg\" alt=\"\" width=\"1024\" height=\"636\" srcset=\"https:\/\/d2p6e6u75xmxt8.cloudfront.net\/12\/2021\/04\/tdh2021terkep-1024x636.jpg 1024w, https:\/\/d2p6e6u75xmxt8.cloudfront.net\/12\/2021\/04\/tdh2021terkep-300x186.jpg 300w, https:\/\/d2p6e6u75xmxt8.cloudfront.net\/12\/2021\/04\/tdh2021terkep-768x477.jpg 768w, https:\/\/d2p6e6u75xmxt8.cloudfront.net\/12\/2021\/04\/tdh2021terkep-1536x954.jpg 1536w, https:\/\/d2p6e6u75xmxt8.cloudfront.net\/12\/2021\/04\/tdh2021terkep-2048x1272.jpg 2048w, https:\/\/d2p6e6u75xmxt8.cloudfront.net\/12\/2021\/04\/tdh2021terkep-1920x1193.jpg 1920w, https:\/\/d2p6e6u75xmxt8.cloudfront.net\/12\/2021\/04\/tdh2021terkep-1920x1193.jpg 1920w\" sizes=\"auto, (max-width: 1024px) 100vw, 1024px\" \/><\/p>\n<h3><strong>1. szakasz: Si\u00f3fok \u2013 Kaposv\u00e1r, m\u00e1jus 12.<\/strong><\/h3>\n<p>A verseny els\u0151 szakasz\u00e1n a Balaton partj\u00e1n haladnak a versenyz\u0151k, majd Balatonf\u00f6ldv\u00e1ron ir\u00e1nyt v\u00e1ltva megc\u00e9lozz\u00e1k az etap legmagasabb pontj\u00e1t Igalon. A harmadik kateg\u00f3ri\u00e1s emelked\u0151 mellett h\u00e1rom r\u00e9szhajr\u00e1t is mag\u00e1ba foglal a verseny els\u0151 napja. \u00d6sszesen 1280 m\u00e9ter szintemelked\u00e9st kell megtenni\u00fck az indul\u00f3knak 173 km alatt. V\u00e1rhat\u00f3an k\u00f6r\u00fclbel\u00fcl n\u00e9gy \u00f3ra alatt jut majd el a mez\u0151ny Kaposv\u00e1r belv\u00e1ros\u00e1ba.<\/p>\n<h3><strong>2. szakasz: Balatonf\u00fcred \u2013 Nagykanizsa, m\u00e1jus 13.<\/strong><\/h3>\n<p>A m\u00e1sodik szakasz 183 km hossz\u00fa, 1648 m\u00e9ternyi szintemelked\u00e9ssel. A mez\u0151ny Balatonf\u00fcredr\u0151l indul, majd t\u00f6bbek k\u00f6z\u00f6tt Badacsonyon, S\u00fcmegen, H\u00e9v\u00edzen \u00e9s Zalakaroson \u00e1thaladva \u00e9rkezik meg Nagykanizs\u00e1ra, k\u00f6r\u00fclbel\u00fcl n\u00e9gy \u00e9s f\u00e9l \u00f3r\u00e1val k\u00e9s\u0151bb. A k\u00e9t legnehezebb emelked\u0151 Balatonsz\u0151l\u00f6s\u00f6n \u00e9s Vig\u00e1ntpetenden v\u00e1rja \u0151ket, a sprinterek pedig h\u00e1rom gyorsas\u00e1gi r\u00e9szen gy\u0171jthetnek extra pontokat.<\/p>\n<h3><strong>3. szakasz: Veszpr\u00e9m \u2013 Tata, m\u00e1jus 14.<\/strong><\/h3>\n<p>A harmadik napon 142 km-t kell letekerni\u00fck a versenyz\u0151knek, 1585 m\u00e9ternyi szintemelked\u00e9ssel. A mez\u0151ny Tat\u00e1r\u00f3l indul, Pannonhalm\u00e1n \u00e9s H\u00e1rsk\u00faton a hegyi trik\u00f3\u00e9rt harcol\u00f3k szerezhetnek pontokat, Oroszl\u00e1nyban \u00e9s Zircen pedig a leggyorsabbaknak j\u00e1r a jutalom. A szakasz Veszpr\u00e9mben \u00e9r v\u00e9get.<\/p>\n<h3><strong>4. szakasz: Balassagyarmat \u2013 Gy\u00f6ngy\u00f6s-K\u00e9kestet\u0151, m\u00e1jus 15.<\/strong><\/h3>\n<p>Ne felejts\u00fck el, hogy a mez\u0151ny m\u00e1r negyedik napja teker, mire eljut a legnehezebb szakaszhoz: a 204 km-es etap a K\u00e9kestet\u0151re vezet fel. \u00d6sszesen 3221 m\u00e9terrel kell megk\u00fczdeni\u00fck a versenyz\u0151knek, ami m\u00e9g gomb\u00f3cb\u00f3l is sok. Ezen a napon d\u0151lhet el a s\u00e1rga trik\u00f3 sorsa.<\/p>\n<h3><strong>5. szakasz: Budapest, m\u00e1jus 16.<\/strong><\/h3>\n<p>N\u00e9gynapos orsz\u00e1gj\u00e1r\u00e1s ut\u00e1n \u00e9rkezik meg a karav\u00e1n a f\u0151v\u00e1rosba, pontosabban a H\u0151s\u00f6k ter\u00e9re, ami annyira leny\u0171g\u00f6z\u0151, hogy a V\u00e1rosligettel \u00e9s a Pusk\u00e1s Ar\u00e9n\u00e1val egy\u00fctt 12-szer is k\u00f6rbetekerik. A verseny 92 kilom\u00e9teres utols\u00f3 etapja a sprintereknek kedvez: h\u00e1rom gyorsas\u00e1gi r\u00e9szhajr\u00e1n gy\u0171jthetnek pontokat, illetve a szakaszgy\u0151zelem\u00e9rt is \u0151k csat\u00e1zhatnak majd.<\/p>\n<p>Ha szeretn\u00e9l m\u00e9g t\u00f6bbet meg tudni a szakaszokr\u00f3l, l\u00e1togass el <a href=\"https:\/\/www.tourdehongrie.hu\/szakaszok2020\">a Tour de Hongrie weboldal\u00e1ra<\/a>!<\/p>\n","protected":false},"excerpt":{"rendered":"<p>A Tour de Hongrie egy, az eg\u00e9sz orsz\u00e1gon \u00e1t\u00edvel\u0151 verseny: Si\u00f3fokr\u00f3l indul \u00e9s Budapesten \u00e9r v\u00e9get. \u00d6t szakaszb\u00f3l (etapb\u00f3l) \u00e1ll, [&hellip;]<\/p>\n","protected":false},"author":71,"featured_media":11106,"comment_status":"open","ping_status":"open","sticky":false,"template":"","format":"standard","meta":{"footnotes":""},"categories":[462],"tags":[],"global-categories":[419],"class_list":["post-11102","post","type-post","status-publish","format-standard","has-post-thumbnail","hentry","category-tour-de-hongrie","global-categories-cycling"],"yoast_head":"<!-- This site is optimized with the Yoast SEO Premium plugin v25.3 (Yoast SEO v25.9) - https:\/\/yoast.com\/wordpress\/plugins\/seo\/ -->\n<title>Szakaszok - \u0160koda We Love Cycling - Magyarorsz\u00e1g<\/title>\n<meta name=\"description\" content=\"A Tour de Hongrie egy, az eg\u00e9sz orsz\u00e1gon \u00e1t\u00edvel\u0151 verseny: Si\u00f3fokr\u00f3l indul \u00e9s Budapesten \u00e9r v\u00e9get. \u00d6t szakaszb\u00f3l (etapb\u00f3l) \u00e1ll, \u00f6sszesen 7954 m\u00e9teres szintemelked\u00e9ssel. A verseny \u00f6t napig tart, mindegyik napra jut egy szakasz. A teljes t\u00e1v 794 km.\" \/>\n<meta name=\"robots\" content=\"index, follow, max-snippet:-1, max-image-preview:large, max-video-preview:-1\" \/>\n<link rel=\"canonical\" href=\"https:\/\/www.welovecycling.com\/hu\/tour-de-hongrie\/szakaszok\/\" \/>\n<meta property=\"og:locale\" content=\"hu_HU\" \/>\n<meta property=\"og:type\" content=\"article\" \/>\n<meta property=\"og:title\" content=\"Szakaszok\" \/>\n<meta property=\"og:description\" content=\"A Tour de Hongrie egy, az eg\u00e9sz orsz\u00e1gon \u00e1t\u00edvel\u0151 verseny: Si\u00f3fokr\u00f3l indul \u00e9s Budapesten \u00e9r v\u00e9get. \u00d6t szakaszb\u00f3l (etapb\u00f3l) \u00e1ll, \u00f6sszesen 7954 m\u00e9teres szintemelked\u00e9ssel. A verseny \u00f6t napig tart, mindegyik napra jut egy szakasz. A teljes t\u00e1v 794 km.\" \/>\n<meta property=\"og:url\" content=\"https:\/\/www.welovecycling.com\/hu\/tour-de-hongrie\/szakaszok\/\" \/>\n<meta property=\"og:site_name\" content=\"\u0160koda We Love Cycling - Magyarorsz\u00e1g\" \/>\n<meta property=\"article:publisher\" content=\"https:\/\/www.facebook.com\/WeLoveCyclingHungary\/\" \/>\n<meta property=\"article:published_time\" content=\"2021-04-23T11:33:56+00:00\" \/>\n<meta property=\"article:modified_time\" content=\"2021-04-23T11:42:55+00:00\" \/>\n<meta property=\"og:image\" content=\"https:\/\/d2p6e6u75xmxt8.cloudfront.net\/12\/2021\/04\/WL007_tour_de_hongrie_header_1380x600-1.jpg\" \/>\n\t<meta property=\"og:image:width\" content=\"1380\" \/>\n\t<meta property=\"og:image:height\" content=\"600\" \/>\n\t<meta property=\"og:image:type\" content=\"image\/jpeg\" \/>\n<meta name=\"author\" content=\"hegyizs\" \/>\n<meta name=\"twitter:card\" content=\"summary_large_image\" \/>\n<meta name=\"twitter:label1\" content=\"Written by\" \/>\n\t<meta name=\"twitter:data1\" content=\"WLC\" \/>\n\t<meta name=\"twitter:label2\" content=\"Est. reading time\" \/>\n\t<meta name=\"twitter:data2\" content=\"2 minutes\" \/>\n<script type=\"application\/ld+json\" class=\"yoast-schema-graph\">{\"@context\":\"https:\/\/schema.org\",\"@graph\":[{\"@type\":\"WebPage\",\"@id\":\"https:\/\/www.welovecycling.com\/hu\/tour-de-hongrie\/szakaszok\/\",\"url\":\"https:\/\/www.welovecycling.com\/hu\/tour-de-hongrie\/szakaszok\/\",\"name\":\"Szakaszok - \u0160koda We Love Cycling - Magyarorsz\u00e1g\",\"isPartOf\":{\"@id\":\"https:\/\/www.welovecycling.com\/hu\/#website\"},\"primaryImageOfPage\":{\"@id\":\"https:\/\/www.welovecycling.com\/hu\/tour-de-hongrie\/szakaszok\/#primaryimage\"},\"image\":{\"@id\":\"https:\/\/www.welovecycling.com\/hu\/tour-de-hongrie\/szakaszok\/#primaryimage\"},\"thumbnailUrl\":\"https:\/\/d2p6e6u75xmxt8.cloudfront.net\/12\/2021\/04\/WL007_tour_de_hongrie_header_1380x600-1.jpg\",\"datePublished\":\"2021-04-23T11:33:56+00:00\",\"dateModified\":\"2021-04-23T11:42:55+00:00\",\"author\":{\"@id\":\"https:\/\/www.welovecycling.com\/hu\/#\/schema\/person\/414a2aebf1801691a5320edb6468e194\"},\"description\":\"A Tour de Hongrie egy, az eg\u00e9sz orsz\u00e1gon \u00e1t\u00edvel\u0151 verseny: Si\u00f3fokr\u00f3l indul \u00e9s Budapesten \u00e9r v\u00e9get. \u00d6t szakaszb\u00f3l (etapb\u00f3l) \u00e1ll, \u00f6sszesen 7954 m\u00e9teres szintemelked\u00e9ssel. A verseny \u00f6t napig tart, mindegyik napra jut egy szakasz. A teljes t\u00e1v 794 km.\",\"breadcrumb\":{\"@id\":\"https:\/\/www.welovecycling.com\/hu\/tour-de-hongrie\/szakaszok\/#breadcrumb\"},\"inLanguage\":\"hu\",\"potentialAction\":[{\"@type\":\"ReadAction\",\"target\":[\"https:\/\/www.welovecycling.com\/hu\/tour-de-hongrie\/szakaszok\/\"]}]},{\"@type\":\"ImageObject\",\"inLanguage\":\"hu\",\"@id\":\"https:\/\/www.welovecycling.com\/hu\/tour-de-hongrie\/szakaszok\/#primaryimage\",\"url\":\"https:\/\/d2p6e6u75xmxt8.cloudfront.net\/12\/2021\/04\/WL007_tour_de_hongrie_header_1380x600-1.jpg\",\"contentUrl\":\"https:\/\/d2p6e6u75xmxt8.cloudfront.net\/12\/2021\/04\/WL007_tour_de_hongrie_header_1380x600-1.jpg\",\"width\":1380,\"height\":600},{\"@type\":\"BreadcrumbList\",\"@id\":\"https:\/\/www.welovecycling.com\/hu\/tour-de-hongrie\/szakaszok\/#breadcrumb\",\"itemListElement\":[{\"@type\":\"ListItem\",\"position\":1,\"name\":\"Home\",\"item\":\"https:\/\/www.welovecycling.com\/hu\/\"},{\"@type\":\"ListItem\",\"position\":2,\"name\":\"Szakaszok\"}]},{\"@type\":\"WebSite\",\"@id\":\"https:\/\/www.welovecycling.com\/hu\/#website\",\"url\":\"https:\/\/www.welovecycling.com\/hu\/\",\"name\":\"\u0160koda We Love Cycling - Magyarorsz\u00e1g\",\"description\":\"\u0160koda WeLoveCycling\",\"potentialAction\":[{\"@type\":\"SearchAction\",\"target\":{\"@type\":\"EntryPoint\",\"urlTemplate\":\"https:\/\/www.welovecycling.com\/hu\/?s={search_term_string}\"},\"query-input\":{\"@type\":\"PropertyValueSpecification\",\"valueRequired\":true,\"valueName\":\"search_term_string\"}}],\"inLanguage\":\"hu\"},{\"@type\":\"Person\",\"@id\":\"https:\/\/www.welovecycling.com\/hu\/#\/schema\/person\/414a2aebf1801691a5320edb6468e194\",\"name\":\"hegyizs\",\"image\":{\"@type\":\"ImageObject\",\"inLanguage\":\"hu\",\"@id\":\"https:\/\/www.welovecycling.com\/hu\/#\/schema\/person\/image\/\",\"url\":\"https:\/\/secure.gravatar.com\/avatar\/02cf8a7906b8cf90cecb4679defac7cfd33a1c2e3b88e4903d947f3bb58eedd3?s=96&d=mm&r=g\",\"contentUrl\":\"https:\/\/secure.gravatar.com\/avatar\/02cf8a7906b8cf90cecb4679defac7cfd33a1c2e3b88e4903d947f3bb58eedd3?s=96&d=mm&r=g\",\"caption\":\"hegyizs\"},\"url\":\"https:\/\/www.welovecycling.com\/hu\/author\/hegyizs\/\"}]}<\/script>\n<!-- \/ Yoast SEO Premium plugin. -->","yoast_head_json":{"title":"Szakaszok - \u0160koda We Love Cycling - Magyarorsz\u00e1g","description":"A Tour de Hongrie egy, az eg\u00e9sz orsz\u00e1gon \u00e1t\u00edvel\u0151 verseny: Si\u00f3fokr\u00f3l indul \u00e9s Budapesten \u00e9r v\u00e9get. \u00d6t szakaszb\u00f3l (etapb\u00f3l) \u00e1ll, \u00f6sszesen 7954 m\u00e9teres szintemelked\u00e9ssel. A verseny \u00f6t napig tart, mindegyik napra jut egy szakasz. A teljes t\u00e1v 794 km.","robots":{"index":"index","follow":"follow","max-snippet":"max-snippet:-1","max-image-preview":"max-image-preview:large","max-video-preview":"max-video-preview:-1"},"canonical":"https:\/\/www.welovecycling.com\/hu\/tour-de-hongrie\/szakaszok\/","og_locale":"hu_HU","og_type":"article","og_title":"Szakaszok","og_description":"A Tour de Hongrie egy, az eg\u00e9sz orsz\u00e1gon \u00e1t\u00edvel\u0151 verseny: Si\u00f3fokr\u00f3l indul \u00e9s Budapesten \u00e9r v\u00e9get. \u00d6t szakaszb\u00f3l (etapb\u00f3l) \u00e1ll, \u00f6sszesen 7954 m\u00e9teres szintemelked\u00e9ssel. A verseny \u00f6t napig tart, mindegyik napra jut egy szakasz. A teljes t\u00e1v 794 km.","og_url":"https:\/\/www.welovecycling.com\/hu\/tour-de-hongrie\/szakaszok\/","og_site_name":"\u0160koda We Love Cycling - Magyarorsz\u00e1g","article_publisher":"https:\/\/www.facebook.com\/WeLoveCyclingHungary\/","article_published_time":"2021-04-23T11:33:56+00:00","article_modified_time":"2021-04-23T11:42:55+00:00","og_image":[{"width":1380,"height":600,"url":"https:\/\/d2p6e6u75xmxt8.cloudfront.net\/12\/2021\/04\/WL007_tour_de_hongrie_header_1380x600-1.jpg","type":"image\/jpeg"}],"author":"hegyizs","twitter_card":"summary_large_image","twitter_misc":{"Written by":"WLC","Est. reading time":"2 minutes"},"schema":{"@context":"https:\/\/schema.org","@graph":[{"@type":"WebPage","@id":"https:\/\/www.welovecycling.com\/hu\/tour-de-hongrie\/szakaszok\/","url":"https:\/\/www.welovecycling.com\/hu\/tour-de-hongrie\/szakaszok\/","name":"Szakaszok - \u0160koda We Love Cycling - Magyarorsz\u00e1g","isPartOf":{"@id":"https:\/\/www.welovecycling.com\/hu\/#website"},"primaryImageOfPage":{"@id":"https:\/\/www.welovecycling.com\/hu\/tour-de-hongrie\/szakaszok\/#primaryimage"},"image":{"@id":"https:\/\/www.welovecycling.com\/hu\/tour-de-hongrie\/szakaszok\/#primaryimage"},"thumbnailUrl":"https:\/\/d2p6e6u75xmxt8.cloudfront.net\/12\/2021\/04\/WL007_tour_de_hongrie_header_1380x600-1.jpg","datePublished":"2021-04-23T11:33:56+00:00","dateModified":"2021-04-23T11:42:55+00:00","author":{"@id":"https:\/\/www.welovecycling.com\/hu\/#\/schema\/person\/414a2aebf1801691a5320edb6468e194"},"description":"A Tour de Hongrie egy, az eg\u00e9sz orsz\u00e1gon \u00e1t\u00edvel\u0151 verseny: Si\u00f3fokr\u00f3l indul \u00e9s Budapesten \u00e9r v\u00e9get. \u00d6t szakaszb\u00f3l (etapb\u00f3l) \u00e1ll, \u00f6sszesen 7954 m\u00e9teres szintemelked\u00e9ssel. A verseny \u00f6t napig tart, mindegyik napra jut egy szakasz. A teljes t\u00e1v 794 km.","breadcrumb":{"@id":"https:\/\/www.welovecycling.com\/hu\/tour-de-hongrie\/szakaszok\/#breadcrumb"},"inLanguage":"hu","potentialAction":[{"@type":"ReadAction","target":["https:\/\/www.welovecycling.com\/hu\/tour-de-hongrie\/szakaszok\/"]}]},{"@type":"ImageObject","inLanguage":"hu","@id":"https:\/\/www.welovecycling.com\/hu\/tour-de-hongrie\/szakaszok\/#primaryimage","url":"https:\/\/d2p6e6u75xmxt8.cloudfront.net\/12\/2021\/04\/WL007_tour_de_hongrie_header_1380x600-1.jpg","contentUrl":"https:\/\/d2p6e6u75xmxt8.cloudfront.net\/12\/2021\/04\/WL007_tour_de_hongrie_header_1380x600-1.jpg","width":1380,"height":600},{"@type":"BreadcrumbList","@id":"https:\/\/www.welovecycling.com\/hu\/tour-de-hongrie\/szakaszok\/#breadcrumb","itemListElement":[{"@type":"ListItem","position":1,"name":"Home","item":"https:\/\/www.welovecycling.com\/hu\/"},{"@type":"ListItem","position":2,"name":"Szakaszok"}]},{"@type":"WebSite","@id":"https:\/\/www.welovecycling.com\/hu\/#website","url":"https:\/\/www.welovecycling.com\/hu\/","name":"\u0160koda We Love Cycling - Magyarorsz\u00e1g","description":"\u0160koda WeLoveCycling","potentialAction":[{"@type":"SearchAction","target":{"@type":"EntryPoint","urlTemplate":"https:\/\/www.welovecycling.com\/hu\/?s={search_term_string}"},"query-input":{"@type":"PropertyValueSpecification","valueRequired":true,"valueName":"search_term_string"}}],"inLanguage":"hu"},{"@type":"Person","@id":"https:\/\/www.welovecycling.com\/hu\/#\/schema\/person\/414a2aebf1801691a5320edb6468e194","name":"hegyizs","image":{"@type":"ImageObject","inLanguage":"hu","@id":"https:\/\/www.welovecycling.com\/hu\/#\/schema\/person\/image\/","url":"https:\/\/secure.gravatar.com\/avatar\/02cf8a7906b8cf90cecb4679defac7cfd33a1c2e3b88e4903d947f3bb58eedd3?s=96&d=mm&r=g","contentUrl":"https:\/\/secure.gravatar.com\/avatar\/02cf8a7906b8cf90cecb4679defac7cfd33a1c2e3b88e4903d947f3bb58eedd3?s=96&d=mm&r=g","caption":"hegyizs"},"url":"https:\/\/www.welovecycling.com\/hu\/author\/hegyizs\/"}]}},"_links":{"self":[{"href":"https:\/\/www.welovecycling.com\/hu\/wp-json\/wp\/v2\/posts\/11102","targetHints":{"allow":["GET"]}}],"collection":[{"href":"https:\/\/www.welovecycling.com\/hu\/wp-json\/wp\/v2\/posts"}],"about":[{"href":"https:\/\/www.welovecycling.com\/hu\/wp-json\/wp\/v2\/types\/post"}],"author":[{"embeddable":true,"href":"https:\/\/www.welovecycling.com\/hu\/wp-json\/wp\/v2\/users\/71"}],"replies":[{"embeddable":true,"href":"https:\/\/www.welovecycling.com\/hu\/wp-json\/wp\/v2\/comments?post=11102"}],"version-history":[{"count":2,"href":"https:\/\/www.welovecycling.com\/hu\/wp-json\/wp\/v2\/posts\/11102\/revisions"}],"predecessor-version":[{"id":11112,"href":"https:\/\/www.welovecycling.com\/hu\/wp-json\/wp\/v2\/posts\/11102\/revisions\/11112"}],"wp:featuredmedia":[{"embeddable":true,"href":"https:\/\/www.welovecycling.com\/hu\/wp-json\/wp\/v2\/media\/11106"}],"wp:attachment":[{"href":"https:\/\/www.welovecycling.com\/hu\/wp-json\/wp\/v2\/media?parent=11102"}],"wp:term":[{"taxonomy":"category","embeddable":true,"href":"https:\/\/www.welovecycling.com\/hu\/wp-json\/wp\/v2\/categories?post=11102"},{"taxonomy":"post_tag","embeddable":true,"href":"https:\/\/www.welovecycling.com\/hu\/wp-json\/wp\/v2\/tags?post=11102"},{"taxonomy":"global-categories","embeddable":true,"href":"https:\/\/www.welovecycling.com\/hu\/wp-json\/wp\/v2\/global-categories?post=11102"}],"curies":[{"name":"wp","href":"https:\/\/api.w.org\/{rel}","templated":true}]}}