{"id":1105,"date":"2018-07-06T12:13:49","date_gmt":"2018-07-06T12:13:49","guid":{"rendered":"https:\/\/www.welovecycling.com\/hu\/?p=1105"},"modified":"2018-07-06T12:54:50","modified_gmt":"2018-07-06T12:54:50","slug":"a-legelso-tour-de-france","status":"publish","type":"post","link":"https:\/\/www.welovecycling.com\/hu\/tour-de-france\/a-legelso-tour-de-france\/","title":{"rendered":"18 fot\u00f3 a legels\u0151 Tour de France-r\u00f3l"},"content":{"rendered":"<p><strong>A Tour de France-t 1903-ban alap\u00edtott\u00e1k a mai L\u2019\u00c9quipe \u00fajs\u00e1g el\u0151dj\u00e9nek sz\u00e1m\u00edt\u00f3 L\u2019Auto rekl\u00e1moz\u00e1s\u00e1ra. A ma m\u00e1r k\u00e9ts\u00e9gtelen\u00fcl a vil\u00e1g legnagyobb ker\u00e9kp\u00e1ros \u00fcnnep\u00e9nek sz\u00e1m\u00edt\u00f3 esem\u00e9ny k\u00f6r\u00fcl a 20. sz\u00e1zad elej\u00e9n m\u00e9g messze nem volt ekkora felhajt\u00e1s.<\/strong><\/p>\n<p><strong>A verseny ekkor m\u00e9g csup\u00e1n hat szakaszb\u00f3l \u00e1llt, de ez a hat rendk\u00edv\u00fcl hossz\u00fa volt, egyenk\u00e9nt \u00e1tlagosan t\u00f6bb mint 400 kilom\u00e9tert \u00f6leltek \u00e1t. A versenyz\u0151knek ez\u00e9rt 1-3 napot pihenni\u00fck kellett a hossz\u00fa etapok k\u00f6z\u00f6tt, \u00e9s az eg\u00e9sz Tour j\u00falius 1-t\u0151l 19-ig tartott. A szakaszok majdnem teljesen s\u00edk terepen futottak, csak egyben volt jelent\u0151sebb hegymenet.<\/strong><\/p>\n<p><!--more--><\/p>\n<h2>Ilyen volt az els\u0151 Tour de France<\/h2>\n<p>Az al\u00e1bbi f\u00e9nyk\u00e9peken a kiemelked\u0151 ker\u00e9kp\u00e1ros esem\u00e9ny elej\u00e9t\u0151l kezdve utol\u00e9rhet\u0151 az ut\u00e1nozhatatlan hangulata.<\/p>\n<p><a href=\"https:\/\/d2p6e6u75xmxt8.cloudfront.net\/12\/2018\/07\/18-foto-az-elso-tour-de-francerol-01.jpg\"><img loading=\"lazy\" decoding=\"async\" class=\"alignnone size-full wp-image-1106\" src=\"https:\/\/d2p6e6u75xmxt8.cloudfront.net\/12\/2018\/07\/18-foto-az-elso-tour-de-francerol-01.jpg\" alt=\"tour-de-france-1904\" width=\"640\" height=\"196\" srcset=\"https:\/\/d2p6e6u75xmxt8.cloudfront.net\/12\/2018\/07\/18-foto-az-elso-tour-de-francerol-01.jpg 640w, https:\/\/d2p6e6u75xmxt8.cloudfront.net\/12\/2018\/07\/18-foto-az-elso-tour-de-francerol-01-300x92.jpg 300w\" sizes=\"auto, (max-width: 640px) 100vw, 640px\" \/><\/a><\/p>\n<p><span style=\"font-size: 10pt;\"><em>A versenyz\u0151k felsorakoztak a startvonalhoz. A Tour de France legeslegels\u0151 szakasza.<\/em><\/span><\/p>\n<p><a href=\"https:\/\/d2p6e6u75xmxt8.cloudfront.net\/12\/2018\/07\/18-foto-az-elso-tour-de-francerol-02.jpg\"><img loading=\"lazy\" decoding=\"async\" class=\"alignnone size-full wp-image-1107\" src=\"https:\/\/d2p6e6u75xmxt8.cloudfront.net\/12\/2018\/07\/18-foto-az-elso-tour-de-francerol-02.jpg\" alt=\"tour-de-france-1904\" width=\"640\" height=\"417\" srcset=\"https:\/\/d2p6e6u75xmxt8.cloudfront.net\/12\/2018\/07\/18-foto-az-elso-tour-de-francerol-02.jpg 640w, https:\/\/d2p6e6u75xmxt8.cloudfront.net\/12\/2018\/07\/18-foto-az-elso-tour-de-francerol-02-300x195.jpg 300w\" sizes=\"auto, (max-width: 640px) 100vw, 640px\" \/><\/a><\/p>\n<p><em><span style=\"font-size: 10pt;\">A kulacs \u0151se.<\/span><\/em><\/p>\n<p><a href=\"https:\/\/d2p6e6u75xmxt8.cloudfront.net\/12\/2018\/07\/18-foto-az-elso-tour-de-francerol-03.jpg\"><img loading=\"lazy\" decoding=\"async\" class=\"alignnone size-full wp-image-1108\" src=\"https:\/\/d2p6e6u75xmxt8.cloudfront.net\/12\/2018\/07\/18-foto-az-elso-tour-de-francerol-03.jpg\" alt=\"tour-de-france-1904\" width=\"640\" height=\"335\" srcset=\"https:\/\/d2p6e6u75xmxt8.cloudfront.net\/12\/2018\/07\/18-foto-az-elso-tour-de-francerol-03.jpg 640w, https:\/\/d2p6e6u75xmxt8.cloudfront.net\/12\/2018\/07\/18-foto-az-elso-tour-de-francerol-03-300x157.jpg 300w\" sizes=\"auto, (max-width: 640px) 100vw, 640px\" \/><\/a><\/p>\n<p><span style=\"font-size: 10pt;\"><em>60 emberes mez\u0151ny.<\/em><\/span><\/p>\n<p><a href=\"https:\/\/d2p6e6u75xmxt8.cloudfront.net\/12\/2018\/07\/18-foto-az-elso-tour-de-francerol-04.jpg\"><img loading=\"lazy\" decoding=\"async\" class=\"alignnone size-full wp-image-1109\" src=\"https:\/\/d2p6e6u75xmxt8.cloudfront.net\/12\/2018\/07\/18-foto-az-elso-tour-de-francerol-04.jpg\" alt=\"tour-de-france-1904\" width=\"640\" height=\"297\" srcset=\"https:\/\/d2p6e6u75xmxt8.cloudfront.net\/12\/2018\/07\/18-foto-az-elso-tour-de-francerol-04.jpg 640w, https:\/\/d2p6e6u75xmxt8.cloudfront.net\/12\/2018\/07\/18-foto-az-elso-tour-de-francerol-04-300x139.jpg 300w\" sizes=\"auto, (max-width: 640px) 100vw, 640px\" \/><\/a><\/p>\n<p><a href=\"https:\/\/d2p6e6u75xmxt8.cloudfront.net\/12\/2018\/07\/18-foto-az-elso-tour-de-francerol-05.jpg\"><img loading=\"lazy\" decoding=\"async\" class=\"alignnone size-full wp-image-1110\" src=\"https:\/\/d2p6e6u75xmxt8.cloudfront.net\/12\/2018\/07\/18-foto-az-elso-tour-de-francerol-05.jpg\" alt=\"tour-de-france-1904\" width=\"640\" height=\"438\" srcset=\"https:\/\/d2p6e6u75xmxt8.cloudfront.net\/12\/2018\/07\/18-foto-az-elso-tour-de-francerol-05.jpg 640w, https:\/\/d2p6e6u75xmxt8.cloudfront.net\/12\/2018\/07\/18-foto-az-elso-tour-de-francerol-05-300x205.jpg 300w\" sizes=\"auto, (max-width: 640px) 100vw, 640px\" \/><\/a><\/p>\n<p><em><span style=\"font-size: 10pt;\">Az els\u0151 szakasz befut\u00f3ja Lyon-ban.<\/span><\/em><\/p>\n<p><a href=\"https:\/\/d2p6e6u75xmxt8.cloudfront.net\/12\/2018\/07\/18-foto-az-elso-tour-de-francerol-06.jpg\"><img loading=\"lazy\" decoding=\"async\" class=\"alignnone size-full wp-image-1111\" src=\"https:\/\/d2p6e6u75xmxt8.cloudfront.net\/12\/2018\/07\/18-foto-az-elso-tour-de-francerol-06.jpg\" alt=\"tour-de-france-1904\" width=\"640\" height=\"571\" srcset=\"https:\/\/d2p6e6u75xmxt8.cloudfront.net\/12\/2018\/07\/18-foto-az-elso-tour-de-francerol-06.jpg 640w, https:\/\/d2p6e6u75xmxt8.cloudfront.net\/12\/2018\/07\/18-foto-az-elso-tour-de-francerol-06-300x268.jpg 300w\" sizes=\"auto, (max-width: 640px) 100vw, 640px\" \/><\/a><\/p>\n<p><span style=\"font-size: 10pt;\"><em>Befut\u00f3 Bordeaux-ban. Ez volt az els\u0151 olyan szakasz, amelyet egy k\u00fclf\u00f6ldi nyert meg \u2013 a sv\u00e1jci Charles Leaser.<\/em><\/span><\/p>\n<p><a href=\"https:\/\/d2p6e6u75xmxt8.cloudfront.net\/12\/2018\/07\/18-foto-az-elso-tour-de-francerol-07.jpg\"><img loading=\"lazy\" decoding=\"async\" class=\"alignnone wp-image-1112 size-full\" src=\"https:\/\/d2p6e6u75xmxt8.cloudfront.net\/12\/2018\/07\/18-foto-az-elso-tour-de-francerol-07.jpg\" alt=\"tour de france\" width=\"640\" height=\"445\" srcset=\"https:\/\/d2p6e6u75xmxt8.cloudfront.net\/12\/2018\/07\/18-foto-az-elso-tour-de-francerol-07.jpg 640w, https:\/\/d2p6e6u75xmxt8.cloudfront.net\/12\/2018\/07\/18-foto-az-elso-tour-de-francerol-07-300x209.jpg 300w\" sizes=\"auto, (max-width: 640px) 100vw, 640px\" \/><\/a><\/p>\n<p><em><span style=\"font-size: 10pt;\">Az 1903-as Tour de France gy\u0151ztese, Maurice Garin, a v\u00e9djegy\u00e9nek sz\u00e1m\u00edt\u00f3 feh\u00e9r kab\u00e1tban \u00e9s micisapk\u00e1ban.<\/span><\/em><\/p>\n<p><a href=\"https:\/\/d2p6e6u75xmxt8.cloudfront.net\/12\/2018\/07\/18-foto-az-elso-tour-de-francerol-08.jpg\"><img loading=\"lazy\" decoding=\"async\" class=\"alignnone wp-image-1113 size-full\" src=\"https:\/\/d2p6e6u75xmxt8.cloudfront.net\/12\/2018\/07\/18-foto-az-elso-tour-de-francerol-08.jpg\" alt=\"tour de france\" width=\"640\" height=\"523\" srcset=\"https:\/\/d2p6e6u75xmxt8.cloudfront.net\/12\/2018\/07\/18-foto-az-elso-tour-de-francerol-08.jpg 640w, https:\/\/d2p6e6u75xmxt8.cloudfront.net\/12\/2018\/07\/18-foto-az-elso-tour-de-francerol-08-300x245.jpg 300w\" sizes=\"auto, (max-width: 640px) 100vw, 640px\" \/><\/a><\/p>\n<p><em><span style=\"font-size: 10pt;\">Maurice Garin a fi\u00e1val.<\/span><\/em><\/p>\n<p><a href=\"https:\/\/d2p6e6u75xmxt8.cloudfront.net\/12\/2018\/07\/18-foto-az-elso-tour-de-francerol-09.jpg\"><img loading=\"lazy\" decoding=\"async\" class=\"alignnone wp-image-1114 size-full\" src=\"https:\/\/d2p6e6u75xmxt8.cloudfront.net\/12\/2018\/07\/18-foto-az-elso-tour-de-francerol-09.jpg\" alt=\"tour de france\" width=\"640\" height=\"808\" srcset=\"https:\/\/d2p6e6u75xmxt8.cloudfront.net\/12\/2018\/07\/18-foto-az-elso-tour-de-francerol-09.jpg 640w, https:\/\/d2p6e6u75xmxt8.cloudfront.net\/12\/2018\/07\/18-foto-az-elso-tour-de-francerol-09-238x300.jpg 238w\" sizes=\"auto, (max-width: 640px) 100vw, 640px\" \/><\/a><\/p>\n<p><span style=\"font-size: 10pt;\"><em>Maurice Garin-t lelkes rajong\u00f3i \u00fcdv\u00f6zlik.<\/em><\/span><\/p>\n<p><a href=\"https:\/\/d2p6e6u75xmxt8.cloudfront.net\/12\/2018\/07\/18-foto-az-elso-tour-de-francerol-10.jpg\"><img loading=\"lazy\" decoding=\"async\" class=\"alignnone wp-image-1115 size-full\" src=\"https:\/\/d2p6e6u75xmxt8.cloudfront.net\/12\/2018\/07\/18-foto-az-elso-tour-de-francerol-10.jpg\" alt=\"tour de france\" width=\"640\" height=\"715\" srcset=\"https:\/\/d2p6e6u75xmxt8.cloudfront.net\/12\/2018\/07\/18-foto-az-elso-tour-de-francerol-10.jpg 640w, https:\/\/d2p6e6u75xmxt8.cloudfront.net\/12\/2018\/07\/18-foto-az-elso-tour-de-francerol-10-269x300.jpg 269w\" sizes=\"auto, (max-width: 640px) 100vw, 640px\" \/><\/a><\/p>\n<p><span style=\"font-size: 10pt;\"><em>Az 1903-as Tour de France gy\u0151ztese, Maurice Garin.<\/em><\/span><\/p>\n<p><a href=\"https:\/\/d2p6e6u75xmxt8.cloudfront.net\/12\/2018\/07\/18-foto-az-elso-tour-de-francerol-11.jpg\"><img loading=\"lazy\" decoding=\"async\" class=\"alignnone wp-image-1116 size-full\" src=\"https:\/\/d2p6e6u75xmxt8.cloudfront.net\/12\/2018\/07\/18-foto-az-elso-tour-de-francerol-11.jpg\" alt=\"tour de france\" width=\"640\" height=\"853\" srcset=\"https:\/\/d2p6e6u75xmxt8.cloudfront.net\/12\/2018\/07\/18-foto-az-elso-tour-de-francerol-11.jpg 640w, https:\/\/d2p6e6u75xmxt8.cloudfront.net\/12\/2018\/07\/18-foto-az-elso-tour-de-francerol-11-225x300.jpg 225w\" sizes=\"auto, (max-width: 640px) 100vw, 640px\" \/><\/a><\/p>\n<p><em><span style=\"font-size: 10pt;\">Az els\u0151 verseny befut\u00f3ja.<\/span><\/em><\/p>\n<p><a href=\"https:\/\/d2p6e6u75xmxt8.cloudfront.net\/12\/2018\/07\/18-foto-az-elso-tour-de-francerol-12.jpg\"><img loading=\"lazy\" decoding=\"async\" class=\"alignnone wp-image-1117 size-full\" src=\"https:\/\/d2p6e6u75xmxt8.cloudfront.net\/12\/2018\/07\/18-foto-az-elso-tour-de-francerol-12.jpg\" alt=\"tour de france\" width=\"640\" height=\"561\" srcset=\"https:\/\/d2p6e6u75xmxt8.cloudfront.net\/12\/2018\/07\/18-foto-az-elso-tour-de-francerol-12.jpg 640w, https:\/\/d2p6e6u75xmxt8.cloudfront.net\/12\/2018\/07\/18-foto-az-elso-tour-de-francerol-12-300x263.jpg 300w\" sizes=\"auto, (max-width: 640px) 100vw, 640px\" \/><\/a><\/p>\n<p><em><span style=\"font-size: 10pt;\">A csal\u00e1sok kik\u00fcsz\u00f6b\u00f6l\u00e9se \u00e9rdek\u00e9ben a versenyz\u0151knek valamennyi szakasz k\u00f6zben meg\u00e1ll\u00f3kon kellett al\u00e1\u00edr\u00e1ssal becsekkolniuk.<\/span><\/em><\/p>\n<p><a href=\"https:\/\/d2p6e6u75xmxt8.cloudfront.net\/12\/2018\/07\/18-foto-az-elso-tour-de-francerol-13.jpg\"><img loading=\"lazy\" decoding=\"async\" class=\"alignnone wp-image-1118 size-full\" src=\"https:\/\/d2p6e6u75xmxt8.cloudfront.net\/12\/2018\/07\/18-foto-az-elso-tour-de-francerol-13.jpg\" alt=\"tour de france\" width=\"640\" height=\"612\" srcset=\"https:\/\/d2p6e6u75xmxt8.cloudfront.net\/12\/2018\/07\/18-foto-az-elso-tour-de-francerol-13.jpg 640w, https:\/\/d2p6e6u75xmxt8.cloudfront.net\/12\/2018\/07\/18-foto-az-elso-tour-de-francerol-13-300x287.jpg 300w\" sizes=\"auto, (max-width: 640px) 100vw, 640px\" \/><\/a><\/p>\n<p><span style=\"font-size: 10pt;\"><em>Lucien Pothier<\/em><\/span><\/p>\n<p><a href=\"https:\/\/d2p6e6u75xmxt8.cloudfront.net\/12\/2018\/07\/18-foto-az-elso-tour-de-francerol-14.jpg\"><img loading=\"lazy\" decoding=\"async\" class=\"alignnone wp-image-1119 size-full\" src=\"https:\/\/d2p6e6u75xmxt8.cloudfront.net\/12\/2018\/07\/18-foto-az-elso-tour-de-francerol-14.jpg\" alt=\"tour de france\" width=\"640\" height=\"913\" srcset=\"https:\/\/d2p6e6u75xmxt8.cloudfront.net\/12\/2018\/07\/18-foto-az-elso-tour-de-francerol-14.jpg 640w, https:\/\/d2p6e6u75xmxt8.cloudfront.net\/12\/2018\/07\/18-foto-az-elso-tour-de-francerol-14-210x300.jpg 210w\" sizes=\"auto, (max-width: 640px) 100vw, 640px\" \/><\/a><\/p>\n<p><em><span style=\"font-size: 10pt;\">Willie Hume<\/span><\/em><\/p>\n<p><a href=\"https:\/\/d2p6e6u75xmxt8.cloudfront.net\/12\/2018\/07\/18-foto-az-elso-tour-de-francerol-15.jpg\"><img loading=\"lazy\" decoding=\"async\" class=\"alignnone wp-image-1120 size-full\" src=\"https:\/\/d2p6e6u75xmxt8.cloudfront.net\/12\/2018\/07\/18-foto-az-elso-tour-de-francerol-15.jpg\" alt=\"tour de france\" width=\"640\" height=\"480\" srcset=\"https:\/\/d2p6e6u75xmxt8.cloudfront.net\/12\/2018\/07\/18-foto-az-elso-tour-de-francerol-15.jpg 640w, https:\/\/d2p6e6u75xmxt8.cloudfront.net\/12\/2018\/07\/18-foto-az-elso-tour-de-francerol-15-300x225.jpg 300w\" sizes=\"auto, (max-width: 640px) 100vw, 640px\" \/><\/a><\/p>\n<p><em><span style=\"font-size: 10pt;\">Fernand Augereau<\/span><\/em><\/p>\n<p><a href=\"https:\/\/d2p6e6u75xmxt8.cloudfront.net\/12\/2018\/07\/18-foto-az-elso-tour-de-francerol-16.jpg\"><img loading=\"lazy\" decoding=\"async\" class=\"alignnone wp-image-1121 size-full\" src=\"https:\/\/d2p6e6u75xmxt8.cloudfront.net\/12\/2018\/07\/18-foto-az-elso-tour-de-francerol-16.jpg\" alt=\"tour de france\" width=\"640\" height=\"789\" srcset=\"https:\/\/d2p6e6u75xmxt8.cloudfront.net\/12\/2018\/07\/18-foto-az-elso-tour-de-francerol-16.jpg 640w, https:\/\/d2p6e6u75xmxt8.cloudfront.net\/12\/2018\/07\/18-foto-az-elso-tour-de-francerol-16-243x300.jpg 243w\" sizes=\"auto, (max-width: 640px) 100vw, 640px\" \/><\/a><\/p>\n<p><em><span style=\"font-size: 10pt;\">Maurice Garin az els\u0151 szakaszon el\u00e9rt gy\u0151zelm\u00e9t k\u00f6vet\u0151en.<\/span><\/em><\/p>\n<p><a href=\"https:\/\/d2p6e6u75xmxt8.cloudfront.net\/12\/2018\/07\/18-foto-az-elso-tour-de-francerol-17.jpg\"><img loading=\"lazy\" decoding=\"async\" class=\"alignnone wp-image-1122 size-full\" src=\"https:\/\/d2p6e6u75xmxt8.cloudfront.net\/12\/2018\/07\/18-foto-az-elso-tour-de-francerol-17.jpg\" alt=\"tour de france\" width=\"640\" height=\"517\" srcset=\"https:\/\/d2p6e6u75xmxt8.cloudfront.net\/12\/2018\/07\/18-foto-az-elso-tour-de-francerol-17.jpg 640w, https:\/\/d2p6e6u75xmxt8.cloudfront.net\/12\/2018\/07\/18-foto-az-elso-tour-de-francerol-17-300x242.jpg 300w\" sizes=\"auto, (max-width: 640px) 100vw, 640px\" \/><\/a><\/p>\n<p><span style=\"font-size: 10pt;\"><em>Marcel Kerff<\/em><\/span><\/p>\n<p>Tetszettek a k\u00e9pek? Ha igen, akkor <a href=\"https:\/\/www.welovecycling.com\/hu\/blog\/10-ikonikus-fenykep-a-tour-de-france-tortenetebol\/\">katt ide<\/a> tov\u00e1bbi 10 ikonikus TDF k\u00e9p\u00e9rt!<\/p>\n","protected":false},"excerpt":{"rendered":"<p>A Tour de France-t 1903-ban alap\u00edtott\u00e1k a mai L\u2019\u00c9quipe \u00fajs\u00e1g el\u0151dj\u00e9nek sz\u00e1m\u00edt\u00f3 L\u2019Auto rekl\u00e1moz\u00e1s\u00e1ra. A ma m\u00e1r k\u00e9ts\u00e9gtelen\u00fcl a vil\u00e1g [&hellip;]<\/p>\n","protected":false},"author":71,"featured_media":1123,"comment_status":"open","ping_status":"open","sticky":false,"template":"","format":"standard","meta":{"footnotes":""},"categories":[96],"tags":[28,27,90,87,82,88,79,93],"global-categories":[],"class_list":["post-1105","post","type-post","status-publish","format-standard","has-post-thumbnail","hentry","category-tour-de-france","tag-kerekpar-blog","tag-kerekpar-magazin","tag-kerekpar-tortenelem","tag-kerekpar-verseny","tag-orszaguti-kerekpar","tag-tdf","tag-tour-de-france","tag-tour-de-france-2018"],"yoast_head":"<!-- This site is optimized with the Yoast SEO Premium plugin v25.3 (Yoast SEO v25.9) - https:\/\/yoast.com\/wordpress\/plugins\/seo\/ -->\n<title>18 fot\u00f3 az els\u0151 Tour de France-r\u00f3l<\/title>\n<meta name=\"description\" content=\"1903-ban indult a Tour de France, a vil\u00e1g legnagyobb orsz\u00e1g\u00fati ker\u00e9kp\u00e1ros versenye. Kattints \u00e9s n\u00e9zd meg az els\u0151 \u00e9vben k\u00e9sz\u00fclt legfontosabb k\u00e9peket!\" \/>\n<meta name=\"robots\" content=\"index, follow, max-snippet:-1, max-image-preview:large, max-video-preview:-1\" \/>\n<link rel=\"canonical\" href=\"https:\/\/www.welovecycling.com\/hu\/tour-de-france\/a-legelso-tour-de-france\/\" \/>\n<meta property=\"og:locale\" content=\"hu_HU\" \/>\n<meta property=\"og:type\" content=\"article\" \/>\n<meta property=\"og:title\" content=\"18 fot\u00f3 a legels\u0151 Tour de France-r\u00f3l\" \/>\n<meta property=\"og:description\" content=\"1903-ban indult a Tour de France, a vil\u00e1g legnagyobb orsz\u00e1g\u00fati ker\u00e9kp\u00e1ros versenye. Kattints \u00e9s n\u00e9zd meg az els\u0151 \u00e9vben k\u00e9sz\u00fclt legfontosabb k\u00e9peket!\" \/>\n<meta property=\"og:url\" content=\"https:\/\/www.welovecycling.com\/hu\/tour-de-france\/a-legelso-tour-de-france\/\" \/>\n<meta property=\"og:site_name\" content=\"\u0160koda We Love Cycling - Magyarorsz\u00e1g\" \/>\n<meta property=\"article:publisher\" content=\"https:\/\/www.facebook.com\/WeLoveCyclingHungary\/\" \/>\n<meta property=\"article:published_time\" content=\"2018-07-06T12:13:49+00:00\" \/>\n<meta property=\"article:modified_time\" content=\"2018-07-06T12:54:50+00:00\" \/>\n<meta property=\"og:image\" content=\"https:\/\/d2p6e6u75xmxt8.cloudfront.net\/12\/2018\/07\/18-foto-az-elso-tour-de-francerol-cover.jpg\" \/>\n\t<meta property=\"og:image:width\" content=\"1375\" \/>\n\t<meta property=\"og:image:height\" content=\"600\" \/>\n\t<meta property=\"og:image:type\" content=\"image\/jpeg\" \/>\n<meta name=\"author\" content=\"hegyizs\" \/>\n<meta name=\"twitter:card\" content=\"summary_large_image\" \/>\n<meta name=\"twitter:label1\" content=\"Written by\" \/>\n\t<meta name=\"twitter:data1\" content=\"hegyizs\" \/>\n\t<meta name=\"twitter:label2\" content=\"Est. reading time\" \/>\n\t<meta name=\"twitter:data2\" content=\"2 minutes\" \/>\n<script type=\"application\/ld+json\" class=\"yoast-schema-graph\">{\"@context\":\"https:\/\/schema.org\",\"@graph\":[{\"@type\":\"WebPage\",\"@id\":\"https:\/\/www.welovecycling.com\/hu\/tour-de-france\/a-legelso-tour-de-france\/\",\"url\":\"https:\/\/www.welovecycling.com\/hu\/tour-de-france\/a-legelso-tour-de-france\/\",\"name\":\"18 fot\u00f3 az els\u0151 Tour de France-r\u00f3l\",\"isPartOf\":{\"@id\":\"https:\/\/www.welovecycling.com\/hu\/#website\"},\"primaryImageOfPage\":{\"@id\":\"https:\/\/www.welovecycling.com\/hu\/tour-de-france\/a-legelso-tour-de-france\/#primaryimage\"},\"image\":{\"@id\":\"https:\/\/www.welovecycling.com\/hu\/tour-de-france\/a-legelso-tour-de-france\/#primaryimage\"},\"thumbnailUrl\":\"https:\/\/d2p6e6u75xmxt8.cloudfront.net\/12\/2018\/07\/18-foto-az-elso-tour-de-francerol-cover.jpg\",\"datePublished\":\"2018-07-06T12:13:49+00:00\",\"dateModified\":\"2018-07-06T12:54:50+00:00\",\"author\":{\"@id\":\"https:\/\/www.welovecycling.com\/hu\/#\/schema\/person\/414a2aebf1801691a5320edb6468e194\"},\"description\":\"1903-ban indult a Tour de France, a vil\u00e1g legnagyobb orsz\u00e1g\u00fati ker\u00e9kp\u00e1ros versenye. Kattints \u00e9s n\u00e9zd meg az els\u0151 \u00e9vben k\u00e9sz\u00fclt legfontosabb k\u00e9peket!\",\"breadcrumb\":{\"@id\":\"https:\/\/www.welovecycling.com\/hu\/tour-de-france\/a-legelso-tour-de-france\/#breadcrumb\"},\"inLanguage\":\"hu\",\"potentialAction\":[{\"@type\":\"ReadAction\",\"target\":[\"https:\/\/www.welovecycling.com\/hu\/tour-de-france\/a-legelso-tour-de-france\/\"]}]},{\"@type\":\"ImageObject\",\"inLanguage\":\"hu\",\"@id\":\"https:\/\/www.welovecycling.com\/hu\/tour-de-france\/a-legelso-tour-de-france\/#primaryimage\",\"url\":\"https:\/\/d2p6e6u75xmxt8.cloudfront.net\/12\/2018\/07\/18-foto-az-elso-tour-de-francerol-cover.jpg\",\"contentUrl\":\"https:\/\/d2p6e6u75xmxt8.cloudfront.net\/12\/2018\/07\/18-foto-az-elso-tour-de-francerol-cover.jpg\",\"width\":1375,\"height\":600},{\"@type\":\"BreadcrumbList\",\"@id\":\"https:\/\/www.welovecycling.com\/hu\/tour-de-france\/a-legelso-tour-de-france\/#breadcrumb\",\"itemListElement\":[{\"@type\":\"ListItem\",\"position\":1,\"name\":\"Home\",\"item\":\"https:\/\/www.welovecycling.com\/hu\/\"},{\"@type\":\"ListItem\",\"position\":2,\"name\":\"18 fot\u00f3 a legels\u0151 Tour de France-r\u00f3l\"}]},{\"@type\":\"WebSite\",\"@id\":\"https:\/\/www.welovecycling.com\/hu\/#website\",\"url\":\"https:\/\/www.welovecycling.com\/hu\/\",\"name\":\"\u0160koda We Love Cycling - Magyarorsz\u00e1g\",\"description\":\"\u0160koda WeLoveCycling\",\"potentialAction\":[{\"@type\":\"SearchAction\",\"target\":{\"@type\":\"EntryPoint\",\"urlTemplate\":\"https:\/\/www.welovecycling.com\/hu\/?s={search_term_string}\"},\"query-input\":{\"@type\":\"PropertyValueSpecification\",\"valueRequired\":true,\"valueName\":\"search_term_string\"}}],\"inLanguage\":\"hu\"},{\"@type\":\"Person\",\"@id\":\"https:\/\/www.welovecycling.com\/hu\/#\/schema\/person\/414a2aebf1801691a5320edb6468e194\",\"name\":\"hegyizs\",\"image\":{\"@type\":\"ImageObject\",\"inLanguage\":\"hu\",\"@id\":\"https:\/\/www.welovecycling.com\/hu\/#\/schema\/person\/image\/\",\"url\":\"https:\/\/secure.gravatar.com\/avatar\/02cf8a7906b8cf90cecb4679defac7cfd33a1c2e3b88e4903d947f3bb58eedd3?s=96&d=mm&r=g\",\"contentUrl\":\"https:\/\/secure.gravatar.com\/avatar\/02cf8a7906b8cf90cecb4679defac7cfd33a1c2e3b88e4903d947f3bb58eedd3?s=96&d=mm&r=g\",\"caption\":\"hegyizs\"},\"url\":\"https:\/\/www.welovecycling.com\/hu\/author\/hegyizs\/\"}]}<\/script>\n<!-- \/ Yoast SEO Premium plugin. -->","yoast_head_json":{"title":"18 fot\u00f3 az els\u0151 Tour de France-r\u00f3l","description":"1903-ban indult a Tour de France, a vil\u00e1g legnagyobb orsz\u00e1g\u00fati ker\u00e9kp\u00e1ros versenye. Kattints \u00e9s n\u00e9zd meg az els\u0151 \u00e9vben k\u00e9sz\u00fclt legfontosabb k\u00e9peket!","robots":{"index":"index","follow":"follow","max-snippet":"max-snippet:-1","max-image-preview":"max-image-preview:large","max-video-preview":"max-video-preview:-1"},"canonical":"https:\/\/www.welovecycling.com\/hu\/tour-de-france\/a-legelso-tour-de-france\/","og_locale":"hu_HU","og_type":"article","og_title":"18 fot\u00f3 a legels\u0151 Tour de France-r\u00f3l","og_description":"1903-ban indult a Tour de France, a vil\u00e1g legnagyobb orsz\u00e1g\u00fati ker\u00e9kp\u00e1ros versenye. Kattints \u00e9s n\u00e9zd meg az els\u0151 \u00e9vben k\u00e9sz\u00fclt legfontosabb k\u00e9peket!","og_url":"https:\/\/www.welovecycling.com\/hu\/tour-de-france\/a-legelso-tour-de-france\/","og_site_name":"\u0160koda We Love Cycling - Magyarorsz\u00e1g","article_publisher":"https:\/\/www.facebook.com\/WeLoveCyclingHungary\/","article_published_time":"2018-07-06T12:13:49+00:00","article_modified_time":"2018-07-06T12:54:50+00:00","og_image":[{"width":1375,"height":600,"url":"https:\/\/d2p6e6u75xmxt8.cloudfront.net\/12\/2018\/07\/18-foto-az-elso-tour-de-francerol-cover.jpg","type":"image\/jpeg"}],"author":"hegyizs","twitter_card":"summary_large_image","twitter_misc":{"Written by":"hegyizs","Est. reading time":"2 minutes"},"schema":{"@context":"https:\/\/schema.org","@graph":[{"@type":"WebPage","@id":"https:\/\/www.welovecycling.com\/hu\/tour-de-france\/a-legelso-tour-de-france\/","url":"https:\/\/www.welovecycling.com\/hu\/tour-de-france\/a-legelso-tour-de-france\/","name":"18 fot\u00f3 az els\u0151 Tour de France-r\u00f3l","isPartOf":{"@id":"https:\/\/www.welovecycling.com\/hu\/#website"},"primaryImageOfPage":{"@id":"https:\/\/www.welovecycling.com\/hu\/tour-de-france\/a-legelso-tour-de-france\/#primaryimage"},"image":{"@id":"https:\/\/www.welovecycling.com\/hu\/tour-de-france\/a-legelso-tour-de-france\/#primaryimage"},"thumbnailUrl":"https:\/\/d2p6e6u75xmxt8.cloudfront.net\/12\/2018\/07\/18-foto-az-elso-tour-de-francerol-cover.jpg","datePublished":"2018-07-06T12:13:49+00:00","dateModified":"2018-07-06T12:54:50+00:00","author":{"@id":"https:\/\/www.welovecycling.com\/hu\/#\/schema\/person\/414a2aebf1801691a5320edb6468e194"},"description":"1903-ban indult a Tour de France, a vil\u00e1g legnagyobb orsz\u00e1g\u00fati ker\u00e9kp\u00e1ros versenye. Kattints \u00e9s n\u00e9zd meg az els\u0151 \u00e9vben k\u00e9sz\u00fclt legfontosabb k\u00e9peket!","breadcrumb":{"@id":"https:\/\/www.welovecycling.com\/hu\/tour-de-france\/a-legelso-tour-de-france\/#breadcrumb"},"inLanguage":"hu","potentialAction":[{"@type":"ReadAction","target":["https:\/\/www.welovecycling.com\/hu\/tour-de-france\/a-legelso-tour-de-france\/"]}]},{"@type":"ImageObject","inLanguage":"hu","@id":"https:\/\/www.welovecycling.com\/hu\/tour-de-france\/a-legelso-tour-de-france\/#primaryimage","url":"https:\/\/d2p6e6u75xmxt8.cloudfront.net\/12\/2018\/07\/18-foto-az-elso-tour-de-francerol-cover.jpg","contentUrl":"https:\/\/d2p6e6u75xmxt8.cloudfront.net\/12\/2018\/07\/18-foto-az-elso-tour-de-francerol-cover.jpg","width":1375,"height":600},{"@type":"BreadcrumbList","@id":"https:\/\/www.welovecycling.com\/hu\/tour-de-france\/a-legelso-tour-de-france\/#breadcrumb","itemListElement":[{"@type":"ListItem","position":1,"name":"Home","item":"https:\/\/www.welovecycling.com\/hu\/"},{"@type":"ListItem","position":2,"name":"18 fot\u00f3 a legels\u0151 Tour de France-r\u00f3l"}]},{"@type":"WebSite","@id":"https:\/\/www.welovecycling.com\/hu\/#website","url":"https:\/\/www.welovecycling.com\/hu\/","name":"\u0160koda We Love Cycling - Magyarorsz\u00e1g","description":"\u0160koda WeLoveCycling","potentialAction":[{"@type":"SearchAction","target":{"@type":"EntryPoint","urlTemplate":"https:\/\/www.welovecycling.com\/hu\/?s={search_term_string}"},"query-input":{"@type":"PropertyValueSpecification","valueRequired":true,"valueName":"search_term_string"}}],"inLanguage":"hu"},{"@type":"Person","@id":"https:\/\/www.welovecycling.com\/hu\/#\/schema\/person\/414a2aebf1801691a5320edb6468e194","name":"hegyizs","image":{"@type":"ImageObject","inLanguage":"hu","@id":"https:\/\/www.welovecycling.com\/hu\/#\/schema\/person\/image\/","url":"https:\/\/secure.gravatar.com\/avatar\/02cf8a7906b8cf90cecb4679defac7cfd33a1c2e3b88e4903d947f3bb58eedd3?s=96&d=mm&r=g","contentUrl":"https:\/\/secure.gravatar.com\/avatar\/02cf8a7906b8cf90cecb4679defac7cfd33a1c2e3b88e4903d947f3bb58eedd3?s=96&d=mm&r=g","caption":"hegyizs"},"url":"https:\/\/www.welovecycling.com\/hu\/author\/hegyizs\/"}]}},"_links":{"self":[{"href":"https:\/\/www.welovecycling.com\/hu\/wp-json\/wp\/v2\/posts\/1105","targetHints":{"allow":["GET"]}}],"collection":[{"href":"https:\/\/www.welovecycling.com\/hu\/wp-json\/wp\/v2\/posts"}],"about":[{"href":"https:\/\/www.welovecycling.com\/hu\/wp-json\/wp\/v2\/types\/post"}],"author":[{"embeddable":true,"href":"https:\/\/www.welovecycling.com\/hu\/wp-json\/wp\/v2\/users\/71"}],"replies":[{"embeddable":true,"href":"https:\/\/www.welovecycling.com\/hu\/wp-json\/wp\/v2\/comments?post=1105"}],"version-history":[{"count":2,"href":"https:\/\/www.welovecycling.com\/hu\/wp-json\/wp\/v2\/posts\/1105\/revisions"}],"predecessor-version":[{"id":1136,"href":"https:\/\/www.welovecycling.com\/hu\/wp-json\/wp\/v2\/posts\/1105\/revisions\/1136"}],"wp:featuredmedia":[{"embeddable":true,"href":"https:\/\/www.welovecycling.com\/hu\/wp-json\/wp\/v2\/media\/1123"}],"wp:attachment":[{"href":"https:\/\/www.welovecycling.com\/hu\/wp-json\/wp\/v2\/media?parent=1105"}],"wp:term":[{"taxonomy":"category","embeddable":true,"href":"https:\/\/www.welovecycling.com\/hu\/wp-json\/wp\/v2\/categories?post=1105"},{"taxonomy":"post_tag","embeddable":true,"href":"https:\/\/www.welovecycling.com\/hu\/wp-json\/wp\/v2\/tags?post=1105"},{"taxonomy":"global-categories","embeddable":true,"href":"https:\/\/www.welovecycling.com\/hu\/wp-json\/wp\/v2\/global-categories?post=1105"}],"curies":[{"name":"wp","href":"https:\/\/api.w.org\/{rel}","templated":true}]}}