{"id":1099,"date":"2018-07-06T12:49:10","date_gmt":"2018-07-06T12:49:10","guid":{"rendered":"https:\/\/www.welovecycling.com\/hu\/?p=1099"},"modified":"2018-07-06T12:54:19","modified_gmt":"2018-07-06T12:54:19","slug":"tour-de-france-tortenelem","status":"publish","type":"post","link":"https:\/\/www.welovecycling.com\/hu\/tour-de-france\/tour-de-france-tortenelem\/","title":{"rendered":"Tour de France t\u00f6rt\u00e9nelem \u2013 \u00edgy indult a vil\u00e1g legnagyobb ker\u00e9kp\u00e1ros versenye"},"content":{"rendered":"<p><strong>A Tour de France verseny\u00e9nek t\u00f6rt\u00e9nete egy sport\u00fajs\u00e1g szerkeszt\u0151s\u00e9g\u00e9nek v\u00e1ls\u00e1gtan\u00e1cskoz\u00e1s\u00e1n kezd\u0151d\u00f6tt. A L\u2019Auto nevezet\u0171 sport\u00fajs\u00e1g olvas\u00f3k\u00f6z\u00f6ns\u00e9ge egyre kisebb lett, ez\u00e9rt az \u00fajs\u00e1g\u00edr\u00f3k egy d\u00e9lut\u00e1n \u00f6tletelni kezdtek, hogy valami \u00faj ir\u00e1nnyal, eszk\u00f6zzel megments\u00e9k a lapot.<\/strong><\/p>\n<p><!--more--><\/p>\n<h2>N\u00e9pszer\u0171s\u00edt\u00e9s versennyel<\/h2>\n<p>A tan\u00e1cskoz\u00e1son utols\u00f3k\u00e9nt G\u00e9o Levefre, a legfiatalabb \u00fajs\u00e1g\u00edr\u00f3 t\u00f6bbnapos ker\u00e9kp\u00e1ros verseny megszervez\u00e9s\u00e9t javasolta. A futamot r\u00f6gt\u00f6n el is nevezett Le Tour de France-nak. A f\u0151szerkeszt\u0151, Henri Desgrange a tervet t\u00fals\u00e1gosan kock\u00e1zatosnak tartotta, a p\u00e9nz\u00fcgyi igazgat\u00f3 viszont t\u00e1mogatta az \u00f6tletet, mert l\u00e1tott benne fant\u00e1zi\u00e1t, \u00edgy v\u00e9g\u00fcl k\u00f6zz\u00e9tett\u00e9k a versenyfelh\u00edv\u00e1st.<\/p>\n<p>Az els\u0151 ki\u00edr\u00e1sban az szerepelt, hogy a verseny 5 szakaszb\u00f3l fog \u00e1llni, P\u00e1rizsb\u00f3l indul, majd \u00e9rinti Lyon, Marseille, Bourdeaux \u00e9s Nantes v\u00e1ros\u00e1t. A versenyz\u0151k v\u00e9g\u00fcl P\u00e1rizsban z\u00e1rt\u00e1k a k\u00f6rt.<\/p>\n<p><a href=\"https:\/\/d2p6e6u75xmxt8.cloudfront.net\/12\/2018\/07\/800px-Tour_de_France_1904_map-fr.svg_.png\">\u00a0\u00a0\u00a0\u00a0\u00a0\u00a0\u00a0\u00a0\u00a0\u00a0\u00a0\u00a0\u00a0\u00a0\u00a0\u00a0\u00a0\u00a0\u00a0\u00a0\u00a0\u00a0\u00a0\u00a0\u00a0\u00a0\u00a0\u00a0\u00a0\u00a0\u00a0\u00a0\u00a0\u00a0\u00a0\u00a0\u00a0\u00a0\u00a0\u00a0\u00a0\u00a0\u00a0\u00a0<\/a><a href=\"https:\/\/d2p6e6u75xmxt8.cloudfront.net\/12\/2018\/07\/800px-Tour_de_France_1904_map-fr.svg_.png\"><img loading=\"lazy\" decoding=\"async\" class=\"alignnone wp-image-1100\" src=\"https:\/\/d2p6e6u75xmxt8.cloudfront.net\/12\/2018\/07\/800px-Tour_de_France_1904_map-fr.svg_.png\" alt=\"tour de france \" width=\"477\" height=\"477\" srcset=\"https:\/\/d2p6e6u75xmxt8.cloudfront.net\/12\/2018\/07\/800px-Tour_de_France_1904_map-fr.svg_.png 800w, https:\/\/d2p6e6u75xmxt8.cloudfront.net\/12\/2018\/07\/800px-Tour_de_France_1904_map-fr.svg_-150x150.png 150w, https:\/\/d2p6e6u75xmxt8.cloudfront.net\/12\/2018\/07\/800px-Tour_de_France_1904_map-fr.svg_-300x300.png 300w, https:\/\/d2p6e6u75xmxt8.cloudfront.net\/12\/2018\/07\/800px-Tour_de_France_1904_map-fr.svg_-768x768.png 768w\" sizes=\"auto, (max-width: 477px) 100vw, 477px\" \/><\/a><span style=\"font-size: 10pt;\"><em>Az els\u0151 TDF t\u00e9rk\u00e9pe.<\/em><\/span><\/p>\n<h2>A jelentkez\u0151k sz\u00e1ma<\/h2>\n<p>Az els\u0151 Tour de France-ra hatvanan jelentkeztek, a teljes \u00fatvonal \u00f6sszesen 2428 kilom\u00e9ter hossz\u00fa volt. A gy\u0151ztes Maurice Garin lett, aki 25km\/h \u00e1tlagsebess\u00e9ggel teljes\u00edtette a t\u00e1vot.<\/p>\n<p><a href=\"https:\/\/d2p6e6u75xmxt8.cloudfront.net\/12\/2018\/07\/garin-winner.jpg\"><img loading=\"lazy\" decoding=\"async\" class=\"alignnone wp-image-1101\" src=\"https:\/\/d2p6e6u75xmxt8.cloudfront.net\/12\/2018\/07\/garin-winner.jpg\" alt=\"tour de france \" width=\"461\" height=\"377\" srcset=\"https:\/\/d2p6e6u75xmxt8.cloudfront.net\/12\/2018\/07\/garin-winner.jpg 350w, https:\/\/d2p6e6u75xmxt8.cloudfront.net\/12\/2018\/07\/garin-winner-300x245.jpg 300w\" sizes=\"auto, (max-width: 461px) 100vw, 461px\" \/><\/a><\/p>\n<p><span style=\"font-size: 10pt;\"><em>\u00a0 \u00a0 \u00a0 \u00a0 \u00a0 \u00a0 \u00a0 \u00a0 \u00a0 \u00a0 \u00a0 \u00a0 \u00a0 \u00a0 \u00a0 \u00a0 \u00a0 \u00a0 \u00a0 \u00a0 \u00a0 \u00a0 Maurice Garin, a gy\u0151ztes.<\/em><\/span><\/p>\n<h2>Tour de France rekordok<\/h2>\n<p>B\u00e1r 100 \u00e9v alatt a verseny \u00e9s a ker\u00e9kp\u00e1rok is rengeteget fejl\u0151dtek, Garin m\u00e1ig tartja a Tour de France egyik rekordj\u00e1t. Maurice Garin nyerte a Tourt a valaha volt legnagyobb k\u00fcl\u00f6nbs\u00e9ggel a m\u00e1sodik helyezett el\u0151tt, aki 2 \u00f3ra 47 perccel k\u00e9s\u0151bb \u00e9rkezett be ut\u00e1na a c\u00e9lba.<\/p>\n<h2>Az eredm\u00e9ny<\/h2>\n<p>A verseny ut\u00e1n Henri Desgrange lapja elad\u00e1si rekordokat d\u00f6nt\u00f6tt, \u00e9s a Tour de France is egyre h\u00edresebb lett. A franci\u00e1k mellett egyre t\u00f6bb k\u00fclf\u00f6ldi biciklis \u00e9rdekl\u0151d\u00f6tt a verseny ir\u00e1nt, \u00edgy a Tour sz\u00e9pen lassan kin\u0151tte mag\u00e1t. Az els\u0151 \u00e9vekben a h\u00edrnevet t\u00f6bb botr\u00e1ny is csorb\u00edtotta. Az els\u0151 \u00e9vekben csal\u00e1s miatt t\u00f6bbsz\u00f6r is kiz\u00e1rt\u00e1k az els\u0151 helyezettet, de olyan is volt, hogy az els\u0151 n\u00e9gy versenyz\u0151t kellett kitiltani.<\/p>\n<p>Nem csak a Tour, a rajong\u00f3k is egyre t\u00f6bben lettek. Volt r\u00e1 p\u00e9lda, hogy a szurkol\u00f3k annyira elragadtatt\u00e1k magukat, hogy az ellenfeleket k\u00fcl\u00f6nb\u00f6z\u0151 tr\u00fckk\u00f6kkel pr\u00f3b\u00e1lt\u00e1k h\u00e1tr\u00e1ltatni. A versenyz\u0151knek gyakran komoly atrocit\u00e1sokra kellett felk\u00e9sz\u00fclni\u00fck. H\u00e1t \u00edgy indult a vil\u00e1g legnagyobb bicikliversenye.<\/p>\n<p><a href=\"https:\/\/d2p6e6u75xmxt8.cloudfront.net\/12\/2018\/07\/Julien_Vervaecke_and_Maurice_Geldhof.jpg\"><img loading=\"lazy\" decoding=\"async\" class=\"alignnone wp-image-1102 size-full\" src=\"https:\/\/d2p6e6u75xmxt8.cloudfront.net\/12\/2018\/07\/Julien_Vervaecke_and_Maurice_Geldhof.jpg\" alt=\"tour de france \" width=\"640\" height=\"430\" srcset=\"https:\/\/d2p6e6u75xmxt8.cloudfront.net\/12\/2018\/07\/Julien_Vervaecke_and_Maurice_Geldhof.jpg 640w, https:\/\/d2p6e6u75xmxt8.cloudfront.net\/12\/2018\/07\/Julien_Vervaecke_and_Maurice_Geldhof-300x202.jpg 300w, https:\/\/d2p6e6u75xmxt8.cloudfront.net\/12\/2018\/07\/Julien_Vervaecke_and_Maurice_Geldhof-272x182.jpg 272w\" sizes=\"auto, (max-width: 640px) 100vw, 640px\" \/><\/a><\/p>\n<p>M\u00e9g t\u00f6bb Tour de France: <a href=\"https:\/\/www.welovecycling.com\/hu\/orszaguti-kerekpar\/ezek-ferfiakigazi-hosok-voltak\/\">Mennyit v\u00e1ltozott az\u00f3ta a versenyek neh\u00e9zs\u00e9ge?\u00a0<\/a><\/p>\n","protected":false},"excerpt":{"rendered":"<p>A Tour de France verseny\u00e9nek t\u00f6rt\u00e9nete egy sport\u00fajs\u00e1g szerkeszt\u0151s\u00e9g\u00e9nek v\u00e1ls\u00e1gtan\u00e1cskoz\u00e1s\u00e1n kezd\u0151d\u00f6tt. A L\u2019Auto nevezet\u0171 sport\u00fajs\u00e1g olvas\u00f3k\u00f6z\u00f6ns\u00e9ge egyre kisebb lett, ez\u00e9rt [&hellip;]<\/p>\n","protected":false},"author":71,"featured_media":1102,"comment_status":"open","ping_status":"open","sticky":false,"template":"","format":"standard","meta":{"footnotes":""},"categories":[96],"tags":[16,28,27,87,82,88,89,79,93],"global-categories":[],"class_list":["post-1099","post","type-post","status-publish","format-standard","has-post-thumbnail","hentry","category-tour-de-france","tag-kerekpar","tag-kerekpar-blog","tag-kerekpar-magazin","tag-kerekpar-verseny","tag-orszaguti-kerekpar","tag-tdf","tag-tortenelem","tag-tour-de-france","tag-tour-de-france-2018"],"yoast_head":"<!-- This site is optimized with the Yoast SEO Premium plugin v25.3 (Yoast SEO v25.9) - https:\/\/yoast.com\/wordpress\/plugins\/seo\/ -->\n<title>Tour de France t\u00f6rt\u00e9nelem - \u00edgy indult a legismertebb ker\u00e9kp\u00e1ros verseny<\/title>\n<meta name=\"description\" content=\"A vil\u00e1g legnagyobb \u00e9s legismertebb ker\u00e9kp\u00e1ros verseny\u00e9nek t\u00f6rt\u00e9nete egy sport\u00fajs\u00e1g szerkeszt\u0151s\u00e9g\u00e9nek v\u00e1ls\u00e1gtan\u00e1cskoz\u00e1s\u00e1n kezd\u0151d\u00f6tt. Ezt kell tudnod a Tour de France t\u00f6rt\u00e9nelm\u00e9r\u0151l!\" \/>\n<meta name=\"robots\" content=\"index, follow, max-snippet:-1, max-image-preview:large, max-video-preview:-1\" \/>\n<link rel=\"canonical\" href=\"https:\/\/www.welovecycling.com\/hu\/tour-de-france\/tour-de-france-tortenelem\/\" \/>\n<meta property=\"og:locale\" content=\"hu_HU\" \/>\n<meta property=\"og:type\" content=\"article\" \/>\n<meta property=\"og:title\" content=\"Tour de France t\u00f6rt\u00e9nelem \u2013 \u00edgy indult a vil\u00e1g legnagyobb ker\u00e9kp\u00e1ros versenye\" \/>\n<meta property=\"og:description\" content=\"A vil\u00e1g legnagyobb \u00e9s legismertebb ker\u00e9kp\u00e1ros verseny\u00e9nek t\u00f6rt\u00e9nete egy sport\u00fajs\u00e1g szerkeszt\u0151s\u00e9g\u00e9nek v\u00e1ls\u00e1gtan\u00e1cskoz\u00e1s\u00e1n kezd\u0151d\u00f6tt. Ezt kell tudnod a Tour de France t\u00f6rt\u00e9nelm\u00e9r\u0151l!\" \/>\n<meta property=\"og:url\" content=\"https:\/\/www.welovecycling.com\/hu\/tour-de-france\/tour-de-france-tortenelem\/\" \/>\n<meta property=\"og:site_name\" content=\"\u0160koda We Love Cycling - Magyarorsz\u00e1g\" \/>\n<meta property=\"article:publisher\" content=\"https:\/\/www.facebook.com\/WeLoveCyclingHungary\/\" \/>\n<meta property=\"article:published_time\" content=\"2018-07-06T12:49:10+00:00\" \/>\n<meta property=\"article:modified_time\" content=\"2018-07-06T12:54:19+00:00\" \/>\n<meta property=\"og:image\" content=\"https:\/\/d2p6e6u75xmxt8.cloudfront.net\/12\/2018\/07\/Julien_Vervaecke_and_Maurice_Geldhof.jpg\" \/>\n\t<meta property=\"og:image:width\" content=\"640\" \/>\n\t<meta property=\"og:image:height\" content=\"430\" \/>\n\t<meta property=\"og:image:type\" content=\"image\/jpeg\" \/>\n<meta name=\"author\" content=\"hegyizs\" \/>\n<meta name=\"twitter:card\" content=\"summary_large_image\" \/>\n<meta name=\"twitter:label1\" content=\"Written by\" \/>\n\t<meta name=\"twitter:data1\" content=\"hegyizs\" \/>\n\t<meta name=\"twitter:label2\" content=\"Est. reading time\" \/>\n\t<meta name=\"twitter:data2\" content=\"2 minutes\" \/>\n<script type=\"application\/ld+json\" class=\"yoast-schema-graph\">{\"@context\":\"https:\/\/schema.org\",\"@graph\":[{\"@type\":\"WebPage\",\"@id\":\"https:\/\/www.welovecycling.com\/hu\/tour-de-france\/tour-de-france-tortenelem\/\",\"url\":\"https:\/\/www.welovecycling.com\/hu\/tour-de-france\/tour-de-france-tortenelem\/\",\"name\":\"Tour de France t\u00f6rt\u00e9nelem - \u00edgy indult a legismertebb ker\u00e9kp\u00e1ros verseny\",\"isPartOf\":{\"@id\":\"https:\/\/www.welovecycling.com\/hu\/#website\"},\"primaryImageOfPage\":{\"@id\":\"https:\/\/www.welovecycling.com\/hu\/tour-de-france\/tour-de-france-tortenelem\/#primaryimage\"},\"image\":{\"@id\":\"https:\/\/www.welovecycling.com\/hu\/tour-de-france\/tour-de-france-tortenelem\/#primaryimage\"},\"thumbnailUrl\":\"https:\/\/d2p6e6u75xmxt8.cloudfront.net\/12\/2018\/07\/Julien_Vervaecke_and_Maurice_Geldhof.jpg\",\"datePublished\":\"2018-07-06T12:49:10+00:00\",\"dateModified\":\"2018-07-06T12:54:19+00:00\",\"author\":{\"@id\":\"https:\/\/www.welovecycling.com\/hu\/#\/schema\/person\/414a2aebf1801691a5320edb6468e194\"},\"description\":\"A vil\u00e1g legnagyobb \u00e9s legismertebb ker\u00e9kp\u00e1ros verseny\u00e9nek t\u00f6rt\u00e9nete egy sport\u00fajs\u00e1g szerkeszt\u0151s\u00e9g\u00e9nek v\u00e1ls\u00e1gtan\u00e1cskoz\u00e1s\u00e1n kezd\u0151d\u00f6tt. Ezt kell tudnod a Tour de France t\u00f6rt\u00e9nelm\u00e9r\u0151l!\",\"breadcrumb\":{\"@id\":\"https:\/\/www.welovecycling.com\/hu\/tour-de-france\/tour-de-france-tortenelem\/#breadcrumb\"},\"inLanguage\":\"hu\",\"potentialAction\":[{\"@type\":\"ReadAction\",\"target\":[\"https:\/\/www.welovecycling.com\/hu\/tour-de-france\/tour-de-france-tortenelem\/\"]}]},{\"@type\":\"ImageObject\",\"inLanguage\":\"hu\",\"@id\":\"https:\/\/www.welovecycling.com\/hu\/tour-de-france\/tour-de-france-tortenelem\/#primaryimage\",\"url\":\"https:\/\/d2p6e6u75xmxt8.cloudfront.net\/12\/2018\/07\/Julien_Vervaecke_and_Maurice_Geldhof.jpg\",\"contentUrl\":\"https:\/\/d2p6e6u75xmxt8.cloudfront.net\/12\/2018\/07\/Julien_Vervaecke_and_Maurice_Geldhof.jpg\",\"width\":640,\"height\":430,\"caption\":\"tour-de-france-tortenelem\"},{\"@type\":\"BreadcrumbList\",\"@id\":\"https:\/\/www.welovecycling.com\/hu\/tour-de-france\/tour-de-france-tortenelem\/#breadcrumb\",\"itemListElement\":[{\"@type\":\"ListItem\",\"position\":1,\"name\":\"Home\",\"item\":\"https:\/\/www.welovecycling.com\/hu\/\"},{\"@type\":\"ListItem\",\"position\":2,\"name\":\"Tour de France t\u00f6rt\u00e9nelem \u2013 \u00edgy indult a vil\u00e1g legnagyobb ker\u00e9kp\u00e1ros versenye\"}]},{\"@type\":\"WebSite\",\"@id\":\"https:\/\/www.welovecycling.com\/hu\/#website\",\"url\":\"https:\/\/www.welovecycling.com\/hu\/\",\"name\":\"\u0160koda We Love Cycling - Magyarorsz\u00e1g\",\"description\":\"\u0160koda WeLoveCycling\",\"potentialAction\":[{\"@type\":\"SearchAction\",\"target\":{\"@type\":\"EntryPoint\",\"urlTemplate\":\"https:\/\/www.welovecycling.com\/hu\/?s={search_term_string}\"},\"query-input\":{\"@type\":\"PropertyValueSpecification\",\"valueRequired\":true,\"valueName\":\"search_term_string\"}}],\"inLanguage\":\"hu\"},{\"@type\":\"Person\",\"@id\":\"https:\/\/www.welovecycling.com\/hu\/#\/schema\/person\/414a2aebf1801691a5320edb6468e194\",\"name\":\"hegyizs\",\"image\":{\"@type\":\"ImageObject\",\"inLanguage\":\"hu\",\"@id\":\"https:\/\/www.welovecycling.com\/hu\/#\/schema\/person\/image\/\",\"url\":\"https:\/\/secure.gravatar.com\/avatar\/02cf8a7906b8cf90cecb4679defac7cfd33a1c2e3b88e4903d947f3bb58eedd3?s=96&d=mm&r=g\",\"contentUrl\":\"https:\/\/secure.gravatar.com\/avatar\/02cf8a7906b8cf90cecb4679defac7cfd33a1c2e3b88e4903d947f3bb58eedd3?s=96&d=mm&r=g\",\"caption\":\"hegyizs\"},\"url\":\"https:\/\/www.welovecycling.com\/hu\/author\/hegyizs\/\"}]}<\/script>\n<!-- \/ Yoast SEO Premium plugin. -->","yoast_head_json":{"title":"Tour de France t\u00f6rt\u00e9nelem - \u00edgy indult a legismertebb ker\u00e9kp\u00e1ros verseny","description":"A vil\u00e1g legnagyobb \u00e9s legismertebb ker\u00e9kp\u00e1ros verseny\u00e9nek t\u00f6rt\u00e9nete egy sport\u00fajs\u00e1g szerkeszt\u0151s\u00e9g\u00e9nek v\u00e1ls\u00e1gtan\u00e1cskoz\u00e1s\u00e1n kezd\u0151d\u00f6tt. Ezt kell tudnod a Tour de France t\u00f6rt\u00e9nelm\u00e9r\u0151l!","robots":{"index":"index","follow":"follow","max-snippet":"max-snippet:-1","max-image-preview":"max-image-preview:large","max-video-preview":"max-video-preview:-1"},"canonical":"https:\/\/www.welovecycling.com\/hu\/tour-de-france\/tour-de-france-tortenelem\/","og_locale":"hu_HU","og_type":"article","og_title":"Tour de France t\u00f6rt\u00e9nelem \u2013 \u00edgy indult a vil\u00e1g legnagyobb ker\u00e9kp\u00e1ros versenye","og_description":"A vil\u00e1g legnagyobb \u00e9s legismertebb ker\u00e9kp\u00e1ros verseny\u00e9nek t\u00f6rt\u00e9nete egy sport\u00fajs\u00e1g szerkeszt\u0151s\u00e9g\u00e9nek v\u00e1ls\u00e1gtan\u00e1cskoz\u00e1s\u00e1n kezd\u0151d\u00f6tt. Ezt kell tudnod a Tour de France t\u00f6rt\u00e9nelm\u00e9r\u0151l!","og_url":"https:\/\/www.welovecycling.com\/hu\/tour-de-france\/tour-de-france-tortenelem\/","og_site_name":"\u0160koda We Love Cycling - Magyarorsz\u00e1g","article_publisher":"https:\/\/www.facebook.com\/WeLoveCyclingHungary\/","article_published_time":"2018-07-06T12:49:10+00:00","article_modified_time":"2018-07-06T12:54:19+00:00","og_image":[{"width":640,"height":430,"url":"https:\/\/d2p6e6u75xmxt8.cloudfront.net\/12\/2018\/07\/Julien_Vervaecke_and_Maurice_Geldhof.jpg","type":"image\/jpeg"}],"author":"hegyizs","twitter_card":"summary_large_image","twitter_misc":{"Written by":"hegyizs","Est. reading time":"2 minutes"},"schema":{"@context":"https:\/\/schema.org","@graph":[{"@type":"WebPage","@id":"https:\/\/www.welovecycling.com\/hu\/tour-de-france\/tour-de-france-tortenelem\/","url":"https:\/\/www.welovecycling.com\/hu\/tour-de-france\/tour-de-france-tortenelem\/","name":"Tour de France t\u00f6rt\u00e9nelem - \u00edgy indult a legismertebb ker\u00e9kp\u00e1ros verseny","isPartOf":{"@id":"https:\/\/www.welovecycling.com\/hu\/#website"},"primaryImageOfPage":{"@id":"https:\/\/www.welovecycling.com\/hu\/tour-de-france\/tour-de-france-tortenelem\/#primaryimage"},"image":{"@id":"https:\/\/www.welovecycling.com\/hu\/tour-de-france\/tour-de-france-tortenelem\/#primaryimage"},"thumbnailUrl":"https:\/\/d2p6e6u75xmxt8.cloudfront.net\/12\/2018\/07\/Julien_Vervaecke_and_Maurice_Geldhof.jpg","datePublished":"2018-07-06T12:49:10+00:00","dateModified":"2018-07-06T12:54:19+00:00","author":{"@id":"https:\/\/www.welovecycling.com\/hu\/#\/schema\/person\/414a2aebf1801691a5320edb6468e194"},"description":"A vil\u00e1g legnagyobb \u00e9s legismertebb ker\u00e9kp\u00e1ros verseny\u00e9nek t\u00f6rt\u00e9nete egy sport\u00fajs\u00e1g szerkeszt\u0151s\u00e9g\u00e9nek v\u00e1ls\u00e1gtan\u00e1cskoz\u00e1s\u00e1n kezd\u0151d\u00f6tt. Ezt kell tudnod a Tour de France t\u00f6rt\u00e9nelm\u00e9r\u0151l!","breadcrumb":{"@id":"https:\/\/www.welovecycling.com\/hu\/tour-de-france\/tour-de-france-tortenelem\/#breadcrumb"},"inLanguage":"hu","potentialAction":[{"@type":"ReadAction","target":["https:\/\/www.welovecycling.com\/hu\/tour-de-france\/tour-de-france-tortenelem\/"]}]},{"@type":"ImageObject","inLanguage":"hu","@id":"https:\/\/www.welovecycling.com\/hu\/tour-de-france\/tour-de-france-tortenelem\/#primaryimage","url":"https:\/\/d2p6e6u75xmxt8.cloudfront.net\/12\/2018\/07\/Julien_Vervaecke_and_Maurice_Geldhof.jpg","contentUrl":"https:\/\/d2p6e6u75xmxt8.cloudfront.net\/12\/2018\/07\/Julien_Vervaecke_and_Maurice_Geldhof.jpg","width":640,"height":430,"caption":"tour-de-france-tortenelem"},{"@type":"BreadcrumbList","@id":"https:\/\/www.welovecycling.com\/hu\/tour-de-france\/tour-de-france-tortenelem\/#breadcrumb","itemListElement":[{"@type":"ListItem","position":1,"name":"Home","item":"https:\/\/www.welovecycling.com\/hu\/"},{"@type":"ListItem","position":2,"name":"Tour de France t\u00f6rt\u00e9nelem \u2013 \u00edgy indult a vil\u00e1g legnagyobb ker\u00e9kp\u00e1ros versenye"}]},{"@type":"WebSite","@id":"https:\/\/www.welovecycling.com\/hu\/#website","url":"https:\/\/www.welovecycling.com\/hu\/","name":"\u0160koda We Love Cycling - Magyarorsz\u00e1g","description":"\u0160koda WeLoveCycling","potentialAction":[{"@type":"SearchAction","target":{"@type":"EntryPoint","urlTemplate":"https:\/\/www.welovecycling.com\/hu\/?s={search_term_string}"},"query-input":{"@type":"PropertyValueSpecification","valueRequired":true,"valueName":"search_term_string"}}],"inLanguage":"hu"},{"@type":"Person","@id":"https:\/\/www.welovecycling.com\/hu\/#\/schema\/person\/414a2aebf1801691a5320edb6468e194","name":"hegyizs","image":{"@type":"ImageObject","inLanguage":"hu","@id":"https:\/\/www.welovecycling.com\/hu\/#\/schema\/person\/image\/","url":"https:\/\/secure.gravatar.com\/avatar\/02cf8a7906b8cf90cecb4679defac7cfd33a1c2e3b88e4903d947f3bb58eedd3?s=96&d=mm&r=g","contentUrl":"https:\/\/secure.gravatar.com\/avatar\/02cf8a7906b8cf90cecb4679defac7cfd33a1c2e3b88e4903d947f3bb58eedd3?s=96&d=mm&r=g","caption":"hegyizs"},"url":"https:\/\/www.welovecycling.com\/hu\/author\/hegyizs\/"}]}},"_links":{"self":[{"href":"https:\/\/www.welovecycling.com\/hu\/wp-json\/wp\/v2\/posts\/1099","targetHints":{"allow":["GET"]}}],"collection":[{"href":"https:\/\/www.welovecycling.com\/hu\/wp-json\/wp\/v2\/posts"}],"about":[{"href":"https:\/\/www.welovecycling.com\/hu\/wp-json\/wp\/v2\/types\/post"}],"author":[{"embeddable":true,"href":"https:\/\/www.welovecycling.com\/hu\/wp-json\/wp\/v2\/users\/71"}],"replies":[{"embeddable":true,"href":"https:\/\/www.welovecycling.com\/hu\/wp-json\/wp\/v2\/comments?post=1099"}],"version-history":[{"count":2,"href":"https:\/\/www.welovecycling.com\/hu\/wp-json\/wp\/v2\/posts\/1099\/revisions"}],"predecessor-version":[{"id":1135,"href":"https:\/\/www.welovecycling.com\/hu\/wp-json\/wp\/v2\/posts\/1099\/revisions\/1135"}],"wp:featuredmedia":[{"embeddable":true,"href":"https:\/\/www.welovecycling.com\/hu\/wp-json\/wp\/v2\/media\/1102"}],"wp:attachment":[{"href":"https:\/\/www.welovecycling.com\/hu\/wp-json\/wp\/v2\/media?parent=1099"}],"wp:term":[{"taxonomy":"category","embeddable":true,"href":"https:\/\/www.welovecycling.com\/hu\/wp-json\/wp\/v2\/categories?post=1099"},{"taxonomy":"post_tag","embeddable":true,"href":"https:\/\/www.welovecycling.com\/hu\/wp-json\/wp\/v2\/tags?post=1099"},{"taxonomy":"global-categories","embeddable":true,"href":"https:\/\/www.welovecycling.com\/hu\/wp-json\/wp\/v2\/global-categories?post=1099"}],"curies":[{"name":"wp","href":"https:\/\/api.w.org\/{rel}","templated":true}]}}