{"id":1075,"date":"2018-07-03T09:05:36","date_gmt":"2018-07-03T09:05:36","guid":{"rendered":"https:\/\/www.welovecycling.com\/hu\/?p=1075"},"modified":"2018-07-06T12:50:18","modified_gmt":"2018-07-06T12:50:18","slug":"milyen-volt-amszterdam-50-evvel-ezelott","status":"publish","type":"post","link":"https:\/\/www.welovecycling.com\/hu\/kozosseg-es-kultura\/milyen-volt-amszterdam-50-evvel-ezelott\/","title":{"rendered":"Milyen volt Amszterdam 50 \u00e9vvel ezel\u0151tt?"},"content":{"rendered":"<p><strong>50 \u00e9vvel ezel\u0151tt a v\u00e1ros polg\u00e1rmestere azt \u00e1ll\u00edtotta, hogy senki nem fog biciklizni a v\u00e1rosban. M\u00e1ra Amszterdam a bring\u00e1sok paradicsoma.<\/strong><\/p>\n<p><!--more--><\/p>\n<p>A holland f\u0151v\u00e1ros pontosan ugyanolyan volt, mint b\u00e1rmelyik m\u00e1sik eur\u00f3pai v\u00e1ros napjainkban: sok aut\u00f3 volt, parkol\u00f3hely viszont kev\u00e9s, \u00e9s egym\u00e1st \u00e9rt\u00e9k a forgalmi dug\u00f3k. Az eg\u00e9sz v\u00e1rost hatalmas aszfaltdzsungel bor\u00edtotta, \u00e9s a t\u00f6bbs\u00e1vos utakon folyamatosan \u00e1llt a kocsisor. Hihetetlennek t\u0171nik, igaz? Pedig t\u00e9nyleg ilyen volt!<\/p>\n<p style=\"text-align: center;\"><em><a href=\"https:\/\/d2p6e6u75xmxt8.cloudfront.net\/12\/2018\/06\/1.jpg\"><img loading=\"lazy\" decoding=\"async\" class=\"alignnone size-full wp-image-1032\" src=\"https:\/\/d2p6e6u75xmxt8.cloudfront.net\/12\/2018\/06\/1.jpg\" alt=\"amszterdam-kerekparozas\" width=\"1024\" height=\"563\" srcset=\"https:\/\/d2p6e6u75xmxt8.cloudfront.net\/12\/2018\/06\/1.jpg 1024w, https:\/\/d2p6e6u75xmxt8.cloudfront.net\/12\/2018\/06\/1-300x165.jpg 300w, https:\/\/d2p6e6u75xmxt8.cloudfront.net\/12\/2018\/06\/1-768x422.jpg 768w\" sizes=\"auto, (max-width: 1024px) 100vw, 1024px\" \/><\/a>K\u00e9p: fotos.serc.nl<\/em><\/p>\n<ol start=\"1973\">\n<li>okt\u00f3ber 8-\u00e1n viszont minden megv\u00e1ltozott. Az Arab Olajexport\u00e1l\u00f3 Orsz\u00e1gok Nemzetk\u00f6zi szervezete egy b\u00e9csi tal\u00e1lkoz\u00f3n \u00fagy d\u00f6nt\u00f6tt, hogy azoknak az orsz\u00e1goknak, akik az \u00e9ppen akkor kirobban\u00f3 jom kippuri h\u00e1bor\u00faban Izraelt t\u00e1mogatj\u00e1k, nem sz\u00e1ll\u00edt t\u00f6bb\u00e9 k\u0151olajat, s\u0151t, eg\u00e9sz Eur\u00f3p\u00e1ban visszafogja a termel\u00e9st, \u00e9s 70%-kal megemeli az \u00fczemanyag \u00e1r\u00e1t. A d\u00f6nt\u00e9s az Egyes\u00fclt \u00c1llamokat, Portug\u00e1li\u00e1t \u00e9s Hollandi\u00e1t s\u00fajtotta legink\u00e1bb, ez\u00e9rt az orsz\u00e1gok vezet\u0151inek \u00fajra kellett tervezni\u00fck gazdas\u00e1gukat.<\/li>\n<li><\/li>\n<\/ol>\n<p>A holland korm\u00e1ny gyorsan d\u00f6nt\u00f6tt: m\u00e9g abban az \u00e9vben bevezett\u00e9k, hogy vas\u00e1rnaponk\u00e9nt tilos aut\u00f3val k\u00f6zlekedni. B\u00e1r el\u0151sz\u00f6r elk\u00e9pzelhetetlennek t\u0171nt, az emberek gyorsan alkalmazkodtak az \u00faj szab\u00e1lyokhoz. Az utc\u00e1kon l\u00e9nyegesen megn\u0151tt a gyalogosok sz\u00e1ma, de mivel sokan nagyobb t\u00e1vokat szerettek volna h\u00e9tv\u00e9genk\u00e9nt teljes\u00edteni, egyre t\u00f6bben v\u00e1lasztott\u00e1k k\u00f6zleked\u00e9si eszk\u00f6zk\u00e9nt a biciklit.<\/p>\n<p>Amszterdam v\u00e1rosvezet\u00e9se r\u00f6gt\u00f6n \u00e9szrevette a bring\u00e1z\u00e1sban rejl\u0151 lehet\u0151s\u00e9geket, felkarolta az \u00fcgyet, \u00e9s egyre t\u00f6bb olyan struktur\u00e1lis \u00e1talak\u00edt\u00e1st javasolt, ami a ker\u00e9kp\u00e1rosoknak kedvezett.<\/p>\n<p>A j\u00f3 d\u00f6nt\u00e9sek eredm\u00e9ny\u00e9t az\u00f3ta is l\u00e1tjuk, hiszen Amszterdam Eur\u00f3pa egyik leg\u00e9lhet\u0151bb v\u00e1ros\u00e1v\u00e1 v\u00e1lt, amelynek forgalm\u00e1t t\u00f6bbnyire ker\u00e9kp\u00e1rosok teszik ki.<\/p>\n<p>\u00c9s akkor most j\u00f6het egy kis b\u00e1m\u00e9szkod\u00e1s! N\u00e9h\u00e1ny before &amp; after k\u00e9p a v\u00e1rosr\u00f3l:<\/p>\n<p><em>K\u00e9p: sustainableamsterdam.com<\/em><\/p>\n<p><em>K\u00e9p: sustainableamsterdam.com<\/em><\/p>\n<p><em>K\u00e9p: sustainableamsterdam.com<\/em><\/p>\n<p>V\u00e9gezet\u00fcl itt egy inspir\u00e1l\u00f3 r\u00e9gen \u00e9s most vide\u00f3 a v\u00e1rosr\u00f3l:<\/p>\n<p>&nbsp;<\/p>\n<lite-youtube videoid=PEPnZ952NFI params=\"enablejsapi=1\" style=\"background-image: url('https:\/\/i.ytimg.com\/vi_webp\/PEPnZ952NFI\/maxresdefault.webp');\"><\/lite-youtube>\n<p>Ha kedvet kaptatok hozz\u00e1, \u00e9s legsz\u00edvesebben azonnal fel\u00fcln\u00e9tek az els\u0151 rep\u00fcl\u0151re, ami Amszterdamba megy, a biztons\u00e1g kedv\u00e9\u00e9rt az\u00e9rt n\u00e9zzetek meg p\u00e1r vide\u00f3t arr\u00f3l, hogy milyen is ott a h\u00e9tk\u00f6znapokban tekerni, p\u00e9ld\u00e1ul ezt:<\/p>\n<p><a href=\"https:\/\/youtu.be\/ob-uVs0_eC0\">https:\/\/youtu.be\/ob-uVs0_eC0<\/a><\/p>\n","protected":false},"excerpt":{"rendered":"<p>50 \u00e9vvel ezel\u0151tt a v\u00e1ros polg\u00e1rmestere azt \u00e1ll\u00edtotta, hogy senki nem fog biciklizni a v\u00e1rosban. M\u00e1ra Amszterdam a bring\u00e1sok paradicsoma.<\/p>\n","protected":false},"author":71,"featured_media":1038,"comment_status":"open","ping_status":"open","sticky":false,"template":"","format":"standard","meta":{"footnotes":""},"categories":[12],"tags":[],"global-categories":[],"class_list":["post-1075","post","type-post","status-publish","format-standard","has-post-thumbnail","hentry","category-kozosseg-es-kultura"],"yoast_head":"<!-- This site is optimized with the Yoast SEO Premium plugin v25.3 (Yoast SEO v25.9) - https:\/\/yoast.com\/wordpress\/plugins\/seo\/ -->\n<title>Milyen volt Amszterdam 50 \u00e9vvel ezel\u0151tt? - \u0160koda We Love Cycling - Magyarorsz\u00e1g<\/title>\n<meta name=\"robots\" content=\"index, follow, max-snippet:-1, max-image-preview:large, max-video-preview:-1\" \/>\n<link rel=\"canonical\" href=\"https:\/\/www.welovecycling.com\/hu\/kozosseg-es-kultura\/milyen-volt-amszterdam-50-evvel-ezelott\/\" \/>\n<meta property=\"og:locale\" content=\"hu_HU\" \/>\n<meta property=\"og:type\" content=\"article\" \/>\n<meta property=\"og:title\" content=\"Milyen volt Amszterdam 50 \u00e9vvel ezel\u0151tt?\" \/>\n<meta property=\"og:description\" content=\"50 \u00e9vvel ezel\u0151tt a v\u00e1ros polg\u00e1rmestere azt \u00e1ll\u00edtotta, hogy senki nem fog biciklizni a v\u00e1rosban. M\u00e1ra Amszterdam a bring\u00e1sok paradicsoma.\" \/>\n<meta property=\"og:url\" content=\"https:\/\/www.welovecycling.com\/hu\/kozosseg-es-kultura\/milyen-volt-amszterdam-50-evvel-ezelott\/\" \/>\n<meta property=\"og:site_name\" content=\"\u0160koda We Love Cycling - Magyarorsz\u00e1g\" \/>\n<meta property=\"article:publisher\" content=\"https:\/\/www.facebook.com\/WeLoveCyclingHungary\/\" \/>\n<meta property=\"article:published_time\" content=\"2018-07-03T09:05:36+00:00\" \/>\n<meta property=\"article:modified_time\" content=\"2018-07-06T12:50:18+00:00\" \/>\n<meta property=\"og:image\" content=\"https:\/\/d2p6e6u75xmxt8.cloudfront.net\/12\/2018\/06\/Bikes-in-Amsterdam-Netherlands.jpg\" \/>\n\t<meta property=\"og:image:width\" content=\"700\" \/>\n\t<meta property=\"og:image:height\" content=\"325\" \/>\n\t<meta property=\"og:image:type\" content=\"image\/jpeg\" \/>\n<meta name=\"author\" content=\"hegyizs\" \/>\n<meta name=\"twitter:card\" content=\"summary_large_image\" \/>\n<meta name=\"twitter:label1\" content=\"Written by\" \/>\n\t<meta name=\"twitter:data1\" content=\"hegyizs\" \/>\n\t<meta name=\"twitter:label2\" content=\"Est. reading time\" \/>\n\t<meta name=\"twitter:data2\" content=\"2 minutes\" \/>\n<script type=\"application\/ld+json\" class=\"yoast-schema-graph\">{\"@context\":\"https:\/\/schema.org\",\"@graph\":[{\"@type\":\"WebPage\",\"@id\":\"https:\/\/www.welovecycling.com\/hu\/kozosseg-es-kultura\/milyen-volt-amszterdam-50-evvel-ezelott\/\",\"url\":\"https:\/\/www.welovecycling.com\/hu\/kozosseg-es-kultura\/milyen-volt-amszterdam-50-evvel-ezelott\/\",\"name\":\"Milyen volt Amszterdam 50 \u00e9vvel ezel\u0151tt? - \u0160koda We Love Cycling - Magyarorsz\u00e1g\",\"isPartOf\":{\"@id\":\"https:\/\/www.welovecycling.com\/hu\/#website\"},\"primaryImageOfPage\":{\"@id\":\"https:\/\/www.welovecycling.com\/hu\/kozosseg-es-kultura\/milyen-volt-amszterdam-50-evvel-ezelott\/#primaryimage\"},\"image\":{\"@id\":\"https:\/\/www.welovecycling.com\/hu\/kozosseg-es-kultura\/milyen-volt-amszterdam-50-evvel-ezelott\/#primaryimage\"},\"thumbnailUrl\":\"https:\/\/d2p6e6u75xmxt8.cloudfront.net\/12\/2018\/06\/Bikes-in-Amsterdam-Netherlands.jpg\",\"datePublished\":\"2018-07-03T09:05:36+00:00\",\"dateModified\":\"2018-07-06T12:50:18+00:00\",\"author\":{\"@id\":\"https:\/\/www.welovecycling.com\/hu\/#\/schema\/person\/414a2aebf1801691a5320edb6468e194\"},\"breadcrumb\":{\"@id\":\"https:\/\/www.welovecycling.com\/hu\/kozosseg-es-kultura\/milyen-volt-amszterdam-50-evvel-ezelott\/#breadcrumb\"},\"inLanguage\":\"hu\",\"potentialAction\":[{\"@type\":\"ReadAction\",\"target\":[\"https:\/\/www.welovecycling.com\/hu\/kozosseg-es-kultura\/milyen-volt-amszterdam-50-evvel-ezelott\/\"]}]},{\"@type\":\"ImageObject\",\"inLanguage\":\"hu\",\"@id\":\"https:\/\/www.welovecycling.com\/hu\/kozosseg-es-kultura\/milyen-volt-amszterdam-50-evvel-ezelott\/#primaryimage\",\"url\":\"https:\/\/d2p6e6u75xmxt8.cloudfront.net\/12\/2018\/06\/Bikes-in-Amsterdam-Netherlands.jpg\",\"contentUrl\":\"https:\/\/d2p6e6u75xmxt8.cloudfront.net\/12\/2018\/06\/Bikes-in-Amsterdam-Netherlands.jpg\",\"width\":700,\"height\":325,\"caption\":\"amszterdam-kerekpar\"},{\"@type\":\"BreadcrumbList\",\"@id\":\"https:\/\/www.welovecycling.com\/hu\/kozosseg-es-kultura\/milyen-volt-amszterdam-50-evvel-ezelott\/#breadcrumb\",\"itemListElement\":[{\"@type\":\"ListItem\",\"position\":1,\"name\":\"Home\",\"item\":\"https:\/\/www.welovecycling.com\/hu\/\"},{\"@type\":\"ListItem\",\"position\":2,\"name\":\"Milyen volt Amszterdam 50 \u00e9vvel ezel\u0151tt?\"}]},{\"@type\":\"WebSite\",\"@id\":\"https:\/\/www.welovecycling.com\/hu\/#website\",\"url\":\"https:\/\/www.welovecycling.com\/hu\/\",\"name\":\"\u0160koda We Love Cycling - Magyarorsz\u00e1g\",\"description\":\"\u0160koda WeLoveCycling\",\"potentialAction\":[{\"@type\":\"SearchAction\",\"target\":{\"@type\":\"EntryPoint\",\"urlTemplate\":\"https:\/\/www.welovecycling.com\/hu\/?s={search_term_string}\"},\"query-input\":{\"@type\":\"PropertyValueSpecification\",\"valueRequired\":true,\"valueName\":\"search_term_string\"}}],\"inLanguage\":\"hu\"},{\"@type\":\"Person\",\"@id\":\"https:\/\/www.welovecycling.com\/hu\/#\/schema\/person\/414a2aebf1801691a5320edb6468e194\",\"name\":\"hegyizs\",\"image\":{\"@type\":\"ImageObject\",\"inLanguage\":\"hu\",\"@id\":\"https:\/\/www.welovecycling.com\/hu\/#\/schema\/person\/image\/\",\"url\":\"https:\/\/secure.gravatar.com\/avatar\/02cf8a7906b8cf90cecb4679defac7cfd33a1c2e3b88e4903d947f3bb58eedd3?s=96&d=mm&r=g\",\"contentUrl\":\"https:\/\/secure.gravatar.com\/avatar\/02cf8a7906b8cf90cecb4679defac7cfd33a1c2e3b88e4903d947f3bb58eedd3?s=96&d=mm&r=g\",\"caption\":\"hegyizs\"},\"url\":\"https:\/\/www.welovecycling.com\/hu\/author\/hegyizs\/\"}]}<\/script>\n<!-- \/ Yoast SEO Premium plugin. -->","yoast_head_json":{"title":"Milyen volt Amszterdam 50 \u00e9vvel ezel\u0151tt? - \u0160koda We Love Cycling - Magyarorsz\u00e1g","robots":{"index":"index","follow":"follow","max-snippet":"max-snippet:-1","max-image-preview":"max-image-preview:large","max-video-preview":"max-video-preview:-1"},"canonical":"https:\/\/www.welovecycling.com\/hu\/kozosseg-es-kultura\/milyen-volt-amszterdam-50-evvel-ezelott\/","og_locale":"hu_HU","og_type":"article","og_title":"Milyen volt Amszterdam 50 \u00e9vvel ezel\u0151tt?","og_description":"50 \u00e9vvel ezel\u0151tt a v\u00e1ros polg\u00e1rmestere azt \u00e1ll\u00edtotta, hogy senki nem fog biciklizni a v\u00e1rosban. M\u00e1ra Amszterdam a bring\u00e1sok paradicsoma.","og_url":"https:\/\/www.welovecycling.com\/hu\/kozosseg-es-kultura\/milyen-volt-amszterdam-50-evvel-ezelott\/","og_site_name":"\u0160koda We Love Cycling - Magyarorsz\u00e1g","article_publisher":"https:\/\/www.facebook.com\/WeLoveCyclingHungary\/","article_published_time":"2018-07-03T09:05:36+00:00","article_modified_time":"2018-07-06T12:50:18+00:00","og_image":[{"width":700,"height":325,"url":"https:\/\/d2p6e6u75xmxt8.cloudfront.net\/12\/2018\/06\/Bikes-in-Amsterdam-Netherlands.jpg","type":"image\/jpeg"}],"author":"hegyizs","twitter_card":"summary_large_image","twitter_misc":{"Written by":"hegyizs","Est. reading time":"2 minutes"},"schema":{"@context":"https:\/\/schema.org","@graph":[{"@type":"WebPage","@id":"https:\/\/www.welovecycling.com\/hu\/kozosseg-es-kultura\/milyen-volt-amszterdam-50-evvel-ezelott\/","url":"https:\/\/www.welovecycling.com\/hu\/kozosseg-es-kultura\/milyen-volt-amszterdam-50-evvel-ezelott\/","name":"Milyen volt Amszterdam 50 \u00e9vvel ezel\u0151tt? - \u0160koda We Love Cycling - Magyarorsz\u00e1g","isPartOf":{"@id":"https:\/\/www.welovecycling.com\/hu\/#website"},"primaryImageOfPage":{"@id":"https:\/\/www.welovecycling.com\/hu\/kozosseg-es-kultura\/milyen-volt-amszterdam-50-evvel-ezelott\/#primaryimage"},"image":{"@id":"https:\/\/www.welovecycling.com\/hu\/kozosseg-es-kultura\/milyen-volt-amszterdam-50-evvel-ezelott\/#primaryimage"},"thumbnailUrl":"https:\/\/d2p6e6u75xmxt8.cloudfront.net\/12\/2018\/06\/Bikes-in-Amsterdam-Netherlands.jpg","datePublished":"2018-07-03T09:05:36+00:00","dateModified":"2018-07-06T12:50:18+00:00","author":{"@id":"https:\/\/www.welovecycling.com\/hu\/#\/schema\/person\/414a2aebf1801691a5320edb6468e194"},"breadcrumb":{"@id":"https:\/\/www.welovecycling.com\/hu\/kozosseg-es-kultura\/milyen-volt-amszterdam-50-evvel-ezelott\/#breadcrumb"},"inLanguage":"hu","potentialAction":[{"@type":"ReadAction","target":["https:\/\/www.welovecycling.com\/hu\/kozosseg-es-kultura\/milyen-volt-amszterdam-50-evvel-ezelott\/"]}]},{"@type":"ImageObject","inLanguage":"hu","@id":"https:\/\/www.welovecycling.com\/hu\/kozosseg-es-kultura\/milyen-volt-amszterdam-50-evvel-ezelott\/#primaryimage","url":"https:\/\/d2p6e6u75xmxt8.cloudfront.net\/12\/2018\/06\/Bikes-in-Amsterdam-Netherlands.jpg","contentUrl":"https:\/\/d2p6e6u75xmxt8.cloudfront.net\/12\/2018\/06\/Bikes-in-Amsterdam-Netherlands.jpg","width":700,"height":325,"caption":"amszterdam-kerekpar"},{"@type":"BreadcrumbList","@id":"https:\/\/www.welovecycling.com\/hu\/kozosseg-es-kultura\/milyen-volt-amszterdam-50-evvel-ezelott\/#breadcrumb","itemListElement":[{"@type":"ListItem","position":1,"name":"Home","item":"https:\/\/www.welovecycling.com\/hu\/"},{"@type":"ListItem","position":2,"name":"Milyen volt Amszterdam 50 \u00e9vvel ezel\u0151tt?"}]},{"@type":"WebSite","@id":"https:\/\/www.welovecycling.com\/hu\/#website","url":"https:\/\/www.welovecycling.com\/hu\/","name":"\u0160koda We Love Cycling - Magyarorsz\u00e1g","description":"\u0160koda WeLoveCycling","potentialAction":[{"@type":"SearchAction","target":{"@type":"EntryPoint","urlTemplate":"https:\/\/www.welovecycling.com\/hu\/?s={search_term_string}"},"query-input":{"@type":"PropertyValueSpecification","valueRequired":true,"valueName":"search_term_string"}}],"inLanguage":"hu"},{"@type":"Person","@id":"https:\/\/www.welovecycling.com\/hu\/#\/schema\/person\/414a2aebf1801691a5320edb6468e194","name":"hegyizs","image":{"@type":"ImageObject","inLanguage":"hu","@id":"https:\/\/www.welovecycling.com\/hu\/#\/schema\/person\/image\/","url":"https:\/\/secure.gravatar.com\/avatar\/02cf8a7906b8cf90cecb4679defac7cfd33a1c2e3b88e4903d947f3bb58eedd3?s=96&d=mm&r=g","contentUrl":"https:\/\/secure.gravatar.com\/avatar\/02cf8a7906b8cf90cecb4679defac7cfd33a1c2e3b88e4903d947f3bb58eedd3?s=96&d=mm&r=g","caption":"hegyizs"},"url":"https:\/\/www.welovecycling.com\/hu\/author\/hegyizs\/"}]}},"_links":{"self":[{"href":"https:\/\/www.welovecycling.com\/hu\/wp-json\/wp\/v2\/posts\/1075","targetHints":{"allow":["GET"]}}],"collection":[{"href":"https:\/\/www.welovecycling.com\/hu\/wp-json\/wp\/v2\/posts"}],"about":[{"href":"https:\/\/www.welovecycling.com\/hu\/wp-json\/wp\/v2\/types\/post"}],"author":[{"embeddable":true,"href":"https:\/\/www.welovecycling.com\/hu\/wp-json\/wp\/v2\/users\/71"}],"replies":[{"embeddable":true,"href":"https:\/\/www.welovecycling.com\/hu\/wp-json\/wp\/v2\/comments?post=1075"}],"version-history":[{"count":1,"href":"https:\/\/www.welovecycling.com\/hu\/wp-json\/wp\/v2\/posts\/1075\/revisions"}],"predecessor-version":[{"id":1094,"href":"https:\/\/www.welovecycling.com\/hu\/wp-json\/wp\/v2\/posts\/1075\/revisions\/1094"}],"wp:featuredmedia":[{"embeddable":true,"href":"https:\/\/www.welovecycling.com\/hu\/wp-json\/wp\/v2\/media\/1038"}],"wp:attachment":[{"href":"https:\/\/www.welovecycling.com\/hu\/wp-json\/wp\/v2\/media?parent=1075"}],"wp:term":[{"taxonomy":"category","embeddable":true,"href":"https:\/\/www.welovecycling.com\/hu\/wp-json\/wp\/v2\/categories?post=1075"},{"taxonomy":"post_tag","embeddable":true,"href":"https:\/\/www.welovecycling.com\/hu\/wp-json\/wp\/v2\/tags?post=1075"},{"taxonomy":"global-categories","embeddable":true,"href":"https:\/\/www.welovecycling.com\/hu\/wp-json\/wp\/v2\/global-categories?post=1075"}],"curies":[{"name":"wp","href":"https:\/\/api.w.org\/{rel}","templated":true}]}}