{"id":10689,"date":"2021-04-25T08:00:34","date_gmt":"2021-04-25T07:00:34","guid":{"rendered":"https:\/\/www.welovecycling.com\/hu\/?p=10689"},"modified":"2021-04-16T15:22:22","modified_gmt":"2021-04-16T14:22:22","slug":"roglic-es-pogacar-a-vilag-ellen-ki-allitja-meg-a-szlovenokat","status":"publish","type":"post","link":"https:\/\/www.welovecycling.com\/hu\/orszaguti-kerekpar\/roglic-es-pogacar-a-vilag-ellen-ki-allitja-meg-a-szlovenokat\/","title":{"rendered":"Rogli\u010d \u00e9s Poga\u010dar a vil\u00e1g ellen \u2013 ki \u00e1ll\u00edtja meg a szlov\u00e9nokat?"},"content":{"rendered":"<p><strong>N\u00e9h\u00e1ny h\u00e9ttel ezel\u0151tt az Ineos Grenadiers saj\u00e1t\u00edtotta ki a dobog\u00f3t a Katal\u00e1n K\u00f6rversenyen, ezzel megmutatva, hogy a brit csapatot tov\u00e1bbra sem szabad le\u00edrni. Err\u0151l a versenyr\u0151l azonban hi\u00e1nyzott a k\u00e9t szlov\u00e9n szuperszt\u00e1r, Primoz Rogli\u010d \u00e9s Tadej Poga\u010dar, akik az\u00f3ta Baszkf\u00f6ld\u00f6n eml\u00e9keztett\u00e9k a ker\u00e9kp\u00e1ros vil\u00e1got arra, hogy kik is a sport\u00e1g legjobb form\u00e1ban l\u00e9v\u0151 \u00f6sszetett men\u0151i.<\/strong><!--more--><\/p>\n<p>A Baszk K\u00f6rverseny el\u0151tt Rogli\u010d ker\u00fclte a Poga\u010dar elleni k\u00fczdelemr\u0151l sz\u00f3l\u00f3 narrat\u00edv\u00e1kat. <em>\u201eNagyon sok er\u0151s sr\u00e1c \u00e1ll m\u00e9g rajthoz\u201d<\/em> \u2013 bizonygatta.<\/p>\n<p>Poga\u010dar csapatt\u00e1rsa, Brandon McNulty \u2013 aki n\u00e9h\u00e1ny napon \u00e1t a mez\u0151ny \u00e9l\u00e9n \u00e1llt \u2013, illetve Rogli\u010d els\u0151sz\u00e1m\u00fa seg\u00edt\u0151je, Jonas Vingegaard is kem\u00e9nyen dolgozott, hogy bizony\u00edtsa Rogli\u010d \u00e1ll\u00edt\u00e1s\u00e1t. A v\u00e9g\u00e9n azonban neh\u00e9z volt nem a k\u00e9t szlov\u00e9n teljes\u00edtm\u00e9ny\u00e9re koncentr\u00e1lni.<\/p>\n<figure id=\"attachment_10690\" aria-describedby=\"caption-attachment-10690\" style=\"width: 1024px\" class=\"wp-caption aligncenter\"><img loading=\"lazy\" decoding=\"async\" class=\"size-large wp-image-10690\" src=\"https:\/\/d2p6e6u75xmxt8.cloudfront.net\/12\/2021\/04\/CORVOS_00033032-055-1080x720-1-1024x683.jpeg\" alt=\"\" width=\"1024\" height=\"683\" srcset=\"https:\/\/d2p6e6u75xmxt8.cloudfront.net\/12\/2021\/04\/CORVOS_00033032-055-1080x720-1-1024x683.jpeg 1024w, https:\/\/d2p6e6u75xmxt8.cloudfront.net\/12\/2021\/04\/CORVOS_00033032-055-1080x720-1-300x200.jpeg 300w, https:\/\/d2p6e6u75xmxt8.cloudfront.net\/12\/2021\/04\/CORVOS_00033032-055-1080x720-1-768x512.jpeg 768w, https:\/\/d2p6e6u75xmxt8.cloudfront.net\/12\/2021\/04\/CORVOS_00033032-055-1080x720-1-272x182.jpeg 272w, https:\/\/d2p6e6u75xmxt8.cloudfront.net\/12\/2021\/04\/CORVOS_00033032-055-1080x720-1.jpeg 1080w\" sizes=\"auto, (max-width: 1024px) 100vw, 1024px\" \/><figcaption id=\"caption-attachment-10690\" class=\"wp-caption-text\">A v\u00e9geredm\u00e9ny: Poga\u010dar, Rogli\u010d \u00e9s Vingegaard a dobog\u00f3n.<\/figcaption><\/figure>\n<p>A nyit\u00f3 id\u0151futamot Rogli\u010d nyerte, Poga\u010dar pedig \u00f6t\u00f6dik lett. A 3. szakaszon m\u00e1r ut\u00f3bbi dikt\u00e1lta a temp\u00f3t az Ermualde elk\u00e9peszt\u0151en meredek emelked\u0151j\u00e9n, mik\u00f6zben Rogli\u010d folyamatosan t\u00e1madta a darabjaira hull\u00f3 mez\u0151nyt. V\u00e9g\u00fcl egy\u00e9rtelm\u0171v\u00e9 v\u00e1lt, hogy kettej\u00fck k\u00f6z\u00f6tt d\u0151l el a szakaszgy\u0151zelem sorsa: Poga\u010dar azonos id\u0151vel ugyan, de gy\u0151z\u00f6tt Rogli\u010d el\u0151tt.<\/p>\n<p>A negyedik szakaszon az UAE taktik\u00e1t v\u00e1ltott: McNulty lend\u00fclt t\u00e1mad\u00e1sba, \u00e9s mivel a Jumbo-Visma Poga\u010darra figyelt, a fiatal id\u0151futammen\u0151 \u00e1tvette a vezet\u00e9st az \u00f6sszetettben. Az utols\u00f3 etapon azonban vissz\u00e1j\u00e1ra s\u00fclt el k\u00e9tkapit\u00e1nyos fel\u00e1ll\u00e1s: mik\u00f6zben Rogli\u010d az Astana t\u00e1mad\u00e1s\u00e1t k\u00f6vette, Poga\u010dar McNulty-val maradt, \u00e9s mire egy\u00e9rtelm\u0171v\u00e9 v\u00e1lt, hogy az amerikai nem lesz k\u00e9pes megtartani el\u0151ny\u00e9t, m\u00e1r k\u00e9s\u0151 volt. A Vuelta c\u00edmv\u00e9d\u0151je v\u00e9g\u00fcl seg\u00edts\u00e9g\u00e9\u00e9rt cser\u00e9be \u00e1tadta a szakaszgy\u0151zelmet David Gaudu sz\u00e1m\u00e1ra \u2013 \u00f6sszetettsikere \u00edgy sem forgott vesz\u00e9lyben. Poga\u010dar \u00f6ner\u0151b\u0151l Valverde, Yates \u00e9s Vingegaard kiv\u00e9tel\u00e9vel mindenkit leszak\u00edtott az Arrate emelked\u0151j\u00e9n, \u00edgy a fiatal d\u00e1n m\u00f6g\u00f6tt 3. helyen z\u00e1rt az \u00f6sszetettben.<\/p>\n<figure id=\"attachment_10691\" aria-describedby=\"caption-attachment-10691\" style=\"width: 1024px\" class=\"wp-caption aligncenter\"><img loading=\"lazy\" decoding=\"async\" class=\"size-large wp-image-10691\" src=\"https:\/\/d2p6e6u75xmxt8.cloudfront.net\/12\/2021\/04\/CORVOS_00033032-027-1080x638-1-1024x605.jpeg\" alt=\"\" width=\"1024\" height=\"605\" srcset=\"https:\/\/d2p6e6u75xmxt8.cloudfront.net\/12\/2021\/04\/CORVOS_00033032-027-1080x638-1-1024x605.jpeg 1024w, https:\/\/d2p6e6u75xmxt8.cloudfront.net\/12\/2021\/04\/CORVOS_00033032-027-1080x638-1-300x177.jpeg 300w, https:\/\/d2p6e6u75xmxt8.cloudfront.net\/12\/2021\/04\/CORVOS_00033032-027-1080x638-1-768x454.jpeg 768w, https:\/\/d2p6e6u75xmxt8.cloudfront.net\/12\/2021\/04\/CORVOS_00033032-027-1080x638-1.jpeg 1080w\" sizes=\"auto, (max-width: 1024px) 100vw, 1024px\" \/><figcaption id=\"caption-attachment-10691\" class=\"wp-caption-text\">Poga\u010dar (pirosban) McNulty-t t\u00e1mogatja az utols\u00f3 szakaszon.<\/figcaption><\/figure>\n<p>A verseny legnehezebb emelked\u0151in minden szem Rogli\u010dra \u00e9s Poga\u010darra szegez\u0151d\u00f6tt. \u00dagy t\u0171nik, a k\u00e9t ker\u00e9kp\u00e1ros jelenleg klasszisokkal a mez\u0151ny el\u0151tt j\u00e1r, \u00e9s semmi jel\u00e9t nem l\u00e1tjuk annak, hogy ez a k\u00f6zelj\u00f6v\u0151ben megv\u00e1ltozna. A Tour de France-gy\u0151ztes Poga\u010dar az idei \u00e9vet az UAE Tour-on kezdte, ahol f\u00f6l\u00e9nyes gy\u0151zelmet aratott, majd a Tirreno-Adriatic\u00f3n is megism\u00e9telte siker\u00e9t. Rogli\u010d h\u00e1rom szakaszt is nyert a P\u00e1rizs-Nizz\u00e1n, miel\u0151tt az utols\u00f3 etapon egy buk\u00e1s megfosztotta az \u00f6sszetett gy\u0151zelemt\u0151l. Ezt k\u00f6vette a Baszk K\u00f6rverseny, ahol az id\u0151futam \u00e9s az \u00f6sszetett mellett a pontversenyben \u00e9s a hegyi \u00f6sszetettben is az \u00e9len z\u00e1rt.<\/p>\n<figure id=\"attachment_10692\" aria-describedby=\"caption-attachment-10692\" style=\"width: 1024px\" class=\"wp-caption aligncenter\"><img loading=\"lazy\" decoding=\"async\" class=\"size-large wp-image-10692\" src=\"https:\/\/d2p6e6u75xmxt8.cloudfront.net\/12\/2021\/04\/CORVOS_00033032-037-1080x720-1-1024x683.jpeg\" alt=\"\" width=\"1024\" height=\"683\" srcset=\"https:\/\/d2p6e6u75xmxt8.cloudfront.net\/12\/2021\/04\/CORVOS_00033032-037-1080x720-1-1024x683.jpeg 1024w, https:\/\/d2p6e6u75xmxt8.cloudfront.net\/12\/2021\/04\/CORVOS_00033032-037-1080x720-1-300x200.jpeg 300w, https:\/\/d2p6e6u75xmxt8.cloudfront.net\/12\/2021\/04\/CORVOS_00033032-037-1080x720-1-768x512.jpeg 768w, https:\/\/d2p6e6u75xmxt8.cloudfront.net\/12\/2021\/04\/CORVOS_00033032-037-1080x720-1-272x182.jpeg 272w, https:\/\/d2p6e6u75xmxt8.cloudfront.net\/12\/2021\/04\/CORVOS_00033032-037-1080x720-1.jpeg 1080w\" sizes=\"auto, (max-width: 1024px) 100vw, 1024px\" \/><figcaption id=\"caption-attachment-10692\" class=\"wp-caption-text\">Rogli\u010d egy \u00fajabb k\u00f6rversenyen aratott gy\u0151zelmet Baszkf\u00f6ld\u00f6n.<\/figcaption><\/figure>\n<p>J\u00f3 h\u00edr azonban a szoros k\u00fczdelmek kedvel\u0151inek, hogy a k\u00e9t honfit\u00e1rs nagyon k\u00f6zel \u00e1ll egym\u00e1shoz. B\u00e1r tavaly Poga\u010dar nyerte a Tour de France d\u00f6nt\u0151 id\u0151futam\u00e1t, \u00f6sszess\u00e9g\u00e9ben Rogli\u010d jobb eredm\u00e9nyekkel rendelkezik a m\u0171fajban, ezt pedig Baszkf\u00f6ld\u00f6n is igazolta. M\u00edg Poga\u010dar jobbnak t\u0171nik a meredek emelked\u0151k\u00f6n \u00e9s egy hajsz\u00e1lnyival robban\u00e9konyabb riv\u00e1lis\u00e1n\u00e1l, addig Rogli\u010dot er\u0151sebb csapat t\u00e1mogatja. Egyel\u0151re teh\u00e1t egyik\u00fcknek sincs egy\u00e9rtelm\u0171 el\u0151nye a m\u00e1sikkal szemben.<\/p>\n<p>Az utol\u00e9rhetetlennek t\u0171n\u0151 Rogli\u010d buk\u00e1s\u00e1t k\u00f6vet\u0151en a P\u00e1rizs-Nizza lett az els\u0151 verseny a tavalyi Crit\u00e9rium du Dauphin\u00e9 \u00f3ta, ahol legal\u00e1bb az egyik szlov\u00e9n szt\u00e1r elindult, de nem nyert. Ez az elk\u00e9peszt\u0151 f\u00f6l\u00e9ny azt sugallja, hogy az idei szezon ism\u00e9t kettej\u00fck p\u00e1rharc\u00e1r\u00f3l sz\u00f3lhat \u2013 k\u00fczdelm\u00fck j\u00faniusban teljesedhet ki.<\/p>\n<p>Ugyanakkor nem mehet\u00fcnk el sz\u00f3 n\u00e9lk\u00fcl amellett, hogy az Ineos csapat\u00e1ban is hatalmas a potenci\u00e1l. Geraint Thomas, Richard Carapaz, Richie Porte \u00e9s Tao Geoghegan Hart egyar\u00e1nt a Tourra k\u00e9sz\u00fclnek, mik\u00f6zben a keret tagja Egan Bernal, Adam Yates vagy Ivan Ramiro Sosa is. Mellett\u00fck pedig sz\u00e1molni kell a k\u00fcls\u0151 fenyeget\u00e9ssel is: mi t\u00f6rt\u00e9nik akkor, ha Chris Froome megtal\u00e1lja r\u00e9gi cs\u00facsform\u00e1j\u00e1t?<\/p>\n<p>Egyel\u0151re azonban nem csod\u00e1ljuk, hogy a legt\u00f6bben Poga\u010dar-ra vagy Rogli\u010d-ra szavaznak, ha a s\u00e1rga trik\u00f3r\u00f3l van sz\u00f3. \u00c9s ameddig a mez\u0151ny t\u00f6bbi r\u00e9sze be nem bizony\u00edtja, hogy val\u00f3s fenyeget\u00e9st jelent, ez nem is fog v\u00e1ltozni.<\/p>\n<p><em>Forr\u00e1s: <\/em><a href=\"https:\/\/cyclingtips.com\/2021\/04\/roglic-and-pogacar-are-the-best-stage-racers-in-the-world-and-its-not-close\/\"><em>cyclingtips.com<\/em><\/a><\/p>\n","protected":false},"excerpt":{"rendered":"<p>N\u00e9h\u00e1ny h\u00e9ttel ezel\u0151tt az Ineos Grenadiers saj\u00e1t\u00edtotta ki a dobog\u00f3t a Katal\u00e1n K\u00f6rversenyen, ezzel megmutatva, hogy a brit csapatot tov\u00e1bbra [&hellip;]<\/p>\n","protected":false},"author":71,"featured_media":10693,"comment_status":"closed","ping_status":"closed","sticky":false,"template":"","format":"standard","meta":{"footnotes":""},"categories":[8],"tags":[],"global-categories":[],"class_list":["post-10689","post","type-post","status-publish","format-standard","has-post-thumbnail","hentry","category-orszaguti-kerekpar"],"yoast_head":"<!-- This site is optimized with the Yoast SEO Premium plugin v25.3 (Yoast SEO v25.9) - https:\/\/yoast.com\/wordpress\/plugins\/seo\/ -->\n<title>Rogli\u010d \u00e9s Poga\u010dar a vil\u00e1g ellen \u2013 ki \u00e1ll\u00edtja meg a szlov\u00e9nokat? - \u0160koda We Love Cycling - Magyarorsz\u00e1g<\/title>\n<meta name=\"description\" content=\"N\u00e9h\u00e1ny h\u00e9ttel ezel\u0151tt az Ineos Grenadiers saj\u00e1t\u00edtotta ki a dobog\u00f3t a Katal\u00e1n K\u00f6rversenyen, ezzel megmutatva, hogy a brit csapatot tov\u00e1bbra sem szabad le\u00edrni. Err\u0151l a versenyr\u0151l azonban hi\u00e1nyzott a k\u00e9t szlov\u00e9n szuperszt\u00e1r, Primoz Rogli\u010d \u00e9s Tadej Poga\u010dar, akik az\u00f3ta Baszkf\u00f6ld\u00f6n eml\u00e9keztett\u00e9k a ker\u00e9kp\u00e1ros vil\u00e1got arra, hogy kik is a sport\u00e1g legjobb form\u00e1ban l\u00e9v\u0151 \u00f6sszetett men\u0151i.\" \/>\n<meta name=\"robots\" content=\"index, follow, max-snippet:-1, max-image-preview:large, max-video-preview:-1\" \/>\n<link rel=\"canonical\" href=\"https:\/\/www.welovecycling.com\/hu\/orszaguti-kerekpar\/roglic-es-pogacar-a-vilag-ellen-ki-allitja-meg-a-szlovenokat\/\" \/>\n<meta property=\"og:locale\" content=\"hu_HU\" \/>\n<meta property=\"og:type\" content=\"article\" \/>\n<meta property=\"og:title\" content=\"Rogli\u010d \u00e9s Poga\u010dar a vil\u00e1g ellen \u2013 ki \u00e1ll\u00edtja meg a szlov\u00e9nokat?\" \/>\n<meta property=\"og:description\" content=\"N\u00e9h\u00e1ny h\u00e9ttel ezel\u0151tt az Ineos Grenadiers saj\u00e1t\u00edtotta ki a dobog\u00f3t a Katal\u00e1n K\u00f6rversenyen, ezzel megmutatva, hogy a brit csapatot tov\u00e1bbra sem szabad le\u00edrni. Err\u0151l a versenyr\u0151l azonban hi\u00e1nyzott a k\u00e9t szlov\u00e9n szuperszt\u00e1r, Primoz Rogli\u010d \u00e9s Tadej Poga\u010dar, akik az\u00f3ta Baszkf\u00f6ld\u00f6n eml\u00e9keztett\u00e9k a ker\u00e9kp\u00e1ros vil\u00e1got arra, hogy kik is a sport\u00e1g legjobb form\u00e1ban l\u00e9v\u0151 \u00f6sszetett men\u0151i.\" \/>\n<meta property=\"og:url\" content=\"https:\/\/www.welovecycling.com\/hu\/orszaguti-kerekpar\/roglic-es-pogacar-a-vilag-ellen-ki-allitja-meg-a-szlovenokat\/\" \/>\n<meta property=\"og:site_name\" content=\"\u0160koda We Love Cycling - Magyarorsz\u00e1g\" \/>\n<meta property=\"article:publisher\" content=\"https:\/\/www.facebook.com\/WeLoveCyclingHungary\/\" \/>\n<meta property=\"article:published_time\" content=\"2021-04-25T07:00:34+00:00\" \/>\n<meta property=\"og:image\" content=\"https:\/\/d2p6e6u75xmxt8.cloudfront.net\/12\/2021\/04\/CORVOS_00033028-041-1080x720-1.jpg\" \/>\n\t<meta property=\"og:image:width\" content=\"1080\" \/>\n\t<meta property=\"og:image:height\" content=\"720\" \/>\n\t<meta property=\"og:image:type\" content=\"image\/jpeg\" \/>\n<meta name=\"author\" content=\"hegyizs\" \/>\n<meta name=\"twitter:card\" content=\"summary_large_image\" \/>\n<meta name=\"twitter:label1\" content=\"Written by\" \/>\n\t<meta name=\"twitter:data1\" content=\"WLC\" \/>\n\t<meta name=\"twitter:label2\" content=\"Est. reading time\" \/>\n\t<meta name=\"twitter:data2\" content=\"4 minutes\" \/>\n<script type=\"application\/ld+json\" class=\"yoast-schema-graph\">{\"@context\":\"https:\/\/schema.org\",\"@graph\":[{\"@type\":\"WebPage\",\"@id\":\"https:\/\/www.welovecycling.com\/hu\/orszaguti-kerekpar\/roglic-es-pogacar-a-vilag-ellen-ki-allitja-meg-a-szlovenokat\/\",\"url\":\"https:\/\/www.welovecycling.com\/hu\/orszaguti-kerekpar\/roglic-es-pogacar-a-vilag-ellen-ki-allitja-meg-a-szlovenokat\/\",\"name\":\"Rogli\u010d \u00e9s Poga\u010dar a vil\u00e1g ellen \u2013 ki \u00e1ll\u00edtja meg a szlov\u00e9nokat? - \u0160koda We Love Cycling - Magyarorsz\u00e1g\",\"isPartOf\":{\"@id\":\"https:\/\/www.welovecycling.com\/hu\/#website\"},\"primaryImageOfPage\":{\"@id\":\"https:\/\/www.welovecycling.com\/hu\/orszaguti-kerekpar\/roglic-es-pogacar-a-vilag-ellen-ki-allitja-meg-a-szlovenokat\/#primaryimage\"},\"image\":{\"@id\":\"https:\/\/www.welovecycling.com\/hu\/orszaguti-kerekpar\/roglic-es-pogacar-a-vilag-ellen-ki-allitja-meg-a-szlovenokat\/#primaryimage\"},\"thumbnailUrl\":\"https:\/\/d2p6e6u75xmxt8.cloudfront.net\/12\/2021\/04\/CORVOS_00033028-041-1080x720-1.jpg\",\"datePublished\":\"2021-04-25T07:00:34+00:00\",\"author\":{\"@id\":\"https:\/\/www.welovecycling.com\/hu\/#\/schema\/person\/414a2aebf1801691a5320edb6468e194\"},\"description\":\"N\u00e9h\u00e1ny h\u00e9ttel ezel\u0151tt az Ineos Grenadiers saj\u00e1t\u00edtotta ki a dobog\u00f3t a Katal\u00e1n K\u00f6rversenyen, ezzel megmutatva, hogy a brit csapatot tov\u00e1bbra sem szabad le\u00edrni. Err\u0151l a versenyr\u0151l azonban hi\u00e1nyzott a k\u00e9t szlov\u00e9n szuperszt\u00e1r, Primoz Rogli\u010d \u00e9s Tadej Poga\u010dar, akik az\u00f3ta Baszkf\u00f6ld\u00f6n eml\u00e9keztett\u00e9k a ker\u00e9kp\u00e1ros vil\u00e1got arra, hogy kik is a sport\u00e1g legjobb form\u00e1ban l\u00e9v\u0151 \u00f6sszetett men\u0151i.\",\"breadcrumb\":{\"@id\":\"https:\/\/www.welovecycling.com\/hu\/orszaguti-kerekpar\/roglic-es-pogacar-a-vilag-ellen-ki-allitja-meg-a-szlovenokat\/#breadcrumb\"},\"inLanguage\":\"hu\",\"potentialAction\":[{\"@type\":\"ReadAction\",\"target\":[\"https:\/\/www.welovecycling.com\/hu\/orszaguti-kerekpar\/roglic-es-pogacar-a-vilag-ellen-ki-allitja-meg-a-szlovenokat\/\"]}]},{\"@type\":\"ImageObject\",\"inLanguage\":\"hu\",\"@id\":\"https:\/\/www.welovecycling.com\/hu\/orszaguti-kerekpar\/roglic-es-pogacar-a-vilag-ellen-ki-allitja-meg-a-szlovenokat\/#primaryimage\",\"url\":\"https:\/\/d2p6e6u75xmxt8.cloudfront.net\/12\/2021\/04\/CORVOS_00033028-041-1080x720-1.jpg\",\"contentUrl\":\"https:\/\/d2p6e6u75xmxt8.cloudfront.net\/12\/2021\/04\/CORVOS_00033028-041-1080x720-1.jpg\",\"width\":1080,\"height\":720,\"caption\":\"Ermualde - Spain - wielrennen - cycling - cyclisme - radsport - Tadej Pogacar (SLO - UAE Team Emirates) - Primoz Roglic (SLO - Jumbo - Visma) pictured during Itzulia Basque Country stage 3 from Stage 2 from Amurrio to Ermualde (Laudio) (167.7KM) - photo Luis Gomez\/Cor Vos \u00a9 2021\"},{\"@type\":\"BreadcrumbList\",\"@id\":\"https:\/\/www.welovecycling.com\/hu\/orszaguti-kerekpar\/roglic-es-pogacar-a-vilag-ellen-ki-allitja-meg-a-szlovenokat\/#breadcrumb\",\"itemListElement\":[{\"@type\":\"ListItem\",\"position\":1,\"name\":\"Home\",\"item\":\"https:\/\/www.welovecycling.com\/hu\/\"},{\"@type\":\"ListItem\",\"position\":2,\"name\":\"Rogli\u010d \u00e9s Poga\u010dar a vil\u00e1g ellen \u2013 ki \u00e1ll\u00edtja meg a szlov\u00e9nokat?\"}]},{\"@type\":\"WebSite\",\"@id\":\"https:\/\/www.welovecycling.com\/hu\/#website\",\"url\":\"https:\/\/www.welovecycling.com\/hu\/\",\"name\":\"\u0160koda We Love Cycling - Magyarorsz\u00e1g\",\"description\":\"\u0160koda WeLoveCycling\",\"potentialAction\":[{\"@type\":\"SearchAction\",\"target\":{\"@type\":\"EntryPoint\",\"urlTemplate\":\"https:\/\/www.welovecycling.com\/hu\/?s={search_term_string}\"},\"query-input\":{\"@type\":\"PropertyValueSpecification\",\"valueRequired\":true,\"valueName\":\"search_term_string\"}}],\"inLanguage\":\"hu\"},{\"@type\":\"Person\",\"@id\":\"https:\/\/www.welovecycling.com\/hu\/#\/schema\/person\/414a2aebf1801691a5320edb6468e194\",\"name\":\"hegyizs\",\"image\":{\"@type\":\"ImageObject\",\"inLanguage\":\"hu\",\"@id\":\"https:\/\/www.welovecycling.com\/hu\/#\/schema\/person\/image\/\",\"url\":\"https:\/\/secure.gravatar.com\/avatar\/02cf8a7906b8cf90cecb4679defac7cfd33a1c2e3b88e4903d947f3bb58eedd3?s=96&d=mm&r=g\",\"contentUrl\":\"https:\/\/secure.gravatar.com\/avatar\/02cf8a7906b8cf90cecb4679defac7cfd33a1c2e3b88e4903d947f3bb58eedd3?s=96&d=mm&r=g\",\"caption\":\"hegyizs\"},\"url\":\"https:\/\/www.welovecycling.com\/hu\/author\/hegyizs\/\"}]}<\/script>\n<!-- \/ Yoast SEO Premium plugin. -->","yoast_head_json":{"title":"Rogli\u010d \u00e9s Poga\u010dar a vil\u00e1g ellen \u2013 ki \u00e1ll\u00edtja meg a szlov\u00e9nokat? - \u0160koda We Love Cycling - Magyarorsz\u00e1g","description":"N\u00e9h\u00e1ny h\u00e9ttel ezel\u0151tt az Ineos Grenadiers saj\u00e1t\u00edtotta ki a dobog\u00f3t a Katal\u00e1n K\u00f6rversenyen, ezzel megmutatva, hogy a brit csapatot tov\u00e1bbra sem szabad le\u00edrni. Err\u0151l a versenyr\u0151l azonban hi\u00e1nyzott a k\u00e9t szlov\u00e9n szuperszt\u00e1r, Primoz Rogli\u010d \u00e9s Tadej Poga\u010dar, akik az\u00f3ta Baszkf\u00f6ld\u00f6n eml\u00e9keztett\u00e9k a ker\u00e9kp\u00e1ros vil\u00e1got arra, hogy kik is a sport\u00e1g legjobb form\u00e1ban l\u00e9v\u0151 \u00f6sszetett men\u0151i.","robots":{"index":"index","follow":"follow","max-snippet":"max-snippet:-1","max-image-preview":"max-image-preview:large","max-video-preview":"max-video-preview:-1"},"canonical":"https:\/\/www.welovecycling.com\/hu\/orszaguti-kerekpar\/roglic-es-pogacar-a-vilag-ellen-ki-allitja-meg-a-szlovenokat\/","og_locale":"hu_HU","og_type":"article","og_title":"Rogli\u010d \u00e9s Poga\u010dar a vil\u00e1g ellen \u2013 ki \u00e1ll\u00edtja meg a szlov\u00e9nokat?","og_description":"N\u00e9h\u00e1ny h\u00e9ttel ezel\u0151tt az Ineos Grenadiers saj\u00e1t\u00edtotta ki a dobog\u00f3t a Katal\u00e1n K\u00f6rversenyen, ezzel megmutatva, hogy a brit csapatot tov\u00e1bbra sem szabad le\u00edrni. Err\u0151l a versenyr\u0151l azonban hi\u00e1nyzott a k\u00e9t szlov\u00e9n szuperszt\u00e1r, Primoz Rogli\u010d \u00e9s Tadej Poga\u010dar, akik az\u00f3ta Baszkf\u00f6ld\u00f6n eml\u00e9keztett\u00e9k a ker\u00e9kp\u00e1ros vil\u00e1got arra, hogy kik is a sport\u00e1g legjobb form\u00e1ban l\u00e9v\u0151 \u00f6sszetett men\u0151i.","og_url":"https:\/\/www.welovecycling.com\/hu\/orszaguti-kerekpar\/roglic-es-pogacar-a-vilag-ellen-ki-allitja-meg-a-szlovenokat\/","og_site_name":"\u0160koda We Love Cycling - Magyarorsz\u00e1g","article_publisher":"https:\/\/www.facebook.com\/WeLoveCyclingHungary\/","article_published_time":"2021-04-25T07:00:34+00:00","og_image":[{"width":1080,"height":720,"url":"https:\/\/d2p6e6u75xmxt8.cloudfront.net\/12\/2021\/04\/CORVOS_00033028-041-1080x720-1.jpg","type":"image\/jpeg"}],"author":"hegyizs","twitter_card":"summary_large_image","twitter_misc":{"Written by":"WLC","Est. reading time":"4 minutes"},"schema":{"@context":"https:\/\/schema.org","@graph":[{"@type":"WebPage","@id":"https:\/\/www.welovecycling.com\/hu\/orszaguti-kerekpar\/roglic-es-pogacar-a-vilag-ellen-ki-allitja-meg-a-szlovenokat\/","url":"https:\/\/www.welovecycling.com\/hu\/orszaguti-kerekpar\/roglic-es-pogacar-a-vilag-ellen-ki-allitja-meg-a-szlovenokat\/","name":"Rogli\u010d \u00e9s Poga\u010dar a vil\u00e1g ellen \u2013 ki \u00e1ll\u00edtja meg a szlov\u00e9nokat? - \u0160koda We Love Cycling - Magyarorsz\u00e1g","isPartOf":{"@id":"https:\/\/www.welovecycling.com\/hu\/#website"},"primaryImageOfPage":{"@id":"https:\/\/www.welovecycling.com\/hu\/orszaguti-kerekpar\/roglic-es-pogacar-a-vilag-ellen-ki-allitja-meg-a-szlovenokat\/#primaryimage"},"image":{"@id":"https:\/\/www.welovecycling.com\/hu\/orszaguti-kerekpar\/roglic-es-pogacar-a-vilag-ellen-ki-allitja-meg-a-szlovenokat\/#primaryimage"},"thumbnailUrl":"https:\/\/d2p6e6u75xmxt8.cloudfront.net\/12\/2021\/04\/CORVOS_00033028-041-1080x720-1.jpg","datePublished":"2021-04-25T07:00:34+00:00","author":{"@id":"https:\/\/www.welovecycling.com\/hu\/#\/schema\/person\/414a2aebf1801691a5320edb6468e194"},"description":"N\u00e9h\u00e1ny h\u00e9ttel ezel\u0151tt az Ineos Grenadiers saj\u00e1t\u00edtotta ki a dobog\u00f3t a Katal\u00e1n K\u00f6rversenyen, ezzel megmutatva, hogy a brit csapatot tov\u00e1bbra sem szabad le\u00edrni. Err\u0151l a versenyr\u0151l azonban hi\u00e1nyzott a k\u00e9t szlov\u00e9n szuperszt\u00e1r, Primoz Rogli\u010d \u00e9s Tadej Poga\u010dar, akik az\u00f3ta Baszkf\u00f6ld\u00f6n eml\u00e9keztett\u00e9k a ker\u00e9kp\u00e1ros vil\u00e1got arra, hogy kik is a sport\u00e1g legjobb form\u00e1ban l\u00e9v\u0151 \u00f6sszetett men\u0151i.","breadcrumb":{"@id":"https:\/\/www.welovecycling.com\/hu\/orszaguti-kerekpar\/roglic-es-pogacar-a-vilag-ellen-ki-allitja-meg-a-szlovenokat\/#breadcrumb"},"inLanguage":"hu","potentialAction":[{"@type":"ReadAction","target":["https:\/\/www.welovecycling.com\/hu\/orszaguti-kerekpar\/roglic-es-pogacar-a-vilag-ellen-ki-allitja-meg-a-szlovenokat\/"]}]},{"@type":"ImageObject","inLanguage":"hu","@id":"https:\/\/www.welovecycling.com\/hu\/orszaguti-kerekpar\/roglic-es-pogacar-a-vilag-ellen-ki-allitja-meg-a-szlovenokat\/#primaryimage","url":"https:\/\/d2p6e6u75xmxt8.cloudfront.net\/12\/2021\/04\/CORVOS_00033028-041-1080x720-1.jpg","contentUrl":"https:\/\/d2p6e6u75xmxt8.cloudfront.net\/12\/2021\/04\/CORVOS_00033028-041-1080x720-1.jpg","width":1080,"height":720,"caption":"Ermualde - Spain - wielrennen - cycling - cyclisme - radsport - Tadej Pogacar (SLO - UAE Team Emirates) - Primoz Roglic (SLO - Jumbo - Visma) pictured during Itzulia Basque Country stage 3 from Stage 2 from Amurrio to Ermualde (Laudio) (167.7KM) - photo Luis Gomez\/Cor Vos \u00a9 2021"},{"@type":"BreadcrumbList","@id":"https:\/\/www.welovecycling.com\/hu\/orszaguti-kerekpar\/roglic-es-pogacar-a-vilag-ellen-ki-allitja-meg-a-szlovenokat\/#breadcrumb","itemListElement":[{"@type":"ListItem","position":1,"name":"Home","item":"https:\/\/www.welovecycling.com\/hu\/"},{"@type":"ListItem","position":2,"name":"Rogli\u010d \u00e9s Poga\u010dar a vil\u00e1g ellen \u2013 ki \u00e1ll\u00edtja meg a szlov\u00e9nokat?"}]},{"@type":"WebSite","@id":"https:\/\/www.welovecycling.com\/hu\/#website","url":"https:\/\/www.welovecycling.com\/hu\/","name":"\u0160koda We Love Cycling - Magyarorsz\u00e1g","description":"\u0160koda WeLoveCycling","potentialAction":[{"@type":"SearchAction","target":{"@type":"EntryPoint","urlTemplate":"https:\/\/www.welovecycling.com\/hu\/?s={search_term_string}"},"query-input":{"@type":"PropertyValueSpecification","valueRequired":true,"valueName":"search_term_string"}}],"inLanguage":"hu"},{"@type":"Person","@id":"https:\/\/www.welovecycling.com\/hu\/#\/schema\/person\/414a2aebf1801691a5320edb6468e194","name":"hegyizs","image":{"@type":"ImageObject","inLanguage":"hu","@id":"https:\/\/www.welovecycling.com\/hu\/#\/schema\/person\/image\/","url":"https:\/\/secure.gravatar.com\/avatar\/02cf8a7906b8cf90cecb4679defac7cfd33a1c2e3b88e4903d947f3bb58eedd3?s=96&d=mm&r=g","contentUrl":"https:\/\/secure.gravatar.com\/avatar\/02cf8a7906b8cf90cecb4679defac7cfd33a1c2e3b88e4903d947f3bb58eedd3?s=96&d=mm&r=g","caption":"hegyizs"},"url":"https:\/\/www.welovecycling.com\/hu\/author\/hegyizs\/"}]}},"_links":{"self":[{"href":"https:\/\/www.welovecycling.com\/hu\/wp-json\/wp\/v2\/posts\/10689","targetHints":{"allow":["GET"]}}],"collection":[{"href":"https:\/\/www.welovecycling.com\/hu\/wp-json\/wp\/v2\/posts"}],"about":[{"href":"https:\/\/www.welovecycling.com\/hu\/wp-json\/wp\/v2\/types\/post"}],"author":[{"embeddable":true,"href":"https:\/\/www.welovecycling.com\/hu\/wp-json\/wp\/v2\/users\/71"}],"replies":[{"embeddable":true,"href":"https:\/\/www.welovecycling.com\/hu\/wp-json\/wp\/v2\/comments?post=10689"}],"version-history":[{"count":1,"href":"https:\/\/www.welovecycling.com\/hu\/wp-json\/wp\/v2\/posts\/10689\/revisions"}],"predecessor-version":[{"id":10694,"href":"https:\/\/www.welovecycling.com\/hu\/wp-json\/wp\/v2\/posts\/10689\/revisions\/10694"}],"wp:featuredmedia":[{"embeddable":true,"href":"https:\/\/www.welovecycling.com\/hu\/wp-json\/wp\/v2\/media\/10693"}],"wp:attachment":[{"href":"https:\/\/www.welovecycling.com\/hu\/wp-json\/wp\/v2\/media?parent=10689"}],"wp:term":[{"taxonomy":"category","embeddable":true,"href":"https:\/\/www.welovecycling.com\/hu\/wp-json\/wp\/v2\/categories?post=10689"},{"taxonomy":"post_tag","embeddable":true,"href":"https:\/\/www.welovecycling.com\/hu\/wp-json\/wp\/v2\/tags?post=10689"},{"taxonomy":"global-categories","embeddable":true,"href":"https:\/\/www.welovecycling.com\/hu\/wp-json\/wp\/v2\/global-categories?post=10689"}],"curies":[{"name":"wp","href":"https:\/\/api.w.org\/{rel}","templated":true}]}}