{"id":10684,"date":"2021-04-24T08:00:58","date_gmt":"2021-04-24T07:00:58","guid":{"rendered":"https:\/\/www.welovecycling.com\/hu\/?p=10684"},"modified":"2021-04-16T15:21:35","modified_gmt":"2021-04-16T14:21:35","slug":"brodie-a-golden-uszkar-aki-imadja-a-biciklizest","status":"publish","type":"post","link":"https:\/\/www.welovecycling.com\/hu\/kozosseg-es-kultura\/brodie-a-golden-uszkar-aki-imadja-a-biciklizest\/","title":{"rendered":"Brodie, a golden-uszk\u00e1r, aki im\u00e1dja a bicikliz\u00e9st"},"content":{"rendered":"<p><strong>Brodie, a goldenpoodle, vagyis golden retriever-uszk\u00e1r kever\u00e9k kutyus term\u00e9szetes \u00e9l\u0151hely\u00e9n, bicikliz\u0151 gazd\u00e1ja h\u00e1t\u00e1n l\u00e1that\u00f3, leggyakrabban Florida utc\u00e1in.<\/strong><!--more--><\/p>\n<p>Val\u00f3sz\u00edn\u0171leg ez az, amire a legkev\u00e9sb\u00e9 sz\u00e1m\u00edtasz, ha egy orsz\u00e1g\u00fati bring\u00e1st l\u00e1tsz k\u00f6zeledni. Hogy a h\u00e1t\u00e1n \u00fcl egy kutya. M\u00e9ghozz\u00e1 egy nem is kicsi kutya.<\/p>\n<p>Brodie 34 kil\u00f3t nyom \u00e9s im\u00e1d a gazd\u00e1ja, Clliff h\u00e1tizs\u00e1kj\u00e1ban utazni. A ker\u00e9kp\u00e1ros du\u00f3 helyi \u00e9s online l\u00e1tv\u00e1nyoss\u00e1g, \u00e9s azt hissz\u00fck, ez nem is meglep\u0151.<\/p>\n<p><em>\u201eEsk\u00fcsz\u00f6m, \u0151 a vil\u00e1g leglaz\u00e1bb kuty\u00e1ja. Alig kell tan\u00edtgatni, egyszer\u0171en csak j\u00f3l \u00e9rzi mag\u00e1t\u201d<\/em> \u2013 mes\u00e9lte Cliff Brush, a b\u00fcszke gazdi a Bicycling magazinnak.<\/p>\n<p>Brush hobbibring\u00e1snak mutatta be mag\u00e1t, \u2013 holott m\u00e1r t\u00edz \u00e9ve \u0171zi a sportot. \u00a0Azt\u00e1n hozz\u00e1tette azt is, hogy persze b\u00e1rkit elverne \u201e30 kil\u00f3s kutyacipel\u00e9s\u201d \u00e1gazatban.<\/p>\n<p><img loading=\"lazy\" decoding=\"async\" class=\"size-full wp-image-10686 alignnone\" src=\"https:\/\/d2p6e6u75xmxt8.cloudfront.net\/12\/2021\/04\/brodie2.jpg\" alt=\"\" width=\"531\" height=\"667\" srcset=\"https:\/\/d2p6e6u75xmxt8.cloudfront.net\/12\/2021\/04\/brodie2.jpg 531w, https:\/\/d2p6e6u75xmxt8.cloudfront.net\/12\/2021\/04\/brodie2-239x300.jpg 239w\" sizes=\"auto, (max-width: 531px) 100vw, 531px\" \/><\/p>\n<p>K\u00f6r\u00fclbel\u00fcl egy \u00e9vvel ezel\u0151tt Brush gondolkodni kezdett azon, hogy hogyan lehetne \u00fagy s\u00e9t\u00e1ltatni a kuty\u00e1t, hogy az sz\u00e1m\u00e1ra is j\u00f3 testmozg\u00e1s legyen. Kezdetben biciklivel haladt a kutya mellett, majd ha Brodie elf\u00e1radt, hazavitte \u00e9s n\u00e9lk\u00fcle ment tov\u00e1bb.<\/p>\n<p><em>\u201eBrodie azonban soha nem akart hazamenni\u201d<\/em> \u2013 mes\u00e9lte.<\/p>\n<p>Cliff azt is elmes\u00e9lte, hogy sok hozz\u00e1sz\u00f3l\u00e1st kap a k\u00f6z\u00f6ss\u00e9gi m\u00e9di\u00e1ban, amiben krizit\u00e1lj\u00e1k \u0151t, mert a kommentel\u0151k szerint vesz\u00e9lyes a kuty\u00e1val a h\u00e1t\u00e1n biciklizni. K\u00f6nny\u0171 az online platformokon l\u00e1tott tartalmak alapj\u00e1n k\u00f6vetkeztet\u00e9seket levonni, az igazs\u00e1g azonban az, hogy ezek a k\u00f6z\u00f6s t\u00far\u00e1k \u00e1ltal\u00e1ban nem hosszabbak 1-2 kilom\u00e9tern\u00e9l.<\/p>\n<p><em>\u201eR\u00f6vid \u00f6r\u00f6m-bring\u00e1z\u00e1sok ezek\u201d<\/em> \u2013 mondta \u2013 <em>\u201e\u00e9s nem is gyakoriak, tal\u00e1n k\u00e9thetente egyszer fordulnak el\u0151.\u201d <\/em>Mivel Florid\u00e1ban \u00e9lnek csak kora reggel vagy k\u00e9s\u0151 este indulnak \u00fatnak, amikor a h\u0151m\u00e9rs\u00e9klet megfelel\u0151 Brodie sz\u00e1m\u00e1ra.<\/p>\n<p><img loading=\"lazy\" decoding=\"async\" class=\"aligncenter size-full wp-image-10687\" src=\"https:\/\/d2p6e6u75xmxt8.cloudfront.net\/12\/2021\/04\/image3-1617902418.jpeg\" alt=\"\" width=\"768\" height=\"770\" srcset=\"https:\/\/d2p6e6u75xmxt8.cloudfront.net\/12\/2021\/04\/image3-1617902418.jpeg 768w, https:\/\/d2p6e6u75xmxt8.cloudfront.net\/12\/2021\/04\/image3-1617902418-300x300.jpeg 300w, https:\/\/d2p6e6u75xmxt8.cloudfront.net\/12\/2021\/04\/image3-1617902418-150x150.jpeg 150w\" sizes=\"auto, (max-width: 768px) 100vw, 768px\" \/><\/p>\n<p>A kutyus term\u00e9szetesen megfelel\u0151 felszerel\u00e9st is kap, hogy igaz\u00e1n ki\u00e9lvezhesse a t\u00far\u00e1kat. Egy K9 Sport Sack h\u00e1tizs\u00e1kban \u00fcl, amit nagyobb kuty\u00e1k sz\u00e1ll\u00edt\u00e1s\u00e1ra terveztek, \u00e9s a Rex Specs c\u00e9g egyik szem\u00fcveg\u00e9t hordja, ami v\u00e9di a szem\u00e9t. Sokan azt gondolj\u00e1k, hogy ez csak st\u00edlus-elem, de t\u00e9nyleg v\u00e9delmet ny\u00fajt a sz\u00e9l, a por \u00e9s az UV sugarak ellen is.<\/p>\n<p>Persze nem t\u00fal k\u00f6nny\u0171 egy ekkora kuty\u00e1val a h\u00e1tadon biciklizni \u2013 nem v\u00e9letlen\u00fcl olyan r\u00f6videk ezek a t\u00far\u00e1k! <em>\u201e\u0150r\u00fclt egy edz\u00e9s ez. Egy kutya nem t\u00fal aerodinamikus\u2026 A Trek Madona biciklim r\u00e1ad\u00e1sul olyan k\u00f6nny\u0171 \u00e9s \u00e9rz\u00e9keny. De ameddig Brodie k\u00f6z\u00e9pen marad, nem lesz gond.\u201d <\/em>A kutya s\u00falypontja pedig a h\u00e1tizs\u00e1k hevederjeinek be\u00e1ll\u00edt\u00e1s\u00e1n m\u00falik.<\/p>\n<p><em>Forr\u00e1s: <\/em><a href=\"https:\/\/www.bicycling.com\/culture\/a36062594\/brodie-the-goldendoodle-bike-rides\/\"><em>bicycling.com<\/em><\/a><\/p>\n","protected":false},"excerpt":{"rendered":"<p>Brodie, a goldenpoodle, vagyis golden retriever-uszk\u00e1r kever\u00e9k kutyus term\u00e9szetes \u00e9l\u0151hely\u00e9n, bicikliz\u0151 gazd\u00e1ja h\u00e1t\u00e1n l\u00e1that\u00f3, leggyakrabban Florida utc\u00e1in.<\/p>\n","protected":false},"author":71,"featured_media":10685,"comment_status":"closed","ping_status":"closed","sticky":false,"template":"","format":"standard","meta":{"footnotes":""},"categories":[12],"tags":[],"global-categories":[],"class_list":["post-10684","post","type-post","status-publish","format-standard","has-post-thumbnail","hentry","category-kozosseg-es-kultura"],"yoast_head":"<!-- This site is optimized with the Yoast SEO Premium plugin v25.3 (Yoast SEO v25.9) - https:\/\/yoast.com\/wordpress\/plugins\/seo\/ -->\n<title>Brodie, a golden-uszk\u00e1r, aki im\u00e1dja a bicikliz\u00e9st - \u0160koda We Love Cycling - Magyarorsz\u00e1g<\/title>\n<meta name=\"description\" content=\"Brodie, a goldenpoodle, vagyis golden retriever-uszk\u00e1r kever\u00e9k kutyus term\u00e9szetes \u00e9l\u0151hely\u00e9n, bicikliz\u0151 gazd\u00e1ja h\u00e1t\u00e1n l\u00e1that\u00f3, leggyakrabban Florida utc\u00e1in.\" \/>\n<meta name=\"robots\" content=\"index, follow, max-snippet:-1, max-image-preview:large, max-video-preview:-1\" \/>\n<link rel=\"canonical\" href=\"https:\/\/www.welovecycling.com\/hu\/kozosseg-es-kultura\/brodie-a-golden-uszkar-aki-imadja-a-biciklizest\/\" \/>\n<meta property=\"og:locale\" content=\"hu_HU\" \/>\n<meta property=\"og:type\" content=\"article\" \/>\n<meta property=\"og:title\" content=\"Brodie, a golden-uszk\u00e1r, aki im\u00e1dja a bicikliz\u00e9st\" \/>\n<meta property=\"og:description\" content=\"Brodie, a goldenpoodle, vagyis golden retriever-uszk\u00e1r kever\u00e9k kutyus term\u00e9szetes \u00e9l\u0151hely\u00e9n, bicikliz\u0151 gazd\u00e1ja h\u00e1t\u00e1n l\u00e1that\u00f3, leggyakrabban Florida utc\u00e1in.\" \/>\n<meta property=\"og:url\" content=\"https:\/\/www.welovecycling.com\/hu\/kozosseg-es-kultura\/brodie-a-golden-uszkar-aki-imadja-a-biciklizest\/\" \/>\n<meta property=\"og:site_name\" content=\"\u0160koda We Love Cycling - Magyarorsz\u00e1g\" \/>\n<meta property=\"article:publisher\" content=\"https:\/\/www.facebook.com\/WeLoveCyclingHungary\/\" \/>\n<meta property=\"article:published_time\" content=\"2021-04-24T07:00:58+00:00\" \/>\n<meta property=\"og:image\" content=\"https:\/\/d2p6e6u75xmxt8.cloudfront.net\/12\/2021\/04\/brodie.jpg\" \/>\n\t<meta property=\"og:image:width\" content=\"1505\" \/>\n\t<meta property=\"og:image:height\" content=\"923\" \/>\n\t<meta property=\"og:image:type\" content=\"image\/jpeg\" \/>\n<meta name=\"author\" content=\"hegyizs\" \/>\n<meta name=\"twitter:card\" content=\"summary_large_image\" \/>\n<meta name=\"twitter:label1\" content=\"Written by\" \/>\n\t<meta name=\"twitter:data1\" content=\"WLC\" \/>\n\t<meta name=\"twitter:label2\" content=\"Est. reading time\" \/>\n\t<meta name=\"twitter:data2\" content=\"3 minutes\" \/>\n<script type=\"application\/ld+json\" class=\"yoast-schema-graph\">{\"@context\":\"https:\/\/schema.org\",\"@graph\":[{\"@type\":\"WebPage\",\"@id\":\"https:\/\/www.welovecycling.com\/hu\/kozosseg-es-kultura\/brodie-a-golden-uszkar-aki-imadja-a-biciklizest\/\",\"url\":\"https:\/\/www.welovecycling.com\/hu\/kozosseg-es-kultura\/brodie-a-golden-uszkar-aki-imadja-a-biciklizest\/\",\"name\":\"Brodie, a golden-uszk\u00e1r, aki im\u00e1dja a bicikliz\u00e9st - \u0160koda We Love Cycling - Magyarorsz\u00e1g\",\"isPartOf\":{\"@id\":\"https:\/\/www.welovecycling.com\/hu\/#website\"},\"primaryImageOfPage\":{\"@id\":\"https:\/\/www.welovecycling.com\/hu\/kozosseg-es-kultura\/brodie-a-golden-uszkar-aki-imadja-a-biciklizest\/#primaryimage\"},\"image\":{\"@id\":\"https:\/\/www.welovecycling.com\/hu\/kozosseg-es-kultura\/brodie-a-golden-uszkar-aki-imadja-a-biciklizest\/#primaryimage\"},\"thumbnailUrl\":\"https:\/\/d2p6e6u75xmxt8.cloudfront.net\/12\/2021\/04\/brodie.jpg\",\"datePublished\":\"2021-04-24T07:00:58+00:00\",\"author\":{\"@id\":\"https:\/\/www.welovecycling.com\/hu\/#\/schema\/person\/414a2aebf1801691a5320edb6468e194\"},\"description\":\"Brodie, a goldenpoodle, vagyis golden retriever-uszk\u00e1r kever\u00e9k kutyus term\u00e9szetes \u00e9l\u0151hely\u00e9n, bicikliz\u0151 gazd\u00e1ja h\u00e1t\u00e1n l\u00e1that\u00f3, leggyakrabban Florida utc\u00e1in.\",\"breadcrumb\":{\"@id\":\"https:\/\/www.welovecycling.com\/hu\/kozosseg-es-kultura\/brodie-a-golden-uszkar-aki-imadja-a-biciklizest\/#breadcrumb\"},\"inLanguage\":\"hu\",\"potentialAction\":[{\"@type\":\"ReadAction\",\"target\":[\"https:\/\/www.welovecycling.com\/hu\/kozosseg-es-kultura\/brodie-a-golden-uszkar-aki-imadja-a-biciklizest\/\"]}]},{\"@type\":\"ImageObject\",\"inLanguage\":\"hu\",\"@id\":\"https:\/\/www.welovecycling.com\/hu\/kozosseg-es-kultura\/brodie-a-golden-uszkar-aki-imadja-a-biciklizest\/#primaryimage\",\"url\":\"https:\/\/d2p6e6u75xmxt8.cloudfront.net\/12\/2021\/04\/brodie.jpg\",\"contentUrl\":\"https:\/\/d2p6e6u75xmxt8.cloudfront.net\/12\/2021\/04\/brodie.jpg\",\"width\":1505,\"height\":923},{\"@type\":\"BreadcrumbList\",\"@id\":\"https:\/\/www.welovecycling.com\/hu\/kozosseg-es-kultura\/brodie-a-golden-uszkar-aki-imadja-a-biciklizest\/#breadcrumb\",\"itemListElement\":[{\"@type\":\"ListItem\",\"position\":1,\"name\":\"Home\",\"item\":\"https:\/\/www.welovecycling.com\/hu\/\"},{\"@type\":\"ListItem\",\"position\":2,\"name\":\"Brodie, a golden-uszk\u00e1r, aki im\u00e1dja a bicikliz\u00e9st\"}]},{\"@type\":\"WebSite\",\"@id\":\"https:\/\/www.welovecycling.com\/hu\/#website\",\"url\":\"https:\/\/www.welovecycling.com\/hu\/\",\"name\":\"\u0160koda We Love Cycling - Magyarorsz\u00e1g\",\"description\":\"\u0160koda WeLoveCycling\",\"potentialAction\":[{\"@type\":\"SearchAction\",\"target\":{\"@type\":\"EntryPoint\",\"urlTemplate\":\"https:\/\/www.welovecycling.com\/hu\/?s={search_term_string}\"},\"query-input\":{\"@type\":\"PropertyValueSpecification\",\"valueRequired\":true,\"valueName\":\"search_term_string\"}}],\"inLanguage\":\"hu\"},{\"@type\":\"Person\",\"@id\":\"https:\/\/www.welovecycling.com\/hu\/#\/schema\/person\/414a2aebf1801691a5320edb6468e194\",\"name\":\"hegyizs\",\"image\":{\"@type\":\"ImageObject\",\"inLanguage\":\"hu\",\"@id\":\"https:\/\/www.welovecycling.com\/hu\/#\/schema\/person\/image\/\",\"url\":\"https:\/\/secure.gravatar.com\/avatar\/02cf8a7906b8cf90cecb4679defac7cfd33a1c2e3b88e4903d947f3bb58eedd3?s=96&d=mm&r=g\",\"contentUrl\":\"https:\/\/secure.gravatar.com\/avatar\/02cf8a7906b8cf90cecb4679defac7cfd33a1c2e3b88e4903d947f3bb58eedd3?s=96&d=mm&r=g\",\"caption\":\"hegyizs\"},\"url\":\"https:\/\/www.welovecycling.com\/hu\/author\/hegyizs\/\"}]}<\/script>\n<!-- \/ Yoast SEO Premium plugin. -->","yoast_head_json":{"title":"Brodie, a golden-uszk\u00e1r, aki im\u00e1dja a bicikliz\u00e9st - \u0160koda We Love Cycling - Magyarorsz\u00e1g","description":"Brodie, a goldenpoodle, vagyis golden retriever-uszk\u00e1r kever\u00e9k kutyus term\u00e9szetes \u00e9l\u0151hely\u00e9n, bicikliz\u0151 gazd\u00e1ja h\u00e1t\u00e1n l\u00e1that\u00f3, leggyakrabban Florida utc\u00e1in.","robots":{"index":"index","follow":"follow","max-snippet":"max-snippet:-1","max-image-preview":"max-image-preview:large","max-video-preview":"max-video-preview:-1"},"canonical":"https:\/\/www.welovecycling.com\/hu\/kozosseg-es-kultura\/brodie-a-golden-uszkar-aki-imadja-a-biciklizest\/","og_locale":"hu_HU","og_type":"article","og_title":"Brodie, a golden-uszk\u00e1r, aki im\u00e1dja a bicikliz\u00e9st","og_description":"Brodie, a goldenpoodle, vagyis golden retriever-uszk\u00e1r kever\u00e9k kutyus term\u00e9szetes \u00e9l\u0151hely\u00e9n, bicikliz\u0151 gazd\u00e1ja h\u00e1t\u00e1n l\u00e1that\u00f3, leggyakrabban Florida utc\u00e1in.","og_url":"https:\/\/www.welovecycling.com\/hu\/kozosseg-es-kultura\/brodie-a-golden-uszkar-aki-imadja-a-biciklizest\/","og_site_name":"\u0160koda We Love Cycling - Magyarorsz\u00e1g","article_publisher":"https:\/\/www.facebook.com\/WeLoveCyclingHungary\/","article_published_time":"2021-04-24T07:00:58+00:00","og_image":[{"width":1505,"height":923,"url":"https:\/\/d2p6e6u75xmxt8.cloudfront.net\/12\/2021\/04\/brodie.jpg","type":"image\/jpeg"}],"author":"hegyizs","twitter_card":"summary_large_image","twitter_misc":{"Written by":"WLC","Est. reading time":"3 minutes"},"schema":{"@context":"https:\/\/schema.org","@graph":[{"@type":"WebPage","@id":"https:\/\/www.welovecycling.com\/hu\/kozosseg-es-kultura\/brodie-a-golden-uszkar-aki-imadja-a-biciklizest\/","url":"https:\/\/www.welovecycling.com\/hu\/kozosseg-es-kultura\/brodie-a-golden-uszkar-aki-imadja-a-biciklizest\/","name":"Brodie, a golden-uszk\u00e1r, aki im\u00e1dja a bicikliz\u00e9st - \u0160koda We Love Cycling - Magyarorsz\u00e1g","isPartOf":{"@id":"https:\/\/www.welovecycling.com\/hu\/#website"},"primaryImageOfPage":{"@id":"https:\/\/www.welovecycling.com\/hu\/kozosseg-es-kultura\/brodie-a-golden-uszkar-aki-imadja-a-biciklizest\/#primaryimage"},"image":{"@id":"https:\/\/www.welovecycling.com\/hu\/kozosseg-es-kultura\/brodie-a-golden-uszkar-aki-imadja-a-biciklizest\/#primaryimage"},"thumbnailUrl":"https:\/\/d2p6e6u75xmxt8.cloudfront.net\/12\/2021\/04\/brodie.jpg","datePublished":"2021-04-24T07:00:58+00:00","author":{"@id":"https:\/\/www.welovecycling.com\/hu\/#\/schema\/person\/414a2aebf1801691a5320edb6468e194"},"description":"Brodie, a goldenpoodle, vagyis golden retriever-uszk\u00e1r kever\u00e9k kutyus term\u00e9szetes \u00e9l\u0151hely\u00e9n, bicikliz\u0151 gazd\u00e1ja h\u00e1t\u00e1n l\u00e1that\u00f3, leggyakrabban Florida utc\u00e1in.","breadcrumb":{"@id":"https:\/\/www.welovecycling.com\/hu\/kozosseg-es-kultura\/brodie-a-golden-uszkar-aki-imadja-a-biciklizest\/#breadcrumb"},"inLanguage":"hu","potentialAction":[{"@type":"ReadAction","target":["https:\/\/www.welovecycling.com\/hu\/kozosseg-es-kultura\/brodie-a-golden-uszkar-aki-imadja-a-biciklizest\/"]}]},{"@type":"ImageObject","inLanguage":"hu","@id":"https:\/\/www.welovecycling.com\/hu\/kozosseg-es-kultura\/brodie-a-golden-uszkar-aki-imadja-a-biciklizest\/#primaryimage","url":"https:\/\/d2p6e6u75xmxt8.cloudfront.net\/12\/2021\/04\/brodie.jpg","contentUrl":"https:\/\/d2p6e6u75xmxt8.cloudfront.net\/12\/2021\/04\/brodie.jpg","width":1505,"height":923},{"@type":"BreadcrumbList","@id":"https:\/\/www.welovecycling.com\/hu\/kozosseg-es-kultura\/brodie-a-golden-uszkar-aki-imadja-a-biciklizest\/#breadcrumb","itemListElement":[{"@type":"ListItem","position":1,"name":"Home","item":"https:\/\/www.welovecycling.com\/hu\/"},{"@type":"ListItem","position":2,"name":"Brodie, a golden-uszk\u00e1r, aki im\u00e1dja a bicikliz\u00e9st"}]},{"@type":"WebSite","@id":"https:\/\/www.welovecycling.com\/hu\/#website","url":"https:\/\/www.welovecycling.com\/hu\/","name":"\u0160koda We Love Cycling - Magyarorsz\u00e1g","description":"\u0160koda WeLoveCycling","potentialAction":[{"@type":"SearchAction","target":{"@type":"EntryPoint","urlTemplate":"https:\/\/www.welovecycling.com\/hu\/?s={search_term_string}"},"query-input":{"@type":"PropertyValueSpecification","valueRequired":true,"valueName":"search_term_string"}}],"inLanguage":"hu"},{"@type":"Person","@id":"https:\/\/www.welovecycling.com\/hu\/#\/schema\/person\/414a2aebf1801691a5320edb6468e194","name":"hegyizs","image":{"@type":"ImageObject","inLanguage":"hu","@id":"https:\/\/www.welovecycling.com\/hu\/#\/schema\/person\/image\/","url":"https:\/\/secure.gravatar.com\/avatar\/02cf8a7906b8cf90cecb4679defac7cfd33a1c2e3b88e4903d947f3bb58eedd3?s=96&d=mm&r=g","contentUrl":"https:\/\/secure.gravatar.com\/avatar\/02cf8a7906b8cf90cecb4679defac7cfd33a1c2e3b88e4903d947f3bb58eedd3?s=96&d=mm&r=g","caption":"hegyizs"},"url":"https:\/\/www.welovecycling.com\/hu\/author\/hegyizs\/"}]}},"_links":{"self":[{"href":"https:\/\/www.welovecycling.com\/hu\/wp-json\/wp\/v2\/posts\/10684","targetHints":{"allow":["GET"]}}],"collection":[{"href":"https:\/\/www.welovecycling.com\/hu\/wp-json\/wp\/v2\/posts"}],"about":[{"href":"https:\/\/www.welovecycling.com\/hu\/wp-json\/wp\/v2\/types\/post"}],"author":[{"embeddable":true,"href":"https:\/\/www.welovecycling.com\/hu\/wp-json\/wp\/v2\/users\/71"}],"replies":[{"embeddable":true,"href":"https:\/\/www.welovecycling.com\/hu\/wp-json\/wp\/v2\/comments?post=10684"}],"version-history":[{"count":1,"href":"https:\/\/www.welovecycling.com\/hu\/wp-json\/wp\/v2\/posts\/10684\/revisions"}],"predecessor-version":[{"id":10688,"href":"https:\/\/www.welovecycling.com\/hu\/wp-json\/wp\/v2\/posts\/10684\/revisions\/10688"}],"wp:featuredmedia":[{"embeddable":true,"href":"https:\/\/www.welovecycling.com\/hu\/wp-json\/wp\/v2\/media\/10685"}],"wp:attachment":[{"href":"https:\/\/www.welovecycling.com\/hu\/wp-json\/wp\/v2\/media?parent=10684"}],"wp:term":[{"taxonomy":"category","embeddable":true,"href":"https:\/\/www.welovecycling.com\/hu\/wp-json\/wp\/v2\/categories?post=10684"},{"taxonomy":"post_tag","embeddable":true,"href":"https:\/\/www.welovecycling.com\/hu\/wp-json\/wp\/v2\/tags?post=10684"},{"taxonomy":"global-categories","embeddable":true,"href":"https:\/\/www.welovecycling.com\/hu\/wp-json\/wp\/v2\/global-categories?post=10684"}],"curies":[{"name":"wp","href":"https:\/\/api.w.org\/{rel}","templated":true}]}}