{"id":10672,"date":"2021-04-21T08:00:45","date_gmt":"2021-04-21T07:00:45","guid":{"rendered":"https:\/\/www.welovecycling.com\/hu\/?p=10672"},"modified":"2021-04-16T15:19:25","modified_gmt":"2021-04-16T14:19:25","slug":"9-futurisztikus-biciklis-megoldas-ami-biztonsagosabba-teszi-az-eletet","status":"publish","type":"post","link":"https:\/\/www.welovecycling.com\/hu\/kozosseg-es-kultura\/9-futurisztikus-biciklis-megoldas-ami-biztonsagosabba-teszi-az-eletet\/","title":{"rendered":"9 futurisztikus biciklis megold\u00e1s, ami biztons\u00e1gosabb\u00e1 teszi az \u00e9letet"},"content":{"rendered":"<p><strong>A biztons\u00e1g \u00fatk\u00f6zben a legfontosabb \u2013 a biciklisek sz\u00e1m\u00e1ra f\u0151leg, akik a v\u00e9d\u0151felszerel\u00e9s \u00e9s a jelzett ker\u00e9kp\u00e1rutak ellen\u00e9re gyakran ker\u00fclnek kiszolg\u00e1ltatott helyzetbe. Noha a koncentr\u00e1ci\u00f3, a figyelem \u00e9s a k\u00f6zleked\u00e9si szab\u00e1lyok ismerete mindenn\u00e9l fontosabb, mi\u00e9rt ne k\u00f6nny\u00edthetn\u00e9nk meg a dolgunkat a technika seg\u00edts\u00e9g\u00e9vel annak \u00e9rdek\u00e9ben, hogy elker\u00fclj\u00fck a bajt?<\/strong><!--more--><\/p>\n<p>N\u00e9zz\u00fcnk meg 9 \u00f6tletes megold\u00e1st, amiket pont arra terveztek, hogy t\u00e9ged seg\u00edtsenek bicikliz\u00e9s k\u00f6zben. \u00cdgy nyugodtan \u00e9lvezheted az utat \u00e9s nagyobb biztons\u00e1gban juthatsz el a c\u00e9lodig.<\/p>\n<h2><strong>Vag\u00e1ny bicikliutak a magasban<\/strong><\/h2>\n<figure id=\"attachment_10673\" aria-describedby=\"caption-attachment-10673\" style=\"width: 636px\" class=\"wp-caption aligncenter\"><img loading=\"lazy\" decoding=\"async\" class=\"size-full wp-image-10673\" src=\"https:\/\/d2p6e6u75xmxt8.cloudfront.net\/12\/2021\/04\/Cykelslangen.jpg\" alt=\"\" width=\"636\" height=\"611\" srcset=\"https:\/\/d2p6e6u75xmxt8.cloudfront.net\/12\/2021\/04\/Cykelslangen.jpg 636w, https:\/\/d2p6e6u75xmxt8.cloudfront.net\/12\/2021\/04\/Cykelslangen-300x288.jpg 300w\" sizes=\"auto, (max-width: 636px) 100vw, 636px\" \/><figcaption id=\"caption-attachment-10673\" class=\"wp-caption-text\">A koppenh\u00e1gai Cykelslangen \u00a9 Profimedia<\/figcaption><\/figure>\n<p>A \u201eha meg\u00e9p\u00edted, haszn\u00e1lni fogj\u00e1k\u201d szab\u00e1ly minden bizonnyal a bicikli-bar\u00e1t \u00e9p\u00edt\u00e9szetre \u00e9s a v\u00e1rostervez\u00e9sre is igaz. Egy <a href=\"https:\/\/www.sciencedaily.com\/releases\/2019\/04\/190410105724.htm\">tanulm\u00e1ny szerint<\/a> azok a ker\u00e9kp\u00e1rutak, amik csup\u00e1n fest\u00e9kkel vannak megjel\u00f6lve, nem optim\u00e1lisak a ker\u00e9kp\u00e1rosok \u00e9s az aut\u00f3sok biztons\u00e1g\u00e1nak meg\u0151rz\u00e9s\u00e9hez. Ehelyett jobb megold\u00e1st jelenthet, ha a bicikliseket jobban elk\u00fcl\u00f6n\u00edtik a motoriz\u00e1lt forgalomt\u00f3l. Ezt a gondolatmenetet k\u00f6vetve ki ne szeretne olyan sz\u00e9ps\u00e9gen bicajozni, mint a h\u00edres holland <a href=\"https:\/\/ipvdelft.com\/projects\/hovenring\/\">Hovenring<\/a>? Ez a felf\u00fcggesztett k\u00f6r alak\u00fa bicikli\u00fat \u00e9s a 72 m\u00e9ter \u00e1tm\u00e9r\u0151j\u0171 gyalogos \u00fat Eindhoven \u00e9s Veldhoven v\u00e1ros b\u00fcszkes\u00e9ge. Amellett, hogy szuper helyi l\u00e1tv\u00e1nyoss\u00e1g, nagyszer\u0171 kil\u00e1t\u00e1st ny\u00fajt \u00e9s biztons\u00e1got ad t\u00f6bb ezer biciklis sz\u00e1m\u00e1ra.<\/p>\n<p>Hasonl\u00f3 megold\u00e1s a <a href=\"https:\/\/www.youtube.com\/watch?v=iypvbe6J6Qs\">\u201eCykelslangen\u201d,<\/a> m\u00e1s n\u00e9ven a koppenh\u00e1gai ker\u00e9kp\u00e1r-k\u00edgy\u00f3. Ez a felt\u0171n\u0151, v\u00edz feletti magas biciklis\u00e1v \u00f6sszek\u00f6ti az aut\u00f3p\u00e1ly\u00e1t \u00e9s a kik\u00f6t\u0151i hidat \u00e9s enyh\u00edti a nagy forgalomban felgy\u00fcleml\u0151 fesz\u00fclts\u00e9get.<\/p>\n<h2><strong>Izz\u00f3 \u00f6sv\u00e9nyek<\/strong><\/h2>\n<p>A holland \u201e<a href=\"https:\/\/www.studioroosegaarde.net\/project\/van-gogh-path\">Starry Night\u201d nev\u0171 vil\u00e1g\u00edt\u00f3 bicikli\u00fat<\/a> az egyik legt\u00f6bbet f\u00e9nyk\u00e9pezett Insta-kompatibilis megold\u00e1s a biztons\u00e1gos \u00e9jszakai ker\u00e9kp\u00e1roz\u00e1sra. A Roosegaarde studio \u00e1ltal meg\u00e1lmodott Van Gogh-utat LED-es l\u00e1mp\u00e1kkal tervezt\u00e9k meg, amik naplemente ut\u00e1n k\u00fcl\u00f6nb\u00f6z\u0151 sz\u00ednekkel vil\u00e1g\u00edtanak \u00e9s a h\u00edres n\u00e9vad\u00f3 holland m\u0171v\u00e9sz munk\u00e1j\u00e1hoz hasonl\u00f3 mint\u00e1k rajzol\u00f3dnak ki bel\u0151l\u00fck. Az \u00f6sv\u00e9ny egy nagyobb projekt r\u00e9sze, aminek c\u00e9lja a fenntarthat\u00f3 \u00e9s interakt\u00edv utak megtervez\u00e9se.<\/p>\n<figure id=\"attachment_10675\" aria-describedby=\"caption-attachment-10675\" style=\"width: 1024px\" class=\"wp-caption aligncenter\"><img loading=\"lazy\" decoding=\"async\" class=\"size-large wp-image-10675\" src=\"https:\/\/d2p6e6u75xmxt8.cloudfront.net\/12\/2021\/04\/Van-Gogh-path-profimedia-0211336017-1024x683.jpg\" alt=\"\" width=\"1024\" height=\"683\" srcset=\"https:\/\/d2p6e6u75xmxt8.cloudfront.net\/12\/2021\/04\/Van-Gogh-path-profimedia-0211336017-1024x683.jpg 1024w, https:\/\/d2p6e6u75xmxt8.cloudfront.net\/12\/2021\/04\/Van-Gogh-path-profimedia-0211336017-300x200.jpg 300w, https:\/\/d2p6e6u75xmxt8.cloudfront.net\/12\/2021\/04\/Van-Gogh-path-profimedia-0211336017-768x512.jpg 768w, https:\/\/d2p6e6u75xmxt8.cloudfront.net\/12\/2021\/04\/Van-Gogh-path-profimedia-0211336017-1536x1024.jpg 1536w, https:\/\/d2p6e6u75xmxt8.cloudfront.net\/12\/2021\/04\/Van-Gogh-path-profimedia-0211336017-272x182.jpg 272w, https:\/\/d2p6e6u75xmxt8.cloudfront.net\/12\/2021\/04\/Van-Gogh-path-profimedia-0211336017.jpg 1800w\" sizes=\"auto, (max-width: 1024px) 100vw, 1024px\" \/><figcaption id=\"caption-attachment-10675\" class=\"wp-caption-text\">Leny\u0171g\u00f6z\u0151 Van Gogh inspir\u00e1lta ker\u00e9kp\u00e1r\u00fat Hollandi\u00e1ban. \u00a9 Profimedia<\/figcaption><\/figure>\n<p>A lengyel Lidzbark Warminski v\u00e1ros v\u00e1rostervez\u0151it megihlett\u00e9k a holland koll\u00e9g\u00e1k \u00e9s megtervezt\u00e9k <a href=\"https:\/\/ecofriend.org\/poland-takes-a-shine-with-solar-powered-luminous-bike-lane\/\">saj\u00e1t kivil\u00e1g\u00edtott biciklis\u00e1vjukat<\/a>, amit a TPA Instytut Badan Technicznych c\u00e9g alkotott meg. Ez a s\u00e1v nem ig\u00e9nyel LED l\u00e1mp\u00e1kat, luminofor vil\u00e1g\u00edtja meg: ez egy mesters\u00e9ges anyag, ami b\u00e9k\u00e9s k\u00e9k \u00e1rnyalattal vil\u00e1g\u00edt, miut\u00e1n k\u00f6rnyezetbar\u00e1t m\u00f3don felt\u00f6lt\u00f6tte a nap energi\u00e1ja.<\/p>\n<h2><strong>Biciklisekre szabott \u00fatvonaltervez\u0151 alkalmaz\u00e1sok<\/strong><\/h2>\n<p>A biztons\u00e1g az \u00fatvonal megtervez\u00e9s\u00e9n\u00e9l kezd\u0151dik. Lehet, hogy nem el\u00e9g r\u00e1n\u00e9zni a t\u00e9rk\u00e9pre, mivel a v\u00e1rosi forgalmi viszonyok \u00f3r\u00e1nk\u00e9nt v\u00e1ltoznak. Ez\u00e9rt v\u00e1lt aktu\u00e1lis t\u00e9m\u00e1v\u00e1 a val\u00f3s idej\u0171 v\u00e1rosi mobilit\u00e1s az utaz\u00e1si alkalmaz\u00e1sok fejleszt\u0151i k\u00f6r\u00e9ben.<\/p>\n<p>P\u00e9ld\u00e1ul a<a href=\"https:\/\/citymapper.com\/nuremberg?lang=en\"> Citymapper<\/a> a felhaszn\u00e1l\u00f3k v\u00e9lem\u00e9nye alapj\u00e1n becs\u00fcli meg a ker\u00e9kp\u00e1r\u00fat idej\u00e9t, az egyes \u00fatvonalakat h\u00e1rom csoportba sorolva: alacsony forgalm\u00fa, \u00e1tlagos \u00e9s zs\u00fafolt. Ezt a koncepci\u00f3t m\u00e1r tov\u00e1bb is fejlesztett\u00e9k, \u00e9s intelligens mobilit\u00e1si platformokon K\u00f6lnben (N\u00e9metorsz\u00e1g), Port\u00f3ban (Portug\u00e1lia) \u00e9s Trikal\u00e1ban (G\u00f6r\u00f6gorsz\u00e1g) is k\u00eds\u00e9rleteznek.<\/p>\n<h2><strong>POC Omne \u00d6r\u00f6k Sisak<\/strong><\/h2>\n<p>Ahogy azt a neve is sugallja, ha ezt a sisakod hordod, soha t\u00f6bb\u00e9 nem lesz sz\u00fcks\u00e9ged t\u00f6lt\u0151k\u00e1belre, \u00faj akkumul\u00e1torokra \u00e9s a l\u00e1that\u00f3s\u00e1g miatt sem kell agg\u00f3dnod. Az <a href=\"https:\/\/www.welovecycling.com\/wide\/2021\/02\/26\/the-omne-eternal-helmet-by-poc-powers-itself-how\/\">Omne Eternal Helmet<\/a> felsz\u00edn\u00e9t egy szabadalmaztatott, a POC \u00e1ltal tervezett f\u00e9nygy\u0171jt\u0151 anyag bor\u00edtja, ami felhaszn\u00e1lja a napenergi\u00e1t a piros h\u00e1ts\u00f3 l\u00e1mpa felt\u00f6lt\u00e9s\u00e9re. Nincs sz\u00fcks\u00e9g kapcsol\u00f3ra, mivel a sisak \u00e9rz\u00e9kel\u0151inek seg\u00edts\u00e9g\u00e9vel egyszer\u0171en felismeri, ha \u00e9ppen viselik, \u00edgy nem kell eml\u00e9kezned arra, hogy minden menet el\u0151tt bekapcsold. Lev\u00e9telkor a l\u00e1mpa automatikusan le\u00e1ll. A sisak tart\u00f3s, k\u00f6nny\u0171 \u00e9s szell\u0151s, egyszerre biztons\u00e1gos \u00e9s k\u00e9nyelmes.<\/p>\n<h2><strong>Garmin Varia h\u00e1ts\u00f3 radar \u00e9s l\u00e1mpa<\/strong><\/h2>\n<p>Ez az eleg\u00e1ns kin\u00e9zet\u0171 ov\u00e1lis doboz t\u00f6bb egy h\u00e1ts\u00f3 l\u00e1mp\u00e1n\u00e1l. A <a href=\"https:\/\/buy.garmin.com\/en-US\/US\/p\/698001\">Varia RTL515<\/a> radar \u00e9s h\u00e1ts\u00f3 l\u00e1mpa egyben, ami a <a href=\"https:\/\/buy.garmin.com\/en-US\/US\/p\/611996\/pn\/010-02029-00\">Garmin Edge ker\u00e9kp\u00e1ros sz\u00e1m\u00edt\u00f3g\u00e9ppel \u00e9s okostelefonnal<\/a> is p\u00e1ros\u00edthat\u00f3, \u00edgy tud figyelmeztetni a h\u00e1tulr\u00f3l k\u00f6zeled\u0151 j\u00e1rm\u0171vekre.<\/p>\n<p>Kicsi, k\u00f6nnyen felszerelhet\u0151 \u00e9s b\u00e1rmilyen ker\u00e9kp\u00e1rral kompatibilis. Hasonl\u00f3 a <a href=\"https:\/\/www.skoda-auto.com\/models\/range\/enyaq-iv?_ga=2.208176343.436238450.1618471168-44ff0655-205e-40ff-8bb9-a780ef6344d0\">\u0160koda ENYAQ parkol\u00e1si t\u00e1vols\u00e1g-ellen\u0151rz\u0151 funkci\u00f3j\u00e1hoz<\/a>. Felh\u00edvja a figyelmed a bicikli m\u00f6g\u00f6tti akad\u00e1lyokra, mivel a Varia sz\u00f3ban \u00e9s vizu\u00e1lisan is figyelmeztet, ha egy j\u00e1rm\u0171 legfeljebb 140 m\u00e9terre van t\u0151led.<\/p>\n<h2><strong>Wink Bar, egy korm\u00e1ny GPS-szel<\/strong><\/h2>\n<p>Szeretn\u00e9l intelligens korm\u00e1nnyal tekerni? A <a href=\"https:\/\/velco.tech\/en\/wink-bar\/\">Wink Bar<\/a>-nak k\u00f6sz\u00f6nhet\u0151en most megteheted! Ez a remek eszk\u00f6z veszi a GPS-jelet, b\u00e1rmilyen biciklire telep\u00edthet\u0151 \u00e9s okostelefonnal vez\u00e9relhet\u0151. Szabadalmaztatott WinkNav navig\u00e1ci\u00f3s rendszert haszn\u00e1l, ami lehet\u0151v\u00e9 teszi, hogy eltedd az okostelefonodat \u00e9s csak az \u00fatra \u00e9s a forgalomra figyelj. De hogyan?<\/p>\n<p>\u00cdrd be \u00fatic\u00e9lod az alkalmaz\u00e1sba, cs\u00fasztasd zsebedbe a telefont \u00e9s a korm\u00e1ny az integr\u00e1lt LED f\u00e9nyjelekkel fog vezetni t\u00e9ged. Hamarosan fordulj balra, fordulj most, a harmadik utc\u00e1n\u00e1l fordulj jobbra, fordulj meg\u2026 a Wink Bar mindezt jelzi! Az integr\u00e1lt GPS-nyomk\u00f6vet\u0151 rendszer lop\u00e1s eset\u00e9n f\u00f6ldrajzi helymeghat\u00e1roz\u00e1st is \u00edg\u00e9r \u2013 leegyszer\u0171s\u00edtve: megtal\u00e1lja az ellopott ker\u00e9kp\u00e1rt. Mindennek a tetej\u00e9be a Wink Bar be\u00e9p\u00edtett f\u00e9nysz\u00f3r\u00f3kat is tartalmaz. Mit nem lehet benne szeretni?<\/p>\n<h2><strong>Calamus Ultra-Bicikli<\/strong><\/h2>\n<figure id=\"attachment_10677\" aria-describedby=\"caption-attachment-10677\" style=\"width: 868px\" class=\"wp-caption aligncenter\"><img loading=\"lazy\" decoding=\"async\" class=\"size-large wp-image-10677\" src=\"https:\/\/d2p6e6u75xmxt8.cloudfront.net\/12\/2021\/04\/Calamus-profimedia-0475731118-868x1024.jpg\" alt=\"\" width=\"868\" height=\"1024\" srcset=\"https:\/\/d2p6e6u75xmxt8.cloudfront.net\/12\/2021\/04\/Calamus-profimedia-0475731118-868x1024.jpg 868w, https:\/\/d2p6e6u75xmxt8.cloudfront.net\/12\/2021\/04\/Calamus-profimedia-0475731118-254x300.jpg 254w, https:\/\/d2p6e6u75xmxt8.cloudfront.net\/12\/2021\/04\/Calamus-profimedia-0475731118-768x906.jpg 768w, https:\/\/d2p6e6u75xmxt8.cloudfront.net\/12\/2021\/04\/Calamus-profimedia-0475731118.jpg 1015w\" sizes=\"auto, (max-width: 868px) 100vw, 868px\" \/><figcaption id=\"caption-attachment-10677\" class=\"wp-caption-text\">Ez a bicikli seg\u00edt felm\u00e9rni a k\u00f6rnyezeted. \u00a9 Profimedia<\/figcaption><\/figure>\n<p>Az e-ker\u00e9kp\u00e1r haszn\u00e1l\u00f3knak eddig az \u00e9bers\u00e9g\u00fckre vagy t\u00e1rsaik \u00e9les szemeire kellett hagyatkozniuk. Nemr\u00e9g a berlini sz\u00e9khely\u0171 Calamus start-up c\u00e9g teljesen \u00faj g\u00e9peket mutatott be \u201eUltra-Biciklik\u201d n\u00e9ven. Legh\u00edresebb e-bicajuk, a <a href=\"https:\/\/calamusbikes.com\/\">Calamus One<\/a> a Blindspot Assist System seg\u00edts\u00e9g\u00e9vel figyelmeztet a t\u00f6bbi j\u00e1rm\u0171re, folyamatosan vizsg\u00e1lja a k\u00f6rnyezetet \u00e9s a korm\u00e1ny rezg\u00e9s\u00e9vel tudatja veled, ha valami t\u00fal k\u00f6zel ker\u00fcl hozz\u00e1d. A rendszer a korabeli e-aut\u00f3khoz hasonl\u00f3 biztons\u00e1gi funkci\u00f3k, p\u00e9ld\u00e1ul utaz\u00e1s vagy a parkol\u00e1si seg\u00e9deszk\u00f6z\u00f6k tekintet\u00e9ben p\u00e9ld\u00e1ul a <a href=\"https:\/\/www.skoda-auto.com\/models\/range\/enyaq-iv?_ga=2.248475586.436238450.1618471168-44ff0655-205e-40ff-8bb9-a780ef6344d0\">\u0160koda ENYAQ<\/a> aut\u00f3ra hajaz. A Calamus korm\u00e1nya leny\u0171g\u00f6z\u0151 \u00e9s minimalista LED ir\u00e1nyjelz\u0151ket rejtenek, amiket egy gomb seg\u00edts\u00e9g\u00e9vel aktiv\u00e1lhatsz.<\/p>\n<h2><strong>H\u00f6vding biciklis l\u00e9gzs\u00e1k<\/strong><\/h2>\n<p>A <a href=\"https:\/\/hovding.com\/\">sv\u00e9d H\u00f6vding Cycling Airbag<\/a> olyan, mintha egyenesen egy indie sci-fi filmb\u0151l j\u00f6tt volna. A \u201evil\u00e1g legbiztons\u00e1gosabb fejv\u00e9d\u0151je\u201d egy cipz\u00e1rral r\u00f6gz\u00edtett nyakgall\u00e9r form\u00e1j\u00e1ban jelenik meg. A gy\u00e1rt\u00f3 \u00e1ll\u00edt\u00e1sa szerint baleset eset\u00e9n a l\u00e9gzs\u00e1k felismeri a vesz\u00e9lyes \u00fct\u00e9st \u00e9s elk\u00e9peszt\u0151 m\u00f3don 0,1 m\u00e1sodperc alatt felf\u00faj\u00f3dik. \u00c1ll\u00edt\u00f3lag nyolcszor jobban v\u00e9di a kopony\u00e1t egy hagyom\u00e1nyos sisakn\u00e1l, r\u00e1ad\u00e1sul Bluetooth-kapcsolattal is rendelkezik, hogy \u00fctk\u00f6z\u00e9s eset\u00e9n \u00e9rtes\u00edteni tudja az el\u0151re kiv\u00e1lasztott szem\u00e9lyeket. <a href=\"https:\/\/www.welovecycling.com\/hu\/biztonsag\/ki-ne-szeretne-egy-divatos-es-felfujhato-sisak-gallert\/\">Ki ne szeretne egy divatos \u00e9s felf\u00fajhat\u00f3 sisak-gall\u00e9rt?<\/a><\/p>\n","protected":false},"excerpt":{"rendered":"<p>A biztons\u00e1g \u00fatk\u00f6zben a legfontosabb \u2013 a biciklisek sz\u00e1m\u00e1ra f\u0151leg, akik a v\u00e9d\u0151felszerel\u00e9s \u00e9s a jelzett ker\u00e9kp\u00e1rutak ellen\u00e9re gyakran ker\u00fclnek [&hellip;]<\/p>\n","protected":false},"author":71,"featured_media":10671,"comment_status":"closed","ping_status":"closed","sticky":false,"template":"","format":"standard","meta":{"footnotes":""},"categories":[12],"tags":[],"global-categories":[],"class_list":["post-10672","post","type-post","status-publish","format-standard","has-post-thumbnail","hentry","category-kozosseg-es-kultura"],"yoast_head":"<!-- This site is optimized with the Yoast SEO Premium plugin v25.3 (Yoast SEO v25.9) - https:\/\/yoast.com\/wordpress\/plugins\/seo\/ -->\n<title>9 futurisztikus biciklis megold\u00e1s, ami biztons\u00e1gosabb\u00e1 teszi az \u00e9letet<\/title>\n<meta name=\"description\" content=\"A biztons\u00e1g \u00fatk\u00f6zben a legfontosabb \u2013 a biciklisek sz\u00e1m\u00e1ra f\u0151leg, akik a v\u00e9d\u0151felszerel\u00e9s \u00e9s a jelzett ker\u00e9kp\u00e1rutak ellen\u00e9re gyakran ker\u00fclnek kiszolg\u00e1ltatott helyzetbe.\" \/>\n<meta name=\"robots\" content=\"index, follow, max-snippet:-1, max-image-preview:large, max-video-preview:-1\" \/>\n<link rel=\"canonical\" href=\"https:\/\/www.welovecycling.com\/hu\/kozosseg-es-kultura\/9-futurisztikus-biciklis-megoldas-ami-biztonsagosabba-teszi-az-eletet\/\" \/>\n<meta property=\"og:locale\" content=\"hu_HU\" \/>\n<meta property=\"og:type\" content=\"article\" \/>\n<meta property=\"og:title\" content=\"9 futurisztikus biciklis megold\u00e1s, ami biztons\u00e1gosabb\u00e1 teszi az \u00e9letet\" \/>\n<meta property=\"og:description\" content=\"A biztons\u00e1g \u00fatk\u00f6zben a legfontosabb \u2013 a biciklisek sz\u00e1m\u00e1ra f\u0151leg, akik a v\u00e9d\u0151felszerel\u00e9s \u00e9s a jelzett ker\u00e9kp\u00e1rutak ellen\u00e9re gyakran ker\u00fclnek kiszolg\u00e1ltatott helyzetbe.\" \/>\n<meta property=\"og:url\" content=\"https:\/\/www.welovecycling.com\/hu\/kozosseg-es-kultura\/9-futurisztikus-biciklis-megoldas-ami-biztonsagosabba-teszi-az-eletet\/\" \/>\n<meta property=\"og:site_name\" content=\"\u0160koda We Love Cycling - Magyarorsz\u00e1g\" \/>\n<meta property=\"article:publisher\" content=\"https:\/\/www.facebook.com\/WeLoveCyclingHungary\/\" \/>\n<meta property=\"article:published_time\" content=\"2021-04-21T07:00:45+00:00\" \/>\n<meta property=\"og:image\" content=\"https:\/\/d2p6e6u75xmxt8.cloudfront.net\/12\/2021\/04\/Hovenring-CVR-profimedia-0494870829.jpeg\" \/>\n\t<meta property=\"og:image:width\" content=\"1366\" \/>\n\t<meta property=\"og:image:height\" content=\"600\" \/>\n\t<meta property=\"og:image:type\" content=\"image\/jpeg\" \/>\n<meta name=\"author\" content=\"hegyizs\" \/>\n<meta name=\"twitter:card\" content=\"summary_large_image\" \/>\n<meta name=\"twitter:label1\" content=\"Written by\" \/>\n\t<meta name=\"twitter:data1\" content=\"WLC\" \/>\n\t<meta name=\"twitter:label2\" content=\"Est. reading time\" \/>\n\t<meta name=\"twitter:data2\" content=\"7 minutes\" \/>\n<script type=\"application\/ld+json\" class=\"yoast-schema-graph\">{\"@context\":\"https:\/\/schema.org\",\"@graph\":[{\"@type\":\"WebPage\",\"@id\":\"https:\/\/www.welovecycling.com\/hu\/kozosseg-es-kultura\/9-futurisztikus-biciklis-megoldas-ami-biztonsagosabba-teszi-az-eletet\/\",\"url\":\"https:\/\/www.welovecycling.com\/hu\/kozosseg-es-kultura\/9-futurisztikus-biciklis-megoldas-ami-biztonsagosabba-teszi-az-eletet\/\",\"name\":\"9 futurisztikus biciklis megold\u00e1s, ami biztons\u00e1gosabb\u00e1 teszi az \u00e9letet\",\"isPartOf\":{\"@id\":\"https:\/\/www.welovecycling.com\/hu\/#website\"},\"primaryImageOfPage\":{\"@id\":\"https:\/\/www.welovecycling.com\/hu\/kozosseg-es-kultura\/9-futurisztikus-biciklis-megoldas-ami-biztonsagosabba-teszi-az-eletet\/#primaryimage\"},\"image\":{\"@id\":\"https:\/\/www.welovecycling.com\/hu\/kozosseg-es-kultura\/9-futurisztikus-biciklis-megoldas-ami-biztonsagosabba-teszi-az-eletet\/#primaryimage\"},\"thumbnailUrl\":\"https:\/\/d2p6e6u75xmxt8.cloudfront.net\/12\/2021\/04\/Hovenring-CVR-profimedia-0494870829.jpeg\",\"datePublished\":\"2021-04-21T07:00:45+00:00\",\"author\":{\"@id\":\"https:\/\/www.welovecycling.com\/hu\/#\/schema\/person\/414a2aebf1801691a5320edb6468e194\"},\"description\":\"A biztons\u00e1g \u00fatk\u00f6zben a legfontosabb \u2013 a biciklisek sz\u00e1m\u00e1ra f\u0151leg, akik a v\u00e9d\u0151felszerel\u00e9s \u00e9s a jelzett ker\u00e9kp\u00e1rutak ellen\u00e9re gyakran ker\u00fclnek kiszolg\u00e1ltatott helyzetbe.\",\"breadcrumb\":{\"@id\":\"https:\/\/www.welovecycling.com\/hu\/kozosseg-es-kultura\/9-futurisztikus-biciklis-megoldas-ami-biztonsagosabba-teszi-az-eletet\/#breadcrumb\"},\"inLanguage\":\"hu\",\"potentialAction\":[{\"@type\":\"ReadAction\",\"target\":[\"https:\/\/www.welovecycling.com\/hu\/kozosseg-es-kultura\/9-futurisztikus-biciklis-megoldas-ami-biztonsagosabba-teszi-az-eletet\/\"]}]},{\"@type\":\"ImageObject\",\"inLanguage\":\"hu\",\"@id\":\"https:\/\/www.welovecycling.com\/hu\/kozosseg-es-kultura\/9-futurisztikus-biciklis-megoldas-ami-biztonsagosabba-teszi-az-eletet\/#primaryimage\",\"url\":\"https:\/\/d2p6e6u75xmxt8.cloudfront.net\/12\/2021\/04\/Hovenring-CVR-profimedia-0494870829.jpeg\",\"contentUrl\":\"https:\/\/d2p6e6u75xmxt8.cloudfront.net\/12\/2021\/04\/Hovenring-CVR-profimedia-0494870829.jpeg\",\"width\":1366,\"height\":600,\"caption\":\"Hovenring\"},{\"@type\":\"BreadcrumbList\",\"@id\":\"https:\/\/www.welovecycling.com\/hu\/kozosseg-es-kultura\/9-futurisztikus-biciklis-megoldas-ami-biztonsagosabba-teszi-az-eletet\/#breadcrumb\",\"itemListElement\":[{\"@type\":\"ListItem\",\"position\":1,\"name\":\"Home\",\"item\":\"https:\/\/www.welovecycling.com\/hu\/\"},{\"@type\":\"ListItem\",\"position\":2,\"name\":\"9 futurisztikus biciklis megold\u00e1s, ami biztons\u00e1gosabb\u00e1 teszi az \u00e9letet\"}]},{\"@type\":\"WebSite\",\"@id\":\"https:\/\/www.welovecycling.com\/hu\/#website\",\"url\":\"https:\/\/www.welovecycling.com\/hu\/\",\"name\":\"\u0160koda We Love Cycling - Magyarorsz\u00e1g\",\"description\":\"\u0160koda WeLoveCycling\",\"potentialAction\":[{\"@type\":\"SearchAction\",\"target\":{\"@type\":\"EntryPoint\",\"urlTemplate\":\"https:\/\/www.welovecycling.com\/hu\/?s={search_term_string}\"},\"query-input\":{\"@type\":\"PropertyValueSpecification\",\"valueRequired\":true,\"valueName\":\"search_term_string\"}}],\"inLanguage\":\"hu\"},{\"@type\":\"Person\",\"@id\":\"https:\/\/www.welovecycling.com\/hu\/#\/schema\/person\/414a2aebf1801691a5320edb6468e194\",\"name\":\"hegyizs\",\"image\":{\"@type\":\"ImageObject\",\"inLanguage\":\"hu\",\"@id\":\"https:\/\/www.welovecycling.com\/hu\/#\/schema\/person\/image\/\",\"url\":\"https:\/\/secure.gravatar.com\/avatar\/02cf8a7906b8cf90cecb4679defac7cfd33a1c2e3b88e4903d947f3bb58eedd3?s=96&d=mm&r=g\",\"contentUrl\":\"https:\/\/secure.gravatar.com\/avatar\/02cf8a7906b8cf90cecb4679defac7cfd33a1c2e3b88e4903d947f3bb58eedd3?s=96&d=mm&r=g\",\"caption\":\"hegyizs\"},\"url\":\"https:\/\/www.welovecycling.com\/hu\/author\/hegyizs\/\"}]}<\/script>\n<!-- \/ Yoast SEO Premium plugin. -->","yoast_head_json":{"title":"9 futurisztikus biciklis megold\u00e1s, ami biztons\u00e1gosabb\u00e1 teszi az \u00e9letet","description":"A biztons\u00e1g \u00fatk\u00f6zben a legfontosabb \u2013 a biciklisek sz\u00e1m\u00e1ra f\u0151leg, akik a v\u00e9d\u0151felszerel\u00e9s \u00e9s a jelzett ker\u00e9kp\u00e1rutak ellen\u00e9re gyakran ker\u00fclnek kiszolg\u00e1ltatott helyzetbe.","robots":{"index":"index","follow":"follow","max-snippet":"max-snippet:-1","max-image-preview":"max-image-preview:large","max-video-preview":"max-video-preview:-1"},"canonical":"https:\/\/www.welovecycling.com\/hu\/kozosseg-es-kultura\/9-futurisztikus-biciklis-megoldas-ami-biztonsagosabba-teszi-az-eletet\/","og_locale":"hu_HU","og_type":"article","og_title":"9 futurisztikus biciklis megold\u00e1s, ami biztons\u00e1gosabb\u00e1 teszi az \u00e9letet","og_description":"A biztons\u00e1g \u00fatk\u00f6zben a legfontosabb \u2013 a biciklisek sz\u00e1m\u00e1ra f\u0151leg, akik a v\u00e9d\u0151felszerel\u00e9s \u00e9s a jelzett ker\u00e9kp\u00e1rutak ellen\u00e9re gyakran ker\u00fclnek kiszolg\u00e1ltatott helyzetbe.","og_url":"https:\/\/www.welovecycling.com\/hu\/kozosseg-es-kultura\/9-futurisztikus-biciklis-megoldas-ami-biztonsagosabba-teszi-az-eletet\/","og_site_name":"\u0160koda We Love Cycling - Magyarorsz\u00e1g","article_publisher":"https:\/\/www.facebook.com\/WeLoveCyclingHungary\/","article_published_time":"2021-04-21T07:00:45+00:00","og_image":[{"width":1366,"height":600,"url":"https:\/\/d2p6e6u75xmxt8.cloudfront.net\/12\/2021\/04\/Hovenring-CVR-profimedia-0494870829.jpeg","type":"image\/jpeg"}],"author":"hegyizs","twitter_card":"summary_large_image","twitter_misc":{"Written by":"WLC","Est. reading time":"7 minutes"},"schema":{"@context":"https:\/\/schema.org","@graph":[{"@type":"WebPage","@id":"https:\/\/www.welovecycling.com\/hu\/kozosseg-es-kultura\/9-futurisztikus-biciklis-megoldas-ami-biztonsagosabba-teszi-az-eletet\/","url":"https:\/\/www.welovecycling.com\/hu\/kozosseg-es-kultura\/9-futurisztikus-biciklis-megoldas-ami-biztonsagosabba-teszi-az-eletet\/","name":"9 futurisztikus biciklis megold\u00e1s, ami biztons\u00e1gosabb\u00e1 teszi az \u00e9letet","isPartOf":{"@id":"https:\/\/www.welovecycling.com\/hu\/#website"},"primaryImageOfPage":{"@id":"https:\/\/www.welovecycling.com\/hu\/kozosseg-es-kultura\/9-futurisztikus-biciklis-megoldas-ami-biztonsagosabba-teszi-az-eletet\/#primaryimage"},"image":{"@id":"https:\/\/www.welovecycling.com\/hu\/kozosseg-es-kultura\/9-futurisztikus-biciklis-megoldas-ami-biztonsagosabba-teszi-az-eletet\/#primaryimage"},"thumbnailUrl":"https:\/\/d2p6e6u75xmxt8.cloudfront.net\/12\/2021\/04\/Hovenring-CVR-profimedia-0494870829.jpeg","datePublished":"2021-04-21T07:00:45+00:00","author":{"@id":"https:\/\/www.welovecycling.com\/hu\/#\/schema\/person\/414a2aebf1801691a5320edb6468e194"},"description":"A biztons\u00e1g \u00fatk\u00f6zben a legfontosabb \u2013 a biciklisek sz\u00e1m\u00e1ra f\u0151leg, akik a v\u00e9d\u0151felszerel\u00e9s \u00e9s a jelzett ker\u00e9kp\u00e1rutak ellen\u00e9re gyakran ker\u00fclnek kiszolg\u00e1ltatott helyzetbe.","breadcrumb":{"@id":"https:\/\/www.welovecycling.com\/hu\/kozosseg-es-kultura\/9-futurisztikus-biciklis-megoldas-ami-biztonsagosabba-teszi-az-eletet\/#breadcrumb"},"inLanguage":"hu","potentialAction":[{"@type":"ReadAction","target":["https:\/\/www.welovecycling.com\/hu\/kozosseg-es-kultura\/9-futurisztikus-biciklis-megoldas-ami-biztonsagosabba-teszi-az-eletet\/"]}]},{"@type":"ImageObject","inLanguage":"hu","@id":"https:\/\/www.welovecycling.com\/hu\/kozosseg-es-kultura\/9-futurisztikus-biciklis-megoldas-ami-biztonsagosabba-teszi-az-eletet\/#primaryimage","url":"https:\/\/d2p6e6u75xmxt8.cloudfront.net\/12\/2021\/04\/Hovenring-CVR-profimedia-0494870829.jpeg","contentUrl":"https:\/\/d2p6e6u75xmxt8.cloudfront.net\/12\/2021\/04\/Hovenring-CVR-profimedia-0494870829.jpeg","width":1366,"height":600,"caption":"Hovenring"},{"@type":"BreadcrumbList","@id":"https:\/\/www.welovecycling.com\/hu\/kozosseg-es-kultura\/9-futurisztikus-biciklis-megoldas-ami-biztonsagosabba-teszi-az-eletet\/#breadcrumb","itemListElement":[{"@type":"ListItem","position":1,"name":"Home","item":"https:\/\/www.welovecycling.com\/hu\/"},{"@type":"ListItem","position":2,"name":"9 futurisztikus biciklis megold\u00e1s, ami biztons\u00e1gosabb\u00e1 teszi az \u00e9letet"}]},{"@type":"WebSite","@id":"https:\/\/www.welovecycling.com\/hu\/#website","url":"https:\/\/www.welovecycling.com\/hu\/","name":"\u0160koda We Love Cycling - Magyarorsz\u00e1g","description":"\u0160koda WeLoveCycling","potentialAction":[{"@type":"SearchAction","target":{"@type":"EntryPoint","urlTemplate":"https:\/\/www.welovecycling.com\/hu\/?s={search_term_string}"},"query-input":{"@type":"PropertyValueSpecification","valueRequired":true,"valueName":"search_term_string"}}],"inLanguage":"hu"},{"@type":"Person","@id":"https:\/\/www.welovecycling.com\/hu\/#\/schema\/person\/414a2aebf1801691a5320edb6468e194","name":"hegyizs","image":{"@type":"ImageObject","inLanguage":"hu","@id":"https:\/\/www.welovecycling.com\/hu\/#\/schema\/person\/image\/","url":"https:\/\/secure.gravatar.com\/avatar\/02cf8a7906b8cf90cecb4679defac7cfd33a1c2e3b88e4903d947f3bb58eedd3?s=96&d=mm&r=g","contentUrl":"https:\/\/secure.gravatar.com\/avatar\/02cf8a7906b8cf90cecb4679defac7cfd33a1c2e3b88e4903d947f3bb58eedd3?s=96&d=mm&r=g","caption":"hegyizs"},"url":"https:\/\/www.welovecycling.com\/hu\/author\/hegyizs\/"}]}},"_links":{"self":[{"href":"https:\/\/www.welovecycling.com\/hu\/wp-json\/wp\/v2\/posts\/10672","targetHints":{"allow":["GET"]}}],"collection":[{"href":"https:\/\/www.welovecycling.com\/hu\/wp-json\/wp\/v2\/posts"}],"about":[{"href":"https:\/\/www.welovecycling.com\/hu\/wp-json\/wp\/v2\/types\/post"}],"author":[{"embeddable":true,"href":"https:\/\/www.welovecycling.com\/hu\/wp-json\/wp\/v2\/users\/71"}],"replies":[{"embeddable":true,"href":"https:\/\/www.welovecycling.com\/hu\/wp-json\/wp\/v2\/comments?post=10672"}],"version-history":[{"count":2,"href":"https:\/\/www.welovecycling.com\/hu\/wp-json\/wp\/v2\/posts\/10672\/revisions"}],"predecessor-version":[{"id":10678,"href":"https:\/\/www.welovecycling.com\/hu\/wp-json\/wp\/v2\/posts\/10672\/revisions\/10678"}],"wp:featuredmedia":[{"embeddable":true,"href":"https:\/\/www.welovecycling.com\/hu\/wp-json\/wp\/v2\/media\/10671"}],"wp:attachment":[{"href":"https:\/\/www.welovecycling.com\/hu\/wp-json\/wp\/v2\/media?parent=10672"}],"wp:term":[{"taxonomy":"category","embeddable":true,"href":"https:\/\/www.welovecycling.com\/hu\/wp-json\/wp\/v2\/categories?post=10672"},{"taxonomy":"post_tag","embeddable":true,"href":"https:\/\/www.welovecycling.com\/hu\/wp-json\/wp\/v2\/tags?post=10672"},{"taxonomy":"global-categories","embeddable":true,"href":"https:\/\/www.welovecycling.com\/hu\/wp-json\/wp\/v2\/global-categories?post=10672"}],"curies":[{"name":"wp","href":"https:\/\/api.w.org\/{rel}","templated":true}]}}