{"id":10665,"date":"2021-04-22T08:00:17","date_gmt":"2021-04-22T07:00:17","guid":{"rendered":"https:\/\/www.welovecycling.com\/hu\/?p=10665"},"modified":"2021-04-16T15:20:06","modified_gmt":"2021-04-16T14:20:06","slug":"az-embereket-gepekhez-hasonlito-reklamok-egeszsegtelen-eletmodra-osztonoznek","status":"publish","type":"post","link":"https:\/\/www.welovecycling.com\/hu\/edzes-es-eletmod\/az-embereket-gepekhez-hasonlito-reklamok-egeszsegtelen-eletmodra-osztonoznek\/","title":{"rendered":"Az embereket g\u00e9pekhez hasonl\u00edt\u00f3 rekl\u00e1mok eg\u00e9szs\u00e9gtelen \u00e9letm\u00f3dra \u00f6szt\u00f6n\u00f6znek"},"content":{"rendered":"<p><strong>L\u00e1tt\u00e1l m\u00e1r valaha olyan hirdet\u00e9st, ami valami olyasmit \u00fczent neked, hogy: \u201eA tested\u00e9rt egy\u00e9l, ne az \u00e9rzelmek\u00e9rt\u201d? Nem vagy egyed\u00fcl. Ezt a marketingst\u00edlust, ami az embereket g\u00e9pk\u00e9nt \u00e9s az \u00e9telt, mint \u00fczemanyagot mutatja be, gyakran pr\u00f3b\u00e1lj\u00e1k felhaszn\u00e1lni arra, hogy eg\u00e9szs\u00e9gesebb d\u00f6nt\u00e9seket hozzunk az \u00e9let\u00fcnkben. Sajnos az Amszterdami \u00e9s a Stanford Egyetem \u00faj tanulm\u00e1nya, amit a Journal of Marketing publik\u00e1lt, kimutatta, hogy val\u00f3sz\u00edn\u0171leg nem \u00e9ri \u00e9l a k\u00edv\u00e1nt hat\u00e1st.<\/strong><\/p>\n<p><!--more--><\/p>\n<h2><strong>A korm\u00e1nyok \u00e9s a v\u00e1llalatok el\u0151szeretettel haszn\u00e1lj\u00e1k<\/strong><\/h2>\n<p>Ha csak egy dolog van, amit a g\u00e9pekkel t\u00e1rs\u00edtunk, az az, hogy a racion\u00e1lis d\u00f6nt\u00e9sek meghozatalakor kiz\u00e1r\u00f3lag az \u201eesz\u00fckre\u201d t\u00e1maszkodnak, mivel hi\u00e1nyzik bel\u0151l\u00fck az emberi sz\u00edv (\u00e9rzelem). A legt\u00f6bb fejlett orsz\u00e1g ezeket a kognit\u00edv, \u201e\u00e9sz-alap\u00fa\u2019 megk\u00f6zel\u00edt\u00e9seket alkalmazza a k\u00f6zeg\u00e9szs\u00e9g jav\u00edt\u00e1sa \u00e9rdek\u00e9ben. Arra \u00f6szt\u00f6nzik az embereket, hogy olvass\u00e1k el a t\u00e1panyagr\u00f3l sz\u00f3l\u00f3 c\u00edmk\u00e9ket \u00e9s sz\u00e1molj\u00e1k a kal\u00f3ri\u00e1kat az eg\u00e9szs\u00e9g\u00fck \u00e9rdek\u00e9ben.<\/p>\n<figure id=\"attachment_10667\" aria-describedby=\"caption-attachment-10667\" style=\"width: 1024px\" class=\"wp-caption alignnone\"><a href=\"https:\/\/d2p6e6u75xmxt8.cloudfront.net\/2\/2021\/04\/Human-machine-profimedia-0603916011.jpg\"><img loading=\"lazy\" decoding=\"async\" class=\"wp-image-10667 size-large\" src=\"https:\/\/d2p6e6u75xmxt8.cloudfront.net\/12\/2021\/04\/Human-machine-profimedia-0603916011-1024x613.jpg\" alt=\"Human as a machine\" width=\"1024\" height=\"613\" srcset=\"https:\/\/d2p6e6u75xmxt8.cloudfront.net\/12\/2021\/04\/Human-machine-profimedia-0603916011-1024x613.jpg 1024w, https:\/\/d2p6e6u75xmxt8.cloudfront.net\/12\/2021\/04\/Human-machine-profimedia-0603916011-300x179.jpg 300w, https:\/\/d2p6e6u75xmxt8.cloudfront.net\/12\/2021\/04\/Human-machine-profimedia-0603916011-768x459.jpg 768w, https:\/\/d2p6e6u75xmxt8.cloudfront.net\/12\/2021\/04\/Human-machine-profimedia-0603916011.jpg 1187w\" sizes=\"auto, (max-width: 1024px) 100vw, 1024px\" \/><\/a><figcaption id=\"caption-attachment-10667\" class=\"wp-caption-text\"><em>Az embereket gyakran hasonl\u00edtj\u00e1k a g\u00e9pekhez a rekl\u00e1mok. \u00a9 Profimedia<\/em><\/figcaption><\/figure>\n<p>Ez a fajta megk\u00f6zel\u00edt\u00e9s egyre n\u00e9pszer\u0171bb kult\u00far\u00e1nkban. P\u00e9ld\u00e1ul a National Geographic <a href=\"https:\/\/www.amazon.co.uk\/dp\/B002O2OXLY\/ref=cm_sw_r_tw_dp_FGZB874A56PWMJYJT3DE\"><em>\u201eA hihetetlen emberi g\u00e9p\u201d<\/em><\/a> c\u00edm\u0171 sorozat\u00e1ban az eg\u00e9szs\u00e9gtelen viselked\u00e9st (emberi) \u201ehibak\u00e9nt\u201d jellemezt\u00e9k.<\/p>\n<p>Az \u00e9lelmiszeripari v\u00e1llalatok is erre a szeml\u00e9letm\u00f3dra \u00e9p\u00edtenek. A t\u00e1pl\u00e1l\u00e9k-kieg\u00e9sz\u00edt\u0151ket gy\u00e1rt\u00f3 c\u00e9g, a Centrum arra buzd\u00edtja a fogyaszt\u00f3kat, hogy vitamin-tablett\u00e1ikkal \u201e<a href=\"https:\/\/www.trendhunter.com\/trends\/kit-kats-human-vending-machine-at-london-victoria\">t\u00e1pl\u00e1lj\u00e1k az emberi g\u00e9pet\u201d.<\/a> A Nestl\u00e9 ezzel szemben az enged\u00e9kenys\u00e9gre \u00f6szt\u00f6n\u00f6z, mivel ez az \u201eemberi\u201d. Szlogenj\u00fck: \u201eDolgozo, mnt egy g\u00e9p? Dobj be egy Kit Kat-et!\u201d Ezzel a m\u00e1rka arra \u00f6szt\u00f6nzi a fogyaszt\u00f3kat, hogy ink\u00e1bb az emberekre hasonl\u00edtsanak \u00e9s ez\u00e9rt legyen n\u00e1luk csoki &#8211; a racion\u00e1lis g\u00e9pek ugyanis nem ezt tenn\u00e9k.<\/p>\n<p>Ehhez hasonl\u00f3an a Red Bull azt sugallja, hogy italuk fogyaszt\u00e1sa emberi g\u00e9pp\u00e9 alak\u00edt \u00e1t: megfontolt \u00e9s racion\u00e1lis leszel.<\/p>\n<div class=\"embed-controller-wrapper\">\n<div class=\"embed-wrapper\"><iframe title=\"Red Bull :15 Chess Ad\" width=\"500\" height=\"281\" data-src=\"https:\/\/www.youtube.com\/embed\/7KpFfilSYqY?feature=oembed\" frameborder=\"0\" allow=\"accelerometer; autoplay; clipboard-write; encrypted-media; gyroscope; picture-in-picture; web-share\" referrerpolicy=\"strict-origin-when-cross-origin\" allowfullscreen><\/iframe><\/div>\n<\/div>\n<h2><strong>M\u00e9gis az eg\u00e9szs\u00e9gtelen lehet\u0151s\u00e9geket v\u00e1lasztjuk<\/strong><\/h2>\n<p>Amikor az emberi testeket g\u00e9pk\u00e9nt \u00e1br\u00e1zolj\u00e1k, \u00fagy \u00e9rezz\u00fck, elv\u00e1rj\u00e1k t\u0151l\u00fcnk, hogy \u00fagy viselkedj\u00fcnk, mint ezek, \u00e9s \u00fagy v\u00e1lasszunk \u00e9telt is, teh\u00e1t \u00e9sszer\u0171 \u00e9s logikus m\u00f3don. Igen, ez t\u00e9nyleg seg\u00edthet n\u00e9h\u00e1ny embernek abban, hogy eg\u00e9szs\u00e9gesebb d\u00f6nt\u00e9seket hozzon. A probl\u00e9ma azonban az, hogy \u00a0legt\u00f6bb\u00fcnkn\u00e9l visszafel\u00e9 s\u00fcl el. Azok sz\u00e1m\u00e1ra, akik kev\u00e9sb\u00e9 b\u00edznak az eg\u00e9szs\u00e9ges \u00e9telekben \u00e9s nem annyira elk\u00f6telezettek, az ember-g\u00e9p reprezent\u00e1ci\u00f3 val\u00f3j\u00e1ban az eg\u00e9szs\u00e9gtelenebb lehet\u0151s\u00e9gek v\u00e1laszt\u00e1s\u00e1hoz vezet.<\/p>\n<p><em>\u201eEnn\u00e9l a fogyaszt\u00f3i szegmensn\u00e9l lehetetlennek t\u0171nik az az elv\u00e1r\u00e1s, hogy racion\u00e1lis \u00e9s g\u00e9pszer\u0171 legyenek az \u00e9tkez\u00e9sek. Ahelyett, hogy a racionalit\u00e1s motiv\u00e1lna minket, az az \u00e9rz\u00e9s, hogy nem tudunk \u00fagy teljes\u00edteni, mint egy g\u00e9p, eg\u00e9szs\u00e9gtelenebb d\u00f6nt\u00e9sekre \u00f6szt\u00f6n\u00f6z. \u00a0A fogyaszt\u00f3k eduk\u00e1l\u00e1sa \u00e9s eg\u00e9szs\u00e9g\u00fck jav\u00edt\u00e1sa \u00e9rdek\u00e9ben alkalmazott strat\u00e9gi\u00e1nak lehet egy s\u00f6t\u00e9t oldala is, ami \u00e9ppen annak a szegmensnek \u00e1rt, amin a fogyaszt\u00f3i j\u00f3l\u00e9ti szervezetek seg\u00edteni szeretn\u00e9nek\u201d-<\/em> magyar\u00e1zta Andrea Weihrauch, a tanulm\u00e1ny szerz\u0151je.<\/p>\n<figure id=\"attachment_3977\" aria-describedby=\"caption-attachment-3977\" style=\"width: 1024px\" class=\"wp-caption alignnone\"><a href=\"https:\/\/d2p6e6u75xmxt8.cloudfront.net\/2\/2019\/01\/piles-of-junk-food-profimedia-0404933048.jpg\"><img loading=\"lazy\" decoding=\"async\" class=\"size-large wp-image-3977\" src=\"https:\/\/d2p6e6u75xmxt8.cloudfront.net\/12\/2019\/06\/piles-of-junk-food-profimedia-0404933048-1024x683.jpg\" alt=\"Junk food\" width=\"1024\" height=\"683\" srcset=\"https:\/\/d2p6e6u75xmxt8.cloudfront.net\/12\/2019\/06\/piles-of-junk-food-profimedia-0404933048-1024x683.jpg 1024w, https:\/\/d2p6e6u75xmxt8.cloudfront.net\/12\/2019\/06\/piles-of-junk-food-profimedia-0404933048-300x200.jpg 300w, https:\/\/d2p6e6u75xmxt8.cloudfront.net\/12\/2019\/06\/piles-of-junk-food-profimedia-0404933048-768x512.jpg 768w, https:\/\/d2p6e6u75xmxt8.cloudfront.net\/12\/2019\/06\/piles-of-junk-food-profimedia-0404933048-272x182.jpg 272w, https:\/\/d2p6e6u75xmxt8.cloudfront.net\/12\/2019\/06\/piles-of-junk-food-profimedia-0404933048.jpg 1250w\" sizes=\"auto, (max-width: 1024px) 100vw, 1024px\" \/><\/a><figcaption id=\"caption-attachment-3977\" class=\"wp-caption-text\"><em>A g\u00e9pk\u00e9nt \u00e1br\u00e1zol\u00e1s vissza\u00fcthet \u00e9s od\u00e1ig vezethet, hogy az emberek rosszabb \u00e9teleket v\u00e1lasztanak. \u00a9 Profimedia<\/em><\/figcaption><\/figure>\n<h2><strong>Kivitelezhet\u0151 a g\u00e9pszer\u0171 \u00e9telv\u00e1laszt\u00e1s <\/strong><\/h2>\n<p>A kutat\u00e1sok gyakorlati megold\u00e1st k\u00edn\u00e1lnak erre a nem k\u00edv\u00e1nt mell\u00e9khat\u00e1sra. Azt javasolj\u00e1k, hogy az ember-g\u00e9p szeml\u00e9letet eg\u00e9sz\u00edts\u00e9k ki m\u00e9g egy \u00fczenettel, amiben biztos\u00edtj\u00e1k a fogyaszt\u00f3kat arr\u00f3l, hogy a g\u00e9pszer\u0171 \u00e9telv\u00e1laszt\u00e1s val\u00f3ban megval\u00f3s\u00edthat\u00f3. A tanulm\u00e1ny meg\u00e1llap\u00edtotta, hogy amikor egy k\u00e1v\u00e9h\u00e1zban eljuttatt\u00e1k ezt az \u00fczenetet a v\u00e1s\u00e1rl\u00f3knak, 22% -kal emelkedett az eg\u00e9szs\u00e9ges \u00e9telek fogyaszt\u00e1sa.<\/p>\n<p>N\u00e9h\u00e1nyan a g\u00e9pekhez hasonl\u00f3an b\u00f6lcsebben v\u00e1lasztanak \u00e9telt, m\u00edg m\u00e1sok k\u00fczdenek ezzel. De mindannyiunkban vannak olyan \u00e9rzelmek, amik napi szinten befoly\u00e1solj\u00e1k d\u00f6nt\u00e9seinket. Fontos ezt szem el\u0151tt tartani napjainkban, amikor az embereket egyre gyakrabban hasonl\u00edtj\u00e1k g\u00e9pekhez.<\/p>\n","protected":false},"excerpt":{"rendered":"<p>L\u00e1tt\u00e1l m\u00e1r valaha olyan hirdet\u00e9st, ami valami olyasmit \u00fczent neked, hogy: \u201eA tested\u00e9rt egy\u00e9l, ne az \u00e9rzelmek\u00e9rt\u201d? Nem vagy egyed\u00fcl. [&hellip;]<\/p>\n","protected":false},"author":71,"featured_media":10669,"comment_status":"closed","ping_status":"closed","sticky":false,"template":"","format":"standard","meta":{"footnotes":""},"categories":[6],"tags":[],"global-categories":[],"class_list":["post-10665","post","type-post","status-publish","format-standard","has-post-thumbnail","hentry","category-edzes-es-eletmod"],"yoast_head":"<!-- This site is optimized with the Yoast SEO Premium plugin v25.3 (Yoast SEO v25.9) - https:\/\/yoast.com\/wordpress\/plugins\/seo\/ -->\n<title>Az embereket g\u00e9pekhez hasonl\u00edt\u00f3 rekl\u00e1mok eg\u00e9szs\u00e9gtelen \u00e9letm\u00f3dra \u00f6szt\u00f6n\u00f6znek<\/title>\n<meta name=\"description\" content=\"L\u00e1tt\u00e1l m\u00e1r valaha olyan hirdet\u00e9st, ami valami olyasmit \u00fczent neked, hogy: \u201eA tested\u00e9rt egy\u00e9l, ne az \u00e9rzelmek\u00e9rt\u201d? Nem vagy egyed\u00fcl.\" \/>\n<meta name=\"robots\" content=\"index, follow, max-snippet:-1, max-image-preview:large, max-video-preview:-1\" \/>\n<link rel=\"canonical\" href=\"https:\/\/www.welovecycling.com\/hu\/edzes-es-eletmod\/az-embereket-gepekhez-hasonlito-reklamok-egeszsegtelen-eletmodra-osztonoznek\/\" \/>\n<meta property=\"og:locale\" content=\"hu_HU\" \/>\n<meta property=\"og:type\" content=\"article\" \/>\n<meta property=\"og:title\" content=\"Az embereket g\u00e9pekhez hasonl\u00edt\u00f3 rekl\u00e1mok eg\u00e9szs\u00e9gtelen \u00e9letm\u00f3dra \u00f6szt\u00f6n\u00f6znek\" \/>\n<meta property=\"og:description\" content=\"L\u00e1tt\u00e1l m\u00e1r valaha olyan hirdet\u00e9st, ami valami olyasmit \u00fczent neked, hogy: \u201eA tested\u00e9rt egy\u00e9l, ne az \u00e9rzelmek\u00e9rt\u201d? Nem vagy egyed\u00fcl.\" \/>\n<meta property=\"og:url\" content=\"https:\/\/www.welovecycling.com\/hu\/edzes-es-eletmod\/az-embereket-gepekhez-hasonlito-reklamok-egeszsegtelen-eletmodra-osztonoznek\/\" \/>\n<meta property=\"og:site_name\" content=\"\u0160koda We Love Cycling - Magyarorsz\u00e1g\" \/>\n<meta property=\"article:publisher\" content=\"https:\/\/www.facebook.com\/WeLoveCyclingHungary\/\" \/>\n<meta property=\"article:published_time\" content=\"2021-04-22T07:00:17+00:00\" \/>\n<meta property=\"og:image\" content=\"https:\/\/d2p6e6u75xmxt8.cloudfront.net\/12\/2021\/04\/Cyclist-profimedia-0430992578-CVR.jpg\" \/>\n\t<meta property=\"og:image:width\" content=\"1366\" \/>\n\t<meta property=\"og:image:height\" content=\"600\" \/>\n\t<meta property=\"og:image:type\" content=\"image\/jpeg\" \/>\n<meta name=\"author\" content=\"hegyizs\" \/>\n<meta name=\"twitter:card\" content=\"summary_large_image\" \/>\n<meta name=\"twitter:label1\" content=\"Written by\" \/>\n\t<meta name=\"twitter:data1\" content=\"Jiri Kaloc\" \/>\n\t<meta name=\"twitter:label2\" content=\"Est. reading time\" \/>\n\t<meta name=\"twitter:data2\" content=\"5\" \/>\n<script type=\"application\/ld+json\" class=\"yoast-schema-graph\">{\"@context\":\"https:\/\/schema.org\",\"@graph\":[{\"@type\":\"WebPage\",\"@id\":\"https:\/\/www.welovecycling.com\/hu\/edzes-es-eletmod\/az-embereket-gepekhez-hasonlito-reklamok-egeszsegtelen-eletmodra-osztonoznek\/\",\"url\":\"https:\/\/www.welovecycling.com\/hu\/edzes-es-eletmod\/az-embereket-gepekhez-hasonlito-reklamok-egeszsegtelen-eletmodra-osztonoznek\/\",\"name\":\"Az embereket g\u00e9pekhez hasonl\u00edt\u00f3 rekl\u00e1mok eg\u00e9szs\u00e9gtelen \u00e9letm\u00f3dra \u00f6szt\u00f6n\u00f6znek\",\"isPartOf\":{\"@id\":\"https:\/\/www.welovecycling.com\/hu\/#website\"},\"primaryImageOfPage\":{\"@id\":\"https:\/\/www.welovecycling.com\/hu\/edzes-es-eletmod\/az-embereket-gepekhez-hasonlito-reklamok-egeszsegtelen-eletmodra-osztonoznek\/#primaryimage\"},\"image\":{\"@id\":\"https:\/\/www.welovecycling.com\/hu\/edzes-es-eletmod\/az-embereket-gepekhez-hasonlito-reklamok-egeszsegtelen-eletmodra-osztonoznek\/#primaryimage\"},\"thumbnailUrl\":\"https:\/\/d2p6e6u75xmxt8.cloudfront.net\/12\/2021\/04\/Cyclist-profimedia-0430992578-CVR.jpg\",\"datePublished\":\"2021-04-22T07:00:17+00:00\",\"author\":{\"@id\":\"https:\/\/www.welovecycling.com\/hu\/#\/schema\/person\/414a2aebf1801691a5320edb6468e194\"},\"description\":\"L\u00e1tt\u00e1l m\u00e1r valaha olyan hirdet\u00e9st, ami valami olyasmit \u00fczent neked, hogy: \u201eA tested\u00e9rt egy\u00e9l, ne az \u00e9rzelmek\u00e9rt\u201d? Nem vagy egyed\u00fcl.\",\"breadcrumb\":{\"@id\":\"https:\/\/www.welovecycling.com\/hu\/edzes-es-eletmod\/az-embereket-gepekhez-hasonlito-reklamok-egeszsegtelen-eletmodra-osztonoznek\/#breadcrumb\"},\"inLanguage\":\"hu\",\"potentialAction\":[{\"@type\":\"ReadAction\",\"target\":[\"https:\/\/www.welovecycling.com\/hu\/edzes-es-eletmod\/az-embereket-gepekhez-hasonlito-reklamok-egeszsegtelen-eletmodra-osztonoznek\/\"]}]},{\"@type\":\"ImageObject\",\"inLanguage\":\"hu\",\"@id\":\"https:\/\/www.welovecycling.com\/hu\/edzes-es-eletmod\/az-embereket-gepekhez-hasonlito-reklamok-egeszsegtelen-eletmodra-osztonoznek\/#primaryimage\",\"url\":\"https:\/\/d2p6e6u75xmxt8.cloudfront.net\/12\/2021\/04\/Cyclist-profimedia-0430992578-CVR.jpg\",\"contentUrl\":\"https:\/\/d2p6e6u75xmxt8.cloudfront.net\/12\/2021\/04\/Cyclist-profimedia-0430992578-CVR.jpg\",\"width\":1366,\"height\":600,\"caption\":\"Cyclist\"},{\"@type\":\"BreadcrumbList\",\"@id\":\"https:\/\/www.welovecycling.com\/hu\/edzes-es-eletmod\/az-embereket-gepekhez-hasonlito-reklamok-egeszsegtelen-eletmodra-osztonoznek\/#breadcrumb\",\"itemListElement\":[{\"@type\":\"ListItem\",\"position\":1,\"name\":\"Home\",\"item\":\"https:\/\/www.welovecycling.com\/hu\/\"},{\"@type\":\"ListItem\",\"position\":2,\"name\":\"Az embereket g\u00e9pekhez hasonl\u00edt\u00f3 rekl\u00e1mok eg\u00e9szs\u00e9gtelen \u00e9letm\u00f3dra \u00f6szt\u00f6n\u00f6znek\"}]},{\"@type\":\"WebSite\",\"@id\":\"https:\/\/www.welovecycling.com\/hu\/#website\",\"url\":\"https:\/\/www.welovecycling.com\/hu\/\",\"name\":\"\u0160koda We Love Cycling - Magyarorsz\u00e1g\",\"description\":\"\u0160koda WeLoveCycling\",\"potentialAction\":[{\"@type\":\"SearchAction\",\"target\":{\"@type\":\"EntryPoint\",\"urlTemplate\":\"https:\/\/www.welovecycling.com\/hu\/?s={search_term_string}\"},\"query-input\":{\"@type\":\"PropertyValueSpecification\",\"valueRequired\":true,\"valueName\":\"search_term_string\"}}],\"inLanguage\":\"hu\"},{\"@type\":\"Person\",\"@id\":\"https:\/\/www.welovecycling.com\/hu\/#\/schema\/person\/414a2aebf1801691a5320edb6468e194\",\"name\":\"hegyizs\",\"image\":{\"@type\":\"ImageObject\",\"inLanguage\":\"hu\",\"@id\":\"https:\/\/www.welovecycling.com\/hu\/#\/schema\/person\/image\/\",\"url\":\"https:\/\/secure.gravatar.com\/avatar\/02cf8a7906b8cf90cecb4679defac7cfd33a1c2e3b88e4903d947f3bb58eedd3?s=96&d=mm&r=g\",\"contentUrl\":\"https:\/\/secure.gravatar.com\/avatar\/02cf8a7906b8cf90cecb4679defac7cfd33a1c2e3b88e4903d947f3bb58eedd3?s=96&d=mm&r=g\",\"caption\":\"hegyizs\"},\"url\":\"https:\/\/www.welovecycling.com\/hu\/author\/hegyizs\/\"}]}<\/script>\n<!-- \/ Yoast SEO Premium plugin. -->","yoast_head_json":{"title":"Az embereket g\u00e9pekhez hasonl\u00edt\u00f3 rekl\u00e1mok eg\u00e9szs\u00e9gtelen \u00e9letm\u00f3dra \u00f6szt\u00f6n\u00f6znek","description":"L\u00e1tt\u00e1l m\u00e1r valaha olyan hirdet\u00e9st, ami valami olyasmit \u00fczent neked, hogy: \u201eA tested\u00e9rt egy\u00e9l, ne az \u00e9rzelmek\u00e9rt\u201d? Nem vagy egyed\u00fcl.","robots":{"index":"index","follow":"follow","max-snippet":"max-snippet:-1","max-image-preview":"max-image-preview:large","max-video-preview":"max-video-preview:-1"},"canonical":"https:\/\/www.welovecycling.com\/hu\/edzes-es-eletmod\/az-embereket-gepekhez-hasonlito-reklamok-egeszsegtelen-eletmodra-osztonoznek\/","og_locale":"hu_HU","og_type":"article","og_title":"Az embereket g\u00e9pekhez hasonl\u00edt\u00f3 rekl\u00e1mok eg\u00e9szs\u00e9gtelen \u00e9letm\u00f3dra \u00f6szt\u00f6n\u00f6znek","og_description":"L\u00e1tt\u00e1l m\u00e1r valaha olyan hirdet\u00e9st, ami valami olyasmit \u00fczent neked, hogy: \u201eA tested\u00e9rt egy\u00e9l, ne az \u00e9rzelmek\u00e9rt\u201d? Nem vagy egyed\u00fcl.","og_url":"https:\/\/www.welovecycling.com\/hu\/edzes-es-eletmod\/az-embereket-gepekhez-hasonlito-reklamok-egeszsegtelen-eletmodra-osztonoznek\/","og_site_name":"\u0160koda We Love Cycling - Magyarorsz\u00e1g","article_publisher":"https:\/\/www.facebook.com\/WeLoveCyclingHungary\/","article_published_time":"2021-04-22T07:00:17+00:00","og_image":[{"width":1366,"height":600,"url":"https:\/\/d2p6e6u75xmxt8.cloudfront.net\/12\/2021\/04\/Cyclist-profimedia-0430992578-CVR.jpg","type":"image\/jpeg"}],"author":"hegyizs","twitter_card":"summary_large_image","twitter_misc":{"Written by":"Jiri Kaloc","Est. reading time":"5"},"schema":{"@context":"https:\/\/schema.org","@graph":[{"@type":"WebPage","@id":"https:\/\/www.welovecycling.com\/hu\/edzes-es-eletmod\/az-embereket-gepekhez-hasonlito-reklamok-egeszsegtelen-eletmodra-osztonoznek\/","url":"https:\/\/www.welovecycling.com\/hu\/edzes-es-eletmod\/az-embereket-gepekhez-hasonlito-reklamok-egeszsegtelen-eletmodra-osztonoznek\/","name":"Az embereket g\u00e9pekhez hasonl\u00edt\u00f3 rekl\u00e1mok eg\u00e9szs\u00e9gtelen \u00e9letm\u00f3dra \u00f6szt\u00f6n\u00f6znek","isPartOf":{"@id":"https:\/\/www.welovecycling.com\/hu\/#website"},"primaryImageOfPage":{"@id":"https:\/\/www.welovecycling.com\/hu\/edzes-es-eletmod\/az-embereket-gepekhez-hasonlito-reklamok-egeszsegtelen-eletmodra-osztonoznek\/#primaryimage"},"image":{"@id":"https:\/\/www.welovecycling.com\/hu\/edzes-es-eletmod\/az-embereket-gepekhez-hasonlito-reklamok-egeszsegtelen-eletmodra-osztonoznek\/#primaryimage"},"thumbnailUrl":"https:\/\/d2p6e6u75xmxt8.cloudfront.net\/12\/2021\/04\/Cyclist-profimedia-0430992578-CVR.jpg","datePublished":"2021-04-22T07:00:17+00:00","author":{"@id":"https:\/\/www.welovecycling.com\/hu\/#\/schema\/person\/414a2aebf1801691a5320edb6468e194"},"description":"L\u00e1tt\u00e1l m\u00e1r valaha olyan hirdet\u00e9st, ami valami olyasmit \u00fczent neked, hogy: \u201eA tested\u00e9rt egy\u00e9l, ne az \u00e9rzelmek\u00e9rt\u201d? Nem vagy egyed\u00fcl.","breadcrumb":{"@id":"https:\/\/www.welovecycling.com\/hu\/edzes-es-eletmod\/az-embereket-gepekhez-hasonlito-reklamok-egeszsegtelen-eletmodra-osztonoznek\/#breadcrumb"},"inLanguage":"hu","potentialAction":[{"@type":"ReadAction","target":["https:\/\/www.welovecycling.com\/hu\/edzes-es-eletmod\/az-embereket-gepekhez-hasonlito-reklamok-egeszsegtelen-eletmodra-osztonoznek\/"]}]},{"@type":"ImageObject","inLanguage":"hu","@id":"https:\/\/www.welovecycling.com\/hu\/edzes-es-eletmod\/az-embereket-gepekhez-hasonlito-reklamok-egeszsegtelen-eletmodra-osztonoznek\/#primaryimage","url":"https:\/\/d2p6e6u75xmxt8.cloudfront.net\/12\/2021\/04\/Cyclist-profimedia-0430992578-CVR.jpg","contentUrl":"https:\/\/d2p6e6u75xmxt8.cloudfront.net\/12\/2021\/04\/Cyclist-profimedia-0430992578-CVR.jpg","width":1366,"height":600,"caption":"Cyclist"},{"@type":"BreadcrumbList","@id":"https:\/\/www.welovecycling.com\/hu\/edzes-es-eletmod\/az-embereket-gepekhez-hasonlito-reklamok-egeszsegtelen-eletmodra-osztonoznek\/#breadcrumb","itemListElement":[{"@type":"ListItem","position":1,"name":"Home","item":"https:\/\/www.welovecycling.com\/hu\/"},{"@type":"ListItem","position":2,"name":"Az embereket g\u00e9pekhez hasonl\u00edt\u00f3 rekl\u00e1mok eg\u00e9szs\u00e9gtelen \u00e9letm\u00f3dra \u00f6szt\u00f6n\u00f6znek"}]},{"@type":"WebSite","@id":"https:\/\/www.welovecycling.com\/hu\/#website","url":"https:\/\/www.welovecycling.com\/hu\/","name":"\u0160koda We Love Cycling - Magyarorsz\u00e1g","description":"\u0160koda WeLoveCycling","potentialAction":[{"@type":"SearchAction","target":{"@type":"EntryPoint","urlTemplate":"https:\/\/www.welovecycling.com\/hu\/?s={search_term_string}"},"query-input":{"@type":"PropertyValueSpecification","valueRequired":true,"valueName":"search_term_string"}}],"inLanguage":"hu"},{"@type":"Person","@id":"https:\/\/www.welovecycling.com\/hu\/#\/schema\/person\/414a2aebf1801691a5320edb6468e194","name":"hegyizs","image":{"@type":"ImageObject","inLanguage":"hu","@id":"https:\/\/www.welovecycling.com\/hu\/#\/schema\/person\/image\/","url":"https:\/\/secure.gravatar.com\/avatar\/02cf8a7906b8cf90cecb4679defac7cfd33a1c2e3b88e4903d947f3bb58eedd3?s=96&d=mm&r=g","contentUrl":"https:\/\/secure.gravatar.com\/avatar\/02cf8a7906b8cf90cecb4679defac7cfd33a1c2e3b88e4903d947f3bb58eedd3?s=96&d=mm&r=g","caption":"hegyizs"},"url":"https:\/\/www.welovecycling.com\/hu\/author\/hegyizs\/"}]}},"_links":{"self":[{"href":"https:\/\/www.welovecycling.com\/hu\/wp-json\/wp\/v2\/posts\/10665","targetHints":{"allow":["GET"]}}],"collection":[{"href":"https:\/\/www.welovecycling.com\/hu\/wp-json\/wp\/v2\/posts"}],"about":[{"href":"https:\/\/www.welovecycling.com\/hu\/wp-json\/wp\/v2\/types\/post"}],"author":[{"embeddable":true,"href":"https:\/\/www.welovecycling.com\/hu\/wp-json\/wp\/v2\/users\/71"}],"replies":[{"embeddable":true,"href":"https:\/\/www.welovecycling.com\/hu\/wp-json\/wp\/v2\/comments?post=10665"}],"version-history":[{"count":2,"href":"https:\/\/www.welovecycling.com\/hu\/wp-json\/wp\/v2\/posts\/10665\/revisions"}],"predecessor-version":[{"id":10679,"href":"https:\/\/www.welovecycling.com\/hu\/wp-json\/wp\/v2\/posts\/10665\/revisions\/10679"}],"wp:featuredmedia":[{"embeddable":true,"href":"https:\/\/www.welovecycling.com\/hu\/wp-json\/wp\/v2\/media\/10669"}],"wp:attachment":[{"href":"https:\/\/www.welovecycling.com\/hu\/wp-json\/wp\/v2\/media?parent=10665"}],"wp:term":[{"taxonomy":"category","embeddable":true,"href":"https:\/\/www.welovecycling.com\/hu\/wp-json\/wp\/v2\/categories?post=10665"},{"taxonomy":"post_tag","embeddable":true,"href":"https:\/\/www.welovecycling.com\/hu\/wp-json\/wp\/v2\/tags?post=10665"},{"taxonomy":"global-categories","embeddable":true,"href":"https:\/\/www.welovecycling.com\/hu\/wp-json\/wp\/v2\/global-categories?post=10665"}],"curies":[{"name":"wp","href":"https:\/\/api.w.org\/{rel}","templated":true}]}}