{"id":10651,"date":"2021-04-19T08:00:05","date_gmt":"2021-04-19T07:00:05","guid":{"rendered":"https:\/\/www.welovecycling.com\/hu\/?p=10651"},"modified":"2021-04-16T15:17:57","modified_gmt":"2021-04-16T14:17:57","slug":"igy-vedd-ra-barataidat-a-biciklizesre","status":"publish","type":"post","link":"https:\/\/www.welovecycling.com\/hu\/edzes-es-eletmod\/igy-vedd-ra-barataidat-a-biciklizesre\/","title":{"rendered":"\u00cdgy vedd r\u00e1 bar\u00e1taidat a bicikliz\u00e9sre!"},"content":{"rendered":"<p><strong>A vil\u00e1gnak min\u00e9l t\u00f6bb ker\u00e9kp\u00e1rosra van sz\u00fcks\u00e9ge, most indul\u00f3 sorozatunkkal pedig pont ezen dolgozunk! N\u00e9zz\u00fck meg, hogyan lehet \u00faj embereket r\u00e1venni a bicikliz\u00e9sre \u00e9s hogyan \u00e9rdemes megtervezni az els\u0151 utat ahhoz, hogy hossz\u00fa t\u00e1v\u00fa szenved\u00e9lly\u00e9 v\u00e1lhasson. Min\u00e9l t\u00f6bb embert l\u00e1tunk k\u00e9t ker\u00e9ken, ann\u00e1l jobb! V\u00e1gjunk is bele!<\/strong><\/p>\n<p><!--more--><\/p>\n<p>Mindenekel\u0151tt: fontos, hogy te is izgatott legy\u00e9l. El\u0151fordulhat, hogy a bar\u00e1taidnak feln\u0151ttk\u00e9nt nem voltak j\u00f3 tapasztalatai a bicikliz\u00e9sben, vagy egyszer\u0171en csak nem tudj\u00e1k, milyen sz\u00f3rakoztat\u00f3 tud lenni a ker\u00e9kp\u00e1roz\u00e1s, mint hobbi. \u00cdme n\u00e9h\u00e1ny dolog, ami seg\u00edthet!<\/p>\n<h2><strong>Mutasd meg nekik a sport sz\u00e9ps\u00e9g\u00e9t!<\/strong><\/h2>\n<p>Andy Schleck, a Tour de France bajnoka \u00edgy foglalta \u00f6ssze t\u00f6k\u00e9letesen a l\u00e9nyeget vele k\u00e9sz\u00edtett interj\u00fank sor\u00e1n. A k\u00f6vetkez\u0151 tan\u00e1csot adta a biciklizni v\u00e1gy\u00f3 gyerekek sz\u00fcleinek (de ez mindenkinek sz\u00f3l, aki szeretne belev\u00e1gni a ker\u00e9kp\u00e1roz\u00e1sba):<\/p>\n<p><em>\u201ePr\u00f3b\u00e1lj\u00e1tok megmutatni a sport sz\u00e9ps\u00e9g\u00e9t a gyerekeknek ahelyett, hogy a versenyre \u00e9s a gy\u0151zelemre \u00f6sszpontos\u00edtan\u00e1tok!\u201d<\/em> \u2013 mondta Schleck.<\/p>\n<figure id=\"attachment_10652\" aria-describedby=\"caption-attachment-10652\" style=\"width: 1024px\" class=\"wp-caption alignnone\"><a href=\"https:\/\/d2p6e6u75xmxt8.cloudfront.net\/2\/2021\/04\/Kids-cycling-profimedia-0603144858.jpg\"><img loading=\"lazy\" decoding=\"async\" class=\"size-large wp-image-10652\" src=\"https:\/\/d2p6e6u75xmxt8.cloudfront.net\/12\/2021\/04\/Kids-cycling-profimedia-0603144858-1024x682.jpg\" alt=\"Kids cycling\" width=\"1024\" height=\"682\" srcset=\"https:\/\/d2p6e6u75xmxt8.cloudfront.net\/12\/2021\/04\/Kids-cycling-profimedia-0603144858-1024x682.jpg 1024w, https:\/\/d2p6e6u75xmxt8.cloudfront.net\/12\/2021\/04\/Kids-cycling-profimedia-0603144858-300x200.jpg 300w, https:\/\/d2p6e6u75xmxt8.cloudfront.net\/12\/2021\/04\/Kids-cycling-profimedia-0603144858-768x512.jpg 768w, https:\/\/d2p6e6u75xmxt8.cloudfront.net\/12\/2021\/04\/Kids-cycling-profimedia-0603144858-272x182.jpg 272w, https:\/\/d2p6e6u75xmxt8.cloudfront.net\/12\/2021\/04\/Kids-cycling-profimedia-0603144858.jpg 1250w\" sizes=\"auto, (max-width: 1024px) 100vw, 1024px\" \/><\/a><figcaption id=\"caption-attachment-10652\" class=\"wp-caption-text\"><em>Lelkes\u00edtsd bar\u00e1taid, mintha csak gyerekek lenn\u00e9nek! \u00a9 Profimedia<\/em><\/figcaption><\/figure>\n<p>Erre t\u00f6bbf\u00e9le m\u00f3dszer is l\u00e9tezik. A kulcs a megfelel\u0151 megk\u00f6zel\u00edt\u00e9s att\u00f3l f\u00fcgg\u0151en, mi \u00e9rdekli a bar\u00e1taid. Ha buzog benn\u00fck a versenyszellem, mutasd meg nekik a legend\u00e1s Tour de France rivaliz\u00e1l\u00e1sokat! <a href=\"https:\/\/www.welovecycling.com\/hu\/orszaguti-kerekpar\/az-arisztokrata-es-a-bulldog-legendas-kuzdelme\/\">Raymond Poulidor \u00e9s Jaques Anquetil<\/a> t\u00f6rt\u00e9nete p\u00e9ld\u00e1ul nagyon izgalmas!<\/p>\n<p>Amennyiben bar\u00e1taid a term\u00e9szetet \u00e9s a kalandokat szeretik, mutass nekik n\u00e9h\u00e1ny gy\u00f6ny\u00f6r\u0171 hegyi \u00fatvonalat \u00e9s leny\u0171g\u00f6z\u0151 t\u00e1jat, amit egy\u00fctt n\u00e9zhettek meg bicikliz\u00e9s k\u00f6zben.<\/p>\n<h2><strong>Emeld ki az el\u0151ny\u00f6ket!<\/strong><\/h2>\n<p>Ha bar\u00e1taid m\u00e1r am\u00fagy is akt\u00edv \u00e9s eg\u00e9szs\u00e9ges \u00e9letm\u00f3dot folytatnak, emeld ki a ker\u00e9kp\u00e1roz\u00e1s j\u00f3t\u00e9kony eg\u00e9szs\u00e9g\u00fcgyi hat\u00e1sait. A bicikliz\u00e9s p\u00e9ld\u00e1ul a fogy\u00e1sban is seg\u00edthet. <a href=\"https:\/\/www.welovecycling.com\/hu\/kozosseg-es-kultura\/fogytam-44-kilot-es-korbetekertem-a-vilagot\/\">Ezt az inspir\u00e1l\u00f3 t\u00f6rt\u00e9netet<\/a> is megoszthatod vel\u00fck!<\/p>\n<p>A rendszeres aerob tev\u00e9kenys\u00e9gnek azonban j\u00f3val t\u00f6bb el\u0151nye van az eg\u00e9szs\u00e9gre n\u00e9zve. Cs\u00f6kkenti a megbeteged\u00e9s kock\u00e1zat\u00e1t \u00e9s egy tanulm\u00e1ny kimutatta, hogy azok, akik <a href=\"https:\/\/www.welovecycling.com\/hu\/edzes-es-eletmod\/tovabb-el-aki-bringazik\/\">biciklivel j\u00e1rnak munk\u00e1ba, tov\u00e1bb \u00e9lnek<\/a>!<\/p>\n<figure id=\"attachment_6156\" aria-describedby=\"caption-attachment-6156\" style=\"width: 1024px\" class=\"wp-caption alignnone\"><a href=\"https:\/\/d2p6e6u75xmxt8.cloudfront.net\/2\/2019\/11\/Friends-MTB-profimedia-0281706401.jpg\"><img loading=\"lazy\" decoding=\"async\" class=\"wp-image-6156 size-large\" src=\"https:\/\/d2p6e6u75xmxt8.cloudfront.net\/12\/2019\/12\/Friends-MTB-profimedia-0281706401-1024x681.jpg\" alt=\"Friends Cycling\" width=\"1024\" height=\"681\" srcset=\"https:\/\/d2p6e6u75xmxt8.cloudfront.net\/12\/2019\/12\/Friends-MTB-profimedia-0281706401-1024x681.jpg 1024w, https:\/\/d2p6e6u75xmxt8.cloudfront.net\/12\/2019\/12\/Friends-MTB-profimedia-0281706401-300x199.jpg 300w, https:\/\/d2p6e6u75xmxt8.cloudfront.net\/12\/2019\/12\/Friends-MTB-profimedia-0281706401-768x511.jpg 768w, https:\/\/d2p6e6u75xmxt8.cloudfront.net\/12\/2019\/12\/Friends-MTB-profimedia-0281706401-272x182.jpg 272w, https:\/\/d2p6e6u75xmxt8.cloudfront.net\/12\/2019\/12\/Friends-MTB-profimedia-0281706401.jpg 1250w\" sizes=\"auto, (max-width: 1024px) 100vw, 1024px\" \/><\/a><figcaption id=\"caption-attachment-6156\" class=\"wp-caption-text\"><em>Mutasd meg a bicikliz\u00e9s el\u0151nyeit! \u00a9 Profimedia<\/em><\/figcaption><\/figure>\n<p>Az egy\u00e9ni hat\u00e1sokon k\u00edv\u00fcl is vannak el\u0151nyei a ker\u00e9kp\u00e1roz\u00e1snak, p\u00e9ld\u00e1ul seg\u00edti t\u00e1rsadalmunk fejl\u0151d\u00e9s\u00e9t. A biciklik k\u00f6zleked\u00e9si eszk\u00f6zt k\u00edn\u00e1lnak olyan emberek sz\u00e1m\u00e1ra, akik gazdas\u00e1gilag h\u00e1tr\u00e1nyos helyzetben vannak, emellett az id\u0151seket is seg\u00edti form\u00e1ban tartani. Min\u00e9l t\u00f6bb ember kezd el \u00e9rdekl\u0151dni a ker\u00e9kp\u00e1rok ir\u00e1nt, ann\u00e1l k\u00f6nnyebb \u00e9s olcs\u00f3bb lesz beszerezni \u0151ket, \u00e9s a v\u00e1rostervez\u0151k is nagyobb k\u00e9sztet\u00e9st fognak \u00e9rezni arra, hogy n\u00f6velj\u00e9k a bicikliz\u00e9s biztons\u00e1g\u00e1t.<\/p>\n<h2><strong>Oszd meg szenved\u00e9lyed m\u00e1sokkal!<\/strong><\/h2>\n<p>A legfontosabb dolog, hogy csal\u00e1dod \u00e9s bar\u00e1taid is \u00e9rezz\u00e9k, mekkora szenved\u00e9llyel vagy ez ir\u00e1nt. \u00cdrd le nekik, mennyire j\u00f3l \u00e9rezted magad legut\u00f3bbi utadon, mennyivel fittebb vagy, mint kor\u00e1bban \u00e9s kiket ismert\u00e9l meg a ker\u00e9kp\u00e1roz\u00e1snak k\u00f6sz\u00f6nhet\u0151en. A bicikliz\u00e9s ir\u00e1nti szenved\u00e9ly fert\u0151z\u0151! Haszn\u00e1ld arra, hogy \u00f6sszekov\u00e1csolja a bar\u00e1taidat. A k\u00f6vetkez\u0151 l\u00e9p\u00e9s az els\u0151 \u00fat megtervez\u00e9se, amit a sorozat k\u00f6vetkez\u0151 r\u00e9sz\u00e9ben fogunk megmutatni.<\/p>\n","protected":false},"excerpt":{"rendered":"<p>A vil\u00e1gnak min\u00e9l t\u00f6bb ker\u00e9kp\u00e1rosra van sz\u00fcks\u00e9ge, most indul\u00f3 sorozatunkkal pedig pont ezen dolgozunk! N\u00e9zz\u00fck meg, hogyan lehet \u00faj embereket [&hellip;]<\/p>\n","protected":false},"author":71,"featured_media":10654,"comment_status":"closed","ping_status":"closed","sticky":false,"template":"","format":"standard","meta":{"footnotes":""},"categories":[6],"tags":[],"global-categories":[],"class_list":["post-10651","post","type-post","status-publish","format-standard","has-post-thumbnail","hentry","category-edzes-es-eletmod"],"yoast_head":"<!-- This site is optimized with the Yoast SEO Premium plugin v25.3 (Yoast SEO v25.9) - https:\/\/yoast.com\/wordpress\/plugins\/seo\/ -->\n<title>\u00cdgy vedd r\u00e1 bar\u00e1taidat a bicikliz\u00e9sre!<\/title>\n<meta name=\"description\" content=\"A vil\u00e1gnak min\u00e9l t\u00f6bb ker\u00e9kp\u00e1rosra van sz\u00fcks\u00e9ge, most indul\u00f3 sorozatunkkal pedig pont ezen dolgozunk!\" \/>\n<meta name=\"robots\" content=\"index, follow, max-snippet:-1, max-image-preview:large, max-video-preview:-1\" \/>\n<link rel=\"canonical\" href=\"https:\/\/www.welovecycling.com\/hu\/edzes-es-eletmod\/igy-vedd-ra-barataidat-a-biciklizesre\/\" \/>\n<meta property=\"og:locale\" content=\"hu_HU\" \/>\n<meta property=\"og:type\" content=\"article\" \/>\n<meta property=\"og:title\" content=\"\u00cdgy vedd r\u00e1 bar\u00e1taidat a bicikliz\u00e9sre!\" \/>\n<meta property=\"og:description\" content=\"A vil\u00e1gnak min\u00e9l t\u00f6bb ker\u00e9kp\u00e1rosra van sz\u00fcks\u00e9ge, most indul\u00f3 sorozatunkkal pedig pont ezen dolgozunk!\" \/>\n<meta property=\"og:url\" content=\"https:\/\/www.welovecycling.com\/hu\/edzes-es-eletmod\/igy-vedd-ra-barataidat-a-biciklizesre\/\" \/>\n<meta property=\"og:site_name\" content=\"\u0160koda We Love Cycling - Magyarorsz\u00e1g\" \/>\n<meta property=\"article:publisher\" content=\"https:\/\/www.facebook.com\/WeLoveCyclingHungary\/\" \/>\n<meta property=\"article:published_time\" content=\"2021-04-19T07:00:05+00:00\" \/>\n<meta property=\"og:image\" content=\"https:\/\/d2p6e6u75xmxt8.cloudfront.net\/12\/2021\/04\/Friends-cycling-profimedia-0598799080-CVR.jpg\" \/>\n\t<meta property=\"og:image:width\" content=\"1366\" \/>\n\t<meta property=\"og:image:height\" content=\"600\" \/>\n\t<meta property=\"og:image:type\" content=\"image\/jpeg\" \/>\n<meta name=\"author\" content=\"hegyizs\" \/>\n<meta name=\"twitter:card\" content=\"summary_large_image\" \/>\n<meta name=\"twitter:label1\" content=\"Written by\" \/>\n\t<meta name=\"twitter:data1\" content=\"Jiri Kaloc\" \/>\n\t<meta name=\"twitter:label2\" content=\"Est. reading time\" \/>\n\t<meta name=\"twitter:data2\" content=\"5\" \/>\n<script type=\"application\/ld+json\" class=\"yoast-schema-graph\">{\"@context\":\"https:\/\/schema.org\",\"@graph\":[{\"@type\":\"WebPage\",\"@id\":\"https:\/\/www.welovecycling.com\/hu\/edzes-es-eletmod\/igy-vedd-ra-barataidat-a-biciklizesre\/\",\"url\":\"https:\/\/www.welovecycling.com\/hu\/edzes-es-eletmod\/igy-vedd-ra-barataidat-a-biciklizesre\/\",\"name\":\"\u00cdgy vedd r\u00e1 bar\u00e1taidat a bicikliz\u00e9sre!\",\"isPartOf\":{\"@id\":\"https:\/\/www.welovecycling.com\/hu\/#website\"},\"primaryImageOfPage\":{\"@id\":\"https:\/\/www.welovecycling.com\/hu\/edzes-es-eletmod\/igy-vedd-ra-barataidat-a-biciklizesre\/#primaryimage\"},\"image\":{\"@id\":\"https:\/\/www.welovecycling.com\/hu\/edzes-es-eletmod\/igy-vedd-ra-barataidat-a-biciklizesre\/#primaryimage\"},\"thumbnailUrl\":\"https:\/\/d2p6e6u75xmxt8.cloudfront.net\/12\/2021\/04\/Friends-cycling-profimedia-0598799080-CVR.jpg\",\"datePublished\":\"2021-04-19T07:00:05+00:00\",\"author\":{\"@id\":\"https:\/\/www.welovecycling.com\/hu\/#\/schema\/person\/414a2aebf1801691a5320edb6468e194\"},\"description\":\"A vil\u00e1gnak min\u00e9l t\u00f6bb ker\u00e9kp\u00e1rosra van sz\u00fcks\u00e9ge, most indul\u00f3 sorozatunkkal pedig pont ezen dolgozunk!\",\"breadcrumb\":{\"@id\":\"https:\/\/www.welovecycling.com\/hu\/edzes-es-eletmod\/igy-vedd-ra-barataidat-a-biciklizesre\/#breadcrumb\"},\"inLanguage\":\"hu\",\"potentialAction\":[{\"@type\":\"ReadAction\",\"target\":[\"https:\/\/www.welovecycling.com\/hu\/edzes-es-eletmod\/igy-vedd-ra-barataidat-a-biciklizesre\/\"]}]},{\"@type\":\"ImageObject\",\"inLanguage\":\"hu\",\"@id\":\"https:\/\/www.welovecycling.com\/hu\/edzes-es-eletmod\/igy-vedd-ra-barataidat-a-biciklizesre\/#primaryimage\",\"url\":\"https:\/\/d2p6e6u75xmxt8.cloudfront.net\/12\/2021\/04\/Friends-cycling-profimedia-0598799080-CVR.jpg\",\"contentUrl\":\"https:\/\/d2p6e6u75xmxt8.cloudfront.net\/12\/2021\/04\/Friends-cycling-profimedia-0598799080-CVR.jpg\",\"width\":1366,\"height\":600,\"caption\":\"Cycling friends\"},{\"@type\":\"BreadcrumbList\",\"@id\":\"https:\/\/www.welovecycling.com\/hu\/edzes-es-eletmod\/igy-vedd-ra-barataidat-a-biciklizesre\/#breadcrumb\",\"itemListElement\":[{\"@type\":\"ListItem\",\"position\":1,\"name\":\"Home\",\"item\":\"https:\/\/www.welovecycling.com\/hu\/\"},{\"@type\":\"ListItem\",\"position\":2,\"name\":\"\u00cdgy vedd r\u00e1 bar\u00e1taidat a bicikliz\u00e9sre!\"}]},{\"@type\":\"WebSite\",\"@id\":\"https:\/\/www.welovecycling.com\/hu\/#website\",\"url\":\"https:\/\/www.welovecycling.com\/hu\/\",\"name\":\"\u0160koda We Love Cycling - Magyarorsz\u00e1g\",\"description\":\"\u0160koda WeLoveCycling\",\"potentialAction\":[{\"@type\":\"SearchAction\",\"target\":{\"@type\":\"EntryPoint\",\"urlTemplate\":\"https:\/\/www.welovecycling.com\/hu\/?s={search_term_string}\"},\"query-input\":{\"@type\":\"PropertyValueSpecification\",\"valueRequired\":true,\"valueName\":\"search_term_string\"}}],\"inLanguage\":\"hu\"},{\"@type\":\"Person\",\"@id\":\"https:\/\/www.welovecycling.com\/hu\/#\/schema\/person\/414a2aebf1801691a5320edb6468e194\",\"name\":\"hegyizs\",\"image\":{\"@type\":\"ImageObject\",\"inLanguage\":\"hu\",\"@id\":\"https:\/\/www.welovecycling.com\/hu\/#\/schema\/person\/image\/\",\"url\":\"https:\/\/secure.gravatar.com\/avatar\/02cf8a7906b8cf90cecb4679defac7cfd33a1c2e3b88e4903d947f3bb58eedd3?s=96&d=mm&r=g\",\"contentUrl\":\"https:\/\/secure.gravatar.com\/avatar\/02cf8a7906b8cf90cecb4679defac7cfd33a1c2e3b88e4903d947f3bb58eedd3?s=96&d=mm&r=g\",\"caption\":\"hegyizs\"},\"url\":\"https:\/\/www.welovecycling.com\/hu\/author\/hegyizs\/\"}]}<\/script>\n<!-- \/ Yoast SEO Premium plugin. -->","yoast_head_json":{"title":"\u00cdgy vedd r\u00e1 bar\u00e1taidat a bicikliz\u00e9sre!","description":"A vil\u00e1gnak min\u00e9l t\u00f6bb ker\u00e9kp\u00e1rosra van sz\u00fcks\u00e9ge, most indul\u00f3 sorozatunkkal pedig pont ezen dolgozunk!","robots":{"index":"index","follow":"follow","max-snippet":"max-snippet:-1","max-image-preview":"max-image-preview:large","max-video-preview":"max-video-preview:-1"},"canonical":"https:\/\/www.welovecycling.com\/hu\/edzes-es-eletmod\/igy-vedd-ra-barataidat-a-biciklizesre\/","og_locale":"hu_HU","og_type":"article","og_title":"\u00cdgy vedd r\u00e1 bar\u00e1taidat a bicikliz\u00e9sre!","og_description":"A vil\u00e1gnak min\u00e9l t\u00f6bb ker\u00e9kp\u00e1rosra van sz\u00fcks\u00e9ge, most indul\u00f3 sorozatunkkal pedig pont ezen dolgozunk!","og_url":"https:\/\/www.welovecycling.com\/hu\/edzes-es-eletmod\/igy-vedd-ra-barataidat-a-biciklizesre\/","og_site_name":"\u0160koda We Love Cycling - Magyarorsz\u00e1g","article_publisher":"https:\/\/www.facebook.com\/WeLoveCyclingHungary\/","article_published_time":"2021-04-19T07:00:05+00:00","og_image":[{"width":1366,"height":600,"url":"https:\/\/d2p6e6u75xmxt8.cloudfront.net\/12\/2021\/04\/Friends-cycling-profimedia-0598799080-CVR.jpg","type":"image\/jpeg"}],"author":"hegyizs","twitter_card":"summary_large_image","twitter_misc":{"Written by":"Jiri Kaloc","Est. reading time":"5"},"schema":{"@context":"https:\/\/schema.org","@graph":[{"@type":"WebPage","@id":"https:\/\/www.welovecycling.com\/hu\/edzes-es-eletmod\/igy-vedd-ra-barataidat-a-biciklizesre\/","url":"https:\/\/www.welovecycling.com\/hu\/edzes-es-eletmod\/igy-vedd-ra-barataidat-a-biciklizesre\/","name":"\u00cdgy vedd r\u00e1 bar\u00e1taidat a bicikliz\u00e9sre!","isPartOf":{"@id":"https:\/\/www.welovecycling.com\/hu\/#website"},"primaryImageOfPage":{"@id":"https:\/\/www.welovecycling.com\/hu\/edzes-es-eletmod\/igy-vedd-ra-barataidat-a-biciklizesre\/#primaryimage"},"image":{"@id":"https:\/\/www.welovecycling.com\/hu\/edzes-es-eletmod\/igy-vedd-ra-barataidat-a-biciklizesre\/#primaryimage"},"thumbnailUrl":"https:\/\/d2p6e6u75xmxt8.cloudfront.net\/12\/2021\/04\/Friends-cycling-profimedia-0598799080-CVR.jpg","datePublished":"2021-04-19T07:00:05+00:00","author":{"@id":"https:\/\/www.welovecycling.com\/hu\/#\/schema\/person\/414a2aebf1801691a5320edb6468e194"},"description":"A vil\u00e1gnak min\u00e9l t\u00f6bb ker\u00e9kp\u00e1rosra van sz\u00fcks\u00e9ge, most indul\u00f3 sorozatunkkal pedig pont ezen dolgozunk!","breadcrumb":{"@id":"https:\/\/www.welovecycling.com\/hu\/edzes-es-eletmod\/igy-vedd-ra-barataidat-a-biciklizesre\/#breadcrumb"},"inLanguage":"hu","potentialAction":[{"@type":"ReadAction","target":["https:\/\/www.welovecycling.com\/hu\/edzes-es-eletmod\/igy-vedd-ra-barataidat-a-biciklizesre\/"]}]},{"@type":"ImageObject","inLanguage":"hu","@id":"https:\/\/www.welovecycling.com\/hu\/edzes-es-eletmod\/igy-vedd-ra-barataidat-a-biciklizesre\/#primaryimage","url":"https:\/\/d2p6e6u75xmxt8.cloudfront.net\/12\/2021\/04\/Friends-cycling-profimedia-0598799080-CVR.jpg","contentUrl":"https:\/\/d2p6e6u75xmxt8.cloudfront.net\/12\/2021\/04\/Friends-cycling-profimedia-0598799080-CVR.jpg","width":1366,"height":600,"caption":"Cycling friends"},{"@type":"BreadcrumbList","@id":"https:\/\/www.welovecycling.com\/hu\/edzes-es-eletmod\/igy-vedd-ra-barataidat-a-biciklizesre\/#breadcrumb","itemListElement":[{"@type":"ListItem","position":1,"name":"Home","item":"https:\/\/www.welovecycling.com\/hu\/"},{"@type":"ListItem","position":2,"name":"\u00cdgy vedd r\u00e1 bar\u00e1taidat a bicikliz\u00e9sre!"}]},{"@type":"WebSite","@id":"https:\/\/www.welovecycling.com\/hu\/#website","url":"https:\/\/www.welovecycling.com\/hu\/","name":"\u0160koda We Love Cycling - Magyarorsz\u00e1g","description":"\u0160koda WeLoveCycling","potentialAction":[{"@type":"SearchAction","target":{"@type":"EntryPoint","urlTemplate":"https:\/\/www.welovecycling.com\/hu\/?s={search_term_string}"},"query-input":{"@type":"PropertyValueSpecification","valueRequired":true,"valueName":"search_term_string"}}],"inLanguage":"hu"},{"@type":"Person","@id":"https:\/\/www.welovecycling.com\/hu\/#\/schema\/person\/414a2aebf1801691a5320edb6468e194","name":"hegyizs","image":{"@type":"ImageObject","inLanguage":"hu","@id":"https:\/\/www.welovecycling.com\/hu\/#\/schema\/person\/image\/","url":"https:\/\/secure.gravatar.com\/avatar\/02cf8a7906b8cf90cecb4679defac7cfd33a1c2e3b88e4903d947f3bb58eedd3?s=96&d=mm&r=g","contentUrl":"https:\/\/secure.gravatar.com\/avatar\/02cf8a7906b8cf90cecb4679defac7cfd33a1c2e3b88e4903d947f3bb58eedd3?s=96&d=mm&r=g","caption":"hegyizs"},"url":"https:\/\/www.welovecycling.com\/hu\/author\/hegyizs\/"}]}},"_links":{"self":[{"href":"https:\/\/www.welovecycling.com\/hu\/wp-json\/wp\/v2\/posts\/10651","targetHints":{"allow":["GET"]}}],"collection":[{"href":"https:\/\/www.welovecycling.com\/hu\/wp-json\/wp\/v2\/posts"}],"about":[{"href":"https:\/\/www.welovecycling.com\/hu\/wp-json\/wp\/v2\/types\/post"}],"author":[{"embeddable":true,"href":"https:\/\/www.welovecycling.com\/hu\/wp-json\/wp\/v2\/users\/71"}],"replies":[{"embeddable":true,"href":"https:\/\/www.welovecycling.com\/hu\/wp-json\/wp\/v2\/comments?post=10651"}],"version-history":[{"count":2,"href":"https:\/\/www.welovecycling.com\/hu\/wp-json\/wp\/v2\/posts\/10651\/revisions"}],"predecessor-version":[{"id":10683,"href":"https:\/\/www.welovecycling.com\/hu\/wp-json\/wp\/v2\/posts\/10651\/revisions\/10683"}],"wp:featuredmedia":[{"embeddable":true,"href":"https:\/\/www.welovecycling.com\/hu\/wp-json\/wp\/v2\/media\/10654"}],"wp:attachment":[{"href":"https:\/\/www.welovecycling.com\/hu\/wp-json\/wp\/v2\/media?parent=10651"}],"wp:term":[{"taxonomy":"category","embeddable":true,"href":"https:\/\/www.welovecycling.com\/hu\/wp-json\/wp\/v2\/categories?post=10651"},{"taxonomy":"post_tag","embeddable":true,"href":"https:\/\/www.welovecycling.com\/hu\/wp-json\/wp\/v2\/tags?post=10651"},{"taxonomy":"global-categories","embeddable":true,"href":"https:\/\/www.welovecycling.com\/hu\/wp-json\/wp\/v2\/global-categories?post=10651"}],"curies":[{"name":"wp","href":"https:\/\/api.w.org\/{rel}","templated":true}]}}