{"id":1063,"date":"2018-06-25T07:26:12","date_gmt":"2018-06-25T07:26:12","guid":{"rendered":"https:\/\/www.welovecycling.com\/hu\/?p=1063"},"modified":"2018-06-25T07:26:12","modified_gmt":"2018-06-25T07:26:12","slug":"sotetben-fenylo-kerekparutak","status":"publish","type":"post","link":"https:\/\/www.welovecycling.com\/hu\/uncategorized\/sotetben-fenylo-kerekparutak\/","title":{"rendered":"Sz\u00e9ps\u00e9ges, s\u00f6t\u00e9tben f\u00e9nyl\u0151 ker\u00e9kp\u00e1rutak\u00e9 a j\u00f6v\u0151"},"content":{"rendered":"<p><strong>Kor\u00e1bban is l\u00e1ttunk m\u00e1r a s\u00f6t\u00e9tben f\u00e9nyl\u0151 ker\u00e9kp\u00e1rutakat, de azokat LED-ek vil\u00e1g\u00edtott\u00e1k meg. Az \u00e9szak-lengyelorsz\u00e1gi kisv\u00e1ros, Lidzbark Warmi\u0144ski egy l\u00e9p\u00e9ssel el\u0151r\u00e9bb j\u00e1r: az \u00f6nkorm\u00e1nyzat \u00fagy d\u00f6nt\u00f6tt, k\u00f6zvetlen\u00fcl a nap fogja t\u00e1pl\u00e1lni energi\u00e1val \u00faj tal\u00e1lm\u00e1nyukat.<\/strong><\/p>\n<h2><!--more--><\/h2>\n<p>A pruszkowi TPA Instytut Badan Technicznych lengyel \u00e9p\u00edt\u0151ipari v\u00e1llalat kutat\u00f3i luminofor anyagot \u00e9p\u00edtettek az egyedi ker\u00e9kp\u00e1r\u00fat burkolat\u00e1ba. Ez a szintetikus anyag \u00e9l\u00e9nk k\u00e9k sz\u00ednben f\u00e9nylik, ha a napsugarak felt\u00f6ltik, \u00edgy v\u00e1lik a s\u00f6t\u00e9tben b\u00e1mulatoss\u00e1. A v\u00e1llalat elismerte, hogy \u00f6tlet\u00fcket a fentebb eml\u00edtett Starry Night (Csillagos \u00e9j) ker\u00e9kp\u00e1r\u00fat inspir\u00e1lta, amit Daan Roosegaarde holland m\u0171v\u00e9sz alkotott meg \u00a0Amsterdamt\u00f3l kb. 100 km-re, Nuenenben. De m\u00edg az \u0151 alkot\u00e1s\u00e1nak t\u00e1pl\u00e1l\u00e1s\u00e1hoz napelem panelekre van sz\u00fcks\u00e9g, a lengyel tal\u00e1lm\u00e1nyhoz nincs.<\/p>\n<p><a href=\"https:\/\/d2p6e6u75xmxt8.cloudfront.net\/12\/2018\/06\/fenylo-kerekparutak-02.jpg\"><img loading=\"lazy\" decoding=\"async\" class=\"alignnone size-full wp-image-1065\" src=\"https:\/\/d2p6e6u75xmxt8.cloudfront.net\/12\/2018\/06\/fenylo-kerekparutak-02.jpg\" alt=\"fenylo-kerekparutak\" width=\"600\" height=\"359\" srcset=\"https:\/\/d2p6e6u75xmxt8.cloudfront.net\/12\/2018\/06\/fenylo-kerekparutak-02.jpg 600w, https:\/\/d2p6e6u75xmxt8.cloudfront.net\/12\/2018\/06\/fenylo-kerekparutak-02-300x180.jpg 300w\" sizes=\"auto, (max-width: 600px) 100vw, 600px\" \/><\/a><\/p>\n<p><a href=\"https:\/\/d2p6e6u75xmxt8.cloudfront.net\/12\/2018\/06\/fenylo-kerekparutak-03.jpg\"><img loading=\"lazy\" decoding=\"async\" class=\"alignnone size-full wp-image-1066\" src=\"https:\/\/d2p6e6u75xmxt8.cloudfront.net\/12\/2018\/06\/fenylo-kerekparutak-03.jpg\" alt=\"fenylo-kerekparutak\" width=\"600\" height=\"370\" srcset=\"https:\/\/d2p6e6u75xmxt8.cloudfront.net\/12\/2018\/06\/fenylo-kerekparutak-03.jpg 600w, https:\/\/d2p6e6u75xmxt8.cloudfront.net\/12\/2018\/06\/fenylo-kerekparutak-03-300x185.jpg 300w\" sizes=\"auto, (max-width: 600px) 100vw, 600px\" \/><\/a><\/p>\n<p><a href=\"https:\/\/d2p6e6u75xmxt8.cloudfront.net\/12\/2018\/06\/fenylo-kerekparutak-04.jpg\"><img loading=\"lazy\" decoding=\"async\" class=\"alignnone size-full wp-image-1067\" src=\"https:\/\/d2p6e6u75xmxt8.cloudfront.net\/12\/2018\/06\/fenylo-kerekparutak-04.jpg\" alt=\"fenylo-kerekparutak\" width=\"600\" height=\"400\" srcset=\"https:\/\/d2p6e6u75xmxt8.cloudfront.net\/12\/2018\/06\/fenylo-kerekparutak-04.jpg 600w, https:\/\/d2p6e6u75xmxt8.cloudfront.net\/12\/2018\/06\/fenylo-kerekparutak-04-300x200.jpg 300w, https:\/\/d2p6e6u75xmxt8.cloudfront.net\/12\/2018\/06\/fenylo-kerekparutak-04-272x182.jpg 272w\" sizes=\"auto, (max-width: 600px) 100vw, 600px\" \/><\/a><\/p>\n<p><a href=\"https:\/\/d2p6e6u75xmxt8.cloudfront.net\/12\/2018\/06\/fenylo-kerekparutak-01-1.jpg\"><img loading=\"lazy\" decoding=\"async\" class=\"alignnone size-full wp-image-1068\" src=\"https:\/\/d2p6e6u75xmxt8.cloudfront.net\/12\/2018\/06\/fenylo-kerekparutak-01-1.jpg\" alt=\"kerekparutak-lengyelorszag\" width=\"600\" height=\"331\" srcset=\"https:\/\/d2p6e6u75xmxt8.cloudfront.net\/12\/2018\/06\/fenylo-kerekparutak-01-1.jpg 600w, https:\/\/d2p6e6u75xmxt8.cloudfront.net\/12\/2018\/06\/fenylo-kerekparutak-01-1-300x166.jpg 300w\" sizes=\"auto, (max-width: 600px) 100vw, 600px\" \/><\/a><\/p>\n<p>\u201eA ker\u00e9kp\u00e1r\u00fathoz haszn\u00e1lt anyag t\u00f6bb mint t\u00edz \u00f3r\u00e1ig bocs\u00e1t ki mag\u00e1b\u00f3l f\u00e9nyt. Ez azt jelenti, hogy az \u00fat eg\u00e9sz este f\u00e9nylik \u00e9s m\u00e1snap \u00fajrat\u00f6lt\u0151dik\u201d \u2013 mondja Igor Ruttmar, a TPA eln\u00f6ke.<\/p>\n<p>A ker\u00e9kp\u00e1r\u00fat teh\u00e1t teljes m\u00e9rt\u00e9kben \u00f6nell\u00e1t\u00f3, r\u00e1ad\u00e1sul t\u00f6bbf\u00e9le sz\u00ednt tud kibocs\u00e1tani. A tervez\u0151k a k\u00e9ket v\u00e1lasztott\u00e1k, mert az passzolt legink\u00e1bb a k\u00f6rnyezet\u00e9hez. A term\u00e9k m\u00e9g tesztel\u00e9s alatt \u00e1ll, de \u00fagy t\u0171nik, \u00faj m\u00f3dj\u00e1t tal\u00e1ltuk meg annak, hogy az \u00e9jszaka teker\u0151k \u00a0biztons\u00e1g\u00e1t jav\u00edtani lehessen. Szeretn\u00e9d, ha a te v\u00e1rosodban is ilyen lenne az esti biciklis vil\u00e1g\u00edt\u00e1s?<\/p>\n","protected":false},"excerpt":{"rendered":"<p>Kor\u00e1bban is l\u00e1ttunk m\u00e1r a s\u00f6t\u00e9tben f\u00e9nyl\u0151 ker\u00e9kp\u00e1rutakat, de azokat LED-ek vil\u00e1g\u00edtott\u00e1k meg. Az \u00e9szak-lengyelorsz\u00e1gi kisv\u00e1ros, Lidzbark Warmi\u0144ski egy l\u00e9p\u00e9ssel [&hellip;]<\/p>\n","protected":false},"author":71,"featured_media":1068,"comment_status":"open","ping_status":"open","sticky":false,"template":"","format":"standard","meta":{"footnotes":""},"categories":[1,9],"tags":[17,16,28,27,91],"global-categories":[],"class_list":["post-1063","post","type-post","status-publish","format-standard","has-post-thumbnail","hentry","category-uncategorized","category-varosi-kerekparozas","tag-bicikli","tag-kerekpar","tag-kerekpar-blog","tag-kerekpar-magazin","tag-vilagito-kerekparut"],"yoast_head":"<!-- This site is optimized with the Yoast SEO Premium plugin v25.3 (Yoast SEO v25.9) - https:\/\/yoast.com\/wordpress\/plugins\/seo\/ -->\n<title>Sz\u00e9ps\u00e9ges, s\u00f6t\u00e9tben f\u00e9nyl\u0151 ker\u00e9kp\u00e1rutak\u00e9 a j\u00f6v\u0151 - \u0160koda We Love Cycling - Magyarorsz\u00e1g<\/title>\n<meta name=\"description\" content=\"Az \u00e9szak-lengyelorsz\u00e1gi kisv\u00e1rosban, Lidzbark Warmi\u0144skiben az \u00f6nkorm\u00e1nyzat \u00fagy d\u00f6nt\u00f6tt, k\u00f6zvetlen\u00fcl a nap fogja t\u00e1pl\u00e1lni energi\u00e1val \u00faj tal\u00e1lm\u00e1nyukat. B\u00e1mulatos!\" \/>\n<meta name=\"robots\" content=\"index, follow, max-snippet:-1, max-image-preview:large, max-video-preview:-1\" \/>\n<link rel=\"canonical\" href=\"https:\/\/www.welovecycling.com\/hu\/uncategorized\/sotetben-fenylo-kerekparutak\/\" \/>\n<meta property=\"og:locale\" content=\"hu_HU\" \/>\n<meta property=\"og:type\" content=\"article\" \/>\n<meta property=\"og:title\" content=\"Sz\u00e9ps\u00e9ges, s\u00f6t\u00e9tben f\u00e9nyl\u0151 ker\u00e9kp\u00e1rutak\u00e9 a j\u00f6v\u0151\" \/>\n<meta property=\"og:description\" content=\"Az \u00e9szak-lengyelorsz\u00e1gi kisv\u00e1rosban, Lidzbark Warmi\u0144skiben az \u00f6nkorm\u00e1nyzat \u00fagy d\u00f6nt\u00f6tt, k\u00f6zvetlen\u00fcl a nap fogja t\u00e1pl\u00e1lni energi\u00e1val \u00faj tal\u00e1lm\u00e1nyukat. B\u00e1mulatos!\" \/>\n<meta property=\"og:url\" content=\"https:\/\/www.welovecycling.com\/hu\/uncategorized\/sotetben-fenylo-kerekparutak\/\" \/>\n<meta property=\"og:site_name\" content=\"\u0160koda We Love Cycling - Magyarorsz\u00e1g\" \/>\n<meta property=\"article:publisher\" content=\"https:\/\/www.facebook.com\/WeLoveCyclingHungary\/\" \/>\n<meta property=\"article:published_time\" content=\"2018-06-25T07:26:12+00:00\" \/>\n<meta property=\"og:image\" content=\"https:\/\/d2p6e6u75xmxt8.cloudfront.net\/12\/2018\/06\/fenylo-kerekparutak-01-1.jpg\" \/>\n\t<meta property=\"og:image:width\" content=\"600\" \/>\n\t<meta property=\"og:image:height\" content=\"331\" \/>\n\t<meta property=\"og:image:type\" content=\"image\/jpeg\" \/>\n<meta name=\"author\" content=\"hegyizs\" \/>\n<meta name=\"twitter:card\" content=\"summary_large_image\" \/>\n<meta name=\"twitter:label1\" content=\"Written by\" \/>\n\t<meta name=\"twitter:data1\" content=\"hegyizs\" \/>\n\t<meta name=\"twitter:label2\" content=\"Est. reading time\" \/>\n\t<meta name=\"twitter:data2\" content=\"2 minutes\" \/>\n<script type=\"application\/ld+json\" class=\"yoast-schema-graph\">{\"@context\":\"https:\/\/schema.org\",\"@graph\":[{\"@type\":\"WebPage\",\"@id\":\"https:\/\/www.welovecycling.com\/hu\/uncategorized\/sotetben-fenylo-kerekparutak\/\",\"url\":\"https:\/\/www.welovecycling.com\/hu\/uncategorized\/sotetben-fenylo-kerekparutak\/\",\"name\":\"Sz\u00e9ps\u00e9ges, s\u00f6t\u00e9tben f\u00e9nyl\u0151 ker\u00e9kp\u00e1rutak\u00e9 a j\u00f6v\u0151 - \u0160koda We Love Cycling - Magyarorsz\u00e1g\",\"isPartOf\":{\"@id\":\"https:\/\/www.welovecycling.com\/hu\/#website\"},\"primaryImageOfPage\":{\"@id\":\"https:\/\/www.welovecycling.com\/hu\/uncategorized\/sotetben-fenylo-kerekparutak\/#primaryimage\"},\"image\":{\"@id\":\"https:\/\/www.welovecycling.com\/hu\/uncategorized\/sotetben-fenylo-kerekparutak\/#primaryimage\"},\"thumbnailUrl\":\"https:\/\/d2p6e6u75xmxt8.cloudfront.net\/12\/2018\/06\/fenylo-kerekparutak-01-1.jpg\",\"datePublished\":\"2018-06-25T07:26:12+00:00\",\"author\":{\"@id\":\"https:\/\/www.welovecycling.com\/hu\/#\/schema\/person\/414a2aebf1801691a5320edb6468e194\"},\"description\":\"Az \u00e9szak-lengyelorsz\u00e1gi kisv\u00e1rosban, Lidzbark Warmi\u0144skiben az \u00f6nkorm\u00e1nyzat \u00fagy d\u00f6nt\u00f6tt, k\u00f6zvetlen\u00fcl a nap fogja t\u00e1pl\u00e1lni energi\u00e1val \u00faj tal\u00e1lm\u00e1nyukat. B\u00e1mulatos!\",\"breadcrumb\":{\"@id\":\"https:\/\/www.welovecycling.com\/hu\/uncategorized\/sotetben-fenylo-kerekparutak\/#breadcrumb\"},\"inLanguage\":\"hu\",\"potentialAction\":[{\"@type\":\"ReadAction\",\"target\":[\"https:\/\/www.welovecycling.com\/hu\/uncategorized\/sotetben-fenylo-kerekparutak\/\"]}]},{\"@type\":\"ImageObject\",\"inLanguage\":\"hu\",\"@id\":\"https:\/\/www.welovecycling.com\/hu\/uncategorized\/sotetben-fenylo-kerekparutak\/#primaryimage\",\"url\":\"https:\/\/d2p6e6u75xmxt8.cloudfront.net\/12\/2018\/06\/fenylo-kerekparutak-01-1.jpg\",\"contentUrl\":\"https:\/\/d2p6e6u75xmxt8.cloudfront.net\/12\/2018\/06\/fenylo-kerekparutak-01-1.jpg\",\"width\":600,\"height\":331,\"caption\":\"kerekparutak-lengyelorszag\"},{\"@type\":\"BreadcrumbList\",\"@id\":\"https:\/\/www.welovecycling.com\/hu\/uncategorized\/sotetben-fenylo-kerekparutak\/#breadcrumb\",\"itemListElement\":[{\"@type\":\"ListItem\",\"position\":1,\"name\":\"Home\",\"item\":\"https:\/\/www.welovecycling.com\/hu\/\"},{\"@type\":\"ListItem\",\"position\":2,\"name\":\"Sz\u00e9ps\u00e9ges, s\u00f6t\u00e9tben f\u00e9nyl\u0151 ker\u00e9kp\u00e1rutak\u00e9 a j\u00f6v\u0151\"}]},{\"@type\":\"WebSite\",\"@id\":\"https:\/\/www.welovecycling.com\/hu\/#website\",\"url\":\"https:\/\/www.welovecycling.com\/hu\/\",\"name\":\"\u0160koda We Love Cycling - Magyarorsz\u00e1g\",\"description\":\"\u0160koda WeLoveCycling\",\"potentialAction\":[{\"@type\":\"SearchAction\",\"target\":{\"@type\":\"EntryPoint\",\"urlTemplate\":\"https:\/\/www.welovecycling.com\/hu\/?s={search_term_string}\"},\"query-input\":{\"@type\":\"PropertyValueSpecification\",\"valueRequired\":true,\"valueName\":\"search_term_string\"}}],\"inLanguage\":\"hu\"},{\"@type\":\"Person\",\"@id\":\"https:\/\/www.welovecycling.com\/hu\/#\/schema\/person\/414a2aebf1801691a5320edb6468e194\",\"name\":\"hegyizs\",\"image\":{\"@type\":\"ImageObject\",\"inLanguage\":\"hu\",\"@id\":\"https:\/\/www.welovecycling.com\/hu\/#\/schema\/person\/image\/\",\"url\":\"https:\/\/secure.gravatar.com\/avatar\/02cf8a7906b8cf90cecb4679defac7cfd33a1c2e3b88e4903d947f3bb58eedd3?s=96&d=mm&r=g\",\"contentUrl\":\"https:\/\/secure.gravatar.com\/avatar\/02cf8a7906b8cf90cecb4679defac7cfd33a1c2e3b88e4903d947f3bb58eedd3?s=96&d=mm&r=g\",\"caption\":\"hegyizs\"},\"url\":\"https:\/\/www.welovecycling.com\/hu\/author\/hegyizs\/\"}]}<\/script>\n<!-- \/ Yoast SEO Premium plugin. -->","yoast_head_json":{"title":"Sz\u00e9ps\u00e9ges, s\u00f6t\u00e9tben f\u00e9nyl\u0151 ker\u00e9kp\u00e1rutak\u00e9 a j\u00f6v\u0151 - \u0160koda We Love Cycling - Magyarorsz\u00e1g","description":"Az \u00e9szak-lengyelorsz\u00e1gi kisv\u00e1rosban, Lidzbark Warmi\u0144skiben az \u00f6nkorm\u00e1nyzat \u00fagy d\u00f6nt\u00f6tt, k\u00f6zvetlen\u00fcl a nap fogja t\u00e1pl\u00e1lni energi\u00e1val \u00faj tal\u00e1lm\u00e1nyukat. B\u00e1mulatos!","robots":{"index":"index","follow":"follow","max-snippet":"max-snippet:-1","max-image-preview":"max-image-preview:large","max-video-preview":"max-video-preview:-1"},"canonical":"https:\/\/www.welovecycling.com\/hu\/uncategorized\/sotetben-fenylo-kerekparutak\/","og_locale":"hu_HU","og_type":"article","og_title":"Sz\u00e9ps\u00e9ges, s\u00f6t\u00e9tben f\u00e9nyl\u0151 ker\u00e9kp\u00e1rutak\u00e9 a j\u00f6v\u0151","og_description":"Az \u00e9szak-lengyelorsz\u00e1gi kisv\u00e1rosban, Lidzbark Warmi\u0144skiben az \u00f6nkorm\u00e1nyzat \u00fagy d\u00f6nt\u00f6tt, k\u00f6zvetlen\u00fcl a nap fogja t\u00e1pl\u00e1lni energi\u00e1val \u00faj tal\u00e1lm\u00e1nyukat. B\u00e1mulatos!","og_url":"https:\/\/www.welovecycling.com\/hu\/uncategorized\/sotetben-fenylo-kerekparutak\/","og_site_name":"\u0160koda We Love Cycling - Magyarorsz\u00e1g","article_publisher":"https:\/\/www.facebook.com\/WeLoveCyclingHungary\/","article_published_time":"2018-06-25T07:26:12+00:00","og_image":[{"width":600,"height":331,"url":"https:\/\/d2p6e6u75xmxt8.cloudfront.net\/12\/2018\/06\/fenylo-kerekparutak-01-1.jpg","type":"image\/jpeg"}],"author":"hegyizs","twitter_card":"summary_large_image","twitter_misc":{"Written by":"hegyizs","Est. reading time":"2 minutes"},"schema":{"@context":"https:\/\/schema.org","@graph":[{"@type":"WebPage","@id":"https:\/\/www.welovecycling.com\/hu\/uncategorized\/sotetben-fenylo-kerekparutak\/","url":"https:\/\/www.welovecycling.com\/hu\/uncategorized\/sotetben-fenylo-kerekparutak\/","name":"Sz\u00e9ps\u00e9ges, s\u00f6t\u00e9tben f\u00e9nyl\u0151 ker\u00e9kp\u00e1rutak\u00e9 a j\u00f6v\u0151 - \u0160koda We Love Cycling - Magyarorsz\u00e1g","isPartOf":{"@id":"https:\/\/www.welovecycling.com\/hu\/#website"},"primaryImageOfPage":{"@id":"https:\/\/www.welovecycling.com\/hu\/uncategorized\/sotetben-fenylo-kerekparutak\/#primaryimage"},"image":{"@id":"https:\/\/www.welovecycling.com\/hu\/uncategorized\/sotetben-fenylo-kerekparutak\/#primaryimage"},"thumbnailUrl":"https:\/\/d2p6e6u75xmxt8.cloudfront.net\/12\/2018\/06\/fenylo-kerekparutak-01-1.jpg","datePublished":"2018-06-25T07:26:12+00:00","author":{"@id":"https:\/\/www.welovecycling.com\/hu\/#\/schema\/person\/414a2aebf1801691a5320edb6468e194"},"description":"Az \u00e9szak-lengyelorsz\u00e1gi kisv\u00e1rosban, Lidzbark Warmi\u0144skiben az \u00f6nkorm\u00e1nyzat \u00fagy d\u00f6nt\u00f6tt, k\u00f6zvetlen\u00fcl a nap fogja t\u00e1pl\u00e1lni energi\u00e1val \u00faj tal\u00e1lm\u00e1nyukat. B\u00e1mulatos!","breadcrumb":{"@id":"https:\/\/www.welovecycling.com\/hu\/uncategorized\/sotetben-fenylo-kerekparutak\/#breadcrumb"},"inLanguage":"hu","potentialAction":[{"@type":"ReadAction","target":["https:\/\/www.welovecycling.com\/hu\/uncategorized\/sotetben-fenylo-kerekparutak\/"]}]},{"@type":"ImageObject","inLanguage":"hu","@id":"https:\/\/www.welovecycling.com\/hu\/uncategorized\/sotetben-fenylo-kerekparutak\/#primaryimage","url":"https:\/\/d2p6e6u75xmxt8.cloudfront.net\/12\/2018\/06\/fenylo-kerekparutak-01-1.jpg","contentUrl":"https:\/\/d2p6e6u75xmxt8.cloudfront.net\/12\/2018\/06\/fenylo-kerekparutak-01-1.jpg","width":600,"height":331,"caption":"kerekparutak-lengyelorszag"},{"@type":"BreadcrumbList","@id":"https:\/\/www.welovecycling.com\/hu\/uncategorized\/sotetben-fenylo-kerekparutak\/#breadcrumb","itemListElement":[{"@type":"ListItem","position":1,"name":"Home","item":"https:\/\/www.welovecycling.com\/hu\/"},{"@type":"ListItem","position":2,"name":"Sz\u00e9ps\u00e9ges, s\u00f6t\u00e9tben f\u00e9nyl\u0151 ker\u00e9kp\u00e1rutak\u00e9 a j\u00f6v\u0151"}]},{"@type":"WebSite","@id":"https:\/\/www.welovecycling.com\/hu\/#website","url":"https:\/\/www.welovecycling.com\/hu\/","name":"\u0160koda We Love Cycling - Magyarorsz\u00e1g","description":"\u0160koda WeLoveCycling","potentialAction":[{"@type":"SearchAction","target":{"@type":"EntryPoint","urlTemplate":"https:\/\/www.welovecycling.com\/hu\/?s={search_term_string}"},"query-input":{"@type":"PropertyValueSpecification","valueRequired":true,"valueName":"search_term_string"}}],"inLanguage":"hu"},{"@type":"Person","@id":"https:\/\/www.welovecycling.com\/hu\/#\/schema\/person\/414a2aebf1801691a5320edb6468e194","name":"hegyizs","image":{"@type":"ImageObject","inLanguage":"hu","@id":"https:\/\/www.welovecycling.com\/hu\/#\/schema\/person\/image\/","url":"https:\/\/secure.gravatar.com\/avatar\/02cf8a7906b8cf90cecb4679defac7cfd33a1c2e3b88e4903d947f3bb58eedd3?s=96&d=mm&r=g","contentUrl":"https:\/\/secure.gravatar.com\/avatar\/02cf8a7906b8cf90cecb4679defac7cfd33a1c2e3b88e4903d947f3bb58eedd3?s=96&d=mm&r=g","caption":"hegyizs"},"url":"https:\/\/www.welovecycling.com\/hu\/author\/hegyizs\/"}]}},"_links":{"self":[{"href":"https:\/\/www.welovecycling.com\/hu\/wp-json\/wp\/v2\/posts\/1063","targetHints":{"allow":["GET"]}}],"collection":[{"href":"https:\/\/www.welovecycling.com\/hu\/wp-json\/wp\/v2\/posts"}],"about":[{"href":"https:\/\/www.welovecycling.com\/hu\/wp-json\/wp\/v2\/types\/post"}],"author":[{"embeddable":true,"href":"https:\/\/www.welovecycling.com\/hu\/wp-json\/wp\/v2\/users\/71"}],"replies":[{"embeddable":true,"href":"https:\/\/www.welovecycling.com\/hu\/wp-json\/wp\/v2\/comments?post=1063"}],"version-history":[{"count":2,"href":"https:\/\/www.welovecycling.com\/hu\/wp-json\/wp\/v2\/posts\/1063\/revisions"}],"predecessor-version":[{"id":1071,"href":"https:\/\/www.welovecycling.com\/hu\/wp-json\/wp\/v2\/posts\/1063\/revisions\/1071"}],"wp:featuredmedia":[{"embeddable":true,"href":"https:\/\/www.welovecycling.com\/hu\/wp-json\/wp\/v2\/media\/1068"}],"wp:attachment":[{"href":"https:\/\/www.welovecycling.com\/hu\/wp-json\/wp\/v2\/media?parent=1063"}],"wp:term":[{"taxonomy":"category","embeddable":true,"href":"https:\/\/www.welovecycling.com\/hu\/wp-json\/wp\/v2\/categories?post=1063"},{"taxonomy":"post_tag","embeddable":true,"href":"https:\/\/www.welovecycling.com\/hu\/wp-json\/wp\/v2\/tags?post=1063"},{"taxonomy":"global-categories","embeddable":true,"href":"https:\/\/www.welovecycling.com\/hu\/wp-json\/wp\/v2\/global-categories?post=1063"}],"curies":[{"name":"wp","href":"https:\/\/api.w.org\/{rel}","templated":true}]}}