{"id":10621,"date":"2021-04-16T08:00:44","date_gmt":"2021-04-16T07:00:44","guid":{"rendered":"https:\/\/www.welovecycling.com\/hu\/?p=10621"},"modified":"2022-02-03T13:02:32","modified_gmt":"2022-02-03T11:02:32","slug":"a-honap-utvonala-aprilis-koszegi-hegyseg","status":"publish","type":"post","link":"https:\/\/www.welovecycling.com\/hu\/honap-utvonala\/a-honap-utvonala-aprilis-koszegi-hegyseg\/","title":{"rendered":"A h\u00f3nap \u00fatvonala \u2013 \u00c1prilis: K\u0151szegi-hegys\u00e9g"},"content":{"rendered":"<p><strong>\u00c1prilisban sem k\u00edm\u00e9l\u00fcnk benneteket, ism\u00e9t egy kiad\u00f3s t\u00far\u00e1t nevezt\u00fcnk ki a H\u00f3nap \u00fatvonal\u00e1nak! K\u00f6vess\u00e9tek Lor\u00e1ndot \u00e9s csapat\u00e1t a K\u0151szegi-hegys\u00e9gbe \u00e9s l\u00e1togass\u00e1tok meg a Korona\u0151rz\u0151 bunkert, a H\u00e9tforr\u00e1st, az \u00d3h\u00e1z-kil\u00e1t\u00f3t, a H\u00f6rmann forr\u00e1st, a St\u00e1jer h\u00e1zakat, a Szent Vid-k\u00e1poln\u00e1t \u00e9s az Ab\u00e9r tavakat! Ezen az \u00fatvonalon azt\u00e1n minden van!<\/strong><!--more--><\/p>\n<p>Lor\u00e1nd, Steni, Ildik\u00f3, Ott\u00f3, L\u00edvia \u00e9s Imola egy k\u00f6d\u00f6s reggelen indult legut\u00f3bb a K\u0151szegi-hegys\u00e9g fel\u00e9, hogy k\u00e9t ker\u00e9ken fedezz\u00e9k fel a kincseit. A vide\u00f3t Lor\u00e1nd k\u00e9sz\u00edtette, hogy megoszthassa \u00e9lm\u00e9nyeiket a ker\u00e9kp\u00e1ros k\u00f6z\u00f6ss\u00e9ggel.<\/p>\n<p>Lor\u00e1nd gyerekkora \u00f3ta ker\u00e9kp\u00e1rozik, azonban mint sokan, feln\u0151ttk\u00e9nt \u0151 is volt, hogy megfeledkezett bring\u00e1j\u00e1r\u00f3l. Mostanra m\u00e1r n\u00e9gy \u00e9ve rendszeresen teker, h\u00f3ban, fagyban, zord hidegben, j\u00e9ges\u0151ben, szinte minden nap. Val\u00f3sz\u00edn\u0171leg neki m\u00e1r meg sem kottyant a majdnem 50 kilom\u00e9teres k\u0151szegi t\u00fara, hiszen 100 km feletti utakat is meg szokott tenni. T\u00e9len is.<\/p>\n<figure id=\"attachment_10622\" aria-describedby=\"caption-attachment-10622\" style=\"width: 420px\" class=\"wp-caption aligncenter\"><img loading=\"lazy\" decoding=\"async\" class=\"size-full wp-image-10622\" src=\"https:\/\/d2p6e6u75xmxt8.cloudfront.net\/12\/2021\/04\/wlc_huv_apr.png\" alt=\"\" width=\"420\" height=\"378\" srcset=\"https:\/\/d2p6e6u75xmxt8.cloudfront.net\/12\/2021\/04\/wlc_huv_apr.png 420w, https:\/\/d2p6e6u75xmxt8.cloudfront.net\/12\/2021\/04\/wlc_huv_apr-300x270.png 300w\" sizes=\"auto, (max-width: 420px) 100vw, 420px\" \/><figcaption id=\"caption-attachment-10622\" class=\"wp-caption-text\">A k\u0151szegi k\u00f6rt\u00fara \u00fatvonal\u00e1t <a href=\"https:\/\/www.strava.com\/activities\/4233144758?share_sig=QB2E18HU1616580915&amp;utm_medium=social&amp;utm_source=android_share\" target=\"_blank\" rel=\"noopener\">itt \u00e9red el!<\/a><\/figcaption><\/figure>\n<p><em>\u201e\u00c9n \u00fagy \u00e9rzem, hogy ez egy olyan hobbi, amiben teljes m\u00e9rt\u00e9kben ki tudom \u00e9lni magam. K\u00e9t \u00e9ve hossz\u00fa keresg\u00e9l\u00e9s \u00e9s tanakod\u00e1s ut\u00e1n beszereztem magamnak egy Merida Speedert ami kis \u00e1talak\u00edt\u00e1s ut\u00e1n egy egyenes korm\u00e1ny\u00fa gravelnek felel meg legink\u00e1bb, egy igazi t\u00farag\u00e9p, mely alkalmas nagy csomagos, t\u00f6bb napos t\u00far\u00e1kra is, amit m\u00e1r t\u00f6bbsz\u00f6r is bizony\u00edtott. Imm\u00e1r a 20 ezredik kilom\u00e9ter\u00e9t r\u00f3ja alattam, sz\u00e1mtalan csod\u00e1latos kalandot \u00e9lt\u00fcnk \u00e1t egy\u00fctt \u00e9s tekert\u00fcnk \u00fattalan utakon is. Ezek k\u00f6z\u00fcl Veletek is megosztan\u00e9k egy csod\u00e1latos \u00fatvonalat a K\u0151szegi hegys\u00e9g t\u00e9rs\u00e9g\u00e9b\u0151l melyet b\u00e1tran merek aj\u00e1nlani kisgyerekes csal\u00e1dokt\u00f3l az id\u0151sebb koroszt\u00e1lyba tartoz\u00f3 lelkes ker\u00e9kp\u00e1rosoknak is. Kisebb pihen\u0151kkel b\u00e1rki teljes\u00edtheti ezt az \u00fatszakaszt, mely legink\u00e1bb aszfaltos, alacsony forgalm\u00fa erdei utakon kalauzol el benn\u00fcnket a K\u0151szegi hegys\u00e9g l\u00e1tv\u00e1nyoss\u00e1gaihoz\u201d<\/em> \u2013 mes\u00e9lte Lor\u00e1nd.<\/p>\n<p>A kil\u00e1t\u00e1s persze minden \u00e9vszakban m\u00e1s, \u00edgy a csapat ny\u00e1ron \u00fajra megl\u00e1togatja a hegys\u00e9get. De nektek persze nem musz\u00e1j addig v\u00e1rni! \ud83d\ude42<\/p>\n<p><em>Ha te is szeretn\u00e9d megosztani kedvenc \u00fatvonalaidat bring\u00e1s k\u00f6z\u00f6ss\u00e9g\u00fcnkkel, k\u00e9sz\u00edts r\u00f3luk fot\u00f3kat, \u00e9s k\u00fcldj el nek\u00fcnk egy besz\u00e1mol\u00f3t a <a href=\"mailto:welovecycling@skoda.hu\">welovecycling@skoda.hu<\/a> e-mail c\u00edmre! Ha pedig tov\u00e1bbi inspir\u00e1ci\u00f3t keresel k\u00f6vetkez\u0151 t\u00far\u00e1dhoz, n\u00e9zd meg <a href=\"https:\/\/www.welovecycling.com\/hu\/category\/honap-utvonala\/\">kor\u00e1bbi \u00fatvonalainkat<\/a>!<\/em><\/p>\n","protected":false},"excerpt":{"rendered":"<p>\u00c1prilisban sem k\u00edm\u00e9l\u00fcnk benneteket, ism\u00e9t egy kiad\u00f3s t\u00far\u00e1t nevezt\u00fcnk ki a H\u00f3nap \u00fatvonal\u00e1nak! K\u00f6vess\u00e9tek Lor\u00e1ndot \u00e9s csapat\u00e1t a K\u0151szegi-hegys\u00e9gbe \u00e9s [&hellip;]<\/p>\n","protected":false},"author":71,"featured_media":10620,"comment_status":"closed","ping_status":"closed","sticky":false,"template":"","format":"video","meta":{"footnotes":""},"categories":[461],"tags":[],"global-categories":[],"class_list":["post-10621","post","type-post","status-publish","format-video","has-post-thumbnail","hentry","category-honap-utvonala","post_format-post-format-video"],"yoast_head":"<!-- This site is optimized with the Yoast SEO Premium plugin v25.3 (Yoast SEO v25.9) - https:\/\/yoast.com\/wordpress\/plugins\/seo\/ -->\n<title>A h\u00f3nap \u00fatvonala \u2013 \u00c1prilis: K\u0151szegi-hegys\u00e9g<\/title>\n<meta name=\"description\" content=\"\u00c1prilisban sem k\u00edm\u00e9l\u00fcnk benneteket, ism\u00e9t egy kiad\u00f3s t\u00far\u00e1t nevezt\u00fcnk ki a H\u00f3nap \u00fatvonal\u00e1nak! K\u00f6vess\u00e9tek Lor\u00e1ndot \u00e9s csapat\u00e1t a K\u0151szegi-hegys\u00e9gbe \u00e9s l\u00e1togass\u00e1tok meg a Korona\u0151rz\u0151 bunkert, a H\u00e9tforr\u00e1st, az \u00d3h\u00e1z-kil\u00e1t\u00f3t, a H\u00f6rmann forr\u00e1st, a St\u00e1jer h\u00e1zakat, a Szent Vid-k\u00e1poln\u00e1t \u00e9s az Ab\u00e9r tavakat! Ezen az \u00fatvonalon azt\u00e1n minden van!\" \/>\n<meta name=\"robots\" content=\"index, follow, max-snippet:-1, max-image-preview:large, max-video-preview:-1\" \/>\n<link rel=\"canonical\" href=\"https:\/\/www.welovecycling.com\/hu\/honap-utvonala\/a-honap-utvonala-aprilis-koszegi-hegyseg\/\" \/>\n<meta property=\"og:locale\" content=\"hu_HU\" \/>\n<meta property=\"og:type\" content=\"article\" \/>\n<meta property=\"og:title\" content=\"A h\u00f3nap \u00fatvonala \u2013 \u00c1prilis: K\u0151szegi-hegys\u00e9g\" \/>\n<meta property=\"og:description\" content=\"\u00c1prilisban sem k\u00edm\u00e9l\u00fcnk benneteket, ism\u00e9t egy kiad\u00f3s t\u00far\u00e1t nevezt\u00fcnk ki a H\u00f3nap \u00fatvonal\u00e1nak! K\u00f6vess\u00e9tek Lor\u00e1ndot \u00e9s csapat\u00e1t a K\u0151szegi-hegys\u00e9gbe \u00e9s l\u00e1togass\u00e1tok meg a Korona\u0151rz\u0151 bunkert, a H\u00e9tforr\u00e1st, az \u00d3h\u00e1z-kil\u00e1t\u00f3t, a H\u00f6rmann forr\u00e1st, a St\u00e1jer h\u00e1zakat, a Szent Vid-k\u00e1poln\u00e1t \u00e9s az Ab\u00e9r tavakat! Ezen az \u00fatvonalon azt\u00e1n minden van!\" \/>\n<meta property=\"og:url\" content=\"https:\/\/www.welovecycling.com\/hu\/honap-utvonala\/a-honap-utvonala-aprilis-koszegi-hegyseg\/\" \/>\n<meta property=\"og:site_name\" content=\"\u0160koda We Love Cycling - Magyarorsz\u00e1g\" \/>\n<meta property=\"article:publisher\" content=\"https:\/\/www.facebook.com\/WeLoveCyclingHungary\/\" \/>\n<meta property=\"article:published_time\" content=\"2021-04-16T07:00:44+00:00\" \/>\n<meta property=\"article:modified_time\" content=\"2022-02-03T11:02:32+00:00\" \/>\n<meta property=\"og:image\" content=\"https:\/\/d2p6e6u75xmxt8.cloudfront.net\/12\/2021\/04\/honap_utconala_cikk_aprilis.jpg\" \/>\n\t<meta property=\"og:image:width\" content=\"1380\" \/>\n\t<meta property=\"og:image:height\" content=\"600\" \/>\n\t<meta property=\"og:image:type\" content=\"image\/jpeg\" \/>\n<meta name=\"author\" content=\"hegyizs\" \/>\n<meta name=\"twitter:card\" content=\"summary_large_image\" \/>\n<meta name=\"twitter:label1\" content=\"Written by\" \/>\n\t<meta name=\"twitter:data1\" content=\"WLC\" \/>\n\t<meta name=\"twitter:label2\" content=\"Est. reading time\" \/>\n\t<meta name=\"twitter:data2\" content=\"2 minutes\" \/>\n<script type=\"application\/ld+json\" class=\"yoast-schema-graph\">{\"@context\":\"https:\/\/schema.org\",\"@graph\":[{\"@type\":\"WebPage\",\"@id\":\"https:\/\/www.welovecycling.com\/hu\/honap-utvonala\/a-honap-utvonala-aprilis-koszegi-hegyseg\/\",\"url\":\"https:\/\/www.welovecycling.com\/hu\/honap-utvonala\/a-honap-utvonala-aprilis-koszegi-hegyseg\/\",\"name\":\"A h\u00f3nap \u00fatvonala \u2013 \u00c1prilis: K\u0151szegi-hegys\u00e9g\",\"isPartOf\":{\"@id\":\"https:\/\/www.welovecycling.com\/hu\/#website\"},\"primaryImageOfPage\":{\"@id\":\"https:\/\/www.welovecycling.com\/hu\/honap-utvonala\/a-honap-utvonala-aprilis-koszegi-hegyseg\/#primaryimage\"},\"image\":{\"@id\":\"https:\/\/www.welovecycling.com\/hu\/honap-utvonala\/a-honap-utvonala-aprilis-koszegi-hegyseg\/#primaryimage\"},\"thumbnailUrl\":\"https:\/\/d2p6e6u75xmxt8.cloudfront.net\/12\/2021\/04\/honap_utconala_cikk_aprilis.jpg\",\"datePublished\":\"2021-04-16T07:00:44+00:00\",\"dateModified\":\"2022-02-03T11:02:32+00:00\",\"author\":{\"@id\":\"https:\/\/www.welovecycling.com\/hu\/#\/schema\/person\/414a2aebf1801691a5320edb6468e194\"},\"description\":\"\u00c1prilisban sem k\u00edm\u00e9l\u00fcnk benneteket, ism\u00e9t egy kiad\u00f3s t\u00far\u00e1t nevezt\u00fcnk ki a H\u00f3nap \u00fatvonal\u00e1nak! K\u00f6vess\u00e9tek Lor\u00e1ndot \u00e9s csapat\u00e1t a K\u0151szegi-hegys\u00e9gbe \u00e9s l\u00e1togass\u00e1tok meg a Korona\u0151rz\u0151 bunkert, a H\u00e9tforr\u00e1st, az \u00d3h\u00e1z-kil\u00e1t\u00f3t, a H\u00f6rmann forr\u00e1st, a St\u00e1jer h\u00e1zakat, a Szent Vid-k\u00e1poln\u00e1t \u00e9s az Ab\u00e9r tavakat! Ezen az \u00fatvonalon azt\u00e1n minden van!\",\"breadcrumb\":{\"@id\":\"https:\/\/www.welovecycling.com\/hu\/honap-utvonala\/a-honap-utvonala-aprilis-koszegi-hegyseg\/#breadcrumb\"},\"inLanguage\":\"hu\",\"potentialAction\":[{\"@type\":\"ReadAction\",\"target\":[\"https:\/\/www.welovecycling.com\/hu\/honap-utvonala\/a-honap-utvonala-aprilis-koszegi-hegyseg\/\"]}]},{\"@type\":\"ImageObject\",\"inLanguage\":\"hu\",\"@id\":\"https:\/\/www.welovecycling.com\/hu\/honap-utvonala\/a-honap-utvonala-aprilis-koszegi-hegyseg\/#primaryimage\",\"url\":\"https:\/\/d2p6e6u75xmxt8.cloudfront.net\/12\/2021\/04\/honap_utconala_cikk_aprilis.jpg\",\"contentUrl\":\"https:\/\/d2p6e6u75xmxt8.cloudfront.net\/12\/2021\/04\/honap_utconala_cikk_aprilis.jpg\",\"width\":1380,\"height\":600},{\"@type\":\"BreadcrumbList\",\"@id\":\"https:\/\/www.welovecycling.com\/hu\/honap-utvonala\/a-honap-utvonala-aprilis-koszegi-hegyseg\/#breadcrumb\",\"itemListElement\":[{\"@type\":\"ListItem\",\"position\":1,\"name\":\"Home\",\"item\":\"https:\/\/www.welovecycling.com\/hu\/\"},{\"@type\":\"ListItem\",\"position\":2,\"name\":\"A h\u00f3nap \u00fatvonala \u2013 \u00c1prilis: K\u0151szegi-hegys\u00e9g\"}]},{\"@type\":\"WebSite\",\"@id\":\"https:\/\/www.welovecycling.com\/hu\/#website\",\"url\":\"https:\/\/www.welovecycling.com\/hu\/\",\"name\":\"\u0160koda We Love Cycling - Magyarorsz\u00e1g\",\"description\":\"\u0160koda WeLoveCycling\",\"potentialAction\":[{\"@type\":\"SearchAction\",\"target\":{\"@type\":\"EntryPoint\",\"urlTemplate\":\"https:\/\/www.welovecycling.com\/hu\/?s={search_term_string}\"},\"query-input\":{\"@type\":\"PropertyValueSpecification\",\"valueRequired\":true,\"valueName\":\"search_term_string\"}}],\"inLanguage\":\"hu\"},{\"@type\":\"Person\",\"@id\":\"https:\/\/www.welovecycling.com\/hu\/#\/schema\/person\/414a2aebf1801691a5320edb6468e194\",\"name\":\"hegyizs\",\"image\":{\"@type\":\"ImageObject\",\"inLanguage\":\"hu\",\"@id\":\"https:\/\/www.welovecycling.com\/hu\/#\/schema\/person\/image\/\",\"url\":\"https:\/\/secure.gravatar.com\/avatar\/02cf8a7906b8cf90cecb4679defac7cfd33a1c2e3b88e4903d947f3bb58eedd3?s=96&d=mm&r=g\",\"contentUrl\":\"https:\/\/secure.gravatar.com\/avatar\/02cf8a7906b8cf90cecb4679defac7cfd33a1c2e3b88e4903d947f3bb58eedd3?s=96&d=mm&r=g\",\"caption\":\"hegyizs\"},\"url\":\"https:\/\/www.welovecycling.com\/hu\/author\/hegyizs\/\"}]}<\/script>\n<!-- \/ Yoast SEO Premium plugin. -->","yoast_head_json":{"title":"A h\u00f3nap \u00fatvonala \u2013 \u00c1prilis: K\u0151szegi-hegys\u00e9g","description":"\u00c1prilisban sem k\u00edm\u00e9l\u00fcnk benneteket, ism\u00e9t egy kiad\u00f3s t\u00far\u00e1t nevezt\u00fcnk ki a H\u00f3nap \u00fatvonal\u00e1nak! K\u00f6vess\u00e9tek Lor\u00e1ndot \u00e9s csapat\u00e1t a K\u0151szegi-hegys\u00e9gbe \u00e9s l\u00e1togass\u00e1tok meg a Korona\u0151rz\u0151 bunkert, a H\u00e9tforr\u00e1st, az \u00d3h\u00e1z-kil\u00e1t\u00f3t, a H\u00f6rmann forr\u00e1st, a St\u00e1jer h\u00e1zakat, a Szent Vid-k\u00e1poln\u00e1t \u00e9s az Ab\u00e9r tavakat! Ezen az \u00fatvonalon azt\u00e1n minden van!","robots":{"index":"index","follow":"follow","max-snippet":"max-snippet:-1","max-image-preview":"max-image-preview:large","max-video-preview":"max-video-preview:-1"},"canonical":"https:\/\/www.welovecycling.com\/hu\/honap-utvonala\/a-honap-utvonala-aprilis-koszegi-hegyseg\/","og_locale":"hu_HU","og_type":"article","og_title":"A h\u00f3nap \u00fatvonala \u2013 \u00c1prilis: K\u0151szegi-hegys\u00e9g","og_description":"\u00c1prilisban sem k\u00edm\u00e9l\u00fcnk benneteket, ism\u00e9t egy kiad\u00f3s t\u00far\u00e1t nevezt\u00fcnk ki a H\u00f3nap \u00fatvonal\u00e1nak! K\u00f6vess\u00e9tek Lor\u00e1ndot \u00e9s csapat\u00e1t a K\u0151szegi-hegys\u00e9gbe \u00e9s l\u00e1togass\u00e1tok meg a Korona\u0151rz\u0151 bunkert, a H\u00e9tforr\u00e1st, az \u00d3h\u00e1z-kil\u00e1t\u00f3t, a H\u00f6rmann forr\u00e1st, a St\u00e1jer h\u00e1zakat, a Szent Vid-k\u00e1poln\u00e1t \u00e9s az Ab\u00e9r tavakat! Ezen az \u00fatvonalon azt\u00e1n minden van!","og_url":"https:\/\/www.welovecycling.com\/hu\/honap-utvonala\/a-honap-utvonala-aprilis-koszegi-hegyseg\/","og_site_name":"\u0160koda We Love Cycling - Magyarorsz\u00e1g","article_publisher":"https:\/\/www.facebook.com\/WeLoveCyclingHungary\/","article_published_time":"2021-04-16T07:00:44+00:00","article_modified_time":"2022-02-03T11:02:32+00:00","og_image":[{"width":1380,"height":600,"url":"https:\/\/d2p6e6u75xmxt8.cloudfront.net\/12\/2021\/04\/honap_utconala_cikk_aprilis.jpg","type":"image\/jpeg"}],"author":"hegyizs","twitter_card":"summary_large_image","twitter_misc":{"Written by":"WLC","Est. reading time":"2 minutes"},"schema":{"@context":"https:\/\/schema.org","@graph":[{"@type":"WebPage","@id":"https:\/\/www.welovecycling.com\/hu\/honap-utvonala\/a-honap-utvonala-aprilis-koszegi-hegyseg\/","url":"https:\/\/www.welovecycling.com\/hu\/honap-utvonala\/a-honap-utvonala-aprilis-koszegi-hegyseg\/","name":"A h\u00f3nap \u00fatvonala \u2013 \u00c1prilis: K\u0151szegi-hegys\u00e9g","isPartOf":{"@id":"https:\/\/www.welovecycling.com\/hu\/#website"},"primaryImageOfPage":{"@id":"https:\/\/www.welovecycling.com\/hu\/honap-utvonala\/a-honap-utvonala-aprilis-koszegi-hegyseg\/#primaryimage"},"image":{"@id":"https:\/\/www.welovecycling.com\/hu\/honap-utvonala\/a-honap-utvonala-aprilis-koszegi-hegyseg\/#primaryimage"},"thumbnailUrl":"https:\/\/d2p6e6u75xmxt8.cloudfront.net\/12\/2021\/04\/honap_utconala_cikk_aprilis.jpg","datePublished":"2021-04-16T07:00:44+00:00","dateModified":"2022-02-03T11:02:32+00:00","author":{"@id":"https:\/\/www.welovecycling.com\/hu\/#\/schema\/person\/414a2aebf1801691a5320edb6468e194"},"description":"\u00c1prilisban sem k\u00edm\u00e9l\u00fcnk benneteket, ism\u00e9t egy kiad\u00f3s t\u00far\u00e1t nevezt\u00fcnk ki a H\u00f3nap \u00fatvonal\u00e1nak! K\u00f6vess\u00e9tek Lor\u00e1ndot \u00e9s csapat\u00e1t a K\u0151szegi-hegys\u00e9gbe \u00e9s l\u00e1togass\u00e1tok meg a Korona\u0151rz\u0151 bunkert, a H\u00e9tforr\u00e1st, az \u00d3h\u00e1z-kil\u00e1t\u00f3t, a H\u00f6rmann forr\u00e1st, a St\u00e1jer h\u00e1zakat, a Szent Vid-k\u00e1poln\u00e1t \u00e9s az Ab\u00e9r tavakat! Ezen az \u00fatvonalon azt\u00e1n minden van!","breadcrumb":{"@id":"https:\/\/www.welovecycling.com\/hu\/honap-utvonala\/a-honap-utvonala-aprilis-koszegi-hegyseg\/#breadcrumb"},"inLanguage":"hu","potentialAction":[{"@type":"ReadAction","target":["https:\/\/www.welovecycling.com\/hu\/honap-utvonala\/a-honap-utvonala-aprilis-koszegi-hegyseg\/"]}]},{"@type":"ImageObject","inLanguage":"hu","@id":"https:\/\/www.welovecycling.com\/hu\/honap-utvonala\/a-honap-utvonala-aprilis-koszegi-hegyseg\/#primaryimage","url":"https:\/\/d2p6e6u75xmxt8.cloudfront.net\/12\/2021\/04\/honap_utconala_cikk_aprilis.jpg","contentUrl":"https:\/\/d2p6e6u75xmxt8.cloudfront.net\/12\/2021\/04\/honap_utconala_cikk_aprilis.jpg","width":1380,"height":600},{"@type":"BreadcrumbList","@id":"https:\/\/www.welovecycling.com\/hu\/honap-utvonala\/a-honap-utvonala-aprilis-koszegi-hegyseg\/#breadcrumb","itemListElement":[{"@type":"ListItem","position":1,"name":"Home","item":"https:\/\/www.welovecycling.com\/hu\/"},{"@type":"ListItem","position":2,"name":"A h\u00f3nap \u00fatvonala \u2013 \u00c1prilis: K\u0151szegi-hegys\u00e9g"}]},{"@type":"WebSite","@id":"https:\/\/www.welovecycling.com\/hu\/#website","url":"https:\/\/www.welovecycling.com\/hu\/","name":"\u0160koda We Love Cycling - Magyarorsz\u00e1g","description":"\u0160koda WeLoveCycling","potentialAction":[{"@type":"SearchAction","target":{"@type":"EntryPoint","urlTemplate":"https:\/\/www.welovecycling.com\/hu\/?s={search_term_string}"},"query-input":{"@type":"PropertyValueSpecification","valueRequired":true,"valueName":"search_term_string"}}],"inLanguage":"hu"},{"@type":"Person","@id":"https:\/\/www.welovecycling.com\/hu\/#\/schema\/person\/414a2aebf1801691a5320edb6468e194","name":"hegyizs","image":{"@type":"ImageObject","inLanguage":"hu","@id":"https:\/\/www.welovecycling.com\/hu\/#\/schema\/person\/image\/","url":"https:\/\/secure.gravatar.com\/avatar\/02cf8a7906b8cf90cecb4679defac7cfd33a1c2e3b88e4903d947f3bb58eedd3?s=96&d=mm&r=g","contentUrl":"https:\/\/secure.gravatar.com\/avatar\/02cf8a7906b8cf90cecb4679defac7cfd33a1c2e3b88e4903d947f3bb58eedd3?s=96&d=mm&r=g","caption":"hegyizs"},"url":"https:\/\/www.welovecycling.com\/hu\/author\/hegyizs\/"}]}},"_links":{"self":[{"href":"https:\/\/www.welovecycling.com\/hu\/wp-json\/wp\/v2\/posts\/10621","targetHints":{"allow":["GET"]}}],"collection":[{"href":"https:\/\/www.welovecycling.com\/hu\/wp-json\/wp\/v2\/posts"}],"about":[{"href":"https:\/\/www.welovecycling.com\/hu\/wp-json\/wp\/v2\/types\/post"}],"author":[{"embeddable":true,"href":"https:\/\/www.welovecycling.com\/hu\/wp-json\/wp\/v2\/users\/71"}],"replies":[{"embeddable":true,"href":"https:\/\/www.welovecycling.com\/hu\/wp-json\/wp\/v2\/comments?post=10621"}],"version-history":[{"count":2,"href":"https:\/\/www.welovecycling.com\/hu\/wp-json\/wp\/v2\/posts\/10621\/revisions"}],"predecessor-version":[{"id":13532,"href":"https:\/\/www.welovecycling.com\/hu\/wp-json\/wp\/v2\/posts\/10621\/revisions\/13532"}],"wp:featuredmedia":[{"embeddable":true,"href":"https:\/\/www.welovecycling.com\/hu\/wp-json\/wp\/v2\/media\/10620"}],"wp:attachment":[{"href":"https:\/\/www.welovecycling.com\/hu\/wp-json\/wp\/v2\/media?parent=10621"}],"wp:term":[{"taxonomy":"category","embeddable":true,"href":"https:\/\/www.welovecycling.com\/hu\/wp-json\/wp\/v2\/categories?post=10621"},{"taxonomy":"post_tag","embeddable":true,"href":"https:\/\/www.welovecycling.com\/hu\/wp-json\/wp\/v2\/tags?post=10621"},{"taxonomy":"global-categories","embeddable":true,"href":"https:\/\/www.welovecycling.com\/hu\/wp-json\/wp\/v2\/global-categories?post=10621"}],"curies":[{"name":"wp","href":"https:\/\/api.w.org\/{rel}","templated":true}]}}