{"id":10598,"date":"2021-04-12T08:00:32","date_gmt":"2021-04-12T07:00:32","guid":{"rendered":"https:\/\/www.welovecycling.com\/hu\/?p=10598"},"modified":"2021-04-09T12:42:00","modified_gmt":"2021-04-09T11:42:00","slug":"a-bora-hansgrohe-menedzsere-szerint-peter-sagan-hamarosan-csapatot-valthat","status":"publish","type":"post","link":"https:\/\/www.welovecycling.com\/hu\/orszaguti-kerekpar\/a-bora-hansgrohe-menedzsere-szerint-peter-sagan-hamarosan-csapatot-valthat\/","title":{"rendered":"A Bora-Hansgrohe menedzsere szerint Peter Sagan hamarosan csapatot v\u00e1lthat"},"content":{"rendered":"<p><strong>A szlov\u00e1k szuperszt\u00e1r t\u00e9len \u00e1tesett a koronav\u00edruson. Lassan kezd visszat\u00e9rni r\u00e9gi form\u00e1j\u00e1hoz, amit mi sem bizony\u00edt jobban, mint hogy az ut\u00f3bbi id\u0151ben leny\u0171g\u00f6z\u0151 eredm\u00e9nyt \u00e9rt el a Volta a Catalunya hatodik szakasz\u00e1n. Ez az azonban nem biztos, hogy el\u00e9g lesz a csapat menedzser\u00e9nek, Ralph Denknek.<\/strong><\/p>\n<p><!--more--><\/p>\n<p>A 31 \u00e9ves Sagan 2017-ben csatlakozott a Bora-Hansgrohe csapat\u00e1hoz \u00e9s 25 versenyt nyert meg vel\u00fck a Tour de France h\u00e1rom \u0160koda z\u00f6ld mez\u00e9n k\u00edv\u00fcl. Ralph Denk m\u00e9gis megk\u00e9rd\u0151jelezni l\u00e1tszik a szuperszt\u00e1r j\u00f6v\u0151j\u00e9t a csapatban. Tavaly Sam Bennettel szemben vesztette el a \u0160koda z\u00f6ld trik\u00f3j\u00e1t, az olyan fiatal szt\u00e1rok felbukkan\u00e1s\u00e1val pedig, mint Mathieu van der Poel vagy Wout van Aert, hamarosan kiszorulhat az elitb\u0151l.<\/p>\n<p>\u00dagy t\u0171nik, Ralph Denk megk\u00eds\u00e9rli sz\u00e9tosztani Sagan fizet\u00e9s\u00e9t, amit \u00e9vi \u00f6t-hat milli\u00f3 eur\u00f3ra becs\u00fclnek.<\/p>\n<figure id=\"attachment_10600\" aria-describedby=\"caption-attachment-10600\" style=\"width: 1024px\" class=\"wp-caption alignnone\"><a href=\"https:\/\/d2p6e6u75xmxt8.cloudfront.net\/2\/2021\/03\/Peter-Sagan-profimedia-0599373098.jpg\"><img loading=\"lazy\" decoding=\"async\" class=\"wp-image-10600 size-large\" src=\"https:\/\/d2p6e6u75xmxt8.cloudfront.net\/12\/2021\/04\/Peter-Sagan-profimedia-0599373098-1024x682.jpg\" alt=\"Peter Sagan\" width=\"1024\" height=\"682\" srcset=\"https:\/\/d2p6e6u75xmxt8.cloudfront.net\/12\/2021\/04\/Peter-Sagan-profimedia-0599373098-1024x682.jpg 1024w, https:\/\/d2p6e6u75xmxt8.cloudfront.net\/12\/2021\/04\/Peter-Sagan-profimedia-0599373098-300x200.jpg 300w, https:\/\/d2p6e6u75xmxt8.cloudfront.net\/12\/2021\/04\/Peter-Sagan-profimedia-0599373098-768x512.jpg 768w, https:\/\/d2p6e6u75xmxt8.cloudfront.net\/12\/2021\/04\/Peter-Sagan-profimedia-0599373098-272x182.jpg 272w, https:\/\/d2p6e6u75xmxt8.cloudfront.net\/12\/2021\/04\/Peter-Sagan-profimedia-0599373098.jpg 1250w\" sizes=\"auto, (max-width: 1024px) 100vw, 1024px\" \/><\/a><figcaption id=\"caption-attachment-10600\" class=\"wp-caption-text\"><em>Sagan a 2021-es Milano-Sanremon.. \u00a9 Profimedia<\/em><\/figcaption><\/figure>\n<p><em>\u201ePeter p\u00e1lyafut\u00e1sa le\u00e1ldoz\u00f3ban van\u201d<\/em> \u2013 nyilatkozta Denk a Kolner Stadt-Anzeigernek. <em>\u201eM\u00e9g nem hoztunk d\u00f6nt\u00e9st, de \u00e1prilisban szeretn\u00e9nk. Nem tudom el\u0151re megmondani, milyen ir\u00e1nyba haladnak majd a dolgok. Nagyon h\u00e1l\u00e1sak vagyunk mindaz\u00e9rt, amit Peter el\u00e9rt n\u00e1lunk. Neki k\u00f6sz\u00f6nhet\u0151en felkeltett\u00fck a szponzorok figyelm\u00e9t, de sajnos p\u00e1lyafut\u00e1sa innen m\u00e1r lefel\u00e9 \u00edvel.\u201d<\/em><\/p>\n<p><em>\u201eMeg kell fontolnunk, akarunk-e m\u00e9g fizetni neki vagy jobban tessz\u00fck, ha ezt a p\u00e9nzt a fiatalabb gener\u00e1ci\u00f3ba fektetj\u00fck? Amennyiben Peter elmegy t\u0151l\u00fcnk, rengeteg p\u00e9nz \u00e1ll majd a rendelkez\u00e9semre ehhez. A szponzorok b\u00edznak abban, hogy ebb\u0151l a p\u00e9nzb\u0151l a lehet\u0151 legjobb csapatot tudom \u00f6ssze\u00e1ll\u00edtani.\u201d<\/em><\/p>\n<div class=\"embed-controller-wrapper\">\n<blockquote class=\"twitter-tweet\" data-width=\"500\" data-dnt=\"true\">\n<p lang=\"en\" dir=\"ltr\">It was a hard but good <a href=\"https:\/\/twitter.com\/VoltaCatalunya?ref_src=twsrc%5Etfw\">@VoltaCatalunya<\/a> and I&#39;m happy to win a stage in my first participation. My form is getting better but it isn&#39;t where it should be. It&#39;s a motivation to keep working for the next goals! @BORAGmbH <a href=\"https:\/\/twitter.com\/Hansgrohe_PR?ref_src=twsrc%5Etfw\">@Hansgrohe_PR<\/a> <a href=\"https:\/\/twitter.com\/iamspecialized?ref_src=twsrc%5Etfw\">@iamspecialized<\/a> <a href=\"https:\/\/t.co\/yOVxqX6AtZ\">https:\/\/t.co\/yOVxqX6AtZ<\/a><\/p>\n<p>&mdash; Peter Sagan (@petosagan) <a href=\"https:\/\/twitter.com\/petosagan\/status\/1376203795508629512?ref_src=twsrc%5Etfw\">March 28, 2021<\/a><\/p><\/blockquote>\n<p><script async data-src=\"https:\/\/platform.twitter.com\/widgets.js\" charset=\"utf-8\"><\/script><\/div>\n<p>Ralph Denk Bernalt, van Aertet, van der Poelt, Tadej Poga\u010dart \u00e9s Julian Alaphilippe-t sorolta a sport\u00e1g \u00f6t legjobbja k\u00f6z\u00e9, de nem hiszi, hogy l\u00e9p\u00e9seket tenne az\u00e9rt, hogy megszerezze \u0151ket. <em>\u201eNem lenn\u00e9k j\u00f3 csapatf\u0151n\u00f6k, ha nem szeretn\u00e9m ezeket a szuperszt\u00e1rokat a csapatomba, de jelenleg egyik\u0151j\u00fcket sem tudom elk\u00e9pzelni, hogy csatlakozzon hozz\u00e1nk a k\u00f6zelj\u00f6v\u0151ben, vagy az\u00e9rt, mert \u00e9rv\u00e9nyben l\u00e9v\u0151 szerz\u0151d\u00e9seik vannak, vagy az\u00e9rt, mert a filoz\u00f3fi\u00e1nk nem egyezik.\u201d<\/em><\/p>\n<p><em>\u201eElk\u00e9pzelhet\u0151, hogy kinevelj\u00fck a saj\u00e1t csillagunkat. Ez m\u00e9g klasszabb t\u00f6rt\u00e9net lenne. Tal\u00e1n Lennard K\u00e4mna \u00e9s Maximilian Schachmann j\u00f3 jel\u00f6ltek lenn\u00e9nek erre a szerepre. M\u00e1r most is kiemelked\u0151 eredm\u00e9nyeket mutathatnak fel \u00e9s tov\u00e1bbra is nagy lehet\u0151s\u00e9geknek tartom \u0151ket. Hagyom, hogy meglepjenek.\u201d<\/em><\/p>\n<p>Te mit gondolsz, Sagan val\u00f3ban csapatot v\u00e1lt hamarosan? Hol l\u00e1tn\u00e1d sz\u00edvesen?<\/p>\n<p>&nbsp;<\/p>\n","protected":false},"excerpt":{"rendered":"<p>A szlov\u00e1k szuperszt\u00e1r t\u00e9len \u00e1tesett a koronav\u00edruson. Lassan kezd visszat\u00e9rni r\u00e9gi form\u00e1j\u00e1hoz, amit mi sem bizony\u00edt jobban, mint hogy az [&hellip;]<\/p>\n","protected":false},"author":71,"featured_media":10602,"comment_status":"closed","ping_status":"closed","sticky":false,"template":"","format":"standard","meta":{"footnotes":""},"categories":[8],"tags":[],"global-categories":[],"class_list":["post-10598","post","type-post","status-publish","format-standard","has-post-thumbnail","hentry","category-orszaguti-kerekpar"],"yoast_head":"<!-- This site is optimized with the Yoast SEO Premium plugin v25.3 (Yoast SEO v25.9) - https:\/\/yoast.com\/wordpress\/plugins\/seo\/ -->\n<title>A Bora-Hansgrohe menedzsere szerint Peter Sagan hamarosan csapatot v\u00e1lthat - \u0160koda We Love Cycling - Magyarorsz\u00e1g<\/title>\n<meta name=\"description\" content=\"A szlov\u00e1k szuperszt\u00e1r t\u00e9len \u00e1tesett a koronav\u00edruson. Lassan kezd visszat\u00e9rni r\u00e9gi form\u00e1j\u00e1hoz, amit mi sem bizony\u00edt jobban, mint hogy az ut\u00f3bbi id\u0151ben leny\u0171g\u00f6z\u0151 eredm\u00e9nyt \u00e9rt el a Volta a Catalunya hatodik szakasz\u00e1n. Ez az azonban nem biztos, hogy el\u00e9g lesz a csapat menedzser\u00e9nek, Ralph Denknek.\" \/>\n<meta name=\"robots\" content=\"index, follow, max-snippet:-1, max-image-preview:large, max-video-preview:-1\" \/>\n<link rel=\"canonical\" href=\"https:\/\/www.welovecycling.com\/hu\/orszaguti-kerekpar\/a-bora-hansgrohe-menedzsere-szerint-peter-sagan-hamarosan-csapatot-valthat\/\" \/>\n<meta property=\"og:locale\" content=\"hu_HU\" \/>\n<meta property=\"og:type\" content=\"article\" \/>\n<meta property=\"og:title\" content=\"A Bora-Hansgrohe menedzsere szerint Peter Sagan hamarosan csapatot v\u00e1lthat\" \/>\n<meta property=\"og:description\" content=\"A szlov\u00e1k szuperszt\u00e1r t\u00e9len \u00e1tesett a koronav\u00edruson. Lassan kezd visszat\u00e9rni r\u00e9gi form\u00e1j\u00e1hoz, amit mi sem bizony\u00edt jobban, mint hogy az ut\u00f3bbi id\u0151ben leny\u0171g\u00f6z\u0151 eredm\u00e9nyt \u00e9rt el a Volta a Catalunya hatodik szakasz\u00e1n. Ez az azonban nem biztos, hogy el\u00e9g lesz a csapat menedzser\u00e9nek, Ralph Denknek.\" \/>\n<meta property=\"og:url\" content=\"https:\/\/www.welovecycling.com\/hu\/orszaguti-kerekpar\/a-bora-hansgrohe-menedzsere-szerint-peter-sagan-hamarosan-csapatot-valthat\/\" \/>\n<meta property=\"og:site_name\" content=\"\u0160koda We Love Cycling - Magyarorsz\u00e1g\" \/>\n<meta property=\"article:publisher\" content=\"https:\/\/www.facebook.com\/WeLoveCyclingHungary\/\" \/>\n<meta property=\"article:published_time\" content=\"2021-04-12T07:00:32+00:00\" \/>\n<meta property=\"og:image\" content=\"https:\/\/d2p6e6u75xmxt8.cloudfront.net\/12\/2021\/04\/Peter-Sagan-profimedia-0600624950-CVR.jpg\" \/>\n\t<meta property=\"og:image:width\" content=\"1366\" \/>\n\t<meta property=\"og:image:height\" content=\"600\" \/>\n\t<meta property=\"og:image:type\" content=\"image\/jpeg\" \/>\n<meta name=\"author\" content=\"hegyizs\" \/>\n<meta name=\"twitter:card\" content=\"summary_large_image\" \/>\n<meta name=\"twitter:label1\" content=\"Written by\" \/>\n\t<meta name=\"twitter:data1\" content=\"Monica Buck\" \/>\n\t<meta name=\"twitter:label2\" content=\"Est. reading time\" \/>\n\t<meta name=\"twitter:data2\" content=\"5\" \/>\n<script type=\"application\/ld+json\" class=\"yoast-schema-graph\">{\"@context\":\"https:\/\/schema.org\",\"@graph\":[{\"@type\":\"WebPage\",\"@id\":\"https:\/\/www.welovecycling.com\/hu\/orszaguti-kerekpar\/a-bora-hansgrohe-menedzsere-szerint-peter-sagan-hamarosan-csapatot-valthat\/\",\"url\":\"https:\/\/www.welovecycling.com\/hu\/orszaguti-kerekpar\/a-bora-hansgrohe-menedzsere-szerint-peter-sagan-hamarosan-csapatot-valthat\/\",\"name\":\"A Bora-Hansgrohe menedzsere szerint Peter Sagan hamarosan csapatot v\u00e1lthat - \u0160koda We Love Cycling - Magyarorsz\u00e1g\",\"isPartOf\":{\"@id\":\"https:\/\/www.welovecycling.com\/hu\/#website\"},\"primaryImageOfPage\":{\"@id\":\"https:\/\/www.welovecycling.com\/hu\/orszaguti-kerekpar\/a-bora-hansgrohe-menedzsere-szerint-peter-sagan-hamarosan-csapatot-valthat\/#primaryimage\"},\"image\":{\"@id\":\"https:\/\/www.welovecycling.com\/hu\/orszaguti-kerekpar\/a-bora-hansgrohe-menedzsere-szerint-peter-sagan-hamarosan-csapatot-valthat\/#primaryimage\"},\"thumbnailUrl\":\"https:\/\/d2p6e6u75xmxt8.cloudfront.net\/12\/2021\/04\/Peter-Sagan-profimedia-0600624950-CVR.jpg\",\"datePublished\":\"2021-04-12T07:00:32+00:00\",\"author\":{\"@id\":\"https:\/\/www.welovecycling.com\/hu\/#\/schema\/person\/414a2aebf1801691a5320edb6468e194\"},\"description\":\"A szlov\u00e1k szuperszt\u00e1r t\u00e9len \u00e1tesett a koronav\u00edruson. Lassan kezd visszat\u00e9rni r\u00e9gi form\u00e1j\u00e1hoz, amit mi sem bizony\u00edt jobban, mint hogy az ut\u00f3bbi id\u0151ben leny\u0171g\u00f6z\u0151 eredm\u00e9nyt \u00e9rt el a Volta a Catalunya hatodik szakasz\u00e1n. Ez az azonban nem biztos, hogy el\u00e9g lesz a csapat menedzser\u00e9nek, Ralph Denknek.\",\"breadcrumb\":{\"@id\":\"https:\/\/www.welovecycling.com\/hu\/orszaguti-kerekpar\/a-bora-hansgrohe-menedzsere-szerint-peter-sagan-hamarosan-csapatot-valthat\/#breadcrumb\"},\"inLanguage\":\"hu\",\"potentialAction\":[{\"@type\":\"ReadAction\",\"target\":[\"https:\/\/www.welovecycling.com\/hu\/orszaguti-kerekpar\/a-bora-hansgrohe-menedzsere-szerint-peter-sagan-hamarosan-csapatot-valthat\/\"]}]},{\"@type\":\"ImageObject\",\"inLanguage\":\"hu\",\"@id\":\"https:\/\/www.welovecycling.com\/hu\/orszaguti-kerekpar\/a-bora-hansgrohe-menedzsere-szerint-peter-sagan-hamarosan-csapatot-valthat\/#primaryimage\",\"url\":\"https:\/\/d2p6e6u75xmxt8.cloudfront.net\/12\/2021\/04\/Peter-Sagan-profimedia-0600624950-CVR.jpg\",\"contentUrl\":\"https:\/\/d2p6e6u75xmxt8.cloudfront.net\/12\/2021\/04\/Peter-Sagan-profimedia-0600624950-CVR.jpg\",\"width\":1366,\"height\":600,\"caption\":\"Peter Sagan\"},{\"@type\":\"BreadcrumbList\",\"@id\":\"https:\/\/www.welovecycling.com\/hu\/orszaguti-kerekpar\/a-bora-hansgrohe-menedzsere-szerint-peter-sagan-hamarosan-csapatot-valthat\/#breadcrumb\",\"itemListElement\":[{\"@type\":\"ListItem\",\"position\":1,\"name\":\"Home\",\"item\":\"https:\/\/www.welovecycling.com\/hu\/\"},{\"@type\":\"ListItem\",\"position\":2,\"name\":\"A Bora-Hansgrohe menedzsere szerint Peter Sagan hamarosan csapatot v\u00e1lthat\"}]},{\"@type\":\"WebSite\",\"@id\":\"https:\/\/www.welovecycling.com\/hu\/#website\",\"url\":\"https:\/\/www.welovecycling.com\/hu\/\",\"name\":\"\u0160koda We Love Cycling - Magyarorsz\u00e1g\",\"description\":\"\u0160koda WeLoveCycling\",\"potentialAction\":[{\"@type\":\"SearchAction\",\"target\":{\"@type\":\"EntryPoint\",\"urlTemplate\":\"https:\/\/www.welovecycling.com\/hu\/?s={search_term_string}\"},\"query-input\":{\"@type\":\"PropertyValueSpecification\",\"valueRequired\":true,\"valueName\":\"search_term_string\"}}],\"inLanguage\":\"hu\"},{\"@type\":\"Person\",\"@id\":\"https:\/\/www.welovecycling.com\/hu\/#\/schema\/person\/414a2aebf1801691a5320edb6468e194\",\"name\":\"hegyizs\",\"image\":{\"@type\":\"ImageObject\",\"inLanguage\":\"hu\",\"@id\":\"https:\/\/www.welovecycling.com\/hu\/#\/schema\/person\/image\/\",\"url\":\"https:\/\/secure.gravatar.com\/avatar\/02cf8a7906b8cf90cecb4679defac7cfd33a1c2e3b88e4903d947f3bb58eedd3?s=96&d=mm&r=g\",\"contentUrl\":\"https:\/\/secure.gravatar.com\/avatar\/02cf8a7906b8cf90cecb4679defac7cfd33a1c2e3b88e4903d947f3bb58eedd3?s=96&d=mm&r=g\",\"caption\":\"hegyizs\"},\"url\":\"https:\/\/www.welovecycling.com\/hu\/author\/hegyizs\/\"}]}<\/script>\n<!-- \/ Yoast SEO Premium plugin. -->","yoast_head_json":{"title":"A Bora-Hansgrohe menedzsere szerint Peter Sagan hamarosan csapatot v\u00e1lthat - \u0160koda We Love Cycling - Magyarorsz\u00e1g","description":"A szlov\u00e1k szuperszt\u00e1r t\u00e9len \u00e1tesett a koronav\u00edruson. Lassan kezd visszat\u00e9rni r\u00e9gi form\u00e1j\u00e1hoz, amit mi sem bizony\u00edt jobban, mint hogy az ut\u00f3bbi id\u0151ben leny\u0171g\u00f6z\u0151 eredm\u00e9nyt \u00e9rt el a Volta a Catalunya hatodik szakasz\u00e1n. Ez az azonban nem biztos, hogy el\u00e9g lesz a csapat menedzser\u00e9nek, Ralph Denknek.","robots":{"index":"index","follow":"follow","max-snippet":"max-snippet:-1","max-image-preview":"max-image-preview:large","max-video-preview":"max-video-preview:-1"},"canonical":"https:\/\/www.welovecycling.com\/hu\/orszaguti-kerekpar\/a-bora-hansgrohe-menedzsere-szerint-peter-sagan-hamarosan-csapatot-valthat\/","og_locale":"hu_HU","og_type":"article","og_title":"A Bora-Hansgrohe menedzsere szerint Peter Sagan hamarosan csapatot v\u00e1lthat","og_description":"A szlov\u00e1k szuperszt\u00e1r t\u00e9len \u00e1tesett a koronav\u00edruson. Lassan kezd visszat\u00e9rni r\u00e9gi form\u00e1j\u00e1hoz, amit mi sem bizony\u00edt jobban, mint hogy az ut\u00f3bbi id\u0151ben leny\u0171g\u00f6z\u0151 eredm\u00e9nyt \u00e9rt el a Volta a Catalunya hatodik szakasz\u00e1n. Ez az azonban nem biztos, hogy el\u00e9g lesz a csapat menedzser\u00e9nek, Ralph Denknek.","og_url":"https:\/\/www.welovecycling.com\/hu\/orszaguti-kerekpar\/a-bora-hansgrohe-menedzsere-szerint-peter-sagan-hamarosan-csapatot-valthat\/","og_site_name":"\u0160koda We Love Cycling - Magyarorsz\u00e1g","article_publisher":"https:\/\/www.facebook.com\/WeLoveCyclingHungary\/","article_published_time":"2021-04-12T07:00:32+00:00","og_image":[{"width":1366,"height":600,"url":"https:\/\/d2p6e6u75xmxt8.cloudfront.net\/12\/2021\/04\/Peter-Sagan-profimedia-0600624950-CVR.jpg","type":"image\/jpeg"}],"author":"hegyizs","twitter_card":"summary_large_image","twitter_misc":{"Written by":"Monica Buck","Est. reading time":"5"},"schema":{"@context":"https:\/\/schema.org","@graph":[{"@type":"WebPage","@id":"https:\/\/www.welovecycling.com\/hu\/orszaguti-kerekpar\/a-bora-hansgrohe-menedzsere-szerint-peter-sagan-hamarosan-csapatot-valthat\/","url":"https:\/\/www.welovecycling.com\/hu\/orszaguti-kerekpar\/a-bora-hansgrohe-menedzsere-szerint-peter-sagan-hamarosan-csapatot-valthat\/","name":"A Bora-Hansgrohe menedzsere szerint Peter Sagan hamarosan csapatot v\u00e1lthat - \u0160koda We Love Cycling - Magyarorsz\u00e1g","isPartOf":{"@id":"https:\/\/www.welovecycling.com\/hu\/#website"},"primaryImageOfPage":{"@id":"https:\/\/www.welovecycling.com\/hu\/orszaguti-kerekpar\/a-bora-hansgrohe-menedzsere-szerint-peter-sagan-hamarosan-csapatot-valthat\/#primaryimage"},"image":{"@id":"https:\/\/www.welovecycling.com\/hu\/orszaguti-kerekpar\/a-bora-hansgrohe-menedzsere-szerint-peter-sagan-hamarosan-csapatot-valthat\/#primaryimage"},"thumbnailUrl":"https:\/\/d2p6e6u75xmxt8.cloudfront.net\/12\/2021\/04\/Peter-Sagan-profimedia-0600624950-CVR.jpg","datePublished":"2021-04-12T07:00:32+00:00","author":{"@id":"https:\/\/www.welovecycling.com\/hu\/#\/schema\/person\/414a2aebf1801691a5320edb6468e194"},"description":"A szlov\u00e1k szuperszt\u00e1r t\u00e9len \u00e1tesett a koronav\u00edruson. Lassan kezd visszat\u00e9rni r\u00e9gi form\u00e1j\u00e1hoz, amit mi sem bizony\u00edt jobban, mint hogy az ut\u00f3bbi id\u0151ben leny\u0171g\u00f6z\u0151 eredm\u00e9nyt \u00e9rt el a Volta a Catalunya hatodik szakasz\u00e1n. Ez az azonban nem biztos, hogy el\u00e9g lesz a csapat menedzser\u00e9nek, Ralph Denknek.","breadcrumb":{"@id":"https:\/\/www.welovecycling.com\/hu\/orszaguti-kerekpar\/a-bora-hansgrohe-menedzsere-szerint-peter-sagan-hamarosan-csapatot-valthat\/#breadcrumb"},"inLanguage":"hu","potentialAction":[{"@type":"ReadAction","target":["https:\/\/www.welovecycling.com\/hu\/orszaguti-kerekpar\/a-bora-hansgrohe-menedzsere-szerint-peter-sagan-hamarosan-csapatot-valthat\/"]}]},{"@type":"ImageObject","inLanguage":"hu","@id":"https:\/\/www.welovecycling.com\/hu\/orszaguti-kerekpar\/a-bora-hansgrohe-menedzsere-szerint-peter-sagan-hamarosan-csapatot-valthat\/#primaryimage","url":"https:\/\/d2p6e6u75xmxt8.cloudfront.net\/12\/2021\/04\/Peter-Sagan-profimedia-0600624950-CVR.jpg","contentUrl":"https:\/\/d2p6e6u75xmxt8.cloudfront.net\/12\/2021\/04\/Peter-Sagan-profimedia-0600624950-CVR.jpg","width":1366,"height":600,"caption":"Peter Sagan"},{"@type":"BreadcrumbList","@id":"https:\/\/www.welovecycling.com\/hu\/orszaguti-kerekpar\/a-bora-hansgrohe-menedzsere-szerint-peter-sagan-hamarosan-csapatot-valthat\/#breadcrumb","itemListElement":[{"@type":"ListItem","position":1,"name":"Home","item":"https:\/\/www.welovecycling.com\/hu\/"},{"@type":"ListItem","position":2,"name":"A Bora-Hansgrohe menedzsere szerint Peter Sagan hamarosan csapatot v\u00e1lthat"}]},{"@type":"WebSite","@id":"https:\/\/www.welovecycling.com\/hu\/#website","url":"https:\/\/www.welovecycling.com\/hu\/","name":"\u0160koda We Love Cycling - Magyarorsz\u00e1g","description":"\u0160koda WeLoveCycling","potentialAction":[{"@type":"SearchAction","target":{"@type":"EntryPoint","urlTemplate":"https:\/\/www.welovecycling.com\/hu\/?s={search_term_string}"},"query-input":{"@type":"PropertyValueSpecification","valueRequired":true,"valueName":"search_term_string"}}],"inLanguage":"hu"},{"@type":"Person","@id":"https:\/\/www.welovecycling.com\/hu\/#\/schema\/person\/414a2aebf1801691a5320edb6468e194","name":"hegyizs","image":{"@type":"ImageObject","inLanguage":"hu","@id":"https:\/\/www.welovecycling.com\/hu\/#\/schema\/person\/image\/","url":"https:\/\/secure.gravatar.com\/avatar\/02cf8a7906b8cf90cecb4679defac7cfd33a1c2e3b88e4903d947f3bb58eedd3?s=96&d=mm&r=g","contentUrl":"https:\/\/secure.gravatar.com\/avatar\/02cf8a7906b8cf90cecb4679defac7cfd33a1c2e3b88e4903d947f3bb58eedd3?s=96&d=mm&r=g","caption":"hegyizs"},"url":"https:\/\/www.welovecycling.com\/hu\/author\/hegyizs\/"}]}},"_links":{"self":[{"href":"https:\/\/www.welovecycling.com\/hu\/wp-json\/wp\/v2\/posts\/10598","targetHints":{"allow":["GET"]}}],"collection":[{"href":"https:\/\/www.welovecycling.com\/hu\/wp-json\/wp\/v2\/posts"}],"about":[{"href":"https:\/\/www.welovecycling.com\/hu\/wp-json\/wp\/v2\/types\/post"}],"author":[{"embeddable":true,"href":"https:\/\/www.welovecycling.com\/hu\/wp-json\/wp\/v2\/users\/71"}],"replies":[{"embeddable":true,"href":"https:\/\/www.welovecycling.com\/hu\/wp-json\/wp\/v2\/comments?post=10598"}],"version-history":[{"count":2,"href":"https:\/\/www.welovecycling.com\/hu\/wp-json\/wp\/v2\/posts\/10598\/revisions"}],"predecessor-version":[{"id":10609,"href":"https:\/\/www.welovecycling.com\/hu\/wp-json\/wp\/v2\/posts\/10598\/revisions\/10609"}],"wp:featuredmedia":[{"embeddable":true,"href":"https:\/\/www.welovecycling.com\/hu\/wp-json\/wp\/v2\/media\/10602"}],"wp:attachment":[{"href":"https:\/\/www.welovecycling.com\/hu\/wp-json\/wp\/v2\/media?parent=10598"}],"wp:term":[{"taxonomy":"category","embeddable":true,"href":"https:\/\/www.welovecycling.com\/hu\/wp-json\/wp\/v2\/categories?post=10598"},{"taxonomy":"post_tag","embeddable":true,"href":"https:\/\/www.welovecycling.com\/hu\/wp-json\/wp\/v2\/tags?post=10598"},{"taxonomy":"global-categories","embeddable":true,"href":"https:\/\/www.welovecycling.com\/hu\/wp-json\/wp\/v2\/global-categories?post=10598"}],"curies":[{"name":"wp","href":"https:\/\/api.w.org\/{rel}","templated":true}]}}