{"id":10587,"date":"2021-04-15T08:00:43","date_gmt":"2021-04-15T07:00:43","guid":{"rendered":"https:\/\/www.welovecycling.com\/hu\/?p=10587"},"modified":"2021-04-09T12:44:48","modified_gmt":"2021-04-09T11:44:48","slug":"a-brexit-elfelejtett-gondoskodni-az-egyesult-kiralysag-kerekparosairol","status":"publish","type":"post","link":"https:\/\/www.welovecycling.com\/hu\/kozosseg-es-kultura\/a-brexit-elfelejtett-gondoskodni-az-egyesult-kiralysag-kerekparosairol\/","title":{"rendered":"A Brexit elfelejtett gondoskodni az Egyes\u00fclt Kir\u00e1lys\u00e1g ker\u00e9kp\u00e1rosair\u00f3l"},"content":{"rendered":"<p><strong>\u00a0A Brexit sok ember \u00e9let\u00e9t megnehez\u00edtette \u2013 bele\u00e9rtve az Egyes\u00fclt Kir\u00e1lys\u00e1g hivat\u00e1sos bicikliseit is. Az Egyes\u00fclt Kir\u00e1lys\u00e1g \u00e9s Eur\u00f3pa k\u00f6z\u00f6tti szabad mozg\u00e1snak vetett v\u00e9get a sz\u00e9tszakad\u00e1s, \u00edgy az eur\u00f3pai sz\u00e9khellyel &#8211; vagy versenynapt\u00e1rral &#8211; rendelkez\u0151 brit ker\u00e9kp\u00e1rosok neh\u00e9z helyzetbe ker\u00fcltek, f\u0151leg olyan orsz\u00e1gokban, mint Belgium, ahol a versenyz\u0151knek \u00e9vente legal\u00e1bb 80 000 eur\u00f3t kell keresni\u00fck ahhoz, hogy hivat\u00e1sos sportol\u00f3nak min\u0151s\u00fcljenek \u00e9s k\u00fcl\u00f6nleges sportol\u00f3i v\u00edzumot kapjanak.<\/strong><\/p>\n<p><!--more--><\/p>\n<p>A The Cyclists \u2019Alliance (TCA), a n\u0151i biciklisek t\u00e1mogat\u00f3 csoportja szerint sok versenyz\u0151 agg\u00f3dik amiatt, hogy hogyan tudj\u00e1k teljes\u00edteni szerz\u0151d\u00e9ses k\u00f6telezetts\u00e9geiket Eur\u00f3p\u00e1ban. Konkr\u00e9tan: <em>\u201eaz [Egyes\u00fclt Kir\u00e1lys\u00e1g] versenyz\u0151inek v\u00edzumra, munkav\u00e1llal\u00e1si enged\u00e9lyre vagy m\u00e1s dokument\u00e1ci\u00f3ra lehet sz\u00fcks\u00e9g\u00fck, ha 90 napn\u00e1l hosszabb tart\u00f3zkod\u00e1si id\u0151t szeretn\u00e9nek\u201d <\/em>a kontinensen, att\u00f3l f\u00fcgg\u0151en, hogy mely orsz\u00e1gban vagy orsz\u00e1gokban fognak edzeni vagy versenyezni.<\/p>\n<figure id=\"attachment_10589\" aria-describedby=\"caption-attachment-10589\" style=\"width: 1024px\" class=\"wp-caption alignnone\"><a href=\"https:\/\/d2p6e6u75xmxt8.cloudfront.net\/2\/2021\/03\/Mark-Cavendish-profimedia-0594608466.jpg\"><img loading=\"lazy\" decoding=\"async\" class=\"wp-image-10589 size-large\" src=\"https:\/\/d2p6e6u75xmxt8.cloudfront.net\/12\/2021\/04\/Mark-Cavendish-profimedia-0594608466-1024x682.jpg\" alt=\"Mark Cavendish cycling\" width=\"1024\" height=\"682\" srcset=\"https:\/\/d2p6e6u75xmxt8.cloudfront.net\/12\/2021\/04\/Mark-Cavendish-profimedia-0594608466-1024x682.jpg 1024w, https:\/\/d2p6e6u75xmxt8.cloudfront.net\/12\/2021\/04\/Mark-Cavendish-profimedia-0594608466-300x200.jpg 300w, https:\/\/d2p6e6u75xmxt8.cloudfront.net\/12\/2021\/04\/Mark-Cavendish-profimedia-0594608466-768x512.jpg 768w, https:\/\/d2p6e6u75xmxt8.cloudfront.net\/12\/2021\/04\/Mark-Cavendish-profimedia-0594608466-272x182.jpg 272w, https:\/\/d2p6e6u75xmxt8.cloudfront.net\/12\/2021\/04\/Mark-Cavendish-profimedia-0594608466.jpg 1250w\" sizes=\"auto, (max-width: 1024px) 100vw, 1024px\" \/><\/a><figcaption id=\"caption-attachment-10589\" class=\"wp-caption-text\"><em>\u00a0A Brexit hat\u00e1sa a versenyz\u0151 szem\u00e9lyes helyzet\u00e9t\u0151l f\u00fcgg. \u00a9 Profimedia<\/em><\/figcaption><\/figure>\n<p>A gov.uk webhely minden sz\u00fcks\u00e9ges inform\u00e1ci\u00f3t tartalmaz arr\u00f3l, milyen dokument\u00e1ci\u00f3k sz\u00fcks\u00e9gesek a hosszabb tart\u00f3zkod\u00e1shoz. A TCA pedig online ad inform\u00e1ci\u00f3t arr\u00f3l, hogy az egy\u00e9n \u00e1llampolg\u00e1rs\u00e1ga, munkaviszonya \u00e9s tart\u00f3zkod\u00e1si helye hogyan befoly\u00e1solja a folyamatot; p\u00e9ld\u00e1ul m\u00e1s a helyzet, ha a versenyz\u0151 \u00f6n\u00e1ll\u00f3 v\u00e1llalkoz\u00f3 \u00e9s m\u00e1s, ha alkalmazott.<\/p>\n<p>Bonyolultnak hangzik, \u00e9s az is. Az a nem EU-s \u00e1llampolg\u00e1r, aki tart\u00f3zkod\u00e1si enged\u00e9ly vagy hossz\u00fa t\u00e1v\u00fa tart\u00f3zkod\u00e1sra jogos\u00edt\u00f3 v\u00edzum n\u00e9lk\u00fcl t\u00f6bb mint 90 napig tart\u00f3zkodik a schengeni t\u00e9rs\u00e9gben, a kitilt\u00e1s fenyeget\u00e9s\u00e9vel n\u00e9zhet szembe, aminek s\u00falyos k\u00f6vetkezm\u00e9nyei lehetnek a versenyz\u0151 karrierj\u00e9t illet\u0151en. A 90 napn\u00e1l r\u00f6videbb ideig tart\u00f3zkod\u00f3 bicikliseknek pedig meg kell gy\u0151z\u0151dni\u00fck arr\u00f3l, hogy sz\u00fcks\u00e9g\u00fck van-e v\u00edzumra \u00e9s \/ vagy munkav\u00e1llal\u00e1si enged\u00e9lyre, att\u00f3l f\u00fcgg\u0151en, milyen orsz\u00e1gba utaznak, mi a l\u00e1togat\u00e1suk c\u00e9lja \u00e9s kapnak-e fizet\u00e9st vagy sem.<\/p>\n<figure id=\"attachment_10590\" aria-describedby=\"caption-attachment-10590\" style=\"width: 1024px\" class=\"wp-caption alignnone\"><a href=\"https:\/\/d2p6e6u75xmxt8.cloudfront.net\/2\/2021\/03\/Anna-Henderson-profimedia-0472430237.jpg\"><img loading=\"lazy\" decoding=\"async\" class=\"wp-image-10590 size-large\" src=\"https:\/\/d2p6e6u75xmxt8.cloudfront.net\/12\/2021\/04\/Anna-Henderson-profimedia-0472430237-1024x683.jpg\" alt=\"Anna Henderson\" width=\"1024\" height=\"683\" srcset=\"https:\/\/d2p6e6u75xmxt8.cloudfront.net\/12\/2021\/04\/Anna-Henderson-profimedia-0472430237-1024x683.jpg 1024w, https:\/\/d2p6e6u75xmxt8.cloudfront.net\/12\/2021\/04\/Anna-Henderson-profimedia-0472430237-300x200.jpg 300w, https:\/\/d2p6e6u75xmxt8.cloudfront.net\/12\/2021\/04\/Anna-Henderson-profimedia-0472430237-768x512.jpg 768w, https:\/\/d2p6e6u75xmxt8.cloudfront.net\/12\/2021\/04\/Anna-Henderson-profimedia-0472430237-272x182.jpg 272w, https:\/\/d2p6e6u75xmxt8.cloudfront.net\/12\/2021\/04\/Anna-Henderson-profimedia-0472430237.jpg 1250w\" sizes=\"auto, (max-width: 1024px) 100vw, 1024px\" \/><\/a><figcaption id=\"caption-attachment-10590\" class=\"wp-caption-text\"><em>A Brexit Anna \u00e9let\u00e9t is megnehez\u00edtette. \u00a9 Profimedia<\/em><\/figcaption><\/figure>\n<p>A profi brit versenyz\u0151k felsz\u00f3l\u00edtott\u00e1k teh\u00e1t az Egyes\u00fclt Kir\u00e1lys\u00e1g korm\u00e1ny\u00e1t, hogy t\u00e1rgyaljon a v\u00edzummentess\u00e9gr\u0151l az EU-val annak \u00e9rdek\u00e9ben, hogy az eg\u00e9sz szezonban Eur\u00f3p\u00e1ban edzhessenek \u00e9s versenyezhessenek. Sz\u00e1mos ker\u00e9kp\u00e1ros pet\u00edci\u00f3t is ind\u00edtottak.<\/p>\n<p>A k\u00e9relem az \u00f6sszes brit sportol\u00f3t figyelembe veszi, akiknek eg\u00e9sz \u00e9vben utazgatniuk kell edzeni \u00e9s versenyezni. Meg\u00e1llap\u00edtja, hogy <em>&#8220;sok sportol\u00f3 finansz\u00edroz\u00e1sa \u00f6nk\u00f6lts\u00e9ges \u00e9s potenci\u00e1lisan minden orsz\u00e1g k\u00e9r v\u00edzumot, ezek a k\u00f6lts\u00e9gek pedig lehetetlenn\u00e9 teszik, hogy a 180 napos utaz\u00e1s sor\u00e1n \u00e9rv\u00e9nyes\u00fclj\u00f6n a 90 napos korl\u00e1toz\u00e1s.\u201d<\/em><\/p>\n<div class=\"embed-controller-wrapper\">\n<blockquote class=\"twitter-tweet\" data-width=\"500\" data-dnt=\"true\">\n<p lang=\"en\" dir=\"ltr\">British Athletes Want UK Govt to Negotiate an EU \u201cVisa-Free Permit\u201d for Them to Train &amp; Compete in EU<\/p>\n<p>@jakey_stewart <a href=\"https:\/\/twitter.com\/tompid?ref_src=twsrc%5Etfw\">@Tompid<\/a> <a href=\"https:\/\/twitter.com\/ollymoors51?ref_src=twsrc%5Etfw\">@ollymoors51<\/a> @DaveRaynerFund <a href=\"https:\/\/twitter.com\/Joshgreenwood24?ref_src=twsrc%5Etfw\">@Joshgreenwood24<\/a> <a href=\"https:\/\/twitter.com\/annahendersonxo?ref_src=twsrc%5Etfw\">@annahendersonxo<\/a> <a href=\"https:\/\/twitter.com\/em_wads?ref_src=twsrc%5Etfw\">@em_wads<\/a><br \/> <a href=\"https:\/\/t.co\/KDeVhZBhF1\">https:\/\/t.co\/KDeVhZBhF1<\/a><\/p>\n<p>&mdash; SchengenVisaInfo (@schengen_info) <a href=\"https:\/\/twitter.com\/schengen_info\/status\/1364532207973519360?ref_src=twsrc%5Etfw\">February 24, 2021<\/a><\/p><\/blockquote>\n<p><script async data-src=\"https:\/\/platform.twitter.com\/widgets.js\" charset=\"utf-8\"><\/script><\/div>\n<p>A pet\u00edci\u00f3t eddig t\u00f6bb mint 6000-en \u00edrt\u00e1k al\u00e1. 10 000 al\u00e1\u00edr\u00e1sra van sz\u00fcks\u00e9g, miel\u0151tt a korm\u00e1ny v\u00e1laszolna r\u00e1. 100 000 al\u00e1\u00edr\u00e1s eset\u00e9n a Parlament szavaz r\u00f3la. P\u00e9ld\u00e1ul Olly Moors, a Ribble-Weldtite csapat\u00e1nak ker\u00e9kp\u00e1rosq is neh\u00e9z helyzetbe ker\u00fclt a Brexit miatt. Az elm\u00falt \u00f6t \u00e9vben Belgiumban \u00e9lt \u00e9s versenyzett, jelenleg azonban az Egyes\u00fclt Kir\u00e1lys\u00e1gban ragadt &#8211; \u00edrta a Cycling Weekly.<\/p>\n<p>Bar\u00e1tn\u0151je, Anna Henderson Belgiumba utazott az Omloop Het Nieuwsbladhoz, de 90 napon bel\u00fcl k\u00f6teles visszat\u00e9rni az Egyes\u00fclt Kir\u00e1lys\u00e1gba. Az oda-vissza utaz\u00e1s nemcsak k\u00f6lts\u00e9ges, de a Covid-19 miatt vesz\u00e9lyes is.<\/p>\n","protected":false},"excerpt":{"rendered":"<p>\u00a0A Brexit sok ember \u00e9let\u00e9t megnehez\u00edtette \u2013 bele\u00e9rtve az Egyes\u00fclt Kir\u00e1lys\u00e1g hivat\u00e1sos bicikliseit is. Az Egyes\u00fclt Kir\u00e1lys\u00e1g \u00e9s Eur\u00f3pa k\u00f6z\u00f6tti [&hellip;]<\/p>\n","protected":false},"author":71,"featured_media":10592,"comment_status":"closed","ping_status":"closed","sticky":false,"template":"","format":"standard","meta":{"footnotes":""},"categories":[12],"tags":[],"global-categories":[],"class_list":["post-10587","post","type-post","status-publish","format-standard","has-post-thumbnail","hentry","category-kozosseg-es-kultura"],"yoast_head":"<!-- This site is optimized with the Yoast SEO Premium plugin v25.3 (Yoast SEO v25.9) - https:\/\/yoast.com\/wordpress\/plugins\/seo\/ -->\n<title>A Brexit elfelejtett gondoskodni az Egyes\u00fclt Kir\u00e1lys\u00e1g ker\u00e9kp\u00e1rosair\u00f3l - \u0160koda We Love Cycling - Magyarorsz\u00e1g<\/title>\n<meta name=\"description\" content=\"A Brexit sok ember \u00e9let\u00e9t megnehez\u00edtette \u2013 bele\u00e9rtve az Egyes\u00fclt Kir\u00e1lys\u00e1g hivat\u00e1sos bicikliseit is.\" \/>\n<meta name=\"robots\" content=\"index, follow, max-snippet:-1, max-image-preview:large, max-video-preview:-1\" \/>\n<link rel=\"canonical\" href=\"https:\/\/www.welovecycling.com\/hu\/kozosseg-es-kultura\/a-brexit-elfelejtett-gondoskodni-az-egyesult-kiralysag-kerekparosairol\/\" \/>\n<meta property=\"og:locale\" content=\"hu_HU\" \/>\n<meta property=\"og:type\" content=\"article\" \/>\n<meta property=\"og:title\" content=\"A Brexit elfelejtett gondoskodni az Egyes\u00fclt Kir\u00e1lys\u00e1g ker\u00e9kp\u00e1rosair\u00f3l\" \/>\n<meta property=\"og:description\" content=\"A Brexit sok ember \u00e9let\u00e9t megnehez\u00edtette \u2013 bele\u00e9rtve az Egyes\u00fclt Kir\u00e1lys\u00e1g hivat\u00e1sos bicikliseit is.\" \/>\n<meta property=\"og:url\" content=\"https:\/\/www.welovecycling.com\/hu\/kozosseg-es-kultura\/a-brexit-elfelejtett-gondoskodni-az-egyesult-kiralysag-kerekparosairol\/\" \/>\n<meta property=\"og:site_name\" content=\"\u0160koda We Love Cycling - Magyarorsz\u00e1g\" \/>\n<meta property=\"article:publisher\" content=\"https:\/\/www.facebook.com\/WeLoveCyclingHungary\/\" \/>\n<meta property=\"article:published_time\" content=\"2021-04-15T07:00:43+00:00\" \/>\n<meta property=\"og:image\" content=\"https:\/\/d2p6e6u75xmxt8.cloudfront.net\/12\/2021\/04\/British-cyclists-profimedia-0601831453-CVR.jpg\" \/>\n\t<meta property=\"og:image:width\" content=\"1366\" \/>\n\t<meta property=\"og:image:height\" content=\"600\" \/>\n\t<meta property=\"og:image:type\" content=\"image\/jpeg\" \/>\n<meta name=\"author\" content=\"hegyizs\" \/>\n<meta name=\"twitter:card\" content=\"summary_large_image\" \/>\n<meta name=\"twitter:label1\" content=\"Written by\" \/>\n\t<meta name=\"twitter:data1\" content=\"Siegfried Mortkowitz\" \/>\n\t<meta name=\"twitter:label2\" content=\"Est. reading time\" \/>\n\t<meta name=\"twitter:data2\" content=\"6\" \/>\n<script type=\"application\/ld+json\" class=\"yoast-schema-graph\">{\"@context\":\"https:\/\/schema.org\",\"@graph\":[{\"@type\":\"WebPage\",\"@id\":\"https:\/\/www.welovecycling.com\/hu\/kozosseg-es-kultura\/a-brexit-elfelejtett-gondoskodni-az-egyesult-kiralysag-kerekparosairol\/\",\"url\":\"https:\/\/www.welovecycling.com\/hu\/kozosseg-es-kultura\/a-brexit-elfelejtett-gondoskodni-az-egyesult-kiralysag-kerekparosairol\/\",\"name\":\"A Brexit elfelejtett gondoskodni az Egyes\u00fclt Kir\u00e1lys\u00e1g ker\u00e9kp\u00e1rosair\u00f3l - \u0160koda We Love Cycling - Magyarorsz\u00e1g\",\"isPartOf\":{\"@id\":\"https:\/\/www.welovecycling.com\/hu\/#website\"},\"primaryImageOfPage\":{\"@id\":\"https:\/\/www.welovecycling.com\/hu\/kozosseg-es-kultura\/a-brexit-elfelejtett-gondoskodni-az-egyesult-kiralysag-kerekparosairol\/#primaryimage\"},\"image\":{\"@id\":\"https:\/\/www.welovecycling.com\/hu\/kozosseg-es-kultura\/a-brexit-elfelejtett-gondoskodni-az-egyesult-kiralysag-kerekparosairol\/#primaryimage\"},\"thumbnailUrl\":\"https:\/\/d2p6e6u75xmxt8.cloudfront.net\/12\/2021\/04\/British-cyclists-profimedia-0601831453-CVR.jpg\",\"datePublished\":\"2021-04-15T07:00:43+00:00\",\"author\":{\"@id\":\"https:\/\/www.welovecycling.com\/hu\/#\/schema\/person\/414a2aebf1801691a5320edb6468e194\"},\"description\":\"A Brexit sok ember \u00e9let\u00e9t megnehez\u00edtette \u2013 bele\u00e9rtve az Egyes\u00fclt Kir\u00e1lys\u00e1g hivat\u00e1sos bicikliseit is.\",\"breadcrumb\":{\"@id\":\"https:\/\/www.welovecycling.com\/hu\/kozosseg-es-kultura\/a-brexit-elfelejtett-gondoskodni-az-egyesult-kiralysag-kerekparosairol\/#breadcrumb\"},\"inLanguage\":\"hu\",\"potentialAction\":[{\"@type\":\"ReadAction\",\"target\":[\"https:\/\/www.welovecycling.com\/hu\/kozosseg-es-kultura\/a-brexit-elfelejtett-gondoskodni-az-egyesult-kiralysag-kerekparosairol\/\"]}]},{\"@type\":\"ImageObject\",\"inLanguage\":\"hu\",\"@id\":\"https:\/\/www.welovecycling.com\/hu\/kozosseg-es-kultura\/a-brexit-elfelejtett-gondoskodni-az-egyesult-kiralysag-kerekparosairol\/#primaryimage\",\"url\":\"https:\/\/d2p6e6u75xmxt8.cloudfront.net\/12\/2021\/04\/British-cyclists-profimedia-0601831453-CVR.jpg\",\"contentUrl\":\"https:\/\/d2p6e6u75xmxt8.cloudfront.net\/12\/2021\/04\/British-cyclists-profimedia-0601831453-CVR.jpg\",\"width\":1366,\"height\":600,\"caption\":\"UK Riders\"},{\"@type\":\"BreadcrumbList\",\"@id\":\"https:\/\/www.welovecycling.com\/hu\/kozosseg-es-kultura\/a-brexit-elfelejtett-gondoskodni-az-egyesult-kiralysag-kerekparosairol\/#breadcrumb\",\"itemListElement\":[{\"@type\":\"ListItem\",\"position\":1,\"name\":\"Home\",\"item\":\"https:\/\/www.welovecycling.com\/hu\/\"},{\"@type\":\"ListItem\",\"position\":2,\"name\":\"A Brexit elfelejtett gondoskodni az Egyes\u00fclt Kir\u00e1lys\u00e1g ker\u00e9kp\u00e1rosair\u00f3l\"}]},{\"@type\":\"WebSite\",\"@id\":\"https:\/\/www.welovecycling.com\/hu\/#website\",\"url\":\"https:\/\/www.welovecycling.com\/hu\/\",\"name\":\"\u0160koda We Love Cycling - Magyarorsz\u00e1g\",\"description\":\"\u0160koda WeLoveCycling\",\"potentialAction\":[{\"@type\":\"SearchAction\",\"target\":{\"@type\":\"EntryPoint\",\"urlTemplate\":\"https:\/\/www.welovecycling.com\/hu\/?s={search_term_string}\"},\"query-input\":{\"@type\":\"PropertyValueSpecification\",\"valueRequired\":true,\"valueName\":\"search_term_string\"}}],\"inLanguage\":\"hu\"},{\"@type\":\"Person\",\"@id\":\"https:\/\/www.welovecycling.com\/hu\/#\/schema\/person\/414a2aebf1801691a5320edb6468e194\",\"name\":\"hegyizs\",\"image\":{\"@type\":\"ImageObject\",\"inLanguage\":\"hu\",\"@id\":\"https:\/\/www.welovecycling.com\/hu\/#\/schema\/person\/image\/\",\"url\":\"https:\/\/secure.gravatar.com\/avatar\/02cf8a7906b8cf90cecb4679defac7cfd33a1c2e3b88e4903d947f3bb58eedd3?s=96&d=mm&r=g\",\"contentUrl\":\"https:\/\/secure.gravatar.com\/avatar\/02cf8a7906b8cf90cecb4679defac7cfd33a1c2e3b88e4903d947f3bb58eedd3?s=96&d=mm&r=g\",\"caption\":\"hegyizs\"},\"url\":\"https:\/\/www.welovecycling.com\/hu\/author\/hegyizs\/\"}]}<\/script>\n<!-- \/ Yoast SEO Premium plugin. -->","yoast_head_json":{"title":"A Brexit elfelejtett gondoskodni az Egyes\u00fclt Kir\u00e1lys\u00e1g ker\u00e9kp\u00e1rosair\u00f3l - \u0160koda We Love Cycling - Magyarorsz\u00e1g","description":"A Brexit sok ember \u00e9let\u00e9t megnehez\u00edtette \u2013 bele\u00e9rtve az Egyes\u00fclt Kir\u00e1lys\u00e1g hivat\u00e1sos bicikliseit is.","robots":{"index":"index","follow":"follow","max-snippet":"max-snippet:-1","max-image-preview":"max-image-preview:large","max-video-preview":"max-video-preview:-1"},"canonical":"https:\/\/www.welovecycling.com\/hu\/kozosseg-es-kultura\/a-brexit-elfelejtett-gondoskodni-az-egyesult-kiralysag-kerekparosairol\/","og_locale":"hu_HU","og_type":"article","og_title":"A Brexit elfelejtett gondoskodni az Egyes\u00fclt Kir\u00e1lys\u00e1g ker\u00e9kp\u00e1rosair\u00f3l","og_description":"A Brexit sok ember \u00e9let\u00e9t megnehez\u00edtette \u2013 bele\u00e9rtve az Egyes\u00fclt Kir\u00e1lys\u00e1g hivat\u00e1sos bicikliseit is.","og_url":"https:\/\/www.welovecycling.com\/hu\/kozosseg-es-kultura\/a-brexit-elfelejtett-gondoskodni-az-egyesult-kiralysag-kerekparosairol\/","og_site_name":"\u0160koda We Love Cycling - Magyarorsz\u00e1g","article_publisher":"https:\/\/www.facebook.com\/WeLoveCyclingHungary\/","article_published_time":"2021-04-15T07:00:43+00:00","og_image":[{"width":1366,"height":600,"url":"https:\/\/d2p6e6u75xmxt8.cloudfront.net\/12\/2021\/04\/British-cyclists-profimedia-0601831453-CVR.jpg","type":"image\/jpeg"}],"author":"hegyizs","twitter_card":"summary_large_image","twitter_misc":{"Written by":"Siegfried Mortkowitz","Est. reading time":"6"},"schema":{"@context":"https:\/\/schema.org","@graph":[{"@type":"WebPage","@id":"https:\/\/www.welovecycling.com\/hu\/kozosseg-es-kultura\/a-brexit-elfelejtett-gondoskodni-az-egyesult-kiralysag-kerekparosairol\/","url":"https:\/\/www.welovecycling.com\/hu\/kozosseg-es-kultura\/a-brexit-elfelejtett-gondoskodni-az-egyesult-kiralysag-kerekparosairol\/","name":"A Brexit elfelejtett gondoskodni az Egyes\u00fclt Kir\u00e1lys\u00e1g ker\u00e9kp\u00e1rosair\u00f3l - \u0160koda We Love Cycling - Magyarorsz\u00e1g","isPartOf":{"@id":"https:\/\/www.welovecycling.com\/hu\/#website"},"primaryImageOfPage":{"@id":"https:\/\/www.welovecycling.com\/hu\/kozosseg-es-kultura\/a-brexit-elfelejtett-gondoskodni-az-egyesult-kiralysag-kerekparosairol\/#primaryimage"},"image":{"@id":"https:\/\/www.welovecycling.com\/hu\/kozosseg-es-kultura\/a-brexit-elfelejtett-gondoskodni-az-egyesult-kiralysag-kerekparosairol\/#primaryimage"},"thumbnailUrl":"https:\/\/d2p6e6u75xmxt8.cloudfront.net\/12\/2021\/04\/British-cyclists-profimedia-0601831453-CVR.jpg","datePublished":"2021-04-15T07:00:43+00:00","author":{"@id":"https:\/\/www.welovecycling.com\/hu\/#\/schema\/person\/414a2aebf1801691a5320edb6468e194"},"description":"A Brexit sok ember \u00e9let\u00e9t megnehez\u00edtette \u2013 bele\u00e9rtve az Egyes\u00fclt Kir\u00e1lys\u00e1g hivat\u00e1sos bicikliseit is.","breadcrumb":{"@id":"https:\/\/www.welovecycling.com\/hu\/kozosseg-es-kultura\/a-brexit-elfelejtett-gondoskodni-az-egyesult-kiralysag-kerekparosairol\/#breadcrumb"},"inLanguage":"hu","potentialAction":[{"@type":"ReadAction","target":["https:\/\/www.welovecycling.com\/hu\/kozosseg-es-kultura\/a-brexit-elfelejtett-gondoskodni-az-egyesult-kiralysag-kerekparosairol\/"]}]},{"@type":"ImageObject","inLanguage":"hu","@id":"https:\/\/www.welovecycling.com\/hu\/kozosseg-es-kultura\/a-brexit-elfelejtett-gondoskodni-az-egyesult-kiralysag-kerekparosairol\/#primaryimage","url":"https:\/\/d2p6e6u75xmxt8.cloudfront.net\/12\/2021\/04\/British-cyclists-profimedia-0601831453-CVR.jpg","contentUrl":"https:\/\/d2p6e6u75xmxt8.cloudfront.net\/12\/2021\/04\/British-cyclists-profimedia-0601831453-CVR.jpg","width":1366,"height":600,"caption":"UK Riders"},{"@type":"BreadcrumbList","@id":"https:\/\/www.welovecycling.com\/hu\/kozosseg-es-kultura\/a-brexit-elfelejtett-gondoskodni-az-egyesult-kiralysag-kerekparosairol\/#breadcrumb","itemListElement":[{"@type":"ListItem","position":1,"name":"Home","item":"https:\/\/www.welovecycling.com\/hu\/"},{"@type":"ListItem","position":2,"name":"A Brexit elfelejtett gondoskodni az Egyes\u00fclt Kir\u00e1lys\u00e1g ker\u00e9kp\u00e1rosair\u00f3l"}]},{"@type":"WebSite","@id":"https:\/\/www.welovecycling.com\/hu\/#website","url":"https:\/\/www.welovecycling.com\/hu\/","name":"\u0160koda We Love Cycling - Magyarorsz\u00e1g","description":"\u0160koda WeLoveCycling","potentialAction":[{"@type":"SearchAction","target":{"@type":"EntryPoint","urlTemplate":"https:\/\/www.welovecycling.com\/hu\/?s={search_term_string}"},"query-input":{"@type":"PropertyValueSpecification","valueRequired":true,"valueName":"search_term_string"}}],"inLanguage":"hu"},{"@type":"Person","@id":"https:\/\/www.welovecycling.com\/hu\/#\/schema\/person\/414a2aebf1801691a5320edb6468e194","name":"hegyizs","image":{"@type":"ImageObject","inLanguage":"hu","@id":"https:\/\/www.welovecycling.com\/hu\/#\/schema\/person\/image\/","url":"https:\/\/secure.gravatar.com\/avatar\/02cf8a7906b8cf90cecb4679defac7cfd33a1c2e3b88e4903d947f3bb58eedd3?s=96&d=mm&r=g","contentUrl":"https:\/\/secure.gravatar.com\/avatar\/02cf8a7906b8cf90cecb4679defac7cfd33a1c2e3b88e4903d947f3bb58eedd3?s=96&d=mm&r=g","caption":"hegyizs"},"url":"https:\/\/www.welovecycling.com\/hu\/author\/hegyizs\/"}]}},"_links":{"self":[{"href":"https:\/\/www.welovecycling.com\/hu\/wp-json\/wp\/v2\/posts\/10587","targetHints":{"allow":["GET"]}}],"collection":[{"href":"https:\/\/www.welovecycling.com\/hu\/wp-json\/wp\/v2\/posts"}],"about":[{"href":"https:\/\/www.welovecycling.com\/hu\/wp-json\/wp\/v2\/types\/post"}],"author":[{"embeddable":true,"href":"https:\/\/www.welovecycling.com\/hu\/wp-json\/wp\/v2\/users\/71"}],"replies":[{"embeddable":true,"href":"https:\/\/www.welovecycling.com\/hu\/wp-json\/wp\/v2\/comments?post=10587"}],"version-history":[{"count":2,"href":"https:\/\/www.welovecycling.com\/hu\/wp-json\/wp\/v2\/posts\/10587\/revisions"}],"predecessor-version":[{"id":10611,"href":"https:\/\/www.welovecycling.com\/hu\/wp-json\/wp\/v2\/posts\/10587\/revisions\/10611"}],"wp:featuredmedia":[{"embeddable":true,"href":"https:\/\/www.welovecycling.com\/hu\/wp-json\/wp\/v2\/media\/10592"}],"wp:attachment":[{"href":"https:\/\/www.welovecycling.com\/hu\/wp-json\/wp\/v2\/media?parent=10587"}],"wp:term":[{"taxonomy":"category","embeddable":true,"href":"https:\/\/www.welovecycling.com\/hu\/wp-json\/wp\/v2\/categories?post=10587"},{"taxonomy":"post_tag","embeddable":true,"href":"https:\/\/www.welovecycling.com\/hu\/wp-json\/wp\/v2\/tags?post=10587"},{"taxonomy":"global-categories","embeddable":true,"href":"https:\/\/www.welovecycling.com\/hu\/wp-json\/wp\/v2\/global-categories?post=10587"}],"curies":[{"name":"wp","href":"https:\/\/api.w.org\/{rel}","templated":true}]}}