{"id":10575,"date":"2021-04-11T08:00:00","date_gmt":"2021-04-11T07:00:00","guid":{"rendered":"https:\/\/www.welovecycling.com\/hu\/?p=10575"},"modified":"2021-04-07T13:44:29","modified_gmt":"2021-04-07T12:44:29","slug":"brandon-mcnulty-a-giro-ditalia-legjobbjai-kozott","status":"publish","type":"post","link":"https:\/\/www.welovecycling.com\/hu\/orszaguti-kerekpar\/brandon-mcnulty-a-giro-ditalia-legjobbjai-kozott\/","title":{"rendered":"Brandon McNulty a Giro d\u2019Italia legjobbjai k\u00f6z\u00f6tt?"},"content":{"rendered":"<p><strong>Az amerikaiak leg\u00fajabb rem\u00e9nys\u00e9ge, a mind\u00f6ssze 22 \u00e9ves Brandon McNulty bizakodva k\u00e9sz\u00fcl az \u00e9v els\u0151 h\u00e1romhetes\u00e9re.<\/strong><\/p>\n<p><!--more--><\/p>\n<p>A fiatal ker\u00e9kp\u00e1ros tavaly vonta mag\u00e1ra a nagyk\u00f6z\u00f6ns\u00e9g figyelm\u00e9t, amikor az Olasz K\u00f6rversenyen harmadikk\u00e9nt v\u00e9gzett a m\u00e1sodik, 34 kilom\u00e9teres id\u0151futamon \u2013 ezzel eg\u00e9szen a negyedik helyig k\u00fczd\u00f6tte fel mag\u00e1t az \u00f6sszetettben. Az UAE Team Emirates versenyz\u0151je v\u00e9g\u00fcl a Dolomitokban nem tudott l\u00e9p\u00e9st tartani a legjobbakkal, \u00edgy a 15. helyen z\u00e1rt, de teljes\u00edtm\u00e9nye \u00edg\u00e9retes j\u00f6v\u0151t t\u00e1rt az amerikai szurkol\u00f3k el\u00e9.<\/p>\n<p>A Cycling Weekly magazinnak adott interj\u00faj\u00e1ban a k\u00f6zelg\u0151 Giro d\u2019Itali\u00e1r\u00f3l, illetve top 10-es \u00e1lmair\u00f3l besz\u00e9lt.<\/p>\n<p><em>\u201eSzerintem re\u00e1lis c\u00e9l<\/em> \u2013 f\u0171zte hozz\u00e1. \u201e<em>El\u00e9g neh\u00e9z lesz, de rem\u00e9lem, hogy meg tudom csin\u00e1lni. Tavaly j\u00f3l teljes\u00edtettem, \u00e9s a csapat azt tervezi, hogy id\u00e9n is rajthoz \u00e1llok. \u00d6r\u00fcl\u00f6k neki, hogy ebben az \u00e9vben itt ad\u00f3dott sz\u00e1momra lehet\u0151s\u00e9g, \u00e9s nem a m\u00e1sik k\u00e9t Grand Tour versenyen.\u201d<\/em><\/p>\n<figure id=\"attachment_10577\" aria-describedby=\"caption-attachment-10577\" style=\"width: 1080px\" class=\"wp-caption aligncenter\"><img loading=\"lazy\" decoding=\"async\" class=\"size-full wp-image-10577\" src=\"https:\/\/d2p6e6u75xmxt8.cloudfront.net\/12\/2021\/04\/mcnultygiro-1080x719-1.jpg\" alt=\"\" width=\"1080\" height=\"719\" srcset=\"https:\/\/d2p6e6u75xmxt8.cloudfront.net\/12\/2021\/04\/mcnultygiro-1080x719-1.jpg 1080w, https:\/\/d2p6e6u75xmxt8.cloudfront.net\/12\/2021\/04\/mcnultygiro-1080x719-1-300x200.jpg 300w, https:\/\/d2p6e6u75xmxt8.cloudfront.net\/12\/2021\/04\/mcnultygiro-1080x719-1-1024x682.jpg 1024w, https:\/\/d2p6e6u75xmxt8.cloudfront.net\/12\/2021\/04\/mcnultygiro-1080x719-1-768x511.jpg 768w, https:\/\/d2p6e6u75xmxt8.cloudfront.net\/12\/2021\/04\/mcnultygiro-1080x719-1-272x182.jpg 272w\" sizes=\"auto, (max-width: 1080px) 100vw, 1080px\" \/><figcaption id=\"caption-attachment-10577\" class=\"wp-caption-text\">Brandon McNulty a 2020-as Giro d\u2019Italia 15. szakasz\u00e1n.<\/figcaption><\/figure>\n<p>Nyilatkozata annak f\u00e9ny\u00e9ben k\u00fcl\u00f6n\u00f6sen \u00e9rdekes, hogy az idei Giro \u00fatvonala mind\u00f6ssze 38 kilom\u00e9ternyi id\u0151futamot tartalmaz (9 kilom\u00e9tert az els\u0151 szakaszon Torin\u00f3ban, 29-et az utols\u00f3n Mil\u00e1n\u00f3ban), ami kifejezetten kev\u00e9snek t\u0171nhet egy olyan fiatal versenyz\u0151 sz\u00e1m\u00e1ra, aki st\u00edlus\u00e1ban legink\u00e1bb Tom Dumoulinhez \u00e9s Geraint Thomashoz hasonl\u00edtja mag\u00e1t.<\/p>\n<p><em>\u201eEz vagyok \u00e9n: egy id\u0151futam-specialista, aki j\u00f3l megy a hegyeken\u201d<\/em> \u2013 mondta. <em>\u201eSz\u00e1momra az a legjobb strat\u00e9gia, ha j\u00f3l teljes\u00edtek az id\u0151futamon, \u00e9s folyamatosan fejl\u0151d\u00f6m az emelked\u0151k\u00f6n, hogy meg tudjam v\u00e9deni magam a legnehezebb szakaszokon.\u201d<\/em><\/p>\n<p>McNulty form\u00e1ja b\u00edztat\u00f3: m\u00e1rciusban a P\u00e1rizs-Nizza \u00e9s a Katal\u00e1n K\u00f6rverseny id\u0151futam\u00e1n is 4. lett, a Baszk K\u00f6rversenyen pedig csak Primo\u017e Rogli\u010d tudta megel\u0151zni a m\u0171fajban. <em>\u201eJ\u00f3 volt tesztelni, hogy mit b\u00edrnak a l\u00e1baim\u201d<\/em> \u2013 mes\u00e9lte m\u00e9g a Katal\u00e1n K\u00f6rverseny ut\u00e1n. <em>\u201eM\u00e9g mindig hi\u00e1nyzik valami utols\u00f3 l\u00f6ket ahhoz, hogy a legjobb lehessek, de j\u00f3l haladok. Szerettem azt az id\u0151futamot, \u00e9s igyekszem az ilyen eredm\u00e9nyekre \u00e9p\u00edteni. J\u00f3l \u00e9reztem magam a rajt el\u0151tt, de nyilv\u00e1nval\u00f3an a Pireneusok mutatt\u00e1k meg igaz\u00e1n, milyen form\u00e1ban vagyok. Az ilyen szakaszokon az utols\u00f3 tartal\u00e9kainkat is mozg\u00f3s\u00edtanunk kell, sz\u00f3val itt az ideje a regener\u00e1l\u00f3d\u00e1snak \u00e9s az utols\u00f3 felk\u00e9sz\u00fcl\u00e9si szakasz megkezd\u00e9s\u00e9nek, azt\u00e1n ir\u00e1ny a Giro!\u201d<\/em><\/p>\n<p><em>Forr\u00e1s: <\/em><a href=\"https:\/\/www.cyclingweekly.com\/news\/racing\/brandon-mcnulty-looking-to-improve-on-grand-tour-debut-and-targets-a-realistic-top-10-at-the-giro-ditalia-494830\"><em>cyclingweekly.com<\/em><\/a><\/p>\n<p><em>Bor\u00edt\u00f3k\u00e9p: Bas Czerwinski\/Getty Images<\/em><\/p>\n","protected":false},"excerpt":{"rendered":"<p>Az amerikaiak leg\u00fajabb rem\u00e9nys\u00e9ge, a mind\u00f6ssze 22 \u00e9ves Brandon McNulty bizakodva k\u00e9sz\u00fcl az \u00e9v els\u0151 h\u00e1romhetes\u00e9re.<\/p>\n","protected":false},"author":71,"featured_media":10576,"comment_status":"closed","ping_status":"closed","sticky":false,"template":"","format":"standard","meta":{"footnotes":""},"categories":[8],"tags":[],"global-categories":[],"class_list":["post-10575","post","type-post","status-publish","format-standard","has-post-thumbnail","hentry","category-orszaguti-kerekpar"],"yoast_head":"<!-- This site is optimized with the Yoast SEO Premium plugin v25.3 (Yoast SEO v25.9) - https:\/\/yoast.com\/wordpress\/plugins\/seo\/ -->\n<title>Brandon McNulty a Giro d\u2019Italia legjobbjai k\u00f6z\u00f6tt?<\/title>\n<meta name=\"description\" content=\"Az amerikaiak leg\u00fajabb rem\u00e9nys\u00e9ge, a mind\u00f6ssze 22 \u00e9ves Brandon McNulty bizakodva k\u00e9sz\u00fcl az \u00e9v els\u0151 h\u00e1romhetes\u00e9re.\" \/>\n<meta name=\"robots\" content=\"index, follow, max-snippet:-1, max-image-preview:large, max-video-preview:-1\" \/>\n<link rel=\"canonical\" href=\"https:\/\/www.welovecycling.com\/hu\/orszaguti-kerekpar\/brandon-mcnulty-a-giro-ditalia-legjobbjai-kozott\/\" \/>\n<meta property=\"og:locale\" content=\"hu_HU\" \/>\n<meta property=\"og:type\" content=\"article\" \/>\n<meta property=\"og:title\" content=\"Brandon McNulty a Giro d\u2019Italia legjobbjai k\u00f6z\u00f6tt?\" \/>\n<meta property=\"og:description\" content=\"Az amerikaiak leg\u00fajabb rem\u00e9nys\u00e9ge, a mind\u00f6ssze 22 \u00e9ves Brandon McNulty bizakodva k\u00e9sz\u00fcl az \u00e9v els\u0151 h\u00e1romhetes\u00e9re.\" \/>\n<meta property=\"og:url\" content=\"https:\/\/www.welovecycling.com\/hu\/orszaguti-kerekpar\/brandon-mcnulty-a-giro-ditalia-legjobbjai-kozott\/\" \/>\n<meta property=\"og:site_name\" content=\"\u0160koda We Love Cycling - Magyarorsz\u00e1g\" \/>\n<meta property=\"article:publisher\" content=\"https:\/\/www.facebook.com\/WeLoveCyclingHungary\/\" \/>\n<meta property=\"article:published_time\" content=\"2021-04-11T07:00:00+00:00\" \/>\n<meta property=\"og:image\" content=\"https:\/\/d2p6e6u75xmxt8.cloudfront.net\/12\/2021\/04\/GettyImages-1306137797-920x613-1.jpg\" \/>\n\t<meta property=\"og:image:width\" content=\"920\" \/>\n\t<meta property=\"og:image:height\" content=\"613\" \/>\n\t<meta property=\"og:image:type\" content=\"image\/jpeg\" \/>\n<meta name=\"author\" content=\"hegyizs\" \/>\n<meta name=\"twitter:card\" content=\"summary_large_image\" \/>\n<meta name=\"twitter:label1\" content=\"Written by\" \/>\n\t<meta name=\"twitter:data1\" content=\"WLC\" \/>\n\t<meta name=\"twitter:label2\" content=\"Est. reading time\" \/>\n\t<meta name=\"twitter:data2\" content=\"2 minutes\" \/>\n<script type=\"application\/ld+json\" class=\"yoast-schema-graph\">{\"@context\":\"https:\/\/schema.org\",\"@graph\":[{\"@type\":\"WebPage\",\"@id\":\"https:\/\/www.welovecycling.com\/hu\/orszaguti-kerekpar\/brandon-mcnulty-a-giro-ditalia-legjobbjai-kozott\/\",\"url\":\"https:\/\/www.welovecycling.com\/hu\/orszaguti-kerekpar\/brandon-mcnulty-a-giro-ditalia-legjobbjai-kozott\/\",\"name\":\"Brandon McNulty a Giro d\u2019Italia legjobbjai k\u00f6z\u00f6tt?\",\"isPartOf\":{\"@id\":\"https:\/\/www.welovecycling.com\/hu\/#website\"},\"primaryImageOfPage\":{\"@id\":\"https:\/\/www.welovecycling.com\/hu\/orszaguti-kerekpar\/brandon-mcnulty-a-giro-ditalia-legjobbjai-kozott\/#primaryimage\"},\"image\":{\"@id\":\"https:\/\/www.welovecycling.com\/hu\/orszaguti-kerekpar\/brandon-mcnulty-a-giro-ditalia-legjobbjai-kozott\/#primaryimage\"},\"thumbnailUrl\":\"https:\/\/d2p6e6u75xmxt8.cloudfront.net\/12\/2021\/04\/GettyImages-1306137797-920x613-1.jpg\",\"datePublished\":\"2021-04-11T07:00:00+00:00\",\"author\":{\"@id\":\"https:\/\/www.welovecycling.com\/hu\/#\/schema\/person\/414a2aebf1801691a5320edb6468e194\"},\"description\":\"Az amerikaiak leg\u00fajabb rem\u00e9nys\u00e9ge, a mind\u00f6ssze 22 \u00e9ves Brandon McNulty bizakodva k\u00e9sz\u00fcl az \u00e9v els\u0151 h\u00e1romhetes\u00e9re.\",\"breadcrumb\":{\"@id\":\"https:\/\/www.welovecycling.com\/hu\/orszaguti-kerekpar\/brandon-mcnulty-a-giro-ditalia-legjobbjai-kozott\/#breadcrumb\"},\"inLanguage\":\"hu\",\"potentialAction\":[{\"@type\":\"ReadAction\",\"target\":[\"https:\/\/www.welovecycling.com\/hu\/orszaguti-kerekpar\/brandon-mcnulty-a-giro-ditalia-legjobbjai-kozott\/\"]}]},{\"@type\":\"ImageObject\",\"inLanguage\":\"hu\",\"@id\":\"https:\/\/www.welovecycling.com\/hu\/orszaguti-kerekpar\/brandon-mcnulty-a-giro-ditalia-legjobbjai-kozott\/#primaryimage\",\"url\":\"https:\/\/d2p6e6u75xmxt8.cloudfront.net\/12\/2021\/04\/GettyImages-1306137797-920x613-1.jpg\",\"contentUrl\":\"https:\/\/d2p6e6u75xmxt8.cloudfront.net\/12\/2021\/04\/GettyImages-1306137797-920x613-1.jpg\",\"width\":920,\"height\":613},{\"@type\":\"BreadcrumbList\",\"@id\":\"https:\/\/www.welovecycling.com\/hu\/orszaguti-kerekpar\/brandon-mcnulty-a-giro-ditalia-legjobbjai-kozott\/#breadcrumb\",\"itemListElement\":[{\"@type\":\"ListItem\",\"position\":1,\"name\":\"Home\",\"item\":\"https:\/\/www.welovecycling.com\/hu\/\"},{\"@type\":\"ListItem\",\"position\":2,\"name\":\"Brandon McNulty a Giro d\u2019Italia legjobbjai k\u00f6z\u00f6tt?\"}]},{\"@type\":\"WebSite\",\"@id\":\"https:\/\/www.welovecycling.com\/hu\/#website\",\"url\":\"https:\/\/www.welovecycling.com\/hu\/\",\"name\":\"\u0160koda We Love Cycling - Magyarorsz\u00e1g\",\"description\":\"\u0160koda WeLoveCycling\",\"potentialAction\":[{\"@type\":\"SearchAction\",\"target\":{\"@type\":\"EntryPoint\",\"urlTemplate\":\"https:\/\/www.welovecycling.com\/hu\/?s={search_term_string}\"},\"query-input\":{\"@type\":\"PropertyValueSpecification\",\"valueRequired\":true,\"valueName\":\"search_term_string\"}}],\"inLanguage\":\"hu\"},{\"@type\":\"Person\",\"@id\":\"https:\/\/www.welovecycling.com\/hu\/#\/schema\/person\/414a2aebf1801691a5320edb6468e194\",\"name\":\"hegyizs\",\"image\":{\"@type\":\"ImageObject\",\"inLanguage\":\"hu\",\"@id\":\"https:\/\/www.welovecycling.com\/hu\/#\/schema\/person\/image\/\",\"url\":\"https:\/\/secure.gravatar.com\/avatar\/02cf8a7906b8cf90cecb4679defac7cfd33a1c2e3b88e4903d947f3bb58eedd3?s=96&d=mm&r=g\",\"contentUrl\":\"https:\/\/secure.gravatar.com\/avatar\/02cf8a7906b8cf90cecb4679defac7cfd33a1c2e3b88e4903d947f3bb58eedd3?s=96&d=mm&r=g\",\"caption\":\"hegyizs\"},\"url\":\"https:\/\/www.welovecycling.com\/hu\/author\/hegyizs\/\"}]}<\/script>\n<!-- \/ Yoast SEO Premium plugin. -->","yoast_head_json":{"title":"Brandon McNulty a Giro d\u2019Italia legjobbjai k\u00f6z\u00f6tt?","description":"Az amerikaiak leg\u00fajabb rem\u00e9nys\u00e9ge, a mind\u00f6ssze 22 \u00e9ves Brandon McNulty bizakodva k\u00e9sz\u00fcl az \u00e9v els\u0151 h\u00e1romhetes\u00e9re.","robots":{"index":"index","follow":"follow","max-snippet":"max-snippet:-1","max-image-preview":"max-image-preview:large","max-video-preview":"max-video-preview:-1"},"canonical":"https:\/\/www.welovecycling.com\/hu\/orszaguti-kerekpar\/brandon-mcnulty-a-giro-ditalia-legjobbjai-kozott\/","og_locale":"hu_HU","og_type":"article","og_title":"Brandon McNulty a Giro d\u2019Italia legjobbjai k\u00f6z\u00f6tt?","og_description":"Az amerikaiak leg\u00fajabb rem\u00e9nys\u00e9ge, a mind\u00f6ssze 22 \u00e9ves Brandon McNulty bizakodva k\u00e9sz\u00fcl az \u00e9v els\u0151 h\u00e1romhetes\u00e9re.","og_url":"https:\/\/www.welovecycling.com\/hu\/orszaguti-kerekpar\/brandon-mcnulty-a-giro-ditalia-legjobbjai-kozott\/","og_site_name":"\u0160koda We Love Cycling - Magyarorsz\u00e1g","article_publisher":"https:\/\/www.facebook.com\/WeLoveCyclingHungary\/","article_published_time":"2021-04-11T07:00:00+00:00","og_image":[{"width":920,"height":613,"url":"https:\/\/d2p6e6u75xmxt8.cloudfront.net\/12\/2021\/04\/GettyImages-1306137797-920x613-1.jpg","type":"image\/jpeg"}],"author":"hegyizs","twitter_card":"summary_large_image","twitter_misc":{"Written by":"WLC","Est. reading time":"2 minutes"},"schema":{"@context":"https:\/\/schema.org","@graph":[{"@type":"WebPage","@id":"https:\/\/www.welovecycling.com\/hu\/orszaguti-kerekpar\/brandon-mcnulty-a-giro-ditalia-legjobbjai-kozott\/","url":"https:\/\/www.welovecycling.com\/hu\/orszaguti-kerekpar\/brandon-mcnulty-a-giro-ditalia-legjobbjai-kozott\/","name":"Brandon McNulty a Giro d\u2019Italia legjobbjai k\u00f6z\u00f6tt?","isPartOf":{"@id":"https:\/\/www.welovecycling.com\/hu\/#website"},"primaryImageOfPage":{"@id":"https:\/\/www.welovecycling.com\/hu\/orszaguti-kerekpar\/brandon-mcnulty-a-giro-ditalia-legjobbjai-kozott\/#primaryimage"},"image":{"@id":"https:\/\/www.welovecycling.com\/hu\/orszaguti-kerekpar\/brandon-mcnulty-a-giro-ditalia-legjobbjai-kozott\/#primaryimage"},"thumbnailUrl":"https:\/\/d2p6e6u75xmxt8.cloudfront.net\/12\/2021\/04\/GettyImages-1306137797-920x613-1.jpg","datePublished":"2021-04-11T07:00:00+00:00","author":{"@id":"https:\/\/www.welovecycling.com\/hu\/#\/schema\/person\/414a2aebf1801691a5320edb6468e194"},"description":"Az amerikaiak leg\u00fajabb rem\u00e9nys\u00e9ge, a mind\u00f6ssze 22 \u00e9ves Brandon McNulty bizakodva k\u00e9sz\u00fcl az \u00e9v els\u0151 h\u00e1romhetes\u00e9re.","breadcrumb":{"@id":"https:\/\/www.welovecycling.com\/hu\/orszaguti-kerekpar\/brandon-mcnulty-a-giro-ditalia-legjobbjai-kozott\/#breadcrumb"},"inLanguage":"hu","potentialAction":[{"@type":"ReadAction","target":["https:\/\/www.welovecycling.com\/hu\/orszaguti-kerekpar\/brandon-mcnulty-a-giro-ditalia-legjobbjai-kozott\/"]}]},{"@type":"ImageObject","inLanguage":"hu","@id":"https:\/\/www.welovecycling.com\/hu\/orszaguti-kerekpar\/brandon-mcnulty-a-giro-ditalia-legjobbjai-kozott\/#primaryimage","url":"https:\/\/d2p6e6u75xmxt8.cloudfront.net\/12\/2021\/04\/GettyImages-1306137797-920x613-1.jpg","contentUrl":"https:\/\/d2p6e6u75xmxt8.cloudfront.net\/12\/2021\/04\/GettyImages-1306137797-920x613-1.jpg","width":920,"height":613},{"@type":"BreadcrumbList","@id":"https:\/\/www.welovecycling.com\/hu\/orszaguti-kerekpar\/brandon-mcnulty-a-giro-ditalia-legjobbjai-kozott\/#breadcrumb","itemListElement":[{"@type":"ListItem","position":1,"name":"Home","item":"https:\/\/www.welovecycling.com\/hu\/"},{"@type":"ListItem","position":2,"name":"Brandon McNulty a Giro d\u2019Italia legjobbjai k\u00f6z\u00f6tt?"}]},{"@type":"WebSite","@id":"https:\/\/www.welovecycling.com\/hu\/#website","url":"https:\/\/www.welovecycling.com\/hu\/","name":"\u0160koda We Love Cycling - Magyarorsz\u00e1g","description":"\u0160koda WeLoveCycling","potentialAction":[{"@type":"SearchAction","target":{"@type":"EntryPoint","urlTemplate":"https:\/\/www.welovecycling.com\/hu\/?s={search_term_string}"},"query-input":{"@type":"PropertyValueSpecification","valueRequired":true,"valueName":"search_term_string"}}],"inLanguage":"hu"},{"@type":"Person","@id":"https:\/\/www.welovecycling.com\/hu\/#\/schema\/person\/414a2aebf1801691a5320edb6468e194","name":"hegyizs","image":{"@type":"ImageObject","inLanguage":"hu","@id":"https:\/\/www.welovecycling.com\/hu\/#\/schema\/person\/image\/","url":"https:\/\/secure.gravatar.com\/avatar\/02cf8a7906b8cf90cecb4679defac7cfd33a1c2e3b88e4903d947f3bb58eedd3?s=96&d=mm&r=g","contentUrl":"https:\/\/secure.gravatar.com\/avatar\/02cf8a7906b8cf90cecb4679defac7cfd33a1c2e3b88e4903d947f3bb58eedd3?s=96&d=mm&r=g","caption":"hegyizs"},"url":"https:\/\/www.welovecycling.com\/hu\/author\/hegyizs\/"}]}},"_links":{"self":[{"href":"https:\/\/www.welovecycling.com\/hu\/wp-json\/wp\/v2\/posts\/10575","targetHints":{"allow":["GET"]}}],"collection":[{"href":"https:\/\/www.welovecycling.com\/hu\/wp-json\/wp\/v2\/posts"}],"about":[{"href":"https:\/\/www.welovecycling.com\/hu\/wp-json\/wp\/v2\/types\/post"}],"author":[{"embeddable":true,"href":"https:\/\/www.welovecycling.com\/hu\/wp-json\/wp\/v2\/users\/71"}],"replies":[{"embeddable":true,"href":"https:\/\/www.welovecycling.com\/hu\/wp-json\/wp\/v2\/comments?post=10575"}],"version-history":[{"count":2,"href":"https:\/\/www.welovecycling.com\/hu\/wp-json\/wp\/v2\/posts\/10575\/revisions"}],"predecessor-version":[{"id":10583,"href":"https:\/\/www.welovecycling.com\/hu\/wp-json\/wp\/v2\/posts\/10575\/revisions\/10583"}],"wp:featuredmedia":[{"embeddable":true,"href":"https:\/\/www.welovecycling.com\/hu\/wp-json\/wp\/v2\/media\/10576"}],"wp:attachment":[{"href":"https:\/\/www.welovecycling.com\/hu\/wp-json\/wp\/v2\/media?parent=10575"}],"wp:term":[{"taxonomy":"category","embeddable":true,"href":"https:\/\/www.welovecycling.com\/hu\/wp-json\/wp\/v2\/categories?post=10575"},{"taxonomy":"post_tag","embeddable":true,"href":"https:\/\/www.welovecycling.com\/hu\/wp-json\/wp\/v2\/tags?post=10575"},{"taxonomy":"global-categories","embeddable":true,"href":"https:\/\/www.welovecycling.com\/hu\/wp-json\/wp\/v2\/global-categories?post=10575"}],"curies":[{"name":"wp","href":"https:\/\/api.w.org\/{rel}","templated":true}]}}