{"id":10548,"date":"2021-04-05T08:00:35","date_gmt":"2021-04-05T07:00:35","guid":{"rendered":"https:\/\/www.welovecycling.com\/hu\/?p=10548"},"modified":"2021-04-01T19:24:38","modified_gmt":"2021-04-01T18:24:38","slug":"kellene-meg-egy-extra-kerek-5-tricikli-felnotteknek","status":"publish","type":"post","link":"https:\/\/www.welovecycling.com\/hu\/orszaguti-kerekpar\/kellene-meg-egy-extra-kerek-5-tricikli-felnotteknek\/","title":{"rendered":"Kellene m\u00e9g egy extra ker\u00e9k? 5 tricikli feln\u0151tteknek"},"content":{"rendered":"<p><strong>R\u00e9g elm\u00faltak m\u00e1r azok az id\u0151k, amikor a h\u00e1romkerek\u0171 biciklik csak a gyerekek\u00e9 voltak. Manaps\u00e1g nagyon divatosak \u00e9s minden koroszt\u00e1ly sz\u00e1m\u00e1ra elfogadott k\u00f6zleked\u00e9si eszk\u00f6z\u00f6k. N\u00e9zz\u00fck \u00e1t, mit \u00e9rdemes tudnunk a feln\u0151tteknek val\u00f3 triciklikr\u0151l!<\/strong><\/p>\n<p><!--more--><\/p>\n<h2><strong>Milyen el\u0151ny\u00f6kkel j\u00e1r a tricikli a feln\u0151ttek sz\u00e1m\u00e1ra?<\/strong><\/h2>\n<p>K\u00fcl\u00f6nf\u00e9le elm\u00e9letek vannak arr\u00f3l, mi\u00e9rt lend\u00fclt fel mostan\u00e1ban ennyire a feln\u0151tt tricikliz\u00e9s. A legegy\u00e9rtelm\u0171bb el\u0151nyei term\u00e9szetesen a stabilit\u00e1s, a biztons\u00e1g \u00e9s a k\u00e9nyelem. Akik k\u00fcl\u00f6nb\u00f6z\u0151 okok miatt egyens\u00falyprobl\u00e9m\u00e1kkal k\u00fczdenek, megb\u00edzhat\u00f3 partnert tal\u00e1lhatnak egy tricikliben. Ez nyilv\u00e1nval\u00f3an az extra ker\u00e9knek k\u00f6sz\u00f6nhet\u0151, de van m\u00e9g egy k\u00f6zrem\u0171k\u00f6d\u0151 t\u00e9nyez\u0151: a s\u00falypont, ami megakad\u00e1lyozza a versenyz\u0151 felborul\u00e1s\u00e1t.<\/p>\n<figure id=\"attachment_10549\" aria-describedby=\"caption-attachment-10549\" style=\"width: 1024px\" class=\"wp-caption alignnone\"><a href=\"https:\/\/d2p6e6u75xmxt8.cloudfront.net\/2\/2021\/03\/Man-on-a-tricycle-profimedia-0466194824.jpg\"><img loading=\"lazy\" decoding=\"async\" class=\"wp-image-10549 size-large\" src=\"https:\/\/d2p6e6u75xmxt8.cloudfront.net\/12\/2021\/04\/Man-on-a-tricycle-profimedia-0466194824-1024x682.jpg\" alt=\"A man on a tricycle\" width=\"1024\" height=\"682\" srcset=\"https:\/\/d2p6e6u75xmxt8.cloudfront.net\/12\/2021\/04\/Man-on-a-tricycle-profimedia-0466194824-1024x682.jpg 1024w, https:\/\/d2p6e6u75xmxt8.cloudfront.net\/12\/2021\/04\/Man-on-a-tricycle-profimedia-0466194824-300x200.jpg 300w, https:\/\/d2p6e6u75xmxt8.cloudfront.net\/12\/2021\/04\/Man-on-a-tricycle-profimedia-0466194824-768x512.jpg 768w, https:\/\/d2p6e6u75xmxt8.cloudfront.net\/12\/2021\/04\/Man-on-a-tricycle-profimedia-0466194824-272x182.jpg 272w, https:\/\/d2p6e6u75xmxt8.cloudfront.net\/12\/2021\/04\/Man-on-a-tricycle-profimedia-0466194824.jpg 1250w\" sizes=\"auto, (max-width: 1024px) 100vw, 1024px\" \/><\/a><figcaption id=\"caption-attachment-10549\" class=\"wp-caption-text\"><em>Eszedbe jutott m\u00e1r, hogy kipr\u00f3b\u00e1lj egy triciklit? \u00a9 Profimedia<\/em><\/figcaption><\/figure>\n<p>Nem kell k\u00fcl\u00f6n\u00f6sebben \u00fcgyetlennek lenned ahhoz, hogy bizonytalannak \u00e9rezd magad, amikor egy forgalmas utc\u00e1n egy hagyom\u00e1nyos biciklivel k\u00f6zlekedsz. Ez\u00e9rt egyesek sz\u00e1m\u00e1ra a stabil tricikli egyszer\u0171 \u00e9s nagyszer\u0171 m\u00f3dja annak, hogy \u00e9lvezze a teker\u00e9st an\u00e9lk\u00fcl, hogy agg\u00f3dnia vagy idegeskednie kellene. A v\u00e1ros k\u00f6r\u00fcli ker\u00e9kp\u00e1roz\u00e1s sokkal kellemesebb\u00e9 v\u00e1lik, ha nem kell att\u00f3l tartanod, hogy felborulsz.<\/p>\n<p>Hagyom\u00e1nyos biciklin a sebess\u00e9g n\u00f6vel\u00e9s\u00e9re van sz\u00fcks\u00e9g az egyens\u00faly meg\u0151rz\u00e9s\u00e9hez, amikor felteker\u00fcnk egy dombra. A tricikli alacsonyabb sebess\u00e9gn\u00e9l is stabil marad, \u00edgy saj\u00e1t temp\u00f3nkban juthatunk fel a cs\u00facsra. Aprop\u00f3 temp\u00f3, a feln\u0151tteknek sz\u00e1nt triciklik t\u00f6bbnyire egysebess\u00e9ges v\u00e1ltozatban k\u00e9sz\u00fclnek, mivel c\u00e9ljuk, hogy nyugodt \u00e9s biztons\u00e1gos utat biztos\u00edtsanak haszn\u00e1l\u00f3i sz\u00e1m\u00e1ra. Vannak azonban h\u00e1rom- vagy ak\u00e1r h\u00e9tfokozat\u00fa modellek is a piacon.<\/p>\n<p>Ha megszoktad a k\u00e9tkerek\u0171t, akkor sz\u00fcks\u00e9ged lesz egy kis id\u0151re, hogy \u00e1t tudj t\u00e9rni a h\u00e1romkerek\u0171re. Nem fog sok\u00e1ig tartani, de javasoljuk, hogy el\u0151sz\u00f6r alacsony forgalm\u00fa ter\u00fcleten pr\u00f3b\u00e1d ki \u00faj triciklidet.<\/p>\n<h2><strong>Schwinn Meridian egysebess\u00e9g\u0171 tricikli \u2013 446 eur\u00f3<\/strong><\/h2>\n<p><a href=\"https:\/\/d2p6e6u75xmxt8.cloudfront.net\/12\/2021\/04\/Schwinn-tricycle.png\"><img loading=\"lazy\" decoding=\"async\" class=\"alignnone size-full wp-image-10550\" src=\"https:\/\/d2p6e6u75xmxt8.cloudfront.net\/12\/2021\/04\/Schwinn-tricycle.png\" alt=\"Schwinn Meridian tricycle\" width=\"900\" height=\"600\" srcset=\"https:\/\/d2p6e6u75xmxt8.cloudfront.net\/12\/2021\/04\/Schwinn-tricycle.png 900w, https:\/\/d2p6e6u75xmxt8.cloudfront.net\/12\/2021\/04\/Schwinn-tricycle-300x200.png 300w, https:\/\/d2p6e6u75xmxt8.cloudfront.net\/12\/2021\/04\/Schwinn-tricycle-768x512.png 768w, https:\/\/d2p6e6u75xmxt8.cloudfront.net\/12\/2021\/04\/Schwinn-tricycle-272x182.png 272w\" sizes=\"auto, (max-width: 900px) 100vw, 900px\" \/><\/a><\/p>\n<p>Az alum\u00ednium v\u00e1z, a k\u00e9nyelmes \u00fcl\u00e9s \u00e9s a h\u00e1ts\u00f3 \u00f6sszecsukhat\u00f3 kos\u00e1r teszi ezt a modellt t\u00f6k\u00e9letess\u00e9 egy kellemes utaz\u00e1shoz. A s\u00e1rv\u00e9d\u0151k megv\u00e9dik a ruh\u00e1dat, r\u00e1ad\u00e1sul el\u00e9g st\u00edlusosan teszik ezt, nem gondolod?<\/p>\n<h2><strong>VANELL feln\u0151tt hegyi tricikli &#8211; 340 eur\u00f3<\/strong><\/h2>\n<p><a href=\"https:\/\/d2p6e6u75xmxt8.cloudfront.net\/2\/2021\/03\/VANELL_tricycle.jpg\"><img loading=\"lazy\" decoding=\"async\" class=\"alignnone size-large wp-image-10551\" src=\"https:\/\/d2p6e6u75xmxt8.cloudfront.net\/12\/2021\/04\/VANELL_tricycle-1024x978.jpg\" alt=\"VANELL Mountain tricycle\" width=\"1024\" height=\"978\" srcset=\"https:\/\/d2p6e6u75xmxt8.cloudfront.net\/12\/2021\/04\/VANELL_tricycle-1024x978.jpg 1024w, https:\/\/d2p6e6u75xmxt8.cloudfront.net\/12\/2021\/04\/VANELL_tricycle-300x286.jpg 300w, https:\/\/d2p6e6u75xmxt8.cloudfront.net\/12\/2021\/04\/VANELL_tricycle-768x733.jpg 768w, https:\/\/d2p6e6u75xmxt8.cloudfront.net\/12\/2021\/04\/VANELL_tricycle.jpg 1500w\" sizes=\"auto, (max-width: 1024px) 100vw, 1024px\" \/><\/a><\/p>\n<p>Ez a h\u00e9tfokozat\u00fa, feln\u0151tteknek sz\u00e1nt hegyi tricikli b\u00e1rhov\u00e1 elvisz! Nagyszer\u0171 megold\u00e1s azok sz\u00e1m\u00e1ra, akik szeretn\u00e9nek kellemes szabadid\u0151s t\u00far\u00e1kat \u00e9lvezni \u00e9s r\u00f6g\u00f6s, egyenetlen terepen haladni an\u00e9lk\u00fcl, hogy folyamatosan agg\u00f3dniuk kellene a lehets\u00e9ges s\u00e9r\u00fcl\u00e9sek miatt.<\/p>\n<h2><strong>Mantis Tri-Rad feln\u0151tt \u00f6sszecsukhat\u00f3 tricikli &#8211; 336 eur\u00f3<\/strong><\/h2>\n<p><a href=\"https:\/\/d2p6e6u75xmxt8.cloudfront.net\/2\/2021\/03\/Folding_Tricycle.jpg\"><img loading=\"lazy\" decoding=\"async\" class=\"alignnone size-large wp-image-10552\" src=\"https:\/\/d2p6e6u75xmxt8.cloudfront.net\/12\/2021\/04\/Folding_Tricycle-875x1024.jpg\" alt=\"Mantis folding tricycle\" width=\"875\" height=\"1024\" srcset=\"https:\/\/d2p6e6u75xmxt8.cloudfront.net\/12\/2021\/04\/Folding_Tricycle-875x1024.jpg 875w, https:\/\/d2p6e6u75xmxt8.cloudfront.net\/12\/2021\/04\/Folding_Tricycle-256x300.jpg 256w, https:\/\/d2p6e6u75xmxt8.cloudfront.net\/12\/2021\/04\/Folding_Tricycle-768x899.jpg 768w, https:\/\/d2p6e6u75xmxt8.cloudfront.net\/12\/2021\/04\/Folding_Tricycle.jpg 1282w\" sizes=\"auto, (max-width: 875px) 100vw, 875px\" \/><\/a><\/p>\n<p>Igen, m\u00e9g a feln\u0151tt triciklik is kaphat\u00f3k \u00f6sszecsukhat\u00f3 v\u00e1ltozatban. Ez a Mantis egy hatfokozat\u00fa Shimano hajt\u00e1sl\u00e1ncot k\u00edn\u00e1l, alacsony v\u00e1zzal \u00e9s ac\u00e9l vill\u00e1val, \u00e9s ami a legfontosabb, nem foglal t\u00fal sok helyet.<\/p>\n<h2><strong>Sixthreezero EVRYjourney elektromos tricikli &#8211; 1 684 eur\u00f3<\/strong><\/h2>\n<p><a href=\"https:\/\/d2p6e6u75xmxt8.cloudfront.net\/12\/2021\/04\/sixthreezero_tricycle.jpg\"><img loading=\"lazy\" decoding=\"async\" class=\"alignnone size-full wp-image-10553\" src=\"https:\/\/d2p6e6u75xmxt8.cloudfront.net\/12\/2021\/04\/sixthreezero_tricycle.jpg\" alt=\"sixthreezero tricycle\" width=\"1002\" height=\"733\" srcset=\"https:\/\/d2p6e6u75xmxt8.cloudfront.net\/12\/2021\/04\/sixthreezero_tricycle.jpg 1002w, https:\/\/d2p6e6u75xmxt8.cloudfront.net\/12\/2021\/04\/sixthreezero_tricycle-300x219.jpg 300w, https:\/\/d2p6e6u75xmxt8.cloudfront.net\/12\/2021\/04\/sixthreezero_tricycle-768x562.jpg 768w\" sizes=\"auto, (max-width: 1002px) 100vw, 1002px\" \/><\/a><\/p>\n<p>Igen, ez nagyobb befektet\u00e9s, de ha elektromos triciklit keresel, \u00e9rdemes megfontolnod ezt a modellt. A nagy m\u00e9ret\u0171 kos\u00e1rba egy h\u00e9tre is be lehet pakolni, az akkumul\u00e1tor pedig lehet\u0151v\u00e9 teszi, hogy teljes felt\u00f6lt\u00e9ssel 24 km hossz\u00fa utat tegy\u00e9l meg, \u00edgy ez az e-tricikli \u00e9rdekes lehet\u0151s\u00e9geket k\u00edn\u00e1l.<\/p>\n<h2><strong>MOBO TRITON PRO fekv\u0151 feln\u0151tt tricikli &#8211; 420 eur\u00f3<\/strong><\/h2>\n<p><a href=\"https:\/\/d2p6e6u75xmxt8.cloudfront.net\/2\/2021\/03\/Mobo_tricycle.jpg\"><img loading=\"lazy\" decoding=\"async\" class=\"alignnone size-large wp-image-10554\" src=\"https:\/\/d2p6e6u75xmxt8.cloudfront.net\/12\/2021\/04\/Mobo_tricycle-1024x735.jpg\" alt=\"MOBO recumbent tricycle\" width=\"1024\" height=\"735\" srcset=\"https:\/\/d2p6e6u75xmxt8.cloudfront.net\/12\/2021\/04\/Mobo_tricycle-1024x735.jpg 1024w, https:\/\/d2p6e6u75xmxt8.cloudfront.net\/12\/2021\/04\/Mobo_tricycle-300x215.jpg 300w, https:\/\/d2p6e6u75xmxt8.cloudfront.net\/12\/2021\/04\/Mobo_tricycle-768x551.jpg 768w, https:\/\/d2p6e6u75xmxt8.cloudfront.net\/12\/2021\/04\/Mobo_tricycle.jpg 1268w\" sizes=\"auto, (max-width: 1024px) 100vw, 1024px\" \/><\/a><\/p>\n<p>Ha olyan utaz\u00e1sra v\u00e1gysz, ami seg\u00edt a h\u00e1t-illetve a nyak probl\u00e9m\u00e1kon, akkor neked ez a fekv\u0151 feln\u0151tt tricikli jelentheti a megold\u00e1st. Az egysebess\u00e9ges modell alkalmas a speci\u00e1lis ig\u00e9ny\u0171 ker\u00e9kp\u00e1rosok sz\u00e1m\u00e1ra, de b\u00e1rkinek nagyszer\u0171 sz\u00f3rakoz\u00e1st jelenthet.<\/p>\n","protected":false},"excerpt":{"rendered":"<p>R\u00e9g elm\u00faltak m\u00e1r azok az id\u0151k, amikor a h\u00e1romkerek\u0171 biciklik csak a gyerekek\u00e9 voltak. Manaps\u00e1g nagyon divatosak \u00e9s minden koroszt\u00e1ly [&hellip;]<\/p>\n","protected":false},"author":71,"featured_media":10556,"comment_status":"closed","ping_status":"closed","sticky":false,"template":"","format":"standard","meta":{"footnotes":""},"categories":[8],"tags":[],"global-categories":[],"class_list":["post-10548","post","type-post","status-publish","format-standard","has-post-thumbnail","hentry","category-orszaguti-kerekpar"],"yoast_head":"<!-- This site is optimized with the Yoast SEO Premium plugin v25.3 (Yoast SEO v25.9) - https:\/\/yoast.com\/wordpress\/plugins\/seo\/ -->\n<title>Kellene m\u00e9g egy extra ker\u00e9k? 5 tricikli feln\u0151tteknek<\/title>\n<meta name=\"description\" content=\"R\u00e9g elm\u00faltak m\u00e1r azok az id\u0151k, amikor a h\u00e1romkerek\u0171 biciklik csak a gyerekek\u00e9 voltak. Manaps\u00e1g nagyon divatosak \u00e9s minden koroszt\u00e1ly sz\u00e1m\u00e1ra elfogadott k\u00f6zleked\u00e9si eszk\u00f6z\u00f6k. N\u00e9zz\u00fck \u00e1t, mit \u00e9rdemes tudnunk a feln\u0151tteknek val\u00f3 triciklikr\u0151l!\" \/>\n<meta name=\"robots\" content=\"index, follow, max-snippet:-1, max-image-preview:large, max-video-preview:-1\" \/>\n<link rel=\"canonical\" href=\"https:\/\/www.welovecycling.com\/hu\/orszaguti-kerekpar\/kellene-meg-egy-extra-kerek-5-tricikli-felnotteknek\/\" \/>\n<meta property=\"og:locale\" content=\"hu_HU\" \/>\n<meta property=\"og:type\" content=\"article\" \/>\n<meta property=\"og:title\" content=\"Kellene m\u00e9g egy extra ker\u00e9k? 5 tricikli feln\u0151tteknek\" \/>\n<meta property=\"og:description\" content=\"R\u00e9g elm\u00faltak m\u00e1r azok az id\u0151k, amikor a h\u00e1romkerek\u0171 biciklik csak a gyerekek\u00e9 voltak. Manaps\u00e1g nagyon divatosak \u00e9s minden koroszt\u00e1ly sz\u00e1m\u00e1ra elfogadott k\u00f6zleked\u00e9si eszk\u00f6z\u00f6k. N\u00e9zz\u00fck \u00e1t, mit \u00e9rdemes tudnunk a feln\u0151tteknek val\u00f3 triciklikr\u0151l!\" \/>\n<meta property=\"og:url\" content=\"https:\/\/www.welovecycling.com\/hu\/orszaguti-kerekpar\/kellene-meg-egy-extra-kerek-5-tricikli-felnotteknek\/\" \/>\n<meta property=\"og:site_name\" content=\"\u0160koda We Love Cycling - Magyarorsz\u00e1g\" \/>\n<meta property=\"article:publisher\" content=\"https:\/\/www.facebook.com\/WeLoveCyclingHungary\/\" \/>\n<meta property=\"article:published_time\" content=\"2021-04-05T07:00:35+00:00\" \/>\n<meta property=\"og:image\" content=\"https:\/\/d2p6e6u75xmxt8.cloudfront.net\/12\/2021\/04\/Old-tricycle-profimedia-0538011220-CVR.jpg\" \/>\n\t<meta property=\"og:image:width\" content=\"1366\" \/>\n\t<meta property=\"og:image:height\" content=\"600\" \/>\n\t<meta property=\"og:image:type\" content=\"image\/jpeg\" \/>\n<meta name=\"author\" content=\"hegyizs\" \/>\n<meta name=\"twitter:card\" content=\"summary_large_image\" \/>\n<meta name=\"twitter:label1\" content=\"Written by\" \/>\n\t<meta name=\"twitter:data1\" content=\"Tereza Antonova\" \/>\n\t<meta name=\"twitter:label2\" content=\"Est. reading time\" \/>\n\t<meta name=\"twitter:data2\" content=\"6\" \/>\n<script type=\"application\/ld+json\" class=\"yoast-schema-graph\">{\"@context\":\"https:\/\/schema.org\",\"@graph\":[{\"@type\":\"WebPage\",\"@id\":\"https:\/\/www.welovecycling.com\/hu\/orszaguti-kerekpar\/kellene-meg-egy-extra-kerek-5-tricikli-felnotteknek\/\",\"url\":\"https:\/\/www.welovecycling.com\/hu\/orszaguti-kerekpar\/kellene-meg-egy-extra-kerek-5-tricikli-felnotteknek\/\",\"name\":\"Kellene m\u00e9g egy extra ker\u00e9k? 5 tricikli feln\u0151tteknek\",\"isPartOf\":{\"@id\":\"https:\/\/www.welovecycling.com\/hu\/#website\"},\"primaryImageOfPage\":{\"@id\":\"https:\/\/www.welovecycling.com\/hu\/orszaguti-kerekpar\/kellene-meg-egy-extra-kerek-5-tricikli-felnotteknek\/#primaryimage\"},\"image\":{\"@id\":\"https:\/\/www.welovecycling.com\/hu\/orszaguti-kerekpar\/kellene-meg-egy-extra-kerek-5-tricikli-felnotteknek\/#primaryimage\"},\"thumbnailUrl\":\"https:\/\/d2p6e6u75xmxt8.cloudfront.net\/12\/2021\/04\/Old-tricycle-profimedia-0538011220-CVR.jpg\",\"datePublished\":\"2021-04-05T07:00:35+00:00\",\"author\":{\"@id\":\"https:\/\/www.welovecycling.com\/hu\/#\/schema\/person\/414a2aebf1801691a5320edb6468e194\"},\"description\":\"R\u00e9g elm\u00faltak m\u00e1r azok az id\u0151k, amikor a h\u00e1romkerek\u0171 biciklik csak a gyerekek\u00e9 voltak. Manaps\u00e1g nagyon divatosak \u00e9s minden koroszt\u00e1ly sz\u00e1m\u00e1ra elfogadott k\u00f6zleked\u00e9si eszk\u00f6z\u00f6k. N\u00e9zz\u00fck \u00e1t, mit \u00e9rdemes tudnunk a feln\u0151tteknek val\u00f3 triciklikr\u0151l!\",\"breadcrumb\":{\"@id\":\"https:\/\/www.welovecycling.com\/hu\/orszaguti-kerekpar\/kellene-meg-egy-extra-kerek-5-tricikli-felnotteknek\/#breadcrumb\"},\"inLanguage\":\"hu\",\"potentialAction\":[{\"@type\":\"ReadAction\",\"target\":[\"https:\/\/www.welovecycling.com\/hu\/orszaguti-kerekpar\/kellene-meg-egy-extra-kerek-5-tricikli-felnotteknek\/\"]}]},{\"@type\":\"ImageObject\",\"inLanguage\":\"hu\",\"@id\":\"https:\/\/www.welovecycling.com\/hu\/orszaguti-kerekpar\/kellene-meg-egy-extra-kerek-5-tricikli-felnotteknek\/#primaryimage\",\"url\":\"https:\/\/d2p6e6u75xmxt8.cloudfront.net\/12\/2021\/04\/Old-tricycle-profimedia-0538011220-CVR.jpg\",\"contentUrl\":\"https:\/\/d2p6e6u75xmxt8.cloudfront.net\/12\/2021\/04\/Old-tricycle-profimedia-0538011220-CVR.jpg\",\"width\":1366,\"height\":600},{\"@type\":\"BreadcrumbList\",\"@id\":\"https:\/\/www.welovecycling.com\/hu\/orszaguti-kerekpar\/kellene-meg-egy-extra-kerek-5-tricikli-felnotteknek\/#breadcrumb\",\"itemListElement\":[{\"@type\":\"ListItem\",\"position\":1,\"name\":\"Home\",\"item\":\"https:\/\/www.welovecycling.com\/hu\/\"},{\"@type\":\"ListItem\",\"position\":2,\"name\":\"Kellene m\u00e9g egy extra ker\u00e9k? 5 tricikli feln\u0151tteknek\"}]},{\"@type\":\"WebSite\",\"@id\":\"https:\/\/www.welovecycling.com\/hu\/#website\",\"url\":\"https:\/\/www.welovecycling.com\/hu\/\",\"name\":\"\u0160koda We Love Cycling - Magyarorsz\u00e1g\",\"description\":\"\u0160koda WeLoveCycling\",\"potentialAction\":[{\"@type\":\"SearchAction\",\"target\":{\"@type\":\"EntryPoint\",\"urlTemplate\":\"https:\/\/www.welovecycling.com\/hu\/?s={search_term_string}\"},\"query-input\":{\"@type\":\"PropertyValueSpecification\",\"valueRequired\":true,\"valueName\":\"search_term_string\"}}],\"inLanguage\":\"hu\"},{\"@type\":\"Person\",\"@id\":\"https:\/\/www.welovecycling.com\/hu\/#\/schema\/person\/414a2aebf1801691a5320edb6468e194\",\"name\":\"hegyizs\",\"image\":{\"@type\":\"ImageObject\",\"inLanguage\":\"hu\",\"@id\":\"https:\/\/www.welovecycling.com\/hu\/#\/schema\/person\/image\/\",\"url\":\"https:\/\/secure.gravatar.com\/avatar\/02cf8a7906b8cf90cecb4679defac7cfd33a1c2e3b88e4903d947f3bb58eedd3?s=96&d=mm&r=g\",\"contentUrl\":\"https:\/\/secure.gravatar.com\/avatar\/02cf8a7906b8cf90cecb4679defac7cfd33a1c2e3b88e4903d947f3bb58eedd3?s=96&d=mm&r=g\",\"caption\":\"hegyizs\"},\"url\":\"https:\/\/www.welovecycling.com\/hu\/author\/hegyizs\/\"}]}<\/script>\n<!-- \/ Yoast SEO Premium plugin. -->","yoast_head_json":{"title":"Kellene m\u00e9g egy extra ker\u00e9k? 5 tricikli feln\u0151tteknek","description":"R\u00e9g elm\u00faltak m\u00e1r azok az id\u0151k, amikor a h\u00e1romkerek\u0171 biciklik csak a gyerekek\u00e9 voltak. Manaps\u00e1g nagyon divatosak \u00e9s minden koroszt\u00e1ly sz\u00e1m\u00e1ra elfogadott k\u00f6zleked\u00e9si eszk\u00f6z\u00f6k. N\u00e9zz\u00fck \u00e1t, mit \u00e9rdemes tudnunk a feln\u0151tteknek val\u00f3 triciklikr\u0151l!","robots":{"index":"index","follow":"follow","max-snippet":"max-snippet:-1","max-image-preview":"max-image-preview:large","max-video-preview":"max-video-preview:-1"},"canonical":"https:\/\/www.welovecycling.com\/hu\/orszaguti-kerekpar\/kellene-meg-egy-extra-kerek-5-tricikli-felnotteknek\/","og_locale":"hu_HU","og_type":"article","og_title":"Kellene m\u00e9g egy extra ker\u00e9k? 5 tricikli feln\u0151tteknek","og_description":"R\u00e9g elm\u00faltak m\u00e1r azok az id\u0151k, amikor a h\u00e1romkerek\u0171 biciklik csak a gyerekek\u00e9 voltak. Manaps\u00e1g nagyon divatosak \u00e9s minden koroszt\u00e1ly sz\u00e1m\u00e1ra elfogadott k\u00f6zleked\u00e9si eszk\u00f6z\u00f6k. N\u00e9zz\u00fck \u00e1t, mit \u00e9rdemes tudnunk a feln\u0151tteknek val\u00f3 triciklikr\u0151l!","og_url":"https:\/\/www.welovecycling.com\/hu\/orszaguti-kerekpar\/kellene-meg-egy-extra-kerek-5-tricikli-felnotteknek\/","og_site_name":"\u0160koda We Love Cycling - Magyarorsz\u00e1g","article_publisher":"https:\/\/www.facebook.com\/WeLoveCyclingHungary\/","article_published_time":"2021-04-05T07:00:35+00:00","og_image":[{"width":1366,"height":600,"url":"https:\/\/d2p6e6u75xmxt8.cloudfront.net\/12\/2021\/04\/Old-tricycle-profimedia-0538011220-CVR.jpg","type":"image\/jpeg"}],"author":"hegyizs","twitter_card":"summary_large_image","twitter_misc":{"Written by":"Tereza Antonova","Est. reading time":"6"},"schema":{"@context":"https:\/\/schema.org","@graph":[{"@type":"WebPage","@id":"https:\/\/www.welovecycling.com\/hu\/orszaguti-kerekpar\/kellene-meg-egy-extra-kerek-5-tricikli-felnotteknek\/","url":"https:\/\/www.welovecycling.com\/hu\/orszaguti-kerekpar\/kellene-meg-egy-extra-kerek-5-tricikli-felnotteknek\/","name":"Kellene m\u00e9g egy extra ker\u00e9k? 5 tricikli feln\u0151tteknek","isPartOf":{"@id":"https:\/\/www.welovecycling.com\/hu\/#website"},"primaryImageOfPage":{"@id":"https:\/\/www.welovecycling.com\/hu\/orszaguti-kerekpar\/kellene-meg-egy-extra-kerek-5-tricikli-felnotteknek\/#primaryimage"},"image":{"@id":"https:\/\/www.welovecycling.com\/hu\/orszaguti-kerekpar\/kellene-meg-egy-extra-kerek-5-tricikli-felnotteknek\/#primaryimage"},"thumbnailUrl":"https:\/\/d2p6e6u75xmxt8.cloudfront.net\/12\/2021\/04\/Old-tricycle-profimedia-0538011220-CVR.jpg","datePublished":"2021-04-05T07:00:35+00:00","author":{"@id":"https:\/\/www.welovecycling.com\/hu\/#\/schema\/person\/414a2aebf1801691a5320edb6468e194"},"description":"R\u00e9g elm\u00faltak m\u00e1r azok az id\u0151k, amikor a h\u00e1romkerek\u0171 biciklik csak a gyerekek\u00e9 voltak. Manaps\u00e1g nagyon divatosak \u00e9s minden koroszt\u00e1ly sz\u00e1m\u00e1ra elfogadott k\u00f6zleked\u00e9si eszk\u00f6z\u00f6k. N\u00e9zz\u00fck \u00e1t, mit \u00e9rdemes tudnunk a feln\u0151tteknek val\u00f3 triciklikr\u0151l!","breadcrumb":{"@id":"https:\/\/www.welovecycling.com\/hu\/orszaguti-kerekpar\/kellene-meg-egy-extra-kerek-5-tricikli-felnotteknek\/#breadcrumb"},"inLanguage":"hu","potentialAction":[{"@type":"ReadAction","target":["https:\/\/www.welovecycling.com\/hu\/orszaguti-kerekpar\/kellene-meg-egy-extra-kerek-5-tricikli-felnotteknek\/"]}]},{"@type":"ImageObject","inLanguage":"hu","@id":"https:\/\/www.welovecycling.com\/hu\/orszaguti-kerekpar\/kellene-meg-egy-extra-kerek-5-tricikli-felnotteknek\/#primaryimage","url":"https:\/\/d2p6e6u75xmxt8.cloudfront.net\/12\/2021\/04\/Old-tricycle-profimedia-0538011220-CVR.jpg","contentUrl":"https:\/\/d2p6e6u75xmxt8.cloudfront.net\/12\/2021\/04\/Old-tricycle-profimedia-0538011220-CVR.jpg","width":1366,"height":600},{"@type":"BreadcrumbList","@id":"https:\/\/www.welovecycling.com\/hu\/orszaguti-kerekpar\/kellene-meg-egy-extra-kerek-5-tricikli-felnotteknek\/#breadcrumb","itemListElement":[{"@type":"ListItem","position":1,"name":"Home","item":"https:\/\/www.welovecycling.com\/hu\/"},{"@type":"ListItem","position":2,"name":"Kellene m\u00e9g egy extra ker\u00e9k? 5 tricikli feln\u0151tteknek"}]},{"@type":"WebSite","@id":"https:\/\/www.welovecycling.com\/hu\/#website","url":"https:\/\/www.welovecycling.com\/hu\/","name":"\u0160koda We Love Cycling - Magyarorsz\u00e1g","description":"\u0160koda WeLoveCycling","potentialAction":[{"@type":"SearchAction","target":{"@type":"EntryPoint","urlTemplate":"https:\/\/www.welovecycling.com\/hu\/?s={search_term_string}"},"query-input":{"@type":"PropertyValueSpecification","valueRequired":true,"valueName":"search_term_string"}}],"inLanguage":"hu"},{"@type":"Person","@id":"https:\/\/www.welovecycling.com\/hu\/#\/schema\/person\/414a2aebf1801691a5320edb6468e194","name":"hegyizs","image":{"@type":"ImageObject","inLanguage":"hu","@id":"https:\/\/www.welovecycling.com\/hu\/#\/schema\/person\/image\/","url":"https:\/\/secure.gravatar.com\/avatar\/02cf8a7906b8cf90cecb4679defac7cfd33a1c2e3b88e4903d947f3bb58eedd3?s=96&d=mm&r=g","contentUrl":"https:\/\/secure.gravatar.com\/avatar\/02cf8a7906b8cf90cecb4679defac7cfd33a1c2e3b88e4903d947f3bb58eedd3?s=96&d=mm&r=g","caption":"hegyizs"},"url":"https:\/\/www.welovecycling.com\/hu\/author\/hegyizs\/"}]}},"_links":{"self":[{"href":"https:\/\/www.welovecycling.com\/hu\/wp-json\/wp\/v2\/posts\/10548","targetHints":{"allow":["GET"]}}],"collection":[{"href":"https:\/\/www.welovecycling.com\/hu\/wp-json\/wp\/v2\/posts"}],"about":[{"href":"https:\/\/www.welovecycling.com\/hu\/wp-json\/wp\/v2\/types\/post"}],"author":[{"embeddable":true,"href":"https:\/\/www.welovecycling.com\/hu\/wp-json\/wp\/v2\/users\/71"}],"replies":[{"embeddable":true,"href":"https:\/\/www.welovecycling.com\/hu\/wp-json\/wp\/v2\/comments?post=10548"}],"version-history":[{"count":2,"href":"https:\/\/www.welovecycling.com\/hu\/wp-json\/wp\/v2\/posts\/10548\/revisions"}],"predecessor-version":[{"id":10557,"href":"https:\/\/www.welovecycling.com\/hu\/wp-json\/wp\/v2\/posts\/10548\/revisions\/10557"}],"wp:featuredmedia":[{"embeddable":true,"href":"https:\/\/www.welovecycling.com\/hu\/wp-json\/wp\/v2\/media\/10556"}],"wp:attachment":[{"href":"https:\/\/www.welovecycling.com\/hu\/wp-json\/wp\/v2\/media?parent=10548"}],"wp:term":[{"taxonomy":"category","embeddable":true,"href":"https:\/\/www.welovecycling.com\/hu\/wp-json\/wp\/v2\/categories?post=10548"},{"taxonomy":"post_tag","embeddable":true,"href":"https:\/\/www.welovecycling.com\/hu\/wp-json\/wp\/v2\/tags?post=10548"},{"taxonomy":"global-categories","embeddable":true,"href":"https:\/\/www.welovecycling.com\/hu\/wp-json\/wp\/v2\/global-categories?post=10548"}],"curies":[{"name":"wp","href":"https:\/\/api.w.org\/{rel}","templated":true}]}}