{"id":10542,"date":"2021-04-09T08:00:28","date_gmt":"2021-04-09T07:00:28","guid":{"rendered":"https:\/\/www.welovecycling.com\/hu\/?p=10542"},"modified":"2021-04-01T19:27:31","modified_gmt":"2021-04-01T18:27:31","slug":"a-mexikoi-kerekparozas-egy-sotet-idoszakot-probal-maga-mogott-hagyni","status":"publish","type":"post","link":"https:\/\/www.welovecycling.com\/hu\/orszaguti-kerekpar\/a-mexikoi-kerekparozas-egy-sotet-idoszakot-probal-maga-mogott-hagyni\/","title":{"rendered":"A mexik\u00f3i ker\u00e9kp\u00e1roz\u00e1s egy s\u00f6t\u00e9t id\u0151szakot pr\u00f3b\u00e1l maga m\u00f6g\u00f6tt hagyni"},"content":{"rendered":"<p><strong>Ha egy versenyk\u00e9pes biciklis kult\u00far\u00e1val rendelkez\u0151 orsz\u00e1gra gondolsz, val\u00f3sz\u00edn\u0171leg Mexik\u00f3 az egyik utols\u00f3 n\u00e9v, ami az eszedbe jut. Ennek sz\u00e1mos oka van: politika, korrupci\u00f3 \u00e9s endemikus er\u0151szak, csak hogy n\u00e9h\u00e1nyat eml\u00edts\u00fcnk.<\/strong><\/p>\n<p><!--more--><\/p>\n<p>Az A.R. A Monex Women\u2019s Pro Cycling Team, az astanai n\u0151i csapat egy ambici\u00f3zus \u00faj projekt r\u00e9sze, ami megpr\u00f3b\u00e1lja megv\u00e1ltoztatni Mexik\u00f3 ker\u00e9kp\u00e1ros kult\u00far\u00e1j\u00e1t.<\/p>\n<div class=\"embed-controller-wrapper\">\n<blockquote class=\"twitter-tweet\" data-width=\"500\" data-dnt=\"true\">\n<p lang=\"en\" dir=\"ltr\">Arlenis Sierra won&#39;t race the <a href=\"https:\/\/twitter.com\/TrofeoBinda?ref_src=twsrc%5Etfw\">@TrofeoBinda<\/a> but the team will have some good cards to play like Ragusa, Merino and Novolodskaya <a href=\"https:\/\/twitter.com\/hashtag\/UCIWWT?src=hash&amp;ref_src=twsrc%5Etfw\">#UCIWWT<\/a> <a href=\"https:\/\/twitter.com\/hashtag\/ArMonex?src=hash&amp;ref_src=twsrc%5Etfw\">#ArMonex<\/a><br \/>Line-up (21\/03, 141.8 km)<br \/>\ud83c\uddee\ud83c\uddf9 Katia Ragusa<br \/>\ud83c\uddee\ud83c\uddf9 <a href=\"https:\/\/twitter.com\/MVsperotto22?ref_src=twsrc%5Etfw\">@MVsperotto22<\/a><br \/>\ud83c\uddf7\ud83c\uddfa Mariia Miliaeva<br \/>\ud83c\uddf7\ud83c\uddfa Maria Novolodskaya<br \/>\ud83c\uddea\ud83c\uddf8 <a href=\"https:\/\/twitter.com\/eidermerino?ref_src=twsrc%5Etfw\">@eidermerino<\/a><br \/>\ud83c\uddf2\ud83c\uddfd <a href=\"https:\/\/twitter.com\/yareliisalazar?ref_src=twsrc%5Etfw\">@yareliisalazar<\/a> <a href=\"https:\/\/t.co\/0qMlEnJuKe\">pic.twitter.com\/0qMlEnJuKe<\/a><\/p>\n<p>&mdash; Acca Due O Women&#39;s Team (@accadueoteam) <a href=\"https:\/\/twitter.com\/accadueoteam\/status\/1373019825971286025?ref_src=twsrc%5Etfw\">March 19, 2021<\/a><\/p><\/blockquote>\n<p><script async data-src=\"https:\/\/platform.twitter.com\/widgets.js\" charset=\"utf-8\"><\/script><\/div>\n<p>A 2014-ben alap\u00edtott astanai n\u0151i csapatot az A.R Efideporte mountain bike csapata, a Rodriguez testv\u00e9rek, Luis \u00e9s Alejandro vett\u00e9k \u00e1t tavaly, miut\u00e1n lej\u00e1rt a csapat kazahszt\u00e1ni finansz\u00edroz\u00e1sa. A testv\u00e9rek h\u00e1rom \u00faj csapatot ind\u00edtottak 2021-ben: egy f\u00e9rfi U23-as orsz\u00e1g\u00fati, egy f\u00e9rfi mountain bike-csapatot \u00e9s egy ut\u00e1np\u00f3tl\u00e1s-fejleszt\u0151 csapatot.<\/p>\n<p>De nem ment mindez sim\u00e1n. Tavaly \u0151sszel a junior orsz\u00e1g\u00fati csapatot Kolumbi\u00e1ba k\u00fcldt\u00e9k, hogy a Vuelta Antioquia \u00e9s a Clasic\u00e1 RCN versenyen m\u00e9rettesse meg mag\u00e1t. Hi\u00e1nyoztak azonban a Mexik\u00f3i Ker\u00e9kp\u00e1ros Sz\u00f6vets\u00e9g dokumentumai \u00e9s Luis Rodriguez szerint ez a Sz\u00f6vets\u00e9g hib\u00e1ja volt.<\/p>\n<p><em>&#8220;A juniorjaink f\u0151 terve az volt, hogy 2022-ben ind\u00edtsanak egy regisztr\u00e1lt csapatot, de a szponzoraink 2021-re akart\u00e1k az indul\u00e1st&#8221;<\/em> &#8211; mondta Rodriguez a Cyclingnews-nak. <em>\u201eSz\u00f3val \u00f6sszegy\u0171jt\u00f6tt\u00fcnk n\u00e9h\u00e1ny versenyz\u0151t, akiket Kolumbi\u00e1ba k\u00fcldtek versenyezni. Mivel nem volt regisztr\u00e1lva a csapat, a Mexik\u00f3i Sz\u00f6vets\u00e9g felh\u00edvta a Kolumbiai Sz\u00f6vets\u00e9get \u00e9s nem hagyta, hogy versenyezz\u00fcnk. A kolumbiaiak nagyon kedvesek voltak, de nem akartak politikai probl\u00e9m\u00e1kat a sz\u00f6vets\u00e9g\u00fcnkkel, ez\u00e9rt k\u00e9nytelenek voltunk hazat\u00e9rni. Sok p\u00e9nzt vesz\u00edtett\u00fcnk.\u201d<\/em><\/p>\n<figure id=\"attachment_10545\" aria-describedby=\"caption-attachment-10545\" style=\"width: 1024px\" class=\"wp-caption alignnone\"><a href=\"https:\/\/d2p6e6u75xmxt8.cloudfront.net\/2\/2021\/03\/Tour-of-Colombia-profimedia-0570427429.jpg\"><img loading=\"lazy\" decoding=\"async\" class=\"wp-image-10545 size-large\" src=\"https:\/\/d2p6e6u75xmxt8.cloudfront.net\/12\/2021\/04\/Tour-of-Colombia-profimedia-0570427429-1024x764.jpg\" alt=\"Tour of Colombia\" width=\"1024\" height=\"764\" srcset=\"https:\/\/d2p6e6u75xmxt8.cloudfront.net\/12\/2021\/04\/Tour-of-Colombia-profimedia-0570427429-1024x764.jpg 1024w, https:\/\/d2p6e6u75xmxt8.cloudfront.net\/12\/2021\/04\/Tour-of-Colombia-profimedia-0570427429-300x224.jpg 300w, https:\/\/d2p6e6u75xmxt8.cloudfront.net\/12\/2021\/04\/Tour-of-Colombia-profimedia-0570427429-768x573.jpg 768w, https:\/\/d2p6e6u75xmxt8.cloudfront.net\/12\/2021\/04\/Tour-of-Colombia-profimedia-0570427429.jpg 1250w\" sizes=\"auto, (max-width: 1024px) 100vw, 1024px\" \/><\/a><figcaption id=\"caption-attachment-10545\" class=\"wp-caption-text\"><em>A csapatnak r\u00e9szt kellett volna vennie a kolumbiai Vuelta Antioquia versenyen. \u00a9 Profimedia<\/em><\/figcaption><\/figure>\n<p>A Mexik\u00f3i Ker\u00e9kp\u00e1ros Sz\u00f6vets\u00e9g vitatta a v\u00e1dakat, mondv\u00e1n, hogy soha nem ny\u00fajtottak be k\u00e9relmet a csapat kolumbiai r\u00e9szv\u00e9tel\u00e9re \u00e9s kijelentette, hogy <em>&#8220;A Rodriguez csal\u00e1d, a t\u00e1rsas\u00e1g igazgat\u00f3i megsz\u00e9gyen\u00edtett\u00e9k a bicikliz\u00e9st, mint sportot.&#8221;<\/em><\/p>\n<p>B\u00e1rmi is az igazs\u00e1g, a testv\u00e9rek \u00fagy d\u00f6nt\u00f6ttek, hogy bez\u00e1rj\u00e1k a csapat b\u00e1zis\u00e1t a Mexik\u00f3v\u00e1ros melletti Vallee de Bravo v\u00e1rosban \u00e9s \u00fajat hoznak l\u00e9tre az apr\u00f3 San Marino K\u00f6zt\u00e1rsas\u00e1gban. \u00cdgy kapcsol\u00f3dtak \u00f6ssze a testv\u00e9rek az astanai Mauricio Fabrett\u00f3val, aki \u00faj t\u00e1mogat\u00f3t kerestett olaszorsz\u00e1gi n\u0151i csapat\u00e1hoz. A projekt egyre csak n\u00f6vekedett \u00e9s a testv\u00e9rek nemr\u00e9g be is jelentett\u00e9k, hogy megszerezt\u00e9k az UCI Continental licencet, bejegyezt\u00e9k az olasz n\u0151i csapatot a Fabrett\u00f3hoz, valamint az U23-as f\u00e9rfi orsz\u00e1g\u00fati \u00e9s mountain bike csapatot San Marin\u00f3ba.<\/p>\n<p>2019-ben \u00e9s 2020-ban az A.R. A Monex Pro Cycling egymilli\u00f3 doll\u00e1r \u00e1llami t\u00e1mogat\u00e1st kapott a mexik\u00f3i ad\u00f3igazgat\u00e1st\u00f3l, az EFIDEPORTE-n kereszt\u00fcl, emellett a csapat m\u00e1s mexik\u00f3i szponzorokat is szerzett, k\u00f6zt\u00fck a Monex p\u00e9nz\u00fcgyi csoportot. Egy \u00e9ven bel\u00fcl megszerezt\u00e9k Mexik\u00f3 els\u0151 MTB-vil\u00e1gbajnoki gy\u0151zelm\u00e9t a cseh Nov\u00e9 M\u011bsto na Morav\u011bben, Gerardo Ulloa versenyz\u0151 r\u00e9v\u00e9n.<\/p>\n<p>https:\/\/www.instagram.com\/p\/CF41s_Vlglq\/?utm_source=ig_web_copy_link<\/p>\n<p>A.R. A Monex-nek minden \u00e9vben p\u00e1ly\u00e1znia kell \u00e9s a p\u00e9nzt csak a mexik\u00f3i sportol\u00f3knak juttathatj\u00e1k el.\u00a0 <em>&#8220;Annak ellen\u00e9re, hogy regisztr\u00e1ltak vagyunk San Marin\u00f3ban, ez egy mexik\u00f3i csapat&#8221;<\/em> &#8211; nyilatkozta Luis Rodriguez.<\/p>\n<p>A kontinent\u00e1lis csapatokra vonatkoz\u00f3 UCI-szab\u00e1lyok szerint a versenyz\u0151k 51 sz\u00e1zal\u00e9k\u00e1nak abb\u00f3l az orsz\u00e1gb\u00f3l kell sz\u00e1rmaznia, ahol regisztr\u00e1lt\u00e1k. A.R. A Monex Olaszorsz\u00e1gba szeretett volna regisztr\u00e1lni, de ez azt jelentette volna, hogy t\u00f6bb olasznak kell lennie a csapatban \u00e9s ez megfizethetetlen\u00fcl dr\u00e1ga lett volna. De ha a regisztr\u00e1lt orsz\u00e1gban nincs el\u00e9g versenyz\u0151, akkor a csapat m\u00e1s orsz\u00e1gokb\u00f3l is behozhat versenyz\u0151ket.<\/p>\n<p><em>&#8220;Teh\u00e1t al\u00e1\u00edrtuk a szerz\u0151d\u00e9st a San Marino Ker\u00e9kp\u00e1ros Sz\u00f6vets\u00e9ggel \u00e9s ott regisztr\u00e1ltuk&#8221;<\/em> &#8211; magyar\u00e1zta Rodriguez. Ennek eredm\u00e9nyek\u00e9nt a mexik\u00f3i ker\u00e9kp\u00e1roz\u00e1snak megvan az els\u0151 eur\u00f3pai alap\u00fa programja. Az MTB csapat h\u00e9t mexik\u00f3i versenyz\u0151b\u0151l \u00e1ll. H\u00e1rom mexik\u00f3i versenyz\u0151 jelenleg a n\u0151i csapathoz szerz\u0151d\u00f6tt. Az U23-as csapatba nyolc mexik\u00f3i versenyz\u0151 tartozik, k\u00f6zt\u00fck egy san marinoi versenyz\u0151, Federico Olei.<\/p>\n<p>A csapat m\u00e9g nem tette k\u00f6zz\u00e9 versenynapt\u00e1r\u00e1t, de c\u00e9lj\u00e1nak t\u0171zte ki, hogy megh\u00edv\u00e1st kapjon a Baby Giro-ra j\u00faniusban. \u00a1Buena suerte!<\/p>\n","protected":false},"excerpt":{"rendered":"<p>Ha egy versenyk\u00e9pes biciklis kult\u00far\u00e1val rendelkez\u0151 orsz\u00e1gra gondolsz, val\u00f3sz\u00edn\u0171leg Mexik\u00f3 az egyik utols\u00f3 n\u00e9v, ami az eszedbe jut. Ennek sz\u00e1mos [&hellip;]<\/p>\n","protected":false},"author":71,"featured_media":10547,"comment_status":"closed","ping_status":"closed","sticky":false,"template":"","format":"standard","meta":{"footnotes":""},"categories":[8],"tags":[],"global-categories":[],"class_list":["post-10542","post","type-post","status-publish","format-standard","has-post-thumbnail","hentry","category-orszaguti-kerekpar"],"yoast_head":"<!-- This site is optimized with the Yoast SEO Premium plugin v25.3 (Yoast SEO v25.9) - https:\/\/yoast.com\/wordpress\/plugins\/seo\/ -->\n<title>A mexik\u00f3i ker\u00e9kp\u00e1roz\u00e1s egy s\u00f6t\u00e9t id\u0151szakot pr\u00f3b\u00e1l maga m\u00f6g\u00f6tt hagyni<\/title>\n<meta name=\"description\" content=\"Ha egy versenyk\u00e9pes biciklis kult\u00far\u00e1val rendelkez\u0151 orsz\u00e1gra gondolsz, val\u00f3sz\u00edn\u0171leg Mexik\u00f3 az egyik utols\u00f3 n\u00e9v, ami az eszedbe jut. Ennek sz\u00e1mos oka van: politika, korrupci\u00f3 \u00e9s endemikus er\u0151szak, csak hogy n\u00e9h\u00e1nyat eml\u00edts\u00fcnk.\" \/>\n<meta name=\"robots\" content=\"index, follow, max-snippet:-1, max-image-preview:large, max-video-preview:-1\" \/>\n<link rel=\"canonical\" href=\"https:\/\/www.welovecycling.com\/hu\/orszaguti-kerekpar\/a-mexikoi-kerekparozas-egy-sotet-idoszakot-probal-maga-mogott-hagyni\/\" \/>\n<meta property=\"og:locale\" content=\"hu_HU\" \/>\n<meta property=\"og:type\" content=\"article\" \/>\n<meta property=\"og:title\" content=\"A mexik\u00f3i ker\u00e9kp\u00e1roz\u00e1s egy s\u00f6t\u00e9t id\u0151szakot pr\u00f3b\u00e1l maga m\u00f6g\u00f6tt hagyni\" \/>\n<meta property=\"og:description\" content=\"Ha egy versenyk\u00e9pes biciklis kult\u00far\u00e1val rendelkez\u0151 orsz\u00e1gra gondolsz, val\u00f3sz\u00edn\u0171leg Mexik\u00f3 az egyik utols\u00f3 n\u00e9v, ami az eszedbe jut. Ennek sz\u00e1mos oka van: politika, korrupci\u00f3 \u00e9s endemikus er\u0151szak, csak hogy n\u00e9h\u00e1nyat eml\u00edts\u00fcnk.\" \/>\n<meta property=\"og:url\" content=\"https:\/\/www.welovecycling.com\/hu\/orszaguti-kerekpar\/a-mexikoi-kerekparozas-egy-sotet-idoszakot-probal-maga-mogott-hagyni\/\" \/>\n<meta property=\"og:site_name\" content=\"\u0160koda We Love Cycling - Magyarorsz\u00e1g\" \/>\n<meta property=\"article:publisher\" content=\"https:\/\/www.facebook.com\/WeLoveCyclingHungary\/\" \/>\n<meta property=\"article:published_time\" content=\"2021-04-09T07:00:28+00:00\" \/>\n<meta property=\"og:image\" content=\"https:\/\/d2p6e6u75xmxt8.cloudfront.net\/12\/2021\/04\/A.R.-Monex-pro-Cycling-profimedia-0595618698-CVR.jpg\" \/>\n\t<meta property=\"og:image:width\" content=\"1366\" \/>\n\t<meta property=\"og:image:height\" content=\"600\" \/>\n\t<meta property=\"og:image:type\" content=\"image\/jpeg\" \/>\n<meta name=\"author\" content=\"hegyizs\" \/>\n<meta name=\"twitter:card\" content=\"summary_large_image\" \/>\n<meta name=\"twitter:label1\" content=\"Written by\" \/>\n\t<meta name=\"twitter:data1\" content=\"Siegfried Mortkowitz\" \/>\n\t<meta name=\"twitter:label2\" content=\"Est. reading time\" \/>\n\t<meta name=\"twitter:data2\" content=\"6\" \/>\n<script type=\"application\/ld+json\" class=\"yoast-schema-graph\">{\"@context\":\"https:\/\/schema.org\",\"@graph\":[{\"@type\":\"WebPage\",\"@id\":\"https:\/\/www.welovecycling.com\/hu\/orszaguti-kerekpar\/a-mexikoi-kerekparozas-egy-sotet-idoszakot-probal-maga-mogott-hagyni\/\",\"url\":\"https:\/\/www.welovecycling.com\/hu\/orszaguti-kerekpar\/a-mexikoi-kerekparozas-egy-sotet-idoszakot-probal-maga-mogott-hagyni\/\",\"name\":\"A mexik\u00f3i ker\u00e9kp\u00e1roz\u00e1s egy s\u00f6t\u00e9t id\u0151szakot pr\u00f3b\u00e1l maga m\u00f6g\u00f6tt hagyni\",\"isPartOf\":{\"@id\":\"https:\/\/www.welovecycling.com\/hu\/#website\"},\"primaryImageOfPage\":{\"@id\":\"https:\/\/www.welovecycling.com\/hu\/orszaguti-kerekpar\/a-mexikoi-kerekparozas-egy-sotet-idoszakot-probal-maga-mogott-hagyni\/#primaryimage\"},\"image\":{\"@id\":\"https:\/\/www.welovecycling.com\/hu\/orszaguti-kerekpar\/a-mexikoi-kerekparozas-egy-sotet-idoszakot-probal-maga-mogott-hagyni\/#primaryimage\"},\"thumbnailUrl\":\"https:\/\/d2p6e6u75xmxt8.cloudfront.net\/12\/2021\/04\/A.R.-Monex-pro-Cycling-profimedia-0595618698-CVR.jpg\",\"datePublished\":\"2021-04-09T07:00:28+00:00\",\"author\":{\"@id\":\"https:\/\/www.welovecycling.com\/hu\/#\/schema\/person\/414a2aebf1801691a5320edb6468e194\"},\"description\":\"Ha egy versenyk\u00e9pes biciklis kult\u00far\u00e1val rendelkez\u0151 orsz\u00e1gra gondolsz, val\u00f3sz\u00edn\u0171leg Mexik\u00f3 az egyik utols\u00f3 n\u00e9v, ami az eszedbe jut. Ennek sz\u00e1mos oka van: politika, korrupci\u00f3 \u00e9s endemikus er\u0151szak, csak hogy n\u00e9h\u00e1nyat eml\u00edts\u00fcnk.\",\"breadcrumb\":{\"@id\":\"https:\/\/www.welovecycling.com\/hu\/orszaguti-kerekpar\/a-mexikoi-kerekparozas-egy-sotet-idoszakot-probal-maga-mogott-hagyni\/#breadcrumb\"},\"inLanguage\":\"hu\",\"potentialAction\":[{\"@type\":\"ReadAction\",\"target\":[\"https:\/\/www.welovecycling.com\/hu\/orszaguti-kerekpar\/a-mexikoi-kerekparozas-egy-sotet-idoszakot-probal-maga-mogott-hagyni\/\"]}]},{\"@type\":\"ImageObject\",\"inLanguage\":\"hu\",\"@id\":\"https:\/\/www.welovecycling.com\/hu\/orszaguti-kerekpar\/a-mexikoi-kerekparozas-egy-sotet-idoszakot-probal-maga-mogott-hagyni\/#primaryimage\",\"url\":\"https:\/\/d2p6e6u75xmxt8.cloudfront.net\/12\/2021\/04\/A.R.-Monex-pro-Cycling-profimedia-0595618698-CVR.jpg\",\"contentUrl\":\"https:\/\/d2p6e6u75xmxt8.cloudfront.net\/12\/2021\/04\/A.R.-Monex-pro-Cycling-profimedia-0595618698-CVR.jpg\",\"width\":1366,\"height\":600,\"caption\":\"A.R. Monex\"},{\"@type\":\"BreadcrumbList\",\"@id\":\"https:\/\/www.welovecycling.com\/hu\/orszaguti-kerekpar\/a-mexikoi-kerekparozas-egy-sotet-idoszakot-probal-maga-mogott-hagyni\/#breadcrumb\",\"itemListElement\":[{\"@type\":\"ListItem\",\"position\":1,\"name\":\"Home\",\"item\":\"https:\/\/www.welovecycling.com\/hu\/\"},{\"@type\":\"ListItem\",\"position\":2,\"name\":\"A mexik\u00f3i ker\u00e9kp\u00e1roz\u00e1s egy s\u00f6t\u00e9t id\u0151szakot pr\u00f3b\u00e1l maga m\u00f6g\u00f6tt hagyni\"}]},{\"@type\":\"WebSite\",\"@id\":\"https:\/\/www.welovecycling.com\/hu\/#website\",\"url\":\"https:\/\/www.welovecycling.com\/hu\/\",\"name\":\"\u0160koda We Love Cycling - Magyarorsz\u00e1g\",\"description\":\"\u0160koda WeLoveCycling\",\"potentialAction\":[{\"@type\":\"SearchAction\",\"target\":{\"@type\":\"EntryPoint\",\"urlTemplate\":\"https:\/\/www.welovecycling.com\/hu\/?s={search_term_string}\"},\"query-input\":{\"@type\":\"PropertyValueSpecification\",\"valueRequired\":true,\"valueName\":\"search_term_string\"}}],\"inLanguage\":\"hu\"},{\"@type\":\"Person\",\"@id\":\"https:\/\/www.welovecycling.com\/hu\/#\/schema\/person\/414a2aebf1801691a5320edb6468e194\",\"name\":\"hegyizs\",\"image\":{\"@type\":\"ImageObject\",\"inLanguage\":\"hu\",\"@id\":\"https:\/\/www.welovecycling.com\/hu\/#\/schema\/person\/image\/\",\"url\":\"https:\/\/secure.gravatar.com\/avatar\/02cf8a7906b8cf90cecb4679defac7cfd33a1c2e3b88e4903d947f3bb58eedd3?s=96&d=mm&r=g\",\"contentUrl\":\"https:\/\/secure.gravatar.com\/avatar\/02cf8a7906b8cf90cecb4679defac7cfd33a1c2e3b88e4903d947f3bb58eedd3?s=96&d=mm&r=g\",\"caption\":\"hegyizs\"},\"url\":\"https:\/\/www.welovecycling.com\/hu\/author\/hegyizs\/\"}]}<\/script>\n<!-- \/ Yoast SEO Premium plugin. -->","yoast_head_json":{"title":"A mexik\u00f3i ker\u00e9kp\u00e1roz\u00e1s egy s\u00f6t\u00e9t id\u0151szakot pr\u00f3b\u00e1l maga m\u00f6g\u00f6tt hagyni","description":"Ha egy versenyk\u00e9pes biciklis kult\u00far\u00e1val rendelkez\u0151 orsz\u00e1gra gondolsz, val\u00f3sz\u00edn\u0171leg Mexik\u00f3 az egyik utols\u00f3 n\u00e9v, ami az eszedbe jut. Ennek sz\u00e1mos oka van: politika, korrupci\u00f3 \u00e9s endemikus er\u0151szak, csak hogy n\u00e9h\u00e1nyat eml\u00edts\u00fcnk.","robots":{"index":"index","follow":"follow","max-snippet":"max-snippet:-1","max-image-preview":"max-image-preview:large","max-video-preview":"max-video-preview:-1"},"canonical":"https:\/\/www.welovecycling.com\/hu\/orszaguti-kerekpar\/a-mexikoi-kerekparozas-egy-sotet-idoszakot-probal-maga-mogott-hagyni\/","og_locale":"hu_HU","og_type":"article","og_title":"A mexik\u00f3i ker\u00e9kp\u00e1roz\u00e1s egy s\u00f6t\u00e9t id\u0151szakot pr\u00f3b\u00e1l maga m\u00f6g\u00f6tt hagyni","og_description":"Ha egy versenyk\u00e9pes biciklis kult\u00far\u00e1val rendelkez\u0151 orsz\u00e1gra gondolsz, val\u00f3sz\u00edn\u0171leg Mexik\u00f3 az egyik utols\u00f3 n\u00e9v, ami az eszedbe jut. Ennek sz\u00e1mos oka van: politika, korrupci\u00f3 \u00e9s endemikus er\u0151szak, csak hogy n\u00e9h\u00e1nyat eml\u00edts\u00fcnk.","og_url":"https:\/\/www.welovecycling.com\/hu\/orszaguti-kerekpar\/a-mexikoi-kerekparozas-egy-sotet-idoszakot-probal-maga-mogott-hagyni\/","og_site_name":"\u0160koda We Love Cycling - Magyarorsz\u00e1g","article_publisher":"https:\/\/www.facebook.com\/WeLoveCyclingHungary\/","article_published_time":"2021-04-09T07:00:28+00:00","og_image":[{"width":1366,"height":600,"url":"https:\/\/d2p6e6u75xmxt8.cloudfront.net\/12\/2021\/04\/A.R.-Monex-pro-Cycling-profimedia-0595618698-CVR.jpg","type":"image\/jpeg"}],"author":"hegyizs","twitter_card":"summary_large_image","twitter_misc":{"Written by":"Siegfried Mortkowitz","Est. reading time":"6"},"schema":{"@context":"https:\/\/schema.org","@graph":[{"@type":"WebPage","@id":"https:\/\/www.welovecycling.com\/hu\/orszaguti-kerekpar\/a-mexikoi-kerekparozas-egy-sotet-idoszakot-probal-maga-mogott-hagyni\/","url":"https:\/\/www.welovecycling.com\/hu\/orszaguti-kerekpar\/a-mexikoi-kerekparozas-egy-sotet-idoszakot-probal-maga-mogott-hagyni\/","name":"A mexik\u00f3i ker\u00e9kp\u00e1roz\u00e1s egy s\u00f6t\u00e9t id\u0151szakot pr\u00f3b\u00e1l maga m\u00f6g\u00f6tt hagyni","isPartOf":{"@id":"https:\/\/www.welovecycling.com\/hu\/#website"},"primaryImageOfPage":{"@id":"https:\/\/www.welovecycling.com\/hu\/orszaguti-kerekpar\/a-mexikoi-kerekparozas-egy-sotet-idoszakot-probal-maga-mogott-hagyni\/#primaryimage"},"image":{"@id":"https:\/\/www.welovecycling.com\/hu\/orszaguti-kerekpar\/a-mexikoi-kerekparozas-egy-sotet-idoszakot-probal-maga-mogott-hagyni\/#primaryimage"},"thumbnailUrl":"https:\/\/d2p6e6u75xmxt8.cloudfront.net\/12\/2021\/04\/A.R.-Monex-pro-Cycling-profimedia-0595618698-CVR.jpg","datePublished":"2021-04-09T07:00:28+00:00","author":{"@id":"https:\/\/www.welovecycling.com\/hu\/#\/schema\/person\/414a2aebf1801691a5320edb6468e194"},"description":"Ha egy versenyk\u00e9pes biciklis kult\u00far\u00e1val rendelkez\u0151 orsz\u00e1gra gondolsz, val\u00f3sz\u00edn\u0171leg Mexik\u00f3 az egyik utols\u00f3 n\u00e9v, ami az eszedbe jut. Ennek sz\u00e1mos oka van: politika, korrupci\u00f3 \u00e9s endemikus er\u0151szak, csak hogy n\u00e9h\u00e1nyat eml\u00edts\u00fcnk.","breadcrumb":{"@id":"https:\/\/www.welovecycling.com\/hu\/orszaguti-kerekpar\/a-mexikoi-kerekparozas-egy-sotet-idoszakot-probal-maga-mogott-hagyni\/#breadcrumb"},"inLanguage":"hu","potentialAction":[{"@type":"ReadAction","target":["https:\/\/www.welovecycling.com\/hu\/orszaguti-kerekpar\/a-mexikoi-kerekparozas-egy-sotet-idoszakot-probal-maga-mogott-hagyni\/"]}]},{"@type":"ImageObject","inLanguage":"hu","@id":"https:\/\/www.welovecycling.com\/hu\/orszaguti-kerekpar\/a-mexikoi-kerekparozas-egy-sotet-idoszakot-probal-maga-mogott-hagyni\/#primaryimage","url":"https:\/\/d2p6e6u75xmxt8.cloudfront.net\/12\/2021\/04\/A.R.-Monex-pro-Cycling-profimedia-0595618698-CVR.jpg","contentUrl":"https:\/\/d2p6e6u75xmxt8.cloudfront.net\/12\/2021\/04\/A.R.-Monex-pro-Cycling-profimedia-0595618698-CVR.jpg","width":1366,"height":600,"caption":"A.R. Monex"},{"@type":"BreadcrumbList","@id":"https:\/\/www.welovecycling.com\/hu\/orszaguti-kerekpar\/a-mexikoi-kerekparozas-egy-sotet-idoszakot-probal-maga-mogott-hagyni\/#breadcrumb","itemListElement":[{"@type":"ListItem","position":1,"name":"Home","item":"https:\/\/www.welovecycling.com\/hu\/"},{"@type":"ListItem","position":2,"name":"A mexik\u00f3i ker\u00e9kp\u00e1roz\u00e1s egy s\u00f6t\u00e9t id\u0151szakot pr\u00f3b\u00e1l maga m\u00f6g\u00f6tt hagyni"}]},{"@type":"WebSite","@id":"https:\/\/www.welovecycling.com\/hu\/#website","url":"https:\/\/www.welovecycling.com\/hu\/","name":"\u0160koda We Love Cycling - Magyarorsz\u00e1g","description":"\u0160koda WeLoveCycling","potentialAction":[{"@type":"SearchAction","target":{"@type":"EntryPoint","urlTemplate":"https:\/\/www.welovecycling.com\/hu\/?s={search_term_string}"},"query-input":{"@type":"PropertyValueSpecification","valueRequired":true,"valueName":"search_term_string"}}],"inLanguage":"hu"},{"@type":"Person","@id":"https:\/\/www.welovecycling.com\/hu\/#\/schema\/person\/414a2aebf1801691a5320edb6468e194","name":"hegyizs","image":{"@type":"ImageObject","inLanguage":"hu","@id":"https:\/\/www.welovecycling.com\/hu\/#\/schema\/person\/image\/","url":"https:\/\/secure.gravatar.com\/avatar\/02cf8a7906b8cf90cecb4679defac7cfd33a1c2e3b88e4903d947f3bb58eedd3?s=96&d=mm&r=g","contentUrl":"https:\/\/secure.gravatar.com\/avatar\/02cf8a7906b8cf90cecb4679defac7cfd33a1c2e3b88e4903d947f3bb58eedd3?s=96&d=mm&r=g","caption":"hegyizs"},"url":"https:\/\/www.welovecycling.com\/hu\/author\/hegyizs\/"}]}},"_links":{"self":[{"href":"https:\/\/www.welovecycling.com\/hu\/wp-json\/wp\/v2\/posts\/10542","targetHints":{"allow":["GET"]}}],"collection":[{"href":"https:\/\/www.welovecycling.com\/hu\/wp-json\/wp\/v2\/posts"}],"about":[{"href":"https:\/\/www.welovecycling.com\/hu\/wp-json\/wp\/v2\/types\/post"}],"author":[{"embeddable":true,"href":"https:\/\/www.welovecycling.com\/hu\/wp-json\/wp\/v2\/users\/71"}],"replies":[{"embeddable":true,"href":"https:\/\/www.welovecycling.com\/hu\/wp-json\/wp\/v2\/comments?post=10542"}],"version-history":[{"count":2,"href":"https:\/\/www.welovecycling.com\/hu\/wp-json\/wp\/v2\/posts\/10542\/revisions"}],"predecessor-version":[{"id":10558,"href":"https:\/\/www.welovecycling.com\/hu\/wp-json\/wp\/v2\/posts\/10542\/revisions\/10558"}],"wp:featuredmedia":[{"embeddable":true,"href":"https:\/\/www.welovecycling.com\/hu\/wp-json\/wp\/v2\/media\/10547"}],"wp:attachment":[{"href":"https:\/\/www.welovecycling.com\/hu\/wp-json\/wp\/v2\/media?parent=10542"}],"wp:term":[{"taxonomy":"category","embeddable":true,"href":"https:\/\/www.welovecycling.com\/hu\/wp-json\/wp\/v2\/categories?post=10542"},{"taxonomy":"post_tag","embeddable":true,"href":"https:\/\/www.welovecycling.com\/hu\/wp-json\/wp\/v2\/tags?post=10542"},{"taxonomy":"global-categories","embeddable":true,"href":"https:\/\/www.welovecycling.com\/hu\/wp-json\/wp\/v2\/global-categories?post=10542"}],"curies":[{"name":"wp","href":"https:\/\/api.w.org\/{rel}","templated":true}]}}