{"id":10534,"date":"2021-04-08T08:00:11","date_gmt":"2021-04-08T07:00:11","guid":{"rendered":"https:\/\/www.welovecycling.com\/hu\/?p=10534"},"modified":"2021-04-01T19:26:48","modified_gmt":"2021-04-01T18:26:48","slug":"igy-oltozz-ha-bikepackingelni-indulsz","status":"publish","type":"post","link":"https:\/\/www.welovecycling.com\/hu\/trekking-mtb\/igy-oltozz-ha-bikepackingelni-indulsz\/","title":{"rendered":"\u00cdgy \u00f6lt\u00f6zz, ha bikepackingelni indulsz!"},"content":{"rendered":"<p><strong>A bicikliz\u00e9s \u00e1ltal\u00e1ban egy\u00fctt j\u00e1r azzal, hogy k\u00f6zel ker\u00fcl\u00fcnk a term\u00e9szethez. \u00c9rezz\u00fck a szelet a hajunkban, mik\u00f6zben magunkba sz\u00edvjuk a t\u00e1j sz\u00e9ps\u00e9geit. De a bikepacking az, ami a legalkalmasabb erre. M\u00edg az orsz\u00e1g\u00fati biciklisnek a meredek emelked\u0151kre figyelnek, a mountain bike-osok pedig a technik\u00e1s szakaszok szak\u00e9rt\u0151i, a bikepackereknek a term\u00e9szettel kell eggy\u00e9 v\u00e1lniuk, \u00f3r\u00e1kra vagy napokra is. Ehhez pedig \u00e1tgondolt \u00f6lt\u00f6zk\u00f6d\u00e9sre van sz\u00fcks\u00e9g, de szerencs\u00e9re a speci\u00e1lis ruh\u00e1zati c\u00e9gek mindenf\u00e9le \u00fatra fel tudnak k\u00e9sz\u00edteni! <\/strong><\/p>\n<p><!--more--><\/p>\n<p>Egy ideje beleszerettem ebbe az eg\u00e9szbe. Eleinte azt sem tudtam, hogy ezzel egy trendet k\u00f6vetek. Azt hiszem, azok a csod\u00e1latos k\u00e9pek inspir\u00e1ltak, amiket az amerikai biciklisekr\u0151l l\u00e1ttam, akik a soha v\u00e9get nem \u00e9r\u0151 erdei utakon haladnak \u00e9s \u00e9reztem, hogy valami bekattan n\u00e1lam.<\/p>\n<figure id=\"attachment_10535\" aria-describedby=\"caption-attachment-10535\" style=\"width: 1024px\" class=\"wp-caption alignnone\"><a href=\"https:\/\/d2p6e6u75xmxt8.cloudfront.net\/2\/2021\/03\/Filippo-bikepacking.jpg\"><img loading=\"lazy\" decoding=\"async\" class=\"wp-image-10535 size-large\" src=\"https:\/\/d2p6e6u75xmxt8.cloudfront.net\/12\/2021\/04\/Filippo-bikepacking-1024x575.jpg\" alt=\"Bikepacking\" width=\"1024\" height=\"575\" srcset=\"https:\/\/d2p6e6u75xmxt8.cloudfront.net\/12\/2021\/04\/Filippo-bikepacking-1024x575.jpg 1024w, https:\/\/d2p6e6u75xmxt8.cloudfront.net\/12\/2021\/04\/Filippo-bikepacking-300x169.jpg 300w, https:\/\/d2p6e6u75xmxt8.cloudfront.net\/12\/2021\/04\/Filippo-bikepacking-768x432.jpg 768w, https:\/\/d2p6e6u75xmxt8.cloudfront.net\/12\/2021\/04\/Filippo-bikepacking.jpg 1210w\" sizes=\"auto, (max-width: 1024px) 100vw, 1024px\" \/><\/a><figcaption id=\"caption-attachment-10535\" class=\"wp-caption-text\">A bikepackerek c\u00e9lja, hogy eggy\u00e9 v\u00e1ljanak a term\u00e9szettel.<\/figcaption><\/figure>\n<p>Most olyan \u00f6lt\u00f6zk\u00f6d\u00e9sr\u0151l fogok besz\u00e9lni, ami b\u00e1r h\u00e9tk\u00f6znapinak t\u0171nik, sokkal t\u00f6bb ann\u00e1l. Ezek a ruhadarabok, cs\u00facstechnol\u00f3gi\u00e1j\u00fa anyagokat kombin\u00e1lnak, mik\u00f6zben szabadid\u0151s megjelen\u00e9st k\u00f6lcs\u00f6n\u00f6znek, \u00e9s a legdurv\u00e1bb k\u00f6r\u00fclm\u00e9nyek k\u00f6z\u00f6tt is tart\u00f3sak maradnak. A c\u00edmk\u00e9ken olvashatsz 77% poli\u00e9szter, 16 % sz\u00e1zal\u00e9k gyapj\u00fa \u00e9s 7% elaszt\u00e1n kombin\u00e1ci\u00f3kat is. A sz\u00edneket \u00e9s az anyagokat szint\u00e9n az im\u00e1dott term\u00e9szet szem el\u0151tt tart\u00e1s\u00e1val v\u00e1lasztj\u00e1k ki. Ritk\u00e1n l\u00e1tni olyan bikepackert, akik a term\u00e9szett\u0151l nagyon el\u00fct\u0151 darabokat visel, \u00f6lt\u00f6zk\u00f6d\u00e9s\u00fck ink\u00e1bb a k\u00f6rnyezet\u00fcket t\u00fckr\u00f6zi vissza.<\/p>\n<p>V\u00e9g\u00fcl, de nem utols\u00f3sorban, a bikepackerek sz\u00e1m\u00e1ra \u00e1ltal\u00e1ban fontos a fenntarthat\u00f3s\u00e1g, \u00e9s ak\u00e1r tudnak r\u00f3la, ak\u00e1r nem, r\u00e9szesei lehetnek a \u201eSlow Fashion\u201d elnevez\u00e9s\u0171 mozgalomnak, ami az olyan gy\u00e1rt\u00e1si folyamatokat helyezi el\u0151t\u00e9rbe, ami tekintettel van az emberekre, a k\u00f6rnyezetre \u00e9s az \u00e1llatokra. Emiatt a bikepacking ruh\u00e1zat h\u00e9tk\u00f6znapibbnak t\u0171nik egy \u00e1tlagos biciklis ruh\u00e1n\u00e1l. Mivel a slow fashion egyik c\u00e9lja, hogy megpr\u00f3b\u00e1lja cs\u00f6kkenteni a gy\u00e1rt\u00e1s sor\u00e1n felgy\u00fcleml\u0151 felesleget az\u00e1ltal, hogy t\u00f6bb alkalomra is ide\u00e1lis ruh\u00e1t k\u00e9sz\u00edt, szembe megy azzal a gondolattal, hogy minden helyzetben m\u00e1s ruh\u00e1ra van sz\u00fcks\u00e9g. Ugyanazt a p\u00f3l\u00f3t \u00e9s inget viselem bikepacking alatt, mint az irod\u00e1ban.<\/p>\n<p>De n\u00e9zz\u00fck \u00e1t alaposan a legfontosabb bikepacking ruh\u00e1kat!<\/p>\n<h2><strong>A tollkab\u00e1t<\/strong><\/h2>\n<p>A Patagonia mindig is fenntarthat\u00f3 m\u00e1rka volt, ez\u00e9rt nagyon n\u00e9pszer\u0171 a bikepackerek k\u00f6r\u00e9ben. Amikor bicikliz\u00e9s k\u00f6zben el\u0151sz\u00f6r kellett igaz\u00e1n alkalomhoz ill\u0151bben fel\u00f6lt\u00f6zn\u00f6m, akkor is az \u0151 aj\u00e1nlatukat n\u00e9ztem meg. A sok sz\u00e9p term\u00e9k k\u00f6z\u00fcl az egyik legikonikusabbnak a Nano Puff kab\u00e1tjuk sz\u00e1m\u00edt. Amikor az Egyes\u00fclt \u00c1llamokban ker\u00e9kp\u00e1roztam, d\u00f6bbenten tapasztaltam, hogy szinte minden biciklisnek volt egy a t\u00e1sk\u00e1j\u00e1ban. Praktikus, k\u00f6nny\u0171, meleg, sz\u00e9l\u00e1ll\u00f3, v\u00edz\u00e1ll\u00f3 \u00e9s 100% -ban \u00fajrahasznos\u00edtott poli\u00e9szterb\u0151l \u00e9s cs\u00f6kkentett k\u00e1rosanyag-kibocs\u00e1t\u00e1ssal k\u00e9sz\u00fclt. R\u00e1ad\u00e1sul a munkahelyen is el\u00e9g men\u0151 viselet. Kell enn\u00e9l t\u00f6bb?<\/p>\n<figure id=\"attachment_10536\" aria-describedby=\"caption-attachment-10536\" style=\"width: 1000px\" class=\"wp-caption alignnone\"><a href=\"https:\/\/d2p6e6u75xmxt8.cloudfront.net\/12\/2021\/04\/Patagonia-Nano-Puff.jpg\"><img loading=\"lazy\" decoding=\"async\" class=\"wp-image-10536 size-full\" src=\"https:\/\/d2p6e6u75xmxt8.cloudfront.net\/12\/2021\/04\/Patagonia-Nano-Puff.jpg\" alt=\"Patagonia Nano Puff\" width=\"1000\" height=\"667\" srcset=\"https:\/\/d2p6e6u75xmxt8.cloudfront.net\/12\/2021\/04\/Patagonia-Nano-Puff.jpg 1000w, https:\/\/d2p6e6u75xmxt8.cloudfront.net\/12\/2021\/04\/Patagonia-Nano-Puff-300x200.jpg 300w, https:\/\/d2p6e6u75xmxt8.cloudfront.net\/12\/2021\/04\/Patagonia-Nano-Puff-768x512.jpg 768w, https:\/\/d2p6e6u75xmxt8.cloudfront.net\/12\/2021\/04\/Patagonia-Nano-Puff-272x182.jpg 272w\" sizes=\"auto, (max-width: 1000px) 100vw, 1000px\" \/><\/a><figcaption id=\"caption-attachment-10536\" class=\"wp-caption-text\"><em>Nano puffos dzseki a Patagoni\u00e1t\u00f3l<\/em><\/figcaption><\/figure>\n<h2><strong>A gombos ing<\/strong><\/h2>\n<p>Nagy rajong\u00f3ja vagyok a flanelingeknek \u00e9s nem is lehettem volna boldogabb, amikor megtudtam, hogy l\u00e9teznek olyan darabok, amik kifejezetten bicikliz\u00e9shez k\u00e9sz\u00fcltek. Az montiz\u00e1shoz alkalmas hegyekb\u0151l a napokban \u00e1tk\u00f6lt\u00f6ztem a Garda-t\u00f3hoz, az egyik legismertebb eur\u00f3pai ker\u00e9kp\u00e1ros helysz\u00ednhez, hogy minden nap vil\u00e1gsz\u00ednvonal\u00fa \u00f6sv\u00e9nyeken tudjak tekerni. Sz\u00f3val nagyon \u00f6r\u00fcltem, amikor megtudtam, hogy a k\u00f6rny\u00e9k egyik m\u00e1rk\u00e1ja, a Cascada, a bolyg\u00f3 egyik legfinomabb anyag\u00fa bikepacking ing\u00e9t gy\u00e1rtja Land Wool n\u00e9ven. Val\u00f3di remekm\u0171, gyakorlati \u00e9s eszt\u00e9tikai szempontb\u00f3l egyar\u00e1nt. \u00dagy n\u00e9z ki, mint egy norm\u00e1lis ing, \u00edgy szinte b\u00e1rhol viselhet\u0151, de l\u00e9g\u00e1tereszt\u0151 gyapj\u00fa-poli\u00e9szter kever\u00e9kb\u0151l k\u00e9sz\u00fcl, \u00edgy nedves \u00e1llapotban is h\u0151szab\u00e1lyoz\u00e1st, szagkontrollt \u00e9s szigetel\u00e9st biztos\u00edt. A r\u00e9szletek is csod\u00e1latosak, mint p\u00e9ld\u00e1ul az egyik els\u0151 zseb m\u00e9g kisebb zsebe, ahov\u00e1 elrakhatom a napszem\u00fcvegemet.<\/p>\n<figure id=\"attachment_10537\" aria-describedby=\"caption-attachment-10537\" style=\"width: 1000px\" class=\"wp-caption alignnone\"><a href=\"https:\/\/d2p6e6u75xmxt8.cloudfront.net\/12\/2021\/04\/Land-wool-button-down-shirt.jpg\"><img loading=\"lazy\" decoding=\"async\" class=\"size-full wp-image-10537\" src=\"https:\/\/d2p6e6u75xmxt8.cloudfront.net\/12\/2021\/04\/Land-wool-button-down-shirt.jpg\" alt=\"Button-down shirt\" width=\"1000\" height=\"667\" srcset=\"https:\/\/d2p6e6u75xmxt8.cloudfront.net\/12\/2021\/04\/Land-wool-button-down-shirt.jpg 1000w, https:\/\/d2p6e6u75xmxt8.cloudfront.net\/12\/2021\/04\/Land-wool-button-down-shirt-300x200.jpg 300w, https:\/\/d2p6e6u75xmxt8.cloudfront.net\/12\/2021\/04\/Land-wool-button-down-shirt-768x512.jpg 768w, https:\/\/d2p6e6u75xmxt8.cloudfront.net\/12\/2021\/04\/Land-wool-button-down-shirt-272x182.jpg 272w\" sizes=\"auto, (max-width: 1000px) 100vw, 1000px\" \/><\/a><figcaption id=\"caption-attachment-10537\" class=\"wp-caption-text\"><em>Land Wool ing a Cascad\u00e1t\u00f3l<\/em><\/figcaption><\/figure>\n<h2><strong>A laza p\u00f3l\u00f3<\/strong><\/h2>\n<p>A funkcion\u00e1lis p\u00f3l\u00f3k jelentik az \u00faj ker\u00e9kp\u00e1ros mezeket. L\u00e1gyak \u00e9s gyorsan sz\u00e1rad\u00f3 anyagokb\u00f3l k\u00e9sz\u00fclnek, ami nagyon sokoldal\u00fav\u00e1 teszi \u0151ket. Sokf\u00e9l\u00e9t kipr\u00f3b\u00e1ltam m\u00e1r, a jelenlegi kedvencem a PEdALED Kyoto Gravel p\u00f3l\u00f3ja. Nagyon kellemes viselet \u00e9s st\u00edlusos is.<\/p>\n<figure id=\"attachment_10538\" aria-describedby=\"caption-attachment-10538\" style=\"width: 1024px\" class=\"wp-caption alignnone\"><a href=\"https:\/\/d2p6e6u75xmxt8.cloudfront.net\/2\/2021\/03\/kyoto-jersey-pedaled.jpg\"><img loading=\"lazy\" decoding=\"async\" class=\"wp-image-10538 size-large\" src=\"https:\/\/d2p6e6u75xmxt8.cloudfront.net\/12\/2021\/04\/kyoto-jersey-pedaled-1024x699.jpg\" alt=\"Kyoto jersey\" width=\"1024\" height=\"699\" srcset=\"https:\/\/d2p6e6u75xmxt8.cloudfront.net\/12\/2021\/04\/kyoto-jersey-pedaled-1024x699.jpg 1024w, https:\/\/d2p6e6u75xmxt8.cloudfront.net\/12\/2021\/04\/kyoto-jersey-pedaled-300x205.jpg 300w, https:\/\/d2p6e6u75xmxt8.cloudfront.net\/12\/2021\/04\/kyoto-jersey-pedaled-768x524.jpg 768w, https:\/\/d2p6e6u75xmxt8.cloudfront.net\/12\/2021\/04\/kyoto-jersey-pedaled.jpg 1146w\" sizes=\"auto, (max-width: 1024px) 100vw, 1024px\" \/><\/a><figcaption id=\"caption-attachment-10538\" class=\"wp-caption-text\">Kyoto gravel p\u00f3l\u00f3 a PEdALED-t\u00f3l<\/figcaption><\/figure>\n<h2><strong>A kamionos sapka<\/strong><\/h2>\n<p>A kamionos sapk\u00e1k az amerikai kult\u00fara r\u00e9sz\u00e9t k\u00e9pezik \u00e9s a bikepackingerekn\u00e9l is h\u00f3d\u00edtanak. B\u00e1r egy sapka soha nem helyettes\u00edti a sisakomat, a t\u00e1sk\u00e1imhoz mindig r\u00f6gz\u00edtek egy olyan darabot, ami k\u00f6nnyen levehet\u0151. T\u00f6bb ezer m\u00e1s bikepackerhez hasonl\u00f3an, \u00e9n is szeretek ilyet hordani, amikor lesz\u00e1llok a biciklir\u0151l. Az biztos, hogy st\u00edlusos, de n\u00e9ha sok bicajon \u00e9s t\u00e1bort\u0171z k\u00f6r\u00fcl t\u00f6lt\u00f6tt nappalok \u00e9s \u00e9jszak\u00e1k ut\u00e1n a frizur\u00e1m sincs \u00e9ppen a toppon, ilyenkor egy sapka sokat tud seg\u00edteni.<\/p>\n<p>Ism\u00e9t a Cascad\u00e1hoz fordultam, mert im\u00e1dom az Altitude Tracker sapi sz\u00ednkombin\u00e1ci\u00f3j\u00e1t. Van emellett n\u00e9h\u00e1ny patag\u00f3ni\u00e1s f\u00e9rfi sapk\u00e1m is.<\/p>\n<figure id=\"attachment_10539\" aria-describedby=\"caption-attachment-10539\" style=\"width: 1000px\" class=\"wp-caption alignnone\"><a href=\"https:\/\/d2p6e6u75xmxt8.cloudfront.net\/12\/2021\/04\/trucker-hat.jpg\"><img loading=\"lazy\" decoding=\"async\" class=\"wp-image-10539 size-full\" src=\"https:\/\/d2p6e6u75xmxt8.cloudfront.net\/12\/2021\/04\/trucker-hat.jpg\" alt=\"Trucker hat\" width=\"1000\" height=\"667\" srcset=\"https:\/\/d2p6e6u75xmxt8.cloudfront.net\/12\/2021\/04\/trucker-hat.jpg 1000w, https:\/\/d2p6e6u75xmxt8.cloudfront.net\/12\/2021\/04\/trucker-hat-300x200.jpg 300w, https:\/\/d2p6e6u75xmxt8.cloudfront.net\/12\/2021\/04\/trucker-hat-768x512.jpg 768w, https:\/\/d2p6e6u75xmxt8.cloudfront.net\/12\/2021\/04\/trucker-hat-272x182.jpg 272w\" sizes=\"auto, (max-width: 1000px) 100vw, 1000px\" \/><\/a><figcaption id=\"caption-attachment-10539\" class=\"wp-caption-text\"><em>Altitude Trucker kalap a Cascad\u00e1t\u00f3l<\/em><\/figcaption><\/figure>\n<h2><strong>Merin\u00f3 alapr\u00e9tegek<\/strong><\/h2>\n<p>Itt j\u00f6n a bikepacking kir\u00e1lya &#8211; a merin\u00f3 alapr\u00e9teg. A merin\u00f3 szinte m\u00e1gikus anyag, ami seg\u00edt szab\u00e1lyozni a testh\u0151m\u00e9rs\u00e9kletet a hideg napokban, m\u00edg a forr\u00f3 napokon h\u0171v\u00f6s \u00e9s l\u00e9g\u00e1tereszt\u0151. Sz\u00f3val, b\u00e1rhov\u00e1 is megyek, viszek magammal egy ilyet. Ezek a legsokoldal\u00fabb bikepacking ruhadarabok, amiket ismerek. Kipr\u00f3b\u00e1ltam \u00e9s els\u0151 k\u00e9zb\u0151l tudom garant\u00e1lni a Baabaa nev\u0171 Endura merin\u00f3t, boldogan haszn\u00e1lom az alapr\u00e9tegeiket \u00e9s a nyakmeleg\u00edt\u0151iket.<\/p>\n","protected":false},"excerpt":{"rendered":"<p>A bicikliz\u00e9s \u00e1ltal\u00e1ban egy\u00fctt j\u00e1r azzal, hogy k\u00f6zel ker\u00fcl\u00fcnk a term\u00e9szethez. \u00c9rezz\u00fck a szelet a hajunkban, mik\u00f6zben magunkba sz\u00edvjuk a [&hellip;]<\/p>\n","protected":false},"author":71,"featured_media":10541,"comment_status":"closed","ping_status":"closed","sticky":false,"template":"","format":"standard","meta":{"footnotes":""},"categories":[7],"tags":[],"global-categories":[],"class_list":["post-10534","post","type-post","status-publish","format-standard","has-post-thumbnail","hentry","category-trekking-mtb"],"yoast_head":"<!-- This site is optimized with the Yoast SEO Premium plugin v25.3 (Yoast SEO v25.9) - https:\/\/yoast.com\/wordpress\/plugins\/seo\/ -->\n<title>\u00cdgy \u00f6lt\u00f6zz, ha bikepackingelni indulsz! - \u0160koda We Love Cycling - Magyarorsz\u00e1g<\/title>\n<meta name=\"description\" content=\"A bicikliz\u00e9s \u00e1ltal\u00e1ban egy\u00fctt j\u00e1r azzal, hogy k\u00f6zel ker\u00fcl\u00fcnk a term\u00e9szethez. \u00c9rezz\u00fck a szelet a hajunkban, mik\u00f6zben magunkba sz\u00edvjuk a t\u00e1j sz\u00e9ps\u00e9geit. De a bikepacking az, ami a legalkalmasabb erre.\" \/>\n<meta name=\"robots\" content=\"index, follow, max-snippet:-1, max-image-preview:large, max-video-preview:-1\" \/>\n<link rel=\"canonical\" href=\"https:\/\/www.welovecycling.com\/hu\/trekking-mtb\/igy-oltozz-ha-bikepackingelni-indulsz\/\" \/>\n<meta property=\"og:locale\" content=\"hu_HU\" \/>\n<meta property=\"og:type\" content=\"article\" \/>\n<meta property=\"og:title\" content=\"\u00cdgy \u00f6lt\u00f6zz, ha bikepackingelni indulsz!\" \/>\n<meta property=\"og:description\" content=\"A bicikliz\u00e9s \u00e1ltal\u00e1ban egy\u00fctt j\u00e1r azzal, hogy k\u00f6zel ker\u00fcl\u00fcnk a term\u00e9szethez. \u00c9rezz\u00fck a szelet a hajunkban, mik\u00f6zben magunkba sz\u00edvjuk a t\u00e1j sz\u00e9ps\u00e9geit. De a bikepacking az, ami a legalkalmasabb erre.\" \/>\n<meta property=\"og:url\" content=\"https:\/\/www.welovecycling.com\/hu\/trekking-mtb\/igy-oltozz-ha-bikepackingelni-indulsz\/\" \/>\n<meta property=\"og:site_name\" content=\"\u0160koda We Love Cycling - Magyarorsz\u00e1g\" \/>\n<meta property=\"article:publisher\" content=\"https:\/\/www.facebook.com\/WeLoveCyclingHungary\/\" \/>\n<meta property=\"article:published_time\" content=\"2021-04-08T07:00:11+00:00\" \/>\n<meta property=\"og:image\" content=\"https:\/\/d2p6e6u75xmxt8.cloudfront.net\/12\/2021\/04\/Cycling-outdoor-profimedia-0580101504-CVR.jpg\" \/>\n\t<meta property=\"og:image:width\" content=\"1366\" \/>\n\t<meta property=\"og:image:height\" content=\"600\" \/>\n\t<meta property=\"og:image:type\" content=\"image\/jpeg\" \/>\n<meta name=\"author\" content=\"hegyizs\" \/>\n<meta name=\"twitter:card\" content=\"summary_large_image\" \/>\n<meta name=\"twitter:label1\" content=\"Written by\" \/>\n\t<meta name=\"twitter:data1\" content=\"Filippo Mari\" \/>\n\t<meta name=\"twitter:label2\" content=\"Est. reading time\" \/>\n\t<meta name=\"twitter:data2\" content=\"7\" \/>\n<script type=\"application\/ld+json\" class=\"yoast-schema-graph\">{\"@context\":\"https:\/\/schema.org\",\"@graph\":[{\"@type\":\"WebPage\",\"@id\":\"https:\/\/www.welovecycling.com\/hu\/trekking-mtb\/igy-oltozz-ha-bikepackingelni-indulsz\/\",\"url\":\"https:\/\/www.welovecycling.com\/hu\/trekking-mtb\/igy-oltozz-ha-bikepackingelni-indulsz\/\",\"name\":\"\u00cdgy \u00f6lt\u00f6zz, ha bikepackingelni indulsz! - \u0160koda We Love Cycling - Magyarorsz\u00e1g\",\"isPartOf\":{\"@id\":\"https:\/\/www.welovecycling.com\/hu\/#website\"},\"primaryImageOfPage\":{\"@id\":\"https:\/\/www.welovecycling.com\/hu\/trekking-mtb\/igy-oltozz-ha-bikepackingelni-indulsz\/#primaryimage\"},\"image\":{\"@id\":\"https:\/\/www.welovecycling.com\/hu\/trekking-mtb\/igy-oltozz-ha-bikepackingelni-indulsz\/#primaryimage\"},\"thumbnailUrl\":\"https:\/\/d2p6e6u75xmxt8.cloudfront.net\/12\/2021\/04\/Cycling-outdoor-profimedia-0580101504-CVR.jpg\",\"datePublished\":\"2021-04-08T07:00:11+00:00\",\"author\":{\"@id\":\"https:\/\/www.welovecycling.com\/hu\/#\/schema\/person\/414a2aebf1801691a5320edb6468e194\"},\"description\":\"A bicikliz\u00e9s \u00e1ltal\u00e1ban egy\u00fctt j\u00e1r azzal, hogy k\u00f6zel ker\u00fcl\u00fcnk a term\u00e9szethez. \u00c9rezz\u00fck a szelet a hajunkban, mik\u00f6zben magunkba sz\u00edvjuk a t\u00e1j sz\u00e9ps\u00e9geit. De a bikepacking az, ami a legalkalmasabb erre.\",\"breadcrumb\":{\"@id\":\"https:\/\/www.welovecycling.com\/hu\/trekking-mtb\/igy-oltozz-ha-bikepackingelni-indulsz\/#breadcrumb\"},\"inLanguage\":\"hu\",\"potentialAction\":[{\"@type\":\"ReadAction\",\"target\":[\"https:\/\/www.welovecycling.com\/hu\/trekking-mtb\/igy-oltozz-ha-bikepackingelni-indulsz\/\"]}]},{\"@type\":\"ImageObject\",\"inLanguage\":\"hu\",\"@id\":\"https:\/\/www.welovecycling.com\/hu\/trekking-mtb\/igy-oltozz-ha-bikepackingelni-indulsz\/#primaryimage\",\"url\":\"https:\/\/d2p6e6u75xmxt8.cloudfront.net\/12\/2021\/04\/Cycling-outdoor-profimedia-0580101504-CVR.jpg\",\"contentUrl\":\"https:\/\/d2p6e6u75xmxt8.cloudfront.net\/12\/2021\/04\/Cycling-outdoor-profimedia-0580101504-CVR.jpg\",\"width\":1366,\"height\":600,\"caption\":\"Bikepacking\"},{\"@type\":\"BreadcrumbList\",\"@id\":\"https:\/\/www.welovecycling.com\/hu\/trekking-mtb\/igy-oltozz-ha-bikepackingelni-indulsz\/#breadcrumb\",\"itemListElement\":[{\"@type\":\"ListItem\",\"position\":1,\"name\":\"Home\",\"item\":\"https:\/\/www.welovecycling.com\/hu\/\"},{\"@type\":\"ListItem\",\"position\":2,\"name\":\"\u00cdgy \u00f6lt\u00f6zz, ha bikepackingelni indulsz!\"}]},{\"@type\":\"WebSite\",\"@id\":\"https:\/\/www.welovecycling.com\/hu\/#website\",\"url\":\"https:\/\/www.welovecycling.com\/hu\/\",\"name\":\"\u0160koda We Love Cycling - Magyarorsz\u00e1g\",\"description\":\"\u0160koda WeLoveCycling\",\"potentialAction\":[{\"@type\":\"SearchAction\",\"target\":{\"@type\":\"EntryPoint\",\"urlTemplate\":\"https:\/\/www.welovecycling.com\/hu\/?s={search_term_string}\"},\"query-input\":{\"@type\":\"PropertyValueSpecification\",\"valueRequired\":true,\"valueName\":\"search_term_string\"}}],\"inLanguage\":\"hu\"},{\"@type\":\"Person\",\"@id\":\"https:\/\/www.welovecycling.com\/hu\/#\/schema\/person\/414a2aebf1801691a5320edb6468e194\",\"name\":\"hegyizs\",\"image\":{\"@type\":\"ImageObject\",\"inLanguage\":\"hu\",\"@id\":\"https:\/\/www.welovecycling.com\/hu\/#\/schema\/person\/image\/\",\"url\":\"https:\/\/secure.gravatar.com\/avatar\/02cf8a7906b8cf90cecb4679defac7cfd33a1c2e3b88e4903d947f3bb58eedd3?s=96&d=mm&r=g\",\"contentUrl\":\"https:\/\/secure.gravatar.com\/avatar\/02cf8a7906b8cf90cecb4679defac7cfd33a1c2e3b88e4903d947f3bb58eedd3?s=96&d=mm&r=g\",\"caption\":\"hegyizs\"},\"url\":\"https:\/\/www.welovecycling.com\/hu\/author\/hegyizs\/\"}]}<\/script>\n<!-- \/ Yoast SEO Premium plugin. -->","yoast_head_json":{"title":"\u00cdgy \u00f6lt\u00f6zz, ha bikepackingelni indulsz! - \u0160koda We Love Cycling - Magyarorsz\u00e1g","description":"A bicikliz\u00e9s \u00e1ltal\u00e1ban egy\u00fctt j\u00e1r azzal, hogy k\u00f6zel ker\u00fcl\u00fcnk a term\u00e9szethez. \u00c9rezz\u00fck a szelet a hajunkban, mik\u00f6zben magunkba sz\u00edvjuk a t\u00e1j sz\u00e9ps\u00e9geit. De a bikepacking az, ami a legalkalmasabb erre.","robots":{"index":"index","follow":"follow","max-snippet":"max-snippet:-1","max-image-preview":"max-image-preview:large","max-video-preview":"max-video-preview:-1"},"canonical":"https:\/\/www.welovecycling.com\/hu\/trekking-mtb\/igy-oltozz-ha-bikepackingelni-indulsz\/","og_locale":"hu_HU","og_type":"article","og_title":"\u00cdgy \u00f6lt\u00f6zz, ha bikepackingelni indulsz!","og_description":"A bicikliz\u00e9s \u00e1ltal\u00e1ban egy\u00fctt j\u00e1r azzal, hogy k\u00f6zel ker\u00fcl\u00fcnk a term\u00e9szethez. \u00c9rezz\u00fck a szelet a hajunkban, mik\u00f6zben magunkba sz\u00edvjuk a t\u00e1j sz\u00e9ps\u00e9geit. De a bikepacking az, ami a legalkalmasabb erre.","og_url":"https:\/\/www.welovecycling.com\/hu\/trekking-mtb\/igy-oltozz-ha-bikepackingelni-indulsz\/","og_site_name":"\u0160koda We Love Cycling - Magyarorsz\u00e1g","article_publisher":"https:\/\/www.facebook.com\/WeLoveCyclingHungary\/","article_published_time":"2021-04-08T07:00:11+00:00","og_image":[{"width":1366,"height":600,"url":"https:\/\/d2p6e6u75xmxt8.cloudfront.net\/12\/2021\/04\/Cycling-outdoor-profimedia-0580101504-CVR.jpg","type":"image\/jpeg"}],"author":"hegyizs","twitter_card":"summary_large_image","twitter_misc":{"Written by":"Filippo Mari","Est. reading time":"7"},"schema":{"@context":"https:\/\/schema.org","@graph":[{"@type":"WebPage","@id":"https:\/\/www.welovecycling.com\/hu\/trekking-mtb\/igy-oltozz-ha-bikepackingelni-indulsz\/","url":"https:\/\/www.welovecycling.com\/hu\/trekking-mtb\/igy-oltozz-ha-bikepackingelni-indulsz\/","name":"\u00cdgy \u00f6lt\u00f6zz, ha bikepackingelni indulsz! - \u0160koda We Love Cycling - Magyarorsz\u00e1g","isPartOf":{"@id":"https:\/\/www.welovecycling.com\/hu\/#website"},"primaryImageOfPage":{"@id":"https:\/\/www.welovecycling.com\/hu\/trekking-mtb\/igy-oltozz-ha-bikepackingelni-indulsz\/#primaryimage"},"image":{"@id":"https:\/\/www.welovecycling.com\/hu\/trekking-mtb\/igy-oltozz-ha-bikepackingelni-indulsz\/#primaryimage"},"thumbnailUrl":"https:\/\/d2p6e6u75xmxt8.cloudfront.net\/12\/2021\/04\/Cycling-outdoor-profimedia-0580101504-CVR.jpg","datePublished":"2021-04-08T07:00:11+00:00","author":{"@id":"https:\/\/www.welovecycling.com\/hu\/#\/schema\/person\/414a2aebf1801691a5320edb6468e194"},"description":"A bicikliz\u00e9s \u00e1ltal\u00e1ban egy\u00fctt j\u00e1r azzal, hogy k\u00f6zel ker\u00fcl\u00fcnk a term\u00e9szethez. \u00c9rezz\u00fck a szelet a hajunkban, mik\u00f6zben magunkba sz\u00edvjuk a t\u00e1j sz\u00e9ps\u00e9geit. De a bikepacking az, ami a legalkalmasabb erre.","breadcrumb":{"@id":"https:\/\/www.welovecycling.com\/hu\/trekking-mtb\/igy-oltozz-ha-bikepackingelni-indulsz\/#breadcrumb"},"inLanguage":"hu","potentialAction":[{"@type":"ReadAction","target":["https:\/\/www.welovecycling.com\/hu\/trekking-mtb\/igy-oltozz-ha-bikepackingelni-indulsz\/"]}]},{"@type":"ImageObject","inLanguage":"hu","@id":"https:\/\/www.welovecycling.com\/hu\/trekking-mtb\/igy-oltozz-ha-bikepackingelni-indulsz\/#primaryimage","url":"https:\/\/d2p6e6u75xmxt8.cloudfront.net\/12\/2021\/04\/Cycling-outdoor-profimedia-0580101504-CVR.jpg","contentUrl":"https:\/\/d2p6e6u75xmxt8.cloudfront.net\/12\/2021\/04\/Cycling-outdoor-profimedia-0580101504-CVR.jpg","width":1366,"height":600,"caption":"Bikepacking"},{"@type":"BreadcrumbList","@id":"https:\/\/www.welovecycling.com\/hu\/trekking-mtb\/igy-oltozz-ha-bikepackingelni-indulsz\/#breadcrumb","itemListElement":[{"@type":"ListItem","position":1,"name":"Home","item":"https:\/\/www.welovecycling.com\/hu\/"},{"@type":"ListItem","position":2,"name":"\u00cdgy \u00f6lt\u00f6zz, ha bikepackingelni indulsz!"}]},{"@type":"WebSite","@id":"https:\/\/www.welovecycling.com\/hu\/#website","url":"https:\/\/www.welovecycling.com\/hu\/","name":"\u0160koda We Love Cycling - Magyarorsz\u00e1g","description":"\u0160koda WeLoveCycling","potentialAction":[{"@type":"SearchAction","target":{"@type":"EntryPoint","urlTemplate":"https:\/\/www.welovecycling.com\/hu\/?s={search_term_string}"},"query-input":{"@type":"PropertyValueSpecification","valueRequired":true,"valueName":"search_term_string"}}],"inLanguage":"hu"},{"@type":"Person","@id":"https:\/\/www.welovecycling.com\/hu\/#\/schema\/person\/414a2aebf1801691a5320edb6468e194","name":"hegyizs","image":{"@type":"ImageObject","inLanguage":"hu","@id":"https:\/\/www.welovecycling.com\/hu\/#\/schema\/person\/image\/","url":"https:\/\/secure.gravatar.com\/avatar\/02cf8a7906b8cf90cecb4679defac7cfd33a1c2e3b88e4903d947f3bb58eedd3?s=96&d=mm&r=g","contentUrl":"https:\/\/secure.gravatar.com\/avatar\/02cf8a7906b8cf90cecb4679defac7cfd33a1c2e3b88e4903d947f3bb58eedd3?s=96&d=mm&r=g","caption":"hegyizs"},"url":"https:\/\/www.welovecycling.com\/hu\/author\/hegyizs\/"}]}},"_links":{"self":[{"href":"https:\/\/www.welovecycling.com\/hu\/wp-json\/wp\/v2\/posts\/10534","targetHints":{"allow":["GET"]}}],"collection":[{"href":"https:\/\/www.welovecycling.com\/hu\/wp-json\/wp\/v2\/posts"}],"about":[{"href":"https:\/\/www.welovecycling.com\/hu\/wp-json\/wp\/v2\/types\/post"}],"author":[{"embeddable":true,"href":"https:\/\/www.welovecycling.com\/hu\/wp-json\/wp\/v2\/users\/71"}],"replies":[{"embeddable":true,"href":"https:\/\/www.welovecycling.com\/hu\/wp-json\/wp\/v2\/comments?post=10534"}],"version-history":[{"count":2,"href":"https:\/\/www.welovecycling.com\/hu\/wp-json\/wp\/v2\/posts\/10534\/revisions"}],"predecessor-version":[{"id":10559,"href":"https:\/\/www.welovecycling.com\/hu\/wp-json\/wp\/v2\/posts\/10534\/revisions\/10559"}],"wp:featuredmedia":[{"embeddable":true,"href":"https:\/\/www.welovecycling.com\/hu\/wp-json\/wp\/v2\/media\/10541"}],"wp:attachment":[{"href":"https:\/\/www.welovecycling.com\/hu\/wp-json\/wp\/v2\/media?parent=10534"}],"wp:term":[{"taxonomy":"category","embeddable":true,"href":"https:\/\/www.welovecycling.com\/hu\/wp-json\/wp\/v2\/categories?post=10534"},{"taxonomy":"post_tag","embeddable":true,"href":"https:\/\/www.welovecycling.com\/hu\/wp-json\/wp\/v2\/tags?post=10534"},{"taxonomy":"global-categories","embeddable":true,"href":"https:\/\/www.welovecycling.com\/hu\/wp-json\/wp\/v2\/global-categories?post=10534"}],"curies":[{"name":"wp","href":"https:\/\/api.w.org\/{rel}","templated":true}]}}