{"id":10528,"date":"2021-04-07T08:00:27","date_gmt":"2021-04-07T07:00:27","guid":{"rendered":"https:\/\/www.welovecycling.com\/hu\/?p=10528"},"modified":"2021-04-01T19:26:11","modified_gmt":"2021-04-01T18:26:11","slug":"melyik-a-fontosabb-erosites-vagy-fogyas","status":"publish","type":"post","link":"https:\/\/www.welovecycling.com\/hu\/edzes-es-eletmod\/melyik-a-fontosabb-erosites-vagy-fogyas\/","title":{"rendered":"Melyik a fontosabb &#8211; er\u0151s\u00edt\u00e9s vagy fogy\u00e1s?"},"content":{"rendered":"<p><strong>Mi a fontosabb: fizikailag akt\u00edvnak maradni vagy lefogyni az ide\u00e1lis tests\u00falyig? Egy \u00faj tanulm\u00e1ny c\u00e9lja az extra testt\u00f6meg \u00e9s a fizikai aktivit\u00e1s eg\u00e9szs\u00e9g\u00e9re gyakorolt \u200b\u200bhat\u00e1sainak \u00f6sszehasonl\u00edt\u00e1sa. L\u00e1ssuk, mit jelent ez sz\u00e1modra!<\/strong><\/p>\n<p><!--more--><\/p>\n<p>Kor\u00e1bbi kutat\u00e1sok szerint a fitts\u00e9g m\u00e9rs\u00e9kelheti azokat a negat\u00edv hat\u00e1sokat, amiket a t\u00fals\u00faly gyakorol a sz\u00edv\u00fcnk eg\u00e9szs\u00e9g\u00e9re. \u201e<em>Ez vitatott javaslatokhoz vezetett azzal kapcsolatban, miszerint a testmozg\u00e1s \u00e9s az er\u0151nl\u00e9t fontosabb a fogy\u00e1sn\u00e1l. Vizsg\u00e1latunk az aktivit\u00e1s, a tests\u00faly \u00e9s a sz\u00edv eg\u00e9szs\u00e9ge k\u00f6z\u00f6tti \u00f6sszef\u00fcgg\u00e9sek tiszt\u00e1z\u00e1s\u00e1ra t\u00f6rekedett\u201d-<\/em> mondta Dr. Alejandro Lucia, a tanulm\u00e1ny szerz\u0151je, az Eur\u00f3pai Egyetem professzora.<\/p>\n<figure id=\"attachment_10529\" aria-describedby=\"caption-attachment-10529\" style=\"width: 1024px\" class=\"wp-caption alignnone\"><a href=\"https:\/\/d2p6e6u75xmxt8.cloudfront.net\/2\/2021\/03\/Running-in-a-park-rofimedia-0599762742.jpg\"><img loading=\"lazy\" decoding=\"async\" class=\"wp-image-10529 size-large\" src=\"https:\/\/d2p6e6u75xmxt8.cloudfront.net\/12\/2021\/04\/Running-in-a-park-rofimedia-0599762742-1024x785.jpg\" alt=\"Running in a park\" width=\"1024\" height=\"785\" srcset=\"https:\/\/d2p6e6u75xmxt8.cloudfront.net\/12\/2021\/04\/Running-in-a-park-rofimedia-0599762742-1024x785.jpg 1024w, https:\/\/d2p6e6u75xmxt8.cloudfront.net\/12\/2021\/04\/Running-in-a-park-rofimedia-0599762742-300x230.jpg 300w, https:\/\/d2p6e6u75xmxt8.cloudfront.net\/12\/2021\/04\/Running-in-a-park-rofimedia-0599762742-768x589.jpg 768w, https:\/\/d2p6e6u75xmxt8.cloudfront.net\/12\/2021\/04\/Running-in-a-park-rofimedia-0599762742.jpg 1250w\" sizes=\"auto, (max-width: 1024px) 100vw, 1024px\" \/><\/a><figcaption id=\"caption-attachment-10529\" class=\"wp-caption-text\"><em>Az eg\u00e9szs\u00e9ges \u00e9trend betart\u00e1sa cs\u00f6kkenti a sz\u00edvbetegs\u00e9gek kialakul\u00e1s\u00e1nak kock\u00e1zat\u00e1t. \u00a9 Profimedia<\/em><\/figcaption><\/figure>\n<h2><strong>S\u00faly, aktivit\u00e1s \u00e9s a sz\u00edv eg\u00e9szs\u00e9gi \u00e1llapota<\/strong><\/h2>\n<p>A kutat\u00f3k 527 662 dolgoz\u00f3 feln\u0151tt spanyol ember adatait haszn\u00e1lt\u00e1k fel, a r\u00e9sztvev\u0151k \u00e1tlagos \u00e9letkora 42 \u00e9v volt, 32%-uk n\u0151. A testt\u00f6meg \u00e9rt\u00e9kel\u00e9s\u00e9hez a testt\u00f6meg-indexet (BMI) haszn\u00e1lt\u00e1k. A fizikai aktivit\u00e1st \u00f6sszehasonl\u00edtott\u00e1k az Eg\u00e9szs\u00e9g\u00fcgyi Vil\u00e1gszervezet (WHO) \u00e1ltal aj\u00e1nlott heti 150 perc mozg\u00e1shoz m\u00e9rt\u00e9k A sz\u00edv- \u00e9s \u00e9rrendszeri eg\u00e9szs\u00e9get pedig h\u00e1rom f\u0151 kock\u00e1zati t\u00e9nyez\u0151 hat\u00e1rozta meg: cukorbetegs\u00e9g, magas koleszterinszint \u00e9s magas v\u00e9rnyom\u00e1s.<\/p>\n<p>A s\u00faly alapj\u00e1n h\u00e1rom kateg\u00f3ri\u00e1ba sorolt\u00e1k az alanyokat:<\/p>\n<p>\u2022 Norm\u00e1l tests\u00faly (BMI 20-24,9) &#8211; a r\u00e9sztvev\u0151k 42% -a<br \/>\n\u2022 T\u00fals\u00faly (BMI 25-29,9) &#8211; a r\u00e9sztvev\u0151k 41% -a<br \/>\n\u2022 Elh\u00edzott (BMI 30 vay t\u00f6bb) &#8211; a r\u00e9sztvev\u0151k 18% -a<\/p>\n<p>\u00c9s szint\u00e9n h\u00e1romba aktivit\u00e1suk alapj\u00e1n:<\/p>\n<p>\u2022 Rendszeresen mozog, a WHO \u00e1ltal aj\u00e1nlott minimumot vagy ann\u00e1l t\u00f6bbet teljes\u00edt &#8211; a r\u00e9sztvev\u0151k 24% -a<br \/>\n\u2022 Nem el\u00e9gg\u00e9 akt\u00edv, kevesebbet teljes\u00edt, mint a WHO minimuma &#8211; a r\u00e9sztvev\u0151k 12% -a<br \/>\n\u2022 Inakt\u00edv, mozg\u00e1s n\u00e9lk\u00fcl \u00e9l &#8211; a r\u00e9sztvev\u0151k 64% -a<\/p>\n<figure id=\"attachment_10530\" aria-describedby=\"caption-attachment-10530\" style=\"width: 1024px\" class=\"wp-caption alignnone\"><a href=\"https:\/\/d2p6e6u75xmxt8.cloudfront.net\/2\/2021\/03\/Exercise-profimedia-0600809527.jpg\"><img loading=\"lazy\" decoding=\"async\" class=\"wp-image-10530 size-large\" src=\"https:\/\/d2p6e6u75xmxt8.cloudfront.net\/12\/2021\/04\/Exercise-profimedia-0600809527-1024x682.jpg\" alt=\"Exercise\" width=\"1024\" height=\"682\" srcset=\"https:\/\/d2p6e6u75xmxt8.cloudfront.net\/12\/2021\/04\/Exercise-profimedia-0600809527-1024x682.jpg 1024w, https:\/\/d2p6e6u75xmxt8.cloudfront.net\/12\/2021\/04\/Exercise-profimedia-0600809527-300x200.jpg 300w, https:\/\/d2p6e6u75xmxt8.cloudfront.net\/12\/2021\/04\/Exercise-profimedia-0600809527-768x512.jpg 768w, https:\/\/d2p6e6u75xmxt8.cloudfront.net\/12\/2021\/04\/Exercise-profimedia-0600809527-272x182.jpg 272w, https:\/\/d2p6e6u75xmxt8.cloudfront.net\/12\/2021\/04\/Exercise-profimedia-0600809527.jpg 1250w\" sizes=\"auto, (max-width: 1024px) 100vw, 1024px\" \/><\/a><figcaption id=\"caption-attachment-10530\" class=\"wp-caption-text\">Min\u00e9l t\u00f6bb a fizikai aktivit\u00e1s, ann\u00e1l jobb! \u00a9 Profimedia<\/figcaption><\/figure>\n<h2><strong>Mindenkinek fizikailag akt\u00edvnak kellene lennie<\/strong><\/h2>\n<p>A kutat\u00f3k meg\u00e1llap\u00edtott\u00e1k, hogy az inakt\u00edv \u00e9lettel ellent\u00e9tben b\u00e1rmilyen mozg\u00e1sforma, f\u00fcggetlen\u00fcl att\u00f3l, hogy teljes\u00edti-e a WHO minimum\u00e1t vagy sem, a cukorbetegs\u00e9g, a magas v\u00e9rnyom\u00e1s vagy a magas koleszterinszint alacsonyabb val\u00f3sz\u00edn\u0171s\u00e9g\u00e9vel volt \u00f6sszef\u00fcgg\u00e9sben. \u00c9s ez mind a h\u00e1rom testt\u00f6megcsoportra igaznak bizonyult.<\/p>\n<p><em>\u201eEz alapj\u00e1n kider\u00fclt, hogy testt\u00f6megt\u0151l f\u00fcggetlen\u00fcl mindenkinek fizikailag akt\u00edvnak kell lennie az eg\u00e9szs\u00e9ge v\u00e9delm\u00e9nek \u00e9rdek\u00e9ben. B\u00e1rmilyen s\u00faly eset\u00e9ben cs\u00f6kkent a cukorbetegs\u00e9g \u00e9s a magas v\u00e9rnyom\u00e1s es\u00e9lye a fizikai aktivit\u00e1s n\u00f6veked\u00e9s\u00e9vel. Term\u00e9szetesen min\u00e9l t\u00f6bb a mozg\u00e1s, ann\u00e1l jobb, ez\u00e9rt a napi 30 perc s\u00e9ta hasznosabb, mint a napi 15 perc<\/em>\u201d- fejtette ki Dr. Alejandro Lucia.<\/p>\n<h2><strong>A t\u00fals\u00faly m\u00e9g t\u00f6bb mozg\u00e1s eset\u00e9n is kock\u00e1zattal j\u00e1r<\/strong><\/h2>\n<p>Sajnos ez a tanulm\u00e1ny egy \u00fajabb aggaszt\u00f3 t\u00e9nyt \u00e1llap\u00edtott meg. A fizikailag akt\u00edv, elh\u00edzott emberekn\u00e9l k\u00f6r\u00fclbel\u00fcl k\u00e9tszer nagyobb volt a magas koleszterinszint, n\u00e9gyszer nagyobb a cukorbetegs\u00e9g, \u00e9s \u00f6tsz\u00f6r nagyobb a magas v\u00e9rnyom\u00e1s, mint az inakt\u00edv egy\u00e9nekn\u00e9l.<\/p>\n<figure id=\"attachment_10531\" aria-describedby=\"caption-attachment-10531\" style=\"width: 1024px\" class=\"wp-caption alignnone\"><a href=\"https:\/\/d2p6e6u75xmxt8.cloudfront.net\/2\/2021\/03\/Empty-gym-profimedia-0580870476.jpg\"><img loading=\"lazy\" decoding=\"async\" class=\"wp-image-10531 size-large\" src=\"https:\/\/d2p6e6u75xmxt8.cloudfront.net\/12\/2021\/04\/Empty-gym-profimedia-0580870476-1024x683.jpg\" alt=\"Empty gym\" width=\"1024\" height=\"683\" srcset=\"https:\/\/d2p6e6u75xmxt8.cloudfront.net\/12\/2021\/04\/Empty-gym-profimedia-0580870476-1024x683.jpg 1024w, https:\/\/d2p6e6u75xmxt8.cloudfront.net\/12\/2021\/04\/Empty-gym-profimedia-0580870476-300x200.jpg 300w, https:\/\/d2p6e6u75xmxt8.cloudfront.net\/12\/2021\/04\/Empty-gym-profimedia-0580870476-768x512.jpg 768w, https:\/\/d2p6e6u75xmxt8.cloudfront.net\/12\/2021\/04\/Empty-gym-profimedia-0580870476-272x182.jpg 272w, https:\/\/d2p6e6u75xmxt8.cloudfront.net\/12\/2021\/04\/Empty-gym-profimedia-0580870476.jpg 1250w\" sizes=\"auto, (max-width: 1024px) 100vw, 1024px\" \/><\/a><figcaption id=\"caption-attachment-10531\" class=\"wp-caption-text\">\u201eA t\u00fals\u00faly \u00e9s az elh\u00edz\u00e1s fokozott kardiometabolikus kock\u00e1zattal j\u00e1rnak.\u201d \u00a9 Profimedia<\/figcaption><\/figure>\n<p><em>\u201e\u00dagy t\u0171nik, hogy a testmozg\u00e1s nem kompenz\u00e1lja a t\u00fals\u00faly negat\u00edv hat\u00e1sait. Ezt a meg\u00e1llap\u00edt\u00e1st \u00f6sszess\u00e9g\u00e9ben mind a f\u00e9rfiak, mind a n\u0151k eset\u00e9ben megfigyelt\u00fck\u201d<\/em> &#8211; mondta Dr. Lucia.<\/p>\n<h2><strong>Az elh\u00edz\u00e1s \u00e9s az inaktivit\u00e1s elleni k\u00fczdelem ugyanolyan fontos<\/strong><\/h2>\n<p><em>\u201eEz volt az els\u0151 orsz\u00e1gos elemz\u00e9s, ami kimutatta, hogy a rendszeres aktivit\u00e1s val\u00f3sz\u00edn\u0171leg nem sz\u00fcnteti meg a felesleges testzs\u00edr k\u00e1ros eg\u00e9szs\u00e9g\u00fcgyi hat\u00e1sait. Meg\u00e1llap\u00edt\u00e1saink c\u00e1folj\u00e1k azt a felfog\u00e1st, miszerint a fizikailag akt\u00edv \u00e9letm\u00f3d ellens\u00falyozhatja a t\u00fals\u00faly \u00e9s az elh\u00edz\u00e1s k\u00e1ros hat\u00e1sait. Az elh\u00edz\u00e1s \u00e9s az inaktivit\u00e1s elleni k\u00fczdelem ugyanolyan fontos. K\u00f6z\u00f6s csat\u00e1nak kell ennek lennie. A fogy\u00e1snak tov\u00e1bbra is az eg\u00e9szs\u00e9gpolitika els\u0151dleges c\u00e9lj\u00e1nak kell maradnia, az akt\u00edv \u00e9letm\u00f3d n\u00e9pszer\u0171s\u00edt\u00e9s\u00e9vel egy\u00fctt \u201d-<\/em> z\u00e1rja Dr. Lucia.<\/p>\n","protected":false},"excerpt":{"rendered":"<p>Mi a fontosabb: fizikailag akt\u00edvnak maradni vagy lefogyni az ide\u00e1lis tests\u00falyig? Egy \u00faj tanulm\u00e1ny c\u00e9lja az extra testt\u00f6meg \u00e9s a [&hellip;]<\/p>\n","protected":false},"author":71,"featured_media":10533,"comment_status":"closed","ping_status":"closed","sticky":false,"template":"","format":"standard","meta":{"footnotes":""},"categories":[6],"tags":[],"global-categories":[],"class_list":["post-10528","post","type-post","status-publish","format-standard","has-post-thumbnail","hentry","category-edzes-es-eletmod"],"yoast_head":"<!-- This site is optimized with the Yoast SEO Premium plugin v25.3 (Yoast SEO v25.9) - https:\/\/yoast.com\/wordpress\/plugins\/seo\/ -->\n<title>Melyik a fontosabb - er\u0151s\u00edt\u00e9s vagy fogy\u00e1s?<\/title>\n<meta name=\"description\" content=\"Mi a fontosabb: fizikailag akt\u00edvnak maradni vagy lefogyni az ide\u00e1lis tests\u00falyig? Egy \u00faj tanulm\u00e1ny c\u00e9lja az extra testt\u00f6meg \u00e9s a fizikai aktivit\u00e1s eg\u00e9szs\u00e9g\u00e9re gyakorolt hat\u00e1sainak \u00f6sszehasonl\u00edt\u00e1sa. L\u00e1ssuk, mit jelent ez sz\u00e1modra!\" \/>\n<meta name=\"robots\" content=\"index, follow, max-snippet:-1, max-image-preview:large, max-video-preview:-1\" \/>\n<link rel=\"canonical\" href=\"https:\/\/www.welovecycling.com\/hu\/edzes-es-eletmod\/melyik-a-fontosabb-erosites-vagy-fogyas\/\" \/>\n<meta property=\"og:locale\" content=\"hu_HU\" \/>\n<meta property=\"og:type\" content=\"article\" \/>\n<meta property=\"og:title\" content=\"Melyik a fontosabb - er\u0151s\u00edt\u00e9s vagy fogy\u00e1s?\" \/>\n<meta property=\"og:description\" content=\"Mi a fontosabb: fizikailag akt\u00edvnak maradni vagy lefogyni az ide\u00e1lis tests\u00falyig? Egy \u00faj tanulm\u00e1ny c\u00e9lja az extra testt\u00f6meg \u00e9s a fizikai aktivit\u00e1s eg\u00e9szs\u00e9g\u00e9re gyakorolt hat\u00e1sainak \u00f6sszehasonl\u00edt\u00e1sa. L\u00e1ssuk, mit jelent ez sz\u00e1modra!\" \/>\n<meta property=\"og:url\" content=\"https:\/\/www.welovecycling.com\/hu\/edzes-es-eletmod\/melyik-a-fontosabb-erosites-vagy-fogyas\/\" \/>\n<meta property=\"og:site_name\" content=\"\u0160koda We Love Cycling - Magyarorsz\u00e1g\" \/>\n<meta property=\"article:publisher\" content=\"https:\/\/www.facebook.com\/WeLoveCyclingHungary\/\" \/>\n<meta property=\"article:published_time\" content=\"2021-04-07T07:00:27+00:00\" \/>\n<meta property=\"og:image\" content=\"https:\/\/d2p6e6u75xmxt8.cloudfront.net\/12\/2021\/04\/Indoor-Cycling-profimedia-0600938891-CVR.jpg\" \/>\n\t<meta property=\"og:image:width\" content=\"1366\" \/>\n\t<meta property=\"og:image:height\" content=\"600\" \/>\n\t<meta property=\"og:image:type\" content=\"image\/jpeg\" \/>\n<meta name=\"author\" content=\"hegyizs\" \/>\n<meta name=\"twitter:card\" content=\"summary_large_image\" \/>\n<meta name=\"twitter:label1\" content=\"Written by\" \/>\n\t<meta name=\"twitter:data1\" content=\"Jiri Kaloc\" \/>\n\t<meta name=\"twitter:label2\" content=\"Est. reading time\" \/>\n\t<meta name=\"twitter:data2\" content=\"6\" \/>\n<script type=\"application\/ld+json\" class=\"yoast-schema-graph\">{\"@context\":\"https:\/\/schema.org\",\"@graph\":[{\"@type\":\"WebPage\",\"@id\":\"https:\/\/www.welovecycling.com\/hu\/edzes-es-eletmod\/melyik-a-fontosabb-erosites-vagy-fogyas\/\",\"url\":\"https:\/\/www.welovecycling.com\/hu\/edzes-es-eletmod\/melyik-a-fontosabb-erosites-vagy-fogyas\/\",\"name\":\"Melyik a fontosabb - er\u0151s\u00edt\u00e9s vagy fogy\u00e1s?\",\"isPartOf\":{\"@id\":\"https:\/\/www.welovecycling.com\/hu\/#website\"},\"primaryImageOfPage\":{\"@id\":\"https:\/\/www.welovecycling.com\/hu\/edzes-es-eletmod\/melyik-a-fontosabb-erosites-vagy-fogyas\/#primaryimage\"},\"image\":{\"@id\":\"https:\/\/www.welovecycling.com\/hu\/edzes-es-eletmod\/melyik-a-fontosabb-erosites-vagy-fogyas\/#primaryimage\"},\"thumbnailUrl\":\"https:\/\/d2p6e6u75xmxt8.cloudfront.net\/12\/2021\/04\/Indoor-Cycling-profimedia-0600938891-CVR.jpg\",\"datePublished\":\"2021-04-07T07:00:27+00:00\",\"author\":{\"@id\":\"https:\/\/www.welovecycling.com\/hu\/#\/schema\/person\/414a2aebf1801691a5320edb6468e194\"},\"description\":\"Mi a fontosabb: fizikailag akt\u00edvnak maradni vagy lefogyni az ide\u00e1lis tests\u00falyig? Egy \u00faj tanulm\u00e1ny c\u00e9lja az extra testt\u00f6meg \u00e9s a fizikai aktivit\u00e1s eg\u00e9szs\u00e9g\u00e9re gyakorolt hat\u00e1sainak \u00f6sszehasonl\u00edt\u00e1sa. L\u00e1ssuk, mit jelent ez sz\u00e1modra!\",\"breadcrumb\":{\"@id\":\"https:\/\/www.welovecycling.com\/hu\/edzes-es-eletmod\/melyik-a-fontosabb-erosites-vagy-fogyas\/#breadcrumb\"},\"inLanguage\":\"hu\",\"potentialAction\":[{\"@type\":\"ReadAction\",\"target\":[\"https:\/\/www.welovecycling.com\/hu\/edzes-es-eletmod\/melyik-a-fontosabb-erosites-vagy-fogyas\/\"]}]},{\"@type\":\"ImageObject\",\"inLanguage\":\"hu\",\"@id\":\"https:\/\/www.welovecycling.com\/hu\/edzes-es-eletmod\/melyik-a-fontosabb-erosites-vagy-fogyas\/#primaryimage\",\"url\":\"https:\/\/d2p6e6u75xmxt8.cloudfront.net\/12\/2021\/04\/Indoor-Cycling-profimedia-0600938891-CVR.jpg\",\"contentUrl\":\"https:\/\/d2p6e6u75xmxt8.cloudfront.net\/12\/2021\/04\/Indoor-Cycling-profimedia-0600938891-CVR.jpg\",\"width\":1366,\"height\":600,\"caption\":\"Indoor cycling\"},{\"@type\":\"BreadcrumbList\",\"@id\":\"https:\/\/www.welovecycling.com\/hu\/edzes-es-eletmod\/melyik-a-fontosabb-erosites-vagy-fogyas\/#breadcrumb\",\"itemListElement\":[{\"@type\":\"ListItem\",\"position\":1,\"name\":\"Home\",\"item\":\"https:\/\/www.welovecycling.com\/hu\/\"},{\"@type\":\"ListItem\",\"position\":2,\"name\":\"Melyik a fontosabb &#8211; er\u0151s\u00edt\u00e9s vagy fogy\u00e1s?\"}]},{\"@type\":\"WebSite\",\"@id\":\"https:\/\/www.welovecycling.com\/hu\/#website\",\"url\":\"https:\/\/www.welovecycling.com\/hu\/\",\"name\":\"\u0160koda We Love Cycling - Magyarorsz\u00e1g\",\"description\":\"\u0160koda WeLoveCycling\",\"potentialAction\":[{\"@type\":\"SearchAction\",\"target\":{\"@type\":\"EntryPoint\",\"urlTemplate\":\"https:\/\/www.welovecycling.com\/hu\/?s={search_term_string}\"},\"query-input\":{\"@type\":\"PropertyValueSpecification\",\"valueRequired\":true,\"valueName\":\"search_term_string\"}}],\"inLanguage\":\"hu\"},{\"@type\":\"Person\",\"@id\":\"https:\/\/www.welovecycling.com\/hu\/#\/schema\/person\/414a2aebf1801691a5320edb6468e194\",\"name\":\"hegyizs\",\"image\":{\"@type\":\"ImageObject\",\"inLanguage\":\"hu\",\"@id\":\"https:\/\/www.welovecycling.com\/hu\/#\/schema\/person\/image\/\",\"url\":\"https:\/\/secure.gravatar.com\/avatar\/02cf8a7906b8cf90cecb4679defac7cfd33a1c2e3b88e4903d947f3bb58eedd3?s=96&d=mm&r=g\",\"contentUrl\":\"https:\/\/secure.gravatar.com\/avatar\/02cf8a7906b8cf90cecb4679defac7cfd33a1c2e3b88e4903d947f3bb58eedd3?s=96&d=mm&r=g\",\"caption\":\"hegyizs\"},\"url\":\"https:\/\/www.welovecycling.com\/hu\/author\/hegyizs\/\"}]}<\/script>\n<!-- \/ Yoast SEO Premium plugin. -->","yoast_head_json":{"title":"Melyik a fontosabb - er\u0151s\u00edt\u00e9s vagy fogy\u00e1s?","description":"Mi a fontosabb: fizikailag akt\u00edvnak maradni vagy lefogyni az ide\u00e1lis tests\u00falyig? Egy \u00faj tanulm\u00e1ny c\u00e9lja az extra testt\u00f6meg \u00e9s a fizikai aktivit\u00e1s eg\u00e9szs\u00e9g\u00e9re gyakorolt hat\u00e1sainak \u00f6sszehasonl\u00edt\u00e1sa. L\u00e1ssuk, mit jelent ez sz\u00e1modra!","robots":{"index":"index","follow":"follow","max-snippet":"max-snippet:-1","max-image-preview":"max-image-preview:large","max-video-preview":"max-video-preview:-1"},"canonical":"https:\/\/www.welovecycling.com\/hu\/edzes-es-eletmod\/melyik-a-fontosabb-erosites-vagy-fogyas\/","og_locale":"hu_HU","og_type":"article","og_title":"Melyik a fontosabb - er\u0151s\u00edt\u00e9s vagy fogy\u00e1s?","og_description":"Mi a fontosabb: fizikailag akt\u00edvnak maradni vagy lefogyni az ide\u00e1lis tests\u00falyig? Egy \u00faj tanulm\u00e1ny c\u00e9lja az extra testt\u00f6meg \u00e9s a fizikai aktivit\u00e1s eg\u00e9szs\u00e9g\u00e9re gyakorolt hat\u00e1sainak \u00f6sszehasonl\u00edt\u00e1sa. L\u00e1ssuk, mit jelent ez sz\u00e1modra!","og_url":"https:\/\/www.welovecycling.com\/hu\/edzes-es-eletmod\/melyik-a-fontosabb-erosites-vagy-fogyas\/","og_site_name":"\u0160koda We Love Cycling - Magyarorsz\u00e1g","article_publisher":"https:\/\/www.facebook.com\/WeLoveCyclingHungary\/","article_published_time":"2021-04-07T07:00:27+00:00","og_image":[{"width":1366,"height":600,"url":"https:\/\/d2p6e6u75xmxt8.cloudfront.net\/12\/2021\/04\/Indoor-Cycling-profimedia-0600938891-CVR.jpg","type":"image\/jpeg"}],"author":"hegyizs","twitter_card":"summary_large_image","twitter_misc":{"Written by":"Jiri Kaloc","Est. reading time":"6"},"schema":{"@context":"https:\/\/schema.org","@graph":[{"@type":"WebPage","@id":"https:\/\/www.welovecycling.com\/hu\/edzes-es-eletmod\/melyik-a-fontosabb-erosites-vagy-fogyas\/","url":"https:\/\/www.welovecycling.com\/hu\/edzes-es-eletmod\/melyik-a-fontosabb-erosites-vagy-fogyas\/","name":"Melyik a fontosabb - er\u0151s\u00edt\u00e9s vagy fogy\u00e1s?","isPartOf":{"@id":"https:\/\/www.welovecycling.com\/hu\/#website"},"primaryImageOfPage":{"@id":"https:\/\/www.welovecycling.com\/hu\/edzes-es-eletmod\/melyik-a-fontosabb-erosites-vagy-fogyas\/#primaryimage"},"image":{"@id":"https:\/\/www.welovecycling.com\/hu\/edzes-es-eletmod\/melyik-a-fontosabb-erosites-vagy-fogyas\/#primaryimage"},"thumbnailUrl":"https:\/\/d2p6e6u75xmxt8.cloudfront.net\/12\/2021\/04\/Indoor-Cycling-profimedia-0600938891-CVR.jpg","datePublished":"2021-04-07T07:00:27+00:00","author":{"@id":"https:\/\/www.welovecycling.com\/hu\/#\/schema\/person\/414a2aebf1801691a5320edb6468e194"},"description":"Mi a fontosabb: fizikailag akt\u00edvnak maradni vagy lefogyni az ide\u00e1lis tests\u00falyig? Egy \u00faj tanulm\u00e1ny c\u00e9lja az extra testt\u00f6meg \u00e9s a fizikai aktivit\u00e1s eg\u00e9szs\u00e9g\u00e9re gyakorolt hat\u00e1sainak \u00f6sszehasonl\u00edt\u00e1sa. L\u00e1ssuk, mit jelent ez sz\u00e1modra!","breadcrumb":{"@id":"https:\/\/www.welovecycling.com\/hu\/edzes-es-eletmod\/melyik-a-fontosabb-erosites-vagy-fogyas\/#breadcrumb"},"inLanguage":"hu","potentialAction":[{"@type":"ReadAction","target":["https:\/\/www.welovecycling.com\/hu\/edzes-es-eletmod\/melyik-a-fontosabb-erosites-vagy-fogyas\/"]}]},{"@type":"ImageObject","inLanguage":"hu","@id":"https:\/\/www.welovecycling.com\/hu\/edzes-es-eletmod\/melyik-a-fontosabb-erosites-vagy-fogyas\/#primaryimage","url":"https:\/\/d2p6e6u75xmxt8.cloudfront.net\/12\/2021\/04\/Indoor-Cycling-profimedia-0600938891-CVR.jpg","contentUrl":"https:\/\/d2p6e6u75xmxt8.cloudfront.net\/12\/2021\/04\/Indoor-Cycling-profimedia-0600938891-CVR.jpg","width":1366,"height":600,"caption":"Indoor cycling"},{"@type":"BreadcrumbList","@id":"https:\/\/www.welovecycling.com\/hu\/edzes-es-eletmod\/melyik-a-fontosabb-erosites-vagy-fogyas\/#breadcrumb","itemListElement":[{"@type":"ListItem","position":1,"name":"Home","item":"https:\/\/www.welovecycling.com\/hu\/"},{"@type":"ListItem","position":2,"name":"Melyik a fontosabb &#8211; er\u0151s\u00edt\u00e9s vagy fogy\u00e1s?"}]},{"@type":"WebSite","@id":"https:\/\/www.welovecycling.com\/hu\/#website","url":"https:\/\/www.welovecycling.com\/hu\/","name":"\u0160koda We Love Cycling - Magyarorsz\u00e1g","description":"\u0160koda WeLoveCycling","potentialAction":[{"@type":"SearchAction","target":{"@type":"EntryPoint","urlTemplate":"https:\/\/www.welovecycling.com\/hu\/?s={search_term_string}"},"query-input":{"@type":"PropertyValueSpecification","valueRequired":true,"valueName":"search_term_string"}}],"inLanguage":"hu"},{"@type":"Person","@id":"https:\/\/www.welovecycling.com\/hu\/#\/schema\/person\/414a2aebf1801691a5320edb6468e194","name":"hegyizs","image":{"@type":"ImageObject","inLanguage":"hu","@id":"https:\/\/www.welovecycling.com\/hu\/#\/schema\/person\/image\/","url":"https:\/\/secure.gravatar.com\/avatar\/02cf8a7906b8cf90cecb4679defac7cfd33a1c2e3b88e4903d947f3bb58eedd3?s=96&d=mm&r=g","contentUrl":"https:\/\/secure.gravatar.com\/avatar\/02cf8a7906b8cf90cecb4679defac7cfd33a1c2e3b88e4903d947f3bb58eedd3?s=96&d=mm&r=g","caption":"hegyizs"},"url":"https:\/\/www.welovecycling.com\/hu\/author\/hegyizs\/"}]}},"_links":{"self":[{"href":"https:\/\/www.welovecycling.com\/hu\/wp-json\/wp\/v2\/posts\/10528","targetHints":{"allow":["GET"]}}],"collection":[{"href":"https:\/\/www.welovecycling.com\/hu\/wp-json\/wp\/v2\/posts"}],"about":[{"href":"https:\/\/www.welovecycling.com\/hu\/wp-json\/wp\/v2\/types\/post"}],"author":[{"embeddable":true,"href":"https:\/\/www.welovecycling.com\/hu\/wp-json\/wp\/v2\/users\/71"}],"replies":[{"embeddable":true,"href":"https:\/\/www.welovecycling.com\/hu\/wp-json\/wp\/v2\/comments?post=10528"}],"version-history":[{"count":2,"href":"https:\/\/www.welovecycling.com\/hu\/wp-json\/wp\/v2\/posts\/10528\/revisions"}],"predecessor-version":[{"id":10560,"href":"https:\/\/www.welovecycling.com\/hu\/wp-json\/wp\/v2\/posts\/10528\/revisions\/10560"}],"wp:featuredmedia":[{"embeddable":true,"href":"https:\/\/www.welovecycling.com\/hu\/wp-json\/wp\/v2\/media\/10533"}],"wp:attachment":[{"href":"https:\/\/www.welovecycling.com\/hu\/wp-json\/wp\/v2\/media?parent=10528"}],"wp:term":[{"taxonomy":"category","embeddable":true,"href":"https:\/\/www.welovecycling.com\/hu\/wp-json\/wp\/v2\/categories?post=10528"},{"taxonomy":"post_tag","embeddable":true,"href":"https:\/\/www.welovecycling.com\/hu\/wp-json\/wp\/v2\/tags?post=10528"},{"taxonomy":"global-categories","embeddable":true,"href":"https:\/\/www.welovecycling.com\/hu\/wp-json\/wp\/v2\/global-categories?post=10528"}],"curies":[{"name":"wp","href":"https:\/\/api.w.org\/{rel}","templated":true}]}}