{"id":10524,"date":"2021-04-06T08:00:18","date_gmt":"2021-04-06T07:00:18","guid":{"rendered":"https:\/\/www.welovecycling.com\/hu\/?p=10524"},"modified":"2021-04-01T19:29:15","modified_gmt":"2021-04-01T18:29:15","slug":"tipikus-hibak-a-szezon-elejen-keszulj-fel-az-idojarasra","status":"publish","type":"post","link":"https:\/\/www.welovecycling.com\/hu\/edzes-es-eletmod\/tipikus-hibak-a-szezon-elejen-keszulj-fel-az-idojarasra\/","title":{"rendered":"Tipikus hib\u00e1k a szezon elej\u00e9n: K\u00e9sz\u00fclj fel az id\u0151j\u00e1r\u00e1sra!"},"content":{"rendered":"<p><strong>\u00c1t\u00e1llt\u00e1l a belt\u00e9ri bicikliz\u00e9sre szezonon k\u00edv\u00fcl? Szuper! Ez viszont azt jelenti, hogy nem \u00e1rt, ha kapsz n\u00e9h\u00e1ny eml\u00e9keztet\u0151t arr\u00f3l, milyen kih\u00edv\u00e1sok v\u00e1rhatnak a szabadban. Tarts vel\u00fcnk \u00e9s vegy\u00fck \u00e1t, hogyan \u00e9rdemes felk\u00e9sz\u00edteni magadat \u00e9s biciklidet a tavaszi id\u0151re!<\/strong><\/p>\n<p><!--more--><\/p>\n<h2><strong>Ne becs\u00fcld le az id\u0151j\u00e1r\u00e1st!<\/strong><\/h2>\n<p>Az \u0151szi \u00e9s a tavaszi id\u0151j\u00e1r\u00e1s a kisz\u00e1m\u00edthatatlans\u00e1g\u00e1r\u00f3l h\u00edres. Term\u00e9szetesen ez nem ok arra, hogy ne mozduljunk ki, viszont \u00e9rdemes mindenre felk\u00e9sz\u00fclni. Alul\u00f6lt\u00f6zve, sz\u00e9ldzseki n\u00e9lk\u00fcli vagy megfelel\u0151 felszerel\u00e9s n\u00e9lk\u00fcl kimenni es\u0151be maga a r\u00e9m\u00e1lom. Ennek ellen\u00e9re a t\u00fal\u00f6lt\u00f6z\u00e9s sem j\u00f3 \u00f6tlet, a folyamatos izzad\u00e1s ugyanis t\u00f6nkreteheti az \u00e9lm\u00e9nyt.<\/p>\n<figure id=\"attachment_10525\" aria-describedby=\"caption-attachment-10525\" style=\"width: 1024px\" class=\"wp-caption alignnone\"><a href=\"https:\/\/d2p6e6u75xmxt8.cloudfront.net\/2\/2021\/03\/profimedia-0596445583.jpg\"><img loading=\"lazy\" decoding=\"async\" class=\"wp-image-10525 size-large\" src=\"https:\/\/d2p6e6u75xmxt8.cloudfront.net\/12\/2021\/04\/profimedia-0596445583-1024x666.jpg\" alt=\"Cycling in rain\" width=\"1024\" height=\"666\" srcset=\"https:\/\/d2p6e6u75xmxt8.cloudfront.net\/12\/2021\/04\/profimedia-0596445583-1024x666.jpg 1024w, https:\/\/d2p6e6u75xmxt8.cloudfront.net\/12\/2021\/04\/profimedia-0596445583-300x195.jpg 300w, https:\/\/d2p6e6u75xmxt8.cloudfront.net\/12\/2021\/04\/profimedia-0596445583-768x500.jpg 768w, https:\/\/d2p6e6u75xmxt8.cloudfront.net\/12\/2021\/04\/profimedia-0596445583.jpg 1250w\" sizes=\"auto, (max-width: 1024px) 100vw, 1024px\" \/><\/a><figcaption id=\"caption-attachment-10525\" class=\"wp-caption-text\"><em>T\u00e9nyleg az id\u0151j\u00e1r\u00e1snak megfelel\u0151en \u00f6lt\u00f6zt\u00e9l? \u00a9 Profimedia<\/em><\/figcaption><\/figure>\n<p><strong>Megold\u00e1s:<\/strong> A tavasz t\u00f6k\u00e9letes id\u0151szak arra, hogy teszteld a ker\u00e9kp\u00e1ros ruh\u00e1zatod. Kulcsfontoss\u00e1g\u00fa, hogy olyan ruh\u00e1kat \u00e9s kieg\u00e9sz\u00edt\u0151ket szerezz be, amik lehet\u0151v\u00e9 teszik, hogy az aktu\u00e1lis id\u0151j\u00e1r\u00e1si viszonyokhoz tudj igazodni. Cikk\u00fcnkb\u0151l kapsz n\u00e9h\u00e1ny tippet arra, hogyan tudod ezt j\u00f3l megval\u00f3s\u00edtani. Term\u00e9szetesen a m\u00e1r j\u00f3l bev\u00e1lt tr\u00fckk\u00f6kr\u0151l se feledkezz meg!<\/p>\n<p>1.\u00a0 Folyamatosan figyeld az id\u0151j\u00e1r\u00e1s-el\u0151rejelz\u00e9st!<\/p>\n<p>2.\u00a0 \u00d6lt\u00f6zz fel \u00fagy, hogy az \u00fat elej\u00e9n egy kicsit h\u0171v\u00f6snek \u00e9rezd az id\u0151t. K\u00e9s\u0151bb be fogsz melegedni.<\/p>\n<p>3.\u00a0 Mindig vigy\u00e9l magaddal egy extra r\u00e9teget, ide\u00e1lis eseteben egy sz\u00e9ldzsekit vagy es\u0151kab\u00e1tot.<\/p>\n<p>A biciklidre szerencs\u00e9re m\u00e1r nem kell a hideg miatt vigy\u00e1zni, de c\u00e9lszer\u0171 elv\u00e9gezned n\u00e9h\u00e1ny ellen\u0151rz\u00e9st indul\u00e1s el\u0151tt. \u00cdme n\u00e9h\u00e1ny fontos dolog, amit mindenkinek meg kell tennie m\u00e9g a szezon elej\u00e9n. Ha m\u00e9g t\u00f6bb r\u00e9szletre vagy k\u00edv\u00e1ncsi, olvasd el a <a href=\"https:\/\/www.welovecycling.com\/hu\/edzes-es-eletmod\/hogyan-keszitsd-fel-a-bringad-a-tavaszra\/\">t\u00e9m\u00e1val foglalkoz\u00f3 cikk\u00fcnket<\/a>!<\/p>\n<figure id=\"attachment_9943\" aria-describedby=\"caption-attachment-9943\" style=\"width: 1024px\" class=\"wp-caption alignnone\"><a href=\"https:\/\/d2p6e6u75xmxt8.cloudfront.net\/2\/2020\/12\/Track-pump-profimedia-0342187227.jpg\"><img loading=\"lazy\" decoding=\"async\" class=\"size-large wp-image-9943\" src=\"https:\/\/d2p6e6u75xmxt8.cloudfront.net\/12\/2021\/01\/Track-pump-profimedia-0342187227-1024x682.jpg\" alt=\"Track pump\" width=\"1024\" height=\"682\" srcset=\"https:\/\/d2p6e6u75xmxt8.cloudfront.net\/12\/2021\/01\/Track-pump-profimedia-0342187227-1024x682.jpg 1024w, https:\/\/d2p6e6u75xmxt8.cloudfront.net\/12\/2021\/01\/Track-pump-profimedia-0342187227-300x200.jpg 300w, https:\/\/d2p6e6u75xmxt8.cloudfront.net\/12\/2021\/01\/Track-pump-profimedia-0342187227-768x511.jpg 768w, https:\/\/d2p6e6u75xmxt8.cloudfront.net\/12\/2021\/01\/Track-pump-profimedia-0342187227-272x182.jpg 272w, https:\/\/d2p6e6u75xmxt8.cloudfront.net\/12\/2021\/01\/Track-pump-profimedia-0342187227.jpg 1250w\" sizes=\"auto, (max-width: 1024px) 100vw, 1024px\" \/><\/a><figcaption id=\"caption-attachment-9943\" class=\"wp-caption-text\"><em>Indul\u00e1s el\u0151tt ellen\u0151rizd a biciklidet! \u00a9 Profimedia<\/em><\/figcaption><\/figure>\n<p>1. Ellen\u0151rizd \u00e9s \u00e1ll\u00edtsd be a gumiabroncs nyom\u00e1s\u00e1t!<\/p>\n<p>2. Ellen\u0151rizd, hogy m\u0171k\u00f6dnek-e a f\u00e9kek \u00e9s nem koptak-e el t\u00fals\u00e1gosan!<\/p>\n<p>3. Ellen\u0151rizd, mennyire laza a l\u00e1nc!<\/p>\n<p>4. Ellen\u0151rizd a l\u00e1mp\u00e1k erej\u00e9t!<\/p>\n<h2><strong>Ne v\u00e1ltoztass a poz\u00edci\u00f3don!<\/strong><\/h2>\n<p>Ha m\u00e1r gyakorlott ker\u00e9kp\u00e1ros vagy, nagyon figyelj oda, milyen testhelyzetben vagy a biciklin. Lehet, hogy az \u00fcl\u00e9s magass\u00e1ga vagy az el\u00e9r\u00e9si t\u00e1vols\u00e1g nem pont olyan, mint amire eml\u00e9kezt\u00e9l. Miel\u0151tt \u00e1t\u00e1ll\u00edtan\u00e1d a biciklit, gondold \u00e1t, esetleg nem a te jelenlegi \u00e1llapotod a gond okoz\u00f3ja.<\/p>\n<p><strong>Megold\u00e1s:<\/strong> Kezdd a tavaszi szezont az \u00e1tlagosn\u00e1l egy \u00f3r\u00e1n\u00e1l r\u00f6videbb t\u00far\u00e1kkal \u00e9s figyeld meg, mit \u00e9rzel \u00f6t edz\u00e9s ut\u00e1n. Lehet, hogy r\u00e1j\u00f6ssz, hogy m\u00e9gis j\u00f3k a tavalyi be\u00e1ll\u00edt\u00e1sok, \u00e9s nem kell rajtuk v\u00e1ltoztatni. Ennyi id\u0151 alatt hozz\u00e1szokhatsz a testhelyzethez \u00e9s rugalmasabb\u00e1 is v\u00e1lsz. Term\u00e9szetesen el\u0151fordul, hogy t\u00e9nyleg probl\u00e9m\u00e1s n\u00e9h\u00e1ny be\u00e1ll\u00edt\u00e1s. Ha p\u00e9ld\u00e1ul a nyereggel van gond<a href=\"https:\/\/www.welovecycling.com\/hu\/orszaguti-kerekpar\/beszelgessunk-a-helyes-nyeregpoziciorol\/\">, itt tal\u00e1lsz seg\u00edts\u00e9get!<\/a><\/p>\n","protected":false},"excerpt":{"rendered":"<p>\u00c1t\u00e1llt\u00e1l a belt\u00e9ri bicikliz\u00e9sre szezonon k\u00edv\u00fcl? Szuper! Ez viszont azt jelenti, hogy nem \u00e1rt, ha kapsz n\u00e9h\u00e1ny eml\u00e9keztet\u0151t arr\u00f3l, milyen [&hellip;]<\/p>\n","protected":false},"author":71,"featured_media":10527,"comment_status":"closed","ping_status":"closed","sticky":false,"template":"","format":"standard","meta":{"footnotes":""},"categories":[6],"tags":[],"global-categories":[],"class_list":["post-10524","post","type-post","status-publish","format-standard","has-post-thumbnail","hentry","category-edzes-es-eletmod"],"yoast_head":"<!-- This site is optimized with the Yoast SEO Premium plugin v25.3 (Yoast SEO v25.9) - https:\/\/yoast.com\/wordpress\/plugins\/seo\/ -->\n<title>Tipikus hib\u00e1k a szezon elej\u00e9n: K\u00e9sz\u00fclj fel az id\u0151j\u00e1r\u00e1sra!<\/title>\n<meta name=\"description\" content=\"\u00c1t\u00e1llt\u00e1l a belt\u00e9ri bicikliz\u00e9sre szezonon k\u00edv\u00fcl? Szuper! Ez viszont azt jelenti, hogy nem \u00e1rt, ha kapsz n\u00e9h\u00e1ny eml\u00e9keztet\u0151t arr\u00f3l, milyen kih\u00edv\u00e1sok v\u00e1rhatnak a szabadban.\" \/>\n<meta name=\"robots\" content=\"index, follow, max-snippet:-1, max-image-preview:large, max-video-preview:-1\" \/>\n<link rel=\"canonical\" href=\"https:\/\/www.welovecycling.com\/hu\/edzes-es-eletmod\/tipikus-hibak-a-szezon-elejen-keszulj-fel-az-idojarasra\/\" \/>\n<meta property=\"og:locale\" content=\"hu_HU\" \/>\n<meta property=\"og:type\" content=\"article\" \/>\n<meta property=\"og:title\" content=\"Tipikus hib\u00e1k a szezon elej\u00e9n: K\u00e9sz\u00fclj fel az id\u0151j\u00e1r\u00e1sra!\" \/>\n<meta property=\"og:description\" content=\"\u00c1t\u00e1llt\u00e1l a belt\u00e9ri bicikliz\u00e9sre szezonon k\u00edv\u00fcl? Szuper! Ez viszont azt jelenti, hogy nem \u00e1rt, ha kapsz n\u00e9h\u00e1ny eml\u00e9keztet\u0151t arr\u00f3l, milyen kih\u00edv\u00e1sok v\u00e1rhatnak a szabadban.\" \/>\n<meta property=\"og:url\" content=\"https:\/\/www.welovecycling.com\/hu\/edzes-es-eletmod\/tipikus-hibak-a-szezon-elejen-keszulj-fel-az-idojarasra\/\" \/>\n<meta property=\"og:site_name\" content=\"\u0160koda We Love Cycling - Magyarorsz\u00e1g\" \/>\n<meta property=\"article:publisher\" content=\"https:\/\/www.facebook.com\/WeLoveCyclingHungary\/\" \/>\n<meta property=\"article:published_time\" content=\"2021-04-06T07:00:18+00:00\" \/>\n<meta property=\"og:image\" content=\"https:\/\/d2p6e6u75xmxt8.cloudfront.net\/12\/2021\/04\/Cycling-in-Spring-profimedia-0599393847-CVR.jpg\" \/>\n\t<meta property=\"og:image:width\" content=\"1366\" \/>\n\t<meta property=\"og:image:height\" content=\"600\" \/>\n\t<meta property=\"og:image:type\" content=\"image\/jpeg\" \/>\n<meta name=\"author\" content=\"hegyizs\" \/>\n<meta name=\"twitter:card\" content=\"summary_large_image\" \/>\n<meta name=\"twitter:label1\" content=\"Written by\" \/>\n\t<meta name=\"twitter:data1\" content=\"Jiri Kaloc\" \/>\n\t<meta name=\"twitter:label2\" content=\"Est. reading time\" \/>\n\t<meta name=\"twitter:data2\" content=\"6\" \/>\n<script type=\"application\/ld+json\" class=\"yoast-schema-graph\">{\"@context\":\"https:\/\/schema.org\",\"@graph\":[{\"@type\":\"WebPage\",\"@id\":\"https:\/\/www.welovecycling.com\/hu\/edzes-es-eletmod\/tipikus-hibak-a-szezon-elejen-keszulj-fel-az-idojarasra\/\",\"url\":\"https:\/\/www.welovecycling.com\/hu\/edzes-es-eletmod\/tipikus-hibak-a-szezon-elejen-keszulj-fel-az-idojarasra\/\",\"name\":\"Tipikus hib\u00e1k a szezon elej\u00e9n: K\u00e9sz\u00fclj fel az id\u0151j\u00e1r\u00e1sra!\",\"isPartOf\":{\"@id\":\"https:\/\/www.welovecycling.com\/hu\/#website\"},\"primaryImageOfPage\":{\"@id\":\"https:\/\/www.welovecycling.com\/hu\/edzes-es-eletmod\/tipikus-hibak-a-szezon-elejen-keszulj-fel-az-idojarasra\/#primaryimage\"},\"image\":{\"@id\":\"https:\/\/www.welovecycling.com\/hu\/edzes-es-eletmod\/tipikus-hibak-a-szezon-elejen-keszulj-fel-az-idojarasra\/#primaryimage\"},\"thumbnailUrl\":\"https:\/\/d2p6e6u75xmxt8.cloudfront.net\/12\/2021\/04\/Cycling-in-Spring-profimedia-0599393847-CVR.jpg\",\"datePublished\":\"2021-04-06T07:00:18+00:00\",\"author\":{\"@id\":\"https:\/\/www.welovecycling.com\/hu\/#\/schema\/person\/414a2aebf1801691a5320edb6468e194\"},\"description\":\"\u00c1t\u00e1llt\u00e1l a belt\u00e9ri bicikliz\u00e9sre szezonon k\u00edv\u00fcl? Szuper! Ez viszont azt jelenti, hogy nem \u00e1rt, ha kapsz n\u00e9h\u00e1ny eml\u00e9keztet\u0151t arr\u00f3l, milyen kih\u00edv\u00e1sok v\u00e1rhatnak a szabadban.\",\"breadcrumb\":{\"@id\":\"https:\/\/www.welovecycling.com\/hu\/edzes-es-eletmod\/tipikus-hibak-a-szezon-elejen-keszulj-fel-az-idojarasra\/#breadcrumb\"},\"inLanguage\":\"hu\",\"potentialAction\":[{\"@type\":\"ReadAction\",\"target\":[\"https:\/\/www.welovecycling.com\/hu\/edzes-es-eletmod\/tipikus-hibak-a-szezon-elejen-keszulj-fel-az-idojarasra\/\"]}]},{\"@type\":\"ImageObject\",\"inLanguage\":\"hu\",\"@id\":\"https:\/\/www.welovecycling.com\/hu\/edzes-es-eletmod\/tipikus-hibak-a-szezon-elejen-keszulj-fel-az-idojarasra\/#primaryimage\",\"url\":\"https:\/\/d2p6e6u75xmxt8.cloudfront.net\/12\/2021\/04\/Cycling-in-Spring-profimedia-0599393847-CVR.jpg\",\"contentUrl\":\"https:\/\/d2p6e6u75xmxt8.cloudfront.net\/12\/2021\/04\/Cycling-in-Spring-profimedia-0599393847-CVR.jpg\",\"width\":1366,\"height\":600,\"caption\":\"Spring cycling\"},{\"@type\":\"BreadcrumbList\",\"@id\":\"https:\/\/www.welovecycling.com\/hu\/edzes-es-eletmod\/tipikus-hibak-a-szezon-elejen-keszulj-fel-az-idojarasra\/#breadcrumb\",\"itemListElement\":[{\"@type\":\"ListItem\",\"position\":1,\"name\":\"Home\",\"item\":\"https:\/\/www.welovecycling.com\/hu\/\"},{\"@type\":\"ListItem\",\"position\":2,\"name\":\"Tipikus hib\u00e1k a szezon elej\u00e9n: K\u00e9sz\u00fclj fel az id\u0151j\u00e1r\u00e1sra!\"}]},{\"@type\":\"WebSite\",\"@id\":\"https:\/\/www.welovecycling.com\/hu\/#website\",\"url\":\"https:\/\/www.welovecycling.com\/hu\/\",\"name\":\"\u0160koda We Love Cycling - Magyarorsz\u00e1g\",\"description\":\"\u0160koda WeLoveCycling\",\"potentialAction\":[{\"@type\":\"SearchAction\",\"target\":{\"@type\":\"EntryPoint\",\"urlTemplate\":\"https:\/\/www.welovecycling.com\/hu\/?s={search_term_string}\"},\"query-input\":{\"@type\":\"PropertyValueSpecification\",\"valueRequired\":true,\"valueName\":\"search_term_string\"}}],\"inLanguage\":\"hu\"},{\"@type\":\"Person\",\"@id\":\"https:\/\/www.welovecycling.com\/hu\/#\/schema\/person\/414a2aebf1801691a5320edb6468e194\",\"name\":\"hegyizs\",\"image\":{\"@type\":\"ImageObject\",\"inLanguage\":\"hu\",\"@id\":\"https:\/\/www.welovecycling.com\/hu\/#\/schema\/person\/image\/\",\"url\":\"https:\/\/secure.gravatar.com\/avatar\/02cf8a7906b8cf90cecb4679defac7cfd33a1c2e3b88e4903d947f3bb58eedd3?s=96&d=mm&r=g\",\"contentUrl\":\"https:\/\/secure.gravatar.com\/avatar\/02cf8a7906b8cf90cecb4679defac7cfd33a1c2e3b88e4903d947f3bb58eedd3?s=96&d=mm&r=g\",\"caption\":\"hegyizs\"},\"url\":\"https:\/\/www.welovecycling.com\/hu\/author\/hegyizs\/\"}]}<\/script>\n<!-- \/ Yoast SEO Premium plugin. -->","yoast_head_json":{"title":"Tipikus hib\u00e1k a szezon elej\u00e9n: K\u00e9sz\u00fclj fel az id\u0151j\u00e1r\u00e1sra!","description":"\u00c1t\u00e1llt\u00e1l a belt\u00e9ri bicikliz\u00e9sre szezonon k\u00edv\u00fcl? Szuper! Ez viszont azt jelenti, hogy nem \u00e1rt, ha kapsz n\u00e9h\u00e1ny eml\u00e9keztet\u0151t arr\u00f3l, milyen kih\u00edv\u00e1sok v\u00e1rhatnak a szabadban.","robots":{"index":"index","follow":"follow","max-snippet":"max-snippet:-1","max-image-preview":"max-image-preview:large","max-video-preview":"max-video-preview:-1"},"canonical":"https:\/\/www.welovecycling.com\/hu\/edzes-es-eletmod\/tipikus-hibak-a-szezon-elejen-keszulj-fel-az-idojarasra\/","og_locale":"hu_HU","og_type":"article","og_title":"Tipikus hib\u00e1k a szezon elej\u00e9n: K\u00e9sz\u00fclj fel az id\u0151j\u00e1r\u00e1sra!","og_description":"\u00c1t\u00e1llt\u00e1l a belt\u00e9ri bicikliz\u00e9sre szezonon k\u00edv\u00fcl? Szuper! Ez viszont azt jelenti, hogy nem \u00e1rt, ha kapsz n\u00e9h\u00e1ny eml\u00e9keztet\u0151t arr\u00f3l, milyen kih\u00edv\u00e1sok v\u00e1rhatnak a szabadban.","og_url":"https:\/\/www.welovecycling.com\/hu\/edzes-es-eletmod\/tipikus-hibak-a-szezon-elejen-keszulj-fel-az-idojarasra\/","og_site_name":"\u0160koda We Love Cycling - Magyarorsz\u00e1g","article_publisher":"https:\/\/www.facebook.com\/WeLoveCyclingHungary\/","article_published_time":"2021-04-06T07:00:18+00:00","og_image":[{"width":1366,"height":600,"url":"https:\/\/d2p6e6u75xmxt8.cloudfront.net\/12\/2021\/04\/Cycling-in-Spring-profimedia-0599393847-CVR.jpg","type":"image\/jpeg"}],"author":"hegyizs","twitter_card":"summary_large_image","twitter_misc":{"Written by":"Jiri Kaloc","Est. reading time":"6"},"schema":{"@context":"https:\/\/schema.org","@graph":[{"@type":"WebPage","@id":"https:\/\/www.welovecycling.com\/hu\/edzes-es-eletmod\/tipikus-hibak-a-szezon-elejen-keszulj-fel-az-idojarasra\/","url":"https:\/\/www.welovecycling.com\/hu\/edzes-es-eletmod\/tipikus-hibak-a-szezon-elejen-keszulj-fel-az-idojarasra\/","name":"Tipikus hib\u00e1k a szezon elej\u00e9n: K\u00e9sz\u00fclj fel az id\u0151j\u00e1r\u00e1sra!","isPartOf":{"@id":"https:\/\/www.welovecycling.com\/hu\/#website"},"primaryImageOfPage":{"@id":"https:\/\/www.welovecycling.com\/hu\/edzes-es-eletmod\/tipikus-hibak-a-szezon-elejen-keszulj-fel-az-idojarasra\/#primaryimage"},"image":{"@id":"https:\/\/www.welovecycling.com\/hu\/edzes-es-eletmod\/tipikus-hibak-a-szezon-elejen-keszulj-fel-az-idojarasra\/#primaryimage"},"thumbnailUrl":"https:\/\/d2p6e6u75xmxt8.cloudfront.net\/12\/2021\/04\/Cycling-in-Spring-profimedia-0599393847-CVR.jpg","datePublished":"2021-04-06T07:00:18+00:00","author":{"@id":"https:\/\/www.welovecycling.com\/hu\/#\/schema\/person\/414a2aebf1801691a5320edb6468e194"},"description":"\u00c1t\u00e1llt\u00e1l a belt\u00e9ri bicikliz\u00e9sre szezonon k\u00edv\u00fcl? Szuper! Ez viszont azt jelenti, hogy nem \u00e1rt, ha kapsz n\u00e9h\u00e1ny eml\u00e9keztet\u0151t arr\u00f3l, milyen kih\u00edv\u00e1sok v\u00e1rhatnak a szabadban.","breadcrumb":{"@id":"https:\/\/www.welovecycling.com\/hu\/edzes-es-eletmod\/tipikus-hibak-a-szezon-elejen-keszulj-fel-az-idojarasra\/#breadcrumb"},"inLanguage":"hu","potentialAction":[{"@type":"ReadAction","target":["https:\/\/www.welovecycling.com\/hu\/edzes-es-eletmod\/tipikus-hibak-a-szezon-elejen-keszulj-fel-az-idojarasra\/"]}]},{"@type":"ImageObject","inLanguage":"hu","@id":"https:\/\/www.welovecycling.com\/hu\/edzes-es-eletmod\/tipikus-hibak-a-szezon-elejen-keszulj-fel-az-idojarasra\/#primaryimage","url":"https:\/\/d2p6e6u75xmxt8.cloudfront.net\/12\/2021\/04\/Cycling-in-Spring-profimedia-0599393847-CVR.jpg","contentUrl":"https:\/\/d2p6e6u75xmxt8.cloudfront.net\/12\/2021\/04\/Cycling-in-Spring-profimedia-0599393847-CVR.jpg","width":1366,"height":600,"caption":"Spring cycling"},{"@type":"BreadcrumbList","@id":"https:\/\/www.welovecycling.com\/hu\/edzes-es-eletmod\/tipikus-hibak-a-szezon-elejen-keszulj-fel-az-idojarasra\/#breadcrumb","itemListElement":[{"@type":"ListItem","position":1,"name":"Home","item":"https:\/\/www.welovecycling.com\/hu\/"},{"@type":"ListItem","position":2,"name":"Tipikus hib\u00e1k a szezon elej\u00e9n: K\u00e9sz\u00fclj fel az id\u0151j\u00e1r\u00e1sra!"}]},{"@type":"WebSite","@id":"https:\/\/www.welovecycling.com\/hu\/#website","url":"https:\/\/www.welovecycling.com\/hu\/","name":"\u0160koda We Love Cycling - Magyarorsz\u00e1g","description":"\u0160koda WeLoveCycling","potentialAction":[{"@type":"SearchAction","target":{"@type":"EntryPoint","urlTemplate":"https:\/\/www.welovecycling.com\/hu\/?s={search_term_string}"},"query-input":{"@type":"PropertyValueSpecification","valueRequired":true,"valueName":"search_term_string"}}],"inLanguage":"hu"},{"@type":"Person","@id":"https:\/\/www.welovecycling.com\/hu\/#\/schema\/person\/414a2aebf1801691a5320edb6468e194","name":"hegyizs","image":{"@type":"ImageObject","inLanguage":"hu","@id":"https:\/\/www.welovecycling.com\/hu\/#\/schema\/person\/image\/","url":"https:\/\/secure.gravatar.com\/avatar\/02cf8a7906b8cf90cecb4679defac7cfd33a1c2e3b88e4903d947f3bb58eedd3?s=96&d=mm&r=g","contentUrl":"https:\/\/secure.gravatar.com\/avatar\/02cf8a7906b8cf90cecb4679defac7cfd33a1c2e3b88e4903d947f3bb58eedd3?s=96&d=mm&r=g","caption":"hegyizs"},"url":"https:\/\/www.welovecycling.com\/hu\/author\/hegyizs\/"}]}},"_links":{"self":[{"href":"https:\/\/www.welovecycling.com\/hu\/wp-json\/wp\/v2\/posts\/10524","targetHints":{"allow":["GET"]}}],"collection":[{"href":"https:\/\/www.welovecycling.com\/hu\/wp-json\/wp\/v2\/posts"}],"about":[{"href":"https:\/\/www.welovecycling.com\/hu\/wp-json\/wp\/v2\/types\/post"}],"author":[{"embeddable":true,"href":"https:\/\/www.welovecycling.com\/hu\/wp-json\/wp\/v2\/users\/71"}],"replies":[{"embeddable":true,"href":"https:\/\/www.welovecycling.com\/hu\/wp-json\/wp\/v2\/comments?post=10524"}],"version-history":[{"count":2,"href":"https:\/\/www.welovecycling.com\/hu\/wp-json\/wp\/v2\/posts\/10524\/revisions"}],"predecessor-version":[{"id":10561,"href":"https:\/\/www.welovecycling.com\/hu\/wp-json\/wp\/v2\/posts\/10524\/revisions\/10561"}],"wp:featuredmedia":[{"embeddable":true,"href":"https:\/\/www.welovecycling.com\/hu\/wp-json\/wp\/v2\/media\/10527"}],"wp:attachment":[{"href":"https:\/\/www.welovecycling.com\/hu\/wp-json\/wp\/v2\/media?parent=10524"}],"wp:term":[{"taxonomy":"category","embeddable":true,"href":"https:\/\/www.welovecycling.com\/hu\/wp-json\/wp\/v2\/categories?post=10524"},{"taxonomy":"post_tag","embeddable":true,"href":"https:\/\/www.welovecycling.com\/hu\/wp-json\/wp\/v2\/tags?post=10524"},{"taxonomy":"global-categories","embeddable":true,"href":"https:\/\/www.welovecycling.com\/hu\/wp-json\/wp\/v2\/global-categories?post=10524"}],"curies":[{"name":"wp","href":"https:\/\/api.w.org\/{rel}","templated":true}]}}