{"id":10518,"date":"2021-04-03T08:00:15","date_gmt":"2021-04-03T07:00:15","guid":{"rendered":"https:\/\/www.welovecycling.com\/hu\/?p=10518"},"modified":"2021-03-29T10:56:01","modified_gmt":"2021-03-29T09:56:01","slug":"mi-lesz-veled-chris-froome","status":"publish","type":"post","link":"https:\/\/www.welovecycling.com\/hu\/orszaguti-kerekpar\/mi-lesz-veled-chris-froome\/","title":{"rendered":"Mi lesz veled, Chris Froome?"},"content":{"rendered":"<p><strong>A brit klasszis nem titkolt c\u00e9lja, hogy \u00f6t\u00f6dik Tour de France-gy\u0151zelm\u00e9vel be\u00e1ll\u00edtsa Jacques Anquetil, Eddy Merckx, Bernard Hinault \u00e9s Miguel Indurain rekordj\u00e1t \u2013 de vajon k\u00e9pes lehet-e m\u00e9g visszanyerni kor\u00e1bbi form\u00e1j\u00e1t?<\/strong><!--more--><\/p>\n<p>Az \u00e1ltal\u00e1ban magabiztos Chris Froome maga sem tudja, mikor sz\u00e1llhat \u00fajra versenybe a gy\u0151zelem\u00e9rt. A brit versenyz\u0151 m\u00e9g 2019-ben, a Crit\u00e9rium du Dauphin\u00e9 4. szakasz\u00e1nak p\u00e1lyabej\u00e1r\u00e1s\u00e1n szenvedett s\u00falyos s\u00e9r\u00fcl\u00e9st, az\u00f3ta pedig meg sem tudta k\u00f6zel\u00edteni azt a form\u00e1j\u00e1t, mellyel h\u00e9t h\u00e1romhetest is nyert kor\u00e1bban.<\/p>\n<p>Froome a 2020-as szezon v\u00e9g\u00e9n, 11 \u00e9v ut\u00e1n intett b\u00facs\u00fat az Ineos (kor\u00e1bban Sky) csapat\u00e1nak, hogy az Israel Start-Up Nation mez\u00e9ben folytassa karrierje \u00fajj\u00e1\u00e9p\u00edt\u00e9s\u00e9t. A napokban Froome a Katal\u00e1n K\u00f6rversenyen szerepelt, egyel\u0151re azonban nem mutatta jel\u00e9t a formajavul\u00e1snak: a hegyi szakaszokon hamar leszakadt, az id\u0151futamon pedig mind\u00f6ssze a 90. helyen z\u00e1rt, k\u00e9t percre a szakaszgy\u0151ztes kor\u00e1bbi csapatt\u00e1rs\u00e1t\u00f3l, Rohan Dennist\u0151l.<\/p>\n<p>A Cycling Weekly azon k\u00e9rd\u00e9s\u00e9re, hogy harcolhat-e id\u00e9n a Tour de France \u00f6sszetettj\u00e9\u00e9rt, Froome bizonytalanul reag\u00e1lt.<em> \u201eNem tudom pontosan megmondani. H\u00e9tr\u0151l h\u00e9tre haladok. Ez egy hossz\u00fa folyamat, amit nem szabad siettetnem. Term\u00e9szetesen szeretn\u00e9k k\u00e9szen \u00e1llni a Tour de France-re, de k\u00f6vetnem kell a fejl\u0151d\u00e9sem \u00fctem\u00e9t, \u00e9s megtenni minden t\u0151lem telhet\u0151t.\u201d<\/em><\/p>\n<p>A 35 \u00e9ves versenyz\u0151 jelenleg a WorldTour-mez\u0151ny legjobban fizetett sportol\u00f3ja: 5,5 milli\u00f3 eur\u00f3s kereset\u00e9vel a Tour de France-c\u00edmv\u00e9d\u0151 Tadej Pogacart \u00e9s a h\u00e1romszoros vil\u00e1gbajnok Peter Sagant is megel\u0151zi a rangsorban (5-5 milli\u00f3 eur\u00f3). F\u00e9nykor\u00e1ban val\u00f3sz\u00edn\u0171leg rengetegszer fel\u00e1llhatott volna a dobog\u00f3ra egy olyan szezonban, mint\u00a0 az idei, most azonban nem tudja, mikor k\u00fczdhet legk\u00f6zelebb az \u00f6sszetett sikerek\u00e9rt.<\/p>\n<p><em>\u201eEl\u0151sz\u00f6r a baleset miatt kellett kihagynom egy hosszabb id\u0151t, azt\u00e1n j\u00f6ttek a lez\u00e1r\u00e1sok. Nem k\u00f6nny\u0171, de igyekszem pozit\u00edv maradni \u00e9s megtartani a lelkesed\u00e9semet.\u201d<\/em><\/p>\n<figure id=\"attachment_10520\" aria-describedby=\"caption-attachment-10520\" style=\"width: 1200px\" class=\"wp-caption aligncenter\"><img loading=\"lazy\" decoding=\"async\" class=\"size-full wp-image-10520\" src=\"https:\/\/d2p6e6u75xmxt8.cloudfront.net\/12\/2021\/03\/3005727-61670268-2560-1440.jpg\" alt=\"\" width=\"1200\" height=\"675\" srcset=\"https:\/\/d2p6e6u75xmxt8.cloudfront.net\/12\/2021\/03\/3005727-61670268-2560-1440.jpg 1200w, https:\/\/d2p6e6u75xmxt8.cloudfront.net\/12\/2021\/03\/3005727-61670268-2560-1440-300x169.jpg 300w, https:\/\/d2p6e6u75xmxt8.cloudfront.net\/12\/2021\/03\/3005727-61670268-2560-1440-1024x576.jpg 1024w, https:\/\/d2p6e6u75xmxt8.cloudfront.net\/12\/2021\/03\/3005727-61670268-2560-1440-768x432.jpg 768w\" sizes=\"auto, (max-width: 1200px) 100vw, 1200px\" \/><figcaption id=\"caption-attachment-10520\" class=\"wp-caption-text\">Rem\u00e9lj\u00fck, l\u00e1tjuk m\u00e9g Froome-ot a mez\u0151ny \u00e9l\u00e9n. Fot\u00f3: Getty Images<\/figcaption><\/figure>\n<p>Arra a k\u00e9rd\u00e9sre, hogy min dolgozik az edz\u00e9seken, \u00e9s min kell v\u00e1ltoztatnia a pozit\u00edv eredm\u00e9nyek el\u00e9r\u00e9se \u00e9rdek\u00e9ben, el\u00e1rulta, hogy r\u00e9gi teljes\u00edtm\u00e9nyadatainak el\u00e9r\u00e9se a f\u0151 c\u00e9lja. <em>\u201eSokf\u00e9le mutat\u00f3t figyel\u00fcnk, k\u00f6zt\u00fck term\u00e9szetesen a watt-adatokat is. Igyekszem a kor\u00e1bban produk\u00e1lt sz\u00e1maimat megc\u00e9lozni \u00f6t-, t\u00edz-, h\u00faszperces intervallumokban, \u00e9s l\u00e9p\u00e9sr\u0151l l\u00e9p\u00e9sre k\u00f6zeledni a c\u00e9lkit\u0171z\u00e9seimhez. A ker\u00e9kp\u00e1roz\u00e1son k\u00edv\u00fcl is edzek, igyekszem er\u0151s\u00edteni azokat a ter\u00fcleteket, ahol m\u00e1r nem vagyok olyan er\u0151s, mint kor\u00e1bban voltam.\u201d<\/em><\/p>\n<p>Froome \u00f3ri\u00e1si kih\u00edv\u00e1s el\u0151tt \u00e1ll, m\u00e1s versenyz\u0151k azonban bizony\u00edtott\u00e1k, hogy ebben a korban sem lehetetlen a visszat\u00e9r\u00e9s a legmagasabb szintre. Szint\u00e9n 35 \u00e9ves honfit\u00e1rsa, a sprinter Mark Cavendish n\u00e9h\u00e1ny s\u00e9r\u00fcl\u00e9sekkel \u00e9s betegs\u00e9gekkel teli, eredm\u00e9nytelen szezon ut\u00e1n id\u00e9n h\u00e1rom dobog\u00f3s helyet is szerzett, az olasz Settimana Internazionale Coppi e Bartali versenyen pedig k\u00e9t etap ut\u00e1n az \u00f6sszetettet is vezette. Domenico Pozzovivo 2019-ben egy edz\u00e9sen szenvedett olyan s\u00falyos s\u00e9r\u00fcl\u00e9seket, hogy a karrierje is vesz\u00e9lybe ker\u00fclt \u2013 az ekkor 36 \u00e9ves olasz azonban visszat\u00e9rt, tavaly pedig sok\u00e1ig a dobog\u00f3\u00e9rt harcolt a Giro d\u2019Itali\u00e1n.<\/p>\n<p>Froome \u2013 aki egyed\u00fcli britk\u00e9nt mindh\u00e1rom Grand Tour-versenyt megnyerte \u2013 a t\u00e9li id\u0151szakot Kaliforni\u00e1ban t\u00f6lt\u00f6tte, nemr\u00e9g pedig Tenerif\u00e9n vett r\u00e9szt magaslati edz\u0151t\u00e1borban. A katal\u00e1n verseny ut\u00e1n most visszat\u00e9r a magaslati terepre.<\/p>\n<p><em>\u201eMinden m\u00e9ter, amit megm\u00e1szok, minden verseny, amin r\u00e9szt veszek, a folyamat r\u00e9sze. Igyekszem ezt k\u00f6vetni \u00e9s rem\u00e9lni, hogy eljutok a c\u00e9lig. Az id\u0151futam j\u00f3 volt arra, hogy kipr\u00f3b\u00e1ljam, mire k\u00e9pesek a l\u00e1baim. A lehet\u0151 legt\u00f6bbet szerettem volna kihozni ebb\u0151l a versenyb\u0151l, hiszen ez is egyfajta felk\u00e9sz\u00fcl\u00e9s a tov\u00e1bbi megpr\u00f3b\u00e1ltat\u00e1sokra.\u201d<\/em><\/p>\n<p><em>Forr\u00e1s: <\/em><a href=\"https:\/\/www.cyclingweekly.com\/news\/racing\/its-impossible-to-say-chris-froome-unsure-of-when-hell-be-ready-to-fight-for-gc-in-races-again-494370\"><em>cyclingweekly.com<\/em><\/a><\/p>\n","protected":false},"excerpt":{"rendered":"<p>A brit klasszis nem titkolt c\u00e9lja, hogy \u00f6t\u00f6dik Tour de France-gy\u0151zelm\u00e9vel be\u00e1ll\u00edtsa Jacques Anquetil, Eddy Merckx, Bernard Hinault \u00e9s Miguel [&hellip;]<\/p>\n","protected":false},"author":71,"featured_media":10519,"comment_status":"closed","ping_status":"closed","sticky":false,"template":"","format":"standard","meta":{"footnotes":""},"categories":[8],"tags":[],"global-categories":[],"class_list":["post-10518","post","type-post","status-publish","format-standard","has-post-thumbnail","hentry","category-orszaguti-kerekpar"],"yoast_head":"<!-- This site is optimized with the Yoast SEO Premium plugin v25.3 (Yoast SEO v25.9) - https:\/\/yoast.com\/wordpress\/plugins\/seo\/ -->\n<title>Mi lesz veled, Chris Froome? - \u0160koda We Love Cycling - Magyarorsz\u00e1g<\/title>\n<meta name=\"description\" content=\"A brit klasszis nem titkolt c\u00e9lja, hogy \u00f6t\u00f6dik Tour de France-gy\u0151zelm\u00e9vel be\u00e1ll\u00edtsa Jacques Anquetil, Eddy Merckx, Bernard Hinault \u00e9s Miguel Indurain rekordj\u00e1t \u2013 de vajon k\u00e9pes lehet-e m\u00e9g visszanyerni kor\u00e1bbi form\u00e1j\u00e1t?\" \/>\n<meta name=\"robots\" content=\"index, follow, max-snippet:-1, max-image-preview:large, max-video-preview:-1\" \/>\n<link rel=\"canonical\" href=\"https:\/\/www.welovecycling.com\/hu\/orszaguti-kerekpar\/mi-lesz-veled-chris-froome\/\" \/>\n<meta property=\"og:locale\" content=\"hu_HU\" \/>\n<meta property=\"og:type\" content=\"article\" \/>\n<meta property=\"og:title\" content=\"Mi lesz veled, Chris Froome?\" \/>\n<meta property=\"og:description\" content=\"A brit klasszis nem titkolt c\u00e9lja, hogy \u00f6t\u00f6dik Tour de France-gy\u0151zelm\u00e9vel be\u00e1ll\u00edtsa Jacques Anquetil, Eddy Merckx, Bernard Hinault \u00e9s Miguel Indurain rekordj\u00e1t \u2013 de vajon k\u00e9pes lehet-e m\u00e9g visszanyerni kor\u00e1bbi form\u00e1j\u00e1t?\" \/>\n<meta property=\"og:url\" content=\"https:\/\/www.welovecycling.com\/hu\/orszaguti-kerekpar\/mi-lesz-veled-chris-froome\/\" \/>\n<meta property=\"og:site_name\" content=\"\u0160koda We Love Cycling - Magyarorsz\u00e1g\" \/>\n<meta property=\"article:publisher\" content=\"https:\/\/www.facebook.com\/WeLoveCyclingHungary\/\" \/>\n<meta property=\"article:published_time\" content=\"2021-04-03T07:00:15+00:00\" \/>\n<meta property=\"og:image\" content=\"https:\/\/d2p6e6u75xmxt8.cloudfront.net\/12\/2021\/03\/get_img.jpg\" \/>\n\t<meta property=\"og:image:width\" content=\"1200\" \/>\n\t<meta property=\"og:image:height\" content=\"675\" \/>\n\t<meta property=\"og:image:type\" content=\"image\/jpeg\" \/>\n<meta name=\"author\" content=\"hegyizs\" \/>\n<meta name=\"twitter:card\" content=\"summary_large_image\" \/>\n<meta name=\"twitter:label1\" content=\"Written by\" \/>\n\t<meta name=\"twitter:data1\" content=\"WLC\" \/>\n\t<meta name=\"twitter:label2\" content=\"Est. reading time\" \/>\n\t<meta name=\"twitter:data2\" content=\"4 minutes\" \/>\n<script type=\"application\/ld+json\" class=\"yoast-schema-graph\">{\"@context\":\"https:\/\/schema.org\",\"@graph\":[{\"@type\":\"WebPage\",\"@id\":\"https:\/\/www.welovecycling.com\/hu\/orszaguti-kerekpar\/mi-lesz-veled-chris-froome\/\",\"url\":\"https:\/\/www.welovecycling.com\/hu\/orszaguti-kerekpar\/mi-lesz-veled-chris-froome\/\",\"name\":\"Mi lesz veled, Chris Froome? - \u0160koda We Love Cycling - Magyarorsz\u00e1g\",\"isPartOf\":{\"@id\":\"https:\/\/www.welovecycling.com\/hu\/#website\"},\"primaryImageOfPage\":{\"@id\":\"https:\/\/www.welovecycling.com\/hu\/orszaguti-kerekpar\/mi-lesz-veled-chris-froome\/#primaryimage\"},\"image\":{\"@id\":\"https:\/\/www.welovecycling.com\/hu\/orszaguti-kerekpar\/mi-lesz-veled-chris-froome\/#primaryimage\"},\"thumbnailUrl\":\"https:\/\/d2p6e6u75xmxt8.cloudfront.net\/12\/2021\/03\/get_img.jpg\",\"datePublished\":\"2021-04-03T07:00:15+00:00\",\"author\":{\"@id\":\"https:\/\/www.welovecycling.com\/hu\/#\/schema\/person\/414a2aebf1801691a5320edb6468e194\"},\"description\":\"A brit klasszis nem titkolt c\u00e9lja, hogy \u00f6t\u00f6dik Tour de France-gy\u0151zelm\u00e9vel be\u00e1ll\u00edtsa Jacques Anquetil, Eddy Merckx, Bernard Hinault \u00e9s Miguel Indurain rekordj\u00e1t \u2013 de vajon k\u00e9pes lehet-e m\u00e9g visszanyerni kor\u00e1bbi form\u00e1j\u00e1t?\",\"breadcrumb\":{\"@id\":\"https:\/\/www.welovecycling.com\/hu\/orszaguti-kerekpar\/mi-lesz-veled-chris-froome\/#breadcrumb\"},\"inLanguage\":\"hu\",\"potentialAction\":[{\"@type\":\"ReadAction\",\"target\":[\"https:\/\/www.welovecycling.com\/hu\/orszaguti-kerekpar\/mi-lesz-veled-chris-froome\/\"]}]},{\"@type\":\"ImageObject\",\"inLanguage\":\"hu\",\"@id\":\"https:\/\/www.welovecycling.com\/hu\/orszaguti-kerekpar\/mi-lesz-veled-chris-froome\/#primaryimage\",\"url\":\"https:\/\/d2p6e6u75xmxt8.cloudfront.net\/12\/2021\/03\/get_img.jpg\",\"contentUrl\":\"https:\/\/d2p6e6u75xmxt8.cloudfront.net\/12\/2021\/03\/get_img.jpg\",\"width\":1200,\"height\":675},{\"@type\":\"BreadcrumbList\",\"@id\":\"https:\/\/www.welovecycling.com\/hu\/orszaguti-kerekpar\/mi-lesz-veled-chris-froome\/#breadcrumb\",\"itemListElement\":[{\"@type\":\"ListItem\",\"position\":1,\"name\":\"Home\",\"item\":\"https:\/\/www.welovecycling.com\/hu\/\"},{\"@type\":\"ListItem\",\"position\":2,\"name\":\"Mi lesz veled, Chris Froome?\"}]},{\"@type\":\"WebSite\",\"@id\":\"https:\/\/www.welovecycling.com\/hu\/#website\",\"url\":\"https:\/\/www.welovecycling.com\/hu\/\",\"name\":\"\u0160koda We Love Cycling - Magyarorsz\u00e1g\",\"description\":\"\u0160koda WeLoveCycling\",\"potentialAction\":[{\"@type\":\"SearchAction\",\"target\":{\"@type\":\"EntryPoint\",\"urlTemplate\":\"https:\/\/www.welovecycling.com\/hu\/?s={search_term_string}\"},\"query-input\":{\"@type\":\"PropertyValueSpecification\",\"valueRequired\":true,\"valueName\":\"search_term_string\"}}],\"inLanguage\":\"hu\"},{\"@type\":\"Person\",\"@id\":\"https:\/\/www.welovecycling.com\/hu\/#\/schema\/person\/414a2aebf1801691a5320edb6468e194\",\"name\":\"hegyizs\",\"image\":{\"@type\":\"ImageObject\",\"inLanguage\":\"hu\",\"@id\":\"https:\/\/www.welovecycling.com\/hu\/#\/schema\/person\/image\/\",\"url\":\"https:\/\/secure.gravatar.com\/avatar\/02cf8a7906b8cf90cecb4679defac7cfd33a1c2e3b88e4903d947f3bb58eedd3?s=96&d=mm&r=g\",\"contentUrl\":\"https:\/\/secure.gravatar.com\/avatar\/02cf8a7906b8cf90cecb4679defac7cfd33a1c2e3b88e4903d947f3bb58eedd3?s=96&d=mm&r=g\",\"caption\":\"hegyizs\"},\"url\":\"https:\/\/www.welovecycling.com\/hu\/author\/hegyizs\/\"}]}<\/script>\n<!-- \/ Yoast SEO Premium plugin. -->","yoast_head_json":{"title":"Mi lesz veled, Chris Froome? - \u0160koda We Love Cycling - Magyarorsz\u00e1g","description":"A brit klasszis nem titkolt c\u00e9lja, hogy \u00f6t\u00f6dik Tour de France-gy\u0151zelm\u00e9vel be\u00e1ll\u00edtsa Jacques Anquetil, Eddy Merckx, Bernard Hinault \u00e9s Miguel Indurain rekordj\u00e1t \u2013 de vajon k\u00e9pes lehet-e m\u00e9g visszanyerni kor\u00e1bbi form\u00e1j\u00e1t?","robots":{"index":"index","follow":"follow","max-snippet":"max-snippet:-1","max-image-preview":"max-image-preview:large","max-video-preview":"max-video-preview:-1"},"canonical":"https:\/\/www.welovecycling.com\/hu\/orszaguti-kerekpar\/mi-lesz-veled-chris-froome\/","og_locale":"hu_HU","og_type":"article","og_title":"Mi lesz veled, Chris Froome?","og_description":"A brit klasszis nem titkolt c\u00e9lja, hogy \u00f6t\u00f6dik Tour de France-gy\u0151zelm\u00e9vel be\u00e1ll\u00edtsa Jacques Anquetil, Eddy Merckx, Bernard Hinault \u00e9s Miguel Indurain rekordj\u00e1t \u2013 de vajon k\u00e9pes lehet-e m\u00e9g visszanyerni kor\u00e1bbi form\u00e1j\u00e1t?","og_url":"https:\/\/www.welovecycling.com\/hu\/orszaguti-kerekpar\/mi-lesz-veled-chris-froome\/","og_site_name":"\u0160koda We Love Cycling - Magyarorsz\u00e1g","article_publisher":"https:\/\/www.facebook.com\/WeLoveCyclingHungary\/","article_published_time":"2021-04-03T07:00:15+00:00","og_image":[{"width":1200,"height":675,"url":"https:\/\/d2p6e6u75xmxt8.cloudfront.net\/12\/2021\/03\/get_img.jpg","type":"image\/jpeg"}],"author":"hegyizs","twitter_card":"summary_large_image","twitter_misc":{"Written by":"WLC","Est. reading time":"4 minutes"},"schema":{"@context":"https:\/\/schema.org","@graph":[{"@type":"WebPage","@id":"https:\/\/www.welovecycling.com\/hu\/orszaguti-kerekpar\/mi-lesz-veled-chris-froome\/","url":"https:\/\/www.welovecycling.com\/hu\/orszaguti-kerekpar\/mi-lesz-veled-chris-froome\/","name":"Mi lesz veled, Chris Froome? - \u0160koda We Love Cycling - Magyarorsz\u00e1g","isPartOf":{"@id":"https:\/\/www.welovecycling.com\/hu\/#website"},"primaryImageOfPage":{"@id":"https:\/\/www.welovecycling.com\/hu\/orszaguti-kerekpar\/mi-lesz-veled-chris-froome\/#primaryimage"},"image":{"@id":"https:\/\/www.welovecycling.com\/hu\/orszaguti-kerekpar\/mi-lesz-veled-chris-froome\/#primaryimage"},"thumbnailUrl":"https:\/\/d2p6e6u75xmxt8.cloudfront.net\/12\/2021\/03\/get_img.jpg","datePublished":"2021-04-03T07:00:15+00:00","author":{"@id":"https:\/\/www.welovecycling.com\/hu\/#\/schema\/person\/414a2aebf1801691a5320edb6468e194"},"description":"A brit klasszis nem titkolt c\u00e9lja, hogy \u00f6t\u00f6dik Tour de France-gy\u0151zelm\u00e9vel be\u00e1ll\u00edtsa Jacques Anquetil, Eddy Merckx, Bernard Hinault \u00e9s Miguel Indurain rekordj\u00e1t \u2013 de vajon k\u00e9pes lehet-e m\u00e9g visszanyerni kor\u00e1bbi form\u00e1j\u00e1t?","breadcrumb":{"@id":"https:\/\/www.welovecycling.com\/hu\/orszaguti-kerekpar\/mi-lesz-veled-chris-froome\/#breadcrumb"},"inLanguage":"hu","potentialAction":[{"@type":"ReadAction","target":["https:\/\/www.welovecycling.com\/hu\/orszaguti-kerekpar\/mi-lesz-veled-chris-froome\/"]}]},{"@type":"ImageObject","inLanguage":"hu","@id":"https:\/\/www.welovecycling.com\/hu\/orszaguti-kerekpar\/mi-lesz-veled-chris-froome\/#primaryimage","url":"https:\/\/d2p6e6u75xmxt8.cloudfront.net\/12\/2021\/03\/get_img.jpg","contentUrl":"https:\/\/d2p6e6u75xmxt8.cloudfront.net\/12\/2021\/03\/get_img.jpg","width":1200,"height":675},{"@type":"BreadcrumbList","@id":"https:\/\/www.welovecycling.com\/hu\/orszaguti-kerekpar\/mi-lesz-veled-chris-froome\/#breadcrumb","itemListElement":[{"@type":"ListItem","position":1,"name":"Home","item":"https:\/\/www.welovecycling.com\/hu\/"},{"@type":"ListItem","position":2,"name":"Mi lesz veled, Chris Froome?"}]},{"@type":"WebSite","@id":"https:\/\/www.welovecycling.com\/hu\/#website","url":"https:\/\/www.welovecycling.com\/hu\/","name":"\u0160koda We Love Cycling - Magyarorsz\u00e1g","description":"\u0160koda WeLoveCycling","potentialAction":[{"@type":"SearchAction","target":{"@type":"EntryPoint","urlTemplate":"https:\/\/www.welovecycling.com\/hu\/?s={search_term_string}"},"query-input":{"@type":"PropertyValueSpecification","valueRequired":true,"valueName":"search_term_string"}}],"inLanguage":"hu"},{"@type":"Person","@id":"https:\/\/www.welovecycling.com\/hu\/#\/schema\/person\/414a2aebf1801691a5320edb6468e194","name":"hegyizs","image":{"@type":"ImageObject","inLanguage":"hu","@id":"https:\/\/www.welovecycling.com\/hu\/#\/schema\/person\/image\/","url":"https:\/\/secure.gravatar.com\/avatar\/02cf8a7906b8cf90cecb4679defac7cfd33a1c2e3b88e4903d947f3bb58eedd3?s=96&d=mm&r=g","contentUrl":"https:\/\/secure.gravatar.com\/avatar\/02cf8a7906b8cf90cecb4679defac7cfd33a1c2e3b88e4903d947f3bb58eedd3?s=96&d=mm&r=g","caption":"hegyizs"},"url":"https:\/\/www.welovecycling.com\/hu\/author\/hegyizs\/"}]}},"_links":{"self":[{"href":"https:\/\/www.welovecycling.com\/hu\/wp-json\/wp\/v2\/posts\/10518","targetHints":{"allow":["GET"]}}],"collection":[{"href":"https:\/\/www.welovecycling.com\/hu\/wp-json\/wp\/v2\/posts"}],"about":[{"href":"https:\/\/www.welovecycling.com\/hu\/wp-json\/wp\/v2\/types\/post"}],"author":[{"embeddable":true,"href":"https:\/\/www.welovecycling.com\/hu\/wp-json\/wp\/v2\/users\/71"}],"replies":[{"embeddable":true,"href":"https:\/\/www.welovecycling.com\/hu\/wp-json\/wp\/v2\/comments?post=10518"}],"version-history":[{"count":1,"href":"https:\/\/www.welovecycling.com\/hu\/wp-json\/wp\/v2\/posts\/10518\/revisions"}],"predecessor-version":[{"id":10521,"href":"https:\/\/www.welovecycling.com\/hu\/wp-json\/wp\/v2\/posts\/10518\/revisions\/10521"}],"wp:featuredmedia":[{"embeddable":true,"href":"https:\/\/www.welovecycling.com\/hu\/wp-json\/wp\/v2\/media\/10519"}],"wp:attachment":[{"href":"https:\/\/www.welovecycling.com\/hu\/wp-json\/wp\/v2\/media?parent=10518"}],"wp:term":[{"taxonomy":"category","embeddable":true,"href":"https:\/\/www.welovecycling.com\/hu\/wp-json\/wp\/v2\/categories?post=10518"},{"taxonomy":"post_tag","embeddable":true,"href":"https:\/\/www.welovecycling.com\/hu\/wp-json\/wp\/v2\/tags?post=10518"},{"taxonomy":"global-categories","embeddable":true,"href":"https:\/\/www.welovecycling.com\/hu\/wp-json\/wp\/v2\/global-categories?post=10518"}],"curies":[{"name":"wp","href":"https:\/\/api.w.org\/{rel}","templated":true}]}}