{"id":10501,"date":"2021-03-29T08:00:30","date_gmt":"2021-03-29T07:00:30","guid":{"rendered":"https:\/\/www.welovecycling.com\/hu\/?p=10501"},"modified":"2021-03-26T16:50:21","modified_gmt":"2021-03-26T15:50:21","slug":"tadej-pogacar-nyerte-a-tirreno-adriaticot","status":"publish","type":"post","link":"https:\/\/www.welovecycling.com\/hu\/orszaguti-kerekpar\/tadej-pogacar-nyerte-a-tirreno-adriaticot\/","title":{"rendered":"Tadej Poga\u010dar nyerte a Tirreno-Adriatic\u00f3t"},"content":{"rendered":"<p><strong>A szlov\u00e9n ker\u00e9kp\u00e1ros a besorol\u00e1sban 1:03-al verte meg van Aert, ezzel \u0151 lett a legjobb fiatal versenyz\u0151, aki felvehette a hegyi mezt.<\/strong><\/p>\n<p><!--more--><\/p>\n<p><em>\u201eEz az! Ezt a t\u00f6k\u00e9letes hetet egy nagyon neh\u00e9z versenyen fejeztem be. \u00a0Szeretn\u00e9m megk\u00f6sz\u00f6nni az UAE Team Emirates-t\u0151l kapott seg\u00edts\u00e9get \u00e9s t\u00e1mogat\u00e1st. Megnyert\u00fck a Tirreno-Adriatic\u00f3t! Most v\u00e9gre j\u00f6het egy kis pihen\u0151 otthon\u201d<\/em> &#8211; \u00edrta Poga\u010dar Instagram posztj\u00e1ban.<\/p>\n<p>https:\/\/www.instagram.com\/p\/CMfH5GzDC4n\/<\/p>\n<p>A verseny m\u00e1sodik szakasz\u00e1b\u00f3l Wout van Aert j\u00f6tt ki gy\u0151ztesen, \u00f6sszess\u00e9g\u00e9ben viszont meg kellett el\u00e9gednie a m\u00e1sodik hellyel. Eredm\u00e9nye \u00edgy is leny\u0171g\u00f6z\u0151, mivel az utols\u00f3 napon az Eur\u00f3pa-bajnok Stefan K\u00fcngot \u00e9s a vil\u00e1gbajnok Filippo Gann\u00e1t is megverte. Tadej Poga\u010dar pedig a negyedik helyez\u00e9st \u00e9rte el.<\/p>\n<div class=\"embed-controller-wrapper\">\n<blockquote class=\"twitter-tweet\" data-width=\"500\" data-dnt=\"true\">\n<p lang=\"en\" dir=\"ltr\">\ud83c\uddee\ud83c\uddf9 <a href=\"https:\/\/twitter.com\/hashtag\/TirrenoAdriatico?src=hash&amp;ref_src=twsrc%5Etfw\">#TirrenoAdriatico<\/a><\/p>\n<p>Finishing off a great week with a new victory\ud83d\udca5 Thanks for having us <a href=\"https:\/\/twitter.com\/TirrenAdriatico?ref_src=twsrc%5Etfw\">@TirrenAdriatico<\/a> \ud83d\ude09 <a href=\"https:\/\/t.co\/zOa4AzTD7m\">pic.twitter.com\/zOa4AzTD7m<\/a><\/p>\n<p>&mdash; Team Visma | Lease a Bike (@vismaleaseabike) <a href=\"https:\/\/twitter.com\/vismaleaseabike\/status\/1371941675589898244?ref_src=twsrc%5Etfw\">March 16, 2021<\/a><\/p><\/blockquote>\n<p><script async data-src=\"https:\/\/platform.twitter.com\/widgets.js\" charset=\"utf-8\"><\/script><\/div>\n<h2><strong>Tirreno-Adriatico 2021: A hetedik szakasz eredm\u00e9nyei<\/strong><\/h2>\n<ol>\n<li>Wout van Aert (Team Jumbo-Visma) \u2013 11:06<\/li>\n<li>Stefan K\u00fcng (Groupama-FDJ) + 6s<\/li>\n<li>Filippo Ganna (Ineos Grenadiers) + 11s<\/li>\n<li>Tadej Poga\u010dar (UAE Team Emirates) + 12s<\/li>\n<li>Benjamin Thomas (Groupama-FDJ) + 16s<\/li>\n<li>Alberto Bettiol (EF Education-Nippo) + 18s<\/li>\n<li>Jo\u00e3o Almeida (Deceuninck \u2013 Quick-Step) + 24s<\/li>\n<li>Kasper Asgreen (Deceuninck \u2013 Quick-Step) + 26s<\/li>\n<li>Michael Hepburn (Team BikeExchange) + 27s<\/li>\n<li>Tobias Ludvigsson (Groupama-FDJ) + 28s<\/li>\n<\/ol>\n<h2><strong>\u00d6sszes\u00edtett eredm\u00e9ny<\/strong><\/h2>\n<ol>\n<li>Tadej Poga\u010dar (UAE Team Emirates) \u2013 26:36:17<\/li>\n<li>Wout van Aert (Team Junbo-Visma) + 1:03<\/li>\n<li>Mikel Landa (Bahrain Victorious) + 3:57<\/li>\n<li>Egan Bernal (Ineos Grenadiers) + 4:13<\/li>\n<li>Matteo Fabbro (Bora-Hangrohe) + 4:37<\/li>\n<li>Jo\u00e3o Almeida (Deceuninck \u2013 Quick-Step) + 4:54<\/li>\n<li>Tim Wellens (Lotto-Soudal) + 5:00<\/li>\n<li>Romain Bardet (Team DSM) + 5:50<\/li>\n<li>Vincenzo Nibali (Trek-Segafredo) + 6:30<\/li>\n<li>Simon Yates (Team BikeExchange) + 7:45<\/li>\n<\/ol>\n<p>&nbsp;<\/p>\n","protected":false},"excerpt":{"rendered":"<p>A szlov\u00e9n ker\u00e9kp\u00e1ros a besorol\u00e1sban 1:03-al verte meg van Aert, ezzel \u0151 lett a legjobb fiatal versenyz\u0151, aki felvehette a [&hellip;]<\/p>\n","protected":false},"author":71,"featured_media":10504,"comment_status":"closed","ping_status":"closed","sticky":false,"template":"","format":"standard","meta":{"footnotes":""},"categories":[8],"tags":[],"global-categories":[],"class_list":["post-10501","post","type-post","status-publish","format-standard","has-post-thumbnail","hentry","category-orszaguti-kerekpar"],"yoast_head":"<!-- This site is optimized with the Yoast SEO Premium plugin v25.3 (Yoast SEO v25.9) - https:\/\/yoast.com\/wordpress\/plugins\/seo\/ -->\n<title>Tadej Poga\u010dar nyerte a Tirreno-Adriatic\u00f3t - \u0160koda We Love Cycling - Magyarorsz\u00e1g<\/title>\n<meta name=\"description\" content=\"A szlov\u00e9n ker\u00e9kp\u00e1ros a besorol\u00e1sban 1:03-al verte meg van Aert, ezzel \u0151 lett a legjobb fiatal versenyz\u0151, aki felvehette a hegyi mezt.\" \/>\n<meta name=\"robots\" content=\"index, follow, max-snippet:-1, max-image-preview:large, max-video-preview:-1\" \/>\n<link rel=\"canonical\" href=\"https:\/\/www.welovecycling.com\/hu\/orszaguti-kerekpar\/tadej-pogacar-nyerte-a-tirreno-adriaticot\/\" \/>\n<meta property=\"og:locale\" content=\"hu_HU\" \/>\n<meta property=\"og:type\" content=\"article\" \/>\n<meta property=\"og:title\" content=\"Tadej Poga\u010dar nyerte a Tirreno-Adriatic\u00f3t\" \/>\n<meta property=\"og:description\" content=\"A szlov\u00e9n ker\u00e9kp\u00e1ros a besorol\u00e1sban 1:03-al verte meg van Aert, ezzel \u0151 lett a legjobb fiatal versenyz\u0151, aki felvehette a hegyi mezt.\" \/>\n<meta property=\"og:url\" content=\"https:\/\/www.welovecycling.com\/hu\/orszaguti-kerekpar\/tadej-pogacar-nyerte-a-tirreno-adriaticot\/\" \/>\n<meta property=\"og:site_name\" content=\"\u0160koda We Love Cycling - Magyarorsz\u00e1g\" \/>\n<meta property=\"article:publisher\" content=\"https:\/\/www.facebook.com\/WeLoveCyclingHungary\/\" \/>\n<meta property=\"article:published_time\" content=\"2021-03-29T07:00:30+00:00\" \/>\n<meta property=\"og:image\" content=\"https:\/\/d2p6e6u75xmxt8.cloudfront.net\/12\/2021\/03\/Tadej-Pogacar-profimedia-0598050515-CVR.jpg\" \/>\n\t<meta property=\"og:image:width\" content=\"1366\" \/>\n\t<meta property=\"og:image:height\" content=\"600\" \/>\n\t<meta property=\"og:image:type\" content=\"image\/jpeg\" \/>\n<meta name=\"author\" content=\"hegyizs\" \/>\n<meta name=\"twitter:card\" content=\"summary_large_image\" \/>\n<meta name=\"twitter:label1\" content=\"Written by\" \/>\n\t<meta name=\"twitter:data1\" content=\"Monica Buck\" \/>\n\t<meta name=\"twitter:label2\" content=\"Est. reading time\" \/>\n\t<meta name=\"twitter:data2\" content=\"4\" \/>\n<script type=\"application\/ld+json\" class=\"yoast-schema-graph\">{\"@context\":\"https:\/\/schema.org\",\"@graph\":[{\"@type\":\"WebPage\",\"@id\":\"https:\/\/www.welovecycling.com\/hu\/orszaguti-kerekpar\/tadej-pogacar-nyerte-a-tirreno-adriaticot\/\",\"url\":\"https:\/\/www.welovecycling.com\/hu\/orszaguti-kerekpar\/tadej-pogacar-nyerte-a-tirreno-adriaticot\/\",\"name\":\"Tadej Poga\u010dar nyerte a Tirreno-Adriatic\u00f3t - \u0160koda We Love Cycling - Magyarorsz\u00e1g\",\"isPartOf\":{\"@id\":\"https:\/\/www.welovecycling.com\/hu\/#website\"},\"primaryImageOfPage\":{\"@id\":\"https:\/\/www.welovecycling.com\/hu\/orszaguti-kerekpar\/tadej-pogacar-nyerte-a-tirreno-adriaticot\/#primaryimage\"},\"image\":{\"@id\":\"https:\/\/www.welovecycling.com\/hu\/orszaguti-kerekpar\/tadej-pogacar-nyerte-a-tirreno-adriaticot\/#primaryimage\"},\"thumbnailUrl\":\"https:\/\/d2p6e6u75xmxt8.cloudfront.net\/12\/2021\/03\/Tadej-Pogacar-profimedia-0598050515-CVR.jpg\",\"datePublished\":\"2021-03-29T07:00:30+00:00\",\"author\":{\"@id\":\"https:\/\/www.welovecycling.com\/hu\/#\/schema\/person\/414a2aebf1801691a5320edb6468e194\"},\"description\":\"A szlov\u00e9n ker\u00e9kp\u00e1ros a besorol\u00e1sban 1:03-al verte meg van Aert, ezzel \u0151 lett a legjobb fiatal versenyz\u0151, aki felvehette a hegyi mezt.\",\"breadcrumb\":{\"@id\":\"https:\/\/www.welovecycling.com\/hu\/orszaguti-kerekpar\/tadej-pogacar-nyerte-a-tirreno-adriaticot\/#breadcrumb\"},\"inLanguage\":\"hu\",\"potentialAction\":[{\"@type\":\"ReadAction\",\"target\":[\"https:\/\/www.welovecycling.com\/hu\/orszaguti-kerekpar\/tadej-pogacar-nyerte-a-tirreno-adriaticot\/\"]}]},{\"@type\":\"ImageObject\",\"inLanguage\":\"hu\",\"@id\":\"https:\/\/www.welovecycling.com\/hu\/orszaguti-kerekpar\/tadej-pogacar-nyerte-a-tirreno-adriaticot\/#primaryimage\",\"url\":\"https:\/\/d2p6e6u75xmxt8.cloudfront.net\/12\/2021\/03\/Tadej-Pogacar-profimedia-0598050515-CVR.jpg\",\"contentUrl\":\"https:\/\/d2p6e6u75xmxt8.cloudfront.net\/12\/2021\/03\/Tadej-Pogacar-profimedia-0598050515-CVR.jpg\",\"width\":1366,\"height\":600,\"caption\":\"Tadej Poga\u010dar\"},{\"@type\":\"BreadcrumbList\",\"@id\":\"https:\/\/www.welovecycling.com\/hu\/orszaguti-kerekpar\/tadej-pogacar-nyerte-a-tirreno-adriaticot\/#breadcrumb\",\"itemListElement\":[{\"@type\":\"ListItem\",\"position\":1,\"name\":\"Home\",\"item\":\"https:\/\/www.welovecycling.com\/hu\/\"},{\"@type\":\"ListItem\",\"position\":2,\"name\":\"Tadej Poga\u010dar nyerte a Tirreno-Adriatic\u00f3t\"}]},{\"@type\":\"WebSite\",\"@id\":\"https:\/\/www.welovecycling.com\/hu\/#website\",\"url\":\"https:\/\/www.welovecycling.com\/hu\/\",\"name\":\"\u0160koda We Love Cycling - Magyarorsz\u00e1g\",\"description\":\"\u0160koda WeLoveCycling\",\"potentialAction\":[{\"@type\":\"SearchAction\",\"target\":{\"@type\":\"EntryPoint\",\"urlTemplate\":\"https:\/\/www.welovecycling.com\/hu\/?s={search_term_string}\"},\"query-input\":{\"@type\":\"PropertyValueSpecification\",\"valueRequired\":true,\"valueName\":\"search_term_string\"}}],\"inLanguage\":\"hu\"},{\"@type\":\"Person\",\"@id\":\"https:\/\/www.welovecycling.com\/hu\/#\/schema\/person\/414a2aebf1801691a5320edb6468e194\",\"name\":\"hegyizs\",\"image\":{\"@type\":\"ImageObject\",\"inLanguage\":\"hu\",\"@id\":\"https:\/\/www.welovecycling.com\/hu\/#\/schema\/person\/image\/\",\"url\":\"https:\/\/secure.gravatar.com\/avatar\/02cf8a7906b8cf90cecb4679defac7cfd33a1c2e3b88e4903d947f3bb58eedd3?s=96&d=mm&r=g\",\"contentUrl\":\"https:\/\/secure.gravatar.com\/avatar\/02cf8a7906b8cf90cecb4679defac7cfd33a1c2e3b88e4903d947f3bb58eedd3?s=96&d=mm&r=g\",\"caption\":\"hegyizs\"},\"url\":\"https:\/\/www.welovecycling.com\/hu\/author\/hegyizs\/\"}]}<\/script>\n<!-- \/ Yoast SEO Premium plugin. -->","yoast_head_json":{"title":"Tadej Poga\u010dar nyerte a Tirreno-Adriatic\u00f3t - \u0160koda We Love Cycling - Magyarorsz\u00e1g","description":"A szlov\u00e9n ker\u00e9kp\u00e1ros a besorol\u00e1sban 1:03-al verte meg van Aert, ezzel \u0151 lett a legjobb fiatal versenyz\u0151, aki felvehette a hegyi mezt.","robots":{"index":"index","follow":"follow","max-snippet":"max-snippet:-1","max-image-preview":"max-image-preview:large","max-video-preview":"max-video-preview:-1"},"canonical":"https:\/\/www.welovecycling.com\/hu\/orszaguti-kerekpar\/tadej-pogacar-nyerte-a-tirreno-adriaticot\/","og_locale":"hu_HU","og_type":"article","og_title":"Tadej Poga\u010dar nyerte a Tirreno-Adriatic\u00f3t","og_description":"A szlov\u00e9n ker\u00e9kp\u00e1ros a besorol\u00e1sban 1:03-al verte meg van Aert, ezzel \u0151 lett a legjobb fiatal versenyz\u0151, aki felvehette a hegyi mezt.","og_url":"https:\/\/www.welovecycling.com\/hu\/orszaguti-kerekpar\/tadej-pogacar-nyerte-a-tirreno-adriaticot\/","og_site_name":"\u0160koda We Love Cycling - Magyarorsz\u00e1g","article_publisher":"https:\/\/www.facebook.com\/WeLoveCyclingHungary\/","article_published_time":"2021-03-29T07:00:30+00:00","og_image":[{"width":1366,"height":600,"url":"https:\/\/d2p6e6u75xmxt8.cloudfront.net\/12\/2021\/03\/Tadej-Pogacar-profimedia-0598050515-CVR.jpg","type":"image\/jpeg"}],"author":"hegyizs","twitter_card":"summary_large_image","twitter_misc":{"Written by":"Monica Buck","Est. reading time":"4"},"schema":{"@context":"https:\/\/schema.org","@graph":[{"@type":"WebPage","@id":"https:\/\/www.welovecycling.com\/hu\/orszaguti-kerekpar\/tadej-pogacar-nyerte-a-tirreno-adriaticot\/","url":"https:\/\/www.welovecycling.com\/hu\/orszaguti-kerekpar\/tadej-pogacar-nyerte-a-tirreno-adriaticot\/","name":"Tadej Poga\u010dar nyerte a Tirreno-Adriatic\u00f3t - \u0160koda We Love Cycling - Magyarorsz\u00e1g","isPartOf":{"@id":"https:\/\/www.welovecycling.com\/hu\/#website"},"primaryImageOfPage":{"@id":"https:\/\/www.welovecycling.com\/hu\/orszaguti-kerekpar\/tadej-pogacar-nyerte-a-tirreno-adriaticot\/#primaryimage"},"image":{"@id":"https:\/\/www.welovecycling.com\/hu\/orszaguti-kerekpar\/tadej-pogacar-nyerte-a-tirreno-adriaticot\/#primaryimage"},"thumbnailUrl":"https:\/\/d2p6e6u75xmxt8.cloudfront.net\/12\/2021\/03\/Tadej-Pogacar-profimedia-0598050515-CVR.jpg","datePublished":"2021-03-29T07:00:30+00:00","author":{"@id":"https:\/\/www.welovecycling.com\/hu\/#\/schema\/person\/414a2aebf1801691a5320edb6468e194"},"description":"A szlov\u00e9n ker\u00e9kp\u00e1ros a besorol\u00e1sban 1:03-al verte meg van Aert, ezzel \u0151 lett a legjobb fiatal versenyz\u0151, aki felvehette a hegyi mezt.","breadcrumb":{"@id":"https:\/\/www.welovecycling.com\/hu\/orszaguti-kerekpar\/tadej-pogacar-nyerte-a-tirreno-adriaticot\/#breadcrumb"},"inLanguage":"hu","potentialAction":[{"@type":"ReadAction","target":["https:\/\/www.welovecycling.com\/hu\/orszaguti-kerekpar\/tadej-pogacar-nyerte-a-tirreno-adriaticot\/"]}]},{"@type":"ImageObject","inLanguage":"hu","@id":"https:\/\/www.welovecycling.com\/hu\/orszaguti-kerekpar\/tadej-pogacar-nyerte-a-tirreno-adriaticot\/#primaryimage","url":"https:\/\/d2p6e6u75xmxt8.cloudfront.net\/12\/2021\/03\/Tadej-Pogacar-profimedia-0598050515-CVR.jpg","contentUrl":"https:\/\/d2p6e6u75xmxt8.cloudfront.net\/12\/2021\/03\/Tadej-Pogacar-profimedia-0598050515-CVR.jpg","width":1366,"height":600,"caption":"Tadej Poga\u010dar"},{"@type":"BreadcrumbList","@id":"https:\/\/www.welovecycling.com\/hu\/orszaguti-kerekpar\/tadej-pogacar-nyerte-a-tirreno-adriaticot\/#breadcrumb","itemListElement":[{"@type":"ListItem","position":1,"name":"Home","item":"https:\/\/www.welovecycling.com\/hu\/"},{"@type":"ListItem","position":2,"name":"Tadej Poga\u010dar nyerte a Tirreno-Adriatic\u00f3t"}]},{"@type":"WebSite","@id":"https:\/\/www.welovecycling.com\/hu\/#website","url":"https:\/\/www.welovecycling.com\/hu\/","name":"\u0160koda We Love Cycling - Magyarorsz\u00e1g","description":"\u0160koda WeLoveCycling","potentialAction":[{"@type":"SearchAction","target":{"@type":"EntryPoint","urlTemplate":"https:\/\/www.welovecycling.com\/hu\/?s={search_term_string}"},"query-input":{"@type":"PropertyValueSpecification","valueRequired":true,"valueName":"search_term_string"}}],"inLanguage":"hu"},{"@type":"Person","@id":"https:\/\/www.welovecycling.com\/hu\/#\/schema\/person\/414a2aebf1801691a5320edb6468e194","name":"hegyizs","image":{"@type":"ImageObject","inLanguage":"hu","@id":"https:\/\/www.welovecycling.com\/hu\/#\/schema\/person\/image\/","url":"https:\/\/secure.gravatar.com\/avatar\/02cf8a7906b8cf90cecb4679defac7cfd33a1c2e3b88e4903d947f3bb58eedd3?s=96&d=mm&r=g","contentUrl":"https:\/\/secure.gravatar.com\/avatar\/02cf8a7906b8cf90cecb4679defac7cfd33a1c2e3b88e4903d947f3bb58eedd3?s=96&d=mm&r=g","caption":"hegyizs"},"url":"https:\/\/www.welovecycling.com\/hu\/author\/hegyizs\/"}]}},"_links":{"self":[{"href":"https:\/\/www.welovecycling.com\/hu\/wp-json\/wp\/v2\/posts\/10501","targetHints":{"allow":["GET"]}}],"collection":[{"href":"https:\/\/www.welovecycling.com\/hu\/wp-json\/wp\/v2\/posts"}],"about":[{"href":"https:\/\/www.welovecycling.com\/hu\/wp-json\/wp\/v2\/types\/post"}],"author":[{"embeddable":true,"href":"https:\/\/www.welovecycling.com\/hu\/wp-json\/wp\/v2\/users\/71"}],"replies":[{"embeddable":true,"href":"https:\/\/www.welovecycling.com\/hu\/wp-json\/wp\/v2\/comments?post=10501"}],"version-history":[{"count":2,"href":"https:\/\/www.welovecycling.com\/hu\/wp-json\/wp\/v2\/posts\/10501\/revisions"}],"predecessor-version":[{"id":10506,"href":"https:\/\/www.welovecycling.com\/hu\/wp-json\/wp\/v2\/posts\/10501\/revisions\/10506"}],"wp:featuredmedia":[{"embeddable":true,"href":"https:\/\/www.welovecycling.com\/hu\/wp-json\/wp\/v2\/media\/10504"}],"wp:attachment":[{"href":"https:\/\/www.welovecycling.com\/hu\/wp-json\/wp\/v2\/media?parent=10501"}],"wp:term":[{"taxonomy":"category","embeddable":true,"href":"https:\/\/www.welovecycling.com\/hu\/wp-json\/wp\/v2\/categories?post=10501"},{"taxonomy":"post_tag","embeddable":true,"href":"https:\/\/www.welovecycling.com\/hu\/wp-json\/wp\/v2\/tags?post=10501"},{"taxonomy":"global-categories","embeddable":true,"href":"https:\/\/www.welovecycling.com\/hu\/wp-json\/wp\/v2\/global-categories?post=10501"}],"curies":[{"name":"wp","href":"https:\/\/api.w.org\/{rel}","templated":true}]}}