{"id":10496,"date":"2021-03-31T08:00:34","date_gmt":"2021-03-31T07:00:34","guid":{"rendered":"https:\/\/www.welovecycling.com\/hu\/?p=10496"},"modified":"2021-04-07T08:51:59","modified_gmt":"2021-04-07T07:51:59","slug":"szenszalas-vazak-ujrahasznositasa-egy-megoldott-problemaval-tobb","status":"publish","type":"post","link":"https:\/\/www.welovecycling.com\/hu\/kozosseg-es-kultura\/szenszalas-vazak-ujrahasznositasa-egy-megoldott-problemaval-tobb\/","title":{"rendered":"Sz\u00e9nsz\u00e1las v\u00e1zak \u00fajrahasznos\u00edt\u00e1sa \u2013 egy megoldott probl\u00e9m\u00e1val t\u00f6bb?"},"content":{"rendered":"<p><strong>A sz\u00e9nsz\u00e1las v\u00e1zak m\u00e1ra megfizethet\u0151v\u00e9 v\u00e1ltak, de felmer\u00fclt a k\u00e9rd\u00e9s, hogy mit kell kezdeni vel\u00fck \u00e9lettartamuk v\u00e9g\u00e9n, ha nem lehet \u0151ket igaz\u00e1n \u00fajrahasznos\u00edtani? A megold\u00e1s k\u00f6zelebb van, mit gondoln\u00e1d.<\/strong><\/p>\n<p><!--more--><\/p>\n<p>A karbonsz\u00e1l igazi csodaanyagnak bizonyult. Ultrak\u00f6nny\u0171, merev \u00e9s szuper er\u0151s, \u00e9s ami a bicikli v\u00e1zszerkezet\u00e9t illeti, nehezen akad hozz\u00e1 hasonl\u00f3. Mindenki sz\u00e9nsz\u00e1las biciklit szeretne. Ezt az anyagot egykor kiz\u00e1r\u00f3lag szakemberek \u00e1ll\u00edtott\u00e1k el\u0151 \u00e9s ker\u00e9kp\u00e1rosok milli\u00f3i kerest\u00e9k fel \u0151ket. Id\u0151vel a gy\u00e1rt\u00f3k sz\u00e1ma jelent\u0151sen megn\u0151tt, az \u00e1rak pedig cs\u00f6kkentek. \u00c9s \u00fagy t\u0171nik, a karbonsz\u00e1l \u00f6r\u00f6kk\u00e9 kitart, kiv\u00e9ve, ha valami miatt darabokra t\u00f6rik.<\/p>\n<p>https:\/\/www.instagram.com\/p\/CLcGpQwh75K\/?utm_source=ig_web_copy_link<\/p>\n<h2><strong>Glob\u00e1lis k\u00e9rd\u00e9s<\/strong><\/h2>\n<p>Az ut\u00f3bbi tulajdons\u00e1ga azonban m\u00e1r glob\u00e1lis probl\u00e9m\u00e1v\u00e1 n\u0151tte ki mag\u00e1t. Mivel a sz\u00e9nsz\u00e1l biol\u00f3giailag nem bomlik le \u00e9s nem fotodegrad\u00e1lhat\u00f3, \u00f6r\u00f6kk\u00e9 megmarad. Noha az j\u00f3 h\u00edr, hogy a bicikli v\u00e1za eg\u00e9sz \u00e9lete sor\u00e1n biztons\u00e1gos, az m\u00e1r kev\u00e9sb\u00e9, hogy akkor sem bomlik le, ha megszabadulsz t\u0151le.<\/p>\n<p>A hullad\u00e9klerak\u00f3kban magasan felhalmozott sz\u00e9nsz\u00e1las v\u00e1zak f\u00e9nyk\u00e9pei vil\u00e1gszerte elterjedtek \u00e9s a k\u00f6rnyezettudatos biciklisek k\u00e9tszer is \u00e1tgondolj\u00e1k, hogy megszabaduljanak-e r\u00e9gi sz\u00e9nsz\u00e1las ker\u00e9kp\u00e1rjaikt\u00f3l, valamint m\u00e1s alkatr\u00e9szekt\u0151l, p\u00e9ld\u00e1ul a v\u00e1zakt\u00f3l, a hajt\u00f3karokt\u00f3l, a korm\u00e1nyt\u00f3l \u00e9s az \u00fcl\u00e9soszlopokt\u00f3l.<\/p>\n<p>A probl\u00e9ma az, hogy az ac\u00e9lb\u00f3l vagy alum\u00edniumb\u00f3l k\u00e9sz\u00fclt biciklikkel ellent\u00e9tben a sz\u00e9nsz\u00e1las alkatr\u00e9szek \u00fajrahasznos\u00edt\u00e1sa nem t\u00fal j\u00f6vedelmez\u0151 v\u00e1llalkoz\u00e1s. Els\u0151 pillant\u00e1sra \u00fagy t\u0171nik, hogy a sz\u00e9nsz\u00e1l \u00f6r\u00f6kk\u00e9 vel\u00fcnk maradhat.<\/p>\n<p>M\u00e1r a sportcikkek is probl\u00e9m\u00e1t jelentenek, de val\u00f3j\u00e1ban semmik a modern sug\u00e1rhajt\u00e1s\u00fa rep\u00fcl\u0151g\u00e9pekhez k\u00e9pest. Vegy\u00fcnk p\u00e9ld\u00e1ul egy Boeing Dreamliner rep\u00fcl\u0151g\u00e9pet, aminek meg\u00e9p\u00edt\u00e9s\u00e9hez 23 tonna sz\u00e9nsz\u00e1l sz\u00fcks\u00e9ges. Ez\u00e9rt a l\u00e9gipar volt az els\u0151, ami bevezetett egy sz\u00e9nsz\u00e1l-\u00fajrafeldolgoz\u00e1si programot annak \u00e9rdek\u00e9ben, hogy megakad\u00e1lyozz\u00e1k a sz\u00e9nsz\u00e1lak felhalmoz\u00f3d\u00e1s\u00e1t, miut\u00e1n a rep\u00fcl\u0151g\u00e9pek bev\u00e9gezt\u00e9k k\u00fcldet\u00e9s\u00fcket.<\/p>\n<div class=\"embed-controller-wrapper\">\n<blockquote class=\"twitter-tweet\" data-width=\"500\" data-dnt=\"true\">\n<p lang=\"en\" dir=\"ltr\">Imagine a day when your <a href=\"https:\/\/twitter.com\/hashtag\/airplane?src=hash&amp;ref_src=twsrc%5Etfw\">#airplane<\/a> is powered by recycled GHG emissions and your <a href=\"https:\/\/twitter.com\/hashtag\/yogapants?src=hash&amp;ref_src=twsrc%5Etfw\">#yogapants<\/a> started life as pollution from a steel mill.<\/p>\n<p>We call these products <a href=\"https:\/\/twitter.com\/hashtag\/CarbonSmart?src=hash&amp;ref_src=twsrc%5Etfw\">#CarbonSmart<\/a> as a reflection of buyers making a choice regarding where their carbon comes from. <a href=\"https:\/\/t.co\/URntqpnv13\">https:\/\/t.co\/URntqpnv13<\/a> <a href=\"https:\/\/t.co\/840rjtjaG3\">pic.twitter.com\/840rjtjaG3<\/a><\/p>\n<p>&mdash; LanzaTech (@LanzaTech) <a href=\"https:\/\/twitter.com\/LanzaTech\/status\/1362859683397173249?ref_src=twsrc%5Etfw\">February 19, 2021<\/a><\/p><\/blockquote>\n<p><script async data-src=\"https:\/\/platform.twitter.com\/widgets.js\" charset=\"utf-8\"><\/script><\/div>\n<h2><strong>A sz\u00e9nsz\u00e1lak k\u00e1rosod\u00e1sa<\/strong><\/h2>\n<p>Az \u00fajrahasznos\u00edt\u00e1s f\u0151 probl\u00e9m\u00e1ja az anyag szerkezete. Az anyag a szil\u00e1rds\u00e1g\u00e1t a hossz\u00fa sz\u00e1laknak k\u00f6sz\u00f6nheti. Miut\u00e1n \u00f6sszet\u00f6rted vagy felapr\u00edtottad \u0151ket, ami az \u00fajrahasznos\u00edt\u00e1si folyamat id\u00e1ig elker\u00fclhetetlen l\u00e9p\u00e9se volt, az anyag elvesz\u00edti term\u00e9szetes el\u0151nyeit \u00e9s feleslegess\u00e9 v\u00e1lik. K\u00e9t alapvet\u0151 tulajdons\u00e1g &#8211; az er\u0151 \u00e9s a merevs\u00e9g \u2013 elveszik az anyag elv\u00e1g\u00e1s\u00e1n\u00e1l.<\/p>\n<p>A tiszta sz\u00e9nsz\u00e1l visszanyer\u00e9s\u00e9hez sz\u00fcks\u00e9g volt a gyant\u00e1k elt\u00e1vol\u00edt\u00e1s\u00e1ra, amelyek k\u00f6t\u0151elemk\u00e9nt m\u0171k\u00f6dnek, \u00edgy tartj\u00e1k form\u00e1ban a sz\u00e1lakat. A magas k\u00f6lts\u00e9gek egy m\u00e1sik probl\u00e9m\u00e1t jelentettek a sz\u00e9nsz\u00e1l-\u00fajrafeldolgoz\u00e1si folyamatban. M\u00edg az alum\u00ednium vagy az ac\u00e9l \u00fajrahasznos\u00edt\u00e1sa \u00e9sszer\u0171nek bizonyult, mert ugyanolyan vagy majdnem azonos min\u0151s\u00e9g\u0171 anyagokat kaphattunk kevesebb p\u00e9nz\u00e9rt, sz\u00e9nsz\u00e1lakkal sokkal t\u00f6bb p\u00e9nzt fizett\u00fcnk egy cs\u00f6kkent \u00e9rt\u00e9k\u0171 anyag megszerz\u00e9s\u00e9hez. Miut\u00e1n a sz\u00e9nsz\u00e1lat lev\u00e1gt\u00e1k, soha nem haszn\u00e1lhattuk er\u0151s t\u00f6rzsek, \u00e1rbocok vagy v\u00e1zak \u00e9p\u00edt\u00e9s\u00e9re.<\/p>\n<h2><strong>T\u00f6bb mint egy vizes palack<\/strong><\/h2>\n<p>Van-e es\u00e9ly teh\u00e1t a sz\u00e9nsz\u00e1l \u00fajrafelhaszn\u00e1l\u00e1s\u00e1ra? N\u00e9h\u00e1ny \u00e9vvel ezel\u0151tt a ker\u00e9kp\u00e1ripar szakemberei olyan felszerel\u00e9sek gy\u00e1rt\u00e1s\u00e1t javasolt\u00e1k az els\u0151dleges funkci\u00f3jukat bet\u00f6lteni m\u00e1r nem tud\u00f3 sz\u00e9nsz\u00e1lakb\u00f3l, mint a l\u00e9gszivatty\u00fak vagy a vizes palackok. M\u00e1s ipar\u00e1gak \u00f6tletei k\u00f6z\u00f6tt szerepelt a laptop vagy mobiltelefon tok tervez\u00e9se is.<\/p>\n<div class=\"embed-controller-wrapper\">\n<blockquote class=\"twitter-tweet\" data-width=\"500\" data-dnt=\"true\">\n<p lang=\"en\" dir=\"ltr\">\u267a  Going towards a more <a href=\"https:\/\/twitter.com\/hashtag\/sustainable?src=hash&amp;ref_src=twsrc%5Etfw\">#sustainable<\/a> future is not only necessary for the planet, it&#39;s starting to become a customer-demand. You can meet this need by better <a href=\"https:\/\/twitter.com\/hashtag\/recycling?src=hash&amp;ref_src=twsrc%5Etfw\">#recycling<\/a> your <a href=\"https:\/\/twitter.com\/hashtag\/carbon?src=hash&amp;ref_src=twsrc%5Etfw\">#carbon<\/a> fiber composites. Here&#39;s how \ud83d\udc49   <a href=\"https:\/\/t.co\/XnwifNdgsr\">https:\/\/t.co\/XnwifNdgsr<\/a> ft. <a href=\"https:\/\/twitter.com\/TPACNL?ref_src=twsrc%5Etfw\">@TPACNL<\/a> <a href=\"https:\/\/twitter.com\/VartegaCFR?ref_src=twsrc%5Etfw\">@VartegaCFR<\/a> <a href=\"https:\/\/twitter.com\/Mallinda_Inc?ref_src=twsrc%5Etfw\">@Mallinda_Inc<\/a><\/p>\n<p>&mdash; StartUs Insights (@StartUsInsights) <a href=\"https:\/\/twitter.com\/StartUsInsights\/status\/1329121441611018240?ref_src=twsrc%5Etfw\">November 18, 2020<\/a><\/p><\/blockquote>\n<p><script async data-src=\"https:\/\/platform.twitter.com\/widgets.js\" charset=\"utf-8\"><\/script><\/div>\n<p>Az amerikai Vartega c\u00e9g bejelentette, hogy \u00fczemeik \u00fajrahasznos\u00edtott sz\u00e9nsz\u00e1lainak er\u0151ss\u00e9ge a haszn\u00e1latlan\u00e9hoz hasonl\u00f3. Az Alchemy bicikligy\u00e1rt\u00f3 \u00fajrahasznos\u00edtott sz\u00e9nsz\u00e1lat haszn\u00e1l a ker\u00e9kp\u00e1rok protot\u00edpus\u00e1nak \u00e9p\u00edt\u00e9s\u00e9hez az \u00faj ker\u00e9kp\u00e1rtervek k\u00e9sz\u00edt\u00e9skor. Annak ellen\u00e9re, hogy a sz\u00e9nsz\u00e1l jellege megv\u00e1ltozik az \u00fajrahasznos\u00edt\u00e1s sor\u00e1n, \u00e9s el\u00e9gtelenn\u00e9 v\u00e1lik a rep\u00fcl\u0151g\u00e9piparban val\u00f3 felhaszn\u00e1l\u00e1sra, m\u00e9gis kiv\u00e1l\u00f3an alkalmas sportfelszerel\u00e9sek, k\u00f6zt\u00fck evez\u0151k \u00e9s tenisz\u00fct\u0151k sz\u00e1m\u00e1ra.<\/p>\n<p>\u00c9szak-Amerik\u00e1ban sok ker\u00e9kp\u00e1ros v\u00e1llalat fektetett be a sz\u00e9nsz\u00e1l \u00fajrahasznos\u00edt\u00e1s\u00e1nak kital\u00e1l\u00e1s\u00e1ba. P\u00e9ld\u00e1ul a kanadai Vancouverb\u0151l sz\u00e1rmaz\u00f3 Norco t\u00f6bb mint \u00f6t \u00e9vig rakt\u00e1rozott v\u00e1zakat \u00e9s egy\u00e9b alkatr\u00e9szeket, miel\u0151tt felfedezett volna egy olyan c\u00e9get, ami k\u00e9pes \u00fajrahasznos\u00edtani \u0151ket. Hasonl\u00f3 t\u00f6rt\u00e9netet mes\u00e9ltek olyan c\u00e9gek is, mint a Cannondale vagy a Specialized.<\/p>\n<p><em>&#8220;\u00c9vente t\u00f6bb ezer sz\u00e9nsz\u00e1las bicikli ker\u00fcl a hullad\u00e9klerak\u00f3kba, \u00e9s ezen v\u00e1ltoztatni akarunk azzal, hogy<\/em> <em>seg\u00edt\u00fcnk a sz\u00e9nsz\u00e1l \u00fajrahasznos\u00edt\u00e1si folyamat\u00e1nak kidolgoz\u00e1s\u00e1ban \u00e9s megval\u00f3s\u00edt\u00e1s\u00e1ban&#8221; &#8211; <\/em>\u00e1ll\u00edtja a t\u00e1rsas\u00e1g a honlapj\u00e1n. A rep\u00fcl\u0151g\u00e9pipar \u00e1ltal haszn\u00e1lt jelenlegi sz\u00e9nsz\u00e1l-\u00fajrafeldolgoz\u00e1si programok alapj\u00e1n a v\u00e1zakat kisebb r\u00e9szekre v\u00e1gj\u00e1k, \u00e9s a sz\u00e1lakat form\u00e1ban tart\u00f3 epoxi gyant\u00e1t oxig\u00e9nmentes k\u00f6rnyezetben el\u00e9getik. A folyamat r\u00f6videbb sz\u00e1lakat eredm\u00e9nyez, amik hasonl\u00f3 tulajdons\u00e1gokkal rendelkeznek, mint a sz\u0171z anyag, \u00e9s sokf\u00e9le term\u00e9kben felhaszn\u00e1lhat\u00f3k.<\/p>\n","protected":false},"excerpt":{"rendered":"<p>A sz\u00e9nsz\u00e1las v\u00e1zak m\u00e1ra megfizethet\u0151v\u00e9 v\u00e1ltak, de felmer\u00fclt a k\u00e9rd\u00e9s, hogy mit kell kezdeni vel\u00fck \u00e9lettartamuk v\u00e9g\u00e9n, ha nem lehet [&hellip;]<\/p>\n","protected":false},"author":71,"featured_media":10500,"comment_status":"closed","ping_status":"closed","sticky":false,"template":"","format":"standard","meta":{"footnotes":""},"categories":[12],"tags":[],"global-categories":[],"class_list":["post-10496","post","type-post","status-publish","format-standard","has-post-thumbnail","hentry","category-kozosseg-es-kultura"],"yoast_head":"<!-- This site is optimized with the Yoast SEO Premium plugin v25.3 (Yoast SEO v25.9) - https:\/\/yoast.com\/wordpress\/plugins\/seo\/ -->\n<title>Sz\u00e9nsz\u00e1las v\u00e1zak \u00fajrahasznos\u00edt\u00e1sa \u2013 egy megoldott probl\u00e9m\u00e1val t\u00f6bb?<\/title>\n<meta name=\"description\" content=\"A sz\u00e9nsz\u00e1las keretek m\u00e1ra megfizethet\u0151v\u00e9 v\u00e1ltak, de felmer\u00fclt a k\u00e9rd\u00e9s, hogy mit kell kezdeni vel\u00fck \u00e9lettartamuk v\u00e9g\u00e9n, ha nem lehet \u0151ket igaz\u00e1n \u00fajrahasznos\u00edtani? A megold\u00e1s k\u00f6zelebb van, mit gondoln\u00e1d.\" \/>\n<meta name=\"robots\" content=\"index, follow, max-snippet:-1, max-image-preview:large, max-video-preview:-1\" \/>\n<link rel=\"canonical\" href=\"https:\/\/www.welovecycling.com\/hu\/kozosseg-es-kultura\/szenszalas-vazak-ujrahasznositasa-egy-megoldott-problemaval-tobb\/\" \/>\n<meta property=\"og:locale\" content=\"hu_HU\" \/>\n<meta property=\"og:type\" content=\"article\" \/>\n<meta property=\"og:title\" content=\"Sz\u00e9nsz\u00e1las v\u00e1zak \u00fajrahasznos\u00edt\u00e1sa \u2013 egy megoldott probl\u00e9m\u00e1val t\u00f6bb?\" \/>\n<meta property=\"og:description\" content=\"A sz\u00e9nsz\u00e1las keretek m\u00e1ra megfizethet\u0151v\u00e9 v\u00e1ltak, de felmer\u00fclt a k\u00e9rd\u00e9s, hogy mit kell kezdeni vel\u00fck \u00e9lettartamuk v\u00e9g\u00e9n, ha nem lehet \u0151ket igaz\u00e1n \u00fajrahasznos\u00edtani? A megold\u00e1s k\u00f6zelebb van, mit gondoln\u00e1d.\" \/>\n<meta property=\"og:url\" content=\"https:\/\/www.welovecycling.com\/hu\/kozosseg-es-kultura\/szenszalas-vazak-ujrahasznositasa-egy-megoldott-problemaval-tobb\/\" \/>\n<meta property=\"og:site_name\" content=\"\u0160koda We Love Cycling - Magyarorsz\u00e1g\" \/>\n<meta property=\"article:publisher\" content=\"https:\/\/www.facebook.com\/WeLoveCyclingHungary\/\" \/>\n<meta property=\"article:published_time\" content=\"2021-03-31T07:00:34+00:00\" \/>\n<meta property=\"article:modified_time\" content=\"2021-04-07T07:51:59+00:00\" \/>\n<meta property=\"og:image\" content=\"https:\/\/d2p6e6u75xmxt8.cloudfront.net\/12\/2021\/03\/Carbon-bikes-profimedia-0578364392-CVR.jpg\" \/>\n\t<meta property=\"og:image:width\" content=\"1366\" \/>\n\t<meta property=\"og:image:height\" content=\"600\" \/>\n\t<meta property=\"og:image:type\" content=\"image\/jpeg\" \/>\n<meta name=\"author\" content=\"hegyizs\" \/>\n<meta name=\"twitter:card\" content=\"summary_large_image\" \/>\n<meta name=\"twitter:label1\" content=\"Written by\" \/>\n\t<meta name=\"twitter:data1\" content=\"Adam Marsal\" \/>\n\t<meta name=\"twitter:label2\" content=\"Est. reading time\" \/>\n\t<meta name=\"twitter:data2\" content=\"5\" \/>\n<script type=\"application\/ld+json\" class=\"yoast-schema-graph\">{\"@context\":\"https:\/\/schema.org\",\"@graph\":[{\"@type\":\"WebPage\",\"@id\":\"https:\/\/www.welovecycling.com\/hu\/kozosseg-es-kultura\/szenszalas-vazak-ujrahasznositasa-egy-megoldott-problemaval-tobb\/\",\"url\":\"https:\/\/www.welovecycling.com\/hu\/kozosseg-es-kultura\/szenszalas-vazak-ujrahasznositasa-egy-megoldott-problemaval-tobb\/\",\"name\":\"Sz\u00e9nsz\u00e1las v\u00e1zak \u00fajrahasznos\u00edt\u00e1sa \u2013 egy megoldott probl\u00e9m\u00e1val t\u00f6bb?\",\"isPartOf\":{\"@id\":\"https:\/\/www.welovecycling.com\/hu\/#website\"},\"primaryImageOfPage\":{\"@id\":\"https:\/\/www.welovecycling.com\/hu\/kozosseg-es-kultura\/szenszalas-vazak-ujrahasznositasa-egy-megoldott-problemaval-tobb\/#primaryimage\"},\"image\":{\"@id\":\"https:\/\/www.welovecycling.com\/hu\/kozosseg-es-kultura\/szenszalas-vazak-ujrahasznositasa-egy-megoldott-problemaval-tobb\/#primaryimage\"},\"thumbnailUrl\":\"https:\/\/d2p6e6u75xmxt8.cloudfront.net\/12\/2021\/03\/Carbon-bikes-profimedia-0578364392-CVR.jpg\",\"datePublished\":\"2021-03-31T07:00:34+00:00\",\"dateModified\":\"2021-04-07T07:51:59+00:00\",\"author\":{\"@id\":\"https:\/\/www.welovecycling.com\/hu\/#\/schema\/person\/414a2aebf1801691a5320edb6468e194\"},\"description\":\"A sz\u00e9nsz\u00e1las keretek m\u00e1ra megfizethet\u0151v\u00e9 v\u00e1ltak, de felmer\u00fclt a k\u00e9rd\u00e9s, hogy mit kell kezdeni vel\u00fck \u00e9lettartamuk v\u00e9g\u00e9n, ha nem lehet \u0151ket igaz\u00e1n \u00fajrahasznos\u00edtani? A megold\u00e1s k\u00f6zelebb van, mit gondoln\u00e1d.\",\"breadcrumb\":{\"@id\":\"https:\/\/www.welovecycling.com\/hu\/kozosseg-es-kultura\/szenszalas-vazak-ujrahasznositasa-egy-megoldott-problemaval-tobb\/#breadcrumb\"},\"inLanguage\":\"hu\",\"potentialAction\":[{\"@type\":\"ReadAction\",\"target\":[\"https:\/\/www.welovecycling.com\/hu\/kozosseg-es-kultura\/szenszalas-vazak-ujrahasznositasa-egy-megoldott-problemaval-tobb\/\"]}]},{\"@type\":\"ImageObject\",\"inLanguage\":\"hu\",\"@id\":\"https:\/\/www.welovecycling.com\/hu\/kozosseg-es-kultura\/szenszalas-vazak-ujrahasznositasa-egy-megoldott-problemaval-tobb\/#primaryimage\",\"url\":\"https:\/\/d2p6e6u75xmxt8.cloudfront.net\/12\/2021\/03\/Carbon-bikes-profimedia-0578364392-CVR.jpg\",\"contentUrl\":\"https:\/\/d2p6e6u75xmxt8.cloudfront.net\/12\/2021\/03\/Carbon-bikes-profimedia-0578364392-CVR.jpg\",\"width\":1366,\"height\":600,\"caption\":\"Carbon-fibre bikes\"},{\"@type\":\"BreadcrumbList\",\"@id\":\"https:\/\/www.welovecycling.com\/hu\/kozosseg-es-kultura\/szenszalas-vazak-ujrahasznositasa-egy-megoldott-problemaval-tobb\/#breadcrumb\",\"itemListElement\":[{\"@type\":\"ListItem\",\"position\":1,\"name\":\"Home\",\"item\":\"https:\/\/www.welovecycling.com\/hu\/\"},{\"@type\":\"ListItem\",\"position\":2,\"name\":\"Sz\u00e9nsz\u00e1las v\u00e1zak \u00fajrahasznos\u00edt\u00e1sa \u2013 egy megoldott probl\u00e9m\u00e1val t\u00f6bb?\"}]},{\"@type\":\"WebSite\",\"@id\":\"https:\/\/www.welovecycling.com\/hu\/#website\",\"url\":\"https:\/\/www.welovecycling.com\/hu\/\",\"name\":\"\u0160koda We Love Cycling - Magyarorsz\u00e1g\",\"description\":\"\u0160koda WeLoveCycling\",\"potentialAction\":[{\"@type\":\"SearchAction\",\"target\":{\"@type\":\"EntryPoint\",\"urlTemplate\":\"https:\/\/www.welovecycling.com\/hu\/?s={search_term_string}\"},\"query-input\":{\"@type\":\"PropertyValueSpecification\",\"valueRequired\":true,\"valueName\":\"search_term_string\"}}],\"inLanguage\":\"hu\"},{\"@type\":\"Person\",\"@id\":\"https:\/\/www.welovecycling.com\/hu\/#\/schema\/person\/414a2aebf1801691a5320edb6468e194\",\"name\":\"hegyizs\",\"image\":{\"@type\":\"ImageObject\",\"inLanguage\":\"hu\",\"@id\":\"https:\/\/www.welovecycling.com\/hu\/#\/schema\/person\/image\/\",\"url\":\"https:\/\/secure.gravatar.com\/avatar\/02cf8a7906b8cf90cecb4679defac7cfd33a1c2e3b88e4903d947f3bb58eedd3?s=96&d=mm&r=g\",\"contentUrl\":\"https:\/\/secure.gravatar.com\/avatar\/02cf8a7906b8cf90cecb4679defac7cfd33a1c2e3b88e4903d947f3bb58eedd3?s=96&d=mm&r=g\",\"caption\":\"hegyizs\"},\"url\":\"https:\/\/www.welovecycling.com\/hu\/author\/hegyizs\/\"}]}<\/script>\n<!-- \/ Yoast SEO Premium plugin. -->","yoast_head_json":{"title":"Sz\u00e9nsz\u00e1las v\u00e1zak \u00fajrahasznos\u00edt\u00e1sa \u2013 egy megoldott probl\u00e9m\u00e1val t\u00f6bb?","description":"A sz\u00e9nsz\u00e1las keretek m\u00e1ra megfizethet\u0151v\u00e9 v\u00e1ltak, de felmer\u00fclt a k\u00e9rd\u00e9s, hogy mit kell kezdeni vel\u00fck \u00e9lettartamuk v\u00e9g\u00e9n, ha nem lehet \u0151ket igaz\u00e1n \u00fajrahasznos\u00edtani? A megold\u00e1s k\u00f6zelebb van, mit gondoln\u00e1d.","robots":{"index":"index","follow":"follow","max-snippet":"max-snippet:-1","max-image-preview":"max-image-preview:large","max-video-preview":"max-video-preview:-1"},"canonical":"https:\/\/www.welovecycling.com\/hu\/kozosseg-es-kultura\/szenszalas-vazak-ujrahasznositasa-egy-megoldott-problemaval-tobb\/","og_locale":"hu_HU","og_type":"article","og_title":"Sz\u00e9nsz\u00e1las v\u00e1zak \u00fajrahasznos\u00edt\u00e1sa \u2013 egy megoldott probl\u00e9m\u00e1val t\u00f6bb?","og_description":"A sz\u00e9nsz\u00e1las keretek m\u00e1ra megfizethet\u0151v\u00e9 v\u00e1ltak, de felmer\u00fclt a k\u00e9rd\u00e9s, hogy mit kell kezdeni vel\u00fck \u00e9lettartamuk v\u00e9g\u00e9n, ha nem lehet \u0151ket igaz\u00e1n \u00fajrahasznos\u00edtani? A megold\u00e1s k\u00f6zelebb van, mit gondoln\u00e1d.","og_url":"https:\/\/www.welovecycling.com\/hu\/kozosseg-es-kultura\/szenszalas-vazak-ujrahasznositasa-egy-megoldott-problemaval-tobb\/","og_site_name":"\u0160koda We Love Cycling - Magyarorsz\u00e1g","article_publisher":"https:\/\/www.facebook.com\/WeLoveCyclingHungary\/","article_published_time":"2021-03-31T07:00:34+00:00","article_modified_time":"2021-04-07T07:51:59+00:00","og_image":[{"width":1366,"height":600,"url":"https:\/\/d2p6e6u75xmxt8.cloudfront.net\/12\/2021\/03\/Carbon-bikes-profimedia-0578364392-CVR.jpg","type":"image\/jpeg"}],"author":"hegyizs","twitter_card":"summary_large_image","twitter_misc":{"Written by":"Adam Marsal","Est. reading time":"5"},"schema":{"@context":"https:\/\/schema.org","@graph":[{"@type":"WebPage","@id":"https:\/\/www.welovecycling.com\/hu\/kozosseg-es-kultura\/szenszalas-vazak-ujrahasznositasa-egy-megoldott-problemaval-tobb\/","url":"https:\/\/www.welovecycling.com\/hu\/kozosseg-es-kultura\/szenszalas-vazak-ujrahasznositasa-egy-megoldott-problemaval-tobb\/","name":"Sz\u00e9nsz\u00e1las v\u00e1zak \u00fajrahasznos\u00edt\u00e1sa \u2013 egy megoldott probl\u00e9m\u00e1val t\u00f6bb?","isPartOf":{"@id":"https:\/\/www.welovecycling.com\/hu\/#website"},"primaryImageOfPage":{"@id":"https:\/\/www.welovecycling.com\/hu\/kozosseg-es-kultura\/szenszalas-vazak-ujrahasznositasa-egy-megoldott-problemaval-tobb\/#primaryimage"},"image":{"@id":"https:\/\/www.welovecycling.com\/hu\/kozosseg-es-kultura\/szenszalas-vazak-ujrahasznositasa-egy-megoldott-problemaval-tobb\/#primaryimage"},"thumbnailUrl":"https:\/\/d2p6e6u75xmxt8.cloudfront.net\/12\/2021\/03\/Carbon-bikes-profimedia-0578364392-CVR.jpg","datePublished":"2021-03-31T07:00:34+00:00","dateModified":"2021-04-07T07:51:59+00:00","author":{"@id":"https:\/\/www.welovecycling.com\/hu\/#\/schema\/person\/414a2aebf1801691a5320edb6468e194"},"description":"A sz\u00e9nsz\u00e1las keretek m\u00e1ra megfizethet\u0151v\u00e9 v\u00e1ltak, de felmer\u00fclt a k\u00e9rd\u00e9s, hogy mit kell kezdeni vel\u00fck \u00e9lettartamuk v\u00e9g\u00e9n, ha nem lehet \u0151ket igaz\u00e1n \u00fajrahasznos\u00edtani? A megold\u00e1s k\u00f6zelebb van, mit gondoln\u00e1d.","breadcrumb":{"@id":"https:\/\/www.welovecycling.com\/hu\/kozosseg-es-kultura\/szenszalas-vazak-ujrahasznositasa-egy-megoldott-problemaval-tobb\/#breadcrumb"},"inLanguage":"hu","potentialAction":[{"@type":"ReadAction","target":["https:\/\/www.welovecycling.com\/hu\/kozosseg-es-kultura\/szenszalas-vazak-ujrahasznositasa-egy-megoldott-problemaval-tobb\/"]}]},{"@type":"ImageObject","inLanguage":"hu","@id":"https:\/\/www.welovecycling.com\/hu\/kozosseg-es-kultura\/szenszalas-vazak-ujrahasznositasa-egy-megoldott-problemaval-tobb\/#primaryimage","url":"https:\/\/d2p6e6u75xmxt8.cloudfront.net\/12\/2021\/03\/Carbon-bikes-profimedia-0578364392-CVR.jpg","contentUrl":"https:\/\/d2p6e6u75xmxt8.cloudfront.net\/12\/2021\/03\/Carbon-bikes-profimedia-0578364392-CVR.jpg","width":1366,"height":600,"caption":"Carbon-fibre bikes"},{"@type":"BreadcrumbList","@id":"https:\/\/www.welovecycling.com\/hu\/kozosseg-es-kultura\/szenszalas-vazak-ujrahasznositasa-egy-megoldott-problemaval-tobb\/#breadcrumb","itemListElement":[{"@type":"ListItem","position":1,"name":"Home","item":"https:\/\/www.welovecycling.com\/hu\/"},{"@type":"ListItem","position":2,"name":"Sz\u00e9nsz\u00e1las v\u00e1zak \u00fajrahasznos\u00edt\u00e1sa \u2013 egy megoldott probl\u00e9m\u00e1val t\u00f6bb?"}]},{"@type":"WebSite","@id":"https:\/\/www.welovecycling.com\/hu\/#website","url":"https:\/\/www.welovecycling.com\/hu\/","name":"\u0160koda We Love Cycling - Magyarorsz\u00e1g","description":"\u0160koda WeLoveCycling","potentialAction":[{"@type":"SearchAction","target":{"@type":"EntryPoint","urlTemplate":"https:\/\/www.welovecycling.com\/hu\/?s={search_term_string}"},"query-input":{"@type":"PropertyValueSpecification","valueRequired":true,"valueName":"search_term_string"}}],"inLanguage":"hu"},{"@type":"Person","@id":"https:\/\/www.welovecycling.com\/hu\/#\/schema\/person\/414a2aebf1801691a5320edb6468e194","name":"hegyizs","image":{"@type":"ImageObject","inLanguage":"hu","@id":"https:\/\/www.welovecycling.com\/hu\/#\/schema\/person\/image\/","url":"https:\/\/secure.gravatar.com\/avatar\/02cf8a7906b8cf90cecb4679defac7cfd33a1c2e3b88e4903d947f3bb58eedd3?s=96&d=mm&r=g","contentUrl":"https:\/\/secure.gravatar.com\/avatar\/02cf8a7906b8cf90cecb4679defac7cfd33a1c2e3b88e4903d947f3bb58eedd3?s=96&d=mm&r=g","caption":"hegyizs"},"url":"https:\/\/www.welovecycling.com\/hu\/author\/hegyizs\/"}]}},"_links":{"self":[{"href":"https:\/\/www.welovecycling.com\/hu\/wp-json\/wp\/v2\/posts\/10496","targetHints":{"allow":["GET"]}}],"collection":[{"href":"https:\/\/www.welovecycling.com\/hu\/wp-json\/wp\/v2\/posts"}],"about":[{"href":"https:\/\/www.welovecycling.com\/hu\/wp-json\/wp\/v2\/types\/post"}],"author":[{"embeddable":true,"href":"https:\/\/www.welovecycling.com\/hu\/wp-json\/wp\/v2\/users\/71"}],"replies":[{"embeddable":true,"href":"https:\/\/www.welovecycling.com\/hu\/wp-json\/wp\/v2\/comments?post=10496"}],"version-history":[{"count":2,"href":"https:\/\/www.welovecycling.com\/hu\/wp-json\/wp\/v2\/posts\/10496\/revisions"}],"predecessor-version":[{"id":10582,"href":"https:\/\/www.welovecycling.com\/hu\/wp-json\/wp\/v2\/posts\/10496\/revisions\/10582"}],"wp:featuredmedia":[{"embeddable":true,"href":"https:\/\/www.welovecycling.com\/hu\/wp-json\/wp\/v2\/media\/10500"}],"wp:attachment":[{"href":"https:\/\/www.welovecycling.com\/hu\/wp-json\/wp\/v2\/media?parent=10496"}],"wp:term":[{"taxonomy":"category","embeddable":true,"href":"https:\/\/www.welovecycling.com\/hu\/wp-json\/wp\/v2\/categories?post=10496"},{"taxonomy":"post_tag","embeddable":true,"href":"https:\/\/www.welovecycling.com\/hu\/wp-json\/wp\/v2\/tags?post=10496"},{"taxonomy":"global-categories","embeddable":true,"href":"https:\/\/www.welovecycling.com\/hu\/wp-json\/wp\/v2\/global-categories?post=10496"}],"curies":[{"name":"wp","href":"https:\/\/api.w.org\/{rel}","templated":true}]}}