{"id":1049,"date":"2018-06-24T14:11:41","date_gmt":"2018-06-24T14:11:41","guid":{"rendered":"https:\/\/www.welovecycling.com\/hu\/?p=1049"},"modified":"2018-07-06T13:07:45","modified_gmt":"2018-07-06T13:07:45","slug":"10-ikonikus-fenykep-a-tour-de-france-tortenetebol","status":"publish","type":"post","link":"https:\/\/www.welovecycling.com\/hu\/tour-de-france\/10-ikonikus-fenykep-a-tour-de-france-tortenetebol\/","title":{"rendered":"10 ikonikus f\u00e9nyk\u00e9p a Tour de France t\u00f6rt\u00e9net\u00e9b\u0151l"},"content":{"rendered":"<p><strong>Ha j\u00falius, akkor Tour de France! B\u00e1r az idei Tour is nagyon izgalmas, a r\u00e9gi id\u0151ket k\u00e1r lenne elfelejteni. Mutatunk n\u00e9h\u00e1ny retr\u00f3 k\u00e9pet a kor\u00e1bbi versenyekr\u0151l.<\/strong><\/p>\n<h2><!--more--><\/h2>\n<p>Victor Lenears (1924)<\/p>\n<p><a href=\"https:\/\/d2p6e6u75xmxt8.cloudfront.net\/12\/2018\/06\/tour-de-france-kepek-01.jpg\"><img loading=\"lazy\" decoding=\"async\" class=\"alignnone size-full wp-image-1050\" src=\"https:\/\/d2p6e6u75xmxt8.cloudfront.net\/12\/2018\/06\/tour-de-france-kepek-01.jpg\" alt=\"tour-de-france-tortenelem\" width=\"529\" height=\"796\" srcset=\"https:\/\/d2p6e6u75xmxt8.cloudfront.net\/12\/2018\/06\/tour-de-france-kepek-01.jpg 529w, https:\/\/d2p6e6u75xmxt8.cloudfront.net\/12\/2018\/06\/tour-de-france-kepek-01-199x300.jpg 199w\" sizes=\"auto, (max-width: 529px) 100vw, 529px\" \/><\/a><\/p>\n<p>Az \u00e9llovasok h\u0171tik magukat az 1961-es Tour de France 12. szakasz\u00e1ban a Saint-Maximin-la-Sainte-Baume egyik sz\u00f6k\u0151k\u00fatj\u00e1n\u00e1l<\/p>\n<p><a href=\"https:\/\/d2p6e6u75xmxt8.cloudfront.net\/12\/2018\/06\/tour-de-france-kepek-02.jpg\"><img loading=\"lazy\" decoding=\"async\" class=\"size-full wp-image-1051\" src=\"https:\/\/d2p6e6u75xmxt8.cloudfront.net\/12\/2018\/06\/tour-de-france-kepek-02.jpg\" alt=\"tour-de-france-tortenelem\" width=\"600\" height=\"468\" srcset=\"https:\/\/d2p6e6u75xmxt8.cloudfront.net\/12\/2018\/06\/tour-de-france-kepek-02.jpg 600w, https:\/\/d2p6e6u75xmxt8.cloudfront.net\/12\/2018\/06\/tour-de-france-kepek-02-300x234.jpg 300w\" sizes=\"auto, (max-width: 600px) 100vw, 600px\" \/><\/a><\/p>\n<p>Az igazi sportszer\u0171s\u00e9g (1948)<\/p>\n<p><a href=\"https:\/\/d2p6e6u75xmxt8.cloudfront.net\/12\/2018\/06\/tour-de-france-kepek-03.jpg\"><img loading=\"lazy\" decoding=\"async\" class=\"alignnone size-full wp-image-1052\" src=\"https:\/\/d2p6e6u75xmxt8.cloudfront.net\/12\/2018\/06\/tour-de-france-kepek-03.jpg\" alt=\"tour-de-france-tortenelem\" width=\"736\" height=\"488\" srcset=\"https:\/\/d2p6e6u75xmxt8.cloudfront.net\/12\/2018\/06\/tour-de-france-kepek-03.jpg 736w, https:\/\/d2p6e6u75xmxt8.cloudfront.net\/12\/2018\/06\/tour-de-france-kepek-03-300x199.jpg 300w\" sizes=\"auto, (max-width: 736px) 100vw, 736px\" \/><\/a><\/p>\n<p>Eddy Mercx megh\u00f3d\u00edtja a Mount Ventoux-t (1969)<\/p>\n<p><a href=\"https:\/\/d2p6e6u75xmxt8.cloudfront.net\/12\/2018\/06\/tour-de-france-kepek-04.jpg\"><img loading=\"lazy\" decoding=\"async\" class=\"alignnone size-full wp-image-1053\" src=\"https:\/\/d2p6e6u75xmxt8.cloudfront.net\/12\/2018\/06\/tour-de-france-kepek-04.jpg\" alt=\"tour-de-france-tortenelem\" width=\"1024\" height=\"1039\" srcset=\"https:\/\/d2p6e6u75xmxt8.cloudfront.net\/12\/2018\/06\/tour-de-france-kepek-04.jpg 1024w, https:\/\/d2p6e6u75xmxt8.cloudfront.net\/12\/2018\/06\/tour-de-france-kepek-04-296x300.jpg 296w, https:\/\/d2p6e6u75xmxt8.cloudfront.net\/12\/2018\/06\/tour-de-france-kepek-04-768x779.jpg 768w, https:\/\/d2p6e6u75xmxt8.cloudfront.net\/12\/2018\/06\/tour-de-france-kepek-04-1009x1024.jpg 1009w\" sizes=\"auto, (max-width: 1024px) 100vw, 1024px\" \/><\/a><\/p>\n<p>Friss\u00edt\u0151k (1964)<\/p>\n<p><a href=\"https:\/\/d2p6e6u75xmxt8.cloudfront.net\/12\/2018\/06\/tour-de-france-kepek-05.jpg\"><img loading=\"lazy\" decoding=\"async\" class=\"alignnone size-full wp-image-1054\" src=\"https:\/\/d2p6e6u75xmxt8.cloudfront.net\/12\/2018\/06\/tour-de-france-kepek-05.jpg\" alt=\"tour-de-france-tortenelem\" width=\"564\" height=\"559\" srcset=\"https:\/\/d2p6e6u75xmxt8.cloudfront.net\/12\/2018\/06\/tour-de-france-kepek-05.jpg 564w, https:\/\/d2p6e6u75xmxt8.cloudfront.net\/12\/2018\/06\/tour-de-france-kepek-05-150x150.jpg 150w, https:\/\/d2p6e6u75xmxt8.cloudfront.net\/12\/2018\/06\/tour-de-france-kepek-05-300x297.jpg 300w\" sizes=\"auto, (max-width: 564px) 100vw, 564px\" \/><\/a><\/p>\n<p>Fontos a t\u00e1pl\u00e1lkoz\u00e1s (1936)<\/p>\n<p><a href=\"https:\/\/d2p6e6u75xmxt8.cloudfront.net\/12\/2018\/06\/tour-de-france-kepek-06.jpg\"><img loading=\"lazy\" decoding=\"async\" class=\"alignnone size-full wp-image-1055\" src=\"https:\/\/d2p6e6u75xmxt8.cloudfront.net\/12\/2018\/06\/tour-de-france-kepek-06.jpg\" alt=\"tour-de-france-tortenelem\" width=\"500\" height=\"598\" srcset=\"https:\/\/d2p6e6u75xmxt8.cloudfront.net\/12\/2018\/06\/tour-de-france-kepek-06.jpg 500w, https:\/\/d2p6e6u75xmxt8.cloudfront.net\/12\/2018\/06\/tour-de-france-kepek-06-251x300.jpg 251w\" sizes=\"auto, (max-width: 500px) 100vw, 500px\" \/><\/a><\/p>\n<p>TDF (1922)<\/p>\n<p><a href=\"https:\/\/d2p6e6u75xmxt8.cloudfront.net\/12\/2018\/06\/tour-de-france-kepek-07.jpg\"><img loading=\"lazy\" decoding=\"async\" class=\"alignnone size-full wp-image-1056\" src=\"https:\/\/d2p6e6u75xmxt8.cloudfront.net\/12\/2018\/06\/tour-de-france-kepek-07.jpg\" alt=\"tour-de-france-tortenelem\" width=\"455\" height=\"800\" srcset=\"https:\/\/d2p6e6u75xmxt8.cloudfront.net\/12\/2018\/06\/tour-de-france-kepek-07.jpg 455w, https:\/\/d2p6e6u75xmxt8.cloudfront.net\/12\/2018\/06\/tour-de-france-kepek-07-171x300.jpg 171w\" sizes=\"auto, (max-width: 455px) 100vw, 455px\" \/><\/a><\/p>\n<p>T\u0171zolt\u00f3 h\u0171ti a mez\u0151nyt az 1950-es Tour de France-on<\/p>\n<p><a href=\"https:\/\/d2p6e6u75xmxt8.cloudfront.net\/12\/2018\/06\/tour-de-france-kepek-08.jpg\"><img loading=\"lazy\" decoding=\"async\" class=\"alignnone size-full wp-image-1057\" src=\"https:\/\/d2p6e6u75xmxt8.cloudfront.net\/12\/2018\/06\/tour-de-france-kepek-08.jpg\" alt=\"tour-de-france-tortenelem\" width=\"659\" height=\"439\" srcset=\"https:\/\/d2p6e6u75xmxt8.cloudfront.net\/12\/2018\/06\/tour-de-france-kepek-08.jpg 659w, https:\/\/d2p6e6u75xmxt8.cloudfront.net\/12\/2018\/06\/tour-de-france-kepek-08-300x200.jpg 300w, https:\/\/d2p6e6u75xmxt8.cloudfront.net\/12\/2018\/06\/tour-de-france-kepek-08-272x182.jpg 272w\" sizes=\"auto, (max-width: 659px) 100vw, 659px\" \/><\/a><\/p>\n<p>R\u00f6vid pihen\u0151 egy bisztr\u00f3ban (1930)<\/p>\n<p><a href=\"https:\/\/d2p6e6u75xmxt8.cloudfront.net\/12\/2018\/06\/tour-de-france-kepek-09.jpg\"><img loading=\"lazy\" decoding=\"async\" class=\"alignnone size-full wp-image-1058\" src=\"https:\/\/d2p6e6u75xmxt8.cloudfront.net\/12\/2018\/06\/tour-de-france-kepek-09.jpg\" alt=\"tour-de-france-tortenelem\" width=\"530\" height=\"364\" srcset=\"https:\/\/d2p6e6u75xmxt8.cloudfront.net\/12\/2018\/06\/tour-de-france-kepek-09.jpg 530w, https:\/\/d2p6e6u75xmxt8.cloudfront.net\/12\/2018\/06\/tour-de-france-kepek-09-300x206.jpg 300w\" sizes=\"auto, (max-width: 530px) 100vw, 530px\" \/><\/a><\/p>\n<p>Az alg\u00e9riai Abdel-Kader Zaaf megivott k\u00e9t \u00fcveg bort az 1950-es TDF k\u00f6zben. Egy fa alatt elaludt. Amikor fel\u00e9bredt, \u00fajra nyeregbe pattant, de a futammal ellent\u00e9tes ir\u00e1nyba indult el.<\/p>\n<p><a href=\"https:\/\/d2p6e6u75xmxt8.cloudfront.net\/12\/2018\/06\/tour-de-france-kepek-10.jpg\"><img loading=\"lazy\" decoding=\"async\" class=\"alignnone size-full wp-image-1059\" src=\"https:\/\/d2p6e6u75xmxt8.cloudfront.net\/12\/2018\/06\/tour-de-france-kepek-10.jpg\" alt=\"tour-de-france-tortenelem\" width=\"610\" height=\"659\" srcset=\"https:\/\/d2p6e6u75xmxt8.cloudfront.net\/12\/2018\/06\/tour-de-france-kepek-10.jpg 610w, https:\/\/d2p6e6u75xmxt8.cloudfront.net\/12\/2018\/06\/tour-de-france-kepek-10-278x300.jpg 278w\" sizes=\"auto, (max-width: 610px) 100vw, 610px\" \/><\/a><\/p>\n","protected":false},"excerpt":{"rendered":"<p>Ha j\u00falius, akkor Tour de France! B\u00e1r az idei Tour is nagyon izgalmas, a r\u00e9gi id\u0151ket k\u00e1r lenne elfelejteni. Mutatunk [&hellip;]<\/p>\n","protected":false},"author":71,"featured_media":1060,"comment_status":"open","ping_status":"open","sticky":false,"template":"","format":"standard","meta":{"footnotes":""},"categories":[96],"tags":[90,87,82,88,89,80,79],"global-categories":[],"class_list":["post-1049","post","type-post","status-publish","format-standard","has-post-thumbnail","hentry","category-tour-de-france","tag-kerekpar-tortenelem","tag-kerekpar-verseny","tag-orszaguti-kerekpar","tag-tdf","tag-tortenelem","tag-tour","tag-tour-de-france"],"yoast_head":"<!-- This site is optimized with the Yoast SEO Premium plugin v25.3 (Yoast SEO v25.9) - https:\/\/yoast.com\/wordpress\/plugins\/seo\/ -->\n<title>10 ikonikus f\u00e9nyk\u00e9p a Tour de France t\u00f6rt\u00e9net\u00e9b\u0151l - \u0160koda We Love Cycling - Magyarorsz\u00e1g<\/title>\n<meta name=\"description\" content=\"Ha j\u00falius, akkor Tour de France. B\u00e1r az idei Tour is nagyon izgalmas, a r\u00e9gi id\u0151ket k\u00e1r lenne elfelejteni. Mutatunk n\u00e9h\u00e1ny retr\u00f3 k\u00e9pet a kor\u00e1bbi versenyekr\u0151l.\" \/>\n<meta name=\"robots\" content=\"index, follow, max-snippet:-1, max-image-preview:large, max-video-preview:-1\" \/>\n<link rel=\"canonical\" href=\"https:\/\/www.welovecycling.com\/hu\/tour-de-france\/10-ikonikus-fenykep-a-tour-de-france-tortenetebol\/\" \/>\n<meta property=\"og:locale\" content=\"hu_HU\" \/>\n<meta property=\"og:type\" content=\"article\" \/>\n<meta property=\"og:title\" content=\"10 ikonikus f\u00e9nyk\u00e9p a Tour de France t\u00f6rt\u00e9net\u00e9b\u0151l\" \/>\n<meta property=\"og:description\" content=\"Ha j\u00falius, akkor Tour de France. B\u00e1r az idei Tour is nagyon izgalmas, a r\u00e9gi id\u0151ket k\u00e1r lenne elfelejteni. Mutatunk n\u00e9h\u00e1ny retr\u00f3 k\u00e9pet a kor\u00e1bbi versenyekr\u0151l.\" \/>\n<meta property=\"og:url\" content=\"https:\/\/www.welovecycling.com\/hu\/tour-de-france\/10-ikonikus-fenykep-a-tour-de-france-tortenetebol\/\" \/>\n<meta property=\"og:site_name\" content=\"\u0160koda We Love Cycling - Magyarorsz\u00e1g\" \/>\n<meta property=\"article:publisher\" content=\"https:\/\/www.facebook.com\/WeLoveCyclingHungary\/\" \/>\n<meta property=\"article:published_time\" content=\"2018-06-24T14:11:41+00:00\" \/>\n<meta property=\"article:modified_time\" content=\"2018-07-06T13:07:45+00:00\" \/>\n<meta property=\"og:image\" content=\"https:\/\/d2p6e6u75xmxt8.cloudfront.net\/12\/2018\/06\/tour-de-france-kepek-cover.jpg\" \/>\n\t<meta property=\"og:image:width\" content=\"1375\" \/>\n\t<meta property=\"og:image:height\" content=\"600\" \/>\n\t<meta property=\"og:image:type\" content=\"image\/jpeg\" \/>\n<meta name=\"author\" content=\"hegyizs\" \/>\n<meta name=\"twitter:card\" content=\"summary_large_image\" \/>\n<meta name=\"twitter:label1\" content=\"Written by\" \/>\n\t<meta name=\"twitter:data1\" content=\"hegyizs\" \/>\n\t<meta name=\"twitter:label2\" content=\"Est. reading time\" \/>\n\t<meta name=\"twitter:data2\" content=\"1 minute\" \/>\n<script type=\"application\/ld+json\" class=\"yoast-schema-graph\">{\"@context\":\"https:\/\/schema.org\",\"@graph\":[{\"@type\":\"WebPage\",\"@id\":\"https:\/\/www.welovecycling.com\/hu\/tour-de-france\/10-ikonikus-fenykep-a-tour-de-france-tortenetebol\/\",\"url\":\"https:\/\/www.welovecycling.com\/hu\/tour-de-france\/10-ikonikus-fenykep-a-tour-de-france-tortenetebol\/\",\"name\":\"10 ikonikus f\u00e9nyk\u00e9p a Tour de France t\u00f6rt\u00e9net\u00e9b\u0151l - \u0160koda We Love Cycling - Magyarorsz\u00e1g\",\"isPartOf\":{\"@id\":\"https:\/\/www.welovecycling.com\/hu\/#website\"},\"primaryImageOfPage\":{\"@id\":\"https:\/\/www.welovecycling.com\/hu\/tour-de-france\/10-ikonikus-fenykep-a-tour-de-france-tortenetebol\/#primaryimage\"},\"image\":{\"@id\":\"https:\/\/www.welovecycling.com\/hu\/tour-de-france\/10-ikonikus-fenykep-a-tour-de-france-tortenetebol\/#primaryimage\"},\"thumbnailUrl\":\"https:\/\/d2p6e6u75xmxt8.cloudfront.net\/12\/2018\/06\/tour-de-france-kepek-cover.jpg\",\"datePublished\":\"2018-06-24T14:11:41+00:00\",\"dateModified\":\"2018-07-06T13:07:45+00:00\",\"author\":{\"@id\":\"https:\/\/www.welovecycling.com\/hu\/#\/schema\/person\/414a2aebf1801691a5320edb6468e194\"},\"description\":\"Ha j\u00falius, akkor Tour de France. B\u00e1r az idei Tour is nagyon izgalmas, a r\u00e9gi id\u0151ket k\u00e1r lenne elfelejteni. Mutatunk n\u00e9h\u00e1ny retr\u00f3 k\u00e9pet a kor\u00e1bbi versenyekr\u0151l.\",\"breadcrumb\":{\"@id\":\"https:\/\/www.welovecycling.com\/hu\/tour-de-france\/10-ikonikus-fenykep-a-tour-de-france-tortenetebol\/#breadcrumb\"},\"inLanguage\":\"hu\",\"potentialAction\":[{\"@type\":\"ReadAction\",\"target\":[\"https:\/\/www.welovecycling.com\/hu\/tour-de-france\/10-ikonikus-fenykep-a-tour-de-france-tortenetebol\/\"]}]},{\"@type\":\"ImageObject\",\"inLanguage\":\"hu\",\"@id\":\"https:\/\/www.welovecycling.com\/hu\/tour-de-france\/10-ikonikus-fenykep-a-tour-de-france-tortenetebol\/#primaryimage\",\"url\":\"https:\/\/d2p6e6u75xmxt8.cloudfront.net\/12\/2018\/06\/tour-de-france-kepek-cover.jpg\",\"contentUrl\":\"https:\/\/d2p6e6u75xmxt8.cloudfront.net\/12\/2018\/06\/tour-de-france-kepek-cover.jpg\",\"width\":1375,\"height\":600},{\"@type\":\"BreadcrumbList\",\"@id\":\"https:\/\/www.welovecycling.com\/hu\/tour-de-france\/10-ikonikus-fenykep-a-tour-de-france-tortenetebol\/#breadcrumb\",\"itemListElement\":[{\"@type\":\"ListItem\",\"position\":1,\"name\":\"Home\",\"item\":\"https:\/\/www.welovecycling.com\/hu\/\"},{\"@type\":\"ListItem\",\"position\":2,\"name\":\"10 ikonikus f\u00e9nyk\u00e9p a Tour de France t\u00f6rt\u00e9net\u00e9b\u0151l\"}]},{\"@type\":\"WebSite\",\"@id\":\"https:\/\/www.welovecycling.com\/hu\/#website\",\"url\":\"https:\/\/www.welovecycling.com\/hu\/\",\"name\":\"\u0160koda We Love Cycling - Magyarorsz\u00e1g\",\"description\":\"\u0160koda WeLoveCycling\",\"potentialAction\":[{\"@type\":\"SearchAction\",\"target\":{\"@type\":\"EntryPoint\",\"urlTemplate\":\"https:\/\/www.welovecycling.com\/hu\/?s={search_term_string}\"},\"query-input\":{\"@type\":\"PropertyValueSpecification\",\"valueRequired\":true,\"valueName\":\"search_term_string\"}}],\"inLanguage\":\"hu\"},{\"@type\":\"Person\",\"@id\":\"https:\/\/www.welovecycling.com\/hu\/#\/schema\/person\/414a2aebf1801691a5320edb6468e194\",\"name\":\"hegyizs\",\"image\":{\"@type\":\"ImageObject\",\"inLanguage\":\"hu\",\"@id\":\"https:\/\/www.welovecycling.com\/hu\/#\/schema\/person\/image\/\",\"url\":\"https:\/\/secure.gravatar.com\/avatar\/02cf8a7906b8cf90cecb4679defac7cfd33a1c2e3b88e4903d947f3bb58eedd3?s=96&d=mm&r=g\",\"contentUrl\":\"https:\/\/secure.gravatar.com\/avatar\/02cf8a7906b8cf90cecb4679defac7cfd33a1c2e3b88e4903d947f3bb58eedd3?s=96&d=mm&r=g\",\"caption\":\"hegyizs\"},\"url\":\"https:\/\/www.welovecycling.com\/hu\/author\/hegyizs\/\"}]}<\/script>\n<!-- \/ Yoast SEO Premium plugin. -->","yoast_head_json":{"title":"10 ikonikus f\u00e9nyk\u00e9p a Tour de France t\u00f6rt\u00e9net\u00e9b\u0151l - \u0160koda We Love Cycling - Magyarorsz\u00e1g","description":"Ha j\u00falius, akkor Tour de France. B\u00e1r az idei Tour is nagyon izgalmas, a r\u00e9gi id\u0151ket k\u00e1r lenne elfelejteni. Mutatunk n\u00e9h\u00e1ny retr\u00f3 k\u00e9pet a kor\u00e1bbi versenyekr\u0151l.","robots":{"index":"index","follow":"follow","max-snippet":"max-snippet:-1","max-image-preview":"max-image-preview:large","max-video-preview":"max-video-preview:-1"},"canonical":"https:\/\/www.welovecycling.com\/hu\/tour-de-france\/10-ikonikus-fenykep-a-tour-de-france-tortenetebol\/","og_locale":"hu_HU","og_type":"article","og_title":"10 ikonikus f\u00e9nyk\u00e9p a Tour de France t\u00f6rt\u00e9net\u00e9b\u0151l","og_description":"Ha j\u00falius, akkor Tour de France. B\u00e1r az idei Tour is nagyon izgalmas, a r\u00e9gi id\u0151ket k\u00e1r lenne elfelejteni. Mutatunk n\u00e9h\u00e1ny retr\u00f3 k\u00e9pet a kor\u00e1bbi versenyekr\u0151l.","og_url":"https:\/\/www.welovecycling.com\/hu\/tour-de-france\/10-ikonikus-fenykep-a-tour-de-france-tortenetebol\/","og_site_name":"\u0160koda We Love Cycling - Magyarorsz\u00e1g","article_publisher":"https:\/\/www.facebook.com\/WeLoveCyclingHungary\/","article_published_time":"2018-06-24T14:11:41+00:00","article_modified_time":"2018-07-06T13:07:45+00:00","og_image":[{"width":1375,"height":600,"url":"https:\/\/d2p6e6u75xmxt8.cloudfront.net\/12\/2018\/06\/tour-de-france-kepek-cover.jpg","type":"image\/jpeg"}],"author":"hegyizs","twitter_card":"summary_large_image","twitter_misc":{"Written by":"hegyizs","Est. reading time":"1 minute"},"schema":{"@context":"https:\/\/schema.org","@graph":[{"@type":"WebPage","@id":"https:\/\/www.welovecycling.com\/hu\/tour-de-france\/10-ikonikus-fenykep-a-tour-de-france-tortenetebol\/","url":"https:\/\/www.welovecycling.com\/hu\/tour-de-france\/10-ikonikus-fenykep-a-tour-de-france-tortenetebol\/","name":"10 ikonikus f\u00e9nyk\u00e9p a Tour de France t\u00f6rt\u00e9net\u00e9b\u0151l - \u0160koda We Love Cycling - Magyarorsz\u00e1g","isPartOf":{"@id":"https:\/\/www.welovecycling.com\/hu\/#website"},"primaryImageOfPage":{"@id":"https:\/\/www.welovecycling.com\/hu\/tour-de-france\/10-ikonikus-fenykep-a-tour-de-france-tortenetebol\/#primaryimage"},"image":{"@id":"https:\/\/www.welovecycling.com\/hu\/tour-de-france\/10-ikonikus-fenykep-a-tour-de-france-tortenetebol\/#primaryimage"},"thumbnailUrl":"https:\/\/d2p6e6u75xmxt8.cloudfront.net\/12\/2018\/06\/tour-de-france-kepek-cover.jpg","datePublished":"2018-06-24T14:11:41+00:00","dateModified":"2018-07-06T13:07:45+00:00","author":{"@id":"https:\/\/www.welovecycling.com\/hu\/#\/schema\/person\/414a2aebf1801691a5320edb6468e194"},"description":"Ha j\u00falius, akkor Tour de France. B\u00e1r az idei Tour is nagyon izgalmas, a r\u00e9gi id\u0151ket k\u00e1r lenne elfelejteni. Mutatunk n\u00e9h\u00e1ny retr\u00f3 k\u00e9pet a kor\u00e1bbi versenyekr\u0151l.","breadcrumb":{"@id":"https:\/\/www.welovecycling.com\/hu\/tour-de-france\/10-ikonikus-fenykep-a-tour-de-france-tortenetebol\/#breadcrumb"},"inLanguage":"hu","potentialAction":[{"@type":"ReadAction","target":["https:\/\/www.welovecycling.com\/hu\/tour-de-france\/10-ikonikus-fenykep-a-tour-de-france-tortenetebol\/"]}]},{"@type":"ImageObject","inLanguage":"hu","@id":"https:\/\/www.welovecycling.com\/hu\/tour-de-france\/10-ikonikus-fenykep-a-tour-de-france-tortenetebol\/#primaryimage","url":"https:\/\/d2p6e6u75xmxt8.cloudfront.net\/12\/2018\/06\/tour-de-france-kepek-cover.jpg","contentUrl":"https:\/\/d2p6e6u75xmxt8.cloudfront.net\/12\/2018\/06\/tour-de-france-kepek-cover.jpg","width":1375,"height":600},{"@type":"BreadcrumbList","@id":"https:\/\/www.welovecycling.com\/hu\/tour-de-france\/10-ikonikus-fenykep-a-tour-de-france-tortenetebol\/#breadcrumb","itemListElement":[{"@type":"ListItem","position":1,"name":"Home","item":"https:\/\/www.welovecycling.com\/hu\/"},{"@type":"ListItem","position":2,"name":"10 ikonikus f\u00e9nyk\u00e9p a Tour de France t\u00f6rt\u00e9net\u00e9b\u0151l"}]},{"@type":"WebSite","@id":"https:\/\/www.welovecycling.com\/hu\/#website","url":"https:\/\/www.welovecycling.com\/hu\/","name":"\u0160koda We Love Cycling - Magyarorsz\u00e1g","description":"\u0160koda WeLoveCycling","potentialAction":[{"@type":"SearchAction","target":{"@type":"EntryPoint","urlTemplate":"https:\/\/www.welovecycling.com\/hu\/?s={search_term_string}"},"query-input":{"@type":"PropertyValueSpecification","valueRequired":true,"valueName":"search_term_string"}}],"inLanguage":"hu"},{"@type":"Person","@id":"https:\/\/www.welovecycling.com\/hu\/#\/schema\/person\/414a2aebf1801691a5320edb6468e194","name":"hegyizs","image":{"@type":"ImageObject","inLanguage":"hu","@id":"https:\/\/www.welovecycling.com\/hu\/#\/schema\/person\/image\/","url":"https:\/\/secure.gravatar.com\/avatar\/02cf8a7906b8cf90cecb4679defac7cfd33a1c2e3b88e4903d947f3bb58eedd3?s=96&d=mm&r=g","contentUrl":"https:\/\/secure.gravatar.com\/avatar\/02cf8a7906b8cf90cecb4679defac7cfd33a1c2e3b88e4903d947f3bb58eedd3?s=96&d=mm&r=g","caption":"hegyizs"},"url":"https:\/\/www.welovecycling.com\/hu\/author\/hegyizs\/"}]}},"_links":{"self":[{"href":"https:\/\/www.welovecycling.com\/hu\/wp-json\/wp\/v2\/posts\/1049","targetHints":{"allow":["GET"]}}],"collection":[{"href":"https:\/\/www.welovecycling.com\/hu\/wp-json\/wp\/v2\/posts"}],"about":[{"href":"https:\/\/www.welovecycling.com\/hu\/wp-json\/wp\/v2\/types\/post"}],"author":[{"embeddable":true,"href":"https:\/\/www.welovecycling.com\/hu\/wp-json\/wp\/v2\/users\/71"}],"replies":[{"embeddable":true,"href":"https:\/\/www.welovecycling.com\/hu\/wp-json\/wp\/v2\/comments?post=1049"}],"version-history":[{"count":2,"href":"https:\/\/www.welovecycling.com\/hu\/wp-json\/wp\/v2\/posts\/1049\/revisions"}],"predecessor-version":[{"id":1062,"href":"https:\/\/www.welovecycling.com\/hu\/wp-json\/wp\/v2\/posts\/1049\/revisions\/1062"}],"wp:featuredmedia":[{"embeddable":true,"href":"https:\/\/www.welovecycling.com\/hu\/wp-json\/wp\/v2\/media\/1060"}],"wp:attachment":[{"href":"https:\/\/www.welovecycling.com\/hu\/wp-json\/wp\/v2\/media?parent=1049"}],"wp:term":[{"taxonomy":"category","embeddable":true,"href":"https:\/\/www.welovecycling.com\/hu\/wp-json\/wp\/v2\/categories?post=1049"},{"taxonomy":"post_tag","embeddable":true,"href":"https:\/\/www.welovecycling.com\/hu\/wp-json\/wp\/v2\/tags?post=1049"},{"taxonomy":"global-categories","embeddable":true,"href":"https:\/\/www.welovecycling.com\/hu\/wp-json\/wp\/v2\/global-categories?post=1049"}],"curies":[{"name":"wp","href":"https:\/\/api.w.org\/{rel}","templated":true}]}}