{"id":10482,"date":"2021-04-01T08:00:55","date_gmt":"2021-04-01T07:00:55","guid":{"rendered":"https:\/\/www.welovecycling.com\/hu\/?p=10482"},"modified":"2021-03-26T16:51:58","modified_gmt":"2021-03-26T15:51:58","slug":"igy-keszits-meno-bikepacking-videokat-szerkesztes","status":"publish","type":"post","link":"https:\/\/www.welovecycling.com\/hu\/trekking-mtb\/igy-keszits-meno-bikepacking-videokat-szerkesztes\/","title":{"rendered":"\u00cdgy k\u00e9sz\u00edts men\u0151 bikepacking vide\u00f3kat: Szerkeszt\u00e9s"},"content":{"rendered":"<p><strong>Most \u00e9rt\u00e9l haza egy csod\u00e1latos bikepacking t\u00far\u00e1r\u00f3l \u00e9s minden eszk\u00f6z\u00f6d tele van rengeteg gy\u00f6ny\u00f6r\u0171 vide\u00f3val. Itt az ideje \u00f6sszerakni \u00e9s megmutatni a vil\u00e1gnak!<\/strong><\/p>\n<p><!--more--><\/p>\n<p>A videoszerkeszt\u00e9s elsaj\u00e1t\u00edt\u00e1s\u00e1n\u00e1l minden att\u00f3l f\u00fcgg, mennyi id\u0151t \u00e9s er\u0151t vagy hajland\u00f3 bele\u00f6lni az eg\u00e9szbe. Lehet\u0151s\u00e9gek eg\u00e9sz t\u00e1rh\u00e1za \u00e1ll el\u0151tted, most a szem\u00e9lyes kedvenceimet mutatom be.<\/p>\n<h2><strong>Okostelefon szoftver<\/strong><\/h2>\n<p>Amikor \u00faton vagyok, n\u00e9ha szeretek vide\u00f3kat szerkeszteni a telefonomon &#8211; ak\u00e1r a k\u00f6z\u00f6ss\u00e9gi m\u00e9di\u00e1ra, ak\u00e1r egy nem t\u00fal bonyolult projektn\u00e9l (ahol csak meg kell v\u00e1gni a felv\u00e9teleket \u00e9s hozz\u00e1 kell adni a zen\u00e9t). El\u0151fordul, hogy visszat\u00e9rek egy utaz\u00e1sr\u00f3l \u00e9s szoros az id\u0151beoszt\u00e1som, \u00edgy nehezen tudok sok fot\u00f3t \u00e9s vide\u00f3t szerkeszteni, \u00edgy j\u00f3 ezeket m\u00e9g hazat\u00e9r\u00e9s el\u0151tt befejezni. iPhone-om van, \u00edgy ennek el\u00e9r\u00e9s\u00e9hez az iMovie-t haszn\u00e1lom. T\u00f6k\u00e9letes egyszer\u0171 projektekhez \u00e9s k\u00e9s\u0151bb elk\u00fcldhetem a szerkeszt\u00e9st a MacBookomra \u00e9s befejezhetem ak\u00e1r az iMovie-ban, ak\u00e1r a Final Cut-ban, ami hihetetlen\u00fcl j\u00f3! Ha nagyon hossz\u00fa utakat teszek meg, nem tudom magammal vinni a laptopot \u00e9s ha napi min\u0151s\u00e9gi tartalomra van sz\u00fcks\u00e9gem, akkor a LumaFusion-t haszn\u00e1lom, ami k\u00f6r\u00fclbel\u00fcl 30 eur\u00f3ba ker\u00fcl. Egy\u00e9bk\u00e9nt \u00fagy gondolom, hogy a sz\u00e1m\u00edt\u00f3g\u00e9pes szoftver sokkal jobb, ha \u00fagy d\u00f6ntesz, hogy belefektetsz a szerkeszt\u00e9sbe.<\/p>\n<p>Android eset\u00e9ben aj\u00e1nlom a YouCut alkalmaz\u00e1st, ami egy nagyszer\u0171 ingyenes vide\u00f3szerkeszt\u0151 szoftver, egyszer\u0171 haszn\u00e1lni \u00e9s full HD-s vide\u00f3kt export\u00e1lhatsz v\u00edzjel n\u00e9lk\u00fcl.<\/p>\n<figure id=\"attachment_10483\" aria-describedby=\"caption-attachment-10483\" style=\"width: 1024px\" class=\"wp-caption alignnone\"><a href=\"https:\/\/d2p6e6u75xmxt8.cloudfront.net\/2\/2021\/03\/jackson-hayes-UU77aJC-Wb0-unsplash.jpg\"><img loading=\"lazy\" decoding=\"async\" class=\"size-large wp-image-10483\" src=\"https:\/\/d2p6e6u75xmxt8.cloudfront.net\/12\/2021\/03\/jackson-hayes-UU77aJC-Wb0-unsplash-1024x682.jpg\" alt=\"Editing a video\" width=\"1024\" height=\"682\" srcset=\"https:\/\/d2p6e6u75xmxt8.cloudfront.net\/12\/2021\/03\/jackson-hayes-UU77aJC-Wb0-unsplash-1024x682.jpg 1024w, https:\/\/d2p6e6u75xmxt8.cloudfront.net\/12\/2021\/03\/jackson-hayes-UU77aJC-Wb0-unsplash-300x200.jpg 300w, https:\/\/d2p6e6u75xmxt8.cloudfront.net\/12\/2021\/03\/jackson-hayes-UU77aJC-Wb0-unsplash-768x512.jpg 768w, https:\/\/d2p6e6u75xmxt8.cloudfront.net\/12\/2021\/03\/jackson-hayes-UU77aJC-Wb0-unsplash-272x182.jpg 272w, https:\/\/d2p6e6u75xmxt8.cloudfront.net\/12\/2021\/03\/jackson-hayes-UU77aJC-Wb0-unsplash.jpg 1226w\" sizes=\"auto, (max-width: 1024px) 100vw, 1024px\" \/><\/a><figcaption id=\"caption-attachment-10483\" class=\"wp-caption-text\"><em>Szerkeszt\u00e9s telefonon vagy t\u00e1blag\u00e9pen.<\/em><\/figcaption><\/figure>\n<h2><strong>Sz\u00e1m\u00edt\u00f3g\u00e9p<\/strong><\/h2>\n<p>Kezdj\u00fck a Shotcut nev\u0171 ingyenes programmal. A Shotcut egy ny\u00edlt forr\u00e1sk\u00f3d\u00fa vide\u00f3szerkeszt\u0151, ami korl\u00e1tozott funkci\u00f3kkal rendelkezik, de k\u00f6nny\u0171 megtanulni a haszn\u00e1lat\u00e1t. Azt mondan\u00e1m, hogy kezd\u00e9snek remek. A szoftver elrendez\u00e9se hasonl\u00edt a professzion\u00e1lisabb programokhoz, de nem fog el\u00e1rasztani kezd\u0151k\u00e9nt a rengeteg ismeretlen funkci\u00f3.<\/p>\n<figure id=\"attachment_10484\" aria-describedby=\"caption-attachment-10484\" style=\"width: 1024px\" class=\"wp-caption alignnone\"><a href=\"https:\/\/d2p6e6u75xmxt8.cloudfront.net\/2\/2021\/03\/shotcut.jpg\"><img loading=\"lazy\" decoding=\"async\" class=\"wp-image-10484 size-large\" src=\"https:\/\/d2p6e6u75xmxt8.cloudfront.net\/12\/2021\/03\/shotcut-1024x576.jpg\" alt=\"Video editing in Shotcut\" width=\"1024\" height=\"576\" srcset=\"https:\/\/d2p6e6u75xmxt8.cloudfront.net\/12\/2021\/03\/shotcut-1024x576.jpg 1024w, https:\/\/d2p6e6u75xmxt8.cloudfront.net\/12\/2021\/03\/shotcut-300x169.jpg 300w, https:\/\/d2p6e6u75xmxt8.cloudfront.net\/12\/2021\/03\/shotcut-768x432.jpg 768w, https:\/\/d2p6e6u75xmxt8.cloudfront.net\/12\/2021\/03\/shotcut.jpg 1144w\" sizes=\"auto, (max-width: 1024px) 100vw, 1024px\" \/><\/a><figcaption id=\"caption-attachment-10484\" class=\"wp-caption-text\"><em>Ny\u00edlt forr\u00e1sk\u00f3d\u00fa fejleszt\u0151 szoftver \u2013 Shotcut<\/em><\/figcaption><\/figure>\n<p>Mac-felhaszn\u00e1l\u00f3k sz\u00e1m\u00e1ra ingyenes az iMovie, \u00e9s nagyszer\u0171 az alapvet\u0151 szerkeszt\u00e9sekhez. A projektet az iPhone alkalmaz\u00e1s\u00e1b\u00f3l is import\u00e1lhatod, hogy a sz\u00e1m\u00edt\u00f3g\u00e9pen folytathasd a munk\u00e1t. Ha van Mac sz\u00e1m\u00edt\u00f3g\u00e9ped \u00e9s ki akarod pr\u00f3b\u00e1lni az alapvet\u0151 videoszerkeszt\u00e9st, akkor ez egy nagyszer\u0171 alkalmaz\u00e1s.<\/p>\n<p>A GoPro Quik k\u00f6nnyen haszn\u00e1lhat\u00f3 szerkeszt\u0151 szoftverrel rendelkezik Mac, Windows, iOS \u00e9s Android rendszerekhez. Ha van Go-Pro-d, t\u00f6ltsd le ezt a szoftvert. Kihozza a legt\u00f6bbet a kis kamer\u00e1db\u00f3l \u00e9s nem korl\u00e1toz\u00f3dik a GoPro kamer\u00e1kra, mivel b\u00e1rmilyen vide\u00f3t felt\u00f6lthetsz \u00e9s szerkeszthetsz.<\/p>\n<p>Ha nincs kedved szoftvert telep\u00edteni, akkor az Online Movie Makert aj\u00e1nlom, ami b\u00e1rmelyik sz\u00e1m\u00edt\u00f3g\u00e9pen m\u0171k\u00f6dik. A funkci\u00f3k korl\u00e1tozottak, de a vide\u00f3 l\u00e9trehoz\u00e1s\u00e1hoz nem kell semmit telep\u00edtened. Tele van rekl\u00e1mmal, de ha ezt nem b\u00e1nod, akkor el\u00e9g j\u00f3 lehet az egyszer\u0171 szerkeszt\u00e9sekhez.<\/p>\n<p>Miel\u0151tt \u00fagy d\u00f6nt\u00f6ttem, hogy ideje megtanulnom egy profi szerkeszt\u0151szoftver haszn\u00e1lat\u00e1t, sok\u00e1ig \u00e9lveztem a Movavi nev\u0171 programot. \u00c9vente valamivel t\u00f6bb, mint 50 eur\u00f3ba ker\u00fcl. Tetszett, mert nagyon k\u00f6nnyen haszn\u00e1lhat\u00f3, de akkor is elk\u00e9peszt\u0151 eredm\u00e9nyeket hozhat, ha nincs sz\u00fcks\u00e9ged k\u00fcl\u00f6nleges effektekre.<\/p>\n<p>A professzion\u00e1lisabb videoszerkeszt\u00e9s ter\u00e9n jelenleg h\u00e1rom nagy nevet ismer\u00fcnk. Ezek az Adobe Premiere Pro, az Apple Final Cut \u00e9s a Blackmagic Davinci Resolve. \u00c9n a Premier Pro-t haszn\u00e1lom. Val\u00f3sz\u00edn\u0171leg a legfejlettebb, \u00f6sszess\u00e9g\u00e9ben a legt\u00f6bb funkci\u00f3t k\u00edn\u00e1lja, ugyanakkor a legdr\u00e1g\u00e1bb is. A Premiere el\u0151fizet\u00e9ses szoftverk\u00e9nt m\u0171k\u00f6dik, havi \u00e1ra 18 eur\u00f3, m\u00edg a Final Cut \u00e9s a Davinci Resolve egyszeri, k\u00f6r\u00fclbel\u00fcl 250 eur\u00f3s fizet\u00e9ssel j\u00e1r, \u00edgy hossz\u00fa t\u00e1von sokkal olcs\u00f3bbak. Davincinek van egy ingyenes verzi\u00f3ja is, ami m\u00e1r tele van remek funkci\u00f3kkal.<\/p>\n<p><a href=\"https:\/\/d2p6e6u75xmxt8.cloudfront.net\/2\/2021\/03\/Computer-pexels-kelly-lacy-4041405.jpg\"><img loading=\"lazy\" decoding=\"async\" class=\"alignnone size-large wp-image-10485\" src=\"https:\/\/d2p6e6u75xmxt8.cloudfront.net\/12\/2021\/03\/Computer-pexels-kelly-lacy-4041405-1024x683.jpg\" alt=\"Computer\" width=\"1024\" height=\"683\" srcset=\"https:\/\/d2p6e6u75xmxt8.cloudfront.net\/12\/2021\/03\/Computer-pexels-kelly-lacy-4041405-1024x683.jpg 1024w, https:\/\/d2p6e6u75xmxt8.cloudfront.net\/12\/2021\/03\/Computer-pexels-kelly-lacy-4041405-300x200.jpg 300w, https:\/\/d2p6e6u75xmxt8.cloudfront.net\/12\/2021\/03\/Computer-pexels-kelly-lacy-4041405-768x512.jpg 768w, https:\/\/d2p6e6u75xmxt8.cloudfront.net\/12\/2021\/03\/Computer-pexels-kelly-lacy-4041405-272x182.jpg 272w, https:\/\/d2p6e6u75xmxt8.cloudfront.net\/12\/2021\/03\/Computer-pexels-kelly-lacy-4041405.jpg 1226w\" sizes=\"auto, (max-width: 1024px) 100vw, 1024px\" \/><\/a><\/p>\n<h2><strong>Zene<\/strong><\/h2>\n<p>A zene a vide\u00f3 titkos hozz\u00e1val\u00f3ja. A vide\u00f3 internetes felt\u00f6lt\u00e9s\u00e9n\u00e9l \u00fcgyelned kell arra, hogy legyen enged\u00e9lyed az \u00e1ltalad haszn\u00e1lt zen\u00e9re. Ne agg\u00f3dj, erre m\u00e1r l\u00e9teznek egyszer\u0171 m\u00f3dszerek. N\u00e9h\u00e1ny itt eml\u00edtett programnak megvan a maga kis zenei k\u00f6nyvt\u00e1ra, amit haszn\u00e1lhatsz, de val\u00f3sz\u00edn\u0171, hogy hamarosan megunod ezt a korl\u00e1tozott v\u00e1laszt\u00e9kot. A jogd\u00edjmentes zene megszerz\u00e9s\u00e9nek legegyszer\u0171bb m\u00f3dja a YouTube K\u00f6nyvt\u00e1r. Valaki m\u00e1r r\u00e1sz\u00e1nta az id\u0151t \u00e9s rengeteg ingyenes zen\u00e9t t\u00f6lt\u00f6tt fel oda &#8211; hozz\u00e1f\u00e9rhetsz YouTube-fi\u00f3kodb\u00f3l, let\u00f6ltheted \u00e9s felhaszn\u00e1lhatod az ott tal\u00e1lhat\u00f3 dalokat. A Bensoundon is tal\u00e1lsz ingyenes dalokat, de v\u00e1s\u00e1rolhatsz is.<\/p>\n<p>Sok el\u0151fizet\u00e9ses k\u00f6nyvt\u00e1r l\u00e9tezik, ahol v\u00e1logathatsz a zen\u00e9k k\u00f6z\u00fcl.\u00a0 A zene nagy r\u00e9sze professzion\u00e1lisan k\u00e9sz\u00fclt \u00e9s b\u00e1rmilyen vide\u00f3t\u00edpushoz megtal\u00e1lhatod a megfelel\u0151 sz\u00e1mot. A licencek \u00e9s az \u00e1rak ter\u00e9n sz\u00e1mos lehet\u0151s\u00e9g \u00e1ll rendelkez\u00e9sre, ez\u00e9rt itt csak n\u00e9h\u00e1nyat eml\u00edtek. Az Artlisten kezd\u0151d\u00f6tt az \u00f6sszes el\u0151fizet\u00e9sen alapul\u00f3 zene, \u00edgy el\u00e9g nagy a k\u00f6nyvt\u00e1r. A Soundstripe vagy az Epidemic Sounds seg\u00edts\u00e9g\u00e9vel kiv\u00e1laszthatod a neked tetsz\u0151 zen\u00e9t. Van egy sz\u00f3rakoztat\u00f3 alkalmaz\u00e1s is, amivel elk\u00e9sz\u00edtheted saj\u00e1t zen\u00e9det (bizonyos \u00e9rtelemben), ez a Filmstro n\u00e9ven fut.<\/p>\n<p>Most, hogy \u00e1ltal\u00e1nos \u00e1ttekint\u00e9st adtam arr\u00f3l, hogy mik a kedvenc szerkeszt\u0151eszk\u00f6zeim, megpr\u00f3b\u00e1lom h\u00e1rom k\u00fcl\u00f6nb\u00f6z\u0151 aj\u00e1nlott csomag l\u00e9trehoz\u00e1s\u00e1val megk\u00f6nny\u00edteni, hogy k\u00f6nnyebben \u00e1tl\u00e1thasd az eg\u00e9szet. Hobbi, Lelkes \u00e9s Pro.<\/p>\n<h2><strong>Hobbi<\/strong><\/h2>\n<p>Szeretsz f\u00e9nyk\u00e9peket \u00e9s vide\u00f3kat k\u00e9sz\u00edteni utaz\u00e1said sor\u00e1n, de ezek \u00e1ltal\u00e1ban valahol a merevlemezen tal\u00e1lhat\u00f3k meg \u00e9s soha nem sz\u00e1nsz id\u0151t arra, hogy visszat\u00e9rj hozz\u00e1juk. Teh\u00e1t itt a legjobb m\u00f3dszer az, ha a telefonodon szerkesztesz. Ha GoPro-t, DJI Osmo Action-t vagy a telefonodat haszn\u00e1lod a felv\u00e9telek k\u00e9sz\u00edt\u00e9sekor, szerezd be a YouCut alkalmaz\u00e1st, amennyiben Android vagy iMovie k\u00e9sz\u00fcl\u00e9ket haszn\u00e1lsz iPhone k\u00e9sz\u00fcl\u00e9ken. Ez messze a leggyorsabb \u00e9s legk\u00f6nnyebben el\u00e9rhet\u0151 vide\u00f3 szerkeszt\u00e9si m\u00f3d.<\/p>\n<p>Ha nagyobb k\u00e9perny\u0151n szeretn\u00e9l szerkeszteni, szerezd be az ingyenes, k\u00f6nnyen haszn\u00e1lhat\u00f3 szoftverek egyik\u00e9t, p\u00e9ld\u00e1ul az iMovie-t vagy a Quik-et, \u00edgy nem kell t\u00fal sok id\u0151t t\u00f6ltened a m\u00f3dszerek megtanul\u00e1s\u00e1val.<\/p>\n<figure id=\"attachment_10486\" aria-describedby=\"caption-attachment-10486\" style=\"width: 998px\" class=\"wp-caption alignnone\"><a href=\"https:\/\/d2p6e6u75xmxt8.cloudfront.net\/12\/2021\/03\/imovie.jpg\"><img loading=\"lazy\" decoding=\"async\" class=\"size-full wp-image-10486\" src=\"https:\/\/d2p6e6u75xmxt8.cloudfront.net\/12\/2021\/03\/imovie.jpg\" alt=\"Imovie\" width=\"998\" height=\"723\" srcset=\"https:\/\/d2p6e6u75xmxt8.cloudfront.net\/12\/2021\/03\/imovie.jpg 998w, https:\/\/d2p6e6u75xmxt8.cloudfront.net\/12\/2021\/03\/imovie-300x217.jpg 300w, https:\/\/d2p6e6u75xmxt8.cloudfront.net\/12\/2021\/03\/imovie-768x556.jpg 768w\" sizes=\"auto, (max-width: 998px) 100vw, 998px\" \/><\/a><figcaption id=\"caption-attachment-10486\" class=\"wp-caption-text\">iMovie (iPad)<\/figcaption><\/figure>\n<h2><strong>Lelkes<\/strong><\/h2>\n<p>Ha hajland\u00f3 vagy elt\u00f6lteni egy kis id\u0151t a szoftver megismer\u00e9s\u00e9vel \u00e9s alaposabb szerkeszt\u00e9sre v\u00e1gysz, \u00fagy gondolom, hogy a Shotcut nagyszer\u0171 m\u00f3dja annak, hogy ingyenesen megismerkedj n\u00e9h\u00e1ny speci\u00e1lis funkci\u00f3val. Amennyiben hajland\u00f3 vagy befektetni egy kicsit, a Movavi-t kell v\u00e1lasztanod. Ha igaz\u00e1n nagy fejest szeretn\u00e9l ugrani, akkor fontold meg m\u00e9g a Blackmagic Davinci Resolve-t is.<\/p>\n<h2><strong>Pro<\/strong><\/h2>\n<p>Sz\u00f3val te t\u00e9nyleg profi akarsz lenni. Az itt tal\u00e1lhat\u00f3 inform\u00e1ci\u00f3kat meglehet\u0151sen \u00e9rthet\u0151nek tal\u00e1ltad \u00e9s m\u00e1r k\u00e9szen \u00e1llsz. Ha igaz\u00e1n bele akarsz mer\u00fclni a vide\u00f3szerkeszt\u00e9sbe, azt javaslom, hogy kezdd a Blackmagic Davinci Resolve-val. Jelenleg ez a legjobb ingyenes szerkeszt\u0151 szoftver a piacon. Kor\u00e1bban csak sz\u00ednoszt\u00e1lyoz\u00f3 szoftver volt, amit szakemberek haszn\u00e1ltak, de a k\u00f6zelm\u00faltban szerkeszt\u00e9ssel \u00e9s effektekkel eg\u00e9sz\u00edtett\u00e9k ki, ami csod\u00e1latoss\u00e1 teszi kezd\u0151knek \u00e9s profiknak egyar\u00e1nt.<\/p>\n<p>Az ingyenes verzi\u00f3 nagyon szuper \u00e9s a legt\u00f6bb fontos funkci\u00f3 megtal\u00e1lhat\u00f3 rajta. Ha k\u00f6lten\u00e9l egy kis p\u00e9nzt, megv\u00e1s\u00e1rolhatod a Davinci Resolve Pro programot vagy a Final Cutot (amennyiben Macet haszn\u00e1lsz). Mindkett\u0151 ugyanannyiba ker\u00fcl \u00e9s egyform\u00e1n fel vannak szerelve egy remekm\u0171 elk\u00e9sz\u00edt\u00e9s\u00e9hez.<\/p>\n<h2><strong>Utols\u00f3 gondolatok<\/strong><\/h2>\n<p>Mint l\u00e1thatod, rengeteg lehet\u0151s\u00e9ged van &#8211; mint manaps\u00e1g b\u00e1rmiben. V\u00e9g\u00fcl mindez a te szem\u00e9lyes preferenci\u00e1db\u00f3l fog \u00f6ssze\u00e1llni. K\u00f6lts\u00e9gek szempontj\u00e1b\u00f3l vannak korl\u00e1toz\u00e1sok, de egy alapvide\u00f3t b\u00e1rmikor \u00f6sszedobhatsz a bar\u00e1taidnak. A legfontosabb, hogy elkezdted. Sok szerkeszt\u0151 szoftver opci\u00f3 meglehet\u0151sen hasonl\u00f3, \u00edgy ha egyszer elsaj\u00e1t\u00edtod az egyiket, nem olyan neh\u00e9z meg\u00e9rteni a m\u00e1sikat. Teh\u00e1t szerezd be a fent eml\u00edtett alkalmaz\u00e1sokat \u00e9s hozd l\u00e9tre els\u0151 saj\u00e1t vide\u00f3dat!<\/p>\n","protected":false},"excerpt":{"rendered":"<p>Most \u00e9rt\u00e9l haza egy csod\u00e1latos bikepacking t\u00far\u00e1r\u00f3l \u00e9s minden eszk\u00f6z\u00f6d tele van rengeteg gy\u00f6ny\u00f6r\u0171 vide\u00f3val. Itt az ideje \u00f6sszerakni \u00e9s [&hellip;]<\/p>\n","protected":false},"author":71,"featured_media":10488,"comment_status":"closed","ping_status":"closed","sticky":false,"template":"","format":"standard","meta":{"footnotes":""},"categories":[7],"tags":[],"global-categories":[],"class_list":["post-10482","post","type-post","status-publish","format-standard","has-post-thumbnail","hentry","category-trekking-mtb"],"yoast_head":"<!-- This site is optimized with the Yoast SEO Premium plugin v25.3 (Yoast SEO v25.9) - https:\/\/yoast.com\/wordpress\/plugins\/seo\/ -->\n<title>\u00cdgy k\u00e9sz\u00edts men\u0151 bikepacking vide\u00f3kat: Szerkeszt\u00e9s<\/title>\n<meta name=\"description\" content=\"Most \u00e9rt\u00e9l haza egy csod\u00e1latos bikepacking t\u00far\u00e1r\u00f3l \u00e9s minden eszk\u00f6z\u00f6d tele van rengeteg gy\u00f6ny\u00f6r\u0171 vide\u00f3val. Itt az ideje \u00f6sszerakni \u00e9s megmutatni a vil\u00e1gnak!\" \/>\n<meta name=\"robots\" content=\"index, follow, max-snippet:-1, max-image-preview:large, max-video-preview:-1\" \/>\n<link rel=\"canonical\" href=\"https:\/\/www.welovecycling.com\/hu\/trekking-mtb\/igy-keszits-meno-bikepacking-videokat-szerkesztes\/\" \/>\n<meta property=\"og:locale\" content=\"hu_HU\" \/>\n<meta property=\"og:type\" content=\"article\" \/>\n<meta property=\"og:title\" content=\"\u00cdgy k\u00e9sz\u00edts men\u0151 bikepacking vide\u00f3kat: Szerkeszt\u00e9s\" \/>\n<meta property=\"og:description\" content=\"Most \u00e9rt\u00e9l haza egy csod\u00e1latos bikepacking t\u00far\u00e1r\u00f3l \u00e9s minden eszk\u00f6z\u00f6d tele van rengeteg gy\u00f6ny\u00f6r\u0171 vide\u00f3val. Itt az ideje \u00f6sszerakni \u00e9s megmutatni a vil\u00e1gnak!\" \/>\n<meta property=\"og:url\" content=\"https:\/\/www.welovecycling.com\/hu\/trekking-mtb\/igy-keszits-meno-bikepacking-videokat-szerkesztes\/\" \/>\n<meta property=\"og:site_name\" content=\"\u0160koda We Love Cycling - Magyarorsz\u00e1g\" \/>\n<meta property=\"article:publisher\" content=\"https:\/\/www.facebook.com\/WeLoveCyclingHungary\/\" \/>\n<meta property=\"article:published_time\" content=\"2021-04-01T07:00:55+00:00\" \/>\n<meta property=\"og:image\" content=\"https:\/\/d2p6e6u75xmxt8.cloudfront.net\/12\/2021\/03\/Sound-editor-CVR.jpg\" \/>\n\t<meta property=\"og:image:width\" content=\"1366\" \/>\n\t<meta property=\"og:image:height\" content=\"600\" \/>\n\t<meta property=\"og:image:type\" content=\"image\/jpeg\" \/>\n<meta name=\"author\" content=\"hegyizs\" \/>\n<meta name=\"twitter:card\" content=\"summary_large_image\" \/>\n<meta name=\"twitter:label1\" content=\"Written by\" \/>\n\t<meta name=\"twitter:data1\" content=\"Filippo Mari\" \/>\n\t<meta name=\"twitter:label2\" content=\"Est. reading time\" \/>\n\t<meta name=\"twitter:data2\" content=\"7\" \/>\n<script type=\"application\/ld+json\" class=\"yoast-schema-graph\">{\"@context\":\"https:\/\/schema.org\",\"@graph\":[{\"@type\":\"WebPage\",\"@id\":\"https:\/\/www.welovecycling.com\/hu\/trekking-mtb\/igy-keszits-meno-bikepacking-videokat-szerkesztes\/\",\"url\":\"https:\/\/www.welovecycling.com\/hu\/trekking-mtb\/igy-keszits-meno-bikepacking-videokat-szerkesztes\/\",\"name\":\"\u00cdgy k\u00e9sz\u00edts men\u0151 bikepacking vide\u00f3kat: Szerkeszt\u00e9s\",\"isPartOf\":{\"@id\":\"https:\/\/www.welovecycling.com\/hu\/#website\"},\"primaryImageOfPage\":{\"@id\":\"https:\/\/www.welovecycling.com\/hu\/trekking-mtb\/igy-keszits-meno-bikepacking-videokat-szerkesztes\/#primaryimage\"},\"image\":{\"@id\":\"https:\/\/www.welovecycling.com\/hu\/trekking-mtb\/igy-keszits-meno-bikepacking-videokat-szerkesztes\/#primaryimage\"},\"thumbnailUrl\":\"https:\/\/d2p6e6u75xmxt8.cloudfront.net\/12\/2021\/03\/Sound-editor-CVR.jpg\",\"datePublished\":\"2021-04-01T07:00:55+00:00\",\"author\":{\"@id\":\"https:\/\/www.welovecycling.com\/hu\/#\/schema\/person\/414a2aebf1801691a5320edb6468e194\"},\"description\":\"Most \u00e9rt\u00e9l haza egy csod\u00e1latos bikepacking t\u00far\u00e1r\u00f3l \u00e9s minden eszk\u00f6z\u00f6d tele van rengeteg gy\u00f6ny\u00f6r\u0171 vide\u00f3val. Itt az ideje \u00f6sszerakni \u00e9s megmutatni a vil\u00e1gnak!\",\"breadcrumb\":{\"@id\":\"https:\/\/www.welovecycling.com\/hu\/trekking-mtb\/igy-keszits-meno-bikepacking-videokat-szerkesztes\/#breadcrumb\"},\"inLanguage\":\"hu\",\"potentialAction\":[{\"@type\":\"ReadAction\",\"target\":[\"https:\/\/www.welovecycling.com\/hu\/trekking-mtb\/igy-keszits-meno-bikepacking-videokat-szerkesztes\/\"]}]},{\"@type\":\"ImageObject\",\"inLanguage\":\"hu\",\"@id\":\"https:\/\/www.welovecycling.com\/hu\/trekking-mtb\/igy-keszits-meno-bikepacking-videokat-szerkesztes\/#primaryimage\",\"url\":\"https:\/\/d2p6e6u75xmxt8.cloudfront.net\/12\/2021\/03\/Sound-editor-CVR.jpg\",\"contentUrl\":\"https:\/\/d2p6e6u75xmxt8.cloudfront.net\/12\/2021\/03\/Sound-editor-CVR.jpg\",\"width\":1366,\"height\":600,\"caption\":\"Sound editing\"},{\"@type\":\"BreadcrumbList\",\"@id\":\"https:\/\/www.welovecycling.com\/hu\/trekking-mtb\/igy-keszits-meno-bikepacking-videokat-szerkesztes\/#breadcrumb\",\"itemListElement\":[{\"@type\":\"ListItem\",\"position\":1,\"name\":\"Home\",\"item\":\"https:\/\/www.welovecycling.com\/hu\/\"},{\"@type\":\"ListItem\",\"position\":2,\"name\":\"\u00cdgy k\u00e9sz\u00edts men\u0151 bikepacking vide\u00f3kat: Szerkeszt\u00e9s\"}]},{\"@type\":\"WebSite\",\"@id\":\"https:\/\/www.welovecycling.com\/hu\/#website\",\"url\":\"https:\/\/www.welovecycling.com\/hu\/\",\"name\":\"\u0160koda We Love Cycling - Magyarorsz\u00e1g\",\"description\":\"\u0160koda WeLoveCycling\",\"potentialAction\":[{\"@type\":\"SearchAction\",\"target\":{\"@type\":\"EntryPoint\",\"urlTemplate\":\"https:\/\/www.welovecycling.com\/hu\/?s={search_term_string}\"},\"query-input\":{\"@type\":\"PropertyValueSpecification\",\"valueRequired\":true,\"valueName\":\"search_term_string\"}}],\"inLanguage\":\"hu\"},{\"@type\":\"Person\",\"@id\":\"https:\/\/www.welovecycling.com\/hu\/#\/schema\/person\/414a2aebf1801691a5320edb6468e194\",\"name\":\"hegyizs\",\"image\":{\"@type\":\"ImageObject\",\"inLanguage\":\"hu\",\"@id\":\"https:\/\/www.welovecycling.com\/hu\/#\/schema\/person\/image\/\",\"url\":\"https:\/\/secure.gravatar.com\/avatar\/02cf8a7906b8cf90cecb4679defac7cfd33a1c2e3b88e4903d947f3bb58eedd3?s=96&d=mm&r=g\",\"contentUrl\":\"https:\/\/secure.gravatar.com\/avatar\/02cf8a7906b8cf90cecb4679defac7cfd33a1c2e3b88e4903d947f3bb58eedd3?s=96&d=mm&r=g\",\"caption\":\"hegyizs\"},\"url\":\"https:\/\/www.welovecycling.com\/hu\/author\/hegyizs\/\"}]}<\/script>\n<!-- \/ Yoast SEO Premium plugin. -->","yoast_head_json":{"title":"\u00cdgy k\u00e9sz\u00edts men\u0151 bikepacking vide\u00f3kat: Szerkeszt\u00e9s","description":"Most \u00e9rt\u00e9l haza egy csod\u00e1latos bikepacking t\u00far\u00e1r\u00f3l \u00e9s minden eszk\u00f6z\u00f6d tele van rengeteg gy\u00f6ny\u00f6r\u0171 vide\u00f3val. Itt az ideje \u00f6sszerakni \u00e9s megmutatni a vil\u00e1gnak!","robots":{"index":"index","follow":"follow","max-snippet":"max-snippet:-1","max-image-preview":"max-image-preview:large","max-video-preview":"max-video-preview:-1"},"canonical":"https:\/\/www.welovecycling.com\/hu\/trekking-mtb\/igy-keszits-meno-bikepacking-videokat-szerkesztes\/","og_locale":"hu_HU","og_type":"article","og_title":"\u00cdgy k\u00e9sz\u00edts men\u0151 bikepacking vide\u00f3kat: Szerkeszt\u00e9s","og_description":"Most \u00e9rt\u00e9l haza egy csod\u00e1latos bikepacking t\u00far\u00e1r\u00f3l \u00e9s minden eszk\u00f6z\u00f6d tele van rengeteg gy\u00f6ny\u00f6r\u0171 vide\u00f3val. Itt az ideje \u00f6sszerakni \u00e9s megmutatni a vil\u00e1gnak!","og_url":"https:\/\/www.welovecycling.com\/hu\/trekking-mtb\/igy-keszits-meno-bikepacking-videokat-szerkesztes\/","og_site_name":"\u0160koda We Love Cycling - Magyarorsz\u00e1g","article_publisher":"https:\/\/www.facebook.com\/WeLoveCyclingHungary\/","article_published_time":"2021-04-01T07:00:55+00:00","og_image":[{"width":1366,"height":600,"url":"https:\/\/d2p6e6u75xmxt8.cloudfront.net\/12\/2021\/03\/Sound-editor-CVR.jpg","type":"image\/jpeg"}],"author":"hegyizs","twitter_card":"summary_large_image","twitter_misc":{"Written by":"Filippo Mari","Est. reading time":"7"},"schema":{"@context":"https:\/\/schema.org","@graph":[{"@type":"WebPage","@id":"https:\/\/www.welovecycling.com\/hu\/trekking-mtb\/igy-keszits-meno-bikepacking-videokat-szerkesztes\/","url":"https:\/\/www.welovecycling.com\/hu\/trekking-mtb\/igy-keszits-meno-bikepacking-videokat-szerkesztes\/","name":"\u00cdgy k\u00e9sz\u00edts men\u0151 bikepacking vide\u00f3kat: Szerkeszt\u00e9s","isPartOf":{"@id":"https:\/\/www.welovecycling.com\/hu\/#website"},"primaryImageOfPage":{"@id":"https:\/\/www.welovecycling.com\/hu\/trekking-mtb\/igy-keszits-meno-bikepacking-videokat-szerkesztes\/#primaryimage"},"image":{"@id":"https:\/\/www.welovecycling.com\/hu\/trekking-mtb\/igy-keszits-meno-bikepacking-videokat-szerkesztes\/#primaryimage"},"thumbnailUrl":"https:\/\/d2p6e6u75xmxt8.cloudfront.net\/12\/2021\/03\/Sound-editor-CVR.jpg","datePublished":"2021-04-01T07:00:55+00:00","author":{"@id":"https:\/\/www.welovecycling.com\/hu\/#\/schema\/person\/414a2aebf1801691a5320edb6468e194"},"description":"Most \u00e9rt\u00e9l haza egy csod\u00e1latos bikepacking t\u00far\u00e1r\u00f3l \u00e9s minden eszk\u00f6z\u00f6d tele van rengeteg gy\u00f6ny\u00f6r\u0171 vide\u00f3val. Itt az ideje \u00f6sszerakni \u00e9s megmutatni a vil\u00e1gnak!","breadcrumb":{"@id":"https:\/\/www.welovecycling.com\/hu\/trekking-mtb\/igy-keszits-meno-bikepacking-videokat-szerkesztes\/#breadcrumb"},"inLanguage":"hu","potentialAction":[{"@type":"ReadAction","target":["https:\/\/www.welovecycling.com\/hu\/trekking-mtb\/igy-keszits-meno-bikepacking-videokat-szerkesztes\/"]}]},{"@type":"ImageObject","inLanguage":"hu","@id":"https:\/\/www.welovecycling.com\/hu\/trekking-mtb\/igy-keszits-meno-bikepacking-videokat-szerkesztes\/#primaryimage","url":"https:\/\/d2p6e6u75xmxt8.cloudfront.net\/12\/2021\/03\/Sound-editor-CVR.jpg","contentUrl":"https:\/\/d2p6e6u75xmxt8.cloudfront.net\/12\/2021\/03\/Sound-editor-CVR.jpg","width":1366,"height":600,"caption":"Sound editing"},{"@type":"BreadcrumbList","@id":"https:\/\/www.welovecycling.com\/hu\/trekking-mtb\/igy-keszits-meno-bikepacking-videokat-szerkesztes\/#breadcrumb","itemListElement":[{"@type":"ListItem","position":1,"name":"Home","item":"https:\/\/www.welovecycling.com\/hu\/"},{"@type":"ListItem","position":2,"name":"\u00cdgy k\u00e9sz\u00edts men\u0151 bikepacking vide\u00f3kat: Szerkeszt\u00e9s"}]},{"@type":"WebSite","@id":"https:\/\/www.welovecycling.com\/hu\/#website","url":"https:\/\/www.welovecycling.com\/hu\/","name":"\u0160koda We Love Cycling - Magyarorsz\u00e1g","description":"\u0160koda WeLoveCycling","potentialAction":[{"@type":"SearchAction","target":{"@type":"EntryPoint","urlTemplate":"https:\/\/www.welovecycling.com\/hu\/?s={search_term_string}"},"query-input":{"@type":"PropertyValueSpecification","valueRequired":true,"valueName":"search_term_string"}}],"inLanguage":"hu"},{"@type":"Person","@id":"https:\/\/www.welovecycling.com\/hu\/#\/schema\/person\/414a2aebf1801691a5320edb6468e194","name":"hegyizs","image":{"@type":"ImageObject","inLanguage":"hu","@id":"https:\/\/www.welovecycling.com\/hu\/#\/schema\/person\/image\/","url":"https:\/\/secure.gravatar.com\/avatar\/02cf8a7906b8cf90cecb4679defac7cfd33a1c2e3b88e4903d947f3bb58eedd3?s=96&d=mm&r=g","contentUrl":"https:\/\/secure.gravatar.com\/avatar\/02cf8a7906b8cf90cecb4679defac7cfd33a1c2e3b88e4903d947f3bb58eedd3?s=96&d=mm&r=g","caption":"hegyizs"},"url":"https:\/\/www.welovecycling.com\/hu\/author\/hegyizs\/"}]}},"_links":{"self":[{"href":"https:\/\/www.welovecycling.com\/hu\/wp-json\/wp\/v2\/posts\/10482","targetHints":{"allow":["GET"]}}],"collection":[{"href":"https:\/\/www.welovecycling.com\/hu\/wp-json\/wp\/v2\/posts"}],"about":[{"href":"https:\/\/www.welovecycling.com\/hu\/wp-json\/wp\/v2\/types\/post"}],"author":[{"embeddable":true,"href":"https:\/\/www.welovecycling.com\/hu\/wp-json\/wp\/v2\/users\/71"}],"replies":[{"embeddable":true,"href":"https:\/\/www.welovecycling.com\/hu\/wp-json\/wp\/v2\/comments?post=10482"}],"version-history":[{"count":2,"href":"https:\/\/www.welovecycling.com\/hu\/wp-json\/wp\/v2\/posts\/10482\/revisions"}],"predecessor-version":[{"id":10509,"href":"https:\/\/www.welovecycling.com\/hu\/wp-json\/wp\/v2\/posts\/10482\/revisions\/10509"}],"wp:featuredmedia":[{"embeddable":true,"href":"https:\/\/www.welovecycling.com\/hu\/wp-json\/wp\/v2\/media\/10488"}],"wp:attachment":[{"href":"https:\/\/www.welovecycling.com\/hu\/wp-json\/wp\/v2\/media?parent=10482"}],"wp:term":[{"taxonomy":"category","embeddable":true,"href":"https:\/\/www.welovecycling.com\/hu\/wp-json\/wp\/v2\/categories?post=10482"},{"taxonomy":"post_tag","embeddable":true,"href":"https:\/\/www.welovecycling.com\/hu\/wp-json\/wp\/v2\/tags?post=10482"},{"taxonomy":"global-categories","embeddable":true,"href":"https:\/\/www.welovecycling.com\/hu\/wp-json\/wp\/v2\/global-categories?post=10482"}],"curies":[{"name":"wp","href":"https:\/\/api.w.org\/{rel}","templated":true}]}}