{"id":10476,"date":"2021-03-30T08:00:44","date_gmt":"2021-03-30T07:00:44","guid":{"rendered":"https:\/\/www.welovecycling.com\/hu\/?p=10476"},"modified":"2021-03-26T16:50:56","modified_gmt":"2021-03-26T15:50:56","slug":"anna-van-der-breggen-hihetetlen-karrierje-mire-keszul-a-nyugdij-utan","status":"publish","type":"post","link":"https:\/\/www.welovecycling.com\/hu\/orszaguti-kerekpar\/anna-van-der-breggen-hihetetlen-karrierje-mire-keszul-a-nyugdij-utan\/","title":{"rendered":"Anna van der Breggen hihetetlen karrierje: Mire k\u00e9sz\u00fcl a nyugd\u00edj ut\u00e1n?"},"content":{"rendered":"<p><strong>Mikor ny\u00edlna jobb alkalom arra, hogy tisztelegj\u00fcnk a bicikliz\u00e9s egyik nagy alakja el\u0151tt, mint az utols\u00f3 szezonja k\u00f6zep\u00e9n? Mint ahogy a 2020-as, sziv\u00e1rv\u00e1nyos mezben el\u00e9rt leny\u0171g\u00f6z\u0151 diadala is bizony\u00edtja, Anna van der Breggen ma is ugyan\u00fagy \u00fcnnepl\u00e9sre m\u00e9lt\u00f3, mint t\u00f6bb \u00e9vtizedes karrierje sor\u00e1n b\u00e1rmikor.<\/strong><\/p>\n<p><!--more--><\/p>\n<p>Sikerei miatt sokakat meglepett d\u00f6nt\u00e9s\u00e9vel, miszerint 2021-ben az SD Worx ut\u00e1n befejezi a versenyz\u00e9st. Tervei szerint ut\u00e1na sportigazgat\u00f3i szerepre v\u00e1lt \u00e1t jelenlegi csapat\u00e1n\u00e1l. Teh\u00e1t, b\u00e1r tov\u00e1bbra is akt\u00edv r\u00e9szese lesz a biciklis \u00f6kosziszt\u00e9m\u00e1nak, m\u00e1r csak n\u00e9h\u00e1ny alkalommal figyelhetj\u00fck meg, hogyan domin\u00e1l a versenyeken. B\u00e1r m\u00e9g v\u00e1r r\u00e1nk n\u00e9h\u00e1ny izgalmas akci\u00f3 t\u0151le, \u00fagy d\u00f6nt\u00f6tt\u00fcnk, megragadjuk az alkalmat, hogy meg\u00fcnnepelj\u00fck a karrierj\u00e9t \u00e9s azt a rengeteg dolgot, amit a ker\u00e9kp\u00e1roz\u00e1s\u00e9rt tett.<\/p>\n<figure id=\"attachment_10477\" aria-describedby=\"caption-attachment-10477\" style=\"width: 1024px\" class=\"wp-caption alignnone\"><a href=\"https:\/\/d2p6e6u75xmxt8.cloudfront.net\/2\/2021\/03\/Anna-van-der-Breggen-profimedia-0560069472.jpg\"><img loading=\"lazy\" decoding=\"async\" class=\"wp-image-10477 size-large\" src=\"https:\/\/d2p6e6u75xmxt8.cloudfront.net\/12\/2021\/03\/Anna-van-der-Breggen-profimedia-0560069472-1024x679.jpg\" alt=\"Anna van der Breggen\" width=\"1024\" height=\"679\" srcset=\"https:\/\/d2p6e6u75xmxt8.cloudfront.net\/12\/2021\/03\/Anna-van-der-Breggen-profimedia-0560069472-1024x679.jpg 1024w, https:\/\/d2p6e6u75xmxt8.cloudfront.net\/12\/2021\/03\/Anna-van-der-Breggen-profimedia-0560069472-300x199.jpg 300w, https:\/\/d2p6e6u75xmxt8.cloudfront.net\/12\/2021\/03\/Anna-van-der-Breggen-profimedia-0560069472-768x509.jpg 768w, https:\/\/d2p6e6u75xmxt8.cloudfront.net\/12\/2021\/03\/Anna-van-der-Breggen-profimedia-0560069472.jpg 1250w\" sizes=\"auto, (max-width: 1024px) 100vw, 1024px\" \/><\/a><figcaption id=\"caption-attachment-10477\" class=\"wp-caption-text\"><em>Anna nyugd\u00edjba vonul\u00e1sa sokakat meglepett. \u00a9 Profimedia<\/em><\/figcaption><\/figure>\n<h2><strong>A sokoldal\u00fa bajnok<\/strong><\/h2>\n<p>Kev\u00e9s biciklis van meg\u00e1ldva olyan sokoldal\u00fa tehets\u00e9ggel, mint van der Breggen. Holland ker\u00e9kp\u00e1ros csal\u00e1dba sz\u00fcletett, h\u00e9t\u00e9ves kor\u00e1ban kezdett versenyezni, 17 \u00e9ves kor\u00e1ban m\u00e1r a legjobb 10 k\u00f6z\u00f6tt szerepelt a junior vil\u00e1gbajnoks\u00e1g orsz\u00e1g\u00fati verseny\u00e9n. Folyamatosan l\u00e1tni lehetett a dobog\u00f3n \u00e9s nem kevesebb, mint 53 gy\u0151zelmet hagyott a h\u00e1ta m\u00f6g\u00f6tt 2012 \u00f3ta.<\/p>\n<p>A sokoldal\u00fas\u00e1gra, alkalmazkod\u00f3k\u00e9pess\u00e9gre \u00e9s tiszta akarater\u0151re \u00e9p\u00fcl\u0151 karrier sor\u00e1n a leny\u0171g\u00f6z\u0151 eredm\u00e9nyek maguk\u00e9rt besz\u00e9lnek, van der Breggennek ugyanis sz\u00e1mos d\u00edjat siker\u00fclt felhalmoznia. Most csak n\u00e9h\u00e1nyat eml\u00edt\u00fcnk meg az elismer\u00e9sek k\u00f6z\u00fcl: k\u00f6z\u00fati verseny arany\u00e9rem \u00e9s a 2016-os olimpiai j\u00e1t\u00e9kok id\u0151m\u00e9r\u0151j\u00e9n kapott bronz\u00e9rem, 2018-as orsz\u00e1g\u00fati verseny vil\u00e1gbajnoki c\u00edm, h\u00e1romszoros Giro Rosa gy\u0151zelem (2015, 2017, 2020); a Fl\u00e9che Wallonne-n rekordmennyis\u00e9g\u0171, hatszoros gy\u0151zelme (2015-2020); k\u00e9tszeres Li\u00e9ge-Bastogne-Li\u00e9ge nyertes (2017-18); az Amstel Gold Race \u00e9s a Tour of Flanders gy\u0151ztese (2017, 2017), Eur\u00f3pa bajnoki c\u00edm (2016 RR, 020 ITT).<\/p>\n<p>Nem v\u00e9letlen, hogy van der Breggent id\u00e9n jel\u00f6lt\u00e9k a Laureus World Sportswoman d\u00edj\u00e1ra, olyan n\u0151i sportol\u00f3kkal egyetemben, mint a teniszez\u0151 Naomi Osaka, az alpesi s\u00edel\u0151 Federica Brignone, az atletiz\u00e1l\u00f3 Brigid Kosgei, a focista Wendie Renard \u00e9s a kos\u00e1rlabd\u00e1z\u00f3 Breanna Stewart.<\/p>\n<figure id=\"attachment_10478\" aria-describedby=\"caption-attachment-10478\" style=\"width: 1024px\" class=\"wp-caption alignnone\"><a href=\"https:\/\/d2p6e6u75xmxt8.cloudfront.net\/2\/2021\/03\/Anna-van-der-Breggen-profimedia-0560476730.jpg\"><img loading=\"lazy\" decoding=\"async\" class=\"wp-image-10478 size-large\" src=\"https:\/\/d2p6e6u75xmxt8.cloudfront.net\/12\/2021\/03\/Anna-van-der-Breggen-profimedia-0560476730-1024x683.jpg\" alt=\"Anna van der Breggen\" width=\"1024\" height=\"683\" srcset=\"https:\/\/d2p6e6u75xmxt8.cloudfront.net\/12\/2021\/03\/Anna-van-der-Breggen-profimedia-0560476730-1024x683.jpg 1024w, https:\/\/d2p6e6u75xmxt8.cloudfront.net\/12\/2021\/03\/Anna-van-der-Breggen-profimedia-0560476730-300x200.jpg 300w, https:\/\/d2p6e6u75xmxt8.cloudfront.net\/12\/2021\/03\/Anna-van-der-Breggen-profimedia-0560476730-768x512.jpg 768w, https:\/\/d2p6e6u75xmxt8.cloudfront.net\/12\/2021\/03\/Anna-van-der-Breggen-profimedia-0560476730-272x182.jpg 272w, https:\/\/d2p6e6u75xmxt8.cloudfront.net\/12\/2021\/03\/Anna-van-der-Breggen-profimedia-0560476730.jpg 1260w\" sizes=\"auto, (max-width: 1024px) 100vw, 1024px\" \/><\/a><figcaption id=\"caption-attachment-10478\" class=\"wp-caption-text\"><em>Van der Breggen 1995 \u00f3ta az els\u0151 olyan elit versenyz\u0151, aki ugyanabban az \u00e9vben id\u0151m\u00e9r\u0151 \u00e9s orsz\u00e1g\u00fati aranyat is nyert. \u00a9 Profimedia<\/em><\/figcaption><\/figure>\n<h2><strong>A n\u0151i ker\u00e9kp\u00e1roz\u00e1s nagyk\u00f6vete<\/strong><\/h2>\n<p>Figyelembe v\u00e9ve azt a t\u00e9nyt, hogy Anna van der Breggen \u00e9ppen harmincas \u00e9veit t\u00f6lti \u00e9s egy\u00e9rtelm\u0171en l\u00e1tszik, hogy cs\u00facsform\u00e1ban van, elgondolkodtat\u00f3, hogy mi\u00e9rt akar felhagyni a versenyz\u00e9ssel. Mint fentebb eml\u00edtett\u00fck, a sport \u00edgy is nagy szerepet fog bet\u00f6lteni az \u00e9let\u00e9ben \u00e9s vil\u00e1goss\u00e1 tette, hogy a v\u00e1lt\u00e1s m\u00f6g\u00f6tt szem\u00e9lyes okok h\u00faz\u00f3dnak.<\/p>\n<p>Sok profi n\u0151i sportol\u00f3hoz hasonl\u00f3an van der Breggennek is szembes\u00fclnie kellett azzal, milyen egyszerre versenyz\u0151nek \u00e9s \u00e9desany\u00e1nak lenni. Marta Bastianellivel \u00e9s Lizzie Deignannal ellent\u00e9tben, akik hamar visszat\u00e9rtek a versenyz\u00e9shez, van der Breggen \u00fagy d\u00f6nt\u00f6tt, t\u00e1voz\u00e1s\u00e1t egybeejti a csal\u00e1dalap\u00edt\u00e1ssal.<\/p>\n<p>Ahogy azt \u00e9v elej\u00e9n m\u00e1r a Cycling Newsnak is elmondta, a kil\u00e9p\u00e9sr\u0151l sz\u00f3l\u00f3 d\u00f6nt\u00e9se v\u00e9gleges. Ennek ellen\u00e9re nagyon izgatott, hogy tov\u00e1bbra is fontos szerepet j\u00e1tszhat a n\u0151i bicikliz\u00e9s kritikus id\u0151szak\u00e1ban. <em>\u201e\u00daj c\u00e9ljaim vannak, de ezek k\u00f6z\u00f6tt nem szerepel az, hogy abbahagyom a ker\u00e9kp\u00e1roz\u00e1st.\u201d<\/em> A sajt\u00f3t\u00e1j\u00e9koztat\u00f3n mes\u00e9lt a Laureus World Sportswoman jel\u00f6l\u00e9sr\u0151l \u00e9s a n\u0151i bicikliz\u00e9s\u00e9r\u0151l. \u00c1ll\u00edt\u00e1sa szerint <em>\u201ehossz\u00fa utat tett\u00fcnk meg, a helyzet pedig egyre csak jobb \u00e9s jobb lesz.\u201d<\/em><\/p>\n<p>Van der Breggen lelkesen nyilatkozott j\u00f6v\u0151beni mentori szerep\u00e9r\u0151l. \u201e<em>\u00d6r\u00fcl\u00f6k<\/em>, <em>hogy folytathatom, m\u00e1s form\u00e1ban. A tud\u00e1s nem m\u00falt el, \u00edgy fiatal l\u00e1nyoknak seg\u00edthetek, amit m\u00e1r nagyon v\u00e1rok.\u201d<\/em><\/p>\n<figure id=\"attachment_10479\" aria-describedby=\"caption-attachment-10479\" style=\"width: 1024px\" class=\"wp-caption aligncenter\"><a href=\"https:\/\/d2p6e6u75xmxt8.cloudfront.net\/2\/2021\/03\/Anna-van-der-Breggen-profimedia-0405327806.jpg\"><img loading=\"lazy\" decoding=\"async\" class=\"wp-image-10479 size-large\" src=\"https:\/\/d2p6e6u75xmxt8.cloudfront.net\/12\/2021\/03\/Anna-van-der-Breggen-profimedia-0405327806-1024x682.jpg\" alt=\"Anna van der Breggen\" width=\"1024\" height=\"682\" srcset=\"https:\/\/d2p6e6u75xmxt8.cloudfront.net\/12\/2021\/03\/Anna-van-der-Breggen-profimedia-0405327806-1024x682.jpg 1024w, https:\/\/d2p6e6u75xmxt8.cloudfront.net\/12\/2021\/03\/Anna-van-der-Breggen-profimedia-0405327806-300x200.jpg 300w, https:\/\/d2p6e6u75xmxt8.cloudfront.net\/12\/2021\/03\/Anna-van-der-Breggen-profimedia-0405327806-768x512.jpg 768w, https:\/\/d2p6e6u75xmxt8.cloudfront.net\/12\/2021\/03\/Anna-van-der-Breggen-profimedia-0405327806-272x182.jpg 272w, https:\/\/d2p6e6u75xmxt8.cloudfront.net\/12\/2021\/03\/Anna-van-der-Breggen-profimedia-0405327806.jpg 1250w\" sizes=\"auto, (max-width: 1024px) 100vw, 1024px\" \/><\/a><figcaption id=\"caption-attachment-10479\" class=\"wp-caption-text\"><em>Anna Innsbruckban, a 2018-as ker\u00e9kp\u00e1ros vil\u00e1gbajnoks\u00e1gon. \u00a9 Profimedia<\/em><\/figcaption><\/figure>\n<h2><strong>Egy utols\u00f3 nagy durran\u00e1s<\/strong><\/h2>\n<p>Term\u00e9szetesen m\u00e9g nem mondunk adieu-t Anna van der Breggennek. Am\u00edg lehet\u0151s\u00e9ge van r\u00e1, addig m\u00e9g sok versenyt tervez megnyerni. A h\u00f3nap elej\u00e9n Sien\u00e1ban, a Strade Bianche-ban harmadik helyezett lett \u00e9s a szezon folytat\u00e1s\u00e1val szinte biztosan sz\u00e1mos dobog\u00f3s hely fog r\u00e1 v\u00e1rni. A legnagyobb kih\u00edv\u00e1s a toki\u00f3i olimpiai j\u00e1t\u00e9kok lesz, ahol c\u00edmv\u00e9d\u0151k\u00e9nt \u00e1ll a rajtvonalhoz. Szurkolunk neki, de nyugodtan mondhatjuk, hogy f\u00fcggetlen\u00fcl att\u00f3l, mit hoznak a k\u00f6vetkez\u0151 h\u00f3napok \u2013 Anna van der Breggen m\u00e1r most legend\u00e1nak sz\u00e1m\u00edt a ker\u00e9kp\u00e1ros t\u00f6rt\u00e9nelemben!<\/p>\n","protected":false},"excerpt":{"rendered":"<p>Mikor ny\u00edlna jobb alkalom arra, hogy tisztelegj\u00fcnk a bicikliz\u00e9s egyik nagy alakja el\u0151tt, mint az utols\u00f3 szezonja k\u00f6zep\u00e9n? Mint ahogy [&hellip;]<\/p>\n","protected":false},"author":71,"featured_media":10481,"comment_status":"closed","ping_status":"closed","sticky":false,"template":"","format":"standard","meta":{"footnotes":""},"categories":[8],"tags":[],"global-categories":[],"class_list":["post-10476","post","type-post","status-publish","format-standard","has-post-thumbnail","hentry","category-orszaguti-kerekpar"],"yoast_head":"<!-- This site is optimized with the Yoast SEO Premium plugin v25.3 (Yoast SEO v25.9) - https:\/\/yoast.com\/wordpress\/plugins\/seo\/ -->\n<title>Anna van der Breggen hihetetlen karrierje: Mire k\u00e9sz\u00fcl a nyugd\u00edj ut\u00e1n?<\/title>\n<meta name=\"description\" content=\"Mikor ny\u00edlna jobb alkalom arra, hogy tisztelegj\u00fcnk a bicikliz\u00e9s egyik nagy alakja el\u0151tt, mint az utols\u00f3 szezonja k\u00f6zep\u00e9n?\" \/>\n<meta name=\"robots\" content=\"index, follow, max-snippet:-1, max-image-preview:large, max-video-preview:-1\" \/>\n<link rel=\"canonical\" href=\"https:\/\/www.welovecycling.com\/hu\/orszaguti-kerekpar\/anna-van-der-breggen-hihetetlen-karrierje-mire-keszul-a-nyugdij-utan\/\" \/>\n<meta property=\"og:locale\" content=\"hu_HU\" \/>\n<meta property=\"og:type\" content=\"article\" \/>\n<meta property=\"og:title\" content=\"Anna van der Breggen hihetetlen karrierje: Mire k\u00e9sz\u00fcl a nyugd\u00edj ut\u00e1n?\" \/>\n<meta property=\"og:description\" content=\"Mikor ny\u00edlna jobb alkalom arra, hogy tisztelegj\u00fcnk a bicikliz\u00e9s egyik nagy alakja el\u0151tt, mint az utols\u00f3 szezonja k\u00f6zep\u00e9n?\" \/>\n<meta property=\"og:url\" content=\"https:\/\/www.welovecycling.com\/hu\/orszaguti-kerekpar\/anna-van-der-breggen-hihetetlen-karrierje-mire-keszul-a-nyugdij-utan\/\" \/>\n<meta property=\"og:site_name\" content=\"\u0160koda We Love Cycling - Magyarorsz\u00e1g\" \/>\n<meta property=\"article:publisher\" content=\"https:\/\/www.facebook.com\/WeLoveCyclingHungary\/\" \/>\n<meta property=\"article:published_time\" content=\"2021-03-30T07:00:44+00:00\" \/>\n<meta property=\"og:image\" content=\"https:\/\/d2p6e6u75xmxt8.cloudfront.net\/12\/2021\/03\/Anna-van-der-Breggen-profimedia-0560064664-CVR.jpg\" \/>\n\t<meta property=\"og:image:width\" content=\"1366\" \/>\n\t<meta property=\"og:image:height\" content=\"600\" \/>\n\t<meta property=\"og:image:type\" content=\"image\/jpeg\" \/>\n<meta name=\"author\" content=\"hegyizs\" \/>\n<meta name=\"twitter:card\" content=\"summary_large_image\" \/>\n<meta name=\"twitter:label1\" content=\"Written by\" \/>\n\t<meta name=\"twitter:data1\" content=\"Megan Flottorp\" \/>\n\t<meta name=\"twitter:label2\" content=\"Est. reading time\" \/>\n\t<meta name=\"twitter:data2\" content=\"7\" \/>\n<script type=\"application\/ld+json\" class=\"yoast-schema-graph\">{\"@context\":\"https:\/\/schema.org\",\"@graph\":[{\"@type\":\"WebPage\",\"@id\":\"https:\/\/www.welovecycling.com\/hu\/orszaguti-kerekpar\/anna-van-der-breggen-hihetetlen-karrierje-mire-keszul-a-nyugdij-utan\/\",\"url\":\"https:\/\/www.welovecycling.com\/hu\/orszaguti-kerekpar\/anna-van-der-breggen-hihetetlen-karrierje-mire-keszul-a-nyugdij-utan\/\",\"name\":\"Anna van der Breggen hihetetlen karrierje: Mire k\u00e9sz\u00fcl a nyugd\u00edj ut\u00e1n?\",\"isPartOf\":{\"@id\":\"https:\/\/www.welovecycling.com\/hu\/#website\"},\"primaryImageOfPage\":{\"@id\":\"https:\/\/www.welovecycling.com\/hu\/orszaguti-kerekpar\/anna-van-der-breggen-hihetetlen-karrierje-mire-keszul-a-nyugdij-utan\/#primaryimage\"},\"image\":{\"@id\":\"https:\/\/www.welovecycling.com\/hu\/orszaguti-kerekpar\/anna-van-der-breggen-hihetetlen-karrierje-mire-keszul-a-nyugdij-utan\/#primaryimage\"},\"thumbnailUrl\":\"https:\/\/d2p6e6u75xmxt8.cloudfront.net\/12\/2021\/03\/Anna-van-der-Breggen-profimedia-0560064664-CVR.jpg\",\"datePublished\":\"2021-03-30T07:00:44+00:00\",\"author\":{\"@id\":\"https:\/\/www.welovecycling.com\/hu\/#\/schema\/person\/414a2aebf1801691a5320edb6468e194\"},\"description\":\"Mikor ny\u00edlna jobb alkalom arra, hogy tisztelegj\u00fcnk a bicikliz\u00e9s egyik nagy alakja el\u0151tt, mint az utols\u00f3 szezonja k\u00f6zep\u00e9n?\",\"breadcrumb\":{\"@id\":\"https:\/\/www.welovecycling.com\/hu\/orszaguti-kerekpar\/anna-van-der-breggen-hihetetlen-karrierje-mire-keszul-a-nyugdij-utan\/#breadcrumb\"},\"inLanguage\":\"hu\",\"potentialAction\":[{\"@type\":\"ReadAction\",\"target\":[\"https:\/\/www.welovecycling.com\/hu\/orszaguti-kerekpar\/anna-van-der-breggen-hihetetlen-karrierje-mire-keszul-a-nyugdij-utan\/\"]}]},{\"@type\":\"ImageObject\",\"inLanguage\":\"hu\",\"@id\":\"https:\/\/www.welovecycling.com\/hu\/orszaguti-kerekpar\/anna-van-der-breggen-hihetetlen-karrierje-mire-keszul-a-nyugdij-utan\/#primaryimage\",\"url\":\"https:\/\/d2p6e6u75xmxt8.cloudfront.net\/12\/2021\/03\/Anna-van-der-Breggen-profimedia-0560064664-CVR.jpg\",\"contentUrl\":\"https:\/\/d2p6e6u75xmxt8.cloudfront.net\/12\/2021\/03\/Anna-van-der-Breggen-profimedia-0560064664-CVR.jpg\",\"width\":1366,\"height\":600,\"caption\":\"Anna van der Breggen\"},{\"@type\":\"BreadcrumbList\",\"@id\":\"https:\/\/www.welovecycling.com\/hu\/orszaguti-kerekpar\/anna-van-der-breggen-hihetetlen-karrierje-mire-keszul-a-nyugdij-utan\/#breadcrumb\",\"itemListElement\":[{\"@type\":\"ListItem\",\"position\":1,\"name\":\"Home\",\"item\":\"https:\/\/www.welovecycling.com\/hu\/\"},{\"@type\":\"ListItem\",\"position\":2,\"name\":\"Anna van der Breggen hihetetlen karrierje: Mire k\u00e9sz\u00fcl a nyugd\u00edj ut\u00e1n?\"}]},{\"@type\":\"WebSite\",\"@id\":\"https:\/\/www.welovecycling.com\/hu\/#website\",\"url\":\"https:\/\/www.welovecycling.com\/hu\/\",\"name\":\"\u0160koda We Love Cycling - Magyarorsz\u00e1g\",\"description\":\"\u0160koda WeLoveCycling\",\"potentialAction\":[{\"@type\":\"SearchAction\",\"target\":{\"@type\":\"EntryPoint\",\"urlTemplate\":\"https:\/\/www.welovecycling.com\/hu\/?s={search_term_string}\"},\"query-input\":{\"@type\":\"PropertyValueSpecification\",\"valueRequired\":true,\"valueName\":\"search_term_string\"}}],\"inLanguage\":\"hu\"},{\"@type\":\"Person\",\"@id\":\"https:\/\/www.welovecycling.com\/hu\/#\/schema\/person\/414a2aebf1801691a5320edb6468e194\",\"name\":\"hegyizs\",\"image\":{\"@type\":\"ImageObject\",\"inLanguage\":\"hu\",\"@id\":\"https:\/\/www.welovecycling.com\/hu\/#\/schema\/person\/image\/\",\"url\":\"https:\/\/secure.gravatar.com\/avatar\/02cf8a7906b8cf90cecb4679defac7cfd33a1c2e3b88e4903d947f3bb58eedd3?s=96&d=mm&r=g\",\"contentUrl\":\"https:\/\/secure.gravatar.com\/avatar\/02cf8a7906b8cf90cecb4679defac7cfd33a1c2e3b88e4903d947f3bb58eedd3?s=96&d=mm&r=g\",\"caption\":\"hegyizs\"},\"url\":\"https:\/\/www.welovecycling.com\/hu\/author\/hegyizs\/\"}]}<\/script>\n<!-- \/ Yoast SEO Premium plugin. -->","yoast_head_json":{"title":"Anna van der Breggen hihetetlen karrierje: Mire k\u00e9sz\u00fcl a nyugd\u00edj ut\u00e1n?","description":"Mikor ny\u00edlna jobb alkalom arra, hogy tisztelegj\u00fcnk a bicikliz\u00e9s egyik nagy alakja el\u0151tt, mint az utols\u00f3 szezonja k\u00f6zep\u00e9n?","robots":{"index":"index","follow":"follow","max-snippet":"max-snippet:-1","max-image-preview":"max-image-preview:large","max-video-preview":"max-video-preview:-1"},"canonical":"https:\/\/www.welovecycling.com\/hu\/orszaguti-kerekpar\/anna-van-der-breggen-hihetetlen-karrierje-mire-keszul-a-nyugdij-utan\/","og_locale":"hu_HU","og_type":"article","og_title":"Anna van der Breggen hihetetlen karrierje: Mire k\u00e9sz\u00fcl a nyugd\u00edj ut\u00e1n?","og_description":"Mikor ny\u00edlna jobb alkalom arra, hogy tisztelegj\u00fcnk a bicikliz\u00e9s egyik nagy alakja el\u0151tt, mint az utols\u00f3 szezonja k\u00f6zep\u00e9n?","og_url":"https:\/\/www.welovecycling.com\/hu\/orszaguti-kerekpar\/anna-van-der-breggen-hihetetlen-karrierje-mire-keszul-a-nyugdij-utan\/","og_site_name":"\u0160koda We Love Cycling - Magyarorsz\u00e1g","article_publisher":"https:\/\/www.facebook.com\/WeLoveCyclingHungary\/","article_published_time":"2021-03-30T07:00:44+00:00","og_image":[{"width":1366,"height":600,"url":"https:\/\/d2p6e6u75xmxt8.cloudfront.net\/12\/2021\/03\/Anna-van-der-Breggen-profimedia-0560064664-CVR.jpg","type":"image\/jpeg"}],"author":"hegyizs","twitter_card":"summary_large_image","twitter_misc":{"Written by":"Megan Flottorp","Est. reading time":"7"},"schema":{"@context":"https:\/\/schema.org","@graph":[{"@type":"WebPage","@id":"https:\/\/www.welovecycling.com\/hu\/orszaguti-kerekpar\/anna-van-der-breggen-hihetetlen-karrierje-mire-keszul-a-nyugdij-utan\/","url":"https:\/\/www.welovecycling.com\/hu\/orszaguti-kerekpar\/anna-van-der-breggen-hihetetlen-karrierje-mire-keszul-a-nyugdij-utan\/","name":"Anna van der Breggen hihetetlen karrierje: Mire k\u00e9sz\u00fcl a nyugd\u00edj ut\u00e1n?","isPartOf":{"@id":"https:\/\/www.welovecycling.com\/hu\/#website"},"primaryImageOfPage":{"@id":"https:\/\/www.welovecycling.com\/hu\/orszaguti-kerekpar\/anna-van-der-breggen-hihetetlen-karrierje-mire-keszul-a-nyugdij-utan\/#primaryimage"},"image":{"@id":"https:\/\/www.welovecycling.com\/hu\/orszaguti-kerekpar\/anna-van-der-breggen-hihetetlen-karrierje-mire-keszul-a-nyugdij-utan\/#primaryimage"},"thumbnailUrl":"https:\/\/d2p6e6u75xmxt8.cloudfront.net\/12\/2021\/03\/Anna-van-der-Breggen-profimedia-0560064664-CVR.jpg","datePublished":"2021-03-30T07:00:44+00:00","author":{"@id":"https:\/\/www.welovecycling.com\/hu\/#\/schema\/person\/414a2aebf1801691a5320edb6468e194"},"description":"Mikor ny\u00edlna jobb alkalom arra, hogy tisztelegj\u00fcnk a bicikliz\u00e9s egyik nagy alakja el\u0151tt, mint az utols\u00f3 szezonja k\u00f6zep\u00e9n?","breadcrumb":{"@id":"https:\/\/www.welovecycling.com\/hu\/orszaguti-kerekpar\/anna-van-der-breggen-hihetetlen-karrierje-mire-keszul-a-nyugdij-utan\/#breadcrumb"},"inLanguage":"hu","potentialAction":[{"@type":"ReadAction","target":["https:\/\/www.welovecycling.com\/hu\/orszaguti-kerekpar\/anna-van-der-breggen-hihetetlen-karrierje-mire-keszul-a-nyugdij-utan\/"]}]},{"@type":"ImageObject","inLanguage":"hu","@id":"https:\/\/www.welovecycling.com\/hu\/orszaguti-kerekpar\/anna-van-der-breggen-hihetetlen-karrierje-mire-keszul-a-nyugdij-utan\/#primaryimage","url":"https:\/\/d2p6e6u75xmxt8.cloudfront.net\/12\/2021\/03\/Anna-van-der-Breggen-profimedia-0560064664-CVR.jpg","contentUrl":"https:\/\/d2p6e6u75xmxt8.cloudfront.net\/12\/2021\/03\/Anna-van-der-Breggen-profimedia-0560064664-CVR.jpg","width":1366,"height":600,"caption":"Anna van der Breggen"},{"@type":"BreadcrumbList","@id":"https:\/\/www.welovecycling.com\/hu\/orszaguti-kerekpar\/anna-van-der-breggen-hihetetlen-karrierje-mire-keszul-a-nyugdij-utan\/#breadcrumb","itemListElement":[{"@type":"ListItem","position":1,"name":"Home","item":"https:\/\/www.welovecycling.com\/hu\/"},{"@type":"ListItem","position":2,"name":"Anna van der Breggen hihetetlen karrierje: Mire k\u00e9sz\u00fcl a nyugd\u00edj ut\u00e1n?"}]},{"@type":"WebSite","@id":"https:\/\/www.welovecycling.com\/hu\/#website","url":"https:\/\/www.welovecycling.com\/hu\/","name":"\u0160koda We Love Cycling - Magyarorsz\u00e1g","description":"\u0160koda WeLoveCycling","potentialAction":[{"@type":"SearchAction","target":{"@type":"EntryPoint","urlTemplate":"https:\/\/www.welovecycling.com\/hu\/?s={search_term_string}"},"query-input":{"@type":"PropertyValueSpecification","valueRequired":true,"valueName":"search_term_string"}}],"inLanguage":"hu"},{"@type":"Person","@id":"https:\/\/www.welovecycling.com\/hu\/#\/schema\/person\/414a2aebf1801691a5320edb6468e194","name":"hegyizs","image":{"@type":"ImageObject","inLanguage":"hu","@id":"https:\/\/www.welovecycling.com\/hu\/#\/schema\/person\/image\/","url":"https:\/\/secure.gravatar.com\/avatar\/02cf8a7906b8cf90cecb4679defac7cfd33a1c2e3b88e4903d947f3bb58eedd3?s=96&d=mm&r=g","contentUrl":"https:\/\/secure.gravatar.com\/avatar\/02cf8a7906b8cf90cecb4679defac7cfd33a1c2e3b88e4903d947f3bb58eedd3?s=96&d=mm&r=g","caption":"hegyizs"},"url":"https:\/\/www.welovecycling.com\/hu\/author\/hegyizs\/"}]}},"_links":{"self":[{"href":"https:\/\/www.welovecycling.com\/hu\/wp-json\/wp\/v2\/posts\/10476","targetHints":{"allow":["GET"]}}],"collection":[{"href":"https:\/\/www.welovecycling.com\/hu\/wp-json\/wp\/v2\/posts"}],"about":[{"href":"https:\/\/www.welovecycling.com\/hu\/wp-json\/wp\/v2\/types\/post"}],"author":[{"embeddable":true,"href":"https:\/\/www.welovecycling.com\/hu\/wp-json\/wp\/v2\/users\/71"}],"replies":[{"embeddable":true,"href":"https:\/\/www.welovecycling.com\/hu\/wp-json\/wp\/v2\/comments?post=10476"}],"version-history":[{"count":2,"href":"https:\/\/www.welovecycling.com\/hu\/wp-json\/wp\/v2\/posts\/10476\/revisions"}],"predecessor-version":[{"id":10510,"href":"https:\/\/www.welovecycling.com\/hu\/wp-json\/wp\/v2\/posts\/10476\/revisions\/10510"}],"wp:featuredmedia":[{"embeddable":true,"href":"https:\/\/www.welovecycling.com\/hu\/wp-json\/wp\/v2\/media\/10481"}],"wp:attachment":[{"href":"https:\/\/www.welovecycling.com\/hu\/wp-json\/wp\/v2\/media?parent=10476"}],"wp:term":[{"taxonomy":"category","embeddable":true,"href":"https:\/\/www.welovecycling.com\/hu\/wp-json\/wp\/v2\/categories?post=10476"},{"taxonomy":"post_tag","embeddable":true,"href":"https:\/\/www.welovecycling.com\/hu\/wp-json\/wp\/v2\/tags?post=10476"},{"taxonomy":"global-categories","embeddable":true,"href":"https:\/\/www.welovecycling.com\/hu\/wp-json\/wp\/v2\/global-categories?post=10476"}],"curies":[{"name":"wp","href":"https:\/\/api.w.org\/{rel}","templated":true}]}}