{"id":10463,"date":"2021-03-24T08:00:02","date_gmt":"2021-03-24T07:00:02","guid":{"rendered":"https:\/\/www.welovecycling.com\/hu\/?p=10463"},"modified":"2021-03-19T13:39:26","modified_gmt":"2021-03-19T12:39:26","slug":"biciklit-akarok-kampany-hogy-a-sziriai-nok-is-kerekparozhassanak","status":"publish","type":"post","link":"https:\/\/www.welovecycling.com\/hu\/kozosseg-es-kultura\/biciklit-akarok-kampany-hogy-a-sziriai-nok-is-kerekparozhassanak\/","title":{"rendered":"\u201eBiciklit akarok!\u201d: Kamp\u00e1ny, hogy a sz\u00edriai n\u0151k is ker\u00e9kp\u00e1rozhassanak"},"content":{"rendered":"<p><strong>A divatnorm\u00e1k megv\u00e1ltoztat\u00e1s\u00e1ban j\u00e1tszott kulcsszerep\u00e9t\u0151l kezdve, a mobilit\u00e1s szabads\u00e1g\u00e1nak \u00e9s a testi-lelki eg\u00e9szs\u00e9g jav\u00edt\u00e1s\u00e1nak biztos\u00edt\u00e1s\u00e1ig a bicikli m\u00e1r sok n\u0151 sz\u00e1m\u00e1ra jelentett forradalmi eszk\u00f6zt a t\u00f6rt\u00e9nelem sor\u00e1n \u2013 \u00e9s ez a mai napig \u00edgy van. Ennek ellen\u00e9re a biciklis k\u00f6z\u00f6ss\u00e9gben tov\u00e1bbra is nagy a nemek k\u00f6z\u00f6tti k\u00fcl\u00f6nbs\u00e9g, \u00e9s ez az elt\u00e9r\u00e9s k\u00fcl\u00f6n\u00f6sen kir\u00edv\u00f3 a vil\u00e1g olyan r\u00e9szein, ahol m\u00e9g mindig szokatlannak vagy helytelennek gondolj\u00e1k, ha n\u0151t l\u00e1tnak ker\u00e9kp\u00e1ron \u00fclni. <\/strong><\/p>\n<p><!--more--><\/p>\n<p>Rengeteg n\u0151 van, aki nem hajland\u00f3 csendben \u00fclni \u00e9s k\u00fczd az\u00e9rt, hogy min\u00e9l t\u00f6bb n\u0151 biciklizhessen. Elk\u00f6telezetts\u00e9g\u00fck legut\u00f3bbi lenyomata a \u201eBiciklit akarok!\u2019 kamp\u00e1ny volt Sz\u00edri\u00e1ban. B\u00e1tor sz\u00edriai n\u0151k k\u00f6t\u00f6ttek sz\u00f6vets\u00e9get \u00e9s hozt\u00e1k l\u00e9tre az \u00e9szakkelet-sz\u00edriai Sportf\u00f6der\u00e1ci\u00f3val egy\u00fcttm\u0171k\u00f6dve az orsz\u00e1g egyik els\u0151 n\u0151k\u00f6zpont\u00fa ker\u00e9kp\u00e1ros szervezet\u00e9t. A \u201eBiciklit akarok!\u201d kamp\u00e1ny keret\u00e9ben nemr\u00e9g tartott\u00e1k meg az els\u0151 ker\u00e9kp\u00e1rversenyt, azzal a mer\u00e9sz k\u00fcldet\u00e9ssel, hogy seg\u00edtenek legy\u0151zni azokat a r\u00e9gi hagyom\u00e1nyokat, amik tiltj\u00e1k a bicikliz\u00e9st sz\u00e1mukra.<\/p>\n<figure id=\"attachment_10464\" aria-describedby=\"caption-attachment-10464\" style=\"width: 1024px\" class=\"wp-caption alignnone\"><a href=\"https:\/\/d2p6e6u75xmxt8.cloudfront.net\/2\/2021\/03\/Syria-women-cycling-profimedia-0583927614.jpg\"><img loading=\"lazy\" decoding=\"async\" class=\"size-large wp-image-10464\" src=\"https:\/\/d2p6e6u75xmxt8.cloudfront.net\/12\/2021\/03\/Syria-women-cycling-profimedia-0583927614-1024x682.jpg\" alt=\"I Want a Bike marathon\" width=\"1024\" height=\"682\" srcset=\"https:\/\/d2p6e6u75xmxt8.cloudfront.net\/12\/2021\/03\/Syria-women-cycling-profimedia-0583927614-1024x682.jpg 1024w, https:\/\/d2p6e6u75xmxt8.cloudfront.net\/12\/2021\/03\/Syria-women-cycling-profimedia-0583927614-300x200.jpg 300w, https:\/\/d2p6e6u75xmxt8.cloudfront.net\/12\/2021\/03\/Syria-women-cycling-profimedia-0583927614-768x512.jpg 768w, https:\/\/d2p6e6u75xmxt8.cloudfront.net\/12\/2021\/03\/Syria-women-cycling-profimedia-0583927614-272x182.jpg 272w, https:\/\/d2p6e6u75xmxt8.cloudfront.net\/12\/2021\/03\/Syria-women-cycling-profimedia-0583927614.jpg 1250w\" sizes=\"auto, (max-width: 1024px) 100vw, 1024px\" \/><\/a><figcaption id=\"caption-attachment-10464\" class=\"wp-caption-text\"><em>Szeretn\u00e9k egy bicikli maratont l\u00e1tni Armud\u00e1ban, Hasakeh tartom\u00e1nyban. \u00a9 Profimedia<\/em><\/figcaption><\/figure>\n<h2><strong>Az eg\u00e9szs\u00e9ges verseny el\u0151mozd\u00edt\u00e1sa \u00e9s a ker\u00e9kp\u00e1ros n\u0151k l\u00e1that\u00f3s\u00e1ga<\/strong><\/h2>\n<p>Midia Ghanem, egy 28 \u00e9ves \u00fajs\u00e1g\u00edr\u00f3 az a szem\u00e9ly, akinek k\u00f6sz\u00f6nettel tartozunk a n\u0151i biciklis k\u00f6z\u00f6ss\u00e9g n\u00f6veked\u00e9s\u00e9\u00e9rt. Ghanem a Sky News Arabi\u00e1nak nyilatkozta, hogy a kezdem\u00e9nyez\u00e9snek 2020 v\u00e9g\u00e9n kezdt\u00e9k l\u00e1tni az eredm\u00e9nyeit, amikor egy bar\u00e1tja seg\u00edts\u00e9get k\u00e9rt t\u0151le ahhoz, hogy megtanuljon biciklizni. A tanul\u00e1s sikerrel z\u00e1rult, \u00e9s az \u00f6r\u00f6m, hogy seg\u00edthetett bar\u00e1tj\u00e1nak, arra sarkallta Ghanemet, hogy merjen nagyobbat \u00e1lmodni. Bemutatta egy n\u0151i ker\u00e9kp\u00e1ros csapat \u00f6tlet\u00e9t egy m\u00e1sik \u00fajs\u00e1g\u00edr\u00f3 bar\u00e1tn\u0151j\u00e9nek, \u00e9s csup\u00e1n n\u00e9h\u00e1ny napba tellett, hogy l\u00e9trehozzanak egy 15 fiatal n\u0151b\u0151l \u00e1ll\u00f3 biciklis csapatot. P\u00e1rosuk ez \u00e9v janu\u00e1rj\u00e1ban rendezte meg az els\u0151 sz\u00edriai n\u0151i biciklis versenyt. T\u00f6bb, mint 30 r\u00e9sztvev\u0151 volt, az els\u0151 h\u00e1rom helyezett pedig \u00faj ker\u00e9kp\u00e1rt nyert, amiket a Sportsz\u00f6vets\u00e9g biztos\u00edtott.<\/p>\n<p>A lend\u00fclet az\u00f3ta sem hagyott al\u00e1bb. Ahogy Ghanem is kifejtette: <em>\u201eMinden nap \u00faj n\u0151k csatlakoznak a csapathoz, jelenleg tal\u00e1n \u00f6tvenen is lehet\u00fcnk.\u201d<\/em> Er\u0151fesz\u00edt\u00e9seit a helyi k\u00f6z\u00f6ss\u00e9gek is \u00fcnnepelt\u00e9k, sok l\u00e1ny, \u00fajs\u00e1g\u00edr\u00f3 \u00e9s aktivista t\u00e1mogat\u00e1s\u00e1t is elnyerte.<\/p>\n<p>Ghanem hozz\u00e1tette: <em>\u201eMivel a verseny\u00fcnk sikeres volt, azt tervezz\u00fck, hogy Sz\u00edria \u00e9szakkeleti r\u00e9sz\u00e9nek k\u00fcl\u00f6nb\u00f6z\u0151 v\u00e1rosaiban rendez\u00fcnk versenyeket, a r\u00e9gi\u00f3 minden r\u00e9sz\u00e9r\u0151l sz\u00e1rmaz\u00f3 n\u0151kkel. C\u00e9lunk, hogy min\u00e9l sz\u00e9lesebb k\u00f6r\u0171 rendezv\u00e9nyeket tartsunk, melyek Sz\u00edria eg\u00e9sz \u00e9szakkeleti r\u00e9sz\u00e9t el\u00e9ri, a lehet\u0151 legt\u00f6bb n\u0151 r\u00e9szv\u00e9tel\u00e9vel.\u201d<\/em><\/p>\n<figure id=\"attachment_10465\" aria-describedby=\"caption-attachment-10465\" style=\"width: 1024px\" class=\"wp-caption alignnone\"><a href=\"https:\/\/d2p6e6u75xmxt8.cloudfront.net\/2\/2021\/03\/Syria-I-want-a-bike-profimedia-0583927622.jpg\"><img loading=\"lazy\" decoding=\"async\" class=\"wp-image-10465 size-large\" src=\"https:\/\/d2p6e6u75xmxt8.cloudfront.net\/12\/2021\/03\/Syria-I-want-a-bike-profimedia-0583927622-1024x682.jpg\" alt=\"Little girl with a bicycle\" width=\"1024\" height=\"682\" srcset=\"https:\/\/d2p6e6u75xmxt8.cloudfront.net\/12\/2021\/03\/Syria-I-want-a-bike-profimedia-0583927622-1024x682.jpg 1024w, https:\/\/d2p6e6u75xmxt8.cloudfront.net\/12\/2021\/03\/Syria-I-want-a-bike-profimedia-0583927622-300x200.jpg 300w, https:\/\/d2p6e6u75xmxt8.cloudfront.net\/12\/2021\/03\/Syria-I-want-a-bike-profimedia-0583927622-768x512.jpg 768w, https:\/\/d2p6e6u75xmxt8.cloudfront.net\/12\/2021\/03\/Syria-I-want-a-bike-profimedia-0583927622-272x182.jpg 272w, https:\/\/d2p6e6u75xmxt8.cloudfront.net\/12\/2021\/03\/Syria-I-want-a-bike-profimedia-0583927622.jpg 1250w\" sizes=\"auto, (max-width: 1024px) 100vw, 1024px\" \/><\/a><figcaption id=\"caption-attachment-10465\" class=\"wp-caption-text\"><em>\u00a0\u201eMinden nap \u00faj n\u0151k csatlakoznak a csapatunkhoz.\u201d \u00a9 Profimedia<\/em><\/figcaption><\/figure>\n<h2><strong>\u00datt\u00f6r\u0151 sz\u00edriai n\u0151k nyom\u00e1ban<\/strong><\/h2>\n<p>Ghanem nem az els\u0151 sz\u00edriai n\u0151, aki elhat\u00e1rozta, hogy megtal\u00e1lja a bicikliz\u00e9s fel\u00e9 vezet\u0151 utat. Nyolc \u00e9vvel ezel\u0151tt Sarah Zein is azon kezdett dolgozni, hogy min\u00e9l t\u00f6bb sz\u00edriai n\u0151t l\u00e1thasson k\u00e9t ker\u00e9ken. A t\u00e1mad\u00e1sok \u00e9s robbant\u00e1sok, a nagy forgalom \u00e9s az egyre gyakoribb ellen\u0151rz\u0151 pontok miatt sz\u00fcl\u0151v\u00e1rosa, Damaszkusz k\u00e9sz r\u00e9m\u00e1lomm\u00e1 v\u00e1ltozott az aut\u00f3val utaz\u00f3k sz\u00e1m\u00e1ra. Elege lett abb\u00f3l, hogy a kor\u00e1bban 15 perces \u00fat k\u00f6zel egy \u00f3r\u00e1t vett ig\u00e9nybe, \u00edgy Zein \u00fagy d\u00f6nt\u00f6tt, hogy ideje leporolni gyermekkori ker\u00e9kp\u00e1rj\u00e1t.<\/p>\n<p>Ekkor Sz\u00edri\u00e1ban a biciklis n\u0151k tabunak sz\u00e1m\u00edtottak. Zein ezt 2018-ban a Reuters h\u00edr\u00fcgyn\u00f6ks\u00e9gnek fejtette ki: <em>\u201ea hiedelem szerint a ker\u00e9kp\u00e1r \u00fcl\u00e9sei megrontj\u00e1k a n\u0151ket \u00e9s itt a sz\u00fczess\u00e9g nagy dolog. Nem sz\u00e1m\u00edtottam a j\u00e1r\u00f3kel\u0151k d\u00f6bbenet\u00e9re \u00e9s a szexu\u00e1lis zaklat\u00e1sokra.\u201d<\/em> Els\u0151 bicikli\u00fatj\u00e1ra \u00edgy eml\u00e9kezett: \u201e<em>A f\u00e9rfiak azt kiab\u00e1lt\u00e1k: B\u00e1rcsak az \u00fcl\u00e9sed lehetn\u00e9k! S\u00edrva mentem haza.\u201d<\/em><\/p>\n<p>Nem kev\u00e9s lelki er\u0151 kellett ahhoz, hogy meggy\u0151zze mag\u00e1t, vissza kell \u00fclnie a biciklij\u00e9re. De v\u00e9g\u00fcl m\u00e9gis megtette \u2013 el\u0151sz\u00f6r egy f\u00e9rfi di\u00e1kt\u00e1rs\u00e1val, majd fokozatosan m\u00e1s n\u0151kkel is. Zein hamarosan egy olyan cselekedetnek kezdte tekinteni a ker\u00e9kp\u00e1roz\u00e1st, ami k\u00e9pes megk\u00e9rd\u0151jelezni a status qu\u00f3t \u00e9s felhatalmazni a n\u0151ket a diszkrimin\u00e1ci\u00f3 elleni k\u00fczdelemre. Ezt szem el\u0151tt tartva t\u00e1rsalap\u00edt\u00f3ja lett a \u201eYalla Let\u2019s Bike\u201d nev\u0171 kezdem\u00e9nyez\u00e9snek, ami a nemi szerepek ellen k\u00fczd\u00f6tt \u00e9s n\u00e9pszer\u0171s\u00edtette a bicikliz\u00e9st, mint k\u00f6rnyezetbar\u00e1t k\u00f6zleked\u00e9si m\u00f3dot. Kezdem\u00e9nyez\u00e9se az\u00f3ta sz\u00e9tszak\u00edtja a sztereot\u00edpi\u00e1kat, pozit\u00edv p\u00e9ld\u00e1t mutat a n\u0151k sz\u00e1m\u00e1ra \u00e9s fell\u00e9p az \u00e9ghajlatv\u00e1ltoz\u00e1s ellen is.<\/p>\n<figure id=\"attachment_10466\" aria-describedby=\"caption-attachment-10466\" style=\"width: 1024px\" class=\"wp-caption alignnone\"><a href=\"https:\/\/d2p6e6u75xmxt8.cloudfront.net\/2\/2021\/03\/I-want-a-bike-profimedia-0484461948.jpg\"><img loading=\"lazy\" decoding=\"async\" class=\"wp-image-10466 size-large\" src=\"https:\/\/d2p6e6u75xmxt8.cloudfront.net\/12\/2021\/03\/I-want-a-bike-profimedia-0484461948-1024x682.jpg\" alt=\"I Want a Bike March\" width=\"1024\" height=\"682\" srcset=\"https:\/\/d2p6e6u75xmxt8.cloudfront.net\/12\/2021\/03\/I-want-a-bike-profimedia-0484461948-1024x682.jpg 1024w, https:\/\/d2p6e6u75xmxt8.cloudfront.net\/12\/2021\/03\/I-want-a-bike-profimedia-0484461948-300x200.jpg 300w, https:\/\/d2p6e6u75xmxt8.cloudfront.net\/12\/2021\/03\/I-want-a-bike-profimedia-0484461948-768x512.jpg 768w, https:\/\/d2p6e6u75xmxt8.cloudfront.net\/12\/2021\/03\/I-want-a-bike-profimedia-0484461948-272x182.jpg 272w, https:\/\/d2p6e6u75xmxt8.cloudfront.net\/12\/2021\/03\/I-want-a-bike-profimedia-0484461948.jpg 1250w\" sizes=\"auto, (max-width: 1024px) 100vw, 1024px\" \/><\/a><figcaption id=\"caption-attachment-10466\" class=\"wp-caption-text\"><em>\u201eBiciklizz\u00fcnk!\u201d kamp\u00e1ny Damascusban. \u00a9 Profimedia<\/em><\/figcaption><\/figure>\n<h2><strong>A n\u0151k \u00f6sszefog\u00e1sa a biztons\u00e1gos t\u00e9r kialak\u00edt\u00e1s\u00e1\u00e9rt<\/strong><\/h2>\n<p>Hasonl\u00f3 er\u0151fesz\u00edt\u00e9seket tesz a \u201eBiciklit akarok!\u201d kamp\u00e1ny is. \u00dajabb \u00e9s \u00fajabb m\u00f3dszereket tal\u00e1l arra, hogy meggy\u0151zze a n\u0151ket, joguk van helyet foglalniuk az \u00faton. A legy\u0151zend\u0151 akad\u00e1lyokon gondolkozva, Ghane megjegyezte, hogy \u0151t is zaklatt\u00e1k m\u00e1r amiatt, mert biciklivel ment munk\u00e1ba. Bar\u00e1tok \u00e9s munkat\u00e1rsak t\u00e1mogat\u00e1s\u00e1nak, valamint a ker\u00e9kp\u00e1roz\u00e1s sz\u00e1mos el\u0151ny\u00e9nek k\u00f6sz\u00f6nhet\u0151en k\u00e9pes volt legy\u0151zni a negat\u00edvumokat. \u201e<em>\u00dagy hajtom v\u00e9gre a napi testmozg\u00e1st, hogy biciklivel j\u00e1rok dolgozni, arr\u00f3l ne is besz\u00e9lj\u00fcnk, hogy a ker\u00e9kp\u00e1r haszn\u00e1lat\u00e1val kevesebb kipufog\u00f3g\u00e1z ker\u00fcl a leveg\u0151be, ami l\u00e9gz\u0151szervi betegs\u00e9geket okoz. Ez egy egyszer\u0171, tiszta \u00e9s gazdas\u00e1gos k\u00f6zleked\u00e9si eszk\u00f6z.\u201d<\/em><\/p>\n<p>K\u00e9ts\u00e9gtelen, hogy a n\u0151k bicikliz\u00e9sre val\u00f3 \u00f6szt\u00f6nz\u00e9se sz\u00e1mos pozit\u00edv k\u00f6vetkezm\u00e9nnyel j\u00e1r, mind a ker\u00e9kp\u00e1rosok, mind a sz\u00e9lesebb k\u00f6z\u00f6ss\u00e9g sz\u00e1m\u00e1ra. Mivel egyre t\u00f6bb sz\u00edriai n\u0151 fedezi fel a napi bicikliz\u00e9s \u00f6r\u00f6m\u00e9t, ak\u00e1r sz\u00f3rakoz\u00e1sb\u00f3l, ak\u00e1r k\u00f6zleked\u00e9si eszk\u00f6zk\u00e9nt, egy\u00e9rtelm\u0171, hogy m\u00e1sok is ihletet kapnak \u00e9s csatlakozni akarnak hozz\u00e1juk. A helyi szervezetek a lend\u00fcletes ker\u00e9kp\u00e1ros k\u00f6z\u00f6ss\u00e9g alapj\u00e1t k\u00e9pezik, \u00e9s mi alig v\u00e1rjuk, hogy a \u201eBiciklit akarok!\u201d \u00fczenetet min\u00e9l sz\u00e9lesebb k\u00f6rben, min\u00e9l t\u00f6bb n\u0151 fel\u00e9 terjessz\u00e9k az elk\u00f6vetkezend\u0151 h\u00f3napokban \u00e9s \u00e9vekben!<\/p>\n","protected":false},"excerpt":{"rendered":"<p>A divatnorm\u00e1k megv\u00e1ltoztat\u00e1s\u00e1ban j\u00e1tszott kulcsszerep\u00e9t\u0151l kezdve, a mobilit\u00e1s szabads\u00e1g\u00e1nak \u00e9s a testi-lelki eg\u00e9szs\u00e9g jav\u00edt\u00e1s\u00e1nak biztos\u00edt\u00e1s\u00e1ig a bicikli m\u00e1r sok n\u0151 [&hellip;]<\/p>\n","protected":false},"author":71,"featured_media":10468,"comment_status":"closed","ping_status":"closed","sticky":false,"template":"","format":"standard","meta":{"footnotes":""},"categories":[12],"tags":[],"global-categories":[],"class_list":["post-10463","post","type-post","status-publish","format-standard","has-post-thumbnail","hentry","category-kozosseg-es-kultura"],"yoast_head":"<!-- This site is optimized with the Yoast SEO Premium plugin v25.3 (Yoast SEO v25.9) - https:\/\/yoast.com\/wordpress\/plugins\/seo\/ -->\n<title>\u201eBiciklit akarok!\u201d: Kamp\u00e1ny, hogy a sz\u00edriai n\u0151k is ker\u00e9kp\u00e1rozhassanak<\/title>\n<meta name=\"description\" content=\"A divatnorm\u00e1k megv\u00e1ltoztat\u00e1s\u00e1ban j\u00e1tszott kulcsszerep\u00e9t\u0151l kezdve, a mobilit\u00e1s szabads\u00e1g\u00e1nak \u00e9s a testi-lelki eg\u00e9szs\u00e9g jav\u00edt\u00e1s\u00e1nak biztos\u00edt\u00e1s\u00e1ig a bicikli m\u00e1r sok n\u0151 sz\u00e1m\u00e1ra jelentett forradalmi eszk\u00f6zt a t\u00f6rt\u00e9nelem sor\u00e1n \u2013 \u00e9s ez a mai napig \u00edgy van.\" \/>\n<meta name=\"robots\" content=\"index, follow, max-snippet:-1, max-image-preview:large, max-video-preview:-1\" \/>\n<link rel=\"canonical\" href=\"https:\/\/www.welovecycling.com\/hu\/kozosseg-es-kultura\/biciklit-akarok-kampany-hogy-a-sziriai-nok-is-kerekparozhassanak\/\" \/>\n<meta property=\"og:locale\" content=\"hu_HU\" \/>\n<meta property=\"og:type\" content=\"article\" \/>\n<meta property=\"og:title\" content=\"\u201eBiciklit akarok!\u201d: Kamp\u00e1ny, hogy a sz\u00edriai n\u0151k is ker\u00e9kp\u00e1rozhassanak\" \/>\n<meta property=\"og:description\" content=\"A divatnorm\u00e1k megv\u00e1ltoztat\u00e1s\u00e1ban j\u00e1tszott kulcsszerep\u00e9t\u0151l kezdve, a mobilit\u00e1s szabads\u00e1g\u00e1nak \u00e9s a testi-lelki eg\u00e9szs\u00e9g jav\u00edt\u00e1s\u00e1nak biztos\u00edt\u00e1s\u00e1ig a bicikli m\u00e1r sok n\u0151 sz\u00e1m\u00e1ra jelentett forradalmi eszk\u00f6zt a t\u00f6rt\u00e9nelem sor\u00e1n \u2013 \u00e9s ez a mai napig \u00edgy van.\" \/>\n<meta property=\"og:url\" content=\"https:\/\/www.welovecycling.com\/hu\/kozosseg-es-kultura\/biciklit-akarok-kampany-hogy-a-sziriai-nok-is-kerekparozhassanak\/\" \/>\n<meta property=\"og:site_name\" content=\"\u0160koda We Love Cycling - Magyarorsz\u00e1g\" \/>\n<meta property=\"article:publisher\" content=\"https:\/\/www.facebook.com\/WeLoveCyclingHungary\/\" \/>\n<meta property=\"article:published_time\" content=\"2021-03-24T07:00:02+00:00\" \/>\n<meta property=\"og:image\" content=\"https:\/\/d2p6e6u75xmxt8.cloudfront.net\/12\/2021\/03\/I-Want-A-Bike-profimedia-0583927631-CVR-1.jpg\" \/>\n\t<meta property=\"og:image:width\" content=\"1366\" \/>\n\t<meta property=\"og:image:height\" content=\"600\" \/>\n\t<meta property=\"og:image:type\" content=\"image\/jpeg\" \/>\n<meta name=\"author\" content=\"hegyizs\" \/>\n<meta name=\"twitter:card\" content=\"summary_large_image\" \/>\n<meta name=\"twitter:label1\" content=\"Written by\" \/>\n\t<meta name=\"twitter:data1\" content=\"Megan Flottorp\" \/>\n\t<meta name=\"twitter:label2\" content=\"Est. reading time\" \/>\n\t<meta name=\"twitter:data2\" content=\"6\" \/>\n<script type=\"application\/ld+json\" class=\"yoast-schema-graph\">{\"@context\":\"https:\/\/schema.org\",\"@graph\":[{\"@type\":\"WebPage\",\"@id\":\"https:\/\/www.welovecycling.com\/hu\/kozosseg-es-kultura\/biciklit-akarok-kampany-hogy-a-sziriai-nok-is-kerekparozhassanak\/\",\"url\":\"https:\/\/www.welovecycling.com\/hu\/kozosseg-es-kultura\/biciklit-akarok-kampany-hogy-a-sziriai-nok-is-kerekparozhassanak\/\",\"name\":\"\u201eBiciklit akarok!\u201d: Kamp\u00e1ny, hogy a sz\u00edriai n\u0151k is ker\u00e9kp\u00e1rozhassanak\",\"isPartOf\":{\"@id\":\"https:\/\/www.welovecycling.com\/hu\/#website\"},\"primaryImageOfPage\":{\"@id\":\"https:\/\/www.welovecycling.com\/hu\/kozosseg-es-kultura\/biciklit-akarok-kampany-hogy-a-sziriai-nok-is-kerekparozhassanak\/#primaryimage\"},\"image\":{\"@id\":\"https:\/\/www.welovecycling.com\/hu\/kozosseg-es-kultura\/biciklit-akarok-kampany-hogy-a-sziriai-nok-is-kerekparozhassanak\/#primaryimage\"},\"thumbnailUrl\":\"https:\/\/d2p6e6u75xmxt8.cloudfront.net\/12\/2021\/03\/I-Want-A-Bike-profimedia-0583927631-CVR-1.jpg\",\"datePublished\":\"2021-03-24T07:00:02+00:00\",\"author\":{\"@id\":\"https:\/\/www.welovecycling.com\/hu\/#\/schema\/person\/414a2aebf1801691a5320edb6468e194\"},\"description\":\"A divatnorm\u00e1k megv\u00e1ltoztat\u00e1s\u00e1ban j\u00e1tszott kulcsszerep\u00e9t\u0151l kezdve, a mobilit\u00e1s szabads\u00e1g\u00e1nak \u00e9s a testi-lelki eg\u00e9szs\u00e9g jav\u00edt\u00e1s\u00e1nak biztos\u00edt\u00e1s\u00e1ig a bicikli m\u00e1r sok n\u0151 sz\u00e1m\u00e1ra jelentett forradalmi eszk\u00f6zt a t\u00f6rt\u00e9nelem sor\u00e1n \u2013 \u00e9s ez a mai napig \u00edgy van.\",\"breadcrumb\":{\"@id\":\"https:\/\/www.welovecycling.com\/hu\/kozosseg-es-kultura\/biciklit-akarok-kampany-hogy-a-sziriai-nok-is-kerekparozhassanak\/#breadcrumb\"},\"inLanguage\":\"hu\",\"potentialAction\":[{\"@type\":\"ReadAction\",\"target\":[\"https:\/\/www.welovecycling.com\/hu\/kozosseg-es-kultura\/biciklit-akarok-kampany-hogy-a-sziriai-nok-is-kerekparozhassanak\/\"]}]},{\"@type\":\"ImageObject\",\"inLanguage\":\"hu\",\"@id\":\"https:\/\/www.welovecycling.com\/hu\/kozosseg-es-kultura\/biciklit-akarok-kampany-hogy-a-sziriai-nok-is-kerekparozhassanak\/#primaryimage\",\"url\":\"https:\/\/d2p6e6u75xmxt8.cloudfront.net\/12\/2021\/03\/I-Want-A-Bike-profimedia-0583927631-CVR-1.jpg\",\"contentUrl\":\"https:\/\/d2p6e6u75xmxt8.cloudfront.net\/12\/2021\/03\/I-Want-A-Bike-profimedia-0583927631-CVR-1.jpg\",\"width\":1366,\"height\":600,\"caption\":\"I Want a Bike\"},{\"@type\":\"BreadcrumbList\",\"@id\":\"https:\/\/www.welovecycling.com\/hu\/kozosseg-es-kultura\/biciklit-akarok-kampany-hogy-a-sziriai-nok-is-kerekparozhassanak\/#breadcrumb\",\"itemListElement\":[{\"@type\":\"ListItem\",\"position\":1,\"name\":\"Home\",\"item\":\"https:\/\/www.welovecycling.com\/hu\/\"},{\"@type\":\"ListItem\",\"position\":2,\"name\":\"\u201eBiciklit akarok!\u201d: Kamp\u00e1ny, hogy a sz\u00edriai n\u0151k is ker\u00e9kp\u00e1rozhassanak\"}]},{\"@type\":\"WebSite\",\"@id\":\"https:\/\/www.welovecycling.com\/hu\/#website\",\"url\":\"https:\/\/www.welovecycling.com\/hu\/\",\"name\":\"\u0160koda We Love Cycling - Magyarorsz\u00e1g\",\"description\":\"\u0160koda WeLoveCycling\",\"potentialAction\":[{\"@type\":\"SearchAction\",\"target\":{\"@type\":\"EntryPoint\",\"urlTemplate\":\"https:\/\/www.welovecycling.com\/hu\/?s={search_term_string}\"},\"query-input\":{\"@type\":\"PropertyValueSpecification\",\"valueRequired\":true,\"valueName\":\"search_term_string\"}}],\"inLanguage\":\"hu\"},{\"@type\":\"Person\",\"@id\":\"https:\/\/www.welovecycling.com\/hu\/#\/schema\/person\/414a2aebf1801691a5320edb6468e194\",\"name\":\"hegyizs\",\"image\":{\"@type\":\"ImageObject\",\"inLanguage\":\"hu\",\"@id\":\"https:\/\/www.welovecycling.com\/hu\/#\/schema\/person\/image\/\",\"url\":\"https:\/\/secure.gravatar.com\/avatar\/02cf8a7906b8cf90cecb4679defac7cfd33a1c2e3b88e4903d947f3bb58eedd3?s=96&d=mm&r=g\",\"contentUrl\":\"https:\/\/secure.gravatar.com\/avatar\/02cf8a7906b8cf90cecb4679defac7cfd33a1c2e3b88e4903d947f3bb58eedd3?s=96&d=mm&r=g\",\"caption\":\"hegyizs\"},\"url\":\"https:\/\/www.welovecycling.com\/hu\/author\/hegyizs\/\"}]}<\/script>\n<!-- \/ Yoast SEO Premium plugin. -->","yoast_head_json":{"title":"\u201eBiciklit akarok!\u201d: Kamp\u00e1ny, hogy a sz\u00edriai n\u0151k is ker\u00e9kp\u00e1rozhassanak","description":"A divatnorm\u00e1k megv\u00e1ltoztat\u00e1s\u00e1ban j\u00e1tszott kulcsszerep\u00e9t\u0151l kezdve, a mobilit\u00e1s szabads\u00e1g\u00e1nak \u00e9s a testi-lelki eg\u00e9szs\u00e9g jav\u00edt\u00e1s\u00e1nak biztos\u00edt\u00e1s\u00e1ig a bicikli m\u00e1r sok n\u0151 sz\u00e1m\u00e1ra jelentett forradalmi eszk\u00f6zt a t\u00f6rt\u00e9nelem sor\u00e1n \u2013 \u00e9s ez a mai napig \u00edgy van.","robots":{"index":"index","follow":"follow","max-snippet":"max-snippet:-1","max-image-preview":"max-image-preview:large","max-video-preview":"max-video-preview:-1"},"canonical":"https:\/\/www.welovecycling.com\/hu\/kozosseg-es-kultura\/biciklit-akarok-kampany-hogy-a-sziriai-nok-is-kerekparozhassanak\/","og_locale":"hu_HU","og_type":"article","og_title":"\u201eBiciklit akarok!\u201d: Kamp\u00e1ny, hogy a sz\u00edriai n\u0151k is ker\u00e9kp\u00e1rozhassanak","og_description":"A divatnorm\u00e1k megv\u00e1ltoztat\u00e1s\u00e1ban j\u00e1tszott kulcsszerep\u00e9t\u0151l kezdve, a mobilit\u00e1s szabads\u00e1g\u00e1nak \u00e9s a testi-lelki eg\u00e9szs\u00e9g jav\u00edt\u00e1s\u00e1nak biztos\u00edt\u00e1s\u00e1ig a bicikli m\u00e1r sok n\u0151 sz\u00e1m\u00e1ra jelentett forradalmi eszk\u00f6zt a t\u00f6rt\u00e9nelem sor\u00e1n \u2013 \u00e9s ez a mai napig \u00edgy van.","og_url":"https:\/\/www.welovecycling.com\/hu\/kozosseg-es-kultura\/biciklit-akarok-kampany-hogy-a-sziriai-nok-is-kerekparozhassanak\/","og_site_name":"\u0160koda We Love Cycling - Magyarorsz\u00e1g","article_publisher":"https:\/\/www.facebook.com\/WeLoveCyclingHungary\/","article_published_time":"2021-03-24T07:00:02+00:00","og_image":[{"width":1366,"height":600,"url":"https:\/\/d2p6e6u75xmxt8.cloudfront.net\/12\/2021\/03\/I-Want-A-Bike-profimedia-0583927631-CVR-1.jpg","type":"image\/jpeg"}],"author":"hegyizs","twitter_card":"summary_large_image","twitter_misc":{"Written by":"Megan Flottorp","Est. reading time":"6"},"schema":{"@context":"https:\/\/schema.org","@graph":[{"@type":"WebPage","@id":"https:\/\/www.welovecycling.com\/hu\/kozosseg-es-kultura\/biciklit-akarok-kampany-hogy-a-sziriai-nok-is-kerekparozhassanak\/","url":"https:\/\/www.welovecycling.com\/hu\/kozosseg-es-kultura\/biciklit-akarok-kampany-hogy-a-sziriai-nok-is-kerekparozhassanak\/","name":"\u201eBiciklit akarok!\u201d: Kamp\u00e1ny, hogy a sz\u00edriai n\u0151k is ker\u00e9kp\u00e1rozhassanak","isPartOf":{"@id":"https:\/\/www.welovecycling.com\/hu\/#website"},"primaryImageOfPage":{"@id":"https:\/\/www.welovecycling.com\/hu\/kozosseg-es-kultura\/biciklit-akarok-kampany-hogy-a-sziriai-nok-is-kerekparozhassanak\/#primaryimage"},"image":{"@id":"https:\/\/www.welovecycling.com\/hu\/kozosseg-es-kultura\/biciklit-akarok-kampany-hogy-a-sziriai-nok-is-kerekparozhassanak\/#primaryimage"},"thumbnailUrl":"https:\/\/d2p6e6u75xmxt8.cloudfront.net\/12\/2021\/03\/I-Want-A-Bike-profimedia-0583927631-CVR-1.jpg","datePublished":"2021-03-24T07:00:02+00:00","author":{"@id":"https:\/\/www.welovecycling.com\/hu\/#\/schema\/person\/414a2aebf1801691a5320edb6468e194"},"description":"A divatnorm\u00e1k megv\u00e1ltoztat\u00e1s\u00e1ban j\u00e1tszott kulcsszerep\u00e9t\u0151l kezdve, a mobilit\u00e1s szabads\u00e1g\u00e1nak \u00e9s a testi-lelki eg\u00e9szs\u00e9g jav\u00edt\u00e1s\u00e1nak biztos\u00edt\u00e1s\u00e1ig a bicikli m\u00e1r sok n\u0151 sz\u00e1m\u00e1ra jelentett forradalmi eszk\u00f6zt a t\u00f6rt\u00e9nelem sor\u00e1n \u2013 \u00e9s ez a mai napig \u00edgy van.","breadcrumb":{"@id":"https:\/\/www.welovecycling.com\/hu\/kozosseg-es-kultura\/biciklit-akarok-kampany-hogy-a-sziriai-nok-is-kerekparozhassanak\/#breadcrumb"},"inLanguage":"hu","potentialAction":[{"@type":"ReadAction","target":["https:\/\/www.welovecycling.com\/hu\/kozosseg-es-kultura\/biciklit-akarok-kampany-hogy-a-sziriai-nok-is-kerekparozhassanak\/"]}]},{"@type":"ImageObject","inLanguage":"hu","@id":"https:\/\/www.welovecycling.com\/hu\/kozosseg-es-kultura\/biciklit-akarok-kampany-hogy-a-sziriai-nok-is-kerekparozhassanak\/#primaryimage","url":"https:\/\/d2p6e6u75xmxt8.cloudfront.net\/12\/2021\/03\/I-Want-A-Bike-profimedia-0583927631-CVR-1.jpg","contentUrl":"https:\/\/d2p6e6u75xmxt8.cloudfront.net\/12\/2021\/03\/I-Want-A-Bike-profimedia-0583927631-CVR-1.jpg","width":1366,"height":600,"caption":"I Want a Bike"},{"@type":"BreadcrumbList","@id":"https:\/\/www.welovecycling.com\/hu\/kozosseg-es-kultura\/biciklit-akarok-kampany-hogy-a-sziriai-nok-is-kerekparozhassanak\/#breadcrumb","itemListElement":[{"@type":"ListItem","position":1,"name":"Home","item":"https:\/\/www.welovecycling.com\/hu\/"},{"@type":"ListItem","position":2,"name":"\u201eBiciklit akarok!\u201d: Kamp\u00e1ny, hogy a sz\u00edriai n\u0151k is ker\u00e9kp\u00e1rozhassanak"}]},{"@type":"WebSite","@id":"https:\/\/www.welovecycling.com\/hu\/#website","url":"https:\/\/www.welovecycling.com\/hu\/","name":"\u0160koda We Love Cycling - Magyarorsz\u00e1g","description":"\u0160koda WeLoveCycling","potentialAction":[{"@type":"SearchAction","target":{"@type":"EntryPoint","urlTemplate":"https:\/\/www.welovecycling.com\/hu\/?s={search_term_string}"},"query-input":{"@type":"PropertyValueSpecification","valueRequired":true,"valueName":"search_term_string"}}],"inLanguage":"hu"},{"@type":"Person","@id":"https:\/\/www.welovecycling.com\/hu\/#\/schema\/person\/414a2aebf1801691a5320edb6468e194","name":"hegyizs","image":{"@type":"ImageObject","inLanguage":"hu","@id":"https:\/\/www.welovecycling.com\/hu\/#\/schema\/person\/image\/","url":"https:\/\/secure.gravatar.com\/avatar\/02cf8a7906b8cf90cecb4679defac7cfd33a1c2e3b88e4903d947f3bb58eedd3?s=96&d=mm&r=g","contentUrl":"https:\/\/secure.gravatar.com\/avatar\/02cf8a7906b8cf90cecb4679defac7cfd33a1c2e3b88e4903d947f3bb58eedd3?s=96&d=mm&r=g","caption":"hegyizs"},"url":"https:\/\/www.welovecycling.com\/hu\/author\/hegyizs\/"}]}},"_links":{"self":[{"href":"https:\/\/www.welovecycling.com\/hu\/wp-json\/wp\/v2\/posts\/10463","targetHints":{"allow":["GET"]}}],"collection":[{"href":"https:\/\/www.welovecycling.com\/hu\/wp-json\/wp\/v2\/posts"}],"about":[{"href":"https:\/\/www.welovecycling.com\/hu\/wp-json\/wp\/v2\/types\/post"}],"author":[{"embeddable":true,"href":"https:\/\/www.welovecycling.com\/hu\/wp-json\/wp\/v2\/users\/71"}],"replies":[{"embeddable":true,"href":"https:\/\/www.welovecycling.com\/hu\/wp-json\/wp\/v2\/comments?post=10463"}],"version-history":[{"count":2,"href":"https:\/\/www.welovecycling.com\/hu\/wp-json\/wp\/v2\/posts\/10463\/revisions"}],"predecessor-version":[{"id":10469,"href":"https:\/\/www.welovecycling.com\/hu\/wp-json\/wp\/v2\/posts\/10463\/revisions\/10469"}],"wp:featuredmedia":[{"embeddable":true,"href":"https:\/\/www.welovecycling.com\/hu\/wp-json\/wp\/v2\/media\/10468"}],"wp:attachment":[{"href":"https:\/\/www.welovecycling.com\/hu\/wp-json\/wp\/v2\/media?parent=10463"}],"wp:term":[{"taxonomy":"category","embeddable":true,"href":"https:\/\/www.welovecycling.com\/hu\/wp-json\/wp\/v2\/categories?post=10463"},{"taxonomy":"post_tag","embeddable":true,"href":"https:\/\/www.welovecycling.com\/hu\/wp-json\/wp\/v2\/tags?post=10463"},{"taxonomy":"global-categories","embeddable":true,"href":"https:\/\/www.welovecycling.com\/hu\/wp-json\/wp\/v2\/global-categories?post=10463"}],"curies":[{"name":"wp","href":"https:\/\/api.w.org\/{rel}","templated":true}]}}