{"id":10455,"date":"2021-03-23T08:00:46","date_gmt":"2021-03-23T07:00:46","guid":{"rendered":"https:\/\/www.welovecycling.com\/hu\/?p=10455"},"modified":"2021-03-19T13:38:45","modified_gmt":"2021-03-19T12:38:45","slug":"igy-keszits-meno-bikepacking-videokat-ajanlott-felszereles","status":"publish","type":"post","link":"https:\/\/www.welovecycling.com\/hu\/trekking-mtb\/igy-keszits-meno-bikepacking-videokat-ajanlott-felszereles\/","title":{"rendered":"\u00cdgy k\u00e9sz\u00edts men\u0151 bikepacking vide\u00f3kat: Aj\u00e1nlott felszerel\u00e9s"},"content":{"rendered":"<p><strong>A <\/strong><a href=\"https:\/\/www.welovecycling.com\/hu\/trekking-mtb\/igy-keszits-videot-bringas-turaidrol\/\"><strong>sorozat els\u0151 r\u00e9sz\u00e9ben<\/strong><\/a><strong> adtam egy kis \u00e1ttekint\u00e9st arr\u00f3l, mi a legjobb felszerel\u00e9s a bikepacking vide\u00f3k elk\u00e9sz\u00edt\u00e9s\u00e9hez. Tudom, hogy ez a technikai besz\u00e9lget\u00e9s kiss\u00e9 zavar\u00f3 lehet, ez\u00e9rt h\u00e1rom, s\u00falyalap\u00fa csomagot k\u00e9sz\u00edtettem, hogy k\u00e9pet kaphassatok arr\u00f3l, pontosan mit viszek magammal att\u00f3l f\u00fcgg\u0151en, hogy milyen vide\u00f3t szeretn\u00e9k k\u00e9sz\u00edteni. Legy\u00fcnk \u0151szint\u00e9k, min\u00e9l jobb k\u00e9pmin\u0151s\u00e9get szeretn\u00e9l, ann\u00e1l nagyobb \u00e9s nehezebb lesz a felszerel\u00e9s.<\/strong><\/p>\n<p><!--more--><\/p>\n<h2><strong>Az alapcsomag<\/strong><\/h2>\n<p>Remek kezd\u00e9s \u00e9s t\u00f6k\u00e9letes azok sz\u00e1m\u00e1ra, akik szeretn\u00e9k \u00e9lvezni az utat \u00e9s nem azon agg\u00f3dni, mekkora s\u00falyt kell m\u00e9g cipelni\u00fck. Ez az eg\u00e9sz szett elf\u00e9r ak\u00e1r egy kis Camera Cube-ban. B\u00e1r nagyon egyszer\u0171, m\u00e9gis nagyszer\u0171 eredm\u00e9nyeket lehet vele el\u00e9rni.<\/p>\n<figure id=\"attachment_10456\" aria-describedby=\"caption-attachment-10456\" style=\"width: 1024px\" class=\"wp-caption alignnone\"><a href=\"https:\/\/d2p6e6u75xmxt8.cloudfront.net\/2\/2021\/03\/basic-compo.jpg\"><img loading=\"lazy\" decoding=\"async\" class=\"wp-image-10456 size-large\" src=\"https:\/\/d2p6e6u75xmxt8.cloudfront.net\/12\/2021\/03\/basic-compo-1024x576.jpg\" alt=\"Videomaking components \" width=\"1024\" height=\"576\" srcset=\"https:\/\/d2p6e6u75xmxt8.cloudfront.net\/12\/2021\/03\/basic-compo-1024x576.jpg 1024w, https:\/\/d2p6e6u75xmxt8.cloudfront.net\/12\/2021\/03\/basic-compo-300x169.jpg 300w, https:\/\/d2p6e6u75xmxt8.cloudfront.net\/12\/2021\/03\/basic-compo-768x432.jpg 768w, https:\/\/d2p6e6u75xmxt8.cloudfront.net\/12\/2021\/03\/basic-compo.jpg 1152w\" sizes=\"auto, (max-width: 1024px) 100vw, 1024px\" \/><\/a><figcaption id=\"caption-attachment-10456\" class=\"wp-caption-text\"><em>Alapszint\u0171 felszerel\u00e9s<\/em><\/figcaption><\/figure>\n<p><a href=\"https:\/\/www.dji.com\/cz\/osmo-action\"><strong>DJI Osmo Action<\/strong><\/a> \u00e9s <a href=\"https:\/\/gopro.com\/en\/cz\/shop\/cameras\/hero9-black\/CHDHX-901-master.html\"><strong>GoPro<\/strong><\/a> a k\u00f6nny\u0171 hozz\u00e1f\u00e9r\u00e9s\u00e9rt \u00e9s az es\u0151ben t\u00f6rt\u00e9n\u0151 filmez\u00e9s\u00e9rt<\/p>\n<p><strong>iPhone 11 \u00e9s a <\/strong><a href=\"https:\/\/www.dji.com\/cz\/osmo-mobile-3\"><strong>DJI Osmo Mobile 3<\/strong><\/a><strong>:<\/strong> Annak ellen\u00e9re, hogy az iPhone stabiliz\u00e1ci\u00f3ja nagyszer\u0171, m\u00e9gis ink\u00e1bb az Osm\u00f3t v\u00e1lasztom, mivel rendk\u00edv\u00fcl sz\u00e9p k\u00e9pet ad. Szeretek magammal vinni egy <a href=\"http:\/\/www.baseus.com\/product-474.html?lang=en-us\">selfie botot<\/a> is, alj\u00e1n egy kis \u00e1llv\u00e1nnyal, hogy a kamera mozg\u00e1s\u00e1t ellen\u0151rizni tudjam.<\/p>\n<h2><strong>Halad\u00f3 verzi\u00f3<\/strong><\/h2>\n<p>Ezt a szettet azoknak aj\u00e1nlom, akik egy gy\u00f6ny\u00f6r\u0171, f\u00e9lprofi vide\u00f3val szeretn\u00e9nek hazat\u00e9rni.<\/p>\n<figure id=\"attachment_10457\" aria-describedby=\"caption-attachment-10457\" style=\"width: 1024px\" class=\"wp-caption alignnone\"><a href=\"https:\/\/d2p6e6u75xmxt8.cloudfront.net\/2\/2021\/03\/advanced-compo.png\"><img loading=\"lazy\" decoding=\"async\" class=\"wp-image-10457 size-large\" src=\"https:\/\/d2p6e6u75xmxt8.cloudfront.net\/12\/2021\/03\/advanced-compo-1024x576.png\" alt=\"Videomaking components\" width=\"1024\" height=\"576\" srcset=\"https:\/\/d2p6e6u75xmxt8.cloudfront.net\/12\/2021\/03\/advanced-compo-1024x576.png 1024w, https:\/\/d2p6e6u75xmxt8.cloudfront.net\/12\/2021\/03\/advanced-compo-300x169.png 300w, https:\/\/d2p6e6u75xmxt8.cloudfront.net\/12\/2021\/03\/advanced-compo-768x432.png 768w, https:\/\/d2p6e6u75xmxt8.cloudfront.net\/12\/2021\/03\/advanced-compo-1536x864.png 1536w, https:\/\/d2p6e6u75xmxt8.cloudfront.net\/12\/2021\/03\/advanced-compo.png 1920w\" sizes=\"auto, (max-width: 1024px) 100vw, 1024px\" \/><\/a><figcaption id=\"caption-attachment-10457\" class=\"wp-caption-text\"><em>Halad\u00f3 szint\u0171 felszerel\u00e9s<\/em><\/figcaption><\/figure>\n<p><a href=\"https:\/\/www.dji.com\/cz\/osmo-action\"><strong>DJI Osmo Action<\/strong><\/a> \u00e9s <a href=\"https:\/\/gopro.com\/en\/cz\/shop\/cameras\/hero9-black\/CHDHX-901-master.html\"><strong>GoPro<\/strong><\/a> ugyanazon okb\u00f3l, mint fentebb kifejtett\u00fck. Extra rugalmass\u00e1g, plusz s\u00faly n\u00e9lk\u00fcl.<\/p>\n<p>Kis t\u00fck\u00f6r n\u00e9lk\u00fcli f\u00e9nyk\u00e9pez\u0151g\u00e9p vagy egy j\u00f3 kompakt f\u00e9nyk\u00e9pez\u0151g\u00e9p, <a href=\"https:\/\/joby.com\/global\/gorillapod-phone-tripods\/\"><strong>a Gorillapodt\u00f3l<\/strong><\/a>.<\/p>\n<p>A <strong>DJI Mini 2 <\/strong>remek, mert szuperkicsi \u00e9s m\u00e9gis \u00e9les k\u00e9pet k\u00e9sz\u00edt.<\/p>\n<p>Ha valaki tan\u00e1csot k\u00e9r ahhoz, hogy remek bikepacking vide\u00f3t tudjon k\u00e9sz\u00edteni, hogy eml\u00e9kezzen majd a biciklis nyaral\u00e1sra, de emellett mindig k\u00f6nny\u0171 maradjon az utaz\u00e1s \u00e9s ne csak neh\u00e9zs\u00e9gek \u00e1r\u00e1n tudjanak k\u00e9peket l\u0151ni, ezt a csomagot szoktam aj\u00e1nlani. \u00cdme n\u00e9h\u00e1ny p\u00e9lda <a href=\"https:\/\/www.youtube.com\/watch?v=9u1RdDJxY-Y&amp;t=99s&amp;ab_channel=BikoAdventuresPrague\">a gardai<\/a> vagy a <a href=\"https:\/\/www.youtube.com\/watch?v=PninKQYH8ug&amp;ab_channel=BikoAdventuresPrague\">szlov\u00e9n<\/a> utaz\u00e1sunkb\u00f3l.<\/p>\n<h2><strong>Pro verzi\u00f3<\/strong><\/h2>\n<p>Ez azoknak sz\u00f3l, akik mozifilmet akarnak k\u00e9sz\u00edteni, de biciklizni is szeretn\u00e9nek k\u00f6zben. Ilyenkor m\u00e1r a nagy g\u00e9peket aj\u00e1nlom.<\/p>\n<figure id=\"attachment_10458\" aria-describedby=\"caption-attachment-10458\" style=\"width: 1024px\" class=\"wp-caption alignnone\"><a href=\"https:\/\/d2p6e6u75xmxt8.cloudfront.net\/2\/2021\/03\/pro-compo.jpg\"><img loading=\"lazy\" decoding=\"async\" class=\"wp-image-10458 size-large\" src=\"https:\/\/d2p6e6u75xmxt8.cloudfront.net\/12\/2021\/03\/pro-compo-1024x576.jpg\" alt=\"Bikepacking videomaking components\" width=\"1024\" height=\"576\" srcset=\"https:\/\/d2p6e6u75xmxt8.cloudfront.net\/12\/2021\/03\/pro-compo-1024x576.jpg 1024w, https:\/\/d2p6e6u75xmxt8.cloudfront.net\/12\/2021\/03\/pro-compo-300x169.jpg 300w, https:\/\/d2p6e6u75xmxt8.cloudfront.net\/12\/2021\/03\/pro-compo-768x432.jpg 768w, https:\/\/d2p6e6u75xmxt8.cloudfront.net\/12\/2021\/03\/pro-compo.jpg 1152w\" sizes=\"auto, (max-width: 1024px) 100vw, 1024px\" \/><\/a><figcaption id=\"caption-attachment-10458\" class=\"wp-caption-text\"><em>Pro szint\u0171 felszerel\u00e9s.<\/em><\/figcaption><\/figure>\n<p><a href=\"https:\/\/www.dji.com\/cz\/osmo-action\"><strong>DJI Osmo Action<\/strong><\/a> vagy <a href=\"https:\/\/gopro.com\/en\/cz\/shop\/cameras\/hero9-black\/CHDHX-901-master.html\"><strong>GoPro,<\/strong><\/a> igen, ezek egyik\u00e9t folyamatosan a t\u00e1sk\u00e1mban tartom.<\/p>\n<p><a href=\"https:\/\/shop.panasonic.com\/cameras-and-camcorders\/cameras\/lumix-interchangeable-lens-ilc-cameras\/DC-GH5KBODY.html\"><strong>T\u00fck\u00f6r n\u00e9lk\u00fcli f\u00e9nyk\u00e9pez\u0151g\u00e9p<\/strong><\/a> <a href=\"https:\/\/shop.panasonic.com\/cameras-and-camcorders\/lumix-camera-lenses\/H-HSA12035.html#start=1&amp;cgid=lumix-camera-lenses\"><strong>univerz\u00e1lis objekt\u00edvvel<\/strong><\/a>, ami \u00e9les felv\u00e9telek sz\u00e9les v\u00e1laszt\u00e9k\u00e1t k\u00edn\u00e1lja. \u00c1ltal\u00e1ban beteszek egy extra prime objekt\u00edvet vagy egy nagyl\u00e1t\u00f3sz\u00f6g\u0171 objekt\u00edvet, att\u00f3l f\u00fcgg\u0151en, hogy milyen st\u00edlusban gondolkodom.<\/p>\n<p>Megb\u00edzhat\u00f3 <a href=\"https:\/\/glidecam.com\/product\/glidecam-hd-2000\/\"><strong>Glidecam<\/strong><\/a>-em a j\u00f3 min\u0151s\u00e9g\u0171 filmek\u00e9rt. A kezdetek \u00f3ta velem van, \u00e9s m\u00e9g mindig j\u00f3l m\u0171k\u00f6dik. N\u00e9ha ink\u00e1bb a <a href=\"https:\/\/www.dji.com\/cz\/ronin-s\"><strong>DJI Ronin S<\/strong><\/a>-t veszem el\u0151, ha tudom, hogy sz\u00e1raz lesz az id\u0151.<\/p>\n<p><a href=\"https:\/\/www.dji.com\/cz\/ronin-s\"><strong>Rode VideoMic<\/strong><\/a> a kamer\u00e1n bel\u00fcli hanghoz \u00e9s a mikrofonhoz.<\/p>\n<p>A legt\u00f6bbet haszn\u00e1lt dr\u00f3n, a <a href=\"https:\/\/www.dji.com\/cz\/mavic-air-2\"><strong>DJI Mavic Air 2<\/strong><\/a>.<\/p>\n<p>Ez el\u00e9g soknak hangzik, de nagyj\u00e1b\u00f3l elf\u00e9r egy csomagban. Ezeknek a term\u00e9keknek a s\u00falya egy\u00fctt \u00f3ri\u00e1si, ez\u00e9rt nem aj\u00e1nlom annak, aki egyed\u00fcl indul \u00fatnak. Rendszeresen k\u00e9sz\u00edtek ilyen t\u00edpus\u00fa bikepacking vide\u00f3t a csapatommal is, ilyenkor megosztjuk a s\u00falyt.<\/p>\n<p>Remek p\u00e9ld\u00e1k erre a k\u00f6vetkez\u0151 vide\u00f3ink: <a href=\"https:\/\/www.youtube.com\/watch?v=xjwba5QjBjY&amp;t=43s&amp;ab_channel=BikoAdventuresPrague\">Showreel a BIKO Adventures<\/a> sz\u00e1m\u00e1ra, <a href=\"https:\/\/www.youtube.com\/watch?v=AdZuaDyqf7o&amp;ab_channel=BikoAdventuresPrague\">toszk\u00e1nai kir\u00e1ndul\u00e1sunk<\/a>, egy vide\u00f3, amelyet a <a href=\"https:\/\/www.youtube.com\/watch?v=qnZc4e4SyEo&amp;t=3s&amp;ab_channel=FilippoMari-BohemianCyclist\">Festka tesztbicikliz\u00e9sr\u0151l<\/a> k\u00e9sz\u00edtett\u00fcnk \u00e9s a <a href=\"https:\/\/www.youtube.com\/watch?v=7soaiSjtrgQ&amp;ab_channel=CeskoOkolo\">Czechia Around<\/a>.<\/p>\n<h2><strong>\u00d6tletek a felszerel\u00e9s hordoz\u00e1s\u00e1hoz<\/strong><\/h2>\n<div id='gallery-1' class='gallery galleryid-10455 gallery-columns-2 gallery-size-large'><figure class='gallery-item'>\n\t\t\t<div class='gallery-icon landscape'>\n\t\t\t\t<a href='https:\/\/d2p6e6u75xmxt8.cloudfront.net\/12\/2021\/03\/Clip.jpg'><img loading=\"lazy\" decoding=\"async\" width=\"1024\" height=\"859\" src=\"https:\/\/d2p6e6u75xmxt8.cloudfront.net\/12\/2021\/03\/Clip-1024x859.jpg\" class=\"attachment-large size-large\" alt=\"\" srcset=\"https:\/\/d2p6e6u75xmxt8.cloudfront.net\/12\/2021\/03\/Clip-1024x859.jpg 1024w, https:\/\/d2p6e6u75xmxt8.cloudfront.net\/12\/2021\/03\/Clip-300x252.jpg 300w, https:\/\/d2p6e6u75xmxt8.cloudfront.net\/12\/2021\/03\/Clip-768x644.jpg 768w, https:\/\/d2p6e6u75xmxt8.cloudfront.net\/12\/2021\/03\/Clip.jpg 1198w\" sizes=\"auto, (max-width: 1024px) 100vw, 1024px\" \/><\/a>\n\t\t\t<\/div><\/figure><figure class='gallery-item'>\n\t\t\t<div class='gallery-icon landscape'>\n\t\t\t\t<a href='https:\/\/d2p6e6u75xmxt8.cloudfront.net\/12\/2021\/03\/Clip-2.jpg'><img loading=\"lazy\" decoding=\"async\" width=\"1024\" height=\"862\" src=\"https:\/\/d2p6e6u75xmxt8.cloudfront.net\/12\/2021\/03\/Clip-2-1024x862.jpg\" class=\"attachment-large size-large\" alt=\"Clip\" srcset=\"https:\/\/d2p6e6u75xmxt8.cloudfront.net\/12\/2021\/03\/Clip-2-1024x862.jpg 1024w, https:\/\/d2p6e6u75xmxt8.cloudfront.net\/12\/2021\/03\/Clip-2-300x253.jpg 300w, https:\/\/d2p6e6u75xmxt8.cloudfront.net\/12\/2021\/03\/Clip-2-768x647.jpg 768w, https:\/\/d2p6e6u75xmxt8.cloudfront.net\/12\/2021\/03\/Clip-2.jpg 1190w\" sizes=\"auto, (max-width: 1024px) 100vw, 1024px\" \/><\/a>\n\t\t\t<\/div><\/figure>\n\t\t<\/div>\n\n<p>Most, hogy minden be van \u00e1ll\u00edtva \u00e9s az \u00f6sszes elem fel van t\u00f6ltve, a megfelel\u0151 felv\u00e9tel elk\u00e9sz\u00edt\u00e9s\u00e9nek titka az, hogy a f\u00e9nyk\u00e9pez\u0151g\u00e9p mindig k\u00e9szen \u00e1lljon. Mint azt kor\u00e1bbi cikkeimb\u0151l tudj\u00e1tok, \u00e1ltal\u00e1ban t\u00f6bbnapos bikepacking utakra megyek, \u00e9s ilyenkor mindig a szabadban alszom. Ez\u00e9rt sz\u00e1momra a v\u00edz\u00e1ll\u00f3s\u00e1g a legfontosabb. Szeretem azt az \u00e9rz\u00e9st, amikor elkezd esni az es\u0151, \u00e9s tudom, hogy a t\u00e1sk\u00e1m minden dr\u00e1ga felszerel\u00e9st megv\u00e9d.<\/p>\n<p>Ha h\u00e1tizs\u00e1kot viselsz, ez <strong>a <\/strong><a href=\"https:\/\/www.peakdesign.com\/products\/capture\"><strong>Peak Design Capture klip<\/strong><\/a> kiv\u00e1l\u00f3 eszk\u00f6z arra, hogy a f\u00e9nyk\u00e9pez\u0151g\u00e9ped mindig k\u00e9szen \u00e1lljon. Az ilyen kamera biciklivel val\u00f3 hordoz\u00e1sa nem a legk\u00e9nyelmesebb megold\u00e1s, \u00edgy ez ink\u00e1bb azokra az id\u0151kre vonatkozik, amikor tudod, hogy gyakran lesz sz\u00fcks\u00e9ged a f\u00e9nyk\u00e9pez\u0151g\u00e9pre. Maga a klip alig vehet\u0151 \u00e9szre, \u00edgy maradhat a h\u00e1tizs\u00e1khoz r\u00f6gz\u00edtve. Akci\u00f3kamer\u00e1val is haszn\u00e1lhat\u00f3.<\/p>\n<p>Egy m\u00e1sik dolog, amit szeretek, ez a <a href=\"https:\/\/www.patagonia.com\/product\/ultralight-black-hole-mini-hip-pack-1-liter\/49447.html\"><strong>Patagonia Hip Pack<\/strong><\/a> a Black Hole sorozatb\u00f3l. Sz\u00e1momra azzal t\u0171nik ki, hogy v\u00edz\u00e1ll\u00f3. Ha az emberek azt mondj\u00e1k, hogy a hasitasik nem men\u0151k, v\u00e1rj\u00e1k csak meg csak az es\u0151t, \u00e9s n\u00e9zz\u00e9k meg, ahogy m\u00e1sok m\u0171anyag zacsk\u00f3kba csomagolj\u00e1k a k\u00fcty\u00fcket! Majd a sz\u00e1raz p\u00e9nz\u00fckb\u0151l vehetnek nekik egy s\u00f6rt!<\/p>\n<figure id=\"attachment_10459\" aria-describedby=\"caption-attachment-10459\" style=\"width: 1024px\" class=\"wp-caption alignnone\"><a href=\"https:\/\/d2p6e6u75xmxt8.cloudfront.net\/2\/2021\/03\/Patagonia-hip-bag.jpg\"><img loading=\"lazy\" decoding=\"async\" class=\"wp-image-10459 size-large\" src=\"https:\/\/d2p6e6u75xmxt8.cloudfront.net\/12\/2021\/03\/Patagonia-hip-bag-1024x606.jpg\" alt=\"Patagonia hip pack\" width=\"1024\" height=\"606\" srcset=\"https:\/\/d2p6e6u75xmxt8.cloudfront.net\/12\/2021\/03\/Patagonia-hip-bag-1024x606.jpg 1024w, https:\/\/d2p6e6u75xmxt8.cloudfront.net\/12\/2021\/03\/Patagonia-hip-bag-300x178.jpg 300w, https:\/\/d2p6e6u75xmxt8.cloudfront.net\/12\/2021\/03\/Patagonia-hip-bag-768x454.jpg 768w, https:\/\/d2p6e6u75xmxt8.cloudfront.net\/12\/2021\/03\/Patagonia-hip-bag.jpg 1438w\" sizes=\"auto, (max-width: 1024px) 100vw, 1024px\" \/><\/a><figcaption id=\"caption-attachment-10459\" class=\"wp-caption-text\"><em>Patagonia Black Hole Hip Pack \u2013 v\u00edz\u00e1ll\u00f3s\u00e1g miatt kiv\u00e1l\u00f3 v\u00e1laszt\u00e1s.<\/em><\/figcaption><\/figure>\n<p>Egy m\u00e1sik eszk\u00f6z, amit haszn\u00e1lok, az <a href=\"https:\/\/www.acepac.bike\/riditkove-brasny\/bike-bottle-bag-nylon\/\"><strong>Acepac palacktart\u00f3<\/strong><\/a>. Tudom, hogy vizes palackhoz val\u00f3, amint a neve is mutatja, de t\u00f6bb mint elegend\u0151 palacktart\u00f3 van a bicajomon \u00e9s ez a remek t\u00e1ska kisebb filmfelszerel\u00e9sek hordoz\u00e1s\u00e1ra kiv\u00e1l\u00f3.<\/p>\n<p>Az <a href=\"https:\/\/www.acepac.bike\/riditkove-brasny\/bar-bag-nylon\/\"><strong>Acepac t\u00e1sk\u00e1t<\/strong><\/a> pedig, b\u00e1r els\u0151sorban filmfelszerel\u00e9sekhez haszn\u00e1lom, v\u00edz\u00e1ll\u00f3s\u00e1ga miatt egy nagyobb f\u00e9nyk\u00e9pez\u0151g\u00e9pet vagy egy dr\u00f3nt is el szoktam helyezni benne.<\/p>\n<p>A felszerel\u00e9s v\u00e9delme \u00e9rdek\u00e9ben azt javaslom, hogy szerezz be egy f\u00e9nyk\u00e9pez\u0151g\u00e9pekhez k\u00e9sz\u00fclt t\u00e1sk\u00e1t. Ha nem akarod magaddal cipelni a h\u00e1tizs\u00e1kot, haszn\u00e1ld ezt a remek <a href=\"https:\/\/www.peakdesign.com\/products\/camera-cube?variant=11530961649708\"><strong>Camera Cube<\/strong><\/a>-t a Peak Design-t\u00f3l, amit ak\u00e1r be is rakhatsz a t\u00e1sk\u00e1dba. Messze a legjobb m\u00f3dja annak, hogy felszerel\u00e9ssel tudj utazni.<\/p>\n<figure id=\"attachment_10460\" aria-describedby=\"caption-attachment-10460\" style=\"width: 1024px\" class=\"wp-caption alignnone\"><a href=\"https:\/\/d2p6e6u75xmxt8.cloudfront.net\/2\/2021\/03\/Camera-cube.jpg\"><img loading=\"lazy\" decoding=\"async\" class=\"wp-image-10460 size-large\" src=\"https:\/\/d2p6e6u75xmxt8.cloudfront.net\/12\/2021\/03\/Camera-cube-1024x610.jpg\" alt=\"Camera cube\" width=\"1024\" height=\"610\" srcset=\"https:\/\/d2p6e6u75xmxt8.cloudfront.net\/12\/2021\/03\/Camera-cube-1024x610.jpg 1024w, https:\/\/d2p6e6u75xmxt8.cloudfront.net\/12\/2021\/03\/Camera-cube-300x179.jpg 300w, https:\/\/d2p6e6u75xmxt8.cloudfront.net\/12\/2021\/03\/Camera-cube-768x458.jpg 768w, https:\/\/d2p6e6u75xmxt8.cloudfront.net\/12\/2021\/03\/Camera-cube.jpg 1384w\" sizes=\"auto, (max-width: 1024px) 100vw, 1024px\" \/><\/a><figcaption id=\"caption-attachment-10460\" class=\"wp-caption-text\">K\u00fcl\u00f6nb\u00f6z\u0151 m\u00e9ret\u0171 Peak Design Camera Cubes a felszerel\u00e9s legjobb t\u00e1rol\u00e1s\u00e1hoz.<\/figcaption><\/figure>\n<h2><strong>M\u00e9g n\u00e9h\u00e1ny gondolat<\/strong><\/h2>\n<p>A bikepackinggel kapcsolatos vide\u00f3k k\u00e9sz\u00edt\u00e9se k\u00e9sz tudom\u00e1ny \u00e9s alig \u00e9rintettem most a felsz\u00ednt, de ideje elgondolkodnod arr\u00f3l, hogyan \u00e1llj neki a saj\u00e1t szetted \u00f6ssze\u00e1ll\u00edt\u00e1s\u00e1nak. Az eredm\u00e9ny: fantasztikus felv\u00e9telek, amiket mindig is szerett\u00e9l volna, an\u00e9lk\u00fcl, hogy a felszerel\u00e9sed akad\u00e1lyozna a mozg\u00e1sban. Sorozatom k\u00f6vetkez\u0151 r\u00e9sz\u00e9ben megtudhatod, hogyan kell szerkeszteni a vide\u00f3dat \u00e9s megtal\u00e1lni hozz\u00e1juk a t\u00f6k\u00e9letes zen\u00e9t!<\/p>\n<h2><strong>A h\u00f3nap \u00fatvonala<\/strong><\/h2>\n<p>Ha pedig \u00fagy d\u00f6nt\u00f6tt\u00e9l, hogy k\u00e9szen \u00e1llsz a felv\u00e9telre, remek c\u00e9l lehet, hogy a te vide\u00f3t ker\u00fclj\u00f6n fel weboldalunkra a <a href=\"https:\/\/www.welovecycling.com\/hu\/honap-utvonala\/legyen-a-te-kedvenc-bringautad-a-honap-utvonala\/\">H\u00f3nap \u00fatvonalak\u00e9nt<\/a>! V\u00e1rjuk a m\u0171veket!<\/p>\n","protected":false},"excerpt":{"rendered":"<p>A sorozat els\u0151 r\u00e9sz\u00e9ben adtam egy kis \u00e1ttekint\u00e9st arr\u00f3l, mi a legjobb felszerel\u00e9s a bikepacking vide\u00f3k elk\u00e9sz\u00edt\u00e9s\u00e9hez. Tudom, hogy ez [&hellip;]<\/p>\n","protected":false},"author":71,"featured_media":10462,"comment_status":"open","ping_status":"open","sticky":false,"template":"","format":"standard","meta":{"footnotes":""},"categories":[7],"tags":[],"global-categories":[],"class_list":["post-10455","post","type-post","status-publish","format-standard","has-post-thumbnail","hentry","category-trekking-mtb"],"yoast_head":"<!-- This site is optimized with the Yoast SEO Premium plugin v25.3 (Yoast SEO v25.9) - https:\/\/yoast.com\/wordpress\/plugins\/seo\/ -->\n<title>\u00cdgy k\u00e9sz\u00edts men\u0151 bikepacking vide\u00f3kat: Aj\u00e1nlott felszerel\u00e9s - \u0160koda We Love Cycling - Magyarorsz\u00e1g<\/title>\n<meta name=\"description\" content=\"A sorozat els\u0151 r\u00e9sz\u00e9ben adtam egy kis \u00e1ttekint\u00e9st arr\u00f3l, mi a legjobb felszerel\u00e9s a bikepacking vide\u00f3k elk\u00e9sz\u00edt\u00e9s\u00e9hez. Tudom, hogy ez a technikai besz\u00e9lget\u00e9s kiss\u00e9 zavar\u00f3 lehet, ez\u00e9rt h\u00e1rom, s\u00falyalap\u00fa csomagot k\u00e9sz\u00edtettem, hogy k\u00e9pet kaphassatok arr\u00f3l, pontosan mit viszek magammal att\u00f3l f\u00fcgg\u0151en, hogy milyen vide\u00f3t szeretn\u00e9k k\u00e9sz\u00edteni.\" \/>\n<meta name=\"robots\" content=\"index, follow, max-snippet:-1, max-image-preview:large, max-video-preview:-1\" \/>\n<link rel=\"canonical\" href=\"https:\/\/www.welovecycling.com\/hu\/trekking-mtb\/igy-keszits-meno-bikepacking-videokat-ajanlott-felszereles\/\" \/>\n<meta property=\"og:locale\" content=\"hu_HU\" \/>\n<meta property=\"og:type\" content=\"article\" \/>\n<meta property=\"og:title\" content=\"\u00cdgy k\u00e9sz\u00edts men\u0151 bikepacking vide\u00f3kat: Aj\u00e1nlott felszerel\u00e9s\" \/>\n<meta property=\"og:description\" content=\"A sorozat els\u0151 r\u00e9sz\u00e9ben adtam egy kis \u00e1ttekint\u00e9st arr\u00f3l, mi a legjobb felszerel\u00e9s a bikepacking vide\u00f3k elk\u00e9sz\u00edt\u00e9s\u00e9hez. Tudom, hogy ez a technikai besz\u00e9lget\u00e9s kiss\u00e9 zavar\u00f3 lehet, ez\u00e9rt h\u00e1rom, s\u00falyalap\u00fa csomagot k\u00e9sz\u00edtettem, hogy k\u00e9pet kaphassatok arr\u00f3l, pontosan mit viszek magammal att\u00f3l f\u00fcgg\u0151en, hogy milyen vide\u00f3t szeretn\u00e9k k\u00e9sz\u00edteni.\" \/>\n<meta property=\"og:url\" content=\"https:\/\/www.welovecycling.com\/hu\/trekking-mtb\/igy-keszits-meno-bikepacking-videokat-ajanlott-felszereles\/\" \/>\n<meta property=\"og:site_name\" content=\"\u0160koda We Love Cycling - Magyarorsz\u00e1g\" \/>\n<meta property=\"article:publisher\" content=\"https:\/\/www.facebook.com\/WeLoveCyclingHungary\/\" \/>\n<meta property=\"article:published_time\" content=\"2021-03-23T07:00:46+00:00\" \/>\n<meta property=\"og:image\" content=\"https:\/\/d2p6e6u75xmxt8.cloudfront.net\/12\/2021\/03\/Bikepacking-profimedia-0393818504-CVR.jpg\" \/>\n\t<meta property=\"og:image:width\" content=\"1366\" \/>\n\t<meta property=\"og:image:height\" content=\"600\" \/>\n\t<meta property=\"og:image:type\" content=\"image\/jpeg\" \/>\n<meta name=\"author\" content=\"hegyizs\" \/>\n<meta name=\"twitter:card\" content=\"summary_large_image\" \/>\n<meta name=\"twitter:label1\" content=\"Written by\" \/>\n\t<meta name=\"twitter:data1\" content=\"Filippo Mari\" \/>\n\t<meta name=\"twitter:label2\" content=\"Est. reading time\" \/>\n\t<meta name=\"twitter:data2\" content=\"6\" \/>\n<script type=\"application\/ld+json\" class=\"yoast-schema-graph\">{\"@context\":\"https:\/\/schema.org\",\"@graph\":[{\"@type\":\"WebPage\",\"@id\":\"https:\/\/www.welovecycling.com\/hu\/trekking-mtb\/igy-keszits-meno-bikepacking-videokat-ajanlott-felszereles\/\",\"url\":\"https:\/\/www.welovecycling.com\/hu\/trekking-mtb\/igy-keszits-meno-bikepacking-videokat-ajanlott-felszereles\/\",\"name\":\"\u00cdgy k\u00e9sz\u00edts men\u0151 bikepacking vide\u00f3kat: Aj\u00e1nlott felszerel\u00e9s - \u0160koda We Love Cycling - Magyarorsz\u00e1g\",\"isPartOf\":{\"@id\":\"https:\/\/www.welovecycling.com\/hu\/#website\"},\"primaryImageOfPage\":{\"@id\":\"https:\/\/www.welovecycling.com\/hu\/trekking-mtb\/igy-keszits-meno-bikepacking-videokat-ajanlott-felszereles\/#primaryimage\"},\"image\":{\"@id\":\"https:\/\/www.welovecycling.com\/hu\/trekking-mtb\/igy-keszits-meno-bikepacking-videokat-ajanlott-felszereles\/#primaryimage\"},\"thumbnailUrl\":\"https:\/\/d2p6e6u75xmxt8.cloudfront.net\/12\/2021\/03\/Bikepacking-profimedia-0393818504-CVR.jpg\",\"datePublished\":\"2021-03-23T07:00:46+00:00\",\"author\":{\"@id\":\"https:\/\/www.welovecycling.com\/hu\/#\/schema\/person\/414a2aebf1801691a5320edb6468e194\"},\"description\":\"A sorozat els\u0151 r\u00e9sz\u00e9ben adtam egy kis \u00e1ttekint\u00e9st arr\u00f3l, mi a legjobb felszerel\u00e9s a bikepacking vide\u00f3k elk\u00e9sz\u00edt\u00e9s\u00e9hez. Tudom, hogy ez a technikai besz\u00e9lget\u00e9s kiss\u00e9 zavar\u00f3 lehet, ez\u00e9rt h\u00e1rom, s\u00falyalap\u00fa csomagot k\u00e9sz\u00edtettem, hogy k\u00e9pet kaphassatok arr\u00f3l, pontosan mit viszek magammal att\u00f3l f\u00fcgg\u0151en, hogy milyen vide\u00f3t szeretn\u00e9k k\u00e9sz\u00edteni.\",\"breadcrumb\":{\"@id\":\"https:\/\/www.welovecycling.com\/hu\/trekking-mtb\/igy-keszits-meno-bikepacking-videokat-ajanlott-felszereles\/#breadcrumb\"},\"inLanguage\":\"hu\",\"potentialAction\":[{\"@type\":\"ReadAction\",\"target\":[\"https:\/\/www.welovecycling.com\/hu\/trekking-mtb\/igy-keszits-meno-bikepacking-videokat-ajanlott-felszereles\/\"]}]},{\"@type\":\"ImageObject\",\"inLanguage\":\"hu\",\"@id\":\"https:\/\/www.welovecycling.com\/hu\/trekking-mtb\/igy-keszits-meno-bikepacking-videokat-ajanlott-felszereles\/#primaryimage\",\"url\":\"https:\/\/d2p6e6u75xmxt8.cloudfront.net\/12\/2021\/03\/Bikepacking-profimedia-0393818504-CVR.jpg\",\"contentUrl\":\"https:\/\/d2p6e6u75xmxt8.cloudfront.net\/12\/2021\/03\/Bikepacking-profimedia-0393818504-CVR.jpg\",\"width\":1366,\"height\":600},{\"@type\":\"BreadcrumbList\",\"@id\":\"https:\/\/www.welovecycling.com\/hu\/trekking-mtb\/igy-keszits-meno-bikepacking-videokat-ajanlott-felszereles\/#breadcrumb\",\"itemListElement\":[{\"@type\":\"ListItem\",\"position\":1,\"name\":\"Home\",\"item\":\"https:\/\/www.welovecycling.com\/hu\/\"},{\"@type\":\"ListItem\",\"position\":2,\"name\":\"\u00cdgy k\u00e9sz\u00edts men\u0151 bikepacking vide\u00f3kat: Aj\u00e1nlott felszerel\u00e9s\"}]},{\"@type\":\"WebSite\",\"@id\":\"https:\/\/www.welovecycling.com\/hu\/#website\",\"url\":\"https:\/\/www.welovecycling.com\/hu\/\",\"name\":\"\u0160koda We Love Cycling - Magyarorsz\u00e1g\",\"description\":\"\u0160koda WeLoveCycling\",\"potentialAction\":[{\"@type\":\"SearchAction\",\"target\":{\"@type\":\"EntryPoint\",\"urlTemplate\":\"https:\/\/www.welovecycling.com\/hu\/?s={search_term_string}\"},\"query-input\":{\"@type\":\"PropertyValueSpecification\",\"valueRequired\":true,\"valueName\":\"search_term_string\"}}],\"inLanguage\":\"hu\"},{\"@type\":\"Person\",\"@id\":\"https:\/\/www.welovecycling.com\/hu\/#\/schema\/person\/414a2aebf1801691a5320edb6468e194\",\"name\":\"hegyizs\",\"image\":{\"@type\":\"ImageObject\",\"inLanguage\":\"hu\",\"@id\":\"https:\/\/www.welovecycling.com\/hu\/#\/schema\/person\/image\/\",\"url\":\"https:\/\/secure.gravatar.com\/avatar\/02cf8a7906b8cf90cecb4679defac7cfd33a1c2e3b88e4903d947f3bb58eedd3?s=96&d=mm&r=g\",\"contentUrl\":\"https:\/\/secure.gravatar.com\/avatar\/02cf8a7906b8cf90cecb4679defac7cfd33a1c2e3b88e4903d947f3bb58eedd3?s=96&d=mm&r=g\",\"caption\":\"hegyizs\"},\"url\":\"https:\/\/www.welovecycling.com\/hu\/author\/hegyizs\/\"}]}<\/script>\n<!-- \/ Yoast SEO Premium plugin. -->","yoast_head_json":{"title":"\u00cdgy k\u00e9sz\u00edts men\u0151 bikepacking vide\u00f3kat: Aj\u00e1nlott felszerel\u00e9s - \u0160koda We Love Cycling - Magyarorsz\u00e1g","description":"A sorozat els\u0151 r\u00e9sz\u00e9ben adtam egy kis \u00e1ttekint\u00e9st arr\u00f3l, mi a legjobb felszerel\u00e9s a bikepacking vide\u00f3k elk\u00e9sz\u00edt\u00e9s\u00e9hez. Tudom, hogy ez a technikai besz\u00e9lget\u00e9s kiss\u00e9 zavar\u00f3 lehet, ez\u00e9rt h\u00e1rom, s\u00falyalap\u00fa csomagot k\u00e9sz\u00edtettem, hogy k\u00e9pet kaphassatok arr\u00f3l, pontosan mit viszek magammal att\u00f3l f\u00fcgg\u0151en, hogy milyen vide\u00f3t szeretn\u00e9k k\u00e9sz\u00edteni.","robots":{"index":"index","follow":"follow","max-snippet":"max-snippet:-1","max-image-preview":"max-image-preview:large","max-video-preview":"max-video-preview:-1"},"canonical":"https:\/\/www.welovecycling.com\/hu\/trekking-mtb\/igy-keszits-meno-bikepacking-videokat-ajanlott-felszereles\/","og_locale":"hu_HU","og_type":"article","og_title":"\u00cdgy k\u00e9sz\u00edts men\u0151 bikepacking vide\u00f3kat: Aj\u00e1nlott felszerel\u00e9s","og_description":"A sorozat els\u0151 r\u00e9sz\u00e9ben adtam egy kis \u00e1ttekint\u00e9st arr\u00f3l, mi a legjobb felszerel\u00e9s a bikepacking vide\u00f3k elk\u00e9sz\u00edt\u00e9s\u00e9hez. Tudom, hogy ez a technikai besz\u00e9lget\u00e9s kiss\u00e9 zavar\u00f3 lehet, ez\u00e9rt h\u00e1rom, s\u00falyalap\u00fa csomagot k\u00e9sz\u00edtettem, hogy k\u00e9pet kaphassatok arr\u00f3l, pontosan mit viszek magammal att\u00f3l f\u00fcgg\u0151en, hogy milyen vide\u00f3t szeretn\u00e9k k\u00e9sz\u00edteni.","og_url":"https:\/\/www.welovecycling.com\/hu\/trekking-mtb\/igy-keszits-meno-bikepacking-videokat-ajanlott-felszereles\/","og_site_name":"\u0160koda We Love Cycling - Magyarorsz\u00e1g","article_publisher":"https:\/\/www.facebook.com\/WeLoveCyclingHungary\/","article_published_time":"2021-03-23T07:00:46+00:00","og_image":[{"width":1366,"height":600,"url":"https:\/\/d2p6e6u75xmxt8.cloudfront.net\/12\/2021\/03\/Bikepacking-profimedia-0393818504-CVR.jpg","type":"image\/jpeg"}],"author":"hegyizs","twitter_card":"summary_large_image","twitter_misc":{"Written by":"Filippo Mari","Est. reading time":"6"},"schema":{"@context":"https:\/\/schema.org","@graph":[{"@type":"WebPage","@id":"https:\/\/www.welovecycling.com\/hu\/trekking-mtb\/igy-keszits-meno-bikepacking-videokat-ajanlott-felszereles\/","url":"https:\/\/www.welovecycling.com\/hu\/trekking-mtb\/igy-keszits-meno-bikepacking-videokat-ajanlott-felszereles\/","name":"\u00cdgy k\u00e9sz\u00edts men\u0151 bikepacking vide\u00f3kat: Aj\u00e1nlott felszerel\u00e9s - \u0160koda We Love Cycling - Magyarorsz\u00e1g","isPartOf":{"@id":"https:\/\/www.welovecycling.com\/hu\/#website"},"primaryImageOfPage":{"@id":"https:\/\/www.welovecycling.com\/hu\/trekking-mtb\/igy-keszits-meno-bikepacking-videokat-ajanlott-felszereles\/#primaryimage"},"image":{"@id":"https:\/\/www.welovecycling.com\/hu\/trekking-mtb\/igy-keszits-meno-bikepacking-videokat-ajanlott-felszereles\/#primaryimage"},"thumbnailUrl":"https:\/\/d2p6e6u75xmxt8.cloudfront.net\/12\/2021\/03\/Bikepacking-profimedia-0393818504-CVR.jpg","datePublished":"2021-03-23T07:00:46+00:00","author":{"@id":"https:\/\/www.welovecycling.com\/hu\/#\/schema\/person\/414a2aebf1801691a5320edb6468e194"},"description":"A sorozat els\u0151 r\u00e9sz\u00e9ben adtam egy kis \u00e1ttekint\u00e9st arr\u00f3l, mi a legjobb felszerel\u00e9s a bikepacking vide\u00f3k elk\u00e9sz\u00edt\u00e9s\u00e9hez. Tudom, hogy ez a technikai besz\u00e9lget\u00e9s kiss\u00e9 zavar\u00f3 lehet, ez\u00e9rt h\u00e1rom, s\u00falyalap\u00fa csomagot k\u00e9sz\u00edtettem, hogy k\u00e9pet kaphassatok arr\u00f3l, pontosan mit viszek magammal att\u00f3l f\u00fcgg\u0151en, hogy milyen vide\u00f3t szeretn\u00e9k k\u00e9sz\u00edteni.","breadcrumb":{"@id":"https:\/\/www.welovecycling.com\/hu\/trekking-mtb\/igy-keszits-meno-bikepacking-videokat-ajanlott-felszereles\/#breadcrumb"},"inLanguage":"hu","potentialAction":[{"@type":"ReadAction","target":["https:\/\/www.welovecycling.com\/hu\/trekking-mtb\/igy-keszits-meno-bikepacking-videokat-ajanlott-felszereles\/"]}]},{"@type":"ImageObject","inLanguage":"hu","@id":"https:\/\/www.welovecycling.com\/hu\/trekking-mtb\/igy-keszits-meno-bikepacking-videokat-ajanlott-felszereles\/#primaryimage","url":"https:\/\/d2p6e6u75xmxt8.cloudfront.net\/12\/2021\/03\/Bikepacking-profimedia-0393818504-CVR.jpg","contentUrl":"https:\/\/d2p6e6u75xmxt8.cloudfront.net\/12\/2021\/03\/Bikepacking-profimedia-0393818504-CVR.jpg","width":1366,"height":600},{"@type":"BreadcrumbList","@id":"https:\/\/www.welovecycling.com\/hu\/trekking-mtb\/igy-keszits-meno-bikepacking-videokat-ajanlott-felszereles\/#breadcrumb","itemListElement":[{"@type":"ListItem","position":1,"name":"Home","item":"https:\/\/www.welovecycling.com\/hu\/"},{"@type":"ListItem","position":2,"name":"\u00cdgy k\u00e9sz\u00edts men\u0151 bikepacking vide\u00f3kat: Aj\u00e1nlott felszerel\u00e9s"}]},{"@type":"WebSite","@id":"https:\/\/www.welovecycling.com\/hu\/#website","url":"https:\/\/www.welovecycling.com\/hu\/","name":"\u0160koda We Love Cycling - Magyarorsz\u00e1g","description":"\u0160koda WeLoveCycling","potentialAction":[{"@type":"SearchAction","target":{"@type":"EntryPoint","urlTemplate":"https:\/\/www.welovecycling.com\/hu\/?s={search_term_string}"},"query-input":{"@type":"PropertyValueSpecification","valueRequired":true,"valueName":"search_term_string"}}],"inLanguage":"hu"},{"@type":"Person","@id":"https:\/\/www.welovecycling.com\/hu\/#\/schema\/person\/414a2aebf1801691a5320edb6468e194","name":"hegyizs","image":{"@type":"ImageObject","inLanguage":"hu","@id":"https:\/\/www.welovecycling.com\/hu\/#\/schema\/person\/image\/","url":"https:\/\/secure.gravatar.com\/avatar\/02cf8a7906b8cf90cecb4679defac7cfd33a1c2e3b88e4903d947f3bb58eedd3?s=96&d=mm&r=g","contentUrl":"https:\/\/secure.gravatar.com\/avatar\/02cf8a7906b8cf90cecb4679defac7cfd33a1c2e3b88e4903d947f3bb58eedd3?s=96&d=mm&r=g","caption":"hegyizs"},"url":"https:\/\/www.welovecycling.com\/hu\/author\/hegyizs\/"}]}},"_links":{"self":[{"href":"https:\/\/www.welovecycling.com\/hu\/wp-json\/wp\/v2\/posts\/10455","targetHints":{"allow":["GET"]}}],"collection":[{"href":"https:\/\/www.welovecycling.com\/hu\/wp-json\/wp\/v2\/posts"}],"about":[{"href":"https:\/\/www.welovecycling.com\/hu\/wp-json\/wp\/v2\/types\/post"}],"author":[{"embeddable":true,"href":"https:\/\/www.welovecycling.com\/hu\/wp-json\/wp\/v2\/users\/71"}],"replies":[{"embeddable":true,"href":"https:\/\/www.welovecycling.com\/hu\/wp-json\/wp\/v2\/comments?post=10455"}],"version-history":[{"count":2,"href":"https:\/\/www.welovecycling.com\/hu\/wp-json\/wp\/v2\/posts\/10455\/revisions"}],"predecessor-version":[{"id":10470,"href":"https:\/\/www.welovecycling.com\/hu\/wp-json\/wp\/v2\/posts\/10455\/revisions\/10470"}],"wp:featuredmedia":[{"embeddable":true,"href":"https:\/\/www.welovecycling.com\/hu\/wp-json\/wp\/v2\/media\/10462"}],"wp:attachment":[{"href":"https:\/\/www.welovecycling.com\/hu\/wp-json\/wp\/v2\/media?parent=10455"}],"wp:term":[{"taxonomy":"category","embeddable":true,"href":"https:\/\/www.welovecycling.com\/hu\/wp-json\/wp\/v2\/categories?post=10455"},{"taxonomy":"post_tag","embeddable":true,"href":"https:\/\/www.welovecycling.com\/hu\/wp-json\/wp\/v2\/tags?post=10455"},{"taxonomy":"global-categories","embeddable":true,"href":"https:\/\/www.welovecycling.com\/hu\/wp-json\/wp\/v2\/global-categories?post=10455"}],"curies":[{"name":"wp","href":"https:\/\/api.w.org\/{rel}","templated":true}]}}