{"id":10443,"date":"2021-03-22T08:00:56","date_gmt":"2021-03-22T07:00:56","guid":{"rendered":"https:\/\/www.welovecycling.com\/hu\/?p=10443"},"modified":"2021-03-19T13:38:02","modified_gmt":"2021-03-19T12:38:02","slug":"tipikus-hibak-a-szezon-elejen-ne-hasonlitgass","status":"publish","type":"post","link":"https:\/\/www.welovecycling.com\/hu\/edzes-es-eletmod\/tipikus-hibak-a-szezon-elejen-ne-hasonlitgass\/","title":{"rendered":"Tipikus hib\u00e1k a szezon elej\u00e9n: Ne hasonl\u00edtgass!"},"content":{"rendered":"<p><strong>Azt mondj\u00e1k, a hasonl\u00edtgat\u00e1s az \u00f6r\u00f6m hal\u00e1la. Amennyiben \u00fagy kezdted a szezont, hogy megn\u00e9zted a tavalyi wattokat \u00e9s az \u00e1tlagos sebess\u00e9geket, akkor tudod, ez mit jelent. A r\u00e9gi rekordok megd\u00f6nt\u00e9se j\u00f3 motiv\u00e1ci\u00f3, de a hozz\u00e1\u00e1ll\u00e1s nem mindegy. Vizsg\u00e1ljuk meg, hogyan lehet elker\u00fclni ezeket a szezoneleji biciklis hib\u00e1kat!<\/strong><!--more--><\/p>\n<h2><strong>L\u00e1sd re\u00e1lisan a mostani \u00e1ll\u00f3k\u00e9pess\u00e9gedet!<\/strong><\/h2>\n<figure id=\"attachment_10444\" aria-describedby=\"caption-attachment-10444\" style=\"width: 1024px\" class=\"wp-caption alignnone\"><a href=\"https:\/\/d2p6e6u75xmxt8.cloudfront.net\/2\/2021\/03\/Two-cyclists-profimedia-0594649314.jpg\"><img loading=\"lazy\" decoding=\"async\" class=\"wp-image-10444 size-large\" src=\"https:\/\/d2p6e6u75xmxt8.cloudfront.net\/12\/2021\/03\/Two-cyclists-profimedia-0594649314-1024x768.jpg\" alt=\"Road cycling\" width=\"1024\" height=\"768\" srcset=\"https:\/\/d2p6e6u75xmxt8.cloudfront.net\/12\/2021\/03\/Two-cyclists-profimedia-0594649314-1024x768.jpg 1024w, https:\/\/d2p6e6u75xmxt8.cloudfront.net\/12\/2021\/03\/Two-cyclists-profimedia-0594649314-300x225.jpg 300w, https:\/\/d2p6e6u75xmxt8.cloudfront.net\/12\/2021\/03\/Two-cyclists-profimedia-0594649314-768x576.jpg 768w, https:\/\/d2p6e6u75xmxt8.cloudfront.net\/12\/2021\/03\/Two-cyclists-profimedia-0594649314.jpg 1250w\" sizes=\"auto, (max-width: 1024px) 100vw, 1024px\" \/><\/a><figcaption id=\"caption-attachment-10444\" class=\"wp-caption-text\"><em>L\u00e9gy \u0151szinte magaddal! \u00a9 Profimedia<\/em><\/figcaption><\/figure>\n<p>Biciklisk\u00e9nt sokf\u00e9lek\u00e9ppen m\u00e9rhetj\u00fck magunkat, biztos mindannyiunknak megvan a kedvenc mutat\u00f3ja \u00e9s folyamatosan pr\u00f3b\u00e1lunk jav\u00edtani az eredm\u00e9nyeinken. Sz\u00f3rakoztat\u00f3 lehet nyomon k\u00f6vetni a teljes\u00edtm\u00e9nyt, a pulzussz\u00e1mot, az id\u0151t, a teljes\u00edtm\u00e9ny- s\u00faly ar\u00e1nyt vagy ak\u00e1r a havi kilom\u00e9terek sz\u00e1m\u00e1t. A probl\u00e9ma az, hogy nagyon k\u00f6nny\u0171 a m\u00faltra, az elm\u00falt szezon statisztik\u00e1ira koncentr\u00e1lni. \u00cdgy elk\u00f6vetheted azt a hib\u00e1t, hogy nem a mostani legjobb eredm\u00e9nyeidre helyezed a hangs\u00falyt.<\/p>\n<p><strong>Megold\u00e1s:<\/strong> Valld be magadnak \u0151szint\u00e9n, mennyire vagy edzett az \u00faj ker\u00e9kp\u00e1ros szezon kezdet\u00e9n. Norm\u00e1lis, ha nem vagy pont azon a szinten, ahol az el\u0151z\u0151 szezon v\u00e9g\u00e9n volt\u00e1l. N\u00e9h\u00e1ny s\u00e9r\u00fcl\u00e9s \u00e9s f\u00e1jdalom m\u00e1r elfelejt\u0151d\u00f6tt, s\u0151t, meger\u0151s\u00f6dt\u00e9l t\u0151l\u00fck, de val\u00f3sz\u00edn\u0171leg nem \u00fclt\u00e9l annyit biciklin a t\u00e9li id\u0151szakban. Ez azt jelenti, hogy sz\u00fcks\u00e9ged lesz egy kis id\u0151re ahhoz, hogy visszanyerd az \u00e1ll\u00f3k\u00e9pess\u00e9gedet. Ezt figyelembe v\u00e9ve dolgozz, fokozatosan nagyobb intenzit\u00e1ssal, \u00e9s figyeld a sz\u00e1mok javul\u00e1s\u00e1t minden h\u00e9ten. Ez a megk\u00f6zel\u00edt\u00e9s l\u00e1tv\u00e1nyosabb eredm\u00e9nyeket fog hozni \u00e9s jobban motiv\u00e1l, mintha meg akarn\u00e1l felelni a tavalyi szezon eredm\u00e9nyeinek.<\/p>\n<h2><strong>Ne m\u00e1solj m\u00e1s ker\u00e9kp\u00e1rosokat!<\/strong><\/h2>\n<figure id=\"attachment_10445\" aria-describedby=\"caption-attachment-10445\" style=\"width: 1024px\" class=\"wp-caption alignnone\"><a href=\"https:\/\/d2p6e6u75xmxt8.cloudfront.net\/2\/2021\/03\/Cyclists-pexels-nishant-aneja-2373200.jpg\"><img loading=\"lazy\" decoding=\"async\" class=\"wp-image-10445 size-large\" src=\"https:\/\/d2p6e6u75xmxt8.cloudfront.net\/12\/2021\/03\/Cyclists-pexels-nishant-aneja-2373200-1024x725.jpg\" alt=\"Cyclists\" width=\"1024\" height=\"725\" srcset=\"https:\/\/d2p6e6u75xmxt8.cloudfront.net\/12\/2021\/03\/Cyclists-pexels-nishant-aneja-2373200-1024x725.jpg 1024w, https:\/\/d2p6e6u75xmxt8.cloudfront.net\/12\/2021\/03\/Cyclists-pexels-nishant-aneja-2373200-300x212.jpg 300w, https:\/\/d2p6e6u75xmxt8.cloudfront.net\/12\/2021\/03\/Cyclists-pexels-nishant-aneja-2373200-768x544.jpg 768w, https:\/\/d2p6e6u75xmxt8.cloudfront.net\/12\/2021\/03\/Cyclists-pexels-nishant-aneja-2373200.jpg 1280w\" sizes=\"auto, (max-width: 1024px) 100vw, 1024px\" \/><\/a><figcaption id=\"caption-attachment-10445\" class=\"wp-caption-text\">A bicikliz\u00e9s sz\u00f3rakoztat\u00f3bb csoportban, \u00edgy ha siker\u00fcl r\u00e1venni n\u00e9h\u00e1ny bar\u00e1tot, hogy csatlakozzanak hozz\u00e1d egy j\u00f3 edz\u00e9sterv kidolgoz\u00e1s\u00e1hoz, akkor nagyobb az es\u00e9ly a sikerre \u00e9s m\u00e9g \u00e9lvezetesebb is lesz. \u00a9 Profimedia<\/figcaption><\/figure>\n<p>Nem egy biciklis van, aki arra t\u00f6rekszik, hogy csak \u00f6nmag\u00e1t gy\u0151zze le, m\u00e1sok viszont nem tudnak felhagyni azzal a rossz szok\u00e1ssal, hogy m\u00e1s ker\u00e9kp\u00e1rosok &#8211; edz\u0151partnerek, bar\u00e1tok, biciklis csapattagok vagy helyi riv\u00e1lisok &#8211; statisztik\u00e1ival hasonl\u00edtj\u00e1k \u00f6ssze saj\u00e1tjukat. Valah\u00e1nyszor arr\u00f3l hallasz, mit \u00e9rtek el mostan\u00e1ban m\u00e1sok, azonnal arra gondolsz, hogy neked is ezen az \u00faton kellene m\u00e1r j\u00e1rnod. K\u00f6nny\u0171 \u00f6nmagunkban k\u00e9telkedni \u00e9s \u00e1tugrani az edz\u00e9s n\u00e9h\u00e1ny fontos elem\u00e9t. Minden ker\u00e9kp\u00e1rosnak valami m\u00e1sra kell \u00f6sszpontos\u00edtania edz\u00e9s k\u00f6zben ahhoz, hogy jobb legyen. \u00c9ppen ez\u00e9rt a t\u00f6bbiek figyel\u00e9se a legt\u00f6bb esetben nem seg\u00edt.<\/p>\n<p><strong>Megold\u00e1s:<\/strong> K\u00e9sz\u00edts edz\u00e9stervet! \u00cdgy tudod a legjobb m\u00f3don biztos\u00edtani, hogy ne hagyd abba az edz\u00e9st. Ha m\u00e9g kor\u00e1bban soha nem csin\u00e1lt\u00e1l, pr\u00f3b\u00e1ld ki <a href=\"https:\/\/www.welovecycling.com\/hu\/edzes-es-eletmod\/50-km-es-edzesterv-kezdoknek-elso-het\/\">kezd\u0151 50 km-es edz\u00e9sterv\u00fcnket<\/a>. A sorozat k\u00f6vetkez\u0151 cikke szint\u00e9n seg\u00edt elker\u00fclni a szezoneleji edz\u00e9stervek gyakori hib\u00e1it.<\/p>\n<p>Egy m\u00e1sik dolog, amit tehetsz, hogy ker\u00edtesz egy j\u00f3 edz\u0151t. Az edz\u0151 seg\u00edt abban, hogy l\u00e9p\u00e9st tudj tartani a terveiddel \u00e9s a l\u00e9nyegre koncentr\u00e1lj. Vele \u00e1tbesz\u00e9lheted azokat a men\u0151 \u00faj dolgokat, amikkel a bar\u00e1taid \u00e9s a versenyt\u00e1rsaid pr\u00f3b\u00e1lkoznak, mert egy j\u00f3 edz\u0151 abban is seg\u00edt, hogy r\u00e1\u00e9bredj, kivel \u00e9rdemes \u00f6sszehasonl\u00edtanod magad (\u00e1ltal\u00e1ban senkivel).<\/p>\n","protected":false},"excerpt":{"rendered":"<p>Azt mondj\u00e1k, a hasonl\u00edtgat\u00e1s az \u00f6r\u00f6m hal\u00e1la. Amennyiben \u00fagy kezdted a szezont, hogy megn\u00e9zted a tavalyi wattokat \u00e9s az \u00e1tlagos [&hellip;]<\/p>\n","protected":false},"author":71,"featured_media":10447,"comment_status":"closed","ping_status":"closed","sticky":false,"template":"","format":"standard","meta":{"footnotes":""},"categories":[6],"tags":[],"global-categories":[],"class_list":["post-10443","post","type-post","status-publish","format-standard","has-post-thumbnail","hentry","category-edzes-es-eletmod"],"yoast_head":"<!-- This site is optimized with the Yoast SEO Premium plugin v25.3 (Yoast SEO v25.9) - https:\/\/yoast.com\/wordpress\/plugins\/seo\/ -->\n<title>Tipikus hib\u00e1k a szezon elej\u00e9n: Ne hasonl\u00edtgass!<\/title>\n<meta name=\"description\" content=\"Azt mondj\u00e1k, a hasonl\u00edtgat\u00e1s az \u00f6r\u00f6m hal\u00e1la. Amennyiben \u00fagy kezdted a szezont, hogy megn\u00e9zted a tavalyi wattokat \u00e9s az \u00e1tlagos sebess\u00e9geket, akkor tudod, ez mit jelent.\" \/>\n<meta name=\"robots\" content=\"index, follow, max-snippet:-1, max-image-preview:large, max-video-preview:-1\" \/>\n<link rel=\"canonical\" href=\"https:\/\/www.welovecycling.com\/hu\/edzes-es-eletmod\/tipikus-hibak-a-szezon-elejen-ne-hasonlitgass\/\" \/>\n<meta property=\"og:locale\" content=\"hu_HU\" \/>\n<meta property=\"og:type\" content=\"article\" \/>\n<meta property=\"og:title\" content=\"Tipikus hib\u00e1k a szezon elej\u00e9n: Ne hasonl\u00edtgass!\" \/>\n<meta property=\"og:description\" content=\"Azt mondj\u00e1k, a hasonl\u00edtgat\u00e1s az \u00f6r\u00f6m hal\u00e1la. Amennyiben \u00fagy kezdted a szezont, hogy megn\u00e9zted a tavalyi wattokat \u00e9s az \u00e1tlagos sebess\u00e9geket, akkor tudod, ez mit jelent.\" \/>\n<meta property=\"og:url\" content=\"https:\/\/www.welovecycling.com\/hu\/edzes-es-eletmod\/tipikus-hibak-a-szezon-elejen-ne-hasonlitgass\/\" \/>\n<meta property=\"og:site_name\" content=\"\u0160koda We Love Cycling - Magyarorsz\u00e1g\" \/>\n<meta property=\"article:publisher\" content=\"https:\/\/www.facebook.com\/WeLoveCyclingHungary\/\" \/>\n<meta property=\"article:published_time\" content=\"2021-03-22T07:00:56+00:00\" \/>\n<meta property=\"og:image\" content=\"https:\/\/d2p6e6u75xmxt8.cloudfront.net\/12\/2021\/03\/Cyclists-friends-road-pexels-pavel-danilyuk-5807629-CVR.jpg\" \/>\n\t<meta property=\"og:image:width\" content=\"1366\" \/>\n\t<meta property=\"og:image:height\" content=\"600\" \/>\n\t<meta property=\"og:image:type\" content=\"image\/jpeg\" \/>\n<meta name=\"author\" content=\"hegyizs\" \/>\n<meta name=\"twitter:card\" content=\"summary_large_image\" \/>\n<meta name=\"twitter:label1\" content=\"Written by\" \/>\n\t<meta name=\"twitter:data1\" content=\"Jiri Kaloc\" \/>\n\t<meta name=\"twitter:label2\" content=\"Est. reading time\" \/>\n\t<meta name=\"twitter:data2\" content=\"6\" \/>\n<script type=\"application\/ld+json\" class=\"yoast-schema-graph\">{\"@context\":\"https:\/\/schema.org\",\"@graph\":[{\"@type\":\"WebPage\",\"@id\":\"https:\/\/www.welovecycling.com\/hu\/edzes-es-eletmod\/tipikus-hibak-a-szezon-elejen-ne-hasonlitgass\/\",\"url\":\"https:\/\/www.welovecycling.com\/hu\/edzes-es-eletmod\/tipikus-hibak-a-szezon-elejen-ne-hasonlitgass\/\",\"name\":\"Tipikus hib\u00e1k a szezon elej\u00e9n: Ne hasonl\u00edtgass!\",\"isPartOf\":{\"@id\":\"https:\/\/www.welovecycling.com\/hu\/#website\"},\"primaryImageOfPage\":{\"@id\":\"https:\/\/www.welovecycling.com\/hu\/edzes-es-eletmod\/tipikus-hibak-a-szezon-elejen-ne-hasonlitgass\/#primaryimage\"},\"image\":{\"@id\":\"https:\/\/www.welovecycling.com\/hu\/edzes-es-eletmod\/tipikus-hibak-a-szezon-elejen-ne-hasonlitgass\/#primaryimage\"},\"thumbnailUrl\":\"https:\/\/d2p6e6u75xmxt8.cloudfront.net\/12\/2021\/03\/Cyclists-friends-road-pexels-pavel-danilyuk-5807629-CVR.jpg\",\"datePublished\":\"2021-03-22T07:00:56+00:00\",\"author\":{\"@id\":\"https:\/\/www.welovecycling.com\/hu\/#\/schema\/person\/414a2aebf1801691a5320edb6468e194\"},\"description\":\"Azt mondj\u00e1k, a hasonl\u00edtgat\u00e1s az \u00f6r\u00f6m hal\u00e1la. Amennyiben \u00fagy kezdted a szezont, hogy megn\u00e9zted a tavalyi wattokat \u00e9s az \u00e1tlagos sebess\u00e9geket, akkor tudod, ez mit jelent.\",\"breadcrumb\":{\"@id\":\"https:\/\/www.welovecycling.com\/hu\/edzes-es-eletmod\/tipikus-hibak-a-szezon-elejen-ne-hasonlitgass\/#breadcrumb\"},\"inLanguage\":\"hu\",\"potentialAction\":[{\"@type\":\"ReadAction\",\"target\":[\"https:\/\/www.welovecycling.com\/hu\/edzes-es-eletmod\/tipikus-hibak-a-szezon-elejen-ne-hasonlitgass\/\"]}]},{\"@type\":\"ImageObject\",\"inLanguage\":\"hu\",\"@id\":\"https:\/\/www.welovecycling.com\/hu\/edzes-es-eletmod\/tipikus-hibak-a-szezon-elejen-ne-hasonlitgass\/#primaryimage\",\"url\":\"https:\/\/d2p6e6u75xmxt8.cloudfront.net\/12\/2021\/03\/Cyclists-friends-road-pexels-pavel-danilyuk-5807629-CVR.jpg\",\"contentUrl\":\"https:\/\/d2p6e6u75xmxt8.cloudfront.net\/12\/2021\/03\/Cyclists-friends-road-pexels-pavel-danilyuk-5807629-CVR.jpg\",\"width\":1366,\"height\":600,\"caption\":\"Three cyclists\"},{\"@type\":\"BreadcrumbList\",\"@id\":\"https:\/\/www.welovecycling.com\/hu\/edzes-es-eletmod\/tipikus-hibak-a-szezon-elejen-ne-hasonlitgass\/#breadcrumb\",\"itemListElement\":[{\"@type\":\"ListItem\",\"position\":1,\"name\":\"Home\",\"item\":\"https:\/\/www.welovecycling.com\/hu\/\"},{\"@type\":\"ListItem\",\"position\":2,\"name\":\"Tipikus hib\u00e1k a szezon elej\u00e9n: Ne hasonl\u00edtgass!\"}]},{\"@type\":\"WebSite\",\"@id\":\"https:\/\/www.welovecycling.com\/hu\/#website\",\"url\":\"https:\/\/www.welovecycling.com\/hu\/\",\"name\":\"\u0160koda We Love Cycling - Magyarorsz\u00e1g\",\"description\":\"\u0160koda WeLoveCycling\",\"potentialAction\":[{\"@type\":\"SearchAction\",\"target\":{\"@type\":\"EntryPoint\",\"urlTemplate\":\"https:\/\/www.welovecycling.com\/hu\/?s={search_term_string}\"},\"query-input\":{\"@type\":\"PropertyValueSpecification\",\"valueRequired\":true,\"valueName\":\"search_term_string\"}}],\"inLanguage\":\"hu\"},{\"@type\":\"Person\",\"@id\":\"https:\/\/www.welovecycling.com\/hu\/#\/schema\/person\/414a2aebf1801691a5320edb6468e194\",\"name\":\"hegyizs\",\"image\":{\"@type\":\"ImageObject\",\"inLanguage\":\"hu\",\"@id\":\"https:\/\/www.welovecycling.com\/hu\/#\/schema\/person\/image\/\",\"url\":\"https:\/\/secure.gravatar.com\/avatar\/02cf8a7906b8cf90cecb4679defac7cfd33a1c2e3b88e4903d947f3bb58eedd3?s=96&d=mm&r=g\",\"contentUrl\":\"https:\/\/secure.gravatar.com\/avatar\/02cf8a7906b8cf90cecb4679defac7cfd33a1c2e3b88e4903d947f3bb58eedd3?s=96&d=mm&r=g\",\"caption\":\"hegyizs\"},\"url\":\"https:\/\/www.welovecycling.com\/hu\/author\/hegyizs\/\"}]}<\/script>\n<!-- \/ Yoast SEO Premium plugin. -->","yoast_head_json":{"title":"Tipikus hib\u00e1k a szezon elej\u00e9n: Ne hasonl\u00edtgass!","description":"Azt mondj\u00e1k, a hasonl\u00edtgat\u00e1s az \u00f6r\u00f6m hal\u00e1la. Amennyiben \u00fagy kezdted a szezont, hogy megn\u00e9zted a tavalyi wattokat \u00e9s az \u00e1tlagos sebess\u00e9geket, akkor tudod, ez mit jelent.","robots":{"index":"index","follow":"follow","max-snippet":"max-snippet:-1","max-image-preview":"max-image-preview:large","max-video-preview":"max-video-preview:-1"},"canonical":"https:\/\/www.welovecycling.com\/hu\/edzes-es-eletmod\/tipikus-hibak-a-szezon-elejen-ne-hasonlitgass\/","og_locale":"hu_HU","og_type":"article","og_title":"Tipikus hib\u00e1k a szezon elej\u00e9n: Ne hasonl\u00edtgass!","og_description":"Azt mondj\u00e1k, a hasonl\u00edtgat\u00e1s az \u00f6r\u00f6m hal\u00e1la. Amennyiben \u00fagy kezdted a szezont, hogy megn\u00e9zted a tavalyi wattokat \u00e9s az \u00e1tlagos sebess\u00e9geket, akkor tudod, ez mit jelent.","og_url":"https:\/\/www.welovecycling.com\/hu\/edzes-es-eletmod\/tipikus-hibak-a-szezon-elejen-ne-hasonlitgass\/","og_site_name":"\u0160koda We Love Cycling - Magyarorsz\u00e1g","article_publisher":"https:\/\/www.facebook.com\/WeLoveCyclingHungary\/","article_published_time":"2021-03-22T07:00:56+00:00","og_image":[{"width":1366,"height":600,"url":"https:\/\/d2p6e6u75xmxt8.cloudfront.net\/12\/2021\/03\/Cyclists-friends-road-pexels-pavel-danilyuk-5807629-CVR.jpg","type":"image\/jpeg"}],"author":"hegyizs","twitter_card":"summary_large_image","twitter_misc":{"Written by":"Jiri Kaloc","Est. reading time":"6"},"schema":{"@context":"https:\/\/schema.org","@graph":[{"@type":"WebPage","@id":"https:\/\/www.welovecycling.com\/hu\/edzes-es-eletmod\/tipikus-hibak-a-szezon-elejen-ne-hasonlitgass\/","url":"https:\/\/www.welovecycling.com\/hu\/edzes-es-eletmod\/tipikus-hibak-a-szezon-elejen-ne-hasonlitgass\/","name":"Tipikus hib\u00e1k a szezon elej\u00e9n: Ne hasonl\u00edtgass!","isPartOf":{"@id":"https:\/\/www.welovecycling.com\/hu\/#website"},"primaryImageOfPage":{"@id":"https:\/\/www.welovecycling.com\/hu\/edzes-es-eletmod\/tipikus-hibak-a-szezon-elejen-ne-hasonlitgass\/#primaryimage"},"image":{"@id":"https:\/\/www.welovecycling.com\/hu\/edzes-es-eletmod\/tipikus-hibak-a-szezon-elejen-ne-hasonlitgass\/#primaryimage"},"thumbnailUrl":"https:\/\/d2p6e6u75xmxt8.cloudfront.net\/12\/2021\/03\/Cyclists-friends-road-pexels-pavel-danilyuk-5807629-CVR.jpg","datePublished":"2021-03-22T07:00:56+00:00","author":{"@id":"https:\/\/www.welovecycling.com\/hu\/#\/schema\/person\/414a2aebf1801691a5320edb6468e194"},"description":"Azt mondj\u00e1k, a hasonl\u00edtgat\u00e1s az \u00f6r\u00f6m hal\u00e1la. Amennyiben \u00fagy kezdted a szezont, hogy megn\u00e9zted a tavalyi wattokat \u00e9s az \u00e1tlagos sebess\u00e9geket, akkor tudod, ez mit jelent.","breadcrumb":{"@id":"https:\/\/www.welovecycling.com\/hu\/edzes-es-eletmod\/tipikus-hibak-a-szezon-elejen-ne-hasonlitgass\/#breadcrumb"},"inLanguage":"hu","potentialAction":[{"@type":"ReadAction","target":["https:\/\/www.welovecycling.com\/hu\/edzes-es-eletmod\/tipikus-hibak-a-szezon-elejen-ne-hasonlitgass\/"]}]},{"@type":"ImageObject","inLanguage":"hu","@id":"https:\/\/www.welovecycling.com\/hu\/edzes-es-eletmod\/tipikus-hibak-a-szezon-elejen-ne-hasonlitgass\/#primaryimage","url":"https:\/\/d2p6e6u75xmxt8.cloudfront.net\/12\/2021\/03\/Cyclists-friends-road-pexels-pavel-danilyuk-5807629-CVR.jpg","contentUrl":"https:\/\/d2p6e6u75xmxt8.cloudfront.net\/12\/2021\/03\/Cyclists-friends-road-pexels-pavel-danilyuk-5807629-CVR.jpg","width":1366,"height":600,"caption":"Three cyclists"},{"@type":"BreadcrumbList","@id":"https:\/\/www.welovecycling.com\/hu\/edzes-es-eletmod\/tipikus-hibak-a-szezon-elejen-ne-hasonlitgass\/#breadcrumb","itemListElement":[{"@type":"ListItem","position":1,"name":"Home","item":"https:\/\/www.welovecycling.com\/hu\/"},{"@type":"ListItem","position":2,"name":"Tipikus hib\u00e1k a szezon elej\u00e9n: Ne hasonl\u00edtgass!"}]},{"@type":"WebSite","@id":"https:\/\/www.welovecycling.com\/hu\/#website","url":"https:\/\/www.welovecycling.com\/hu\/","name":"\u0160koda We Love Cycling - Magyarorsz\u00e1g","description":"\u0160koda WeLoveCycling","potentialAction":[{"@type":"SearchAction","target":{"@type":"EntryPoint","urlTemplate":"https:\/\/www.welovecycling.com\/hu\/?s={search_term_string}"},"query-input":{"@type":"PropertyValueSpecification","valueRequired":true,"valueName":"search_term_string"}}],"inLanguage":"hu"},{"@type":"Person","@id":"https:\/\/www.welovecycling.com\/hu\/#\/schema\/person\/414a2aebf1801691a5320edb6468e194","name":"hegyizs","image":{"@type":"ImageObject","inLanguage":"hu","@id":"https:\/\/www.welovecycling.com\/hu\/#\/schema\/person\/image\/","url":"https:\/\/secure.gravatar.com\/avatar\/02cf8a7906b8cf90cecb4679defac7cfd33a1c2e3b88e4903d947f3bb58eedd3?s=96&d=mm&r=g","contentUrl":"https:\/\/secure.gravatar.com\/avatar\/02cf8a7906b8cf90cecb4679defac7cfd33a1c2e3b88e4903d947f3bb58eedd3?s=96&d=mm&r=g","caption":"hegyizs"},"url":"https:\/\/www.welovecycling.com\/hu\/author\/hegyizs\/"}]}},"_links":{"self":[{"href":"https:\/\/www.welovecycling.com\/hu\/wp-json\/wp\/v2\/posts\/10443","targetHints":{"allow":["GET"]}}],"collection":[{"href":"https:\/\/www.welovecycling.com\/hu\/wp-json\/wp\/v2\/posts"}],"about":[{"href":"https:\/\/www.welovecycling.com\/hu\/wp-json\/wp\/v2\/types\/post"}],"author":[{"embeddable":true,"href":"https:\/\/www.welovecycling.com\/hu\/wp-json\/wp\/v2\/users\/71"}],"replies":[{"embeddable":true,"href":"https:\/\/www.welovecycling.com\/hu\/wp-json\/wp\/v2\/comments?post=10443"}],"version-history":[{"count":2,"href":"https:\/\/www.welovecycling.com\/hu\/wp-json\/wp\/v2\/posts\/10443\/revisions"}],"predecessor-version":[{"id":10473,"href":"https:\/\/www.welovecycling.com\/hu\/wp-json\/wp\/v2\/posts\/10443\/revisions\/10473"}],"wp:featuredmedia":[{"embeddable":true,"href":"https:\/\/www.welovecycling.com\/hu\/wp-json\/wp\/v2\/media\/10447"}],"wp:attachment":[{"href":"https:\/\/www.welovecycling.com\/hu\/wp-json\/wp\/v2\/media?parent=10443"}],"wp:term":[{"taxonomy":"category","embeddable":true,"href":"https:\/\/www.welovecycling.com\/hu\/wp-json\/wp\/v2\/categories?post=10443"},{"taxonomy":"post_tag","embeddable":true,"href":"https:\/\/www.welovecycling.com\/hu\/wp-json\/wp\/v2\/tags?post=10443"},{"taxonomy":"global-categories","embeddable":true,"href":"https:\/\/www.welovecycling.com\/hu\/wp-json\/wp\/v2\/global-categories?post=10443"}],"curies":[{"name":"wp","href":"https:\/\/api.w.org\/{rel}","templated":true}]}}