{"id":1044,"date":"2018-06-22T14:49:33","date_gmt":"2018-06-22T14:49:33","guid":{"rendered":"https:\/\/www.welovecycling.com\/hu\/?p=1044"},"modified":"2018-06-22T14:49:33","modified_gmt":"2018-06-22T14:49:33","slug":"felhaborodott-ghana-kerekparos-csapata-azon-hogy-az-ausztralok-csoroknak-neveztek-oket","status":"publish","type":"post","link":"https:\/\/www.welovecycling.com\/hu\/blog\/felhaborodott-ghana-kerekparos-csapata-azon-hogy-az-ausztralok-csoroknak-neveztek-oket\/","title":{"rendered":"Felh\u00e1borodott Gh\u00e1na ker\u00e9kp\u00e1ros csapata azon, hogy az ausztr\u00e1lok \u201ecs\u00f3r\u00f3knak\u201d nevezt\u00e9k \u0151ket"},"content":{"rendered":"<p><strong>Amikor a nyugat-afrikai csapat megjelent Queenslandben a Nemzetk\u00f6z\u00f6ss\u00e9gi J\u00e1t\u00e9kokon (Commonwealth Games), Peter Spencer helyi bring\u00e1s megjegyezte, hogy a felszerel\u00e9s\u00fck n\u00e9mik\u00e9pp k\u00fcl\u00f6nb\u00f6zik m\u00e1s orsz\u00e1gok csapat\u00e9it\u00f3l.\u00a0<\/strong><strong>Ez\u00e9rt, tiszt\u00e1n j\u00f3 sz\u00e1nd\u00e9kb\u00f3l, adom\u00e1nygy\u0171jt\u00e9st szervezett a ker\u00e9kp\u00e1rosok megseg\u00edt\u00e9s\u00e9re. A Gold Coast Bulletin h\u00edrlap \u00edrt is a kezdem\u00e9nyez\u00e9sr\u0151l, de a cikk azt sugallta, hogy Gh\u00e1na csapata \u201ecs\u00f3r\u00f3\u201d \u00e9s \u201egagyi felszerel\u00e9se\u201d van.<\/strong><\/p>\n<h2><!--more--><\/h2>\n<p>Az esetb\u0151l nemzetk\u00f6zi botr\u00e1ny lett. Noha a cikk val\u00f3sz\u00edn\u0171leg csak fel akarta h\u00edvni a figyelmet a kamp\u00e1nyra, amelybe helyi emberek \u00e9s c\u00e9gek t\u00f6bb ezer doll\u00e1ros adom\u00e1nnyal sz\u00e1lltak be, a gh\u00e1nai csapatvezet\u00e9s kikelt mag\u00e1b\u00f3l.<\/p>\n<lite-youtube videoid=Xq2VrIJ7UYY params=\"enablejsapi=1\" style=\"background-image: url('https:\/\/i.ytimg.com\/vi_webp\/Xq2VrIJ7UYY\/maxresdefault.webp');\"><\/lite-youtube>\n<p>&nbsp;<\/p>\n<p>\u201eNem vagyunk cs\u00f3r\u00f3k. Sokat fizet\u00fcnk az\u00e9rt, hogy ebben a hotelben lakhassunk. Fejl\u0151d\u0151 orsz\u00e1g vagyunk, \u00a0nem vagyunk cs\u00f3r\u00f3k. Gh\u00e1na korm\u00e1nya nem b\u00fajt ki a felel\u0151ss\u00e9g al\u00f3l, hogy \u00a0csapata hi\u00e1nytalanul r\u00e9szt tudjon venni a Nemzetk\u00f6z\u00f6ss\u00e9gi J\u00e1t\u00e9kokon\u201d \u2013 mondta Robert Sarfo-Mensah, a Gh\u00e1nai Nemzeti Sporthat\u00f3s\u00e1g vezet\u0151je.<\/p>\n<p>A h\u00edrlap engedett a nyom\u00e1snak, \u00e9s egy k\u00f6vetkez\u0151 cikkben eln\u00e9z\u00e9st k\u00e9rt, hogy nem megfelel\u0151 m\u00f3don tett utal\u00e1sokat a gh\u00e1nai csapat anyagi neh\u00e9zs\u00e9geire. Az adom\u00e1nygy\u0171jt\u00e9s azonban folytat\u00f3dik. A nyugat-afrikai orsz\u00e1g 72 versenyz\u0151je indul a Nemzetk\u00f6z\u00f6ss\u00e9gi J\u00e1t\u00e9kokon s\u00falyemel\u00e9sben, paraker\u00e9kp\u00e1roz\u00e1sban, j\u00e9gkorongban, tollaslabd\u00e1ban, \u00fasz\u00e1sban, \u00f6k\u00f6lv\u00edv\u00e1sban, l\u00f6v\u00e9szetben \u00e9s ker\u00e9kp\u00e1roz\u00e1sban.<\/p>\n","protected":false},"excerpt":{"rendered":"<p>Amikor a nyugat-afrikai csapat megjelent Queenslandben a Nemzetk\u00f6z\u00f6ss\u00e9gi J\u00e1t\u00e9kokon (Commonwealth Games), Peter Spencer helyi bring\u00e1s megjegyezte, hogy a felszerel\u00e9s\u00fck n\u00e9mik\u00e9pp [&hellip;]<\/p>\n","protected":false},"author":71,"featured_media":1046,"comment_status":"open","ping_status":"open","sticky":false,"template":"","format":"standard","meta":{"footnotes":""},"categories":[13],"tags":[85,16,28,27,87,86],"global-categories":[],"class_list":["post-1044","post","type-post","status-publish","format-standard","has-post-thumbnail","hentry","category-blog","tag-ghana","tag-kerekpar","tag-kerekpar-blog","tag-kerekpar-magazin","tag-kerekpar-verseny","tag-nemzetkozossegi-jatekok"],"yoast_head":"<!-- This site is optimized with the Yoast SEO Premium plugin v25.3 (Yoast SEO v25.9) - https:\/\/yoast.com\/wordpress\/plugins\/seo\/ -->\n<title>Felh\u00e1borodott Gh\u00e1na ker\u00e9kp\u00e1ros csapata azon, hogy az ausztr\u00e1lok \u201ecs\u00f3r\u00f3knak\u201d nevezt\u00e9k \u0151ket - \u0160koda We Love Cycling - Magyarorsz\u00e1g<\/title>\n<meta name=\"description\" content=\"A Nemzetk\u00f6z\u00f6ss\u00e9gi J\u00e1t\u00e9kokon Peter Spencer helyi bring\u00e1s \u00e9szrevette, hogy a nyugat-afrikai csapat \u00f6lt\u00f6zete szeg\u00e9nyesebb a t\u00f6bbi orsz\u00e1g\u00e9n\u00e1l, ez\u00e9rt adom\u00e1nygy\u0171jt\u00e9st szervezett a ker\u00e9kp\u00e1rosok megseg\u00edt\u00e9s\u00e9re.\" \/>\n<meta name=\"robots\" content=\"index, follow, max-snippet:-1, max-image-preview:large, max-video-preview:-1\" \/>\n<link rel=\"canonical\" href=\"https:\/\/www.welovecycling.com\/hu\/blog\/felhaborodott-ghana-kerekparos-csapata-azon-hogy-az-ausztralok-csoroknak-neveztek-oket\/\" \/>\n<meta property=\"og:locale\" content=\"hu_HU\" \/>\n<meta property=\"og:type\" content=\"article\" \/>\n<meta property=\"og:title\" content=\"Felh\u00e1borodott Gh\u00e1na ker\u00e9kp\u00e1ros csapata azon, hogy az ausztr\u00e1lok \u201ecs\u00f3r\u00f3knak\u201d nevezt\u00e9k \u0151ket\" \/>\n<meta property=\"og:description\" content=\"A Nemzetk\u00f6z\u00f6ss\u00e9gi J\u00e1t\u00e9kokon Peter Spencer helyi bring\u00e1s \u00e9szrevette, hogy a nyugat-afrikai csapat \u00f6lt\u00f6zete szeg\u00e9nyesebb a t\u00f6bbi orsz\u00e1g\u00e9n\u00e1l, ez\u00e9rt adom\u00e1nygy\u0171jt\u00e9st szervezett a ker\u00e9kp\u00e1rosok megseg\u00edt\u00e9s\u00e9re.\" \/>\n<meta property=\"og:url\" content=\"https:\/\/www.welovecycling.com\/hu\/blog\/felhaborodott-ghana-kerekparos-csapata-azon-hogy-az-ausztralok-csoroknak-neveztek-oket\/\" \/>\n<meta property=\"og:site_name\" content=\"\u0160koda We Love Cycling - Magyarorsz\u00e1g\" \/>\n<meta property=\"article:publisher\" content=\"https:\/\/www.facebook.com\/WeLoveCyclingHungary\/\" \/>\n<meta property=\"article:published_time\" content=\"2018-06-22T14:49:33+00:00\" \/>\n<meta property=\"og:image\" content=\"https:\/\/d2p6e6u75xmxt8.cloudfront.net\/12\/2018\/06\/ghana-cover-01.jpg\" \/>\n\t<meta property=\"og:image:width\" content=\"1366\" \/>\n\t<meta property=\"og:image:height\" content=\"600\" \/>\n\t<meta property=\"og:image:type\" content=\"image\/jpeg\" \/>\n<meta name=\"author\" content=\"hegyizs\" \/>\n<meta name=\"twitter:card\" content=\"summary_large_image\" \/>\n<meta name=\"twitter:label1\" content=\"Written by\" \/>\n\t<meta name=\"twitter:data1\" content=\"hegyizs\" \/>\n\t<meta name=\"twitter:label2\" content=\"Est. reading time\" \/>\n\t<meta name=\"twitter:data2\" content=\"2 minutes\" \/>\n<script type=\"application\/ld+json\" class=\"yoast-schema-graph\">{\"@context\":\"https:\/\/schema.org\",\"@graph\":[{\"@type\":\"WebPage\",\"@id\":\"https:\/\/www.welovecycling.com\/hu\/blog\/felhaborodott-ghana-kerekparos-csapata-azon-hogy-az-ausztralok-csoroknak-neveztek-oket\/\",\"url\":\"https:\/\/www.welovecycling.com\/hu\/blog\/felhaborodott-ghana-kerekparos-csapata-azon-hogy-az-ausztralok-csoroknak-neveztek-oket\/\",\"name\":\"Felh\u00e1borodott Gh\u00e1na ker\u00e9kp\u00e1ros csapata azon, hogy az ausztr\u00e1lok \u201ecs\u00f3r\u00f3knak\u201d nevezt\u00e9k \u0151ket - \u0160koda We Love Cycling - Magyarorsz\u00e1g\",\"isPartOf\":{\"@id\":\"https:\/\/www.welovecycling.com\/hu\/#website\"},\"primaryImageOfPage\":{\"@id\":\"https:\/\/www.welovecycling.com\/hu\/blog\/felhaborodott-ghana-kerekparos-csapata-azon-hogy-az-ausztralok-csoroknak-neveztek-oket\/#primaryimage\"},\"image\":{\"@id\":\"https:\/\/www.welovecycling.com\/hu\/blog\/felhaborodott-ghana-kerekparos-csapata-azon-hogy-az-ausztralok-csoroknak-neveztek-oket\/#primaryimage\"},\"thumbnailUrl\":\"https:\/\/d2p6e6u75xmxt8.cloudfront.net\/12\/2018\/06\/ghana-cover-01.jpg\",\"datePublished\":\"2018-06-22T14:49:33+00:00\",\"author\":{\"@id\":\"https:\/\/www.welovecycling.com\/hu\/#\/schema\/person\/414a2aebf1801691a5320edb6468e194\"},\"description\":\"A Nemzetk\u00f6z\u00f6ss\u00e9gi J\u00e1t\u00e9kokon Peter Spencer helyi bring\u00e1s \u00e9szrevette, hogy a nyugat-afrikai csapat \u00f6lt\u00f6zete szeg\u00e9nyesebb a t\u00f6bbi orsz\u00e1g\u00e9n\u00e1l, ez\u00e9rt adom\u00e1nygy\u0171jt\u00e9st szervezett a ker\u00e9kp\u00e1rosok megseg\u00edt\u00e9s\u00e9re.\",\"breadcrumb\":{\"@id\":\"https:\/\/www.welovecycling.com\/hu\/blog\/felhaborodott-ghana-kerekparos-csapata-azon-hogy-az-ausztralok-csoroknak-neveztek-oket\/#breadcrumb\"},\"inLanguage\":\"hu\",\"potentialAction\":[{\"@type\":\"ReadAction\",\"target\":[\"https:\/\/www.welovecycling.com\/hu\/blog\/felhaborodott-ghana-kerekparos-csapata-azon-hogy-az-ausztralok-csoroknak-neveztek-oket\/\"]}]},{\"@type\":\"ImageObject\",\"inLanguage\":\"hu\",\"@id\":\"https:\/\/www.welovecycling.com\/hu\/blog\/felhaborodott-ghana-kerekparos-csapata-azon-hogy-az-ausztralok-csoroknak-neveztek-oket\/#primaryimage\",\"url\":\"https:\/\/d2p6e6u75xmxt8.cloudfront.net\/12\/2018\/06\/ghana-cover-01.jpg\",\"contentUrl\":\"https:\/\/d2p6e6u75xmxt8.cloudfront.net\/12\/2018\/06\/ghana-cover-01.jpg\",\"width\":1366,\"height\":600,\"caption\":\"ghana-kerekpar\"},{\"@type\":\"BreadcrumbList\",\"@id\":\"https:\/\/www.welovecycling.com\/hu\/blog\/felhaborodott-ghana-kerekparos-csapata-azon-hogy-az-ausztralok-csoroknak-neveztek-oket\/#breadcrumb\",\"itemListElement\":[{\"@type\":\"ListItem\",\"position\":1,\"name\":\"Home\",\"item\":\"https:\/\/www.welovecycling.com\/hu\/\"},{\"@type\":\"ListItem\",\"position\":2,\"name\":\"Felh\u00e1borodott Gh\u00e1na ker\u00e9kp\u00e1ros csapata azon, hogy az ausztr\u00e1lok \u201ecs\u00f3r\u00f3knak\u201d nevezt\u00e9k \u0151ket\"}]},{\"@type\":\"WebSite\",\"@id\":\"https:\/\/www.welovecycling.com\/hu\/#website\",\"url\":\"https:\/\/www.welovecycling.com\/hu\/\",\"name\":\"\u0160koda We Love Cycling - Magyarorsz\u00e1g\",\"description\":\"\u0160koda WeLoveCycling\",\"potentialAction\":[{\"@type\":\"SearchAction\",\"target\":{\"@type\":\"EntryPoint\",\"urlTemplate\":\"https:\/\/www.welovecycling.com\/hu\/?s={search_term_string}\"},\"query-input\":{\"@type\":\"PropertyValueSpecification\",\"valueRequired\":true,\"valueName\":\"search_term_string\"}}],\"inLanguage\":\"hu\"},{\"@type\":\"Person\",\"@id\":\"https:\/\/www.welovecycling.com\/hu\/#\/schema\/person\/414a2aebf1801691a5320edb6468e194\",\"name\":\"hegyizs\",\"image\":{\"@type\":\"ImageObject\",\"inLanguage\":\"hu\",\"@id\":\"https:\/\/www.welovecycling.com\/hu\/#\/schema\/person\/image\/\",\"url\":\"https:\/\/secure.gravatar.com\/avatar\/02cf8a7906b8cf90cecb4679defac7cfd33a1c2e3b88e4903d947f3bb58eedd3?s=96&d=mm&r=g\",\"contentUrl\":\"https:\/\/secure.gravatar.com\/avatar\/02cf8a7906b8cf90cecb4679defac7cfd33a1c2e3b88e4903d947f3bb58eedd3?s=96&d=mm&r=g\",\"caption\":\"hegyizs\"},\"url\":\"https:\/\/www.welovecycling.com\/hu\/author\/hegyizs\/\"}]}<\/script>\n<!-- \/ Yoast SEO Premium plugin. -->","yoast_head_json":{"title":"Felh\u00e1borodott Gh\u00e1na ker\u00e9kp\u00e1ros csapata azon, hogy az ausztr\u00e1lok \u201ecs\u00f3r\u00f3knak\u201d nevezt\u00e9k \u0151ket - \u0160koda We Love Cycling - Magyarorsz\u00e1g","description":"A Nemzetk\u00f6z\u00f6ss\u00e9gi J\u00e1t\u00e9kokon Peter Spencer helyi bring\u00e1s \u00e9szrevette, hogy a nyugat-afrikai csapat \u00f6lt\u00f6zete szeg\u00e9nyesebb a t\u00f6bbi orsz\u00e1g\u00e9n\u00e1l, ez\u00e9rt adom\u00e1nygy\u0171jt\u00e9st szervezett a ker\u00e9kp\u00e1rosok megseg\u00edt\u00e9s\u00e9re.","robots":{"index":"index","follow":"follow","max-snippet":"max-snippet:-1","max-image-preview":"max-image-preview:large","max-video-preview":"max-video-preview:-1"},"canonical":"https:\/\/www.welovecycling.com\/hu\/blog\/felhaborodott-ghana-kerekparos-csapata-azon-hogy-az-ausztralok-csoroknak-neveztek-oket\/","og_locale":"hu_HU","og_type":"article","og_title":"Felh\u00e1borodott Gh\u00e1na ker\u00e9kp\u00e1ros csapata azon, hogy az ausztr\u00e1lok \u201ecs\u00f3r\u00f3knak\u201d nevezt\u00e9k \u0151ket","og_description":"A Nemzetk\u00f6z\u00f6ss\u00e9gi J\u00e1t\u00e9kokon Peter Spencer helyi bring\u00e1s \u00e9szrevette, hogy a nyugat-afrikai csapat \u00f6lt\u00f6zete szeg\u00e9nyesebb a t\u00f6bbi orsz\u00e1g\u00e9n\u00e1l, ez\u00e9rt adom\u00e1nygy\u0171jt\u00e9st szervezett a ker\u00e9kp\u00e1rosok megseg\u00edt\u00e9s\u00e9re.","og_url":"https:\/\/www.welovecycling.com\/hu\/blog\/felhaborodott-ghana-kerekparos-csapata-azon-hogy-az-ausztralok-csoroknak-neveztek-oket\/","og_site_name":"\u0160koda We Love Cycling - Magyarorsz\u00e1g","article_publisher":"https:\/\/www.facebook.com\/WeLoveCyclingHungary\/","article_published_time":"2018-06-22T14:49:33+00:00","og_image":[{"width":1366,"height":600,"url":"https:\/\/d2p6e6u75xmxt8.cloudfront.net\/12\/2018\/06\/ghana-cover-01.jpg","type":"image\/jpeg"}],"author":"hegyizs","twitter_card":"summary_large_image","twitter_misc":{"Written by":"hegyizs","Est. reading time":"2 minutes"},"schema":{"@context":"https:\/\/schema.org","@graph":[{"@type":"WebPage","@id":"https:\/\/www.welovecycling.com\/hu\/blog\/felhaborodott-ghana-kerekparos-csapata-azon-hogy-az-ausztralok-csoroknak-neveztek-oket\/","url":"https:\/\/www.welovecycling.com\/hu\/blog\/felhaborodott-ghana-kerekparos-csapata-azon-hogy-az-ausztralok-csoroknak-neveztek-oket\/","name":"Felh\u00e1borodott Gh\u00e1na ker\u00e9kp\u00e1ros csapata azon, hogy az ausztr\u00e1lok \u201ecs\u00f3r\u00f3knak\u201d nevezt\u00e9k \u0151ket - \u0160koda We Love Cycling - Magyarorsz\u00e1g","isPartOf":{"@id":"https:\/\/www.welovecycling.com\/hu\/#website"},"primaryImageOfPage":{"@id":"https:\/\/www.welovecycling.com\/hu\/blog\/felhaborodott-ghana-kerekparos-csapata-azon-hogy-az-ausztralok-csoroknak-neveztek-oket\/#primaryimage"},"image":{"@id":"https:\/\/www.welovecycling.com\/hu\/blog\/felhaborodott-ghana-kerekparos-csapata-azon-hogy-az-ausztralok-csoroknak-neveztek-oket\/#primaryimage"},"thumbnailUrl":"https:\/\/d2p6e6u75xmxt8.cloudfront.net\/12\/2018\/06\/ghana-cover-01.jpg","datePublished":"2018-06-22T14:49:33+00:00","author":{"@id":"https:\/\/www.welovecycling.com\/hu\/#\/schema\/person\/414a2aebf1801691a5320edb6468e194"},"description":"A Nemzetk\u00f6z\u00f6ss\u00e9gi J\u00e1t\u00e9kokon Peter Spencer helyi bring\u00e1s \u00e9szrevette, hogy a nyugat-afrikai csapat \u00f6lt\u00f6zete szeg\u00e9nyesebb a t\u00f6bbi orsz\u00e1g\u00e9n\u00e1l, ez\u00e9rt adom\u00e1nygy\u0171jt\u00e9st szervezett a ker\u00e9kp\u00e1rosok megseg\u00edt\u00e9s\u00e9re.","breadcrumb":{"@id":"https:\/\/www.welovecycling.com\/hu\/blog\/felhaborodott-ghana-kerekparos-csapata-azon-hogy-az-ausztralok-csoroknak-neveztek-oket\/#breadcrumb"},"inLanguage":"hu","potentialAction":[{"@type":"ReadAction","target":["https:\/\/www.welovecycling.com\/hu\/blog\/felhaborodott-ghana-kerekparos-csapata-azon-hogy-az-ausztralok-csoroknak-neveztek-oket\/"]}]},{"@type":"ImageObject","inLanguage":"hu","@id":"https:\/\/www.welovecycling.com\/hu\/blog\/felhaborodott-ghana-kerekparos-csapata-azon-hogy-az-ausztralok-csoroknak-neveztek-oket\/#primaryimage","url":"https:\/\/d2p6e6u75xmxt8.cloudfront.net\/12\/2018\/06\/ghana-cover-01.jpg","contentUrl":"https:\/\/d2p6e6u75xmxt8.cloudfront.net\/12\/2018\/06\/ghana-cover-01.jpg","width":1366,"height":600,"caption":"ghana-kerekpar"},{"@type":"BreadcrumbList","@id":"https:\/\/www.welovecycling.com\/hu\/blog\/felhaborodott-ghana-kerekparos-csapata-azon-hogy-az-ausztralok-csoroknak-neveztek-oket\/#breadcrumb","itemListElement":[{"@type":"ListItem","position":1,"name":"Home","item":"https:\/\/www.welovecycling.com\/hu\/"},{"@type":"ListItem","position":2,"name":"Felh\u00e1borodott Gh\u00e1na ker\u00e9kp\u00e1ros csapata azon, hogy az ausztr\u00e1lok \u201ecs\u00f3r\u00f3knak\u201d nevezt\u00e9k \u0151ket"}]},{"@type":"WebSite","@id":"https:\/\/www.welovecycling.com\/hu\/#website","url":"https:\/\/www.welovecycling.com\/hu\/","name":"\u0160koda We Love Cycling - Magyarorsz\u00e1g","description":"\u0160koda WeLoveCycling","potentialAction":[{"@type":"SearchAction","target":{"@type":"EntryPoint","urlTemplate":"https:\/\/www.welovecycling.com\/hu\/?s={search_term_string}"},"query-input":{"@type":"PropertyValueSpecification","valueRequired":true,"valueName":"search_term_string"}}],"inLanguage":"hu"},{"@type":"Person","@id":"https:\/\/www.welovecycling.com\/hu\/#\/schema\/person\/414a2aebf1801691a5320edb6468e194","name":"hegyizs","image":{"@type":"ImageObject","inLanguage":"hu","@id":"https:\/\/www.welovecycling.com\/hu\/#\/schema\/person\/image\/","url":"https:\/\/secure.gravatar.com\/avatar\/02cf8a7906b8cf90cecb4679defac7cfd33a1c2e3b88e4903d947f3bb58eedd3?s=96&d=mm&r=g","contentUrl":"https:\/\/secure.gravatar.com\/avatar\/02cf8a7906b8cf90cecb4679defac7cfd33a1c2e3b88e4903d947f3bb58eedd3?s=96&d=mm&r=g","caption":"hegyizs"},"url":"https:\/\/www.welovecycling.com\/hu\/author\/hegyizs\/"}]}},"_links":{"self":[{"href":"https:\/\/www.welovecycling.com\/hu\/wp-json\/wp\/v2\/posts\/1044","targetHints":{"allow":["GET"]}}],"collection":[{"href":"https:\/\/www.welovecycling.com\/hu\/wp-json\/wp\/v2\/posts"}],"about":[{"href":"https:\/\/www.welovecycling.com\/hu\/wp-json\/wp\/v2\/types\/post"}],"author":[{"embeddable":true,"href":"https:\/\/www.welovecycling.com\/hu\/wp-json\/wp\/v2\/users\/71"}],"replies":[{"embeddable":true,"href":"https:\/\/www.welovecycling.com\/hu\/wp-json\/wp\/v2\/comments?post=1044"}],"version-history":[{"count":2,"href":"https:\/\/www.welovecycling.com\/hu\/wp-json\/wp\/v2\/posts\/1044\/revisions"}],"predecessor-version":[{"id":1077,"href":"https:\/\/www.welovecycling.com\/hu\/wp-json\/wp\/v2\/posts\/1044\/revisions\/1077"}],"wp:featuredmedia":[{"embeddable":true,"href":"https:\/\/www.welovecycling.com\/hu\/wp-json\/wp\/v2\/media\/1046"}],"wp:attachment":[{"href":"https:\/\/www.welovecycling.com\/hu\/wp-json\/wp\/v2\/media?parent=1044"}],"wp:term":[{"taxonomy":"category","embeddable":true,"href":"https:\/\/www.welovecycling.com\/hu\/wp-json\/wp\/v2\/categories?post=1044"},{"taxonomy":"post_tag","embeddable":true,"href":"https:\/\/www.welovecycling.com\/hu\/wp-json\/wp\/v2\/tags?post=1044"},{"taxonomy":"global-categories","embeddable":true,"href":"https:\/\/www.welovecycling.com\/hu\/wp-json\/wp\/v2\/global-categories?post=1044"}],"curies":[{"name":"wp","href":"https:\/\/api.w.org\/{rel}","templated":true}]}}