{"id":10438,"date":"2021-03-26T08:00:52","date_gmt":"2021-03-26T07:00:52","guid":{"rendered":"https:\/\/www.welovecycling.com\/hu\/?p=10438"},"modified":"2021-03-19T13:40:23","modified_gmt":"2021-03-19T12:40:23","slug":"az-etiop-biciklis-bajnok-aki-nem-mehet-haza","status":"publish","type":"post","link":"https:\/\/www.welovecycling.com\/hu\/kozosseg-es-kultura\/az-etiop-biciklis-bajnok-aki-nem-mehet-haza\/","title":{"rendered":"Az eti\u00f3p biciklis bajnok, aki nem mehet haza"},"content":{"rendered":"<p><strong>A hivat\u00e1sos ker\u00e9kp\u00e1rosoknak az elm\u00falt \u00e9vben sz\u00e1mos akad\u00e1lyt kellett lek\u00fczdeni\u00fck a koronav\u00edrus miatt, amik megzavart\u00e1k a versenyek menetrendj\u00e9t \u00e9s az edz\u00e9seket is. De Eti\u00f3pia orsz\u00e1gos bajnok\u00e1nak, Negasi Haylu Abreh\u00e1nak m\u00e9g a j\u00e1rv\u00e1nyn\u00e1l is f\u00e9lelmetesebb dologgal kell szemben\u00e9znie: a polg\u00e1rh\u00e1bor\u00faval.<\/strong><\/p>\n<p><!--more--><\/p>\n<p>A 20 \u00e9ves Abreha m\u00e1sodik \u00e9ve tagja a Qhubeka csapat profi csapat\u00e1nak, az NTT Continental-nak. A csapat \u00e1ltal kiadott k\u00f6zlem\u00e9ny szerint Abreha november 4-\u00e9n R\u00f3m\u00e1ban tart\u00f3zkodott, miut\u00e1n befejez\u0151d\u00f6tt a 2020-as ker\u00e9kp\u00e1ros szezon, \u00e9s arra v\u00e1rt, hogy visszarep\u00fclj\u00f6n az eti\u00f3p f\u0151v\u00e1rosba, Addisz-Abeb\u00e1ba. Sajnos ugyanazon a napon megindult a harc az orsz\u00e1g fegyveres er\u0151i \u00e9s a Tigray N\u00e9pi Felszabad\u00edt\u00f3 Front k\u00f6z\u00f6tt.<\/p>\n<p>Szerencs\u00e9re a csapat menedzsere, Kevin Campbell felvette a kapcsolatot Abreh\u00e1val, miel\u0151tt felsz\u00e1llt volna a rep\u00fcl\u0151re, \u00e9s meggy\u0151zte, hogy maradjon Olaszorsz\u00e1gban. A csapat egy m\u00e1sik munkat\u00e1rsa el tudta \u00e9rni, hogy a rep\u00fcl\u0151t\u00e9r tisztvisel\u0151i kirakj\u00e1k Abreha csomagjait a g\u00e9pr\u0151l &#8211; ennyire k\u00f6zel ker\u00fclt a h\u00e1bor\u00fahoz.<\/p>\n<div class=\"embed-controller-wrapper\">\n<blockquote class=\"twitter-tweet\" data-width=\"500\" data-dnt=\"true\">\n<p lang=\"zxx\" dir=\"ltr\"><a href=\"https:\/\/t.co\/jElKqgwscH\">pic.twitter.com\/jElKqgwscH<\/a><\/p>\n<p>&mdash; Negasi Haylu Abreha (@NegasiHaylu4) <a href=\"https:\/\/twitter.com\/NegasiHaylu4\/status\/1359251564154810369?ref_src=twsrc%5Etfw\">February 9, 2021<\/a><\/p><\/blockquote>\n<p><script async data-src=\"https:\/\/platform.twitter.com\/widgets.js\" charset=\"utf-8\"><\/script><\/div>\n<p>A hazat\u00e9r\u00e9s Abreha sz\u00e1m\u00e1ra katasztrof\u00e1lis lett volna, hiszen Mek\u2019ele-b\u0151l sz\u00e1rmazik, Tigray r\u00e9gi\u00f3 f\u0151v\u00e1ros\u00e1b\u00f3l, ahol jelenleg d\u00falnak a harcok. A Tigray r\u00e9gi\u00f3ba ind\u00edtott \u00f6sszes j\u00e1ratot t\u00f6r\u00f6lt\u00e9k, \u00edgy Addisz-Abeb\u00e1ban ragadt volna, ahol val\u00f3sz\u00edn\u0171leg vesz\u00e9lybe ker\u00fcl.<\/p>\n<p>Abreha egyed\u00fcl t\u00e9rt vissza a csapat luccai h\u00e1z\u00e1ba, \u00e9s v\u00e9g\u00fcl a csapat munkat\u00e1rsa, Damian Murphy mell\u00e9 k\u00f6lt\u00f6z\u00f6tt abba a v\u00e1rosba, ahol ahova csapatt\u00e1rsai visszat\u00e9rnek majd a ker\u00e9kp\u00e1ros szezon kezdet\u00e9n.<\/p>\n<p>Addig Abreha csak annyit tehet, hogy agg\u00f3dik a csal\u00e1dja biztons\u00e1g\u00e1\u00e9rt.<\/p>\n<p><em>&#8220;Nagyon neh\u00e9z tartani a kapcsolatot a csal\u00e1dommal, mert Tigrayben minden h\u00e1l\u00f3zatot lekapcsoltak&#8221;<\/em> \u2013 mes\u00e9lte a csapat nyilatkozat\u00e1ban. \u2013 <em>\u201eVas\u00e1rnaponk\u00e9nt n\u00e9ha siker\u00fcl felh\u00edvnom \u00e9desany\u00e1mat. Nagyon-nagyon r\u00f6vid ideig tartanak ezek a h\u00edv\u00e1sok.\u201d<\/em><\/p>\n<p>&nbsp;<\/p>\n<div class=\"embed-controller-wrapper\">\n<blockquote class=\"twitter-tweet\" data-width=\"500\" data-dnt=\"true\">\n<p lang=\"zxx\" dir=\"ltr\"><a href=\"https:\/\/t.co\/EeL9L1Ok0s\">pic.twitter.com\/EeL9L1Ok0s<\/a><\/p>\n<p>&mdash; Negasi Haylu Abreha (@NegasiHaylu4) <a href=\"https:\/\/twitter.com\/NegasiHaylu4\/status\/1371599135636389889?ref_src=twsrc%5Etfw\">March 15, 2021<\/a><\/p><\/blockquote>\n<p><script async data-src=\"https:\/\/platform.twitter.com\/widgets.js\" charset=\"utf-8\"><\/script><\/div>\n<p>Abreha elmondta, hogy nagyon f\u00e9lti csal\u00e1dj\u00e1t \u00e9s bar\u00e1tait. <em>\u201eCsup\u00e1n olyan k\u00e9peket l\u00e1tok, amiket a k\u00f6z\u00f6ss\u00e9gi m\u00e9di\u00e1n tal\u00e1lok vagy az emberek k\u00fcldenek. Felismerem a sz\u00fcl\u0151f\u00f6ldem a fot\u00f3kr\u00f3l \u00e9s l\u00e1tom, hogy jelenleg hal\u00e1l, pusztul\u00e1s \u00e9s szeg\u00e9nys\u00e9g uralkodik ott.\u201d<\/em><\/p>\n<p>K\u00f6r\u00fclbel\u00fcl h\u00e1rommilli\u00f3 ember \u00e9l Tigray r\u00e9gi\u00f3ban \u00e9s mindannyian seg\u00edts\u00e9gre szorulnak, mik\u00f6zben az er\u0151szak folytat\u00f3dik.<\/p>\n<p><em>&#8220;A tigrayi emberek elvesztett\u00e9k a betakar\u00edt\u00e1si id\u00e9nyt&#8221;<\/em> &#8211; mondta Dominik Stillhart, az V\u00f6r\u00f6skereszt Nemzetk\u00f6zi Bizotts\u00e1g\u00e1nak m\u0171veleti igazgat\u00f3ja, hozz\u00e1t\u00e9ve, hogy <em>&#8220;komoly probl\u00e9m\u00e1k vannak az orvosi ell\u00e1t\u00e1shoz val\u00f3 hozz\u00e1f\u00e9r\u00e9ssel kapcsolatban is&#8221;<\/em>. A jelent\u00e9sek szerint t\u00f6bb ezer embert \u00f6ltek meg \u00e9s k\u00f6r\u00fclbel\u00fcl k\u00e9tmilli\u00f3t k\u00e9nyszer\u00edtettek lak\u00f3hely\u00fck elhagy\u00e1s\u00e1ra.<\/p>\n<p>&nbsp;<\/p>\n<div class=\"embed-controller-wrapper\">\n<blockquote class=\"twitter-tweet\" data-width=\"500\" data-dnt=\"true\">\n<p lang=\"zxx\" dir=\"ltr\"><a href=\"https:\/\/t.co\/5z9bY25nWz\">https:\/\/t.co\/5z9bY25nWz<\/a><\/p>\n<p>&mdash; Negasi Haylu Abreha (@NegasiHaylu4) <a href=\"https:\/\/twitter.com\/NegasiHaylu4\/status\/1367760036999610369?ref_src=twsrc%5Etfw\">March 5, 2021<\/a><\/p><\/blockquote>\n<p><script async data-src=\"https:\/\/platform.twitter.com\/widgets.js\" charset=\"utf-8\"><\/script><\/div>\n<p><em>\u201eNincs \u00e9tel \u00e9s v\u00edz\u201d<\/em> &#8211; mondta Abreha. <em>\u201eNincsenek nyitva az \u00fczletek \u00e9s v\u00e1llalkoz\u00e1sok. A sz\u00fcleim nem tehetnek semmit. A b\u00e1ty\u00e1m id\u0151sebb n\u00e1lam, fodr\u00e1sz, de most nem tud dolgozni. H\u00e1rom fiatalabb n\u0151v\u00e9rem van, iskol\u00e1ba kellene j\u00e1rniuk, de az \u00f6sszes bez\u00e1rt. Egy bar\u00e1tom seg\u00edts\u00e9g\u00e9vel tavaly k\u00fcldhettem nekik p\u00e9nzt. De egyel\u0151re nem tehetnek semmit. Csak t\u00fal\u00e9lnek.\u201d<\/em><\/p>\n<p>Negasi Haylu Abreha pedig \u00e9ppen csak megmenek\u00fclt.<\/p>\n<p>Hacsak a harcok nem \u00e9rnek v\u00e9get \u00e9s a b\u00e9ke nem \u00e1ll vissza Tigrayben, az \u00edg\u00e9retes fiatal orsz\u00e1g\u00fati versenyz\u0151 hajl\u00e9ktalank\u00e9nt kezdi a versenyszezont, \u00e9s olyan neh\u00e9z terhet kell cipelnie, ami m\u00e9g Eddy Merckx-et is megakad\u00e1lyozhatn\u00e1 abban, hogy biciklire \u00fclj\u00f6n.<\/p>\n","protected":false},"excerpt":{"rendered":"<p>A hivat\u00e1sos ker\u00e9kp\u00e1rosoknak az elm\u00falt \u00e9vben sz\u00e1mos akad\u00e1lyt kellett lek\u00fczdeni\u00fck a koronav\u00edrus miatt, amik megzavart\u00e1k a versenyek menetrendj\u00e9t \u00e9s az [&hellip;]<\/p>\n","protected":false},"author":71,"featured_media":10442,"comment_status":"closed","ping_status":"closed","sticky":false,"template":"","format":"standard","meta":{"footnotes":""},"categories":[12],"tags":[],"global-categories":[],"class_list":["post-10438","post","type-post","status-publish","format-standard","has-post-thumbnail","hentry","category-kozosseg-es-kultura"],"yoast_head":"<!-- This site is optimized with the Yoast SEO Premium plugin v25.3 (Yoast SEO v25.9) - https:\/\/yoast.com\/wordpress\/plugins\/seo\/ -->\n<title>Az eti\u00f3p biciklis bajnok, aki nem mehet haza<\/title>\n<meta name=\"description\" content=\"A hivat\u00e1sos ker\u00e9kp\u00e1rosoknak az elm\u00falt \u00e9vben sz\u00e1mos akad\u00e1lyt kellett lek\u00fczdeni\u00fck a koronav\u00edrus miatt, amik megzavart\u00e1k a versenyek menetrendj\u00e9t \u00e9s az edz\u00e9seket is.\" \/>\n<meta name=\"robots\" content=\"index, follow, max-snippet:-1, max-image-preview:large, max-video-preview:-1\" \/>\n<link rel=\"canonical\" href=\"https:\/\/www.welovecycling.com\/hu\/kozosseg-es-kultura\/az-etiop-biciklis-bajnok-aki-nem-mehet-haza\/\" \/>\n<meta property=\"og:locale\" content=\"hu_HU\" \/>\n<meta property=\"og:type\" content=\"article\" \/>\n<meta property=\"og:title\" content=\"Az eti\u00f3p biciklis bajnok, aki nem mehet haza\" \/>\n<meta property=\"og:description\" content=\"A hivat\u00e1sos ker\u00e9kp\u00e1rosoknak az elm\u00falt \u00e9vben sz\u00e1mos akad\u00e1lyt kellett lek\u00fczdeni\u00fck a koronav\u00edrus miatt, amik megzavart\u00e1k a versenyek menetrendj\u00e9t \u00e9s az edz\u00e9seket is.\" \/>\n<meta property=\"og:url\" content=\"https:\/\/www.welovecycling.com\/hu\/kozosseg-es-kultura\/az-etiop-biciklis-bajnok-aki-nem-mehet-haza\/\" \/>\n<meta property=\"og:site_name\" content=\"\u0160koda We Love Cycling - Magyarorsz\u00e1g\" \/>\n<meta property=\"article:publisher\" content=\"https:\/\/www.facebook.com\/WeLoveCyclingHungary\/\" \/>\n<meta property=\"article:published_time\" content=\"2021-03-26T07:00:52+00:00\" \/>\n<meta property=\"og:image\" content=\"https:\/\/d2p6e6u75xmxt8.cloudfront.net\/12\/2021\/03\/Abreha-CVR.jpg\" \/>\n\t<meta property=\"og:image:width\" content=\"1366\" \/>\n\t<meta property=\"og:image:height\" content=\"600\" \/>\n\t<meta property=\"og:image:type\" content=\"image\/jpeg\" \/>\n<meta name=\"author\" content=\"hegyizs\" \/>\n<meta name=\"twitter:card\" content=\"summary_large_image\" \/>\n<meta name=\"twitter:label1\" content=\"Written by\" \/>\n\t<meta name=\"twitter:data1\" content=\"Siegfried Mortkowitz\" \/>\n\t<meta name=\"twitter:label2\" content=\"Est. reading time\" \/>\n\t<meta name=\"twitter:data2\" content=\"6\" \/>\n<script type=\"application\/ld+json\" class=\"yoast-schema-graph\">{\"@context\":\"https:\/\/schema.org\",\"@graph\":[{\"@type\":\"WebPage\",\"@id\":\"https:\/\/www.welovecycling.com\/hu\/kozosseg-es-kultura\/az-etiop-biciklis-bajnok-aki-nem-mehet-haza\/\",\"url\":\"https:\/\/www.welovecycling.com\/hu\/kozosseg-es-kultura\/az-etiop-biciklis-bajnok-aki-nem-mehet-haza\/\",\"name\":\"Az eti\u00f3p biciklis bajnok, aki nem mehet haza\",\"isPartOf\":{\"@id\":\"https:\/\/www.welovecycling.com\/hu\/#website\"},\"primaryImageOfPage\":{\"@id\":\"https:\/\/www.welovecycling.com\/hu\/kozosseg-es-kultura\/az-etiop-biciklis-bajnok-aki-nem-mehet-haza\/#primaryimage\"},\"image\":{\"@id\":\"https:\/\/www.welovecycling.com\/hu\/kozosseg-es-kultura\/az-etiop-biciklis-bajnok-aki-nem-mehet-haza\/#primaryimage\"},\"thumbnailUrl\":\"https:\/\/d2p6e6u75xmxt8.cloudfront.net\/12\/2021\/03\/Abreha-CVR.jpg\",\"datePublished\":\"2021-03-26T07:00:52+00:00\",\"author\":{\"@id\":\"https:\/\/www.welovecycling.com\/hu\/#\/schema\/person\/414a2aebf1801691a5320edb6468e194\"},\"description\":\"A hivat\u00e1sos ker\u00e9kp\u00e1rosoknak az elm\u00falt \u00e9vben sz\u00e1mos akad\u00e1lyt kellett lek\u00fczdeni\u00fck a koronav\u00edrus miatt, amik megzavart\u00e1k a versenyek menetrendj\u00e9t \u00e9s az edz\u00e9seket is.\",\"breadcrumb\":{\"@id\":\"https:\/\/www.welovecycling.com\/hu\/kozosseg-es-kultura\/az-etiop-biciklis-bajnok-aki-nem-mehet-haza\/#breadcrumb\"},\"inLanguage\":\"hu\",\"potentialAction\":[{\"@type\":\"ReadAction\",\"target\":[\"https:\/\/www.welovecycling.com\/hu\/kozosseg-es-kultura\/az-etiop-biciklis-bajnok-aki-nem-mehet-haza\/\"]}]},{\"@type\":\"ImageObject\",\"inLanguage\":\"hu\",\"@id\":\"https:\/\/www.welovecycling.com\/hu\/kozosseg-es-kultura\/az-etiop-biciklis-bajnok-aki-nem-mehet-haza\/#primaryimage\",\"url\":\"https:\/\/d2p6e6u75xmxt8.cloudfront.net\/12\/2021\/03\/Abreha-CVR.jpg\",\"contentUrl\":\"https:\/\/d2p6e6u75xmxt8.cloudfront.net\/12\/2021\/03\/Abreha-CVR.jpg\",\"width\":1366,\"height\":600,\"caption\":\"Negasi Haylu Abreha\"},{\"@type\":\"BreadcrumbList\",\"@id\":\"https:\/\/www.welovecycling.com\/hu\/kozosseg-es-kultura\/az-etiop-biciklis-bajnok-aki-nem-mehet-haza\/#breadcrumb\",\"itemListElement\":[{\"@type\":\"ListItem\",\"position\":1,\"name\":\"Home\",\"item\":\"https:\/\/www.welovecycling.com\/hu\/\"},{\"@type\":\"ListItem\",\"position\":2,\"name\":\"Az eti\u00f3p biciklis bajnok, aki nem mehet haza\"}]},{\"@type\":\"WebSite\",\"@id\":\"https:\/\/www.welovecycling.com\/hu\/#website\",\"url\":\"https:\/\/www.welovecycling.com\/hu\/\",\"name\":\"\u0160koda We Love Cycling - Magyarorsz\u00e1g\",\"description\":\"\u0160koda WeLoveCycling\",\"potentialAction\":[{\"@type\":\"SearchAction\",\"target\":{\"@type\":\"EntryPoint\",\"urlTemplate\":\"https:\/\/www.welovecycling.com\/hu\/?s={search_term_string}\"},\"query-input\":{\"@type\":\"PropertyValueSpecification\",\"valueRequired\":true,\"valueName\":\"search_term_string\"}}],\"inLanguage\":\"hu\"},{\"@type\":\"Person\",\"@id\":\"https:\/\/www.welovecycling.com\/hu\/#\/schema\/person\/414a2aebf1801691a5320edb6468e194\",\"name\":\"hegyizs\",\"image\":{\"@type\":\"ImageObject\",\"inLanguage\":\"hu\",\"@id\":\"https:\/\/www.welovecycling.com\/hu\/#\/schema\/person\/image\/\",\"url\":\"https:\/\/secure.gravatar.com\/avatar\/02cf8a7906b8cf90cecb4679defac7cfd33a1c2e3b88e4903d947f3bb58eedd3?s=96&d=mm&r=g\",\"contentUrl\":\"https:\/\/secure.gravatar.com\/avatar\/02cf8a7906b8cf90cecb4679defac7cfd33a1c2e3b88e4903d947f3bb58eedd3?s=96&d=mm&r=g\",\"caption\":\"hegyizs\"},\"url\":\"https:\/\/www.welovecycling.com\/hu\/author\/hegyizs\/\"}]}<\/script>\n<!-- \/ Yoast SEO Premium plugin. -->","yoast_head_json":{"title":"Az eti\u00f3p biciklis bajnok, aki nem mehet haza","description":"A hivat\u00e1sos ker\u00e9kp\u00e1rosoknak az elm\u00falt \u00e9vben sz\u00e1mos akad\u00e1lyt kellett lek\u00fczdeni\u00fck a koronav\u00edrus miatt, amik megzavart\u00e1k a versenyek menetrendj\u00e9t \u00e9s az edz\u00e9seket is.","robots":{"index":"index","follow":"follow","max-snippet":"max-snippet:-1","max-image-preview":"max-image-preview:large","max-video-preview":"max-video-preview:-1"},"canonical":"https:\/\/www.welovecycling.com\/hu\/kozosseg-es-kultura\/az-etiop-biciklis-bajnok-aki-nem-mehet-haza\/","og_locale":"hu_HU","og_type":"article","og_title":"Az eti\u00f3p biciklis bajnok, aki nem mehet haza","og_description":"A hivat\u00e1sos ker\u00e9kp\u00e1rosoknak az elm\u00falt \u00e9vben sz\u00e1mos akad\u00e1lyt kellett lek\u00fczdeni\u00fck a koronav\u00edrus miatt, amik megzavart\u00e1k a versenyek menetrendj\u00e9t \u00e9s az edz\u00e9seket is.","og_url":"https:\/\/www.welovecycling.com\/hu\/kozosseg-es-kultura\/az-etiop-biciklis-bajnok-aki-nem-mehet-haza\/","og_site_name":"\u0160koda We Love Cycling - Magyarorsz\u00e1g","article_publisher":"https:\/\/www.facebook.com\/WeLoveCyclingHungary\/","article_published_time":"2021-03-26T07:00:52+00:00","og_image":[{"width":1366,"height":600,"url":"https:\/\/d2p6e6u75xmxt8.cloudfront.net\/12\/2021\/03\/Abreha-CVR.jpg","type":"image\/jpeg"}],"author":"hegyizs","twitter_card":"summary_large_image","twitter_misc":{"Written by":"Siegfried Mortkowitz","Est. reading time":"6"},"schema":{"@context":"https:\/\/schema.org","@graph":[{"@type":"WebPage","@id":"https:\/\/www.welovecycling.com\/hu\/kozosseg-es-kultura\/az-etiop-biciklis-bajnok-aki-nem-mehet-haza\/","url":"https:\/\/www.welovecycling.com\/hu\/kozosseg-es-kultura\/az-etiop-biciklis-bajnok-aki-nem-mehet-haza\/","name":"Az eti\u00f3p biciklis bajnok, aki nem mehet haza","isPartOf":{"@id":"https:\/\/www.welovecycling.com\/hu\/#website"},"primaryImageOfPage":{"@id":"https:\/\/www.welovecycling.com\/hu\/kozosseg-es-kultura\/az-etiop-biciklis-bajnok-aki-nem-mehet-haza\/#primaryimage"},"image":{"@id":"https:\/\/www.welovecycling.com\/hu\/kozosseg-es-kultura\/az-etiop-biciklis-bajnok-aki-nem-mehet-haza\/#primaryimage"},"thumbnailUrl":"https:\/\/d2p6e6u75xmxt8.cloudfront.net\/12\/2021\/03\/Abreha-CVR.jpg","datePublished":"2021-03-26T07:00:52+00:00","author":{"@id":"https:\/\/www.welovecycling.com\/hu\/#\/schema\/person\/414a2aebf1801691a5320edb6468e194"},"description":"A hivat\u00e1sos ker\u00e9kp\u00e1rosoknak az elm\u00falt \u00e9vben sz\u00e1mos akad\u00e1lyt kellett lek\u00fczdeni\u00fck a koronav\u00edrus miatt, amik megzavart\u00e1k a versenyek menetrendj\u00e9t \u00e9s az edz\u00e9seket is.","breadcrumb":{"@id":"https:\/\/www.welovecycling.com\/hu\/kozosseg-es-kultura\/az-etiop-biciklis-bajnok-aki-nem-mehet-haza\/#breadcrumb"},"inLanguage":"hu","potentialAction":[{"@type":"ReadAction","target":["https:\/\/www.welovecycling.com\/hu\/kozosseg-es-kultura\/az-etiop-biciklis-bajnok-aki-nem-mehet-haza\/"]}]},{"@type":"ImageObject","inLanguage":"hu","@id":"https:\/\/www.welovecycling.com\/hu\/kozosseg-es-kultura\/az-etiop-biciklis-bajnok-aki-nem-mehet-haza\/#primaryimage","url":"https:\/\/d2p6e6u75xmxt8.cloudfront.net\/12\/2021\/03\/Abreha-CVR.jpg","contentUrl":"https:\/\/d2p6e6u75xmxt8.cloudfront.net\/12\/2021\/03\/Abreha-CVR.jpg","width":1366,"height":600,"caption":"Negasi Haylu Abreha"},{"@type":"BreadcrumbList","@id":"https:\/\/www.welovecycling.com\/hu\/kozosseg-es-kultura\/az-etiop-biciklis-bajnok-aki-nem-mehet-haza\/#breadcrumb","itemListElement":[{"@type":"ListItem","position":1,"name":"Home","item":"https:\/\/www.welovecycling.com\/hu\/"},{"@type":"ListItem","position":2,"name":"Az eti\u00f3p biciklis bajnok, aki nem mehet haza"}]},{"@type":"WebSite","@id":"https:\/\/www.welovecycling.com\/hu\/#website","url":"https:\/\/www.welovecycling.com\/hu\/","name":"\u0160koda We Love Cycling - Magyarorsz\u00e1g","description":"\u0160koda WeLoveCycling","potentialAction":[{"@type":"SearchAction","target":{"@type":"EntryPoint","urlTemplate":"https:\/\/www.welovecycling.com\/hu\/?s={search_term_string}"},"query-input":{"@type":"PropertyValueSpecification","valueRequired":true,"valueName":"search_term_string"}}],"inLanguage":"hu"},{"@type":"Person","@id":"https:\/\/www.welovecycling.com\/hu\/#\/schema\/person\/414a2aebf1801691a5320edb6468e194","name":"hegyizs","image":{"@type":"ImageObject","inLanguage":"hu","@id":"https:\/\/www.welovecycling.com\/hu\/#\/schema\/person\/image\/","url":"https:\/\/secure.gravatar.com\/avatar\/02cf8a7906b8cf90cecb4679defac7cfd33a1c2e3b88e4903d947f3bb58eedd3?s=96&d=mm&r=g","contentUrl":"https:\/\/secure.gravatar.com\/avatar\/02cf8a7906b8cf90cecb4679defac7cfd33a1c2e3b88e4903d947f3bb58eedd3?s=96&d=mm&r=g","caption":"hegyizs"},"url":"https:\/\/www.welovecycling.com\/hu\/author\/hegyizs\/"}]}},"_links":{"self":[{"href":"https:\/\/www.welovecycling.com\/hu\/wp-json\/wp\/v2\/posts\/10438","targetHints":{"allow":["GET"]}}],"collection":[{"href":"https:\/\/www.welovecycling.com\/hu\/wp-json\/wp\/v2\/posts"}],"about":[{"href":"https:\/\/www.welovecycling.com\/hu\/wp-json\/wp\/v2\/types\/post"}],"author":[{"embeddable":true,"href":"https:\/\/www.welovecycling.com\/hu\/wp-json\/wp\/v2\/users\/71"}],"replies":[{"embeddable":true,"href":"https:\/\/www.welovecycling.com\/hu\/wp-json\/wp\/v2\/comments?post=10438"}],"version-history":[{"count":1,"href":"https:\/\/www.welovecycling.com\/hu\/wp-json\/wp\/v2\/posts\/10438\/revisions"}],"predecessor-version":[{"id":10474,"href":"https:\/\/www.welovecycling.com\/hu\/wp-json\/wp\/v2\/posts\/10438\/revisions\/10474"}],"wp:featuredmedia":[{"embeddable":true,"href":"https:\/\/www.welovecycling.com\/hu\/wp-json\/wp\/v2\/media\/10442"}],"wp:attachment":[{"href":"https:\/\/www.welovecycling.com\/hu\/wp-json\/wp\/v2\/media?parent=10438"}],"wp:term":[{"taxonomy":"category","embeddable":true,"href":"https:\/\/www.welovecycling.com\/hu\/wp-json\/wp\/v2\/categories?post=10438"},{"taxonomy":"post_tag","embeddable":true,"href":"https:\/\/www.welovecycling.com\/hu\/wp-json\/wp\/v2\/tags?post=10438"},{"taxonomy":"global-categories","embeddable":true,"href":"https:\/\/www.welovecycling.com\/hu\/wp-json\/wp\/v2\/global-categories?post=10438"}],"curies":[{"name":"wp","href":"https:\/\/api.w.org\/{rel}","templated":true}]}}