{"id":10424,"date":"2021-03-17T08:00:14","date_gmt":"2021-03-17T07:00:14","guid":{"rendered":"https:\/\/www.welovecycling.com\/hu\/?p=10424"},"modified":"2022-02-03T13:03:07","modified_gmt":"2022-02-03T11:03:07","slug":"a-honap-utvonala-kerekko-csattantyuhegy","status":"publish","type":"post","link":"https:\/\/www.welovecycling.com\/hu\/honap-utvonala\/a-honap-utvonala-kerekko-csattantyuhegy\/","title":{"rendered":"A h\u00f3nap \u00fatvonala \u2013 Kerek-k\u0151, Csattanty\u00fa-hegy"},"content":{"rendered":"<p><strong>Mi is eshetne jobban az els\u0151 tavaszi naps\u00fct\u00e9sben, mint feltekerni egy kellemes emelked\u0151n, a Zempl\u00e9ni-hegys\u00e9g csod\u00e1latos t\u00e1jain \u00e1t? Farkas Attila egy olyan \u00fatvonalat hozott nek\u00fcnk, ami m\u00e9lt\u00e1n nyitja meg a hossz\u00fa teker\u00e9sek szezonj\u00e1t.<\/strong><!--more--><\/p>\n<p>Attila m\u00e1r 20 \u00e9ve r\u00f3ja a bicikliutakat, montizik, cyclocrossozik \u00e9s orsz\u00e1g\u00faton is teker, s\u0151t versenyzik is. Rengeteg hegyet \u00e9s v\u00f6lgyet bej\u00e1rt m\u00e1r, a legizgalmasabbakat pedig dr\u00f3nj\u00e1val is dokument\u00e1lta.<\/p>\n<p>\u00cdgy \u00f6r\u00f6k\u00edtette meg a Zempl\u00e9ni-hegys\u00e9g leny\u0171g\u00f6z\u0151 erdejeit, mad\u00e1rt\u00e1vlatb\u00f3l, amikor a Csattanyt\u00fa-hegyet vette c\u00e9lba bar\u00e1tai t\u00e1rsas\u00e1g\u00e1ban, hogy bemutassa nektek a t\u00far\u00e1t, ami ki\u00e9rdemelte a m\u00e1rciusi H\u00f3nap \u00fatvonala c\u00edmet.<\/p>\n<p>Ha szeretn\u00e9tek a saj\u00e1t szemetekkel l\u00e1tni a t\u00e1jat \u00e9s saj\u00e1t b\u0151r\u00f6t\u00f6k\u00f6n \u00e9rezni a menetszelet \u2013 el\u0151sorban lefel\u00e9 \u2013 <a href=\"https:\/\/www.strava.com\/activities\/4086729430\">itt tal\u00e1lj\u00e1tok<\/a> meg a pontos \u00fatvonalat.<\/p>\n<p><img loading=\"lazy\" decoding=\"async\" class=\"aligncenter size-full wp-image-10425\" src=\"https:\/\/d2p6e6u75xmxt8.cloudfront.net\/12\/2021\/03\/wlc_210311.jpg\" alt=\"\" width=\"468\" height=\"314\" srcset=\"https:\/\/d2p6e6u75xmxt8.cloudfront.net\/12\/2021\/03\/wlc_210311.jpg 468w, https:\/\/d2p6e6u75xmxt8.cloudfront.net\/12\/2021\/03\/wlc_210311-300x201.jpg 300w, https:\/\/d2p6e6u75xmxt8.cloudfront.net\/12\/2021\/03\/wlc_210311-272x182.jpg 272w\" sizes=\"auto, (max-width: 468px) 100vw, 468px\" \/><\/p>\n<p>Az 55 km-es t\u00fara Hercegk\u00fatr\u00f3l indul, Makkoshotyka \u00e9s a Gerend\u00e1s r\u00e9t ut\u00e1n \u00e9rdemes meg\u00e1llni Kerek-k\u0151 kil\u00e1t\u00f3hely\u00e9n, majd j\u00f6het \u00d6rd\u00f6gv\u00f6lgy, K\u0151kapu \u00e9s v\u00e9g\u00fcl Csattanty\u00fa-hegy. Attil\u00e1\u00e9k 3 \u00f3ra alatt tett\u00e9k meg a teljes utat, de \u0151k 80-120 km-es t\u00far\u00e1khoz vannak szokva, 2-3000 m\u00e9teres szintemelked\u00e9ssel, sz\u00f3val lehet, hogy a kev\u00e9sb\u00e9 edzetteknek tov\u00e1bb tart majd. Ett\u0151l f\u00fcggetlen\u00fcl Attila szerint az \u00fatvonal k\u00f6zepesen neh\u00e9z: enyhe emelked\u0151 vezet fel a Csattanty\u00fa-hegyre, csak az utols\u00f3 p\u00e1r sz\u00e1z m\u00e9ter neh\u00e9z a k\u00f6ves \u00fat miatt. De itt meg m\u00e1r motiv\u00e1lni fog a felejthetetlennek \u00edg\u00e9rkez\u0151 kil\u00e1t\u00e1s.<\/p>\n<p><em>Ha te is szeretn\u00e9d megosztani kedvenc \u00fatvonalaidat bring\u00e1s k\u00f6z\u00f6ss\u00e9g\u00fcnkkel, k\u00e9sz\u00edts r\u00faluk fot\u00f3kat, \u00e9s k\u00fcldj el nek\u00fcnk egy besz\u00e1mol\u00f3t a <a href=\"mailto:welovecycling@skoda.hu\"><u>welovecycling@skoda.hu<\/u><\/a> e-mail c\u00edmre! Ha pedig tov\u00e1bbi inspir\u00e1ci\u00f3t keresel k\u00f6vetkez\u0151 t\u00far\u00e1dhoz, n\u00e9zd meg <a href=\"https:\/\/www.welovecycling.com\/hu\/honap-utvonala\/rovid-szegmens-kemeny-maszas-bur-zsolt-utvonala\/\">B\u00far Zsolt \u00fatvonal\u00e1t<\/a>!<\/em><\/p>\n","protected":false},"excerpt":{"rendered":"<p>Mi is eshetne jobban az els\u0151 tavaszi naps\u00fct\u00e9sben, mint feltekerni egy kellemes emelked\u0151n, a Zempl\u00e9ni-hegys\u00e9g csod\u00e1latos t\u00e1jain \u00e1t? Farkas Attila [&hellip;]<\/p>\n","protected":false},"author":71,"featured_media":10423,"comment_status":"closed","ping_status":"closed","sticky":false,"template":"","format":"video","meta":{"footnotes":""},"categories":[461],"tags":[],"global-categories":[],"class_list":["post-10424","post","type-post","status-publish","format-video","has-post-thumbnail","hentry","category-honap-utvonala","post_format-post-format-video"],"yoast_head":"<!-- This site is optimized with the Yoast SEO Premium plugin v25.3 (Yoast SEO v25.9) - https:\/\/yoast.com\/wordpress\/plugins\/seo\/ -->\n<title>A h\u00f3nap \u00fatvonala \u2013 Kerek-k\u0151, Csattanty\u00fa-hegy<\/title>\n<meta name=\"description\" content=\"Mi is eshetne jobban az els\u0151 tavaszi naps\u00fct\u00e9sben, mint feltekerni egy kellemes emelked\u0151n, a Zempl\u00e9ni-hegys\u00e9g csod\u00e1latos t\u00e1jain \u00e1t? Farkas Attila egy olyan \u00fatvonalat hozott nek\u00fcnk, ami m\u00e9lt\u00e1n nyitja meg a hossz\u00fa teker\u00e9sek szezonj\u00e1t.\" \/>\n<meta name=\"robots\" content=\"index, follow, max-snippet:-1, max-image-preview:large, max-video-preview:-1\" \/>\n<link rel=\"canonical\" href=\"https:\/\/www.welovecycling.com\/hu\/honap-utvonala\/a-honap-utvonala-kerekko-csattantyuhegy\/\" \/>\n<meta property=\"og:locale\" content=\"hu_HU\" \/>\n<meta property=\"og:type\" content=\"article\" \/>\n<meta property=\"og:title\" content=\"A h\u00f3nap \u00fatvonala \u2013 Kerek-k\u0151, Csattanty\u00fa-hegy\" \/>\n<meta property=\"og:description\" content=\"Mi is eshetne jobban az els\u0151 tavaszi naps\u00fct\u00e9sben, mint feltekerni egy kellemes emelked\u0151n, a Zempl\u00e9ni-hegys\u00e9g csod\u00e1latos t\u00e1jain \u00e1t? Farkas Attila egy olyan \u00fatvonalat hozott nek\u00fcnk, ami m\u00e9lt\u00e1n nyitja meg a hossz\u00fa teker\u00e9sek szezonj\u00e1t.\" \/>\n<meta property=\"og:url\" content=\"https:\/\/www.welovecycling.com\/hu\/honap-utvonala\/a-honap-utvonala-kerekko-csattantyuhegy\/\" \/>\n<meta property=\"og:site_name\" content=\"\u0160koda We Love Cycling - Magyarorsz\u00e1g\" \/>\n<meta property=\"article:publisher\" content=\"https:\/\/www.facebook.com\/WeLoveCyclingHungary\/\" \/>\n<meta property=\"article:published_time\" content=\"2021-03-17T07:00:14+00:00\" \/>\n<meta property=\"article:modified_time\" content=\"2022-02-03T11:03:07+00:00\" \/>\n<meta property=\"og:image\" content=\"https:\/\/d2p6e6u75xmxt8.cloudfront.net\/12\/2021\/03\/honap_utconala_cikk_cover-min3.jpg\" \/>\n\t<meta property=\"og:image:width\" content=\"1380\" \/>\n\t<meta property=\"og:image:height\" content=\"600\" \/>\n\t<meta property=\"og:image:type\" content=\"image\/jpeg\" \/>\n<meta name=\"author\" content=\"hegyizs\" \/>\n<meta name=\"twitter:card\" content=\"summary_large_image\" \/>\n<meta name=\"twitter:label1\" content=\"Written by\" \/>\n\t<meta name=\"twitter:data1\" content=\"WLC\" \/>\n\t<meta name=\"twitter:label2\" content=\"Est. reading time\" \/>\n\t<meta name=\"twitter:data2\" content=\"2 minutes\" \/>\n<script type=\"application\/ld+json\" class=\"yoast-schema-graph\">{\"@context\":\"https:\/\/schema.org\",\"@graph\":[{\"@type\":\"WebPage\",\"@id\":\"https:\/\/www.welovecycling.com\/hu\/honap-utvonala\/a-honap-utvonala-kerekko-csattantyuhegy\/\",\"url\":\"https:\/\/www.welovecycling.com\/hu\/honap-utvonala\/a-honap-utvonala-kerekko-csattantyuhegy\/\",\"name\":\"A h\u00f3nap \u00fatvonala \u2013 Kerek-k\u0151, Csattanty\u00fa-hegy\",\"isPartOf\":{\"@id\":\"https:\/\/www.welovecycling.com\/hu\/#website\"},\"primaryImageOfPage\":{\"@id\":\"https:\/\/www.welovecycling.com\/hu\/honap-utvonala\/a-honap-utvonala-kerekko-csattantyuhegy\/#primaryimage\"},\"image\":{\"@id\":\"https:\/\/www.welovecycling.com\/hu\/honap-utvonala\/a-honap-utvonala-kerekko-csattantyuhegy\/#primaryimage\"},\"thumbnailUrl\":\"https:\/\/d2p6e6u75xmxt8.cloudfront.net\/12\/2021\/03\/honap_utconala_cikk_cover-min3.jpg\",\"datePublished\":\"2021-03-17T07:00:14+00:00\",\"dateModified\":\"2022-02-03T11:03:07+00:00\",\"author\":{\"@id\":\"https:\/\/www.welovecycling.com\/hu\/#\/schema\/person\/414a2aebf1801691a5320edb6468e194\"},\"description\":\"Mi is eshetne jobban az els\u0151 tavaszi naps\u00fct\u00e9sben, mint feltekerni egy kellemes emelked\u0151n, a Zempl\u00e9ni-hegys\u00e9g csod\u00e1latos t\u00e1jain \u00e1t? Farkas Attila egy olyan \u00fatvonalat hozott nek\u00fcnk, ami m\u00e9lt\u00e1n nyitja meg a hossz\u00fa teker\u00e9sek szezonj\u00e1t.\",\"breadcrumb\":{\"@id\":\"https:\/\/www.welovecycling.com\/hu\/honap-utvonala\/a-honap-utvonala-kerekko-csattantyuhegy\/#breadcrumb\"},\"inLanguage\":\"hu\",\"potentialAction\":[{\"@type\":\"ReadAction\",\"target\":[\"https:\/\/www.welovecycling.com\/hu\/honap-utvonala\/a-honap-utvonala-kerekko-csattantyuhegy\/\"]}]},{\"@type\":\"ImageObject\",\"inLanguage\":\"hu\",\"@id\":\"https:\/\/www.welovecycling.com\/hu\/honap-utvonala\/a-honap-utvonala-kerekko-csattantyuhegy\/#primaryimage\",\"url\":\"https:\/\/d2p6e6u75xmxt8.cloudfront.net\/12\/2021\/03\/honap_utconala_cikk_cover-min3.jpg\",\"contentUrl\":\"https:\/\/d2p6e6u75xmxt8.cloudfront.net\/12\/2021\/03\/honap_utconala_cikk_cover-min3.jpg\",\"width\":1380,\"height\":600},{\"@type\":\"BreadcrumbList\",\"@id\":\"https:\/\/www.welovecycling.com\/hu\/honap-utvonala\/a-honap-utvonala-kerekko-csattantyuhegy\/#breadcrumb\",\"itemListElement\":[{\"@type\":\"ListItem\",\"position\":1,\"name\":\"Home\",\"item\":\"https:\/\/www.welovecycling.com\/hu\/\"},{\"@type\":\"ListItem\",\"position\":2,\"name\":\"A h\u00f3nap \u00fatvonala \u2013 Kerek-k\u0151, Csattanty\u00fa-hegy\"}]},{\"@type\":\"WebSite\",\"@id\":\"https:\/\/www.welovecycling.com\/hu\/#website\",\"url\":\"https:\/\/www.welovecycling.com\/hu\/\",\"name\":\"\u0160koda We Love Cycling - Magyarorsz\u00e1g\",\"description\":\"\u0160koda WeLoveCycling\",\"potentialAction\":[{\"@type\":\"SearchAction\",\"target\":{\"@type\":\"EntryPoint\",\"urlTemplate\":\"https:\/\/www.welovecycling.com\/hu\/?s={search_term_string}\"},\"query-input\":{\"@type\":\"PropertyValueSpecification\",\"valueRequired\":true,\"valueName\":\"search_term_string\"}}],\"inLanguage\":\"hu\"},{\"@type\":\"Person\",\"@id\":\"https:\/\/www.welovecycling.com\/hu\/#\/schema\/person\/414a2aebf1801691a5320edb6468e194\",\"name\":\"hegyizs\",\"image\":{\"@type\":\"ImageObject\",\"inLanguage\":\"hu\",\"@id\":\"https:\/\/www.welovecycling.com\/hu\/#\/schema\/person\/image\/\",\"url\":\"https:\/\/secure.gravatar.com\/avatar\/02cf8a7906b8cf90cecb4679defac7cfd33a1c2e3b88e4903d947f3bb58eedd3?s=96&d=mm&r=g\",\"contentUrl\":\"https:\/\/secure.gravatar.com\/avatar\/02cf8a7906b8cf90cecb4679defac7cfd33a1c2e3b88e4903d947f3bb58eedd3?s=96&d=mm&r=g\",\"caption\":\"hegyizs\"},\"url\":\"https:\/\/www.welovecycling.com\/hu\/author\/hegyizs\/\"}]}<\/script>\n<!-- \/ Yoast SEO Premium plugin. -->","yoast_head_json":{"title":"A h\u00f3nap \u00fatvonala \u2013 Kerek-k\u0151, Csattanty\u00fa-hegy","description":"Mi is eshetne jobban az els\u0151 tavaszi naps\u00fct\u00e9sben, mint feltekerni egy kellemes emelked\u0151n, a Zempl\u00e9ni-hegys\u00e9g csod\u00e1latos t\u00e1jain \u00e1t? Farkas Attila egy olyan \u00fatvonalat hozott nek\u00fcnk, ami m\u00e9lt\u00e1n nyitja meg a hossz\u00fa teker\u00e9sek szezonj\u00e1t.","robots":{"index":"index","follow":"follow","max-snippet":"max-snippet:-1","max-image-preview":"max-image-preview:large","max-video-preview":"max-video-preview:-1"},"canonical":"https:\/\/www.welovecycling.com\/hu\/honap-utvonala\/a-honap-utvonala-kerekko-csattantyuhegy\/","og_locale":"hu_HU","og_type":"article","og_title":"A h\u00f3nap \u00fatvonala \u2013 Kerek-k\u0151, Csattanty\u00fa-hegy","og_description":"Mi is eshetne jobban az els\u0151 tavaszi naps\u00fct\u00e9sben, mint feltekerni egy kellemes emelked\u0151n, a Zempl\u00e9ni-hegys\u00e9g csod\u00e1latos t\u00e1jain \u00e1t? Farkas Attila egy olyan \u00fatvonalat hozott nek\u00fcnk, ami m\u00e9lt\u00e1n nyitja meg a hossz\u00fa teker\u00e9sek szezonj\u00e1t.","og_url":"https:\/\/www.welovecycling.com\/hu\/honap-utvonala\/a-honap-utvonala-kerekko-csattantyuhegy\/","og_site_name":"\u0160koda We Love Cycling - Magyarorsz\u00e1g","article_publisher":"https:\/\/www.facebook.com\/WeLoveCyclingHungary\/","article_published_time":"2021-03-17T07:00:14+00:00","article_modified_time":"2022-02-03T11:03:07+00:00","og_image":[{"width":1380,"height":600,"url":"https:\/\/d2p6e6u75xmxt8.cloudfront.net\/12\/2021\/03\/honap_utconala_cikk_cover-min3.jpg","type":"image\/jpeg"}],"author":"hegyizs","twitter_card":"summary_large_image","twitter_misc":{"Written by":"WLC","Est. reading time":"2 minutes"},"schema":{"@context":"https:\/\/schema.org","@graph":[{"@type":"WebPage","@id":"https:\/\/www.welovecycling.com\/hu\/honap-utvonala\/a-honap-utvonala-kerekko-csattantyuhegy\/","url":"https:\/\/www.welovecycling.com\/hu\/honap-utvonala\/a-honap-utvonala-kerekko-csattantyuhegy\/","name":"A h\u00f3nap \u00fatvonala \u2013 Kerek-k\u0151, Csattanty\u00fa-hegy","isPartOf":{"@id":"https:\/\/www.welovecycling.com\/hu\/#website"},"primaryImageOfPage":{"@id":"https:\/\/www.welovecycling.com\/hu\/honap-utvonala\/a-honap-utvonala-kerekko-csattantyuhegy\/#primaryimage"},"image":{"@id":"https:\/\/www.welovecycling.com\/hu\/honap-utvonala\/a-honap-utvonala-kerekko-csattantyuhegy\/#primaryimage"},"thumbnailUrl":"https:\/\/d2p6e6u75xmxt8.cloudfront.net\/12\/2021\/03\/honap_utconala_cikk_cover-min3.jpg","datePublished":"2021-03-17T07:00:14+00:00","dateModified":"2022-02-03T11:03:07+00:00","author":{"@id":"https:\/\/www.welovecycling.com\/hu\/#\/schema\/person\/414a2aebf1801691a5320edb6468e194"},"description":"Mi is eshetne jobban az els\u0151 tavaszi naps\u00fct\u00e9sben, mint feltekerni egy kellemes emelked\u0151n, a Zempl\u00e9ni-hegys\u00e9g csod\u00e1latos t\u00e1jain \u00e1t? Farkas Attila egy olyan \u00fatvonalat hozott nek\u00fcnk, ami m\u00e9lt\u00e1n nyitja meg a hossz\u00fa teker\u00e9sek szezonj\u00e1t.","breadcrumb":{"@id":"https:\/\/www.welovecycling.com\/hu\/honap-utvonala\/a-honap-utvonala-kerekko-csattantyuhegy\/#breadcrumb"},"inLanguage":"hu","potentialAction":[{"@type":"ReadAction","target":["https:\/\/www.welovecycling.com\/hu\/honap-utvonala\/a-honap-utvonala-kerekko-csattantyuhegy\/"]}]},{"@type":"ImageObject","inLanguage":"hu","@id":"https:\/\/www.welovecycling.com\/hu\/honap-utvonala\/a-honap-utvonala-kerekko-csattantyuhegy\/#primaryimage","url":"https:\/\/d2p6e6u75xmxt8.cloudfront.net\/12\/2021\/03\/honap_utconala_cikk_cover-min3.jpg","contentUrl":"https:\/\/d2p6e6u75xmxt8.cloudfront.net\/12\/2021\/03\/honap_utconala_cikk_cover-min3.jpg","width":1380,"height":600},{"@type":"BreadcrumbList","@id":"https:\/\/www.welovecycling.com\/hu\/honap-utvonala\/a-honap-utvonala-kerekko-csattantyuhegy\/#breadcrumb","itemListElement":[{"@type":"ListItem","position":1,"name":"Home","item":"https:\/\/www.welovecycling.com\/hu\/"},{"@type":"ListItem","position":2,"name":"A h\u00f3nap \u00fatvonala \u2013 Kerek-k\u0151, Csattanty\u00fa-hegy"}]},{"@type":"WebSite","@id":"https:\/\/www.welovecycling.com\/hu\/#website","url":"https:\/\/www.welovecycling.com\/hu\/","name":"\u0160koda We Love Cycling - Magyarorsz\u00e1g","description":"\u0160koda WeLoveCycling","potentialAction":[{"@type":"SearchAction","target":{"@type":"EntryPoint","urlTemplate":"https:\/\/www.welovecycling.com\/hu\/?s={search_term_string}"},"query-input":{"@type":"PropertyValueSpecification","valueRequired":true,"valueName":"search_term_string"}}],"inLanguage":"hu"},{"@type":"Person","@id":"https:\/\/www.welovecycling.com\/hu\/#\/schema\/person\/414a2aebf1801691a5320edb6468e194","name":"hegyizs","image":{"@type":"ImageObject","inLanguage":"hu","@id":"https:\/\/www.welovecycling.com\/hu\/#\/schema\/person\/image\/","url":"https:\/\/secure.gravatar.com\/avatar\/02cf8a7906b8cf90cecb4679defac7cfd33a1c2e3b88e4903d947f3bb58eedd3?s=96&d=mm&r=g","contentUrl":"https:\/\/secure.gravatar.com\/avatar\/02cf8a7906b8cf90cecb4679defac7cfd33a1c2e3b88e4903d947f3bb58eedd3?s=96&d=mm&r=g","caption":"hegyizs"},"url":"https:\/\/www.welovecycling.com\/hu\/author\/hegyizs\/"}]}},"_links":{"self":[{"href":"https:\/\/www.welovecycling.com\/hu\/wp-json\/wp\/v2\/posts\/10424","targetHints":{"allow":["GET"]}}],"collection":[{"href":"https:\/\/www.welovecycling.com\/hu\/wp-json\/wp\/v2\/posts"}],"about":[{"href":"https:\/\/www.welovecycling.com\/hu\/wp-json\/wp\/v2\/types\/post"}],"author":[{"embeddable":true,"href":"https:\/\/www.welovecycling.com\/hu\/wp-json\/wp\/v2\/users\/71"}],"replies":[{"embeddable":true,"href":"https:\/\/www.welovecycling.com\/hu\/wp-json\/wp\/v2\/comments?post=10424"}],"version-history":[{"count":2,"href":"https:\/\/www.welovecycling.com\/hu\/wp-json\/wp\/v2\/posts\/10424\/revisions"}],"predecessor-version":[{"id":13533,"href":"https:\/\/www.welovecycling.com\/hu\/wp-json\/wp\/v2\/posts\/10424\/revisions\/13533"}],"wp:featuredmedia":[{"embeddable":true,"href":"https:\/\/www.welovecycling.com\/hu\/wp-json\/wp\/v2\/media\/10423"}],"wp:attachment":[{"href":"https:\/\/www.welovecycling.com\/hu\/wp-json\/wp\/v2\/media?parent=10424"}],"wp:term":[{"taxonomy":"category","embeddable":true,"href":"https:\/\/www.welovecycling.com\/hu\/wp-json\/wp\/v2\/categories?post=10424"},{"taxonomy":"post_tag","embeddable":true,"href":"https:\/\/www.welovecycling.com\/hu\/wp-json\/wp\/v2\/tags?post=10424"},{"taxonomy":"global-categories","embeddable":true,"href":"https:\/\/www.welovecycling.com\/hu\/wp-json\/wp\/v2\/global-categories?post=10424"}],"curies":[{"name":"wp","href":"https:\/\/api.w.org\/{rel}","templated":true}]}}