{"id":10399,"date":"2021-03-18T08:00:01","date_gmt":"2021-03-18T06:00:01","guid":{"rendered":"https:\/\/www.welovecycling.com\/hu\/?p=10399"},"modified":"2022-02-09T09:50:08","modified_gmt":"2022-02-09T07:50:08","slug":"skoda-karoq-sportline-tesztut-az-auto-ami-szabadda-tesz","status":"publish","type":"post","link":"https:\/\/www.welovecycling.com\/hu\/trekking-mtb\/skoda-karoq-sportline-tesztut-az-auto-ami-szabadda-tesz\/","title":{"rendered":"\u0160koda KAROQ SPORTLINE teszt\u00fat: Az aut\u00f3, ami szabadd\u00e1 tesz"},"content":{"rendered":"<p><strong>Kevesebb mint \u00f6t perc alatt minden ker\u00e9kp\u00e1runkat a tet\u0151re r\u00f6gz\u00edtett\u00fck. Ezeken k\u00edv\u00fcl nem is lesz t\u00fal sok mindenre sz\u00fcks\u00e9g\u00fcnk: sisak, felszerel\u00e9s, v\u00e1lt\u00f3ruha, \u00e9tel \u00e9s egy s\u00e1tor, amiben \u00e9jszak\u00e1zunk. Ahhoz, hogy eljussunk a hegyekbe, egy nagy, de nem t\u00fal nagy aut\u00f3ra van sz\u00fcks\u00e9g\u00fcnk; ami b\u00e1rmilyen terepen elvisz minket, de nem terepj\u00e1r\u00f3. A v\u00e1laszt\u00e1s egy\u00e9rtelm\u0171en a \u0160koda KAROQ modellre esett.<\/strong><\/p>\n<p><!--more--><\/p>\n<p>V\u00e9g\u00fcl n\u00e9gyen siker\u00fclt j\u00f3 sok csomagot \u00f6sszepakolnunk, de a \u0160koda KAROQ SPORTLINE csomagtart\u00f3j\u00e1ban k\u00f6nnyed\u00e9n elf\u00e9rt minden. A v\u00e9gigdolgozott h\u00e9t ut\u00e1n mindannyian nagyon v\u00e1rtuk, hogy lejt\u0151k\u00f6n \u00e9s emelked\u0151k\u00f6n tekerhess\u00fcnk, \u00f6sv\u00e9nyeket fedezz\u00fcnk fel \u00e9s kikapcsol\u00f3djunk ez alatt a p\u00e1r nap alatt.<\/p>\n<figure id=\"attachment_10401\" aria-describedby=\"caption-attachment-10401\" style=\"width: 1024px\" class=\"wp-caption alignnone\"><a href=\"https:\/\/d2p6e6u75xmxt8.cloudfront.net\/2\/2021\/03\/KAROQ_5.jpg\"><img loading=\"lazy\" decoding=\"async\" class=\"wp-image-10401 size-large\" src=\"https:\/\/d2p6e6u75xmxt8.cloudfront.net\/12\/2021\/03\/KAROQ_5-1024x683.jpg\" alt=\"\u0160koda KAROQ\" width=\"1024\" height=\"683\" srcset=\"https:\/\/d2p6e6u75xmxt8.cloudfront.net\/12\/2021\/03\/KAROQ_5-1024x683.jpg 1024w, https:\/\/d2p6e6u75xmxt8.cloudfront.net\/12\/2021\/03\/KAROQ_5-300x200.jpg 300w, https:\/\/d2p6e6u75xmxt8.cloudfront.net\/12\/2021\/03\/KAROQ_5-768x512.jpg 768w, https:\/\/d2p6e6u75xmxt8.cloudfront.net\/12\/2021\/03\/KAROQ_5-272x182.jpg 272w, https:\/\/d2p6e6u75xmxt8.cloudfront.net\/12\/2021\/03\/KAROQ_5.jpg 1368w\" sizes=\"auto, (max-width: 1024px) 100vw, 1024px\" \/><\/a><figcaption id=\"caption-attachment-10401\" class=\"wp-caption-text\"><em>A \u0160koda KAROQ \u00e1lland\u00f3 kapcsolatban \u00e1ll a k\u00fclvil\u00e1ggal. Meghib\u00e1sod\u00e1s eset\u00e9n maga a j\u00e1rm\u0171 veszi fel a kapcsolatot egy szervizzel, baleset eset\u00e9n pedig a ment\u0151kkel. \u00a9 Jakub Frey<\/em><\/figcaption><\/figure>\n<h2><strong>P\u00e9ntek d\u00e9lut\u00e1n<\/strong><\/h2>\n<p>Sz\u00e9p \u00e9s napos p\u00e9ntek d\u00e9lut\u00e1nunk van, \u00e9s m\u00e1r mind alig v\u00e1rjuk az el\u0151tt\u00fcnk \u00e1ll\u00f3 kalandot. Rendszeresen tesz\u00fcnk ilyen kis kir\u00e1ndul\u00e1sokat. Lehet\u0151s\u00e9get adnak arra, hogy \u00fajra kapcsolatba l\u00e9pj\u00fcnk a term\u00e9szettel, szabadok legy\u00fcnk \u00e9s elmer\u00fclj\u00fcnk az ut\u00e1nozhatatlan hegyi ker\u00e9kp\u00e1roz\u00e1s \u00e9lm\u00e9ny\u00e9ben. Nincs munka, nincsenek probl\u00e9m\u00e1k, csak mi vagyunk n\u00e9gyen, a term\u00e9szettel k\u00f6r\u00fclv\u00e9ve.<\/p>\n<p>Anna, aki vezetni fog, a m\u0171szerfal nagy kijelz\u0151j\u00e9n \u00e1ll\u00edtja be \u00fatic\u00e9lunkat. Pr\u00e1g\u00e1t\u00f3l csak egy \u00f3r\u00e1t kell aut\u00f3znunk, hogy eljussunk Csehorsz\u00e1g dombvid\u00e9k\u00e9re, ahov\u00e1 mindig szeretek visszat\u00e9rni. \u00c9s ezzel nem vagyok egyed\u00fcl &#8211; Sofie \u00e9s David maguk is szenved\u00e9lyes ker\u00e9kp\u00e1rosok, \u00e9s csak\u00fagy, mint \u00e9n, alig v\u00e1rj\u00e1k a felvid\u00e9ki \u00f6sv\u00e9nyeket. Anna viszont ink\u00e1bb aut\u00f3rajong\u00f3, \u00e9s a \u0160koda KAROQ modellt tartja a t\u00f6k\u00e9letes t\u00e1rsnak ahhoz, hogy biztons\u00e1gosan eljuttasson minket a vid\u00e1m h\u00e9tv\u00e9ge helysz\u00edn\u00e9re.<\/p>\n<p>https:\/\/www.instagram.com\/p\/CL_2bEAqJ5U\/<\/p>\n<p>Gyorsan v\u00e1ltozik a t\u00e1j az ablakokon t\u00fal, \u00e9s n\u00e9ha-n\u00e9ha leellen\u0151rizz\u00fck a tet\u0151re r\u00f6gz\u00edtett bicikliket. T\u00f6k\u00e9letesen l\u00e1tjuk \u0151ket a csod\u00e1latos \u00fcvegtet\u0151n kereszt\u00fcl!<\/p>\n<p>Az aut\u00f3p\u00e1ly\u00e1r\u00f3l egy kanyarg\u00f3s \u00fatra t\u00e9r\u00fcnk le, \u00e9s Anna l\u00e1that\u00f3an \u00e9lvezi a kanyarokat. Eg\u00e9szen eddig m\u00e1s aut\u00f3val is elboldogultunk volna, de most v\u00e9get \u00e9r az aszfalt \u00e9s kezd\u0151dik a f\u00f6ld\u00fat, ami eg\u00e9szen a c\u00e9lig, hat kilom\u00e9teren \u00e1t fog tartani. Eleinte kavicsos, majd a f\u0171csom\u00f3k \u00e9s a nagyobb k\u00f6vek egyre ink\u00e1bb \u00e1tveszik a terepet. A KAROQ abroncsainak azonban ez a talaj sem okoz gondot.<\/p>\n<p>V\u00e9g\u00fcl Anna le\u00e1ll\u00edtja az aut\u00f3t. Meg\u00e9rkezt\u00fcnk!<\/p>\n<h2><strong>P\u00e9ntek este<\/strong><\/h2>\n<p>Els\u0151 l\u00e9p\u00e9s: a t\u00e1bor fel\u00e1ll\u00edt\u00e1sa. Megkeress\u00fck a legjobb helyet a s\u00e1tor sz\u00e1m\u00e1ra, David sima, lapos hely ut\u00e1n kutat. Lefeksz\u00fcnk n\u00e9h\u00e1ny helyen a f\u00f6ldre, hogy letesztelj\u00fck, hol a legk\u00e9nyelmesebb. Er\u0151d\u00fcnk meg\u00e9p\u00fclt, az alapt\u00e1bor k\u00e9szen \u00e1ll. Itt az ideje a t\u0171zrak\u00e1snak!<\/p>\n<p>Az este besz\u00e9lget\u00e9ssel telik. B\u00e1r mindannyian ugyanabban a v\u00e1rosban lakunk, a mindennapi \u00e9let megnehez\u00edti a tal\u00e1lkoz\u00e1sokat, \u00edgy van mit mes\u00e9ln\u00fcnk egym\u00e1snak! A t\u0171z k\u00f6r\u00fcli besz\u00e9lget\u00e9seknek egy\u00e9bk\u00e9nt is megvan a var\u00e1zsa. \u00c9jf\u00e9l k\u00f6r\u00fcl megy\u00fcnk aludni.<\/p>\n<figure id=\"attachment_10402\" aria-describedby=\"caption-attachment-10402\" style=\"width: 1024px\" class=\"wp-caption alignnone\"><a href=\"https:\/\/d2p6e6u75xmxt8.cloudfront.net\/2\/2021\/03\/KAROQ_6.jpg\"><img loading=\"lazy\" decoding=\"async\" class=\"wp-image-10402 size-large\" src=\"https:\/\/d2p6e6u75xmxt8.cloudfront.net\/12\/2021\/03\/KAROQ_6-1024x683.jpg\" alt=\"Camping\" width=\"1024\" height=\"683\" srcset=\"https:\/\/d2p6e6u75xmxt8.cloudfront.net\/12\/2021\/03\/KAROQ_6-1024x683.jpg 1024w, https:\/\/d2p6e6u75xmxt8.cloudfront.net\/12\/2021\/03\/KAROQ_6-300x200.jpg 300w, https:\/\/d2p6e6u75xmxt8.cloudfront.net\/12\/2021\/03\/KAROQ_6-768x512.jpg 768w, https:\/\/d2p6e6u75xmxt8.cloudfront.net\/12\/2021\/03\/KAROQ_6-272x182.jpg 272w, https:\/\/d2p6e6u75xmxt8.cloudfront.net\/12\/2021\/03\/KAROQ_6.jpg 1368w\" sizes=\"auto, (max-width: 1024px) 100vw, 1024px\" \/><\/a><figcaption id=\"caption-attachment-10402\" class=\"wp-caption-text\"><em>Mindig van mir\u0151l besz\u00e9lgetn\u00fcnk. \u00a9 Jakub Frey<\/em><\/figcaption><\/figure>\n<h2><strong>Szombat reggel<\/strong><\/h2>\n<p>A frissen f\u0151z\u00f6tt k\u00e1v\u00e9 fantasztikus illat\u00e1ra \u00e9bredek. Sofie az els\u0151, aki \u00e9bren van, \u00e9s mint megjegyzi: <em>\u201eaddig nem megyek sehov\u00e1, am\u00edg meg nem ittam a k\u00e9t cs\u00e9sze k\u00e1v\u00e9mat\u201d.<\/em> Szerencs\u00e9re egy nagy mokk\u00e1t hoztunk, amely kiel\u00e9g\u00edti mindannyiunk k\u00e1v\u00e9ig\u00e9ny\u00e9t. A zabpehelynek, a di\u00f3nak, a m\u00e9znek \u00e9s n\u00e9h\u00e1ny gy\u00fcm\u00f6lcsnek pedig el\u00e9g reggelinek kell lennie.<\/p>\n<p>Mik\u00f6zben mi \u00e1t\u00f6lt\u00f6z\u00fcnk ker\u00e9kp\u00e1ros ruh\u00e1ba \u00e9s \u00f6sszegy\u0171jt\u00fcnk n\u00e9h\u00e1ny eszk\u00f6zt, Anna felveszi t\u00faracip\u0151j\u00e9t \u00e9s h\u00e1tizs\u00e1kj\u00e1t. Ahogy eml\u00edtettem, \u0151 nem olyan nagy bring\u00e1s, mint mi, de t\u00far\u00e1zni nagyon szeret. Persze nem \u00e1llom meg, hogy ne viccel\u0151djek zar\u00e1ndok tervein, de v\u00e1laszul csak egy legyint\u00e9st kapok.<\/p>\n<p>Mi, t\u00f6bbiek pedig felpattanunk a biciklinkre. A t\u00fara kezdete el\u00e9g meredek, de tudjuk, hogy jutalom v\u00e1r r\u00e1nk, sz\u00f3val b\u0151szen ped\u00e1lozunk. Az els\u0151 \u00e1llom\u00e1s egy kil\u00e1t\u00f3, ami a hegyekre n\u00e9z. \u00d6nk\u00e9nt jelentkezem a ker\u00e9kp\u00e1rok \u0151rz\u00e9s\u00e9re \u2013 m\u00e1r sokszor megm\u00e1sztam a tornyot. Ezenk\u00edv\u00fcl sz\u00fcks\u00e9gem van n\u00e9h\u00e1ny perc pihen\u00e9sre, de ezt nem eml\u00edtem a t\u00f6bbieknek\u2026<\/p>\n<figure id=\"attachment_10403\" aria-describedby=\"caption-attachment-10403\" style=\"width: 1024px\" class=\"wp-caption alignnone\"><a href=\"https:\/\/d2p6e6u75xmxt8.cloudfront.net\/2\/2021\/03\/KAROQ_4.jpg\"><img loading=\"lazy\" decoding=\"async\" class=\"wp-image-10403 size-large\" src=\"https:\/\/d2p6e6u75xmxt8.cloudfront.net\/12\/2021\/03\/KAROQ_4-1024x683.jpg\" alt=\"MTB\" width=\"1024\" height=\"683\" srcset=\"https:\/\/d2p6e6u75xmxt8.cloudfront.net\/12\/2021\/03\/KAROQ_4-1024x683.jpg 1024w, https:\/\/d2p6e6u75xmxt8.cloudfront.net\/12\/2021\/03\/KAROQ_4-300x200.jpg 300w, https:\/\/d2p6e6u75xmxt8.cloudfront.net\/12\/2021\/03\/KAROQ_4-768x512.jpg 768w, https:\/\/d2p6e6u75xmxt8.cloudfront.net\/12\/2021\/03\/KAROQ_4-272x182.jpg 272w, https:\/\/d2p6e6u75xmxt8.cloudfront.net\/12\/2021\/03\/KAROQ_4.jpg 1368w\" sizes=\"auto, (max-width: 1024px) 100vw, 1024px\" \/><\/a><figcaption id=\"caption-attachment-10403\" class=\"wp-caption-text\"><em>Itt az id\u0151 elindulni! \u00a9 Jakub Frey<\/em><\/figcaption><\/figure>\n<div id='gallery-1' class='gallery galleryid-10399 gallery-columns-3 gallery-size-large'><figure class='gallery-item'>\n\t\t\t<div class='gallery-icon landscape'>\n\t\t\t\t<a href='https:\/\/d2p6e6u75xmxt8.cloudfront.net\/12\/2021\/03\/KAROQ_7.jpg'><img loading=\"lazy\" decoding=\"async\" width=\"1024\" height=\"683\" src=\"https:\/\/d2p6e6u75xmxt8.cloudfront.net\/12\/2021\/03\/KAROQ_7-1024x683.jpg\" class=\"attachment-large size-large\" alt=\"\" srcset=\"https:\/\/d2p6e6u75xmxt8.cloudfront.net\/12\/2021\/03\/KAROQ_7-1024x683.jpg 1024w, https:\/\/d2p6e6u75xmxt8.cloudfront.net\/12\/2021\/03\/KAROQ_7-300x200.jpg 300w, https:\/\/d2p6e6u75xmxt8.cloudfront.net\/12\/2021\/03\/KAROQ_7-768x512.jpg 768w, https:\/\/d2p6e6u75xmxt8.cloudfront.net\/12\/2021\/03\/KAROQ_7-272x182.jpg 272w, https:\/\/d2p6e6u75xmxt8.cloudfront.net\/12\/2021\/03\/KAROQ_7.jpg 1368w\" sizes=\"auto, (max-width: 1024px) 100vw, 1024px\" \/><\/a>\n\t\t\t<\/div><\/figure><figure class='gallery-item'>\n\t\t\t<div class='gallery-icon landscape'>\n\t\t\t\t<a href='https:\/\/d2p6e6u75xmxt8.cloudfront.net\/12\/2021\/03\/KAROQ_8.jpg'><img loading=\"lazy\" decoding=\"async\" width=\"1024\" height=\"683\" src=\"https:\/\/d2p6e6u75xmxt8.cloudfront.net\/12\/2021\/03\/KAROQ_8-1024x683.jpg\" class=\"attachment-large size-large\" alt=\"\u0160koda KAROQ\" srcset=\"https:\/\/d2p6e6u75xmxt8.cloudfront.net\/12\/2021\/03\/KAROQ_8-1024x683.jpg 1024w, https:\/\/d2p6e6u75xmxt8.cloudfront.net\/12\/2021\/03\/KAROQ_8-300x200.jpg 300w, https:\/\/d2p6e6u75xmxt8.cloudfront.net\/12\/2021\/03\/KAROQ_8-768x512.jpg 768w, https:\/\/d2p6e6u75xmxt8.cloudfront.net\/12\/2021\/03\/KAROQ_8-272x182.jpg 272w, https:\/\/d2p6e6u75xmxt8.cloudfront.net\/12\/2021\/03\/KAROQ_8.jpg 1368w\" sizes=\"auto, (max-width: 1024px) 100vw, 1024px\" \/><\/a>\n\t\t\t<\/div><\/figure><figure class='gallery-item'>\n\t\t\t<div class='gallery-icon landscape'>\n\t\t\t\t<a href='https:\/\/d2p6e6u75xmxt8.cloudfront.net\/12\/2021\/03\/KAROQ_2.jpg'><img loading=\"lazy\" decoding=\"async\" width=\"1022\" height=\"681\" src=\"https:\/\/d2p6e6u75xmxt8.cloudfront.net\/12\/2021\/03\/KAROQ_2.jpg\" class=\"attachment-large size-large\" alt=\"\u0160koda KAROQ SPORTLINE\" srcset=\"https:\/\/d2p6e6u75xmxt8.cloudfront.net\/12\/2021\/03\/KAROQ_2.jpg 1022w, https:\/\/d2p6e6u75xmxt8.cloudfront.net\/12\/2021\/03\/KAROQ_2-300x200.jpg 300w, https:\/\/d2p6e6u75xmxt8.cloudfront.net\/12\/2021\/03\/KAROQ_2-768x512.jpg 768w, https:\/\/d2p6e6u75xmxt8.cloudfront.net\/12\/2021\/03\/KAROQ_2-272x182.jpg 272w\" sizes=\"auto, (max-width: 1022px) 100vw, 1022px\" \/><\/a>\n\t\t\t<\/div><\/figure>\n\t\t<\/div>\n\n<h2><strong>Szombat d\u00e9l<\/strong><\/h2>\n<p>A m\u00e1sodik szakasz k\u00f6z\u00e9ppontj\u00e1ban legink\u00e1bb az egyens\u00faly \u00e1ll. N\u00e9h\u00e1ny ugrat\u00f3 \u00e9s szikla \u00e1llja utunkat: de ezt egyik\u00fcnk sem b\u00e1nja. \u00dagy tervezt\u00fck meg az utat, hogy minden neh\u00e9z szakasz ut\u00e1n v\u00e1rjon valamilyen jutalom, \u00e9s v\u00e9g\u00fcl \u00f6sszetal\u00e1lkozzunk Ann\u00e1val, aki egy r\u00f6videbb t\u00fara\u00fatvonalon halad. A csoport integet Ann\u00e1nak, aki elt\u0171nik az erd\u0151ben, mi pedig elindulunk utunk k\u00f6vetkez\u0151 szakasz\u00e1hoz: egy \u00f6sv\u00e9nyhez, amely a legjobbat hozza ki bel\u0151l\u00fcnk.<\/p>\n<p>Az \u00f6sv\u00e9ny kisz\u00e9lesedik \u00e9s hamis rem\u00e9nyekbe ringat minket, csak hogy meglepjen egy durva emelked\u0151vel. De a leny\u0171g\u00f6z\u0151, fest\u0151i kil\u00e1t\u00e1s\u00e9rt meg\u00e9ri felm\u00e1szni. Most nem besz\u00e9lget\u00fcnk t\u00fal sokat \u2013 majd az aut\u00f3ban lesz r\u00e1 id\u0151. K\u00f6r\u00fclbel\u00fcl egy \u00f3ra m\u00falva, Anna \u00e9s a \u0160koda KAROQ l\u00e1tv\u00e1ny jelzi, hogy a t\u00fara v\u00e9get \u00e9rt.<\/p>\n<figure id=\"attachment_10404\" aria-describedby=\"caption-attachment-10404\" style=\"width: 1022px\" class=\"wp-caption alignnone\"><a href=\"https:\/\/d2p6e6u75xmxt8.cloudfront.net\/12\/2021\/03\/KAROQ_3.jpg\"><img loading=\"lazy\" decoding=\"async\" class=\"wp-image-10404 size-full\" src=\"https:\/\/d2p6e6u75xmxt8.cloudfront.net\/12\/2021\/03\/KAROQ_3.jpg\" alt=\"MTB trip\" width=\"1022\" height=\"681\" srcset=\"https:\/\/d2p6e6u75xmxt8.cloudfront.net\/12\/2021\/03\/KAROQ_3.jpg 1022w, https:\/\/d2p6e6u75xmxt8.cloudfront.net\/12\/2021\/03\/KAROQ_3-300x200.jpg 300w, https:\/\/d2p6e6u75xmxt8.cloudfront.net\/12\/2021\/03\/KAROQ_3-768x512.jpg 768w, https:\/\/d2p6e6u75xmxt8.cloudfront.net\/12\/2021\/03\/KAROQ_3-272x182.jpg 272w\" sizes=\"auto, (max-width: 1022px) 100vw, 1022px\" \/><\/a><figcaption id=\"caption-attachment-10404\" class=\"wp-caption-text\"><em>A ker\u00e9kp\u00e1rok r\u00f6gz\u00edt\u00e9se mind\u00f6ssze p\u00e1r perces feladat. \u00a9 Jakub Frey<\/em><\/figcaption><\/figure>\n<h2><strong>Szombat d\u00e9lut\u00e1n<\/strong><\/h2>\n<p>Ideje csomagolni. Alaposan \u00f6sszepakolunk magunk ut\u00e1n: mindannyian tisztelj\u00fck a term\u00e9szetet \u00e9s megvetj\u00fck a szemetel\u00e9st. \u00c9n, Sofie \u00e9s David elindulunk m\u00e9g egy utols\u00f3, gyors k\u00f6rre az erd\u0151n \u00e1t, Anna pedig a b\u00facs\u00fa-\u00fat v\u00e9g\u00e9n vesz fel minket. R\u00f6gz\u00edtj\u00fck a ker\u00e9kp\u00e1rokat az aut\u00f3 tetej\u00e9n \u00e9s be\u00e1ll\u00edtjuk az otthoni c\u00edm\u00fcnket \u00fatic\u00e9lnak.<\/p>\n<p>Hazafel\u00e9 mindenki felt\u00f6lti a telefonj\u00e1t, hogy \u00fczenni tudjon a csal\u00e1dj\u00e1nak, \u00e9s tudj\u00e1k, hogy j\u00f3l vagyunk. N\u00e9gy USB port is van az aut\u00f3ban, \u00edgy nem kell a sorunkra v\u00e1rni.<\/p>\n<p>Mindannyian f\u00e1radtak vagyunk kiss\u00e9, \u00edgy j\u00f3l j\u00f6n a KAROQ predikt\u00edv adapt\u00edv sebess\u00e9gtart\u00f3ja (ACC). Borzaszt\u00f3an technikainak hangzik, de nagyon hasznos, hiszen a rendszer k\u00e9pes olvasni a navig\u00e1ci\u00f3s adatokat \u00e9s szab\u00e1lyozni a sebess\u00e9g\u00fcnket, amikor egy \u00e9les kanyarhoz vagy egy k\u00f6rforgalomhoz k\u00f6zel\u00edt\u00fcnk, \u00e9s a sebess\u00e9gkorl\u00e1toz\u00e1sokat is betartja. Er\u0151s\u00edti a biztons\u00e1g\u00e9rzet\u00fcnket, hogy tudjuk, hogy a KAROQ \u00e1lland\u00f3 kapcsolatban \u00e1ll a k\u00fclvil\u00e1ggal. Meghib\u00e1sod\u00e1s eset\u00e9n maga a j\u00e1rm\u0171 veszi fel a kapcsolatot egy szervizzel &#8211; baleset eset\u00e9n pedig a ment\u0151kkel.<\/p>\n<p>Pr\u00e1g\u00e1ba \u00e9rve, mindannyian meg\u00e1llap\u00edtjuk, hogy m\u00e1r nagy sz\u00fcks\u00e9g\u00fcnk volt erre az utaz\u00e1sra! Hamarosan megism\u00e9telj\u00fck!<\/p>\n","protected":false},"excerpt":{"rendered":"<p>Kevesebb mint \u00f6t perc alatt minden ker\u00e9kp\u00e1runkat a tet\u0151re r\u00f6gz\u00edtett\u00fck. Ezeken k\u00edv\u00fcl nem is lesz t\u00fal sok mindenre sz\u00fcks\u00e9g\u00fcnk: sisak, [&hellip;]<\/p>\n","protected":false},"author":71,"featured_media":10376,"comment_status":"closed","ping_status":"closed","sticky":false,"template":"","format":"standard","meta":{"footnotes":""},"categories":[468,7],"tags":[],"global-categories":[],"class_list":["post-10399","post","type-post","status-publish","format-standard","has-post-thumbnail","hentry","category-skoda","category-trekking-mtb"],"yoast_head":"<!-- This site is optimized with the Yoast SEO Premium plugin v25.3 (Yoast SEO v25.9) - https:\/\/yoast.com\/wordpress\/plugins\/seo\/ -->\n<title>\u0160koda KAROQ SPORTLINE teszt\u00fat: Az aut\u00f3, ami szabadd\u00e1 tesz - \u0160koda We Love Cycling - Magyarorsz\u00e1g<\/title>\n<meta name=\"description\" content=\"Kevesebb mint \u00f6t perc alatt minden ker\u00e9kp\u00e1runkat a tet\u0151re r\u00f6gz\u00edtett\u00fck. Ezeken k\u00edv\u00fcl nem is lesz t\u00fal sok mindenre sz\u00fcks\u00e9g\u00fcnk: sisak, felszerel\u00e9s, v\u00e1lt\u00f3ruha, \u00e9tel \u00e9s egy s\u00e1tor, amiben \u00e9jszak\u00e1zunk.\" \/>\n<meta name=\"robots\" content=\"index, follow, max-snippet:-1, max-image-preview:large, max-video-preview:-1\" \/>\n<link rel=\"canonical\" href=\"https:\/\/www.welovecycling.com\/hu\/trekking-mtb\/skoda-karoq-sportline-tesztut-az-auto-ami-szabadda-tesz\/\" \/>\n<meta property=\"og:locale\" content=\"hu_HU\" \/>\n<meta property=\"og:type\" content=\"article\" \/>\n<meta property=\"og:title\" content=\"\u0160koda KAROQ SPORTLINE teszt\u00fat: Az aut\u00f3, ami szabadd\u00e1 tesz\" \/>\n<meta property=\"og:description\" content=\"Kevesebb mint \u00f6t perc alatt minden ker\u00e9kp\u00e1runkat a tet\u0151re r\u00f6gz\u00edtett\u00fck. Ezeken k\u00edv\u00fcl nem is lesz t\u00fal sok mindenre sz\u00fcks\u00e9g\u00fcnk: sisak, felszerel\u00e9s, v\u00e1lt\u00f3ruha, \u00e9tel \u00e9s egy s\u00e1tor, amiben \u00e9jszak\u00e1zunk.\" \/>\n<meta property=\"og:url\" content=\"https:\/\/www.welovecycling.com\/hu\/trekking-mtb\/skoda-karoq-sportline-tesztut-az-auto-ami-szabadda-tesz\/\" \/>\n<meta property=\"og:site_name\" content=\"\u0160koda We Love Cycling - Magyarorsz\u00e1g\" \/>\n<meta property=\"article:publisher\" content=\"https:\/\/www.facebook.com\/WeLoveCyclingHungary\/\" \/>\n<meta property=\"article:published_time\" content=\"2021-03-18T06:00:01+00:00\" \/>\n<meta property=\"article:modified_time\" content=\"2022-02-09T07:50:08+00:00\" \/>\n<meta property=\"og:image\" content=\"https:\/\/d2p6e6u75xmxt8.cloudfront.net\/12\/2021\/03\/KAROQ_CVR.jpg\" \/>\n\t<meta property=\"og:image:width\" content=\"1366\" \/>\n\t<meta property=\"og:image:height\" content=\"600\" \/>\n\t<meta property=\"og:image:type\" content=\"image\/jpeg\" \/>\n<meta name=\"author\" content=\"hegyizs\" \/>\n<meta name=\"twitter:card\" content=\"summary_large_image\" \/>\n<meta name=\"twitter:label1\" content=\"Written by\" \/>\n\t<meta name=\"twitter:data1\" content=\"We Love Cycling\" \/>\n\t<meta name=\"twitter:label2\" content=\"Est. reading time\" \/>\n\t<meta name=\"twitter:data2\" content=\"7\" \/>\n<script type=\"application\/ld+json\" class=\"yoast-schema-graph\">{\"@context\":\"https:\/\/schema.org\",\"@graph\":[{\"@type\":\"WebPage\",\"@id\":\"https:\/\/www.welovecycling.com\/hu\/trekking-mtb\/skoda-karoq-sportline-tesztut-az-auto-ami-szabadda-tesz\/\",\"url\":\"https:\/\/www.welovecycling.com\/hu\/trekking-mtb\/skoda-karoq-sportline-tesztut-az-auto-ami-szabadda-tesz\/\",\"name\":\"\u0160koda KAROQ SPORTLINE teszt\u00fat: Az aut\u00f3, ami szabadd\u00e1 tesz - \u0160koda We Love Cycling - Magyarorsz\u00e1g\",\"isPartOf\":{\"@id\":\"https:\/\/www.welovecycling.com\/hu\/#website\"},\"primaryImageOfPage\":{\"@id\":\"https:\/\/www.welovecycling.com\/hu\/trekking-mtb\/skoda-karoq-sportline-tesztut-az-auto-ami-szabadda-tesz\/#primaryimage\"},\"image\":{\"@id\":\"https:\/\/www.welovecycling.com\/hu\/trekking-mtb\/skoda-karoq-sportline-tesztut-az-auto-ami-szabadda-tesz\/#primaryimage\"},\"thumbnailUrl\":\"https:\/\/d2p6e6u75xmxt8.cloudfront.net\/12\/2021\/03\/KAROQ_CVR.jpg\",\"datePublished\":\"2021-03-18T06:00:01+00:00\",\"dateModified\":\"2022-02-09T07:50:08+00:00\",\"author\":{\"@id\":\"https:\/\/www.welovecycling.com\/hu\/#\/schema\/person\/414a2aebf1801691a5320edb6468e194\"},\"description\":\"Kevesebb mint \u00f6t perc alatt minden ker\u00e9kp\u00e1runkat a tet\u0151re r\u00f6gz\u00edtett\u00fck. Ezeken k\u00edv\u00fcl nem is lesz t\u00fal sok mindenre sz\u00fcks\u00e9g\u00fcnk: sisak, felszerel\u00e9s, v\u00e1lt\u00f3ruha, \u00e9tel \u00e9s egy s\u00e1tor, amiben \u00e9jszak\u00e1zunk.\",\"breadcrumb\":{\"@id\":\"https:\/\/www.welovecycling.com\/hu\/trekking-mtb\/skoda-karoq-sportline-tesztut-az-auto-ami-szabadda-tesz\/#breadcrumb\"},\"inLanguage\":\"hu\",\"potentialAction\":[{\"@type\":\"ReadAction\",\"target\":[\"https:\/\/www.welovecycling.com\/hu\/trekking-mtb\/skoda-karoq-sportline-tesztut-az-auto-ami-szabadda-tesz\/\"]}]},{\"@type\":\"ImageObject\",\"inLanguage\":\"hu\",\"@id\":\"https:\/\/www.welovecycling.com\/hu\/trekking-mtb\/skoda-karoq-sportline-tesztut-az-auto-ami-szabadda-tesz\/#primaryimage\",\"url\":\"https:\/\/d2p6e6u75xmxt8.cloudfront.net\/12\/2021\/03\/KAROQ_CVR.jpg\",\"contentUrl\":\"https:\/\/d2p6e6u75xmxt8.cloudfront.net\/12\/2021\/03\/KAROQ_CVR.jpg\",\"width\":1366,\"height\":600,\"caption\":\"\u0160koda KAROQ SPORTLINER\"},{\"@type\":\"BreadcrumbList\",\"@id\":\"https:\/\/www.welovecycling.com\/hu\/trekking-mtb\/skoda-karoq-sportline-tesztut-az-auto-ami-szabadda-tesz\/#breadcrumb\",\"itemListElement\":[{\"@type\":\"ListItem\",\"position\":1,\"name\":\"Home\",\"item\":\"https:\/\/www.welovecycling.com\/hu\/\"},{\"@type\":\"ListItem\",\"position\":2,\"name\":\"\u0160koda KAROQ SPORTLINE teszt\u00fat: Az aut\u00f3, ami szabadd\u00e1 tesz\"}]},{\"@type\":\"WebSite\",\"@id\":\"https:\/\/www.welovecycling.com\/hu\/#website\",\"url\":\"https:\/\/www.welovecycling.com\/hu\/\",\"name\":\"\u0160koda We Love Cycling - Magyarorsz\u00e1g\",\"description\":\"\u0160koda WeLoveCycling\",\"potentialAction\":[{\"@type\":\"SearchAction\",\"target\":{\"@type\":\"EntryPoint\",\"urlTemplate\":\"https:\/\/www.welovecycling.com\/hu\/?s={search_term_string}\"},\"query-input\":{\"@type\":\"PropertyValueSpecification\",\"valueRequired\":true,\"valueName\":\"search_term_string\"}}],\"inLanguage\":\"hu\"},{\"@type\":\"Person\",\"@id\":\"https:\/\/www.welovecycling.com\/hu\/#\/schema\/person\/414a2aebf1801691a5320edb6468e194\",\"name\":\"hegyizs\",\"image\":{\"@type\":\"ImageObject\",\"inLanguage\":\"hu\",\"@id\":\"https:\/\/www.welovecycling.com\/hu\/#\/schema\/person\/image\/\",\"url\":\"https:\/\/secure.gravatar.com\/avatar\/02cf8a7906b8cf90cecb4679defac7cfd33a1c2e3b88e4903d947f3bb58eedd3?s=96&d=mm&r=g\",\"contentUrl\":\"https:\/\/secure.gravatar.com\/avatar\/02cf8a7906b8cf90cecb4679defac7cfd33a1c2e3b88e4903d947f3bb58eedd3?s=96&d=mm&r=g\",\"caption\":\"hegyizs\"},\"url\":\"https:\/\/www.welovecycling.com\/hu\/author\/hegyizs\/\"}]}<\/script>\n<!-- \/ Yoast SEO Premium plugin. -->","yoast_head_json":{"title":"\u0160koda KAROQ SPORTLINE teszt\u00fat: Az aut\u00f3, ami szabadd\u00e1 tesz - \u0160koda We Love Cycling - Magyarorsz\u00e1g","description":"Kevesebb mint \u00f6t perc alatt minden ker\u00e9kp\u00e1runkat a tet\u0151re r\u00f6gz\u00edtett\u00fck. Ezeken k\u00edv\u00fcl nem is lesz t\u00fal sok mindenre sz\u00fcks\u00e9g\u00fcnk: sisak, felszerel\u00e9s, v\u00e1lt\u00f3ruha, \u00e9tel \u00e9s egy s\u00e1tor, amiben \u00e9jszak\u00e1zunk.","robots":{"index":"index","follow":"follow","max-snippet":"max-snippet:-1","max-image-preview":"max-image-preview:large","max-video-preview":"max-video-preview:-1"},"canonical":"https:\/\/www.welovecycling.com\/hu\/trekking-mtb\/skoda-karoq-sportline-tesztut-az-auto-ami-szabadda-tesz\/","og_locale":"hu_HU","og_type":"article","og_title":"\u0160koda KAROQ SPORTLINE teszt\u00fat: Az aut\u00f3, ami szabadd\u00e1 tesz","og_description":"Kevesebb mint \u00f6t perc alatt minden ker\u00e9kp\u00e1runkat a tet\u0151re r\u00f6gz\u00edtett\u00fck. Ezeken k\u00edv\u00fcl nem is lesz t\u00fal sok mindenre sz\u00fcks\u00e9g\u00fcnk: sisak, felszerel\u00e9s, v\u00e1lt\u00f3ruha, \u00e9tel \u00e9s egy s\u00e1tor, amiben \u00e9jszak\u00e1zunk.","og_url":"https:\/\/www.welovecycling.com\/hu\/trekking-mtb\/skoda-karoq-sportline-tesztut-az-auto-ami-szabadda-tesz\/","og_site_name":"\u0160koda We Love Cycling - Magyarorsz\u00e1g","article_publisher":"https:\/\/www.facebook.com\/WeLoveCyclingHungary\/","article_published_time":"2021-03-18T06:00:01+00:00","article_modified_time":"2022-02-09T07:50:08+00:00","og_image":[{"width":1366,"height":600,"url":"https:\/\/d2p6e6u75xmxt8.cloudfront.net\/12\/2021\/03\/KAROQ_CVR.jpg","type":"image\/jpeg"}],"author":"hegyizs","twitter_card":"summary_large_image","twitter_misc":{"Written by":"We Love Cycling","Est. reading time":"7"},"schema":{"@context":"https:\/\/schema.org","@graph":[{"@type":"WebPage","@id":"https:\/\/www.welovecycling.com\/hu\/trekking-mtb\/skoda-karoq-sportline-tesztut-az-auto-ami-szabadda-tesz\/","url":"https:\/\/www.welovecycling.com\/hu\/trekking-mtb\/skoda-karoq-sportline-tesztut-az-auto-ami-szabadda-tesz\/","name":"\u0160koda KAROQ SPORTLINE teszt\u00fat: Az aut\u00f3, ami szabadd\u00e1 tesz - \u0160koda We Love Cycling - Magyarorsz\u00e1g","isPartOf":{"@id":"https:\/\/www.welovecycling.com\/hu\/#website"},"primaryImageOfPage":{"@id":"https:\/\/www.welovecycling.com\/hu\/trekking-mtb\/skoda-karoq-sportline-tesztut-az-auto-ami-szabadda-tesz\/#primaryimage"},"image":{"@id":"https:\/\/www.welovecycling.com\/hu\/trekking-mtb\/skoda-karoq-sportline-tesztut-az-auto-ami-szabadda-tesz\/#primaryimage"},"thumbnailUrl":"https:\/\/d2p6e6u75xmxt8.cloudfront.net\/12\/2021\/03\/KAROQ_CVR.jpg","datePublished":"2021-03-18T06:00:01+00:00","dateModified":"2022-02-09T07:50:08+00:00","author":{"@id":"https:\/\/www.welovecycling.com\/hu\/#\/schema\/person\/414a2aebf1801691a5320edb6468e194"},"description":"Kevesebb mint \u00f6t perc alatt minden ker\u00e9kp\u00e1runkat a tet\u0151re r\u00f6gz\u00edtett\u00fck. Ezeken k\u00edv\u00fcl nem is lesz t\u00fal sok mindenre sz\u00fcks\u00e9g\u00fcnk: sisak, felszerel\u00e9s, v\u00e1lt\u00f3ruha, \u00e9tel \u00e9s egy s\u00e1tor, amiben \u00e9jszak\u00e1zunk.","breadcrumb":{"@id":"https:\/\/www.welovecycling.com\/hu\/trekking-mtb\/skoda-karoq-sportline-tesztut-az-auto-ami-szabadda-tesz\/#breadcrumb"},"inLanguage":"hu","potentialAction":[{"@type":"ReadAction","target":["https:\/\/www.welovecycling.com\/hu\/trekking-mtb\/skoda-karoq-sportline-tesztut-az-auto-ami-szabadda-tesz\/"]}]},{"@type":"ImageObject","inLanguage":"hu","@id":"https:\/\/www.welovecycling.com\/hu\/trekking-mtb\/skoda-karoq-sportline-tesztut-az-auto-ami-szabadda-tesz\/#primaryimage","url":"https:\/\/d2p6e6u75xmxt8.cloudfront.net\/12\/2021\/03\/KAROQ_CVR.jpg","contentUrl":"https:\/\/d2p6e6u75xmxt8.cloudfront.net\/12\/2021\/03\/KAROQ_CVR.jpg","width":1366,"height":600,"caption":"\u0160koda KAROQ SPORTLINER"},{"@type":"BreadcrumbList","@id":"https:\/\/www.welovecycling.com\/hu\/trekking-mtb\/skoda-karoq-sportline-tesztut-az-auto-ami-szabadda-tesz\/#breadcrumb","itemListElement":[{"@type":"ListItem","position":1,"name":"Home","item":"https:\/\/www.welovecycling.com\/hu\/"},{"@type":"ListItem","position":2,"name":"\u0160koda KAROQ SPORTLINE teszt\u00fat: Az aut\u00f3, ami szabadd\u00e1 tesz"}]},{"@type":"WebSite","@id":"https:\/\/www.welovecycling.com\/hu\/#website","url":"https:\/\/www.welovecycling.com\/hu\/","name":"\u0160koda We Love Cycling - Magyarorsz\u00e1g","description":"\u0160koda WeLoveCycling","potentialAction":[{"@type":"SearchAction","target":{"@type":"EntryPoint","urlTemplate":"https:\/\/www.welovecycling.com\/hu\/?s={search_term_string}"},"query-input":{"@type":"PropertyValueSpecification","valueRequired":true,"valueName":"search_term_string"}}],"inLanguage":"hu"},{"@type":"Person","@id":"https:\/\/www.welovecycling.com\/hu\/#\/schema\/person\/414a2aebf1801691a5320edb6468e194","name":"hegyizs","image":{"@type":"ImageObject","inLanguage":"hu","@id":"https:\/\/www.welovecycling.com\/hu\/#\/schema\/person\/image\/","url":"https:\/\/secure.gravatar.com\/avatar\/02cf8a7906b8cf90cecb4679defac7cfd33a1c2e3b88e4903d947f3bb58eedd3?s=96&d=mm&r=g","contentUrl":"https:\/\/secure.gravatar.com\/avatar\/02cf8a7906b8cf90cecb4679defac7cfd33a1c2e3b88e4903d947f3bb58eedd3?s=96&d=mm&r=g","caption":"hegyizs"},"url":"https:\/\/www.welovecycling.com\/hu\/author\/hegyizs\/"}]}},"_links":{"self":[{"href":"https:\/\/www.welovecycling.com\/hu\/wp-json\/wp\/v2\/posts\/10399","targetHints":{"allow":["GET"]}}],"collection":[{"href":"https:\/\/www.welovecycling.com\/hu\/wp-json\/wp\/v2\/posts"}],"about":[{"href":"https:\/\/www.welovecycling.com\/hu\/wp-json\/wp\/v2\/types\/post"}],"author":[{"embeddable":true,"href":"https:\/\/www.welovecycling.com\/hu\/wp-json\/wp\/v2\/users\/71"}],"replies":[{"embeddable":true,"href":"https:\/\/www.welovecycling.com\/hu\/wp-json\/wp\/v2\/comments?post=10399"}],"version-history":[{"count":2,"href":"https:\/\/www.welovecycling.com\/hu\/wp-json\/wp\/v2\/posts\/10399\/revisions"}],"predecessor-version":[{"id":10437,"href":"https:\/\/www.welovecycling.com\/hu\/wp-json\/wp\/v2\/posts\/10399\/revisions\/10437"}],"wp:featuredmedia":[{"embeddable":true,"href":"https:\/\/www.welovecycling.com\/hu\/wp-json\/wp\/v2\/media\/10376"}],"wp:attachment":[{"href":"https:\/\/www.welovecycling.com\/hu\/wp-json\/wp\/v2\/media?parent=10399"}],"wp:term":[{"taxonomy":"category","embeddable":true,"href":"https:\/\/www.welovecycling.com\/hu\/wp-json\/wp\/v2\/categories?post=10399"},{"taxonomy":"post_tag","embeddable":true,"href":"https:\/\/www.welovecycling.com\/hu\/wp-json\/wp\/v2\/tags?post=10399"},{"taxonomy":"global-categories","embeddable":true,"href":"https:\/\/www.welovecycling.com\/hu\/wp-json\/wp\/v2\/global-categories?post=10399"}],"curies":[{"name":"wp","href":"https:\/\/api.w.org\/{rel}","templated":true}]}}