{"id":10384,"date":"2021-03-19T08:00:32","date_gmt":"2021-03-19T07:00:32","guid":{"rendered":"https:\/\/www.welovecycling.com\/hu\/?p=10384"},"modified":"2021-03-12T11:23:41","modified_gmt":"2021-03-12T10:23:41","slug":"igy-keszits-videot-bringas-turaidrol","status":"publish","type":"post","link":"https:\/\/www.welovecycling.com\/hu\/trekking-mtb\/igy-keszits-videot-bringas-turaidrol\/","title":{"rendered":"\u00cdgy k\u00e9sz\u00edts vide\u00f3t bring\u00e1s t\u00far\u00e1idr\u00f3l!"},"content":{"rendered":"<p><strong>Im\u00e1dok fot\u00f3kat \u00e9s vide\u00f3napl\u00f3t k\u00e9sz\u00edteni bring\u00e1s kalandjaimr\u00f3l! Van, hogy a munk\u00e1mhoz kell, \u00e9s van, hogy csak sz\u00f3rakoz\u00e1sb\u00f3l, de soha nem hagyom el \u00fagy a h\u00e1zat, hogy ne k\u00e9sz\u00fcljek fel a felv\u00e9telre. A plusz s\u00faly, ami az extra felszerel\u00e9sb\u0151l ad\u00f3dik azonban elronthatja az \u00e9lm\u00e9nyt, ez\u00e9rt kital\u00e1ltam, hogyan tudok a lehet\u0151 legkevesebb eszk\u00f6zzel profi vide\u00f3kat csin\u00e1lni.<\/strong><\/p>\n<p><!--more--><\/p>\n<p>Az utaz\u00e1s \u00e9s a bicikliz\u00e9s a k\u00f6nny\u0171 felszerel\u00e9sr\u0151l sz\u00f3l, \u00edgy ha fot\u00f3z\u00e1sra vagy vide\u00f3z\u00e1sra k\u00e9sz\u00fcl\u00f6k, el\u0151re el kell d\u00f6ntenem, mit szeretn\u00e9k alkotni, hogy csak azt vigyem magammal, ami felt\u00e9tlen\u00fcl sz\u00fcks\u00e9ges. Ahogy a technol\u00f3gia fejl\u0151dik, \u00fagy lesz egyre t\u00f6bb a v\u00e1laszt\u00e1si lehet\u0151s\u00e9g, \u00edgy nem k\u00f6nny\u0171 d\u00f6nteni. \u00d6sszefoglalom az opci\u00f3kat \u00e9s bemutatom a k\u00fcl\u00f6nb\u00f6z\u0151 szetteket, amiket magammal szoktam vinni!<\/p>\n<p><strong>Akci\u00f3kamera<\/strong> \u2013 A t\u00f6k\u00e9letes \u00fatit\u00e1rs \u00fajabb modelljei szuper lehet\u0151s\u00e9geket rejtenek, a vide\u00f3k min\u0151s\u00e9ge pedig leny\u0171g\u00f6z\u0151. A GoPro \u00e9s a DJI term\u00e9kei 4K\/60 fps vide\u00f3k r\u00f6gz\u00edt\u00e9s\u00e9re is k\u00e9pesek, emellett be\u00e9p\u00edtett stabiliz\u00e1torral \u00e9s mindenf\u00e9le \u00e1llv\u00e1nnyal kaphat\u00f3ak, \u00edgy b\u00e1rhova r\u00f6gz\u00edtheted \u0151ket. A legjobb v\u00e1laszt\u00e1s, ha k\u00fcl\u00f6nleges sz\u00f6gb\u0151l, k\u00e9z n\u00e9lk\u00fcl szeretn\u00e9l vide\u00f3t k\u00e9sz\u00edteni! Massz\u00edvak \u00e9s v\u00edz\u00e1ll\u00f3ak, sz\u00f3val nem kell az id\u0151j\u00e1r\u00e1s miatt agg\u00f3dnod.<\/p>\n<div id='gallery-1' class='gallery galleryid-10384 gallery-columns-2 gallery-size-large'><figure class='gallery-item'>\n\t\t\t<div class='gallery-icon landscape'>\n\t\t\t\t<a href='https:\/\/d2p6e6u75xmxt8.cloudfront.net\/12\/2021\/03\/GoPro.jpg'><img loading=\"lazy\" decoding=\"async\" width=\"1012\" height=\"722\" src=\"https:\/\/d2p6e6u75xmxt8.cloudfront.net\/12\/2021\/03\/GoPro.jpg\" class=\"attachment-large size-large\" alt=\"GoPro\" srcset=\"https:\/\/d2p6e6u75xmxt8.cloudfront.net\/12\/2021\/03\/GoPro.jpg 1012w, https:\/\/d2p6e6u75xmxt8.cloudfront.net\/12\/2021\/03\/GoPro-300x214.jpg 300w, https:\/\/d2p6e6u75xmxt8.cloudfront.net\/12\/2021\/03\/GoPro-768x548.jpg 768w\" sizes=\"auto, (max-width: 1012px) 100vw, 1012px\" \/><\/a>\n\t\t\t<\/div><\/figure><figure class='gallery-item'>\n\t\t\t<div class='gallery-icon landscape'>\n\t\t\t\t<a href='https:\/\/d2p6e6u75xmxt8.cloudfront.net\/12\/2021\/03\/Osmo_1.jpg'><img loading=\"lazy\" decoding=\"async\" width=\"1022\" height=\"681\" src=\"https:\/\/d2p6e6u75xmxt8.cloudfront.net\/12\/2021\/03\/Osmo_1.jpg\" class=\"attachment-large size-large\" alt=\"\" srcset=\"https:\/\/d2p6e6u75xmxt8.cloudfront.net\/12\/2021\/03\/Osmo_1.jpg 1022w, https:\/\/d2p6e6u75xmxt8.cloudfront.net\/12\/2021\/03\/Osmo_1-300x200.jpg 300w, https:\/\/d2p6e6u75xmxt8.cloudfront.net\/12\/2021\/03\/Osmo_1-768x512.jpg 768w, https:\/\/d2p6e6u75xmxt8.cloudfront.net\/12\/2021\/03\/Osmo_1-272x182.jpg 272w\" sizes=\"auto, (max-width: 1022px) 100vw, 1022px\" \/><\/a>\n\t\t\t<\/div><\/figure>\n\t\t<\/div>\n\n<p><em>A DJI Osmo \u00e9s a GoPro akci\u00f3kamera<\/em><\/p>\n<p><strong>Telefonkamera \u2013 <\/strong>\u00c9vr\u0151l \u00e9vre jobbak a telefonok kamer\u00e1i. Kamera n\u00e9lk\u00fcl pedig gyakorlatilag nem is l\u00e9tezik m\u00e1r mobil. Az \u00faj k\u00e9sz\u00fcl\u00e9kek ak\u00e1r 8k\/60 fps vide\u00f3kat is r\u00f6gz\u00edtenek, r\u00e1ad\u00e1sul a lencs\u00e9t is v\u00e1ltoztathatjuk, az ultrasz\u00e9les zoomt\u00f3l a telefot\u00f3ig, ami \u0151r\u00fclet, ha belegondolsz, hogy a zsebedben elf\u00e9r az eg\u00e9sz. A k\u00e9pstabiliz\u00e1tor szint\u00e9n megb\u00edzhat\u00f3, de a t\u00f6k\u00e9letes min\u0151s\u00e9ghez a legjobb, ha veszel egy k\u00fcls\u0151 stabiliz\u00e1tort is. A legnagyobb el\u0151nye a telefonos fot\u00f3z\u00e1snak, hogy m\u00e1r megvan hozz\u00e1 az eszk\u00f6z\u00f6d, sz\u00f3val azonnal bele is v\u00e1ghatsz. Szem\u00e9ly szerint nekem egy iPhone 11-em van. A h\u00e1tr\u00e1nya, hogy a min\u0151s\u00e9g mindennek ellen\u00e9re nem lesz t\u00f6k\u00e9letes, f\u0151leg, ha nem j\u00f3k a f\u00e9nyek, r\u00e1ad\u00e1sul kicsi a mem\u00f3ri\u00e1ja \u2013 az \u00faj modelleken nincs SD k\u00e1rtya-bemenet. J\u00f3 alternat\u00edva lehet a <a href=\"https:\/\/www.dji.com\/hu\/osmo-pocket\">DJI Osmo Pocket<\/a>, ami be\u00e9p\u00edtett stabiliz\u00e1torral, remek vide\u00f3min\u0151s\u00e9ggel \u00e9s mikro-SD k\u00e1rty\u00e1val j\u00e1r.<\/p>\n<figure id=\"attachment_10385\" aria-describedby=\"caption-attachment-10385\" style=\"width: 1022px\" class=\"wp-caption alignnone\"><a href=\"https:\/\/d2p6e6u75xmxt8.cloudfront.net\/12\/2021\/03\/pexels-pok-rie-4334162.jpg\"><img loading=\"lazy\" decoding=\"async\" class=\"wp-image-10385 size-full\" src=\"https:\/\/d2p6e6u75xmxt8.cloudfront.net\/12\/2021\/03\/pexels-pok-rie-4334162.jpg\" alt=\"Phone and DJI\" width=\"1022\" height=\"678\" srcset=\"https:\/\/d2p6e6u75xmxt8.cloudfront.net\/12\/2021\/03\/pexels-pok-rie-4334162.jpg 1022w, https:\/\/d2p6e6u75xmxt8.cloudfront.net\/12\/2021\/03\/pexels-pok-rie-4334162-300x199.jpg 300w, https:\/\/d2p6e6u75xmxt8.cloudfront.net\/12\/2021\/03\/pexels-pok-rie-4334162-768x509.jpg 768w\" sizes=\"auto, (max-width: 1022px) 100vw, 1022px\" \/><\/a><figcaption id=\"caption-attachment-10385\" class=\"wp-caption-text\"><em>A k\u00fcl\u00f6nbs\u00e9g egy telefon \u00e9s egy DJI Osmo Pocket k\u00f6z\u00f6tt.<\/em><\/figcaption><\/figure>\n<p><strong>DSLR\/ T\u00fck\u00f6r n\u00e9lk\u00fcli g\u00e9pek\/ Kompakt digit\u00e1lis kamera &#8211; <\/strong>Nem szeretn\u00e9k belemenni a r\u00e9szletekbe, hogy mi is a k\u00fcl\u00f6nbs\u00e9g a h\u00e1rom t\u00edpus k\u00f6z\u00f6tt. \u00c9n a t\u00fck\u00f6r n\u00e9lk\u00fcli kamer\u00e1kat szeretem, mert ezeket egyszer\u0171bb sz\u00e1ll\u00edtani. Kisebbek \u00e9s k\u00f6nnyebbek, mint a DSLR kamer\u00e1k, \u00e9s szuper min\u0151s\u00e9g\u0171 vide\u00f3kat k\u00e9sz\u00edtenek. Az elm\u00falt p\u00e1r \u00e9vben felp\u00f6rg\u00f6tt a piac, a Sony \u00e9s a Panasonic is \u00faj szintekre vitte a term\u00e9keiket. A kamer\u00e1k legnagyobb el\u0151nye a j\u00f3 k\u00e9pmin\u0151s\u00e9g, aminek hat\u00e1ra a csillagos \u00e9g, \u00e9s a cser\u00e9lhet\u0151 objekt\u00edvek. A kompakt digit\u00e1lis kamer\u00e1kat a legk\u00f6nnyebb sz\u00e1ll\u00edtani, viszont ezeken nem lehet cser\u00e9lni a lencs\u00e9t.<\/p>\n<div id='gallery-2' class='gallery galleryid-10384 gallery-columns-2 gallery-size-large'><figure class='gallery-item'>\n\t\t\t<div class='gallery-icon landscape'>\n\t\t\t\t<a href='https:\/\/d2p6e6u75xmxt8.cloudfront.net\/12\/2021\/03\/pexels-aayush-aggarwal-4278673-1.jpg'><img loading=\"lazy\" decoding=\"async\" width=\"1022\" height=\"681\" src=\"https:\/\/d2p6e6u75xmxt8.cloudfront.net\/12\/2021\/03\/pexels-aayush-aggarwal-4278673-1.jpg\" class=\"attachment-large size-large\" alt=\"\" srcset=\"https:\/\/d2p6e6u75xmxt8.cloudfront.net\/12\/2021\/03\/pexels-aayush-aggarwal-4278673-1.jpg 1022w, https:\/\/d2p6e6u75xmxt8.cloudfront.net\/12\/2021\/03\/pexels-aayush-aggarwal-4278673-1-300x200.jpg 300w, https:\/\/d2p6e6u75xmxt8.cloudfront.net\/12\/2021\/03\/pexels-aayush-aggarwal-4278673-1-768x512.jpg 768w, https:\/\/d2p6e6u75xmxt8.cloudfront.net\/12\/2021\/03\/pexels-aayush-aggarwal-4278673-1-272x182.jpg 272w\" sizes=\"auto, (max-width: 1022px) 100vw, 1022px\" \/><\/a>\n\t\t\t<\/div><\/figure><figure class='gallery-item'>\n\t\t\t<div class='gallery-icon landscape'>\n\t\t\t\t<a href='https:\/\/d2p6e6u75xmxt8.cloudfront.net\/12\/2021\/03\/amjith-s-LSaV-EMVjWQ-unsplash.jpg'><img loading=\"lazy\" decoding=\"async\" width=\"1022\" height=\"575\" src=\"https:\/\/d2p6e6u75xmxt8.cloudfront.net\/12\/2021\/03\/amjith-s-LSaV-EMVjWQ-unsplash.jpg\" class=\"attachment-large size-large\" alt=\"\" srcset=\"https:\/\/d2p6e6u75xmxt8.cloudfront.net\/12\/2021\/03\/amjith-s-LSaV-EMVjWQ-unsplash.jpg 1022w, https:\/\/d2p6e6u75xmxt8.cloudfront.net\/12\/2021\/03\/amjith-s-LSaV-EMVjWQ-unsplash-300x169.jpg 300w, https:\/\/d2p6e6u75xmxt8.cloudfront.net\/12\/2021\/03\/amjith-s-LSaV-EMVjWQ-unsplash-768x432.jpg 768w\" sizes=\"auto, (max-width: 1022px) 100vw, 1022px\" \/><\/a>\n\t\t\t<\/div><\/figure>\n\t\t<\/div>\n\n<p><em>A Sony Alpha \u00e9s a Panasonic Lumix term\u00e9kcsal\u00e1dok nagyon j\u00f3 min\u0151s\u00e9g\u0171ek.<\/em><\/p>\n<p><strong>Lencs\u00e9k<\/strong> \u2013 Tapasztalataim alapj\u00e1n mindig pont arra a lencs\u00e9re lenne sz\u00fcks\u00e9ged, amit nem vitt\u00e9l magaddal, ha pedig t\u00f6bbet is bepakolsz, az komoly plusz s\u00falyt jelent. \u00c1ltal\u00e1ban a leglust\u00e1bb verzi\u00f3t viszem magammal, ami egyben a leg\u00e1ltal\u00e1nosabb is. De persze mindig ott a lehet\u0151s\u00e9g, hogy mindet elhurcold, \u00e9s fel\u00e1ldozd a k\u00f6nny\u0171 felszerel\u00e9st a t\u00f6k\u00e9letes fot\u00f3k olt\u00e1r\u00e1n.<\/p>\n<figure id=\"attachment_10386\" aria-describedby=\"caption-attachment-10386\" style=\"width: 1022px\" class=\"wp-caption alignnone\"><a href=\"https:\/\/d2p6e6u75xmxt8.cloudfront.net\/12\/2021\/03\/Filippo-1.jpg\"><img loading=\"lazy\" decoding=\"async\" class=\"wp-image-10386 size-full\" src=\"https:\/\/d2p6e6u75xmxt8.cloudfront.net\/12\/2021\/03\/Filippo-1.jpg\" alt=\"Man with a camera\" width=\"1022\" height=\"749\" srcset=\"https:\/\/d2p6e6u75xmxt8.cloudfront.net\/12\/2021\/03\/Filippo-1.jpg 1022w, https:\/\/d2p6e6u75xmxt8.cloudfront.net\/12\/2021\/03\/Filippo-1-300x220.jpg 300w, https:\/\/d2p6e6u75xmxt8.cloudfront.net\/12\/2021\/03\/Filippo-1-768x563.jpg 768w\" sizes=\"auto, (max-width: 1022px) 100vw, 1022px\" \/><\/a><figcaption id=\"caption-attachment-10386\" class=\"wp-caption-text\"><em>Canon 24-70mm, Lumix GX9 f\u00e9nyk\u00e9pez\u0151g\u00e9pre szerelve \u2013 egy teljesk\u00f6r\u0171 objekt\u00edv.<\/em><\/figcaption><\/figure>\n<p><strong>Gimbalok \/ Tripodok \/ Selfie botok &#8211; <\/strong>A mai kamer\u00e1k, telefonok \u00e9s akci\u00f3kamer\u00e1k be\u00e9p\u00edtett stabiliz\u00e1torai hihetetlen\u00fcl j\u00f3k, de soha nem lehet semmi t\u00fal stabil, ha bikepacking filmet akarsz forgatni. Ekkor j\u00f6nnek be a k\u00e9pbe a Steadicam-ek \u00e9s a gimbalok. Ut\u00f3bbi elektronikus, el\u0151bbi pedig mechanikus. Az utaz\u00e1saim sor\u00e1n legt\u00f6bbsz\u00f6r a Steadicam-et viszem magammal, mert nem \u00e1rt neki annyira az es\u0151, mint a gimbalnak, \u00e9s nem kell t\u00f6lteni, \u00edgy a k\u00e1bel hely\u00e9t is megsp\u00f3rolhatom.<\/p>\n<p>A tripod \u00e1llv\u00e1nyok \u00e9letment\u0151ek, ha egyed\u00fcl kelsz \u00fatra \u00e9s szeretn\u00e9l n\u00e9h\u00e1ny k\u00e9pet k\u00e9sz\u00edteni magadr\u00f3l. A minimalizmus kulcsfontoss\u00e1g\u00fa: vannak olyan tripodok, amik hatalmasok. A Joby Gorillapodot javaslom, de fontos, hogy a kamer\u00e1dhoz megfelel\u0151 m\u00e9retet v\u00e1laszd, legyen az GoPro, DSLR vagy b\u00e1rmi m\u00e1s. Ha csak telefont haszn\u00e1lok, \u00e1llv\u00e1ny helyett selfie botot viszek magammal.<\/p>\n<figure id=\"attachment_10387\" aria-describedby=\"caption-attachment-10387\" style=\"width: 960px\" class=\"wp-caption alignnone\"><a href=\"https:\/\/d2p6e6u75xmxt8.cloudfront.net\/12\/2021\/03\/Gorillapod.jpg\"><img loading=\"lazy\" decoding=\"async\" class=\"size-full wp-image-10387\" src=\"https:\/\/d2p6e6u75xmxt8.cloudfront.net\/12\/2021\/03\/Gorillapod.jpg\" alt=\"Joby Gorillapod\" width=\"960\" height=\"821\" srcset=\"https:\/\/d2p6e6u75xmxt8.cloudfront.net\/12\/2021\/03\/Gorillapod.jpg 960w, https:\/\/d2p6e6u75xmxt8.cloudfront.net\/12\/2021\/03\/Gorillapod-300x257.jpg 300w, https:\/\/d2p6e6u75xmxt8.cloudfront.net\/12\/2021\/03\/Gorillapod-768x657.jpg 768w\" sizes=\"auto, (max-width: 960px) 100vw, 960px\" \/><\/a><figcaption id=\"caption-attachment-10387\" class=\"wp-caption-text\"><em>A Joby Gorillapod \u2013 ahogy az l\u00e1tszik is, b\u00e1rhova fel lehet r\u00f6gz\u00edteni!<\/em><\/figcaption><\/figure>\n<p><strong>Dr\u00f3nok \u2013<\/strong> A dr\u00f3nok a filmez\u00e9s \u00e9lm\u00e9ny\u00e9t a k\u00f6vetkez\u0151 szintre emelik. Elk\u00e9peszt\u0151, milyen magas min\u0151s\u00e9g\u0171ek ezek az apr\u00f3, rep\u00fcl\u0151 kamer\u00e1k! A DJI a piacvezet\u0151 m\u00e1rka, a Mavic Air 2, a Mavic Mini \u00e9s a Mavic 2 modellekkel, amelyek mindegyike nagyon kompakt, csod\u00e1latos vide\u00f3min\u0151s\u00e9get k\u00edn\u00e1l. \u00c9s l\u00e9teznek m\u00e9g kisebb dr\u00f3nok, amik elf\u00e9rnek a zsebedben!<\/p>\n<p><a href=\"https:\/\/d2p6e6u75xmxt8.cloudfront.net\/2\/2021\/03\/Drone.jpg\"><img loading=\"lazy\" decoding=\"async\" class=\"alignnone size-large wp-image-10388\" src=\"https:\/\/d2p6e6u75xmxt8.cloudfront.net\/12\/2021\/03\/Drone-1024x683.jpg\" alt=\"DJI Drone\" width=\"1024\" height=\"683\" srcset=\"https:\/\/d2p6e6u75xmxt8.cloudfront.net\/12\/2021\/03\/Drone-1024x683.jpg 1024w, https:\/\/d2p6e6u75xmxt8.cloudfront.net\/12\/2021\/03\/Drone-300x200.jpg 300w, https:\/\/d2p6e6u75xmxt8.cloudfront.net\/12\/2021\/03\/Drone-768x512.jpg 768w, https:\/\/d2p6e6u75xmxt8.cloudfront.net\/12\/2021\/03\/Drone-272x182.jpg 272w, https:\/\/d2p6e6u75xmxt8.cloudfront.net\/12\/2021\/03\/Drone.jpg 1200w\" sizes=\"auto, (max-width: 1024px) 100vw, 1024px\" \/><\/a><\/p>\n<p><strong>Mikrofonok<\/strong> \u2013 Az iPhonok eset\u00e9ben sokf\u00e9lfe mikrofon l\u00e9tezik, \u00e9n a VideoMic Me-L-t haszn\u00e1lom. Nagyobb kamer\u00e1khoz a Rode VideoMic-et aj\u00e1nlom, ha pedig t\u00f6bb funkci\u00f3t szeretn\u00e9l, a Lapel Microphone lesz a j\u00f3 v\u00e1laszt\u00e1s.<\/p>\n<div id='gallery-3' class='gallery galleryid-10384 gallery-columns-3 gallery-size-large'><figure class='gallery-item'>\n\t\t\t<div class='gallery-icon landscape'>\n\t\t\t\t<a href='https:\/\/d2p6e6u75xmxt8.cloudfront.net\/12\/2021\/03\/1-scaled.jpg'><img loading=\"lazy\" decoding=\"async\" width=\"1024\" height=\"683\" src=\"https:\/\/d2p6e6u75xmxt8.cloudfront.net\/12\/2021\/03\/1-scaled-1024x683.jpg\" class=\"attachment-large size-large\" alt=\"\" srcset=\"https:\/\/d2p6e6u75xmxt8.cloudfront.net\/12\/2021\/03\/1-scaled-1024x683.jpg 1024w, https:\/\/d2p6e6u75xmxt8.cloudfront.net\/12\/2021\/03\/1-scaled-300x200.jpg 300w, https:\/\/d2p6e6u75xmxt8.cloudfront.net\/12\/2021\/03\/1-scaled-768x512.jpg 768w, https:\/\/d2p6e6u75xmxt8.cloudfront.net\/12\/2021\/03\/1-scaled-1536x1024.jpg 1536w, https:\/\/d2p6e6u75xmxt8.cloudfront.net\/12\/2021\/03\/1-scaled-2048x1366.jpg 2048w, https:\/\/d2p6e6u75xmxt8.cloudfront.net\/12\/2021\/03\/1-scaled-1920x1280.jpg 1920w, https:\/\/d2p6e6u75xmxt8.cloudfront.net\/12\/2021\/03\/1-scaled-272x182.jpg 272w, https:\/\/d2p6e6u75xmxt8.cloudfront.net\/12\/2021\/03\/1-scaled-1920x1280.jpg 1920w\" sizes=\"auto, (max-width: 1024px) 100vw, 1024px\" \/><\/a>\n\t\t\t<\/div><\/figure><figure class='gallery-item'>\n\t\t\t<div class='gallery-icon landscape'>\n\t\t\t\t<a href='https:\/\/d2p6e6u75xmxt8.cloudfront.net\/12\/2021\/03\/2-1.jpg'><img loading=\"lazy\" decoding=\"async\" width=\"1024\" height=\"575\" src=\"https:\/\/d2p6e6u75xmxt8.cloudfront.net\/12\/2021\/03\/2-1-1024x575.jpg\" class=\"attachment-large size-large\" alt=\"\" srcset=\"https:\/\/d2p6e6u75xmxt8.cloudfront.net\/12\/2021\/03\/2-1-1024x575.jpg 1024w, https:\/\/d2p6e6u75xmxt8.cloudfront.net\/12\/2021\/03\/2-1-300x168.jpg 300w, https:\/\/d2p6e6u75xmxt8.cloudfront.net\/12\/2021\/03\/2-1-768x431.jpg 768w, https:\/\/d2p6e6u75xmxt8.cloudfront.net\/12\/2021\/03\/2-1-1536x862.jpg 1536w, https:\/\/d2p6e6u75xmxt8.cloudfront.net\/12\/2021\/03\/2-1.jpg 1920w\" sizes=\"auto, (max-width: 1024px) 100vw, 1024px\" \/><\/a>\n\t\t\t<\/div><\/figure><figure class='gallery-item'>\n\t\t\t<div class='gallery-icon landscape'>\n\t\t\t\t<a href='https:\/\/d2p6e6u75xmxt8.cloudfront.net\/12\/2021\/03\/3-1.jpg'><img loading=\"lazy\" decoding=\"async\" width=\"1022\" height=\"681\" src=\"https:\/\/d2p6e6u75xmxt8.cloudfront.net\/12\/2021\/03\/3-1.jpg\" class=\"attachment-large size-large\" alt=\"\" srcset=\"https:\/\/d2p6e6u75xmxt8.cloudfront.net\/12\/2021\/03\/3-1.jpg 1022w, https:\/\/d2p6e6u75xmxt8.cloudfront.net\/12\/2021\/03\/3-1-300x200.jpg 300w, https:\/\/d2p6e6u75xmxt8.cloudfront.net\/12\/2021\/03\/3-1-768x512.jpg 768w, https:\/\/d2p6e6u75xmxt8.cloudfront.net\/12\/2021\/03\/3-1-272x182.jpg 272w\" sizes=\"auto, (max-width: 1022px) 100vw, 1022px\" \/><\/a>\n\t\t\t<\/div><\/figure>\n\t\t<\/div>\n\n<p><strong>Kieg\u00e9sz\u00edt\u0151k<\/strong> \u2013 Nem sz\u00e1m\u00edt, milyen felszerel\u00e9s mellett d\u00f6ntesz, mindenk\u00e9pp vigy\u00e9l magaddal el\u00e9g akkumul\u00e1tort, powerbanket \u00e9s mem\u00f3riak\u00e1rty\u00e1t!<\/p>\n","protected":false},"excerpt":{"rendered":"<p>Im\u00e1dok fot\u00f3kat \u00e9s vide\u00f3napl\u00f3t k\u00e9sz\u00edteni bring\u00e1s kalandjaimr\u00f3l! Van, hogy a munk\u00e1mhoz kell, \u00e9s van, hogy csak sz\u00f3rakoz\u00e1sb\u00f3l, de soha nem [&hellip;]<\/p>\n","protected":false},"author":71,"featured_media":10390,"comment_status":"closed","ping_status":"closed","sticky":false,"template":"","format":"standard","meta":{"footnotes":""},"categories":[7],"tags":[],"global-categories":[],"class_list":["post-10384","post","type-post","status-publish","format-standard","has-post-thumbnail","hentry","category-trekking-mtb"],"yoast_head":"<!-- This site is optimized with the Yoast SEO Premium plugin v25.3 (Yoast SEO v25.9) - https:\/\/yoast.com\/wordpress\/plugins\/seo\/ -->\n<title>\u00cdgy k\u00e9sz\u00edts vide\u00f3t bring\u00e1s t\u00far\u00e1idr\u00f3l! - \u0160koda We Love Cycling - Magyarorsz\u00e1g<\/title>\n<meta name=\"description\" content=\"Im\u00e1dok fot\u00f3kat \u00e9s vide\u00f3napl\u00f3t k\u00e9sz\u00edteni bring\u00e1s kalandjaimr\u00f3l! Van, hogy a munk\u00e1mhoz kell, \u00e9s van, hogy csak sz\u00f3rakoz\u00e1sb\u00f3l, de soha nem hagyom el \u00fagy a h\u00e1zat, hogy ne k\u00e9sz\u00fcljek fel a felv\u00e9telre. A plusz s\u00faly, ami az extra felszerel\u00e9sb\u0151l ad\u00f3dik azonban elronthatja az \u00e9lm\u00e9nyt, ez\u00e9rt kital\u00e1ltam, hogyan tudok a lehet\u0151 legkevesebb eszk\u00f6zzel profi vide\u00f3kat csin\u00e1lni.\" \/>\n<meta name=\"robots\" content=\"index, follow, max-snippet:-1, max-image-preview:large, max-video-preview:-1\" \/>\n<link rel=\"canonical\" href=\"https:\/\/www.welovecycling.com\/hu\/trekking-mtb\/igy-keszits-videot-bringas-turaidrol\/\" \/>\n<meta property=\"og:locale\" content=\"hu_HU\" \/>\n<meta property=\"og:type\" content=\"article\" \/>\n<meta property=\"og:title\" content=\"\u00cdgy k\u00e9sz\u00edts vide\u00f3t bring\u00e1s t\u00far\u00e1idr\u00f3l!\" \/>\n<meta property=\"og:description\" content=\"Im\u00e1dok fot\u00f3kat \u00e9s vide\u00f3napl\u00f3t k\u00e9sz\u00edteni bring\u00e1s kalandjaimr\u00f3l! Van, hogy a munk\u00e1mhoz kell, \u00e9s van, hogy csak sz\u00f3rakoz\u00e1sb\u00f3l, de soha nem hagyom el \u00fagy a h\u00e1zat, hogy ne k\u00e9sz\u00fcljek fel a felv\u00e9telre. A plusz s\u00faly, ami az extra felszerel\u00e9sb\u0151l ad\u00f3dik azonban elronthatja az \u00e9lm\u00e9nyt, ez\u00e9rt kital\u00e1ltam, hogyan tudok a lehet\u0151 legkevesebb eszk\u00f6zzel profi vide\u00f3kat csin\u00e1lni.\" \/>\n<meta property=\"og:url\" content=\"https:\/\/www.welovecycling.com\/hu\/trekking-mtb\/igy-keszits-videot-bringas-turaidrol\/\" \/>\n<meta property=\"og:site_name\" content=\"\u0160koda We Love Cycling - Magyarorsz\u00e1g\" \/>\n<meta property=\"article:publisher\" content=\"https:\/\/www.facebook.com\/WeLoveCyclingHungary\/\" \/>\n<meta property=\"article:published_time\" content=\"2021-03-19T07:00:32+00:00\" \/>\n<meta property=\"og:image\" content=\"https:\/\/d2p6e6u75xmxt8.cloudfront.net\/12\/2021\/03\/BIKO-crew-CVR-1.jpg\" \/>\n\t<meta property=\"og:image:width\" content=\"1366\" \/>\n\t<meta property=\"og:image:height\" content=\"600\" \/>\n\t<meta property=\"og:image:type\" content=\"image\/jpeg\" \/>\n<meta name=\"author\" content=\"hegyizs\" \/>\n<meta name=\"twitter:card\" content=\"summary_large_image\" \/>\n<meta name=\"twitter:label1\" content=\"Written by\" \/>\n\t<meta name=\"twitter:data1\" content=\"Filippo Mari\" \/>\n\t<meta name=\"twitter:label2\" content=\"Est. reading time\" \/>\n\t<meta name=\"twitter:data2\" content=\"7\" \/>\n<script type=\"application\/ld+json\" class=\"yoast-schema-graph\">{\"@context\":\"https:\/\/schema.org\",\"@graph\":[{\"@type\":\"WebPage\",\"@id\":\"https:\/\/www.welovecycling.com\/hu\/trekking-mtb\/igy-keszits-videot-bringas-turaidrol\/\",\"url\":\"https:\/\/www.welovecycling.com\/hu\/trekking-mtb\/igy-keszits-videot-bringas-turaidrol\/\",\"name\":\"\u00cdgy k\u00e9sz\u00edts vide\u00f3t bring\u00e1s t\u00far\u00e1idr\u00f3l! - \u0160koda We Love Cycling - Magyarorsz\u00e1g\",\"isPartOf\":{\"@id\":\"https:\/\/www.welovecycling.com\/hu\/#website\"},\"primaryImageOfPage\":{\"@id\":\"https:\/\/www.welovecycling.com\/hu\/trekking-mtb\/igy-keszits-videot-bringas-turaidrol\/#primaryimage\"},\"image\":{\"@id\":\"https:\/\/www.welovecycling.com\/hu\/trekking-mtb\/igy-keszits-videot-bringas-turaidrol\/#primaryimage\"},\"thumbnailUrl\":\"https:\/\/d2p6e6u75xmxt8.cloudfront.net\/12\/2021\/03\/BIKO-crew-CVR-1.jpg\",\"datePublished\":\"2021-03-19T07:00:32+00:00\",\"author\":{\"@id\":\"https:\/\/www.welovecycling.com\/hu\/#\/schema\/person\/414a2aebf1801691a5320edb6468e194\"},\"description\":\"Im\u00e1dok fot\u00f3kat \u00e9s vide\u00f3napl\u00f3t k\u00e9sz\u00edteni bring\u00e1s kalandjaimr\u00f3l! Van, hogy a munk\u00e1mhoz kell, \u00e9s van, hogy csak sz\u00f3rakoz\u00e1sb\u00f3l, de soha nem hagyom el \u00fagy a h\u00e1zat, hogy ne k\u00e9sz\u00fcljek fel a felv\u00e9telre. A plusz s\u00faly, ami az extra felszerel\u00e9sb\u0151l ad\u00f3dik azonban elronthatja az \u00e9lm\u00e9nyt, ez\u00e9rt kital\u00e1ltam, hogyan tudok a lehet\u0151 legkevesebb eszk\u00f6zzel profi vide\u00f3kat csin\u00e1lni.\",\"breadcrumb\":{\"@id\":\"https:\/\/www.welovecycling.com\/hu\/trekking-mtb\/igy-keszits-videot-bringas-turaidrol\/#breadcrumb\"},\"inLanguage\":\"hu\",\"potentialAction\":[{\"@type\":\"ReadAction\",\"target\":[\"https:\/\/www.welovecycling.com\/hu\/trekking-mtb\/igy-keszits-videot-bringas-turaidrol\/\"]}]},{\"@type\":\"ImageObject\",\"inLanguage\":\"hu\",\"@id\":\"https:\/\/www.welovecycling.com\/hu\/trekking-mtb\/igy-keszits-videot-bringas-turaidrol\/#primaryimage\",\"url\":\"https:\/\/d2p6e6u75xmxt8.cloudfront.net\/12\/2021\/03\/BIKO-crew-CVR-1.jpg\",\"contentUrl\":\"https:\/\/d2p6e6u75xmxt8.cloudfront.net\/12\/2021\/03\/BIKO-crew-CVR-1.jpg\",\"width\":1366,\"height\":600,\"caption\":\"BIKO Crew\"},{\"@type\":\"BreadcrumbList\",\"@id\":\"https:\/\/www.welovecycling.com\/hu\/trekking-mtb\/igy-keszits-videot-bringas-turaidrol\/#breadcrumb\",\"itemListElement\":[{\"@type\":\"ListItem\",\"position\":1,\"name\":\"Home\",\"item\":\"https:\/\/www.welovecycling.com\/hu\/\"},{\"@type\":\"ListItem\",\"position\":2,\"name\":\"\u00cdgy k\u00e9sz\u00edts vide\u00f3t bring\u00e1s t\u00far\u00e1idr\u00f3l!\"}]},{\"@type\":\"WebSite\",\"@id\":\"https:\/\/www.welovecycling.com\/hu\/#website\",\"url\":\"https:\/\/www.welovecycling.com\/hu\/\",\"name\":\"\u0160koda We Love Cycling - Magyarorsz\u00e1g\",\"description\":\"\u0160koda WeLoveCycling\",\"potentialAction\":[{\"@type\":\"SearchAction\",\"target\":{\"@type\":\"EntryPoint\",\"urlTemplate\":\"https:\/\/www.welovecycling.com\/hu\/?s={search_term_string}\"},\"query-input\":{\"@type\":\"PropertyValueSpecification\",\"valueRequired\":true,\"valueName\":\"search_term_string\"}}],\"inLanguage\":\"hu\"},{\"@type\":\"Person\",\"@id\":\"https:\/\/www.welovecycling.com\/hu\/#\/schema\/person\/414a2aebf1801691a5320edb6468e194\",\"name\":\"hegyizs\",\"image\":{\"@type\":\"ImageObject\",\"inLanguage\":\"hu\",\"@id\":\"https:\/\/www.welovecycling.com\/hu\/#\/schema\/person\/image\/\",\"url\":\"https:\/\/secure.gravatar.com\/avatar\/02cf8a7906b8cf90cecb4679defac7cfd33a1c2e3b88e4903d947f3bb58eedd3?s=96&d=mm&r=g\",\"contentUrl\":\"https:\/\/secure.gravatar.com\/avatar\/02cf8a7906b8cf90cecb4679defac7cfd33a1c2e3b88e4903d947f3bb58eedd3?s=96&d=mm&r=g\",\"caption\":\"hegyizs\"},\"url\":\"https:\/\/www.welovecycling.com\/hu\/author\/hegyizs\/\"}]}<\/script>\n<!-- \/ Yoast SEO Premium plugin. -->","yoast_head_json":{"title":"\u00cdgy k\u00e9sz\u00edts vide\u00f3t bring\u00e1s t\u00far\u00e1idr\u00f3l! - \u0160koda We Love Cycling - Magyarorsz\u00e1g","description":"Im\u00e1dok fot\u00f3kat \u00e9s vide\u00f3napl\u00f3t k\u00e9sz\u00edteni bring\u00e1s kalandjaimr\u00f3l! Van, hogy a munk\u00e1mhoz kell, \u00e9s van, hogy csak sz\u00f3rakoz\u00e1sb\u00f3l, de soha nem hagyom el \u00fagy a h\u00e1zat, hogy ne k\u00e9sz\u00fcljek fel a felv\u00e9telre. A plusz s\u00faly, ami az extra felszerel\u00e9sb\u0151l ad\u00f3dik azonban elronthatja az \u00e9lm\u00e9nyt, ez\u00e9rt kital\u00e1ltam, hogyan tudok a lehet\u0151 legkevesebb eszk\u00f6zzel profi vide\u00f3kat csin\u00e1lni.","robots":{"index":"index","follow":"follow","max-snippet":"max-snippet:-1","max-image-preview":"max-image-preview:large","max-video-preview":"max-video-preview:-1"},"canonical":"https:\/\/www.welovecycling.com\/hu\/trekking-mtb\/igy-keszits-videot-bringas-turaidrol\/","og_locale":"hu_HU","og_type":"article","og_title":"\u00cdgy k\u00e9sz\u00edts vide\u00f3t bring\u00e1s t\u00far\u00e1idr\u00f3l!","og_description":"Im\u00e1dok fot\u00f3kat \u00e9s vide\u00f3napl\u00f3t k\u00e9sz\u00edteni bring\u00e1s kalandjaimr\u00f3l! Van, hogy a munk\u00e1mhoz kell, \u00e9s van, hogy csak sz\u00f3rakoz\u00e1sb\u00f3l, de soha nem hagyom el \u00fagy a h\u00e1zat, hogy ne k\u00e9sz\u00fcljek fel a felv\u00e9telre. A plusz s\u00faly, ami az extra felszerel\u00e9sb\u0151l ad\u00f3dik azonban elronthatja az \u00e9lm\u00e9nyt, ez\u00e9rt kital\u00e1ltam, hogyan tudok a lehet\u0151 legkevesebb eszk\u00f6zzel profi vide\u00f3kat csin\u00e1lni.","og_url":"https:\/\/www.welovecycling.com\/hu\/trekking-mtb\/igy-keszits-videot-bringas-turaidrol\/","og_site_name":"\u0160koda We Love Cycling - Magyarorsz\u00e1g","article_publisher":"https:\/\/www.facebook.com\/WeLoveCyclingHungary\/","article_published_time":"2021-03-19T07:00:32+00:00","og_image":[{"width":1366,"height":600,"url":"https:\/\/d2p6e6u75xmxt8.cloudfront.net\/12\/2021\/03\/BIKO-crew-CVR-1.jpg","type":"image\/jpeg"}],"author":"hegyizs","twitter_card":"summary_large_image","twitter_misc":{"Written by":"Filippo Mari","Est. reading time":"7"},"schema":{"@context":"https:\/\/schema.org","@graph":[{"@type":"WebPage","@id":"https:\/\/www.welovecycling.com\/hu\/trekking-mtb\/igy-keszits-videot-bringas-turaidrol\/","url":"https:\/\/www.welovecycling.com\/hu\/trekking-mtb\/igy-keszits-videot-bringas-turaidrol\/","name":"\u00cdgy k\u00e9sz\u00edts vide\u00f3t bring\u00e1s t\u00far\u00e1idr\u00f3l! - \u0160koda We Love Cycling - Magyarorsz\u00e1g","isPartOf":{"@id":"https:\/\/www.welovecycling.com\/hu\/#website"},"primaryImageOfPage":{"@id":"https:\/\/www.welovecycling.com\/hu\/trekking-mtb\/igy-keszits-videot-bringas-turaidrol\/#primaryimage"},"image":{"@id":"https:\/\/www.welovecycling.com\/hu\/trekking-mtb\/igy-keszits-videot-bringas-turaidrol\/#primaryimage"},"thumbnailUrl":"https:\/\/d2p6e6u75xmxt8.cloudfront.net\/12\/2021\/03\/BIKO-crew-CVR-1.jpg","datePublished":"2021-03-19T07:00:32+00:00","author":{"@id":"https:\/\/www.welovecycling.com\/hu\/#\/schema\/person\/414a2aebf1801691a5320edb6468e194"},"description":"Im\u00e1dok fot\u00f3kat \u00e9s vide\u00f3napl\u00f3t k\u00e9sz\u00edteni bring\u00e1s kalandjaimr\u00f3l! Van, hogy a munk\u00e1mhoz kell, \u00e9s van, hogy csak sz\u00f3rakoz\u00e1sb\u00f3l, de soha nem hagyom el \u00fagy a h\u00e1zat, hogy ne k\u00e9sz\u00fcljek fel a felv\u00e9telre. A plusz s\u00faly, ami az extra felszerel\u00e9sb\u0151l ad\u00f3dik azonban elronthatja az \u00e9lm\u00e9nyt, ez\u00e9rt kital\u00e1ltam, hogyan tudok a lehet\u0151 legkevesebb eszk\u00f6zzel profi vide\u00f3kat csin\u00e1lni.","breadcrumb":{"@id":"https:\/\/www.welovecycling.com\/hu\/trekking-mtb\/igy-keszits-videot-bringas-turaidrol\/#breadcrumb"},"inLanguage":"hu","potentialAction":[{"@type":"ReadAction","target":["https:\/\/www.welovecycling.com\/hu\/trekking-mtb\/igy-keszits-videot-bringas-turaidrol\/"]}]},{"@type":"ImageObject","inLanguage":"hu","@id":"https:\/\/www.welovecycling.com\/hu\/trekking-mtb\/igy-keszits-videot-bringas-turaidrol\/#primaryimage","url":"https:\/\/d2p6e6u75xmxt8.cloudfront.net\/12\/2021\/03\/BIKO-crew-CVR-1.jpg","contentUrl":"https:\/\/d2p6e6u75xmxt8.cloudfront.net\/12\/2021\/03\/BIKO-crew-CVR-1.jpg","width":1366,"height":600,"caption":"BIKO Crew"},{"@type":"BreadcrumbList","@id":"https:\/\/www.welovecycling.com\/hu\/trekking-mtb\/igy-keszits-videot-bringas-turaidrol\/#breadcrumb","itemListElement":[{"@type":"ListItem","position":1,"name":"Home","item":"https:\/\/www.welovecycling.com\/hu\/"},{"@type":"ListItem","position":2,"name":"\u00cdgy k\u00e9sz\u00edts vide\u00f3t bring\u00e1s t\u00far\u00e1idr\u00f3l!"}]},{"@type":"WebSite","@id":"https:\/\/www.welovecycling.com\/hu\/#website","url":"https:\/\/www.welovecycling.com\/hu\/","name":"\u0160koda We Love Cycling - Magyarorsz\u00e1g","description":"\u0160koda WeLoveCycling","potentialAction":[{"@type":"SearchAction","target":{"@type":"EntryPoint","urlTemplate":"https:\/\/www.welovecycling.com\/hu\/?s={search_term_string}"},"query-input":{"@type":"PropertyValueSpecification","valueRequired":true,"valueName":"search_term_string"}}],"inLanguage":"hu"},{"@type":"Person","@id":"https:\/\/www.welovecycling.com\/hu\/#\/schema\/person\/414a2aebf1801691a5320edb6468e194","name":"hegyizs","image":{"@type":"ImageObject","inLanguage":"hu","@id":"https:\/\/www.welovecycling.com\/hu\/#\/schema\/person\/image\/","url":"https:\/\/secure.gravatar.com\/avatar\/02cf8a7906b8cf90cecb4679defac7cfd33a1c2e3b88e4903d947f3bb58eedd3?s=96&d=mm&r=g","contentUrl":"https:\/\/secure.gravatar.com\/avatar\/02cf8a7906b8cf90cecb4679defac7cfd33a1c2e3b88e4903d947f3bb58eedd3?s=96&d=mm&r=g","caption":"hegyizs"},"url":"https:\/\/www.welovecycling.com\/hu\/author\/hegyizs\/"}]}},"_links":{"self":[{"href":"https:\/\/www.welovecycling.com\/hu\/wp-json\/wp\/v2\/posts\/10384","targetHints":{"allow":["GET"]}}],"collection":[{"href":"https:\/\/www.welovecycling.com\/hu\/wp-json\/wp\/v2\/posts"}],"about":[{"href":"https:\/\/www.welovecycling.com\/hu\/wp-json\/wp\/v2\/types\/post"}],"author":[{"embeddable":true,"href":"https:\/\/www.welovecycling.com\/hu\/wp-json\/wp\/v2\/users\/71"}],"replies":[{"embeddable":true,"href":"https:\/\/www.welovecycling.com\/hu\/wp-json\/wp\/v2\/comments?post=10384"}],"version-history":[{"count":2,"href":"https:\/\/www.welovecycling.com\/hu\/wp-json\/wp\/v2\/posts\/10384\/revisions"}],"predecessor-version":[{"id":10407,"href":"https:\/\/www.welovecycling.com\/hu\/wp-json\/wp\/v2\/posts\/10384\/revisions\/10407"}],"wp:featuredmedia":[{"embeddable":true,"href":"https:\/\/www.welovecycling.com\/hu\/wp-json\/wp\/v2\/media\/10390"}],"wp:attachment":[{"href":"https:\/\/www.welovecycling.com\/hu\/wp-json\/wp\/v2\/media?parent=10384"}],"wp:term":[{"taxonomy":"category","embeddable":true,"href":"https:\/\/www.welovecycling.com\/hu\/wp-json\/wp\/v2\/categories?post=10384"},{"taxonomy":"post_tag","embeddable":true,"href":"https:\/\/www.welovecycling.com\/hu\/wp-json\/wp\/v2\/tags?post=10384"},{"taxonomy":"global-categories","embeddable":true,"href":"https:\/\/www.welovecycling.com\/hu\/wp-json\/wp\/v2\/global-categories?post=10384"}],"curies":[{"name":"wp","href":"https:\/\/api.w.org\/{rel}","templated":true}]}}