{"id":10369,"date":"2021-03-17T08:00:24","date_gmt":"2021-03-17T07:00:24","guid":{"rendered":"https:\/\/www.welovecycling.com\/hu\/?p=10369"},"modified":"2021-03-12T11:22:16","modified_gmt":"2021-03-12T10:22:16","slug":"hogyan-legyel-boldogabb-bringas","status":"publish","type":"post","link":"https:\/\/www.welovecycling.com\/hu\/edzes-es-eletmod\/hogyan-legyel-boldogabb-bringas\/","title":{"rendered":"Hogyan legy\u00e9l boldogabb (bring\u00e1s)?"},"content":{"rendered":"<p><strong>Mostanra m\u00e1r elhom\u00e1lyosodtak az \u00faj\u00e9vi fogadalmak, a tavasz pedig a meg\u00fajul\u00e1s szimb\u00f3luma, teh\u00e1t itt az ideje \u00fajra \u00e1tvizsg\u00e1lni az \u00e9letvitel\u00fcnket! K\u00e9pesek vagyunk ragaszkodni j\u00f3 szok\u00e1sainkhoz? Seg\u00edtenek ezek abban, hogy boldogok legy\u00fcnk? Ha a v\u00e1lasz ezekre a k\u00e9rd\u00e9sekre nem, ennek az lehet az oka, hogy a fogy\u00e1s vagy egy-egy verseny nem j\u00f3 c\u00e9l. A probl\u00e9ma az, hogy nem tudjuk, mi tesz minket boldogg\u00e1. Elhoztuk n\u00e9h\u00e1ny pszichol\u00f3gus \u00e9s motiv\u00e1ci\u00f3s szak\u00e9rt\u0151 tan\u00e1csait, amik seg\u00edthetnek, hogy az idei \u00e9v jobb legyen, mint az el\u0151z\u0151 volt.<\/strong><!--more--><\/p>\n<h2><strong>H\u00e1rom alapsz\u00fcks\u00e9glet<\/strong><\/h2>\n<p><a href=\"https:\/\/d2p6e6u75xmxt8.cloudfront.net\/2\/2021\/03\/Women-friends-cycling-profimedia-0580438388.jpg\"><img loading=\"lazy\" decoding=\"async\" class=\"alignnone size-large wp-image-10370\" src=\"https:\/\/d2p6e6u75xmxt8.cloudfront.net\/12\/2021\/03\/Women-friends-cycling-profimedia-0580438388-1024x682.jpg\" alt=\"Happy cyclists\" width=\"1024\" height=\"682\" srcset=\"https:\/\/d2p6e6u75xmxt8.cloudfront.net\/12\/2021\/03\/Women-friends-cycling-profimedia-0580438388-1024x682.jpg 1024w, https:\/\/d2p6e6u75xmxt8.cloudfront.net\/12\/2021\/03\/Women-friends-cycling-profimedia-0580438388-300x200.jpg 300w, https:\/\/d2p6e6u75xmxt8.cloudfront.net\/12\/2021\/03\/Women-friends-cycling-profimedia-0580438388-768x512.jpg 768w, https:\/\/d2p6e6u75xmxt8.cloudfront.net\/12\/2021\/03\/Women-friends-cycling-profimedia-0580438388-272x182.jpg 272w, https:\/\/d2p6e6u75xmxt8.cloudfront.net\/12\/2021\/03\/Women-friends-cycling-profimedia-0580438388.jpg 1250w\" sizes=\"auto, (max-width: 1024px) 100vw, 1024px\" \/><\/a><\/p>\n<p>Az egyik legsz\u00e9lesebb k\u00f6rben elfogadott motiv\u00e1ci\u00f3s modell, az \u00fan. az \u00f6nrendelkez\u00e9si elm\u00e9let (SDT) szerint, ha motiv\u00e1latlanok vagy boldogtalanok vagyunk, akkor ez az\u00e9rt lehet, mert nem teljes\u00edtj\u00fck a 3 alapvet\u0151 sz\u00fcks\u00e9glet\u00fcnk egyik\u00e9t.<\/p>\n<ol>\n<li><strong>Kapcsolat<\/strong> &#8211; A m\u00e1sokkal val\u00f3 kapcsolattart\u00e1s, a k\u00f6z\u00f6s munka, az \u00f6sszetartoz\u00e1s \u00e9s a k\u00f6z\u00f6s \u00e9lm\u00e9nyek ig\u00e9nye.<\/li>\n<li><strong>Kompetencia<\/strong> \u2013 Annak sz\u00fcks\u00e9ge, hogy \u00e9rezz\u00fck, hogy mi ir\u00e1ny\u00edtunk, hogy hat\u00e9konyak vagyunk, j\u00f3l teljes\u00edt\u00fcnk \u00e9s k\u00e9pesek vagyunk fejl\u0151dni.<\/li>\n<li><strong>Auton\u00f3mia<\/strong> &#8211; Az \u00e1ltal\u00e1nos pszichol\u00f3giai szabads\u00e1g \u00e1t\u00e9l\u00e9s\u00e9nek \u00e9s az olyan tev\u00e9kenys\u00e9gek folytat\u00e1s\u00e1nak sz\u00fcks\u00e9gess\u00e9ge, amelyekben szem\u00e9lyes \u00e9rt\u00e9ket tal\u00e1lunk.<\/li>\n<\/ol>\n<h2><strong>Adni j\u00f3: mindh\u00e1rmat kipip\u00e1lja!<\/strong><\/h2>\n<p><a href=\"https:\/\/d2p6e6u75xmxt8.cloudfront.net\/2\/2021\/03\/Tour-Moscow-profimedia-0556434988.jpg\"><img loading=\"lazy\" decoding=\"async\" class=\"alignnone size-large wp-image-10371\" src=\"https:\/\/d2p6e6u75xmxt8.cloudfront.net\/12\/2021\/03\/Tour-Moscow-profimedia-0556434988-1024x682.jpg\" alt=\"Help\" width=\"1024\" height=\"682\" srcset=\"https:\/\/d2p6e6u75xmxt8.cloudfront.net\/12\/2021\/03\/Tour-Moscow-profimedia-0556434988-1024x682.jpg 1024w, https:\/\/d2p6e6u75xmxt8.cloudfront.net\/12\/2021\/03\/Tour-Moscow-profimedia-0556434988-300x200.jpg 300w, https:\/\/d2p6e6u75xmxt8.cloudfront.net\/12\/2021\/03\/Tour-Moscow-profimedia-0556434988-768x512.jpg 768w, https:\/\/d2p6e6u75xmxt8.cloudfront.net\/12\/2021\/03\/Tour-Moscow-profimedia-0556434988-272x182.jpg 272w, https:\/\/d2p6e6u75xmxt8.cloudfront.net\/12\/2021\/03\/Tour-Moscow-profimedia-0556434988.jpg 1250w\" sizes=\"auto, (max-width: 1024px) 100vw, 1024px\" \/><\/a><br \/>\nRichard Ryan, a Rochesteri Egyetem pszichol\u00f3gia professzora, aki k\u00f6r\u00fclbel\u00fcl 40 \u00e9vvel ezel\u0151tt seg\u00edtett az SDT modell kifejleszt\u00e9s\u00e9ben, a k\u00f6vetkez\u0151t tan\u00e1csolta: <em>\u201eGondolj arra, hogyan tudn\u00e1l seg\u00edteni! Nagyon sok n\u00e9lk\u00fcl\u00f6z\u00e9s van jelen a vil\u00e1gban. Ha olyan c\u00e9lokat t\u0171z\u00f6l ki, melyekkel seg\u00edtesz m\u00e1soknak, azzal saj\u00e1t j\u00f3l\u00e9tedhez is hozz\u00e1j\u00e1rulsz. \u201d<\/em><\/p>\n<p>Richard \u00e9s az STD t\u00e1rsszerz\u0151je, Edward Deci szerint minden ember term\u00e9szetesen hajlik arra, hogy eg\u00e9szs\u00e9ges \u00e9s hat\u00e9kony legyen. Ezek a viselked\u00e9si mint\u00e1k azonban nem automatikusak, aktiv\u00e1lnunk kell \u0151ket. <em>\u201eHa olyan c\u00e9lokat akarsz kit\u0171zni, melyek t\u00e9nyleg boldogg\u00e1 tesznek, gondolkozz azon, hogyan seg\u00edthetsz a vil\u00e1gnak. Ezzel mindh\u00e1rom alapvet\u0151 sz\u00fcks\u00e9glet teljes\u00fcl.\u201d<\/em><\/p>\n<h2><strong>Seg\u00edts m\u00e1s bring\u00e1soknak!<\/strong><\/h2>\n<p><a href=\"https:\/\/d2p6e6u75xmxt8.cloudfront.net\/2\/2021\/03\/Cycling-in-park-profimedia-0518593475.jpg\"><img loading=\"lazy\" decoding=\"async\" class=\"alignnone size-large wp-image-10372\" src=\"https:\/\/d2p6e6u75xmxt8.cloudfront.net\/12\/2021\/03\/Cycling-in-park-profimedia-0518593475-1024x663.jpg\" alt=\"Friends cycling\" width=\"1024\" height=\"663\" srcset=\"https:\/\/d2p6e6u75xmxt8.cloudfront.net\/12\/2021\/03\/Cycling-in-park-profimedia-0518593475-1024x663.jpg 1024w, https:\/\/d2p6e6u75xmxt8.cloudfront.net\/12\/2021\/03\/Cycling-in-park-profimedia-0518593475-300x194.jpg 300w, https:\/\/d2p6e6u75xmxt8.cloudfront.net\/12\/2021\/03\/Cycling-in-park-profimedia-0518593475-768x497.jpg 768w, https:\/\/d2p6e6u75xmxt8.cloudfront.net\/12\/2021\/03\/Cycling-in-park-profimedia-0518593475.jpg 1250w\" sizes=\"auto, (max-width: 1024px) 100vw, 1024px\" \/><\/a><\/p>\n<p>Teh\u00e1t tudv\u00e1n, hogy a vil\u00e1g \u00e9s m\u00e1sok megseg\u00edt\u00e9se el\u00e9g megb\u00edzhat\u00f3 m\u00f3dszer arra, hogy boldogabbnak \u00e9s motiv\u00e1ltabbnak \u00e9rezd magad, m\u00e1r csak az a k\u00e9rd\u00e9s, hogy hogyan seg\u00edthetsz? \u00cdme n\u00e9h\u00e1ny \u00f6tlet:<\/p>\n<ul>\n<li>Ker\u00e9kp\u00e1rral ing\u00e1zz! Seg\u00edts cs\u00f6kkenteni a k\u00e1rosanyag-kibocs\u00e1t\u00e1st \u00e9s a forgalmi torl\u00f3d\u00e1sokat!<\/li>\n<li>H\u00edvd el a bar\u00e1taidat is ker\u00e9kp\u00e1rozni! Seg\u00edts nekik megjav\u00edtani a r\u00e9gi bring\u00e1jukat!<\/li>\n<li>Adj tan\u00e1csot a kev\u00e9sb\u00e9 tapasztalt ker\u00e9kp\u00e1rosoknak, offline \u00e9s online!<\/li>\n<li>\u00c1llj meg \u00e9s aj\u00e1nld fel a seg\u00edts\u00e9ged, ha egy ker\u00e9kp\u00e1ros (vagy b\u00e1rki) r\u00e1szorul!<\/li>\n<\/ul>\n<p>Mindig van, akinek j\u00f3l j\u00f6n a seg\u00edts\u00e9g. Legy\u00e9l ott, amikor sz\u00fcks\u00e9g van r\u00e1d, \u00e9s legyen boldogabb az idei \u00e9v!<\/p>\n","protected":false},"excerpt":{"rendered":"<p>Mostanra m\u00e1r elhom\u00e1lyosodtak az \u00faj\u00e9vi fogadalmak, a tavasz pedig a meg\u00fajul\u00e1s szimb\u00f3luma, teh\u00e1t itt az ideje \u00fajra \u00e1tvizsg\u00e1lni az \u00e9letvitel\u00fcnket! [&hellip;]<\/p>\n","protected":false},"author":71,"featured_media":10374,"comment_status":"closed","ping_status":"closed","sticky":false,"template":"","format":"standard","meta":{"footnotes":""},"categories":[6],"tags":[],"global-categories":[],"class_list":["post-10369","post","type-post","status-publish","format-standard","has-post-thumbnail","hentry","category-edzes-es-eletmod"],"yoast_head":"<!-- This site is optimized with the Yoast SEO Premium plugin v25.3 (Yoast SEO v25.9) - https:\/\/yoast.com\/wordpress\/plugins\/seo\/ -->\n<title>Hogyan legy\u00e9l boldogabb (bring\u00e1s)? - \u0160koda We Love Cycling - Magyarorsz\u00e1g<\/title>\n<meta name=\"description\" content=\"Mostanra m\u00e1r elhom\u00e1lyosodtak az \u00faj\u00e9vi fogadalmak, a tavasz pedig a meg\u00fajul\u00e1s szimb\u00f3luma, teh\u00e1t itt az ideje \u00fajra \u00e1tvizsg\u00e1lni az \u00e9letvitel\u00fcnket! K\u00e9pesek vagyunk ragaszkodni j\u00f3 szok\u00e1sainkhoz?\" \/>\n<meta name=\"robots\" content=\"index, follow, max-snippet:-1, max-image-preview:large, max-video-preview:-1\" \/>\n<link rel=\"canonical\" href=\"https:\/\/www.welovecycling.com\/hu\/edzes-es-eletmod\/hogyan-legyel-boldogabb-bringas\/\" \/>\n<meta property=\"og:locale\" content=\"hu_HU\" \/>\n<meta property=\"og:type\" content=\"article\" \/>\n<meta property=\"og:title\" content=\"Hogyan legy\u00e9l boldogabb (bring\u00e1s)?\" \/>\n<meta property=\"og:description\" content=\"Mostanra m\u00e1r elhom\u00e1lyosodtak az \u00faj\u00e9vi fogadalmak, a tavasz pedig a meg\u00fajul\u00e1s szimb\u00f3luma, teh\u00e1t itt az ideje \u00fajra \u00e1tvizsg\u00e1lni az \u00e9letvitel\u00fcnket! K\u00e9pesek vagyunk ragaszkodni j\u00f3 szok\u00e1sainkhoz?\" \/>\n<meta property=\"og:url\" content=\"https:\/\/www.welovecycling.com\/hu\/edzes-es-eletmod\/hogyan-legyel-boldogabb-bringas\/\" \/>\n<meta property=\"og:site_name\" content=\"\u0160koda We Love Cycling - Magyarorsz\u00e1g\" \/>\n<meta property=\"article:publisher\" content=\"https:\/\/www.facebook.com\/WeLoveCyclingHungary\/\" \/>\n<meta property=\"article:published_time\" content=\"2021-03-17T07:00:24+00:00\" \/>\n<meta property=\"og:image\" content=\"https:\/\/d2p6e6u75xmxt8.cloudfront.net\/12\/2021\/03\/Tour-Down-Under-profimedia-0494341297-CVR.jpg\" \/>\n\t<meta property=\"og:image:width\" content=\"1366\" \/>\n\t<meta property=\"og:image:height\" content=\"600\" \/>\n\t<meta property=\"og:image:type\" content=\"image\/jpeg\" \/>\n<meta name=\"author\" content=\"hegyizs\" \/>\n<meta name=\"twitter:card\" content=\"summary_large_image\" \/>\n<meta name=\"twitter:label1\" content=\"Written by\" \/>\n\t<meta name=\"twitter:data1\" content=\"Jiri Kaloc\" \/>\n\t<meta name=\"twitter:label2\" content=\"Est. reading time\" \/>\n\t<meta name=\"twitter:data2\" content=\"5\" \/>\n<script type=\"application\/ld+json\" class=\"yoast-schema-graph\">{\"@context\":\"https:\/\/schema.org\",\"@graph\":[{\"@type\":\"WebPage\",\"@id\":\"https:\/\/www.welovecycling.com\/hu\/edzes-es-eletmod\/hogyan-legyel-boldogabb-bringas\/\",\"url\":\"https:\/\/www.welovecycling.com\/hu\/edzes-es-eletmod\/hogyan-legyel-boldogabb-bringas\/\",\"name\":\"Hogyan legy\u00e9l boldogabb (bring\u00e1s)? - \u0160koda We Love Cycling - Magyarorsz\u00e1g\",\"isPartOf\":{\"@id\":\"https:\/\/www.welovecycling.com\/hu\/#website\"},\"primaryImageOfPage\":{\"@id\":\"https:\/\/www.welovecycling.com\/hu\/edzes-es-eletmod\/hogyan-legyel-boldogabb-bringas\/#primaryimage\"},\"image\":{\"@id\":\"https:\/\/www.welovecycling.com\/hu\/edzes-es-eletmod\/hogyan-legyel-boldogabb-bringas\/#primaryimage\"},\"thumbnailUrl\":\"https:\/\/d2p6e6u75xmxt8.cloudfront.net\/12\/2021\/03\/Tour-Down-Under-profimedia-0494341297-CVR.jpg\",\"datePublished\":\"2021-03-17T07:00:24+00:00\",\"author\":{\"@id\":\"https:\/\/www.welovecycling.com\/hu\/#\/schema\/person\/414a2aebf1801691a5320edb6468e194\"},\"description\":\"Mostanra m\u00e1r elhom\u00e1lyosodtak az \u00faj\u00e9vi fogadalmak, a tavasz pedig a meg\u00fajul\u00e1s szimb\u00f3luma, teh\u00e1t itt az ideje \u00fajra \u00e1tvizsg\u00e1lni az \u00e9letvitel\u00fcnket! K\u00e9pesek vagyunk ragaszkodni j\u00f3 szok\u00e1sainkhoz?\",\"breadcrumb\":{\"@id\":\"https:\/\/www.welovecycling.com\/hu\/edzes-es-eletmod\/hogyan-legyel-boldogabb-bringas\/#breadcrumb\"},\"inLanguage\":\"hu\",\"potentialAction\":[{\"@type\":\"ReadAction\",\"target\":[\"https:\/\/www.welovecycling.com\/hu\/edzes-es-eletmod\/hogyan-legyel-boldogabb-bringas\/\"]}]},{\"@type\":\"ImageObject\",\"inLanguage\":\"hu\",\"@id\":\"https:\/\/www.welovecycling.com\/hu\/edzes-es-eletmod\/hogyan-legyel-boldogabb-bringas\/#primaryimage\",\"url\":\"https:\/\/d2p6e6u75xmxt8.cloudfront.net\/12\/2021\/03\/Tour-Down-Under-profimedia-0494341297-CVR.jpg\",\"contentUrl\":\"https:\/\/d2p6e6u75xmxt8.cloudfront.net\/12\/2021\/03\/Tour-Down-Under-profimedia-0494341297-CVR.jpg\",\"width\":1366,\"height\":600,\"caption\":\"Tour Down Under\"},{\"@type\":\"BreadcrumbList\",\"@id\":\"https:\/\/www.welovecycling.com\/hu\/edzes-es-eletmod\/hogyan-legyel-boldogabb-bringas\/#breadcrumb\",\"itemListElement\":[{\"@type\":\"ListItem\",\"position\":1,\"name\":\"Home\",\"item\":\"https:\/\/www.welovecycling.com\/hu\/\"},{\"@type\":\"ListItem\",\"position\":2,\"name\":\"Hogyan legy\u00e9l boldogabb (bring\u00e1s)?\"}]},{\"@type\":\"WebSite\",\"@id\":\"https:\/\/www.welovecycling.com\/hu\/#website\",\"url\":\"https:\/\/www.welovecycling.com\/hu\/\",\"name\":\"\u0160koda We Love Cycling - Magyarorsz\u00e1g\",\"description\":\"\u0160koda WeLoveCycling\",\"potentialAction\":[{\"@type\":\"SearchAction\",\"target\":{\"@type\":\"EntryPoint\",\"urlTemplate\":\"https:\/\/www.welovecycling.com\/hu\/?s={search_term_string}\"},\"query-input\":{\"@type\":\"PropertyValueSpecification\",\"valueRequired\":true,\"valueName\":\"search_term_string\"}}],\"inLanguage\":\"hu\"},{\"@type\":\"Person\",\"@id\":\"https:\/\/www.welovecycling.com\/hu\/#\/schema\/person\/414a2aebf1801691a5320edb6468e194\",\"name\":\"hegyizs\",\"image\":{\"@type\":\"ImageObject\",\"inLanguage\":\"hu\",\"@id\":\"https:\/\/www.welovecycling.com\/hu\/#\/schema\/person\/image\/\",\"url\":\"https:\/\/secure.gravatar.com\/avatar\/02cf8a7906b8cf90cecb4679defac7cfd33a1c2e3b88e4903d947f3bb58eedd3?s=96&d=mm&r=g\",\"contentUrl\":\"https:\/\/secure.gravatar.com\/avatar\/02cf8a7906b8cf90cecb4679defac7cfd33a1c2e3b88e4903d947f3bb58eedd3?s=96&d=mm&r=g\",\"caption\":\"hegyizs\"},\"url\":\"https:\/\/www.welovecycling.com\/hu\/author\/hegyizs\/\"}]}<\/script>\n<!-- \/ Yoast SEO Premium plugin. -->","yoast_head_json":{"title":"Hogyan legy\u00e9l boldogabb (bring\u00e1s)? - \u0160koda We Love Cycling - Magyarorsz\u00e1g","description":"Mostanra m\u00e1r elhom\u00e1lyosodtak az \u00faj\u00e9vi fogadalmak, a tavasz pedig a meg\u00fajul\u00e1s szimb\u00f3luma, teh\u00e1t itt az ideje \u00fajra \u00e1tvizsg\u00e1lni az \u00e9letvitel\u00fcnket! K\u00e9pesek vagyunk ragaszkodni j\u00f3 szok\u00e1sainkhoz?","robots":{"index":"index","follow":"follow","max-snippet":"max-snippet:-1","max-image-preview":"max-image-preview:large","max-video-preview":"max-video-preview:-1"},"canonical":"https:\/\/www.welovecycling.com\/hu\/edzes-es-eletmod\/hogyan-legyel-boldogabb-bringas\/","og_locale":"hu_HU","og_type":"article","og_title":"Hogyan legy\u00e9l boldogabb (bring\u00e1s)?","og_description":"Mostanra m\u00e1r elhom\u00e1lyosodtak az \u00faj\u00e9vi fogadalmak, a tavasz pedig a meg\u00fajul\u00e1s szimb\u00f3luma, teh\u00e1t itt az ideje \u00fajra \u00e1tvizsg\u00e1lni az \u00e9letvitel\u00fcnket! K\u00e9pesek vagyunk ragaszkodni j\u00f3 szok\u00e1sainkhoz?","og_url":"https:\/\/www.welovecycling.com\/hu\/edzes-es-eletmod\/hogyan-legyel-boldogabb-bringas\/","og_site_name":"\u0160koda We Love Cycling - Magyarorsz\u00e1g","article_publisher":"https:\/\/www.facebook.com\/WeLoveCyclingHungary\/","article_published_time":"2021-03-17T07:00:24+00:00","og_image":[{"width":1366,"height":600,"url":"https:\/\/d2p6e6u75xmxt8.cloudfront.net\/12\/2021\/03\/Tour-Down-Under-profimedia-0494341297-CVR.jpg","type":"image\/jpeg"}],"author":"hegyizs","twitter_card":"summary_large_image","twitter_misc":{"Written by":"Jiri Kaloc","Est. reading time":"5"},"schema":{"@context":"https:\/\/schema.org","@graph":[{"@type":"WebPage","@id":"https:\/\/www.welovecycling.com\/hu\/edzes-es-eletmod\/hogyan-legyel-boldogabb-bringas\/","url":"https:\/\/www.welovecycling.com\/hu\/edzes-es-eletmod\/hogyan-legyel-boldogabb-bringas\/","name":"Hogyan legy\u00e9l boldogabb (bring\u00e1s)? - \u0160koda We Love Cycling - Magyarorsz\u00e1g","isPartOf":{"@id":"https:\/\/www.welovecycling.com\/hu\/#website"},"primaryImageOfPage":{"@id":"https:\/\/www.welovecycling.com\/hu\/edzes-es-eletmod\/hogyan-legyel-boldogabb-bringas\/#primaryimage"},"image":{"@id":"https:\/\/www.welovecycling.com\/hu\/edzes-es-eletmod\/hogyan-legyel-boldogabb-bringas\/#primaryimage"},"thumbnailUrl":"https:\/\/d2p6e6u75xmxt8.cloudfront.net\/12\/2021\/03\/Tour-Down-Under-profimedia-0494341297-CVR.jpg","datePublished":"2021-03-17T07:00:24+00:00","author":{"@id":"https:\/\/www.welovecycling.com\/hu\/#\/schema\/person\/414a2aebf1801691a5320edb6468e194"},"description":"Mostanra m\u00e1r elhom\u00e1lyosodtak az \u00faj\u00e9vi fogadalmak, a tavasz pedig a meg\u00fajul\u00e1s szimb\u00f3luma, teh\u00e1t itt az ideje \u00fajra \u00e1tvizsg\u00e1lni az \u00e9letvitel\u00fcnket! K\u00e9pesek vagyunk ragaszkodni j\u00f3 szok\u00e1sainkhoz?","breadcrumb":{"@id":"https:\/\/www.welovecycling.com\/hu\/edzes-es-eletmod\/hogyan-legyel-boldogabb-bringas\/#breadcrumb"},"inLanguage":"hu","potentialAction":[{"@type":"ReadAction","target":["https:\/\/www.welovecycling.com\/hu\/edzes-es-eletmod\/hogyan-legyel-boldogabb-bringas\/"]}]},{"@type":"ImageObject","inLanguage":"hu","@id":"https:\/\/www.welovecycling.com\/hu\/edzes-es-eletmod\/hogyan-legyel-boldogabb-bringas\/#primaryimage","url":"https:\/\/d2p6e6u75xmxt8.cloudfront.net\/12\/2021\/03\/Tour-Down-Under-profimedia-0494341297-CVR.jpg","contentUrl":"https:\/\/d2p6e6u75xmxt8.cloudfront.net\/12\/2021\/03\/Tour-Down-Under-profimedia-0494341297-CVR.jpg","width":1366,"height":600,"caption":"Tour Down Under"},{"@type":"BreadcrumbList","@id":"https:\/\/www.welovecycling.com\/hu\/edzes-es-eletmod\/hogyan-legyel-boldogabb-bringas\/#breadcrumb","itemListElement":[{"@type":"ListItem","position":1,"name":"Home","item":"https:\/\/www.welovecycling.com\/hu\/"},{"@type":"ListItem","position":2,"name":"Hogyan legy\u00e9l boldogabb (bring\u00e1s)?"}]},{"@type":"WebSite","@id":"https:\/\/www.welovecycling.com\/hu\/#website","url":"https:\/\/www.welovecycling.com\/hu\/","name":"\u0160koda We Love Cycling - Magyarorsz\u00e1g","description":"\u0160koda WeLoveCycling","potentialAction":[{"@type":"SearchAction","target":{"@type":"EntryPoint","urlTemplate":"https:\/\/www.welovecycling.com\/hu\/?s={search_term_string}"},"query-input":{"@type":"PropertyValueSpecification","valueRequired":true,"valueName":"search_term_string"}}],"inLanguage":"hu"},{"@type":"Person","@id":"https:\/\/www.welovecycling.com\/hu\/#\/schema\/person\/414a2aebf1801691a5320edb6468e194","name":"hegyizs","image":{"@type":"ImageObject","inLanguage":"hu","@id":"https:\/\/www.welovecycling.com\/hu\/#\/schema\/person\/image\/","url":"https:\/\/secure.gravatar.com\/avatar\/02cf8a7906b8cf90cecb4679defac7cfd33a1c2e3b88e4903d947f3bb58eedd3?s=96&d=mm&r=g","contentUrl":"https:\/\/secure.gravatar.com\/avatar\/02cf8a7906b8cf90cecb4679defac7cfd33a1c2e3b88e4903d947f3bb58eedd3?s=96&d=mm&r=g","caption":"hegyizs"},"url":"https:\/\/www.welovecycling.com\/hu\/author\/hegyizs\/"}]}},"_links":{"self":[{"href":"https:\/\/www.welovecycling.com\/hu\/wp-json\/wp\/v2\/posts\/10369","targetHints":{"allow":["GET"]}}],"collection":[{"href":"https:\/\/www.welovecycling.com\/hu\/wp-json\/wp\/v2\/posts"}],"about":[{"href":"https:\/\/www.welovecycling.com\/hu\/wp-json\/wp\/v2\/types\/post"}],"author":[{"embeddable":true,"href":"https:\/\/www.welovecycling.com\/hu\/wp-json\/wp\/v2\/users\/71"}],"replies":[{"embeddable":true,"href":"https:\/\/www.welovecycling.com\/hu\/wp-json\/wp\/v2\/comments?post=10369"}],"version-history":[{"count":2,"href":"https:\/\/www.welovecycling.com\/hu\/wp-json\/wp\/v2\/posts\/10369\/revisions"}],"predecessor-version":[{"id":10395,"href":"https:\/\/www.welovecycling.com\/hu\/wp-json\/wp\/v2\/posts\/10369\/revisions\/10395"}],"wp:featuredmedia":[{"embeddable":true,"href":"https:\/\/www.welovecycling.com\/hu\/wp-json\/wp\/v2\/media\/10374"}],"wp:attachment":[{"href":"https:\/\/www.welovecycling.com\/hu\/wp-json\/wp\/v2\/media?parent=10369"}],"wp:term":[{"taxonomy":"category","embeddable":true,"href":"https:\/\/www.welovecycling.com\/hu\/wp-json\/wp\/v2\/categories?post=10369"},{"taxonomy":"post_tag","embeddable":true,"href":"https:\/\/www.welovecycling.com\/hu\/wp-json\/wp\/v2\/tags?post=10369"},{"taxonomy":"global-categories","embeddable":true,"href":"https:\/\/www.welovecycling.com\/hu\/wp-json\/wp\/v2\/global-categories?post=10369"}],"curies":[{"name":"wp","href":"https:\/\/api.w.org\/{rel}","templated":true}]}}