{"id":10363,"date":"2021-03-16T08:00:45","date_gmt":"2021-03-16T07:00:45","guid":{"rendered":"https:\/\/www.welovecycling.com\/hu\/?p=10363"},"modified":"2021-03-12T11:21:40","modified_gmt":"2021-03-12T10:21:40","slug":"az-osszecsukhato-biciklik-tortenete-a-nehez-malhaktol-a-3000-euros-modellekig","status":"publish","type":"post","link":"https:\/\/www.welovecycling.com\/hu\/kozosseg-es-kultura\/az-osszecsukhato-biciklik-tortenete-a-nehez-malhaktol-a-3000-euros-modellekig\/","title":{"rendered":"Az \u00f6sszecsukhat\u00f3 biciklik t\u00f6rt\u00e9nete: a neh\u00e9z m\u00e1lh\u00e1kt\u00f3l a 3000 eur\u00f3s modellekig"},"content":{"rendered":"<p><strong>Az \u00f6sszecsukhat\u00f3 kempingasztalok, f\u00e9s\u0171k \u00e9s bicsk\u00e1k ut\u00e1n nem kellett sok id\u0151, hogy a ker\u00e9kp\u00e1r is ugyanerre a sorsra jusson. \u00cdgy tervezt\u00e9k meg az els\u0151 olyan bring\u00e1t, amit f\u00e9lbe lehetett hajtani a k\u00f6nnyebb sz\u00e1ll\u00edt\u00e1s \u00e9rdek\u00e9ben. Sok nagyszer\u0171 tal\u00e1lm\u00e1nyhoz hasonl\u00f3an, itt is a hadsereg volt az els\u0151dleges c\u00e9lcsoport.<\/strong><\/p>\n<p><!--more--><\/p>\n<p>A francia hadsereg \u00f6sszecsukhat\u00f3 ker\u00e9kp\u00e1rjai az 1890-es \u00e9vek elej\u00e9n keltett\u00e9k fel a vil\u00e1g \u00e9rdekl\u0151d\u00e9s\u00e9t. Az \u0151 p\u00e9ld\u00e1jukat k\u00f6vette hamarosan a brit hader\u0151, \u00e9s a m\u00e1sodik b\u00far h\u00e1bor\u00faban m\u00e1r \u0151k is \u00f6sszecsukhat\u00f3 Pedersen ker\u00e9kp\u00e1rokat haszn\u00e1ltak.<\/p>\n<figure id=\"attachment_10365\" aria-describedby=\"caption-attachment-10365\" style=\"width: 1024px\" class=\"wp-caption alignnone\"><a href=\"https:\/\/d2p6e6u75xmxt8.cloudfront.net\/2\/2021\/03\/Bicycle-WWI-profimedia-0310926615.jpg\"><img loading=\"lazy\" decoding=\"async\" class=\"wp-image-10365 size-large\" src=\"https:\/\/d2p6e6u75xmxt8.cloudfront.net\/12\/2021\/03\/Bicycle-WWI-profimedia-0310926615-1024x676.jpg\" alt=\"Military bicycle\" width=\"1024\" height=\"676\" srcset=\"https:\/\/d2p6e6u75xmxt8.cloudfront.net\/12\/2021\/03\/Bicycle-WWI-profimedia-0310926615-1024x676.jpg 1024w, https:\/\/d2p6e6u75xmxt8.cloudfront.net\/12\/2021\/03\/Bicycle-WWI-profimedia-0310926615-300x198.jpg 300w, https:\/\/d2p6e6u75xmxt8.cloudfront.net\/12\/2021\/03\/Bicycle-WWI-profimedia-0310926615-768x507.jpg 768w, https:\/\/d2p6e6u75xmxt8.cloudfront.net\/12\/2021\/03\/Bicycle-WWI-profimedia-0310926615.jpg 1250w\" sizes=\"auto, (max-width: 1024px) 100vw, 1024px\" \/><\/a><figcaption id=\"caption-attachment-10365\" class=\"wp-caption-text\"><em>Nagy-Britanni\u00e1ban, Franciaorsz\u00e1gban, Olaszorsz\u00e1gban \u00e9s Belgiumban m\u00e1r az els\u0151 vil\u00e1gh\u00e1bor\u00fa el\u0151tt fegyveres er\u0151k\u00e9nt haszn\u00e1lt\u00e1k a ker\u00e9kp\u00e1rokat. \u00a9 Profimedia<\/em><\/figcaption><\/figure>\n<p>A 24 h\u00fcvelykes kerekekkel felszerelt ker\u00e9kp\u00e1rok s\u00falya 8 kilogramm volt, egy r\u00e1juk szerelt pusk\u00e1val egy\u00fctt. El\u0151nyei a hadsereg sz\u00e1m\u00e1ra vitathat\u00f3ak voltak, amint azt a 25. ker\u00e9kp\u00e1ros z\u00e1szl\u00f3alj\u00e1ban szolg\u00e1l\u00f3 Trapmann sz\u00e1zados, 1908 december\u00e9ben felettes\u00e9nek beny\u00fajtott jelent\u00e9s\u00e9ben olvashatjuk: <em>\u201eBiztos\u00edthatom \u00d6n\u00f6ket, hogy f\u00e9ltucat kiv\u00e1l\u00f3 okb\u00f3l nem \u00e1ll\u00edtan\u00e9k soha szolg\u00e1latba ilyen ker\u00e9kp\u00e1rt, vagy ha m\u00e9gis megtenn\u00e9m, akkor sosem csukn\u00e1m \u00f6ssze, kiv\u00e9ve, ha a rug\u00f3 v\u00e1ratlanul kiugrana, ami sajnos egyik rossz szok\u00e1sa.&#8221;<\/em> A ker\u00e9kp\u00e1rokat eg\u00e9szen m\u00e1sk\u00e9nt kezelt\u00e9k, mint ma &#8211; a montikat m\u00e9g hetven \u00e9vig nem tal\u00e1lt\u00e1k fel. Az 1900-as \u00e9vekben hasznos volt az \u00f6sszecsukhat\u00f3 ker\u00e9kp\u00e1r, mert a katon\u00e1k k\u00f6nnyen vihett\u00e9k a h\u00e1tukon, ha m\u00e1szniuk kellett, vagy neh\u00e9z hegyvid\u00e9ken haladtak \u00e1t.<\/p>\n<p>Trapmann sz\u00e1zados b\u00edr\u00e1lta a j\u00e1rm\u0171 s\u00faly\u00e1t, stabilit\u00e1s\u00e1t \u00e9s azt is, hogy rengeteg id\u0151 kellett az \u00f6sszecsuk\u00e1s\u00e1hoz. Elmond\u00e1sa szerint a legrosszabb m\u00e9gis az volt, hogy a katon\u00e1k h\u00e1t\u00e1r\u00f3l csak seg\u00edts\u00e9ggel lehetett leszedni. <em>&#8220;Az el\u0151ny\u00f6k, m\u00e9g ha val\u00f3sak is, aligha kompenz\u00e1lj\u00e1k ezeket a h\u00e1tr\u00e1nyokat&#8221; <\/em>\u2013 \u00f6sszegezte.<a href=\"https:\/\/d2p6e6u75xmxt8.cloudfront.net\/2\/2021\/03\/Folding-Bikes-profimedia-0277460825.jpg\"><img loading=\"lazy\" decoding=\"async\" class=\"wp-image-10366 size-large\" src=\"https:\/\/d2p6e6u75xmxt8.cloudfront.net\/12\/2021\/03\/Folding-Bikes-profimedia-0277460825-1024x723.jpg\" alt=\"Folding bikes\" width=\"1024\" height=\"723\" srcset=\"https:\/\/d2p6e6u75xmxt8.cloudfront.net\/12\/2021\/03\/Folding-Bikes-profimedia-0277460825-1024x723.jpg 1024w, https:\/\/d2p6e6u75xmxt8.cloudfront.net\/12\/2021\/03\/Folding-Bikes-profimedia-0277460825-300x212.jpg 300w, https:\/\/d2p6e6u75xmxt8.cloudfront.net\/12\/2021\/03\/Folding-Bikes-profimedia-0277460825-768x543.jpg 768w, https:\/\/d2p6e6u75xmxt8.cloudfront.net\/12\/2021\/03\/Folding-Bikes-profimedia-0277460825.jpg 1250w\" sizes=\"auto, (max-width: 1024px) 100vw, 1024px\" \/><\/a><\/p>\n<p><em>Az els\u0151 ismert ker\u00e9kp\u00e1r-haszn\u00e1lat a Jameson Raid sor\u00e1n t\u00f6rt\u00e9nt &#8211; 1895 v\u00e9g\u00e9n egy D\u00e9l-afrikai K\u00f6zt\u00e1rsas\u00e1g elleni sikertelen razzia sor\u00e1n, amelyet egy brit gyarmati \u00e1llamf\u00e9rfi \u00e9s csapatai hajtottak v\u00e9gre, s amelyben a ker\u00e9kp\u00e1rosok a h\u00edrviv\u0151k szerep\u00e9t t\u00f6lt\u00f6tt\u00e9k be. \u00a9 Profimedia<\/em>A kedvez\u0151tlen egy\u00e9ni tapasztalatok azonban nem akad\u00e1lyozt\u00e1k meg a hadsereget abban, hogy nagy mennyis\u00e9g\u0171 \u00f6sszehajthat\u00f3 ker\u00e9kp\u00e1rt szerezzen be \u00e9s haszn\u00e1ljon az els\u0151 vil\u00e1gh\u00e1bor\u00faban \u00e9s a m\u00e1sodik vil\u00e1gh\u00e1bor\u00fa els\u0151 \u00e9veiben.<\/p>\n<p>B\u00e1r elk\u00e9pzelni is sz\u00f6rny\u0171, hogy egy biciklivel a h\u00e1tadon ugorj ki egy Dakota rep\u00fcl\u0151g\u00e9pb\u0151l, a brit ejt\u0151erny\u0151s\u00f6k pontosan ezt tett\u00e9k a Normandiai partrasz\u00e1ll\u00e1s sor\u00e1n, \u00e9s m\u00e1s csat\u00e1kban is. 1942 \u00e9s 1945 k\u00f6z\u00f6tt t\u00f6bb mint 60000 ejt\u0151erny\u0151s modellt gy\u00e1rtott le a birminghami k\u00e9zifegyver-t\u00e1rsas\u00e1g. Ezeknek a c\u00e9lja az volt, hogy az ejt\u0151erny\u0151s\u00f6knek k\u00f6nny\u0171 \u00e9s diszkr\u00e9t k\u00f6zleked\u00e9si lehet\u0151s\u00e9get biztos\u00edtsanak az ellens\u00e9ges vonalak m\u00f6g\u00f6tt.<\/p>\n<p>A v\u00e1z fels\u0151 \u00e9s als\u00f3 r\u00e9sz\u00e9n tal\u00e1lhat\u00f3 k\u00e9t hatalmas sz\u00e1rnyat meg kellett laz\u00edtani az \u00f6sszecsuk\u00e1shoz, az els\u0151 kereket pedig a h\u00e1ts\u00f3val p\u00e1rhuzamos poz\u00edci\u00f3ban r\u00f6gz\u00edtett\u00e9k. A katon\u00e1k h\u00e1t\u00e1ra \u00fagy ker\u00fclt fel, hogy a nyereg \u00e9s a korm\u00e1ny \u00e9rjen el\u0151sz\u00f6r f\u00f6ldet, hogy ne a kerekek s\u00e9r\u00fcljenek.<\/p>\n<p>https:\/\/www.instagram.com\/p\/BTAEe4elkSW\/?utm_source=ig_web_copy_link<\/p>\n<p>Az \u00f6sszecsukhat\u00f3 ker\u00e9kp\u00e1r \u00f6tlet\u00e9t a h\u00e1bor\u00fa v\u00e9g\u00e9t k\u00f6vet\u0151 \u00e9vekben elvetett\u00e9k, de az 1970-es \u00e9vekben ism\u00e9t megn\u0151tt az \u00e9rdekl\u0151d\u00e9s az egykori praktikus biciklik ir\u00e1nt. A Raleigh Twenty \u00e9s a Bickerton Portable lettek az \u00e9vtized ikonikus \u00f6sszehajthat\u00f3 modelljei. A 80-as \u00e9vek elej\u00e9n pedig m\u00e1r sz\u00fclettek modern \u00f6sszecsukhat\u00f3 v\u00e1rosi ker\u00e9kp\u00e1rok is, amiket ma is ismer\u00fcnk.<\/p>\n<p>1976-ban a cambridge-i m\u00e9rn\u00f6ki, Andrew Ritchie \u00f6tlete alapj\u00e1n k\u00e9sz\u00fclt el az az \u00f6sszecsukhat\u00f3 ker\u00e9kp\u00e1r, amelyet a londoni Brompton Orat\u00f3riumr\u00f3l nevezett el. A j\u00e1rg\u00e1ny egy csukl\u00f3s v\u00e1zon \u00e9s 16 h\u00fcvelykes kerekeken alapult. Az eredeti koncepci\u00f3 a mai napig szinte v\u00e1ltozatlan maradt, a Brompton pedig ma m\u00e1r az Egyes\u00fclt Kir\u00e1lys\u00e1g legnagyobb ker\u00e9kp\u00e1rgy\u00e1rt\u00f3i k\u00f6z\u00e9 tartozik, \u00e9vente mintegy 40 000 eladott biciklivel. Ritchie a ker\u00e9kp\u00e1r megalkot\u00e1s\u00e1\u00e9rt 2009-ben elnyerte a Philip Prince tervez\u0151i d\u00edjat!<\/p>\n","protected":false},"excerpt":{"rendered":"<p>Az \u00f6sszecsukhat\u00f3 kempingasztalok, f\u00e9s\u0171k \u00e9s bicsk\u00e1k ut\u00e1n nem kellett sok id\u0151, hogy a ker\u00e9kp\u00e1r is ugyanerre a sorsra jusson. \u00cdgy [&hellip;]<\/p>\n","protected":false},"author":71,"featured_media":10368,"comment_status":"closed","ping_status":"closed","sticky":false,"template":"","format":"standard","meta":{"footnotes":""},"categories":[12],"tags":[],"global-categories":[],"class_list":["post-10363","post","type-post","status-publish","format-standard","has-post-thumbnail","hentry","category-kozosseg-es-kultura"],"yoast_head":"<!-- This site is optimized with the Yoast SEO Premium plugin v25.3 (Yoast SEO v25.9) - https:\/\/yoast.com\/wordpress\/plugins\/seo\/ -->\n<title>Az \u00f6sszecsukhat\u00f3 biciklik t\u00f6rt\u00e9nete: a neh\u00e9z m\u00e1lh\u00e1kt\u00f3l a 3000 eur\u00f3s modellekig - \u0160koda We Love Cycling - Magyarorsz\u00e1g<\/title>\n<meta name=\"description\" content=\"Az \u00f6sszecsukhat\u00f3 kempingasztalok, f\u00e9s\u0171k \u00e9s bicsk\u00e1k ut\u00e1n nem kellett sok id\u0151, hogy a ker\u00e9kp\u00e1r is ugyanerre a sorsra jusson. \u00cdgy tervezt\u00e9k meg az els\u0151 olyan bring\u00e1t, amit f\u00e9lbe lehetett hajtani a k\u00f6nnyebb sz\u00e1ll\u00edt\u00e1s \u00e9rdek\u00e9ben.\" \/>\n<meta name=\"robots\" content=\"index, follow, max-snippet:-1, max-image-preview:large, max-video-preview:-1\" \/>\n<link rel=\"canonical\" href=\"https:\/\/www.welovecycling.com\/hu\/kozosseg-es-kultura\/az-osszecsukhato-biciklik-tortenete-a-nehez-malhaktol-a-3000-euros-modellekig\/\" \/>\n<meta property=\"og:locale\" content=\"hu_HU\" \/>\n<meta property=\"og:type\" content=\"article\" \/>\n<meta property=\"og:title\" content=\"Az \u00f6sszecsukhat\u00f3 biciklik t\u00f6rt\u00e9nete: a neh\u00e9z m\u00e1lh\u00e1kt\u00f3l a 3000 eur\u00f3s modellekig\" \/>\n<meta property=\"og:description\" content=\"Az \u00f6sszecsukhat\u00f3 kempingasztalok, f\u00e9s\u0171k \u00e9s bicsk\u00e1k ut\u00e1n nem kellett sok id\u0151, hogy a ker\u00e9kp\u00e1r is ugyanerre a sorsra jusson. \u00cdgy tervezt\u00e9k meg az els\u0151 olyan bring\u00e1t, amit f\u00e9lbe lehetett hajtani a k\u00f6nnyebb sz\u00e1ll\u00edt\u00e1s \u00e9rdek\u00e9ben.\" \/>\n<meta property=\"og:url\" content=\"https:\/\/www.welovecycling.com\/hu\/kozosseg-es-kultura\/az-osszecsukhato-biciklik-tortenete-a-nehez-malhaktol-a-3000-euros-modellekig\/\" \/>\n<meta property=\"og:site_name\" content=\"\u0160koda We Love Cycling - Magyarorsz\u00e1g\" \/>\n<meta property=\"article:publisher\" content=\"https:\/\/www.facebook.com\/WeLoveCyclingHungary\/\" \/>\n<meta property=\"article:published_time\" content=\"2021-03-16T07:00:45+00:00\" \/>\n<meta property=\"og:image\" content=\"https:\/\/d2p6e6u75xmxt8.cloudfront.net\/12\/2021\/03\/Brompton-Folding-Bicycle-profimedia-0415131204-CVR.jpg\" \/>\n\t<meta property=\"og:image:width\" content=\"1366\" \/>\n\t<meta property=\"og:image:height\" content=\"600\" \/>\n\t<meta property=\"og:image:type\" content=\"image\/jpeg\" \/>\n<meta name=\"author\" content=\"hegyizs\" \/>\n<meta name=\"twitter:card\" content=\"summary_large_image\" \/>\n<meta name=\"twitter:label1\" content=\"Written by\" \/>\n\t<meta name=\"twitter:data1\" content=\"Adam Marsal\" \/>\n\t<meta name=\"twitter:label2\" content=\"Est. reading time\" \/>\n\t<meta name=\"twitter:data2\" content=\"6\" \/>\n<script type=\"application\/ld+json\" class=\"yoast-schema-graph\">{\"@context\":\"https:\/\/schema.org\",\"@graph\":[{\"@type\":\"WebPage\",\"@id\":\"https:\/\/www.welovecycling.com\/hu\/kozosseg-es-kultura\/az-osszecsukhato-biciklik-tortenete-a-nehez-malhaktol-a-3000-euros-modellekig\/\",\"url\":\"https:\/\/www.welovecycling.com\/hu\/kozosseg-es-kultura\/az-osszecsukhato-biciklik-tortenete-a-nehez-malhaktol-a-3000-euros-modellekig\/\",\"name\":\"Az \u00f6sszecsukhat\u00f3 biciklik t\u00f6rt\u00e9nete: a neh\u00e9z m\u00e1lh\u00e1kt\u00f3l a 3000 eur\u00f3s modellekig - \u0160koda We Love Cycling - Magyarorsz\u00e1g\",\"isPartOf\":{\"@id\":\"https:\/\/www.welovecycling.com\/hu\/#website\"},\"primaryImageOfPage\":{\"@id\":\"https:\/\/www.welovecycling.com\/hu\/kozosseg-es-kultura\/az-osszecsukhato-biciklik-tortenete-a-nehez-malhaktol-a-3000-euros-modellekig\/#primaryimage\"},\"image\":{\"@id\":\"https:\/\/www.welovecycling.com\/hu\/kozosseg-es-kultura\/az-osszecsukhato-biciklik-tortenete-a-nehez-malhaktol-a-3000-euros-modellekig\/#primaryimage\"},\"thumbnailUrl\":\"https:\/\/d2p6e6u75xmxt8.cloudfront.net\/12\/2021\/03\/Brompton-Folding-Bicycle-profimedia-0415131204-CVR.jpg\",\"datePublished\":\"2021-03-16T07:00:45+00:00\",\"author\":{\"@id\":\"https:\/\/www.welovecycling.com\/hu\/#\/schema\/person\/414a2aebf1801691a5320edb6468e194\"},\"description\":\"Az \u00f6sszecsukhat\u00f3 kempingasztalok, f\u00e9s\u0171k \u00e9s bicsk\u00e1k ut\u00e1n nem kellett sok id\u0151, hogy a ker\u00e9kp\u00e1r is ugyanerre a sorsra jusson. \u00cdgy tervezt\u00e9k meg az els\u0151 olyan bring\u00e1t, amit f\u00e9lbe lehetett hajtani a k\u00f6nnyebb sz\u00e1ll\u00edt\u00e1s \u00e9rdek\u00e9ben.\",\"breadcrumb\":{\"@id\":\"https:\/\/www.welovecycling.com\/hu\/kozosseg-es-kultura\/az-osszecsukhato-biciklik-tortenete-a-nehez-malhaktol-a-3000-euros-modellekig\/#breadcrumb\"},\"inLanguage\":\"hu\",\"potentialAction\":[{\"@type\":\"ReadAction\",\"target\":[\"https:\/\/www.welovecycling.com\/hu\/kozosseg-es-kultura\/az-osszecsukhato-biciklik-tortenete-a-nehez-malhaktol-a-3000-euros-modellekig\/\"]}]},{\"@type\":\"ImageObject\",\"inLanguage\":\"hu\",\"@id\":\"https:\/\/www.welovecycling.com\/hu\/kozosseg-es-kultura\/az-osszecsukhato-biciklik-tortenete-a-nehez-malhaktol-a-3000-euros-modellekig\/#primaryimage\",\"url\":\"https:\/\/d2p6e6u75xmxt8.cloudfront.net\/12\/2021\/03\/Brompton-Folding-Bicycle-profimedia-0415131204-CVR.jpg\",\"contentUrl\":\"https:\/\/d2p6e6u75xmxt8.cloudfront.net\/12\/2021\/03\/Brompton-Folding-Bicycle-profimedia-0415131204-CVR.jpg\",\"width\":1366,\"height\":600,\"caption\":\"Brompton Folding Bike\"},{\"@type\":\"BreadcrumbList\",\"@id\":\"https:\/\/www.welovecycling.com\/hu\/kozosseg-es-kultura\/az-osszecsukhato-biciklik-tortenete-a-nehez-malhaktol-a-3000-euros-modellekig\/#breadcrumb\",\"itemListElement\":[{\"@type\":\"ListItem\",\"position\":1,\"name\":\"Home\",\"item\":\"https:\/\/www.welovecycling.com\/hu\/\"},{\"@type\":\"ListItem\",\"position\":2,\"name\":\"Az \u00f6sszecsukhat\u00f3 biciklik t\u00f6rt\u00e9nete: a neh\u00e9z m\u00e1lh\u00e1kt\u00f3l a 3000 eur\u00f3s modellekig\"}]},{\"@type\":\"WebSite\",\"@id\":\"https:\/\/www.welovecycling.com\/hu\/#website\",\"url\":\"https:\/\/www.welovecycling.com\/hu\/\",\"name\":\"\u0160koda We Love Cycling - Magyarorsz\u00e1g\",\"description\":\"\u0160koda WeLoveCycling\",\"potentialAction\":[{\"@type\":\"SearchAction\",\"target\":{\"@type\":\"EntryPoint\",\"urlTemplate\":\"https:\/\/www.welovecycling.com\/hu\/?s={search_term_string}\"},\"query-input\":{\"@type\":\"PropertyValueSpecification\",\"valueRequired\":true,\"valueName\":\"search_term_string\"}}],\"inLanguage\":\"hu\"},{\"@type\":\"Person\",\"@id\":\"https:\/\/www.welovecycling.com\/hu\/#\/schema\/person\/414a2aebf1801691a5320edb6468e194\",\"name\":\"hegyizs\",\"image\":{\"@type\":\"ImageObject\",\"inLanguage\":\"hu\",\"@id\":\"https:\/\/www.welovecycling.com\/hu\/#\/schema\/person\/image\/\",\"url\":\"https:\/\/secure.gravatar.com\/avatar\/02cf8a7906b8cf90cecb4679defac7cfd33a1c2e3b88e4903d947f3bb58eedd3?s=96&d=mm&r=g\",\"contentUrl\":\"https:\/\/secure.gravatar.com\/avatar\/02cf8a7906b8cf90cecb4679defac7cfd33a1c2e3b88e4903d947f3bb58eedd3?s=96&d=mm&r=g\",\"caption\":\"hegyizs\"},\"url\":\"https:\/\/www.welovecycling.com\/hu\/author\/hegyizs\/\"}]}<\/script>\n<!-- \/ Yoast SEO Premium plugin. -->","yoast_head_json":{"title":"Az \u00f6sszecsukhat\u00f3 biciklik t\u00f6rt\u00e9nete: a neh\u00e9z m\u00e1lh\u00e1kt\u00f3l a 3000 eur\u00f3s modellekig - \u0160koda We Love Cycling - Magyarorsz\u00e1g","description":"Az \u00f6sszecsukhat\u00f3 kempingasztalok, f\u00e9s\u0171k \u00e9s bicsk\u00e1k ut\u00e1n nem kellett sok id\u0151, hogy a ker\u00e9kp\u00e1r is ugyanerre a sorsra jusson. \u00cdgy tervezt\u00e9k meg az els\u0151 olyan bring\u00e1t, amit f\u00e9lbe lehetett hajtani a k\u00f6nnyebb sz\u00e1ll\u00edt\u00e1s \u00e9rdek\u00e9ben.","robots":{"index":"index","follow":"follow","max-snippet":"max-snippet:-1","max-image-preview":"max-image-preview:large","max-video-preview":"max-video-preview:-1"},"canonical":"https:\/\/www.welovecycling.com\/hu\/kozosseg-es-kultura\/az-osszecsukhato-biciklik-tortenete-a-nehez-malhaktol-a-3000-euros-modellekig\/","og_locale":"hu_HU","og_type":"article","og_title":"Az \u00f6sszecsukhat\u00f3 biciklik t\u00f6rt\u00e9nete: a neh\u00e9z m\u00e1lh\u00e1kt\u00f3l a 3000 eur\u00f3s modellekig","og_description":"Az \u00f6sszecsukhat\u00f3 kempingasztalok, f\u00e9s\u0171k \u00e9s bicsk\u00e1k ut\u00e1n nem kellett sok id\u0151, hogy a ker\u00e9kp\u00e1r is ugyanerre a sorsra jusson. \u00cdgy tervezt\u00e9k meg az els\u0151 olyan bring\u00e1t, amit f\u00e9lbe lehetett hajtani a k\u00f6nnyebb sz\u00e1ll\u00edt\u00e1s \u00e9rdek\u00e9ben.","og_url":"https:\/\/www.welovecycling.com\/hu\/kozosseg-es-kultura\/az-osszecsukhato-biciklik-tortenete-a-nehez-malhaktol-a-3000-euros-modellekig\/","og_site_name":"\u0160koda We Love Cycling - Magyarorsz\u00e1g","article_publisher":"https:\/\/www.facebook.com\/WeLoveCyclingHungary\/","article_published_time":"2021-03-16T07:00:45+00:00","og_image":[{"width":1366,"height":600,"url":"https:\/\/d2p6e6u75xmxt8.cloudfront.net\/12\/2021\/03\/Brompton-Folding-Bicycle-profimedia-0415131204-CVR.jpg","type":"image\/jpeg"}],"author":"hegyizs","twitter_card":"summary_large_image","twitter_misc":{"Written by":"Adam Marsal","Est. reading time":"6"},"schema":{"@context":"https:\/\/schema.org","@graph":[{"@type":"WebPage","@id":"https:\/\/www.welovecycling.com\/hu\/kozosseg-es-kultura\/az-osszecsukhato-biciklik-tortenete-a-nehez-malhaktol-a-3000-euros-modellekig\/","url":"https:\/\/www.welovecycling.com\/hu\/kozosseg-es-kultura\/az-osszecsukhato-biciklik-tortenete-a-nehez-malhaktol-a-3000-euros-modellekig\/","name":"Az \u00f6sszecsukhat\u00f3 biciklik t\u00f6rt\u00e9nete: a neh\u00e9z m\u00e1lh\u00e1kt\u00f3l a 3000 eur\u00f3s modellekig - \u0160koda We Love Cycling - Magyarorsz\u00e1g","isPartOf":{"@id":"https:\/\/www.welovecycling.com\/hu\/#website"},"primaryImageOfPage":{"@id":"https:\/\/www.welovecycling.com\/hu\/kozosseg-es-kultura\/az-osszecsukhato-biciklik-tortenete-a-nehez-malhaktol-a-3000-euros-modellekig\/#primaryimage"},"image":{"@id":"https:\/\/www.welovecycling.com\/hu\/kozosseg-es-kultura\/az-osszecsukhato-biciklik-tortenete-a-nehez-malhaktol-a-3000-euros-modellekig\/#primaryimage"},"thumbnailUrl":"https:\/\/d2p6e6u75xmxt8.cloudfront.net\/12\/2021\/03\/Brompton-Folding-Bicycle-profimedia-0415131204-CVR.jpg","datePublished":"2021-03-16T07:00:45+00:00","author":{"@id":"https:\/\/www.welovecycling.com\/hu\/#\/schema\/person\/414a2aebf1801691a5320edb6468e194"},"description":"Az \u00f6sszecsukhat\u00f3 kempingasztalok, f\u00e9s\u0171k \u00e9s bicsk\u00e1k ut\u00e1n nem kellett sok id\u0151, hogy a ker\u00e9kp\u00e1r is ugyanerre a sorsra jusson. \u00cdgy tervezt\u00e9k meg az els\u0151 olyan bring\u00e1t, amit f\u00e9lbe lehetett hajtani a k\u00f6nnyebb sz\u00e1ll\u00edt\u00e1s \u00e9rdek\u00e9ben.","breadcrumb":{"@id":"https:\/\/www.welovecycling.com\/hu\/kozosseg-es-kultura\/az-osszecsukhato-biciklik-tortenete-a-nehez-malhaktol-a-3000-euros-modellekig\/#breadcrumb"},"inLanguage":"hu","potentialAction":[{"@type":"ReadAction","target":["https:\/\/www.welovecycling.com\/hu\/kozosseg-es-kultura\/az-osszecsukhato-biciklik-tortenete-a-nehez-malhaktol-a-3000-euros-modellekig\/"]}]},{"@type":"ImageObject","inLanguage":"hu","@id":"https:\/\/www.welovecycling.com\/hu\/kozosseg-es-kultura\/az-osszecsukhato-biciklik-tortenete-a-nehez-malhaktol-a-3000-euros-modellekig\/#primaryimage","url":"https:\/\/d2p6e6u75xmxt8.cloudfront.net\/12\/2021\/03\/Brompton-Folding-Bicycle-profimedia-0415131204-CVR.jpg","contentUrl":"https:\/\/d2p6e6u75xmxt8.cloudfront.net\/12\/2021\/03\/Brompton-Folding-Bicycle-profimedia-0415131204-CVR.jpg","width":1366,"height":600,"caption":"Brompton Folding Bike"},{"@type":"BreadcrumbList","@id":"https:\/\/www.welovecycling.com\/hu\/kozosseg-es-kultura\/az-osszecsukhato-biciklik-tortenete-a-nehez-malhaktol-a-3000-euros-modellekig\/#breadcrumb","itemListElement":[{"@type":"ListItem","position":1,"name":"Home","item":"https:\/\/www.welovecycling.com\/hu\/"},{"@type":"ListItem","position":2,"name":"Az \u00f6sszecsukhat\u00f3 biciklik t\u00f6rt\u00e9nete: a neh\u00e9z m\u00e1lh\u00e1kt\u00f3l a 3000 eur\u00f3s modellekig"}]},{"@type":"WebSite","@id":"https:\/\/www.welovecycling.com\/hu\/#website","url":"https:\/\/www.welovecycling.com\/hu\/","name":"\u0160koda We Love Cycling - Magyarorsz\u00e1g","description":"\u0160koda WeLoveCycling","potentialAction":[{"@type":"SearchAction","target":{"@type":"EntryPoint","urlTemplate":"https:\/\/www.welovecycling.com\/hu\/?s={search_term_string}"},"query-input":{"@type":"PropertyValueSpecification","valueRequired":true,"valueName":"search_term_string"}}],"inLanguage":"hu"},{"@type":"Person","@id":"https:\/\/www.welovecycling.com\/hu\/#\/schema\/person\/414a2aebf1801691a5320edb6468e194","name":"hegyizs","image":{"@type":"ImageObject","inLanguage":"hu","@id":"https:\/\/www.welovecycling.com\/hu\/#\/schema\/person\/image\/","url":"https:\/\/secure.gravatar.com\/avatar\/02cf8a7906b8cf90cecb4679defac7cfd33a1c2e3b88e4903d947f3bb58eedd3?s=96&d=mm&r=g","contentUrl":"https:\/\/secure.gravatar.com\/avatar\/02cf8a7906b8cf90cecb4679defac7cfd33a1c2e3b88e4903d947f3bb58eedd3?s=96&d=mm&r=g","caption":"hegyizs"},"url":"https:\/\/www.welovecycling.com\/hu\/author\/hegyizs\/"}]}},"_links":{"self":[{"href":"https:\/\/www.welovecycling.com\/hu\/wp-json\/wp\/v2\/posts\/10363","targetHints":{"allow":["GET"]}}],"collection":[{"href":"https:\/\/www.welovecycling.com\/hu\/wp-json\/wp\/v2\/posts"}],"about":[{"href":"https:\/\/www.welovecycling.com\/hu\/wp-json\/wp\/v2\/types\/post"}],"author":[{"embeddable":true,"href":"https:\/\/www.welovecycling.com\/hu\/wp-json\/wp\/v2\/users\/71"}],"replies":[{"embeddable":true,"href":"https:\/\/www.welovecycling.com\/hu\/wp-json\/wp\/v2\/comments?post=10363"}],"version-history":[{"count":2,"href":"https:\/\/www.welovecycling.com\/hu\/wp-json\/wp\/v2\/posts\/10363\/revisions"}],"predecessor-version":[{"id":10392,"href":"https:\/\/www.welovecycling.com\/hu\/wp-json\/wp\/v2\/posts\/10363\/revisions\/10392"}],"wp:featuredmedia":[{"embeddable":true,"href":"https:\/\/www.welovecycling.com\/hu\/wp-json\/wp\/v2\/media\/10368"}],"wp:attachment":[{"href":"https:\/\/www.welovecycling.com\/hu\/wp-json\/wp\/v2\/media?parent=10363"}],"wp:term":[{"taxonomy":"category","embeddable":true,"href":"https:\/\/www.welovecycling.com\/hu\/wp-json\/wp\/v2\/categories?post=10363"},{"taxonomy":"post_tag","embeddable":true,"href":"https:\/\/www.welovecycling.com\/hu\/wp-json\/wp\/v2\/tags?post=10363"},{"taxonomy":"global-categories","embeddable":true,"href":"https:\/\/www.welovecycling.com\/hu\/wp-json\/wp\/v2\/global-categories?post=10363"}],"curies":[{"name":"wp","href":"https:\/\/api.w.org\/{rel}","templated":true}]}}