{"id":10358,"date":"2021-03-15T08:00:11","date_gmt":"2021-03-15T07:00:11","guid":{"rendered":"https:\/\/www.welovecycling.com\/hu\/?p=10358"},"modified":"2021-03-12T11:20:50","modified_gmt":"2021-03-12T10:20:50","slug":"tipikus-hibak-a-szezon-elejen-rossz-taplalkozas","status":"publish","type":"post","link":"https:\/\/www.welovecycling.com\/hu\/edzes-es-eletmod\/tipikus-hibak-a-szezon-elejen-rossz-taplalkozas\/","title":{"rendered":"Tipikus hib\u00e1k a szezon elej\u00e9n \u2013 Rossz t\u00e1pl\u00e1lkoz\u00e1s"},"content":{"rendered":"<p><strong>Az egyre meleged\u0151 id\u0151 a ker\u00e9kp\u00e1ros szezon bek\u00f6sz\u00f6nt\u00e9t jelzi. Minden bring\u00e1snak kedve t\u00e1mad a naps\u00fct\u00e9sben \u00faj utakat felfedezni. K\u00f6nnyen megfeledkezhet\u00fcnk ilyenkor a m\u00e1r j\u00f3l bev\u00e1lt szok\u00e1sokr\u00f3l \u00e9s a megfelel\u0151 el\u0151k\u00e9sz\u00fcletekr\u0151l. Cikksorozatunkban \u00e1ttekintj\u00fck a tipikus hib\u00e1kat, amiket hajlamosak vagyunk szezon elej\u00e9n elk\u00f6vetni. Kezdj\u00fck a t\u00e1pl\u00e1lkoz\u00e1ssal!<\/strong><!--more--><\/p>\n<p>Vannak, akik t\u00falz\u00e1sba viszik \u00e9s vannak, akik t\u00fal kev\u00e9s figyelmet ford\u00edtanak r\u00e1. N\u00e9zz\u00fck meg mindk\u00e9t v\u00e9gletet!<\/p>\n<figure id=\"attachment_10359\" aria-describedby=\"caption-attachment-10359\" style=\"width: 1024px\" class=\"wp-caption alignnone\"><a href=\"https:\/\/d2p6e6u75xmxt8.cloudfront.net\/2\/2021\/03\/Cyclist-eat-profimedia-0516683987.jpg\"><img loading=\"lazy\" decoding=\"async\" class=\"wp-image-10359 size-large\" src=\"https:\/\/d2p6e6u75xmxt8.cloudfront.net\/12\/2021\/03\/Cyclist-eat-profimedia-0516683987-1024x682.jpg\" alt=\"Cyclist in the city\" width=\"1024\" height=\"682\" srcset=\"https:\/\/d2p6e6u75xmxt8.cloudfront.net\/12\/2021\/03\/Cyclist-eat-profimedia-0516683987-1024x682.jpg 1024w, https:\/\/d2p6e6u75xmxt8.cloudfront.net\/12\/2021\/03\/Cyclist-eat-profimedia-0516683987-300x200.jpg 300w, https:\/\/d2p6e6u75xmxt8.cloudfront.net\/12\/2021\/03\/Cyclist-eat-profimedia-0516683987-768x512.jpg 768w, https:\/\/d2p6e6u75xmxt8.cloudfront.net\/12\/2021\/03\/Cyclist-eat-profimedia-0516683987-272x182.jpg 272w, https:\/\/d2p6e6u75xmxt8.cloudfront.net\/12\/2021\/03\/Cyclist-eat-profimedia-0516683987.jpg 1250w\" sizes=\"auto, (max-width: 1024px) 100vw, 1024px\" \/><\/a><figcaption id=\"caption-attachment-10359\" class=\"wp-caption-text\"><em>A kutat\u00e1sok szerint az elfogyasztott feh\u00e9rje- \u00e9s sz\u00e9nhidr\u00e1tmennyis\u00e9g sokkal fontosabb a teljes\u00edtm\u00e9ny\u00fcnk szempontj\u00e1b\u00f3l, mint b\u00e1rmilyen m\u00e1s speci\u00e1lis \u00e9trend. \u00a9 Profimedia<\/em><\/figcaption><\/figure>\n<h2><strong>Ne \u00e9hezz!<\/strong><\/h2>\n<p>Gyakran el\u0151fordul, hogy azok a ker\u00e9kp\u00e1rosok, akik mihamarabb versenyezni szeretn\u00e9nek, nagyon szigor\u00fa \u00e9trendet \u00e1ll\u00edtanak \u00f6ssze maguknak. N\u00e9h\u00e1ny eg\u00e9szs\u00e9gtelen \u00e9tel elker\u00fcl\u00e9se \u00e9s a kal\u00f3riabevitel cs\u00f6kkent\u00e9se j\u00f3 m\u00f3dja annak, hogy cs\u00f6kkents\u00fck tests\u00falyunkat. A probl\u00e9ma az, amikor az edz\u00e9sek sz\u00e1m\u00e1t egyid\u0151ben n\u00f6velj\u00fck ezzel. Az \u00edgy keletkez\u0151 kal\u00f3riadeficit miatt nem fogsz tudni j\u00f3l teljes\u00edteni \u00e9s lassulnak majd a regener\u00e1ci\u00f3s folyamatok is, \u00edgy pedig neh\u00e9z motiv\u00e1ltnak maradni.<\/p>\n<p>A megold\u00e1s: Ha off-szezon alatt elszaladt veled a l\u00f3 az \u00e9tkez\u00e9sek tekintet\u00e9ben, akkor ez egy remek alkalom arra, hogy elhagyd az olajban s\u00fclt finoms\u00e1gokat \u00e9s a cukros italokat. De ne felejtsd el p\u00f3tolni a bel\u0151l\u00fck sz\u00e1rmaz\u00f3 energi\u00e1t! Igyekezz eg\u00e9szs\u00e9gesebben enni, nem pedig kevesebbet! Erre a h\u00e1rom szab\u00e1lyra figyelj:<\/p>\n<ol>\n<li>Ha t\u00f6bb mint 60 percet tekersz, minden nyeregben t\u00f6lt\u00f6tt \u00f3ra ut\u00e1n vigy\u00e9l be legal\u00e1bb 150 kcal energi\u00e1t. Ez 1-2 ban\u00e1nt vagy egy energiaszeletet jelent.<\/li>\n<li>Minden hossz\u00fa edz\u00e9s ut\u00e1n egy\u00e9l egy adag olyan \u00e9telt, amiben sok a feh\u00e9rje \u00e9s a sz\u00e9nhidr\u00e1t! A legjobb, ha ezek a makr\u00f3t\u00e1panyagok 1:3 ar\u00e1nyban tal\u00e1lhat\u00f3ak meg benne.<\/li>\n<li>N\u00f6veld az egy nap alatt bevitt feh\u00e9rje mennyis\u00e9g\u00e9t. Pr\u00f3b\u00e1lj meg minden \u00e9tkez\u00e9s sor\u00e1n 20-30 grammot elfogyasztani! J\u00f3 proteinforr\u00e1s a toj\u00e1s, a hal, a h\u00fasok, a joghurt, a sajt, a csonth\u00e9jasok \u00e9s a magvak.<\/li>\n<\/ol>\n<figure id=\"attachment_10360\" aria-describedby=\"caption-attachment-10360\" style=\"width: 1000px\" class=\"wp-caption alignnone\"><a href=\"https:\/\/d2p6e6u75xmxt8.cloudfront.net\/12\/2021\/03\/Spring-MTB-profimedia-0422803704.jpg\"><img loading=\"lazy\" decoding=\"async\" class=\"wp-image-10360 size-full\" src=\"https:\/\/d2p6e6u75xmxt8.cloudfront.net\/12\/2021\/03\/Spring-MTB-profimedia-0422803704.jpg\" alt=\"Spring cycling\" width=\"1000\" height=\"667\" srcset=\"https:\/\/d2p6e6u75xmxt8.cloudfront.net\/12\/2021\/03\/Spring-MTB-profimedia-0422803704.jpg 1000w, https:\/\/d2p6e6u75xmxt8.cloudfront.net\/12\/2021\/03\/Spring-MTB-profimedia-0422803704-300x200.jpg 300w, https:\/\/d2p6e6u75xmxt8.cloudfront.net\/12\/2021\/03\/Spring-MTB-profimedia-0422803704-768x512.jpg 768w, https:\/\/d2p6e6u75xmxt8.cloudfront.net\/12\/2021\/03\/Spring-MTB-profimedia-0422803704-272x182.jpg 272w\" sizes=\"auto, (max-width: 1000px) 100vw, 1000px\" \/><\/a><figcaption id=\"caption-attachment-10360\" class=\"wp-caption-text\"><em>A regener\u00e1ci\u00f3 az, ami biztos\u00edtja, hogy fejl\u0151dj. Ha nem veszed komolyan, stagn\u00e1lni fogsz, vagy rosszabbul teljes\u00edtesz majd. \u00a9 Profimedia<\/em><\/figcaption><\/figure>\n<h2><strong>Ne vidd t\u00falz\u00e1sba a gyorskaj\u00e1t!<\/strong><\/h2>\n<p>Sok bring\u00e1s alig v\u00e1rja, hogy b\u0171ntudat n\u00e9lk\u00fcl ehessen hamburgert \u00e9s s\u00fclt krumplit egy hossz\u00fa tavaszi t\u00fara ut\u00e1n. A kedvenc gyorskaj\u00e1id egy durva edz\u00e9s ut\u00e1n: semmi sem esik jobban! A probl\u00e9ma az, hogy k\u00f6nnyen t\u00falbecs\u00fclj\u00fck, mennyi energi\u00e1t haszn\u00e1ltunk fel, \u00e9s t\u00fal sok kal\u00f3ri\u00e1t visz\u00fcnk be ezekkel az \u00e9telekkel. \u00cdgy ahelyett, hogy fogyn\u00e1nk, h\u00edzni kezd\u00fcnk, \u00e9s nem \u00e9rtj\u00fck majd, hogy mi\u00e9rt.<\/p>\n<p>A megold\u00e1s: Az edz\u00e9sek intenzit\u00e1s\u00e1nak n\u00f6vel\u00e9s\u00e9vel egy\u00fctt n\u00f6velni kell a sz\u00e9nhidr\u00e1tbevitel\u00fcnket is. Azzal sincs baj, ha megjutalmazzuk magunkat egy durva teker\u00e9s ut\u00e1n. De pr\u00f3b\u00e1lj meg az el\u0151re kijel\u00f6lt \u00faton maradni! Ugyanaz a tan\u00e1cs, amit fentebb \u00edrtunk, itt is \u00e9rv\u00e9nyes: vigy\u00e9l be el\u00e9g feh\u00e9rj\u00e9t napk\u00f6zben is, \u00e9s edz\u00e9s ut\u00e1n is! Ha teheted, v\u00e1lassz h\u00e1zias \u00e9teleket a gyorskaj\u00e1k helyett. Olvasd el cikksorozatunkat <a href=\"https:\/\/www.welovecycling.com\/hu\/edzes-es-eletmod\/hogyan-tartsd-meg-a-kerekparos-testsulyod\/\">a ker\u00e9kp\u00e1ros tests\u00faly megtart\u00e1s\u00e1r\u00f3l<\/a>, melyben seg\u00edt\u00fcnk, hogy motiv\u00e1lt maradj, mik\u00f6zben eg\u00e9szs\u00e9gesen \u00e9tkezel!<\/p>\n<p>A k\u00f6vetkez\u0151 cikk\u00fcnkben arr\u00f3l besz\u00e9l\u00fcnk majd, milyen hib\u00e1k vezethetnek ahhoz, hogy egy\u00e1ltal\u00e1n nem \u00e9lvezz\u00fck m\u00e1r a teker\u00e9st, \u00e9s hogyan ne k\u00f6vess\u00fck el ezeket!<\/p>\n","protected":false},"excerpt":{"rendered":"<p>Az egyre meleged\u0151 id\u0151 a ker\u00e9kp\u00e1ros szezon bek\u00f6sz\u00f6nt\u00e9t jelzi. Minden bring\u00e1snak kedve t\u00e1mad a naps\u00fct\u00e9sben \u00faj utakat felfedezni. K\u00f6nnyen megfeledkezhet\u00fcnk [&hellip;]<\/p>\n","protected":false},"author":71,"featured_media":10362,"comment_status":"closed","ping_status":"closed","sticky":false,"template":"","format":"standard","meta":{"footnotes":""},"categories":[6],"tags":[],"global-categories":[],"class_list":["post-10358","post","type-post","status-publish","format-standard","has-post-thumbnail","hentry","category-edzes-es-eletmod"],"yoast_head":"<!-- This site is optimized with the Yoast SEO Premium plugin v25.3 (Yoast SEO v25.9) - https:\/\/yoast.com\/wordpress\/plugins\/seo\/ -->\n<title>Tipikus hib\u00e1k a szezon elej\u00e9n \u2013 Rossz t\u00e1pl\u00e1lkoz\u00e1s<\/title>\n<meta name=\"description\" content=\"Az egyre meleged\u0151 id\u0151 a ker\u00e9kp\u00e1ros szezon bek\u00f6sz\u00f6nt\u00e9t jelzi. Minden bring\u00e1snak kedve t\u00e1mad a naps\u00fct\u00e9sben \u00faj utakat felfedezni.\" \/>\n<meta name=\"robots\" content=\"index, follow, max-snippet:-1, max-image-preview:large, max-video-preview:-1\" \/>\n<link rel=\"canonical\" href=\"https:\/\/www.welovecycling.com\/hu\/edzes-es-eletmod\/tipikus-hibak-a-szezon-elejen-rossz-taplalkozas\/\" \/>\n<meta property=\"og:locale\" content=\"hu_HU\" \/>\n<meta property=\"og:type\" content=\"article\" \/>\n<meta property=\"og:title\" content=\"Tipikus hib\u00e1k a szezon elej\u00e9n \u2013 Rossz t\u00e1pl\u00e1lkoz\u00e1s\" \/>\n<meta property=\"og:description\" content=\"Az egyre meleged\u0151 id\u0151 a ker\u00e9kp\u00e1ros szezon bek\u00f6sz\u00f6nt\u00e9t jelzi. Minden bring\u00e1snak kedve t\u00e1mad a naps\u00fct\u00e9sben \u00faj utakat felfedezni.\" \/>\n<meta property=\"og:url\" content=\"https:\/\/www.welovecycling.com\/hu\/edzes-es-eletmod\/tipikus-hibak-a-szezon-elejen-rossz-taplalkozas\/\" \/>\n<meta property=\"og:site_name\" content=\"\u0160koda We Love Cycling - Magyarorsz\u00e1g\" \/>\n<meta property=\"article:publisher\" content=\"https:\/\/www.facebook.com\/WeLoveCyclingHungary\/\" \/>\n<meta property=\"article:published_time\" content=\"2021-03-15T07:00:11+00:00\" \/>\n<meta property=\"og:image\" content=\"https:\/\/d2p6e6u75xmxt8.cloudfront.net\/12\/2021\/03\/Spring-cycling-profimedia-0593563111-CVR.jpg\" \/>\n\t<meta property=\"og:image:width\" content=\"1366\" \/>\n\t<meta property=\"og:image:height\" content=\"600\" \/>\n\t<meta property=\"og:image:type\" content=\"image\/jpeg\" \/>\n<meta name=\"author\" content=\"hegyizs\" \/>\n<meta name=\"twitter:card\" content=\"summary_large_image\" \/>\n<meta name=\"twitter:label1\" content=\"Written by\" \/>\n\t<meta name=\"twitter:data1\" content=\"Jiri Kaloc\" \/>\n\t<meta name=\"twitter:label2\" content=\"Est. reading time\" \/>\n\t<meta name=\"twitter:data2\" content=\"5\" \/>\n<script type=\"application\/ld+json\" class=\"yoast-schema-graph\">{\"@context\":\"https:\/\/schema.org\",\"@graph\":[{\"@type\":\"WebPage\",\"@id\":\"https:\/\/www.welovecycling.com\/hu\/edzes-es-eletmod\/tipikus-hibak-a-szezon-elejen-rossz-taplalkozas\/\",\"url\":\"https:\/\/www.welovecycling.com\/hu\/edzes-es-eletmod\/tipikus-hibak-a-szezon-elejen-rossz-taplalkozas\/\",\"name\":\"Tipikus hib\u00e1k a szezon elej\u00e9n \u2013 Rossz t\u00e1pl\u00e1lkoz\u00e1s\",\"isPartOf\":{\"@id\":\"https:\/\/www.welovecycling.com\/hu\/#website\"},\"primaryImageOfPage\":{\"@id\":\"https:\/\/www.welovecycling.com\/hu\/edzes-es-eletmod\/tipikus-hibak-a-szezon-elejen-rossz-taplalkozas\/#primaryimage\"},\"image\":{\"@id\":\"https:\/\/www.welovecycling.com\/hu\/edzes-es-eletmod\/tipikus-hibak-a-szezon-elejen-rossz-taplalkozas\/#primaryimage\"},\"thumbnailUrl\":\"https:\/\/d2p6e6u75xmxt8.cloudfront.net\/12\/2021\/03\/Spring-cycling-profimedia-0593563111-CVR.jpg\",\"datePublished\":\"2021-03-15T07:00:11+00:00\",\"author\":{\"@id\":\"https:\/\/www.welovecycling.com\/hu\/#\/schema\/person\/414a2aebf1801691a5320edb6468e194\"},\"description\":\"Az egyre meleged\u0151 id\u0151 a ker\u00e9kp\u00e1ros szezon bek\u00f6sz\u00f6nt\u00e9t jelzi. Minden bring\u00e1snak kedve t\u00e1mad a naps\u00fct\u00e9sben \u00faj utakat felfedezni.\",\"breadcrumb\":{\"@id\":\"https:\/\/www.welovecycling.com\/hu\/edzes-es-eletmod\/tipikus-hibak-a-szezon-elejen-rossz-taplalkozas\/#breadcrumb\"},\"inLanguage\":\"hu\",\"potentialAction\":[{\"@type\":\"ReadAction\",\"target\":[\"https:\/\/www.welovecycling.com\/hu\/edzes-es-eletmod\/tipikus-hibak-a-szezon-elejen-rossz-taplalkozas\/\"]}]},{\"@type\":\"ImageObject\",\"inLanguage\":\"hu\",\"@id\":\"https:\/\/www.welovecycling.com\/hu\/edzes-es-eletmod\/tipikus-hibak-a-szezon-elejen-rossz-taplalkozas\/#primaryimage\",\"url\":\"https:\/\/d2p6e6u75xmxt8.cloudfront.net\/12\/2021\/03\/Spring-cycling-profimedia-0593563111-CVR.jpg\",\"contentUrl\":\"https:\/\/d2p6e6u75xmxt8.cloudfront.net\/12\/2021\/03\/Spring-cycling-profimedia-0593563111-CVR.jpg\",\"width\":1366,\"height\":600,\"caption\":\"Early season cycling\"},{\"@type\":\"BreadcrumbList\",\"@id\":\"https:\/\/www.welovecycling.com\/hu\/edzes-es-eletmod\/tipikus-hibak-a-szezon-elejen-rossz-taplalkozas\/#breadcrumb\",\"itemListElement\":[{\"@type\":\"ListItem\",\"position\":1,\"name\":\"Home\",\"item\":\"https:\/\/www.welovecycling.com\/hu\/\"},{\"@type\":\"ListItem\",\"position\":2,\"name\":\"Tipikus hib\u00e1k a szezon elej\u00e9n \u2013 Rossz t\u00e1pl\u00e1lkoz\u00e1s\"}]},{\"@type\":\"WebSite\",\"@id\":\"https:\/\/www.welovecycling.com\/hu\/#website\",\"url\":\"https:\/\/www.welovecycling.com\/hu\/\",\"name\":\"\u0160koda We Love Cycling - Magyarorsz\u00e1g\",\"description\":\"\u0160koda WeLoveCycling\",\"potentialAction\":[{\"@type\":\"SearchAction\",\"target\":{\"@type\":\"EntryPoint\",\"urlTemplate\":\"https:\/\/www.welovecycling.com\/hu\/?s={search_term_string}\"},\"query-input\":{\"@type\":\"PropertyValueSpecification\",\"valueRequired\":true,\"valueName\":\"search_term_string\"}}],\"inLanguage\":\"hu\"},{\"@type\":\"Person\",\"@id\":\"https:\/\/www.welovecycling.com\/hu\/#\/schema\/person\/414a2aebf1801691a5320edb6468e194\",\"name\":\"hegyizs\",\"image\":{\"@type\":\"ImageObject\",\"inLanguage\":\"hu\",\"@id\":\"https:\/\/www.welovecycling.com\/hu\/#\/schema\/person\/image\/\",\"url\":\"https:\/\/secure.gravatar.com\/avatar\/02cf8a7906b8cf90cecb4679defac7cfd33a1c2e3b88e4903d947f3bb58eedd3?s=96&d=mm&r=g\",\"contentUrl\":\"https:\/\/secure.gravatar.com\/avatar\/02cf8a7906b8cf90cecb4679defac7cfd33a1c2e3b88e4903d947f3bb58eedd3?s=96&d=mm&r=g\",\"caption\":\"hegyizs\"},\"url\":\"https:\/\/www.welovecycling.com\/hu\/author\/hegyizs\/\"}]}<\/script>\n<!-- \/ Yoast SEO Premium plugin. -->","yoast_head_json":{"title":"Tipikus hib\u00e1k a szezon elej\u00e9n \u2013 Rossz t\u00e1pl\u00e1lkoz\u00e1s","description":"Az egyre meleged\u0151 id\u0151 a ker\u00e9kp\u00e1ros szezon bek\u00f6sz\u00f6nt\u00e9t jelzi. Minden bring\u00e1snak kedve t\u00e1mad a naps\u00fct\u00e9sben \u00faj utakat felfedezni.","robots":{"index":"index","follow":"follow","max-snippet":"max-snippet:-1","max-image-preview":"max-image-preview:large","max-video-preview":"max-video-preview:-1"},"canonical":"https:\/\/www.welovecycling.com\/hu\/edzes-es-eletmod\/tipikus-hibak-a-szezon-elejen-rossz-taplalkozas\/","og_locale":"hu_HU","og_type":"article","og_title":"Tipikus hib\u00e1k a szezon elej\u00e9n \u2013 Rossz t\u00e1pl\u00e1lkoz\u00e1s","og_description":"Az egyre meleged\u0151 id\u0151 a ker\u00e9kp\u00e1ros szezon bek\u00f6sz\u00f6nt\u00e9t jelzi. Minden bring\u00e1snak kedve t\u00e1mad a naps\u00fct\u00e9sben \u00faj utakat felfedezni.","og_url":"https:\/\/www.welovecycling.com\/hu\/edzes-es-eletmod\/tipikus-hibak-a-szezon-elejen-rossz-taplalkozas\/","og_site_name":"\u0160koda We Love Cycling - Magyarorsz\u00e1g","article_publisher":"https:\/\/www.facebook.com\/WeLoveCyclingHungary\/","article_published_time":"2021-03-15T07:00:11+00:00","og_image":[{"width":1366,"height":600,"url":"https:\/\/d2p6e6u75xmxt8.cloudfront.net\/12\/2021\/03\/Spring-cycling-profimedia-0593563111-CVR.jpg","type":"image\/jpeg"}],"author":"hegyizs","twitter_card":"summary_large_image","twitter_misc":{"Written by":"Jiri Kaloc","Est. reading time":"5"},"schema":{"@context":"https:\/\/schema.org","@graph":[{"@type":"WebPage","@id":"https:\/\/www.welovecycling.com\/hu\/edzes-es-eletmod\/tipikus-hibak-a-szezon-elejen-rossz-taplalkozas\/","url":"https:\/\/www.welovecycling.com\/hu\/edzes-es-eletmod\/tipikus-hibak-a-szezon-elejen-rossz-taplalkozas\/","name":"Tipikus hib\u00e1k a szezon elej\u00e9n \u2013 Rossz t\u00e1pl\u00e1lkoz\u00e1s","isPartOf":{"@id":"https:\/\/www.welovecycling.com\/hu\/#website"},"primaryImageOfPage":{"@id":"https:\/\/www.welovecycling.com\/hu\/edzes-es-eletmod\/tipikus-hibak-a-szezon-elejen-rossz-taplalkozas\/#primaryimage"},"image":{"@id":"https:\/\/www.welovecycling.com\/hu\/edzes-es-eletmod\/tipikus-hibak-a-szezon-elejen-rossz-taplalkozas\/#primaryimage"},"thumbnailUrl":"https:\/\/d2p6e6u75xmxt8.cloudfront.net\/12\/2021\/03\/Spring-cycling-profimedia-0593563111-CVR.jpg","datePublished":"2021-03-15T07:00:11+00:00","author":{"@id":"https:\/\/www.welovecycling.com\/hu\/#\/schema\/person\/414a2aebf1801691a5320edb6468e194"},"description":"Az egyre meleged\u0151 id\u0151 a ker\u00e9kp\u00e1ros szezon bek\u00f6sz\u00f6nt\u00e9t jelzi. Minden bring\u00e1snak kedve t\u00e1mad a naps\u00fct\u00e9sben \u00faj utakat felfedezni.","breadcrumb":{"@id":"https:\/\/www.welovecycling.com\/hu\/edzes-es-eletmod\/tipikus-hibak-a-szezon-elejen-rossz-taplalkozas\/#breadcrumb"},"inLanguage":"hu","potentialAction":[{"@type":"ReadAction","target":["https:\/\/www.welovecycling.com\/hu\/edzes-es-eletmod\/tipikus-hibak-a-szezon-elejen-rossz-taplalkozas\/"]}]},{"@type":"ImageObject","inLanguage":"hu","@id":"https:\/\/www.welovecycling.com\/hu\/edzes-es-eletmod\/tipikus-hibak-a-szezon-elejen-rossz-taplalkozas\/#primaryimage","url":"https:\/\/d2p6e6u75xmxt8.cloudfront.net\/12\/2021\/03\/Spring-cycling-profimedia-0593563111-CVR.jpg","contentUrl":"https:\/\/d2p6e6u75xmxt8.cloudfront.net\/12\/2021\/03\/Spring-cycling-profimedia-0593563111-CVR.jpg","width":1366,"height":600,"caption":"Early season cycling"},{"@type":"BreadcrumbList","@id":"https:\/\/www.welovecycling.com\/hu\/edzes-es-eletmod\/tipikus-hibak-a-szezon-elejen-rossz-taplalkozas\/#breadcrumb","itemListElement":[{"@type":"ListItem","position":1,"name":"Home","item":"https:\/\/www.welovecycling.com\/hu\/"},{"@type":"ListItem","position":2,"name":"Tipikus hib\u00e1k a szezon elej\u00e9n \u2013 Rossz t\u00e1pl\u00e1lkoz\u00e1s"}]},{"@type":"WebSite","@id":"https:\/\/www.welovecycling.com\/hu\/#website","url":"https:\/\/www.welovecycling.com\/hu\/","name":"\u0160koda We Love Cycling - Magyarorsz\u00e1g","description":"\u0160koda WeLoveCycling","potentialAction":[{"@type":"SearchAction","target":{"@type":"EntryPoint","urlTemplate":"https:\/\/www.welovecycling.com\/hu\/?s={search_term_string}"},"query-input":{"@type":"PropertyValueSpecification","valueRequired":true,"valueName":"search_term_string"}}],"inLanguage":"hu"},{"@type":"Person","@id":"https:\/\/www.welovecycling.com\/hu\/#\/schema\/person\/414a2aebf1801691a5320edb6468e194","name":"hegyizs","image":{"@type":"ImageObject","inLanguage":"hu","@id":"https:\/\/www.welovecycling.com\/hu\/#\/schema\/person\/image\/","url":"https:\/\/secure.gravatar.com\/avatar\/02cf8a7906b8cf90cecb4679defac7cfd33a1c2e3b88e4903d947f3bb58eedd3?s=96&d=mm&r=g","contentUrl":"https:\/\/secure.gravatar.com\/avatar\/02cf8a7906b8cf90cecb4679defac7cfd33a1c2e3b88e4903d947f3bb58eedd3?s=96&d=mm&r=g","caption":"hegyizs"},"url":"https:\/\/www.welovecycling.com\/hu\/author\/hegyizs\/"}]}},"_links":{"self":[{"href":"https:\/\/www.welovecycling.com\/hu\/wp-json\/wp\/v2\/posts\/10358","targetHints":{"allow":["GET"]}}],"collection":[{"href":"https:\/\/www.welovecycling.com\/hu\/wp-json\/wp\/v2\/posts"}],"about":[{"href":"https:\/\/www.welovecycling.com\/hu\/wp-json\/wp\/v2\/types\/post"}],"author":[{"embeddable":true,"href":"https:\/\/www.welovecycling.com\/hu\/wp-json\/wp\/v2\/users\/71"}],"replies":[{"embeddable":true,"href":"https:\/\/www.welovecycling.com\/hu\/wp-json\/wp\/v2\/comments?post=10358"}],"version-history":[{"count":2,"href":"https:\/\/www.welovecycling.com\/hu\/wp-json\/wp\/v2\/posts\/10358\/revisions"}],"predecessor-version":[{"id":10391,"href":"https:\/\/www.welovecycling.com\/hu\/wp-json\/wp\/v2\/posts\/10358\/revisions\/10391"}],"wp:featuredmedia":[{"embeddable":true,"href":"https:\/\/www.welovecycling.com\/hu\/wp-json\/wp\/v2\/media\/10362"}],"wp:attachment":[{"href":"https:\/\/www.welovecycling.com\/hu\/wp-json\/wp\/v2\/media?parent=10358"}],"wp:term":[{"taxonomy":"category","embeddable":true,"href":"https:\/\/www.welovecycling.com\/hu\/wp-json\/wp\/v2\/categories?post=10358"},{"taxonomy":"post_tag","embeddable":true,"href":"https:\/\/www.welovecycling.com\/hu\/wp-json\/wp\/v2\/tags?post=10358"},{"taxonomy":"global-categories","embeddable":true,"href":"https:\/\/www.welovecycling.com\/hu\/wp-json\/wp\/v2\/global-categories?post=10358"}],"curies":[{"name":"wp","href":"https:\/\/api.w.org\/{rel}","templated":true}]}}