{"id":10347,"date":"2021-03-13T08:00:07","date_gmt":"2021-03-13T07:00:07","guid":{"rendered":"https:\/\/www.welovecycling.com\/hu\/?p=10347"},"modified":"2021-03-05T10:18:05","modified_gmt":"2021-03-05T09:18:05","slug":"egeszsegesek-a-fagyasztott-zoldsegek","status":"publish","type":"post","link":"https:\/\/www.welovecycling.com\/hu\/edzes-es-eletmod\/egeszsegesek-a-fagyasztott-zoldsegek\/","title":{"rendered":"Eg\u00e9szs\u00e9gesek a fagyasztott z\u00f6lds\u00e9gek?"},"content":{"rendered":"<p><strong>Ha \u00e9pp nem tudsz friss z\u00f6lds\u00e9get beszerezni, vagy \u00e9pp v\u00e1ltozatoss\u00e1gra v\u00e1gysz: ezeket kell tudnod a fagyasztott opci\u00f3kr\u00f3l!<\/strong><!--more--><\/p>\n<p>Azt m\u00e1r tudjuk, hogy a z\u00f6lds\u00e9gek j\u00f3 rost, antioxid\u00e1ns, vitamin \u00e9s \u00e1sv\u00e1nyi anyag-forr\u00e1sok, \u00edgy seg\u00edtenek jobb teljes\u00edtm\u00e9nyt el\u00e9rni \u00e9s gyorsabban regener\u00e1l\u00f3dni, sz\u00f3val a friss z\u00f6lds\u00e9gekkel nem foghatsz mell\u00e9. De \u00e9rdemes k\u00f6r\u00fcln\u00e9zni a fagyasztott oszt\u00e1lyon is?<\/p>\n<p>Fontos k\u00e9rd\u00e9s, f\u0151leg ha \u00e9pp \u00e9letm\u00f3dot szeretn\u00e9l v\u00e1ltani \u00e9s szembes\u00fcln\u00f6d kell vele, hogy nem b\u00edrsz annyi z\u00f6lds\u00e9get enni, mint amennyit megvett\u00e9l, azel\u0151tt, hogy t\u00f6nkremenn\u00e9nek. Vagy szeretn\u00e9d, ha mindig lenne otthon z\u00f6lds\u00e9g, \u00edgy kevesebbet kell boltba j\u00e1rnod, ami a pand\u00e9mia alatt k\u00fcl\u00f6n\u00f6sen j\u00f3 dolog. R\u00e1ad\u00e1sul sokkal gyorsabb \u00e9s k\u00f6nnyebb eg\u00e9szs\u00e9ges \u00e9teleket var\u00e1zsolni bel\u0151l\u00fck, mint friss t\u00e1rsaikb\u00f3l. \u00c9s m\u00e9g olcs\u00f3bbak is.<\/p>\n<p>A j\u00f3 h\u00edr: a z\u00f6lds\u00e9geket \u00e1ltal\u00e1ban r\u00f6gt\u00f6n a betakar\u00edt\u00e1suk ut\u00e1n lefagyasztj\u00e1k, \u00edgy jobban meg\u0151rzik t\u00e1panyag-tartalmukat. Azonban ez m\u00e9g csak a j\u00e9ghegy cs\u00facsa. Ezekre kell figyelned, ha a legt\u00f6bb t\u00e1panyagot akarod kinyerni a fagyasztott z\u00f6lds\u00e9gekb\u0151l!<\/p>\n<h2><strong>Sz\u00e1m\u00edt, hogyan k\u00e9sz\u00edted el!<\/strong><\/h2>\n<p>Amikor megragadsz egy zacsk\u00f3 brokkolit \u00e9s neki\u00e1llsz elk\u00e9sz\u00edteni a vacsor\u00e1t, k\u00f6nnyen lehet, hogy a f\u0151z\u00e9s sor\u00e1n elvesznek a t\u00e1panyagok. Azonban ez nem csak a fagyasztott z\u00f6lds\u00e9gekre igaz.<\/p>\n<p>A v\u00edzben felsz\u00edv\u00f3d\u00f3 t\u00e1panyagok, mint amilyen a B vitamin, a C-vitamin \u00e9s a folsav, a forr\u00f3 v\u00edzben bizony felold\u00f3dnak. A f\u0151z\u00e9s sor\u00e1n ak\u00e1r 75%-ukat is elvesz\u00edtheted \u00edgy. A kev\u00e9s v\u00edzben val\u00f3 p\u00e1rol\u00e1s jobb opci\u00f3, de nem sokkal.<\/p>\n<p>A legjobb, ha a felolvasztott z\u00f6lds\u00e9geket ol\u00edvaolajon p\u00e1roljuk meg, vagy blans\u00edrozzuk, esetleg megs\u00fctj\u00fck, vagy megpir\u00edtjuk. Ha ut\u00f3bbi mellett d\u00f6ntesz, ne \u00f6ntsd ki a megmaradt olajat! A t\u00e1panyagok egy r\u00e9sze m\u00e9g megmenthet\u0151, ha sal\u00e1ta\u00f6ntetk\u00e9nt haszn\u00e1lod.<\/p>\n<figure id=\"attachment_10348\" aria-describedby=\"caption-attachment-10348\" style=\"width: 640px\" class=\"wp-caption aligncenter\"><img loading=\"lazy\" decoding=\"async\" class=\"size-full wp-image-10348\" src=\"https:\/\/d2p6e6u75xmxt8.cloudfront.net\/12\/2021\/03\/sam-hojati-M4hazNIyTsk-unsplash.jpg\" alt=\"\" width=\"640\" height=\"960\" srcset=\"https:\/\/d2p6e6u75xmxt8.cloudfront.net\/12\/2021\/03\/sam-hojati-M4hazNIyTsk-unsplash.jpg 640w, https:\/\/d2p6e6u75xmxt8.cloudfront.net\/12\/2021\/03\/sam-hojati-M4hazNIyTsk-unsplash-200x300.jpg 200w\" sizes=\"auto, (max-width: 640px) 100vw, 640px\" \/><figcaption id=\"caption-attachment-10348\" class=\"wp-caption-text\">Sam Hojati \/ Unsplash<\/figcaption><\/figure>\n<h2><strong>V\u00e1lassz b\u00f6lcsen term\u00e9keket!<\/strong><\/h2>\n<p>Vannak olyan z\u00f6lds\u00e9gek \u00e9s gy\u00fcm\u00f6lcs\u00f6k, melyek kevesebb t\u00e1panyagot vesz\u00edtenek a fagyaszt\u00e1s sor\u00e1n, \u00e9s vannak, amelyek t\u00f6bbet. A riboflavin, ami a B vitamin egyik fajt\u00e1ja, mely a sejtn\u00f6veked\u00e9shez j\u00e1rul hozz\u00e1, alacsonyabb a fagyasztott bors\u00f3ban, mint a frissben, a brokkoliban viszont az elj\u00e1r\u00e1s ut\u00e1n is megmarad. Az E vitamin a bors\u00f3ban, a z\u00f6ldbabban, a spen\u00f3tban \u00e9s a kukoric\u00e1ban szint\u00e9n j\u00f3l viseli a hideget. A magn\u00e9zium is a bors\u00f3ban, spen\u00f3tban \u00e9s kukoric\u00e1ban nagy mennyis\u00e9gben megtal\u00e1lhat\u00f3 kiolvaszt\u00e1s ut\u00e1n is. Ha vasat akarunk bevinni szervezet\u00fcnkbe, v\u00e1lasszuk a spen\u00f3tot vagy a r\u00e9p\u00e1t!<\/p>\n<figure id=\"attachment_10349\" aria-describedby=\"caption-attachment-10349\" style=\"width: 1024px\" class=\"wp-caption aligncenter\"><img loading=\"lazy\" decoding=\"async\" class=\"size-large wp-image-10349\" src=\"https:\/\/d2p6e6u75xmxt8.cloudfront.net\/12\/2021\/03\/louis-hansel-shotsoflouis-4VMqrwYfmDw-unsplash-1024x683.jpg\" alt=\"\" width=\"1024\" height=\"683\" srcset=\"https:\/\/d2p6e6u75xmxt8.cloudfront.net\/12\/2021\/03\/louis-hansel-shotsoflouis-4VMqrwYfmDw-unsplash-1024x683.jpg 1024w, https:\/\/d2p6e6u75xmxt8.cloudfront.net\/12\/2021\/03\/louis-hansel-shotsoflouis-4VMqrwYfmDw-unsplash-300x200.jpg 300w, https:\/\/d2p6e6u75xmxt8.cloudfront.net\/12\/2021\/03\/louis-hansel-shotsoflouis-4VMqrwYfmDw-unsplash-768x512.jpg 768w, https:\/\/d2p6e6u75xmxt8.cloudfront.net\/12\/2021\/03\/louis-hansel-shotsoflouis-4VMqrwYfmDw-unsplash-1536x1024.jpg 1536w, https:\/\/d2p6e6u75xmxt8.cloudfront.net\/12\/2021\/03\/louis-hansel-shotsoflouis-4VMqrwYfmDw-unsplash-272x182.jpg 272w, https:\/\/d2p6e6u75xmxt8.cloudfront.net\/12\/2021\/03\/louis-hansel-shotsoflouis-4VMqrwYfmDw-unsplash.jpg 1920w\" sizes=\"auto, (max-width: 1024px) 100vw, 1024px\" \/><figcaption id=\"caption-attachment-10349\" class=\"wp-caption-text\">A spen\u00f3t nem csak nyersen eg\u00e9szs\u00e9ges. Louis Hansel \/ Unsplash<\/figcaption><\/figure>\n<h2><strong>Ker\u00fcld el a sz\u00f3szokat!<\/strong><\/h2>\n<p>K\u00f6nnyen beleeshet\u00fcnk abba a csapd\u00e1ba, hogy fagyasztott \u00e9teleink felturb\u00f3z\u00e1s\u00e1ra el\u0151re elk\u00e9sz\u00edtett \u00f6ntetekhez ny\u00falunk. Az ilyen \u00edzes\u00edt\u0151k azonban \u00e1ltal\u00e1ban rengeteg cukrot tartalmaznak. F\u0171szerezd te a z\u00f6lds\u00e9geket! Ha p\u00e9ld\u00e1ul chilit, k\u00f6m\u00e9nyt, s\u00f3t \u00e9s borsot haszn\u00e1lsz, nem ny\u00falhatsz mell\u00e9.<\/p>\n<figure id=\"attachment_10350\" aria-describedby=\"caption-attachment-10350\" style=\"width: 1024px\" class=\"wp-caption aligncenter\"><img loading=\"lazy\" decoding=\"async\" class=\"size-large wp-image-10350\" src=\"https:\/\/d2p6e6u75xmxt8.cloudfront.net\/12\/2021\/03\/tamanna-rumee-dqVPEGkuR_U-unsplash-1024x683.jpg\" alt=\"\" width=\"1024\" height=\"683\" srcset=\"https:\/\/d2p6e6u75xmxt8.cloudfront.net\/12\/2021\/03\/tamanna-rumee-dqVPEGkuR_U-unsplash-1024x683.jpg 1024w, https:\/\/d2p6e6u75xmxt8.cloudfront.net\/12\/2021\/03\/tamanna-rumee-dqVPEGkuR_U-unsplash-300x200.jpg 300w, https:\/\/d2p6e6u75xmxt8.cloudfront.net\/12\/2021\/03\/tamanna-rumee-dqVPEGkuR_U-unsplash-768x512.jpg 768w, https:\/\/d2p6e6u75xmxt8.cloudfront.net\/12\/2021\/03\/tamanna-rumee-dqVPEGkuR_U-unsplash-1536x1024.jpg 1536w, https:\/\/d2p6e6u75xmxt8.cloudfront.net\/12\/2021\/03\/tamanna-rumee-dqVPEGkuR_U-unsplash-272x182.jpg 272w, https:\/\/d2p6e6u75xmxt8.cloudfront.net\/12\/2021\/03\/tamanna-rumee-dqVPEGkuR_U-unsplash.jpg 1920w\" sizes=\"auto, (max-width: 1024px) 100vw, 1024px\" \/><figcaption id=\"caption-attachment-10350\" class=\"wp-caption-text\">Tamanna Rumee \/ Unsplash<\/figcaption><\/figure>\n<p>\u00d6sszess\u00e9g\u00e9ben teh\u00e1t elmondhatjuk, hogy a fagyasztott z\u00f6lds\u00e9gek remek lehet\u0151s\u00e9gek, ha kev\u00e9s az id\u0151d, sp\u00f3rolni szeretn\u00e9l vagy fontos sz\u00e1modra a k\u00e9nyelem. \u00c1ltal\u00e1noss\u00e1gban nem befoly\u00e1solja a fagyaszt\u00e1s a t\u00e1panyag-tartalmukat, ami fontos, hogy az elk\u00e9sz\u00edt\u00e9si m\u00f3ddal se k\u00e1ros\u00edtsd pozit\u00edv hat\u00e1sukat!<\/p>\n<p>A friss z\u00f6lds\u00e9gekn\u00e9l persze semmi sem jobb, de f\u0151 a v\u00e1ltozatoss\u00e1g! Igen, lehet, hogy elvesz\u00edtesz valamennyi antioxid\u00e1nst \u00e9s v\u00edzben old\u00f3d\u00f3 vitamint f\u0151z\u00e9s sor\u00e1n, de ami megmarad, az is j\u00f3t tesz. \u00c9s sok fagyasztott z\u00f6lds\u00e9get nem enn\u00e9l meg nyersen. A semmin\u00e9l teh\u00e1t sokkal t\u00f6bb az a t\u00e1panyag, amit beviszel vel\u00fck!<\/p>\n<p><em>Forr\u00e1s: <\/em><a href=\"https:\/\/www.bicycling.com\/health-nutrition\/a26266216\/are-frozen-vegetables-healthy\/\"><em>bicycling.com<\/em><\/a><\/p>\n","protected":false},"excerpt":{"rendered":"<p>Ha \u00e9pp nem tudsz friss z\u00f6lds\u00e9get beszerezni, vagy \u00e9pp v\u00e1ltozatoss\u00e1gra v\u00e1gysz: ezeket kell tudnod a fagyasztott opci\u00f3kr\u00f3l!<\/p>\n","protected":false},"author":71,"featured_media":10351,"comment_status":"closed","ping_status":"closed","sticky":false,"template":"","format":"standard","meta":{"footnotes":""},"categories":[6],"tags":[],"global-categories":[],"class_list":["post-10347","post","type-post","status-publish","format-standard","has-post-thumbnail","hentry","category-edzes-es-eletmod"],"yoast_head":"<!-- This site is optimized with the Yoast SEO Premium plugin v25.3 (Yoast SEO v25.9) - https:\/\/yoast.com\/wordpress\/plugins\/seo\/ -->\n<title>Eg\u00e9szs\u00e9gesek a fagyasztott z\u00f6lds\u00e9gek?<\/title>\n<meta name=\"description\" content=\"Ha \u00e9pp nem tudsz friss z\u00f6lds\u00e9get beszerezni, vagy \u00e9pp v\u00e1ltozatoss\u00e1gra v\u00e1gysz: ezeket kell tudnod a fagyasztott opci\u00f3kr\u00f3l!\" \/>\n<meta name=\"robots\" content=\"index, follow, max-snippet:-1, max-image-preview:large, max-video-preview:-1\" \/>\n<link rel=\"canonical\" href=\"https:\/\/www.welovecycling.com\/hu\/edzes-es-eletmod\/egeszsegesek-a-fagyasztott-zoldsegek\/\" \/>\n<meta property=\"og:locale\" content=\"hu_HU\" \/>\n<meta property=\"og:type\" content=\"article\" \/>\n<meta property=\"og:title\" content=\"Eg\u00e9szs\u00e9gesek a fagyasztott z\u00f6lds\u00e9gek?\" \/>\n<meta property=\"og:description\" content=\"Ha \u00e9pp nem tudsz friss z\u00f6lds\u00e9get beszerezni, vagy \u00e9pp v\u00e1ltozatoss\u00e1gra v\u00e1gysz: ezeket kell tudnod a fagyasztott opci\u00f3kr\u00f3l!\" \/>\n<meta property=\"og:url\" content=\"https:\/\/www.welovecycling.com\/hu\/edzes-es-eletmod\/egeszsegesek-a-fagyasztott-zoldsegek\/\" \/>\n<meta property=\"og:site_name\" content=\"\u0160koda We Love Cycling - Magyarorsz\u00e1g\" \/>\n<meta property=\"article:publisher\" content=\"https:\/\/www.facebook.com\/WeLoveCyclingHungary\/\" \/>\n<meta property=\"article:published_time\" content=\"2021-03-13T07:00:07+00:00\" \/>\n<meta property=\"og:image\" content=\"https:\/\/d2p6e6u75xmxt8.cloudfront.net\/12\/2021\/03\/peas-166969_1920.jpg\" \/>\n\t<meta property=\"og:image:width\" content=\"1920\" \/>\n\t<meta property=\"og:image:height\" content=\"1279\" \/>\n\t<meta property=\"og:image:type\" content=\"image\/jpeg\" \/>\n<meta name=\"author\" content=\"hegyizs\" \/>\n<meta name=\"twitter:card\" content=\"summary_large_image\" \/>\n<meta name=\"twitter:label1\" content=\"Written by\" \/>\n\t<meta name=\"twitter:data1\" content=\"WLC\" \/>\n\t<meta name=\"twitter:label2\" content=\"Est. reading time\" \/>\n\t<meta name=\"twitter:data2\" content=\"4 minutes\" \/>\n<script type=\"application\/ld+json\" class=\"yoast-schema-graph\">{\"@context\":\"https:\/\/schema.org\",\"@graph\":[{\"@type\":\"WebPage\",\"@id\":\"https:\/\/www.welovecycling.com\/hu\/edzes-es-eletmod\/egeszsegesek-a-fagyasztott-zoldsegek\/\",\"url\":\"https:\/\/www.welovecycling.com\/hu\/edzes-es-eletmod\/egeszsegesek-a-fagyasztott-zoldsegek\/\",\"name\":\"Eg\u00e9szs\u00e9gesek a fagyasztott z\u00f6lds\u00e9gek?\",\"isPartOf\":{\"@id\":\"https:\/\/www.welovecycling.com\/hu\/#website\"},\"primaryImageOfPage\":{\"@id\":\"https:\/\/www.welovecycling.com\/hu\/edzes-es-eletmod\/egeszsegesek-a-fagyasztott-zoldsegek\/#primaryimage\"},\"image\":{\"@id\":\"https:\/\/www.welovecycling.com\/hu\/edzes-es-eletmod\/egeszsegesek-a-fagyasztott-zoldsegek\/#primaryimage\"},\"thumbnailUrl\":\"https:\/\/d2p6e6u75xmxt8.cloudfront.net\/12\/2021\/03\/peas-166969_1920.jpg\",\"datePublished\":\"2021-03-13T07:00:07+00:00\",\"author\":{\"@id\":\"https:\/\/www.welovecycling.com\/hu\/#\/schema\/person\/414a2aebf1801691a5320edb6468e194\"},\"description\":\"Ha \u00e9pp nem tudsz friss z\u00f6lds\u00e9get beszerezni, vagy \u00e9pp v\u00e1ltozatoss\u00e1gra v\u00e1gysz: ezeket kell tudnod a fagyasztott opci\u00f3kr\u00f3l!\",\"breadcrumb\":{\"@id\":\"https:\/\/www.welovecycling.com\/hu\/edzes-es-eletmod\/egeszsegesek-a-fagyasztott-zoldsegek\/#breadcrumb\"},\"inLanguage\":\"hu\",\"potentialAction\":[{\"@type\":\"ReadAction\",\"target\":[\"https:\/\/www.welovecycling.com\/hu\/edzes-es-eletmod\/egeszsegesek-a-fagyasztott-zoldsegek\/\"]}]},{\"@type\":\"ImageObject\",\"inLanguage\":\"hu\",\"@id\":\"https:\/\/www.welovecycling.com\/hu\/edzes-es-eletmod\/egeszsegesek-a-fagyasztott-zoldsegek\/#primaryimage\",\"url\":\"https:\/\/d2p6e6u75xmxt8.cloudfront.net\/12\/2021\/03\/peas-166969_1920.jpg\",\"contentUrl\":\"https:\/\/d2p6e6u75xmxt8.cloudfront.net\/12\/2021\/03\/peas-166969_1920.jpg\",\"width\":1920,\"height\":1279},{\"@type\":\"BreadcrumbList\",\"@id\":\"https:\/\/www.welovecycling.com\/hu\/edzes-es-eletmod\/egeszsegesek-a-fagyasztott-zoldsegek\/#breadcrumb\",\"itemListElement\":[{\"@type\":\"ListItem\",\"position\":1,\"name\":\"Home\",\"item\":\"https:\/\/www.welovecycling.com\/hu\/\"},{\"@type\":\"ListItem\",\"position\":2,\"name\":\"Eg\u00e9szs\u00e9gesek a fagyasztott z\u00f6lds\u00e9gek?\"}]},{\"@type\":\"WebSite\",\"@id\":\"https:\/\/www.welovecycling.com\/hu\/#website\",\"url\":\"https:\/\/www.welovecycling.com\/hu\/\",\"name\":\"\u0160koda We Love Cycling - Magyarorsz\u00e1g\",\"description\":\"\u0160koda WeLoveCycling\",\"potentialAction\":[{\"@type\":\"SearchAction\",\"target\":{\"@type\":\"EntryPoint\",\"urlTemplate\":\"https:\/\/www.welovecycling.com\/hu\/?s={search_term_string}\"},\"query-input\":{\"@type\":\"PropertyValueSpecification\",\"valueRequired\":true,\"valueName\":\"search_term_string\"}}],\"inLanguage\":\"hu\"},{\"@type\":\"Person\",\"@id\":\"https:\/\/www.welovecycling.com\/hu\/#\/schema\/person\/414a2aebf1801691a5320edb6468e194\",\"name\":\"hegyizs\",\"image\":{\"@type\":\"ImageObject\",\"inLanguage\":\"hu\",\"@id\":\"https:\/\/www.welovecycling.com\/hu\/#\/schema\/person\/image\/\",\"url\":\"https:\/\/secure.gravatar.com\/avatar\/02cf8a7906b8cf90cecb4679defac7cfd33a1c2e3b88e4903d947f3bb58eedd3?s=96&d=mm&r=g\",\"contentUrl\":\"https:\/\/secure.gravatar.com\/avatar\/02cf8a7906b8cf90cecb4679defac7cfd33a1c2e3b88e4903d947f3bb58eedd3?s=96&d=mm&r=g\",\"caption\":\"hegyizs\"},\"url\":\"https:\/\/www.welovecycling.com\/hu\/author\/hegyizs\/\"}]}<\/script>\n<!-- \/ Yoast SEO Premium plugin. -->","yoast_head_json":{"title":"Eg\u00e9szs\u00e9gesek a fagyasztott z\u00f6lds\u00e9gek?","description":"Ha \u00e9pp nem tudsz friss z\u00f6lds\u00e9get beszerezni, vagy \u00e9pp v\u00e1ltozatoss\u00e1gra v\u00e1gysz: ezeket kell tudnod a fagyasztott opci\u00f3kr\u00f3l!","robots":{"index":"index","follow":"follow","max-snippet":"max-snippet:-1","max-image-preview":"max-image-preview:large","max-video-preview":"max-video-preview:-1"},"canonical":"https:\/\/www.welovecycling.com\/hu\/edzes-es-eletmod\/egeszsegesek-a-fagyasztott-zoldsegek\/","og_locale":"hu_HU","og_type":"article","og_title":"Eg\u00e9szs\u00e9gesek a fagyasztott z\u00f6lds\u00e9gek?","og_description":"Ha \u00e9pp nem tudsz friss z\u00f6lds\u00e9get beszerezni, vagy \u00e9pp v\u00e1ltozatoss\u00e1gra v\u00e1gysz: ezeket kell tudnod a fagyasztott opci\u00f3kr\u00f3l!","og_url":"https:\/\/www.welovecycling.com\/hu\/edzes-es-eletmod\/egeszsegesek-a-fagyasztott-zoldsegek\/","og_site_name":"\u0160koda We Love Cycling - Magyarorsz\u00e1g","article_publisher":"https:\/\/www.facebook.com\/WeLoveCyclingHungary\/","article_published_time":"2021-03-13T07:00:07+00:00","og_image":[{"width":1920,"height":1279,"url":"https:\/\/d2p6e6u75xmxt8.cloudfront.net\/12\/2021\/03\/peas-166969_1920.jpg","type":"image\/jpeg"}],"author":"hegyizs","twitter_card":"summary_large_image","twitter_misc":{"Written by":"WLC","Est. reading time":"4 minutes"},"schema":{"@context":"https:\/\/schema.org","@graph":[{"@type":"WebPage","@id":"https:\/\/www.welovecycling.com\/hu\/edzes-es-eletmod\/egeszsegesek-a-fagyasztott-zoldsegek\/","url":"https:\/\/www.welovecycling.com\/hu\/edzes-es-eletmod\/egeszsegesek-a-fagyasztott-zoldsegek\/","name":"Eg\u00e9szs\u00e9gesek a fagyasztott z\u00f6lds\u00e9gek?","isPartOf":{"@id":"https:\/\/www.welovecycling.com\/hu\/#website"},"primaryImageOfPage":{"@id":"https:\/\/www.welovecycling.com\/hu\/edzes-es-eletmod\/egeszsegesek-a-fagyasztott-zoldsegek\/#primaryimage"},"image":{"@id":"https:\/\/www.welovecycling.com\/hu\/edzes-es-eletmod\/egeszsegesek-a-fagyasztott-zoldsegek\/#primaryimage"},"thumbnailUrl":"https:\/\/d2p6e6u75xmxt8.cloudfront.net\/12\/2021\/03\/peas-166969_1920.jpg","datePublished":"2021-03-13T07:00:07+00:00","author":{"@id":"https:\/\/www.welovecycling.com\/hu\/#\/schema\/person\/414a2aebf1801691a5320edb6468e194"},"description":"Ha \u00e9pp nem tudsz friss z\u00f6lds\u00e9get beszerezni, vagy \u00e9pp v\u00e1ltozatoss\u00e1gra v\u00e1gysz: ezeket kell tudnod a fagyasztott opci\u00f3kr\u00f3l!","breadcrumb":{"@id":"https:\/\/www.welovecycling.com\/hu\/edzes-es-eletmod\/egeszsegesek-a-fagyasztott-zoldsegek\/#breadcrumb"},"inLanguage":"hu","potentialAction":[{"@type":"ReadAction","target":["https:\/\/www.welovecycling.com\/hu\/edzes-es-eletmod\/egeszsegesek-a-fagyasztott-zoldsegek\/"]}]},{"@type":"ImageObject","inLanguage":"hu","@id":"https:\/\/www.welovecycling.com\/hu\/edzes-es-eletmod\/egeszsegesek-a-fagyasztott-zoldsegek\/#primaryimage","url":"https:\/\/d2p6e6u75xmxt8.cloudfront.net\/12\/2021\/03\/peas-166969_1920.jpg","contentUrl":"https:\/\/d2p6e6u75xmxt8.cloudfront.net\/12\/2021\/03\/peas-166969_1920.jpg","width":1920,"height":1279},{"@type":"BreadcrumbList","@id":"https:\/\/www.welovecycling.com\/hu\/edzes-es-eletmod\/egeszsegesek-a-fagyasztott-zoldsegek\/#breadcrumb","itemListElement":[{"@type":"ListItem","position":1,"name":"Home","item":"https:\/\/www.welovecycling.com\/hu\/"},{"@type":"ListItem","position":2,"name":"Eg\u00e9szs\u00e9gesek a fagyasztott z\u00f6lds\u00e9gek?"}]},{"@type":"WebSite","@id":"https:\/\/www.welovecycling.com\/hu\/#website","url":"https:\/\/www.welovecycling.com\/hu\/","name":"\u0160koda We Love Cycling - Magyarorsz\u00e1g","description":"\u0160koda WeLoveCycling","potentialAction":[{"@type":"SearchAction","target":{"@type":"EntryPoint","urlTemplate":"https:\/\/www.welovecycling.com\/hu\/?s={search_term_string}"},"query-input":{"@type":"PropertyValueSpecification","valueRequired":true,"valueName":"search_term_string"}}],"inLanguage":"hu"},{"@type":"Person","@id":"https:\/\/www.welovecycling.com\/hu\/#\/schema\/person\/414a2aebf1801691a5320edb6468e194","name":"hegyizs","image":{"@type":"ImageObject","inLanguage":"hu","@id":"https:\/\/www.welovecycling.com\/hu\/#\/schema\/person\/image\/","url":"https:\/\/secure.gravatar.com\/avatar\/02cf8a7906b8cf90cecb4679defac7cfd33a1c2e3b88e4903d947f3bb58eedd3?s=96&d=mm&r=g","contentUrl":"https:\/\/secure.gravatar.com\/avatar\/02cf8a7906b8cf90cecb4679defac7cfd33a1c2e3b88e4903d947f3bb58eedd3?s=96&d=mm&r=g","caption":"hegyizs"},"url":"https:\/\/www.welovecycling.com\/hu\/author\/hegyizs\/"}]}},"_links":{"self":[{"href":"https:\/\/www.welovecycling.com\/hu\/wp-json\/wp\/v2\/posts\/10347","targetHints":{"allow":["GET"]}}],"collection":[{"href":"https:\/\/www.welovecycling.com\/hu\/wp-json\/wp\/v2\/posts"}],"about":[{"href":"https:\/\/www.welovecycling.com\/hu\/wp-json\/wp\/v2\/types\/post"}],"author":[{"embeddable":true,"href":"https:\/\/www.welovecycling.com\/hu\/wp-json\/wp\/v2\/users\/71"}],"replies":[{"embeddable":true,"href":"https:\/\/www.welovecycling.com\/hu\/wp-json\/wp\/v2\/comments?post=10347"}],"version-history":[{"count":1,"href":"https:\/\/www.welovecycling.com\/hu\/wp-json\/wp\/v2\/posts\/10347\/revisions"}],"predecessor-version":[{"id":10352,"href":"https:\/\/www.welovecycling.com\/hu\/wp-json\/wp\/v2\/posts\/10347\/revisions\/10352"}],"wp:featuredmedia":[{"embeddable":true,"href":"https:\/\/www.welovecycling.com\/hu\/wp-json\/wp\/v2\/media\/10351"}],"wp:attachment":[{"href":"https:\/\/www.welovecycling.com\/hu\/wp-json\/wp\/v2\/media?parent=10347"}],"wp:term":[{"taxonomy":"category","embeddable":true,"href":"https:\/\/www.welovecycling.com\/hu\/wp-json\/wp\/v2\/categories?post=10347"},{"taxonomy":"post_tag","embeddable":true,"href":"https:\/\/www.welovecycling.com\/hu\/wp-json\/wp\/v2\/tags?post=10347"},{"taxonomy":"global-categories","embeddable":true,"href":"https:\/\/www.welovecycling.com\/hu\/wp-json\/wp\/v2\/global-categories?post=10347"}],"curies":[{"name":"wp","href":"https:\/\/api.w.org\/{rel}","templated":true}]}}