{"id":10327,"date":"2021-03-14T08:00:54","date_gmt":"2021-03-14T07:00:54","guid":{"rendered":"https:\/\/www.welovecycling.com\/hu\/?p=10327"},"modified":"2021-03-05T10:18:45","modified_gmt":"2021-03-05T09:18:45","slug":"jotanacsok-egy-cseh-cyclocross-bajnoktol","status":"publish","type":"post","link":"https:\/\/www.welovecycling.com\/hu\/adrenalin\/jotanacsok-egy-cseh-cyclocross-bajnoktol\/","title":{"rendered":"J\u00f3tan\u00e1csok egy cseh cyclocross bajnokt\u00f3l"},"content":{"rendered":"<p><strong>Milyen ker\u00e9kp\u00e1r kell egy cyclocrossosnak \u00e9s hogyan lesz bel\u0151le profi versenyz\u0151? Michael Boro\u0161-szal, a h\u00e1romszoros bajnokkal besz\u00e9lgett\u00fcnk, aki Csehorsz\u00e1got k\u00e9pviseli az UCI Cyclocross Vil\u00e1gbajnoks\u00e1gon.<\/strong><\/p>\n<p><!--more--><\/p>\n<p>\u00c9letem sor\u00e1n mindenf\u00e9le ker\u00e9kp\u00e1rversenyen kipr\u00f3b\u00e1ltam magam, de semmi sem f\u00e1jt \u00fagy, mint a cyclocross. \u00c9s nem is nyerni akartam, csak t\u00faljutni rajta!<\/p>\n<figure id=\"attachment_10328\" aria-describedby=\"caption-attachment-10328\" style=\"width: 1024px\" class=\"wp-caption alignnone\"><a href=\"https:\/\/d2p6e6u75xmxt8.cloudfront.net\/2\/2021\/02\/2.jpg\"><img loading=\"lazy\" decoding=\"async\" class=\"wp-image-10328 size-large\" src=\"https:\/\/d2p6e6u75xmxt8.cloudfront.net\/12\/2021\/03\/2-1024x588.jpg\" alt=\"Bike detail\" width=\"1024\" height=\"588\" srcset=\"https:\/\/d2p6e6u75xmxt8.cloudfront.net\/12\/2021\/03\/2-1024x588.jpg 1024w, https:\/\/d2p6e6u75xmxt8.cloudfront.net\/12\/2021\/03\/2-300x172.jpg 300w, https:\/\/d2p6e6u75xmxt8.cloudfront.net\/12\/2021\/03\/2-768x441.jpg 768w, https:\/\/d2p6e6u75xmxt8.cloudfront.net\/12\/2021\/03\/2.jpg 1250w\" sizes=\"auto, (max-width: 1024px) 100vw, 1024px\" \/><\/a><figcaption id=\"caption-attachment-10328\" class=\"wp-caption-text\"><em>Jelenleg az \u201eOf Mud &amp; Bikes\u201d c\u00edm\u0171 dokumentumfilmen dolgozom, de a megjelen\u00e9s m\u00e9g od\u00e9bb van, eg\u00e9sz \u00e9vben forgatunk!<\/em><\/figcaption><\/figure>\n<p>Azoknak mondom, akik nem ismerik a sportot: kit\u0171n\u0151 ker\u00e9kp\u00e1rkezel\u00e9s \u00e9s fizikai er\u0151nl\u00e9t kell hozz\u00e1! A versenyz\u0151knek sok-sok k\u00f6rt meg kell tenni\u00fck egy r\u00f6vid p\u00e1ly\u00e1n, \u00e9s vannak olyan szakaszok, ahol \u00e1t kell vinni\u00fck a ker\u00e9kp\u00e1rt, mert p\u00e9ld\u00e1ul egy l\u00e9pcs\u0151 keresztezi \u00fatjukat. Ehhez gyorsan kell fel- \u00e9s lesz\u00e1llni a nyeregb\u0151l! \u00c9s ha mindez nem lenne el\u00e9g, a versenyeket \u0151sszel \u00e9s t\u00e9len rendezik, amikor a legkem\u00e9nyebbek a k\u00f6r\u00fclm\u00e9nyek.<\/p>\n<p>Sz\u00e1momra olyan a cyclocross, mint egy kem\u00e9ny Ironman verseny, csak v\u00e9gig biciklin.<\/p>\n<h2><strong>Hogyan lehetsz cyclocross-versenyz\u0151?<\/strong><\/h2>\n<figure id=\"attachment_10329\" aria-describedby=\"caption-attachment-10329\" style=\"width: 1022px\" class=\"wp-caption alignnone\"><a href=\"https:\/\/d2p6e6u75xmxt8.cloudfront.net\/12\/2021\/03\/1.jpg\"><img loading=\"lazy\" decoding=\"async\" class=\"wp-image-10329 size-full\" src=\"https:\/\/d2p6e6u75xmxt8.cloudfront.net\/12\/2021\/03\/1.jpg\" alt=\"Michael Boro\u0161\" width=\"1022\" height=\"681\" srcset=\"https:\/\/d2p6e6u75xmxt8.cloudfront.net\/12\/2021\/03\/1.jpg 1022w, https:\/\/d2p6e6u75xmxt8.cloudfront.net\/12\/2021\/03\/1-300x200.jpg 300w, https:\/\/d2p6e6u75xmxt8.cloudfront.net\/12\/2021\/03\/1-768x512.jpg 768w, https:\/\/d2p6e6u75xmxt8.cloudfront.net\/12\/2021\/03\/1-272x182.jpg 272w\" sizes=\"auto, (max-width: 1022px) 100vw, 1022px\" \/><\/a><figcaption id=\"caption-attachment-10329\" class=\"wp-caption-text\">\u00a9 Michal Svacek<\/figcaption><\/figure>\n<p>Ha le kellene sz\u0171k\u00edtenem k\u00e9t alappill\u00e9rre a CX fort\u00e9lyait, akkor az aerob edz\u00e9st \u00e9s a ker\u00e9kp\u00e1rkezel\u00e9st mondan\u00e1m a legfontosabbnak.<\/p>\n<h4><strong>Aerob edz\u00e9s<\/strong><\/h4>\n<p>A cyclocross versenyek r\u00f6videk, profik sz\u00e1m\u00e1ra k\u00f6r\u00fclbel\u00fcl egy \u00f3r\u00e1sok, amat\u0151r\u00f6k sz\u00e1m\u00e1ra csak 30 percesek (ez az els\u0151 figyelmeztet\u00e9s arra, hogy milyen brut\u00e1lis sport!). Folyamatosan teljes g\u00e1zzal kell haladnod, nagyon durva gyors\u00edt\u00e1sokkal \u00e9s hirtelen akad\u00e1lyokkal. Teh\u00e1t val\u00f3ban er\u0151s aerob kapacit\u00e1st ig\u00e9nyel. Sok cyclocross versenyz\u0151 sikeres m\u00e1s \u00e1gazatokban is, p\u00e9ld\u00e1ul az orsz\u00e1g\u00fati ker\u00e9kp\u00e1roz\u00e1sban.<\/p>\n<p>Arra a k\u00e9rd\u00e9sre, hogy hogyan lehet valaki a mez\u0151ny egyik legjobb versenyz\u0151je, Michael kifejtette, hogy b\u00e1r nem k\u00f6nny\u0171 ezt el\u00e9rni, de mindenkinek van r\u00e1 es\u00e9lye! Csak t\u00fcrelemre \u00e9s kem\u00e9ny munk\u00e1ra van sz\u00fcks\u00e9ged, hossz\u00fa \u00e9veken \u00e1t, \u00e9s m\u00e1r ott is vagy az \u00e9lmez\u0151nyben. \u0150 szinte minden nap gyakorol. Tavasszal \u00e9s ny\u00e1ron az \u00e1ll\u00f3k\u00e9pess\u00e9g\u00e9t jav\u00edtja, majd a szezon kezdete el\u0151tt gyorsabb \u00e9s r\u00f6videbb t\u00far\u00e1kra v\u00e1lt.<\/p>\n<h4><strong>Ker\u00e9kp\u00e1rkezel\u00e9s<\/strong><\/h4>\n<p>Az aerob edz\u00e9s azonban &#8211; b\u00e1r rendk\u00edv\u00fcl fontos &#8211; nem minden. A CX versenyz\u0151knek t\u00f6k\u00e9letesre kell fejleszteni\u00fck ker\u00e9kp\u00e1rkezel\u00e9si k\u00e9pess\u00e9geiket. Okkal h\u00edvj\u00e1k ker\u00e9kp\u00e1ros akad\u00e1lyversenynek a sportot! A gyors fel- \u00e9s lesz\u00e1ll\u00e1s csak a j\u00e9ghegy cs\u00facsa. A nyusziugr\u00e1sokt\u00f3l kezdve a talajon cs\u00fasz\u00e1sig, b\u00e1rmilyen mozdulatsor j\u00f3l j\u00f6het. Azt hiszem, ett\u0151l is olyan sz\u00f3rakoztat\u00f3 n\u00e9zni a versenyeket.<\/p>\n<figure id=\"attachment_10330\" aria-describedby=\"caption-attachment-10330\" style=\"width: 1024px\" class=\"wp-caption alignnone\"><a href=\"https:\/\/d2p6e6u75xmxt8.cloudfront.net\/2\/2021\/02\/4.jpg\"><img loading=\"lazy\" decoding=\"async\" class=\"wp-image-10330 size-large\" src=\"https:\/\/d2p6e6u75xmxt8.cloudfront.net\/12\/2021\/03\/4-1024x683.jpg\" alt=\"Michael Boro\u0161\" width=\"1024\" height=\"683\" srcset=\"https:\/\/d2p6e6u75xmxt8.cloudfront.net\/12\/2021\/03\/4-1024x683.jpg 1024w, https:\/\/d2p6e6u75xmxt8.cloudfront.net\/12\/2021\/03\/4-300x200.jpg 300w, https:\/\/d2p6e6u75xmxt8.cloudfront.net\/12\/2021\/03\/4-768x512.jpg 768w, https:\/\/d2p6e6u75xmxt8.cloudfront.net\/12\/2021\/03\/4-272x182.jpg 272w, https:\/\/d2p6e6u75xmxt8.cloudfront.net\/12\/2021\/03\/4.jpg 1120w\" sizes=\"auto, (max-width: 1024px) 100vw, 1024px\" \/><\/a><figcaption id=\"caption-attachment-10330\" class=\"wp-caption-text\">\u00a9 Michal Cerveny<\/figcaption><\/figure>\n<h2><strong>A megfelel\u0151 bicikli is fontos<\/strong><\/h2>\n<p>A cyclocross bring\u00e1k egyediek. Nem gravel ker\u00e9kp\u00e1rok \u00e9s nem is orsz\u00e1g\u00fati biciklik, b\u00e1r ugyanabba a csal\u00e1dba tartoznak. Di\u00f3h\u00e9jban: a CX ker\u00e9kp\u00e1rok alapvet\u0151en orsz\u00e1g\u00fati ker\u00e9kp\u00e1rok, amelyeknek r\u00f6videbb a fels\u0151cs\u00f6v\u00fck \u00e9s magasabb a fejcs\u00f6v\u00fck. T\u00e1rcsaf\u00e9kekkel rendelkeznek \u00e9s vastagabbak rajtuk a gumik, hogy j\u00f3l alkalmazkodjanak a k\u00fcl\u00f6nb\u00f6z\u0151 terepekhez. A v\u00e1zat \u00e1ltal\u00e1ban \u00fagy tervezik, hogy megk\u00f6nny\u00edts\u00e9k a ker\u00e9kp\u00e1r kezelhet\u0151s\u00e9g\u00e9t, a pontos kanyarod\u00e1st \u00e9s f\u00e9kez\u00e9st a v\u00e1z \u00e9s a villa is \u00e1t\u00fct\u0151tengelyes ker\u00e9kr\u00f6gz\u00edt\u00e9ssel seg\u00edti.<\/p>\n<h2><strong>Versenyek \u00e9s n\u00e9pszer\u0171s\u00e9g<\/strong><\/h2>\n<p>Michael kedvenc vil\u00e1gbajnoki p\u00e1ly\u00e1ja a belga Oostmalle \u00e9s a Zonhoven. Ezek a szakaszok a homokos talaj miatt k\u00fcl\u00f6n\u00f6sen nehezek.<\/p>\n<figure id=\"attachment_10331\" aria-describedby=\"caption-attachment-10331\" style=\"width: 1022px\" class=\"wp-caption alignnone\"><a href=\"https:\/\/d2p6e6u75xmxt8.cloudfront.net\/12\/2021\/03\/3.jpg\"><img loading=\"lazy\" decoding=\"async\" class=\"wp-image-10331 size-full\" src=\"https:\/\/d2p6e6u75xmxt8.cloudfront.net\/12\/2021\/03\/3.jpg\" alt=\"Michael Boro\u0161\" width=\"1022\" height=\"681\" srcset=\"https:\/\/d2p6e6u75xmxt8.cloudfront.net\/12\/2021\/03\/3.jpg 1022w, https:\/\/d2p6e6u75xmxt8.cloudfront.net\/12\/2021\/03\/3-300x200.jpg 300w, https:\/\/d2p6e6u75xmxt8.cloudfront.net\/12\/2021\/03\/3-768x512.jpg 768w, https:\/\/d2p6e6u75xmxt8.cloudfront.net\/12\/2021\/03\/3-272x182.jpg 272w\" sizes=\"auto, (max-width: 1022px) 100vw, 1022px\" \/><\/a><figcaption id=\"caption-attachment-10331\" class=\"wp-caption-text\">\u00a9 Michal Svacek<\/figcaption><\/figure>\n<p>Nem meglep\u0151, hogy ez a k\u00e9t p\u00e1lya a legkedvesebb sz\u00e1m\u00e1ra. A cyclocross nagy n\u00e9pszer\u0171s\u00e9gnek \u00f6rvend Belgiumban, ahogy Franciaorsz\u00e1gban, Hollandi\u00e1ban \u00e9s Csehorsz\u00e1gban is. Az ut\u00f3bbi id\u0151ben pedig egyre ink\u00e1bb terjed!<\/p>\n<p>Szinte k\u00fcl\u00f6n \u00e9letm\u00f3d ez. Kalandos \u00e9s sokoldal\u00fa, arr\u00f3l sz\u00f3l, hogy b\u00e1rmilyen akad\u00e1ly \u00e1ll el\u0151tted, mindenen \u00e1t tudod k\u00fczdeni magad. Ak\u00e1rcsak az \u00e9letben.<\/p>\n","protected":false},"excerpt":{"rendered":"<p>Milyen ker\u00e9kp\u00e1r kell egy cyclocrossosnak \u00e9s hogyan lesz bel\u0151le profi versenyz\u0151? Michael Boro\u0161-szal, a h\u00e1romszoros bajnokkal besz\u00e9lgett\u00fcnk, aki Csehorsz\u00e1got k\u00e9pviseli [&hellip;]<\/p>\n","protected":false},"author":71,"featured_media":10333,"comment_status":"closed","ping_status":"closed","sticky":false,"template":"","format":"standard","meta":{"footnotes":""},"categories":[5],"tags":[],"global-categories":[],"class_list":["post-10327","post","type-post","status-publish","format-standard","has-post-thumbnail","hentry","category-adrenalin"],"yoast_head":"<!-- This site is optimized with the Yoast SEO Premium plugin v25.3 (Yoast SEO v25.9) - https:\/\/yoast.com\/wordpress\/plugins\/seo\/ -->\n<title>J\u00f3tan\u00e1csok egy cseh cyclocross bajnokt\u00f3l - \u0160koda We Love Cycling - Magyarorsz\u00e1g<\/title>\n<meta name=\"description\" content=\"Milyen ker\u00e9kp\u00e1r kell egy cyclocrossosnak \u00e9s hogyan lesz bel\u0151le profi versenyz\u0151? Michael Boro\u0161-szal, a h\u00e1romszoros bajnokkal besz\u00e9lgett\u00fcnk, aki Csehorsz\u00e1got k\u00e9pviseli az UCI Cyclocross Vil\u00e1gbajnoks\u00e1gon.\" \/>\n<meta name=\"robots\" content=\"index, follow, max-snippet:-1, max-image-preview:large, max-video-preview:-1\" \/>\n<link rel=\"canonical\" href=\"https:\/\/www.welovecycling.com\/hu\/adrenalin\/jotanacsok-egy-cseh-cyclocross-bajnoktol\/\" \/>\n<meta property=\"og:locale\" content=\"hu_HU\" \/>\n<meta property=\"og:type\" content=\"article\" \/>\n<meta property=\"og:title\" content=\"J\u00f3tan\u00e1csok egy cseh cyclocross bajnokt\u00f3l\" \/>\n<meta property=\"og:description\" content=\"Milyen ker\u00e9kp\u00e1r kell egy cyclocrossosnak \u00e9s hogyan lesz bel\u0151le profi versenyz\u0151? Michael Boro\u0161-szal, a h\u00e1romszoros bajnokkal besz\u00e9lgett\u00fcnk, aki Csehorsz\u00e1got k\u00e9pviseli az UCI Cyclocross Vil\u00e1gbajnoks\u00e1gon.\" \/>\n<meta property=\"og:url\" content=\"https:\/\/www.welovecycling.com\/hu\/adrenalin\/jotanacsok-egy-cseh-cyclocross-bajnoktol\/\" \/>\n<meta property=\"og:site_name\" content=\"\u0160koda We Love Cycling - Magyarorsz\u00e1g\" \/>\n<meta property=\"article:publisher\" content=\"https:\/\/www.facebook.com\/WeLoveCyclingHungary\/\" \/>\n<meta property=\"article:published_time\" content=\"2021-03-14T07:00:54+00:00\" \/>\n<meta property=\"og:image\" content=\"https:\/\/d2p6e6u75xmxt8.cloudfront.net\/12\/2021\/03\/Michael-Boros-CVR.jpg\" \/>\n\t<meta property=\"og:image:width\" content=\"1366\" \/>\n\t<meta property=\"og:image:height\" content=\"600\" \/>\n\t<meta property=\"og:image:type\" content=\"image\/jpeg\" \/>\n<meta name=\"author\" content=\"hegyizs\" \/>\n<meta name=\"twitter:card\" content=\"summary_large_image\" \/>\n<meta name=\"twitter:label1\" content=\"Written by\" \/>\n\t<meta name=\"twitter:data1\" content=\"Filippo Mari\" \/>\n\t<meta name=\"twitter:label2\" content=\"Est. reading time\" \/>\n\t<meta name=\"twitter:data2\" content=\"6\" \/>\n<script type=\"application\/ld+json\" class=\"yoast-schema-graph\">{\"@context\":\"https:\/\/schema.org\",\"@graph\":[{\"@type\":\"WebPage\",\"@id\":\"https:\/\/www.welovecycling.com\/hu\/adrenalin\/jotanacsok-egy-cseh-cyclocross-bajnoktol\/\",\"url\":\"https:\/\/www.welovecycling.com\/hu\/adrenalin\/jotanacsok-egy-cseh-cyclocross-bajnoktol\/\",\"name\":\"J\u00f3tan\u00e1csok egy cseh cyclocross bajnokt\u00f3l - \u0160koda We Love Cycling - Magyarorsz\u00e1g\",\"isPartOf\":{\"@id\":\"https:\/\/www.welovecycling.com\/hu\/#website\"},\"primaryImageOfPage\":{\"@id\":\"https:\/\/www.welovecycling.com\/hu\/adrenalin\/jotanacsok-egy-cseh-cyclocross-bajnoktol\/#primaryimage\"},\"image\":{\"@id\":\"https:\/\/www.welovecycling.com\/hu\/adrenalin\/jotanacsok-egy-cseh-cyclocross-bajnoktol\/#primaryimage\"},\"thumbnailUrl\":\"https:\/\/d2p6e6u75xmxt8.cloudfront.net\/12\/2021\/03\/Michael-Boros-CVR.jpg\",\"datePublished\":\"2021-03-14T07:00:54+00:00\",\"author\":{\"@id\":\"https:\/\/www.welovecycling.com\/hu\/#\/schema\/person\/414a2aebf1801691a5320edb6468e194\"},\"description\":\"Milyen ker\u00e9kp\u00e1r kell egy cyclocrossosnak \u00e9s hogyan lesz bel\u0151le profi versenyz\u0151? Michael Boro\u0161-szal, a h\u00e1romszoros bajnokkal besz\u00e9lgett\u00fcnk, aki Csehorsz\u00e1got k\u00e9pviseli az UCI Cyclocross Vil\u00e1gbajnoks\u00e1gon.\",\"breadcrumb\":{\"@id\":\"https:\/\/www.welovecycling.com\/hu\/adrenalin\/jotanacsok-egy-cseh-cyclocross-bajnoktol\/#breadcrumb\"},\"inLanguage\":\"hu\",\"potentialAction\":[{\"@type\":\"ReadAction\",\"target\":[\"https:\/\/www.welovecycling.com\/hu\/adrenalin\/jotanacsok-egy-cseh-cyclocross-bajnoktol\/\"]}]},{\"@type\":\"ImageObject\",\"inLanguage\":\"hu\",\"@id\":\"https:\/\/www.welovecycling.com\/hu\/adrenalin\/jotanacsok-egy-cseh-cyclocross-bajnoktol\/#primaryimage\",\"url\":\"https:\/\/d2p6e6u75xmxt8.cloudfront.net\/12\/2021\/03\/Michael-Boros-CVR.jpg\",\"contentUrl\":\"https:\/\/d2p6e6u75xmxt8.cloudfront.net\/12\/2021\/03\/Michael-Boros-CVR.jpg\",\"width\":1366,\"height\":600,\"caption\":\"Michael Boro\u0161\"},{\"@type\":\"BreadcrumbList\",\"@id\":\"https:\/\/www.welovecycling.com\/hu\/adrenalin\/jotanacsok-egy-cseh-cyclocross-bajnoktol\/#breadcrumb\",\"itemListElement\":[{\"@type\":\"ListItem\",\"position\":1,\"name\":\"Home\",\"item\":\"https:\/\/www.welovecycling.com\/hu\/\"},{\"@type\":\"ListItem\",\"position\":2,\"name\":\"J\u00f3tan\u00e1csok egy cseh cyclocross bajnokt\u00f3l\"}]},{\"@type\":\"WebSite\",\"@id\":\"https:\/\/www.welovecycling.com\/hu\/#website\",\"url\":\"https:\/\/www.welovecycling.com\/hu\/\",\"name\":\"\u0160koda We Love Cycling - Magyarorsz\u00e1g\",\"description\":\"\u0160koda WeLoveCycling\",\"potentialAction\":[{\"@type\":\"SearchAction\",\"target\":{\"@type\":\"EntryPoint\",\"urlTemplate\":\"https:\/\/www.welovecycling.com\/hu\/?s={search_term_string}\"},\"query-input\":{\"@type\":\"PropertyValueSpecification\",\"valueRequired\":true,\"valueName\":\"search_term_string\"}}],\"inLanguage\":\"hu\"},{\"@type\":\"Person\",\"@id\":\"https:\/\/www.welovecycling.com\/hu\/#\/schema\/person\/414a2aebf1801691a5320edb6468e194\",\"name\":\"hegyizs\",\"image\":{\"@type\":\"ImageObject\",\"inLanguage\":\"hu\",\"@id\":\"https:\/\/www.welovecycling.com\/hu\/#\/schema\/person\/image\/\",\"url\":\"https:\/\/secure.gravatar.com\/avatar\/02cf8a7906b8cf90cecb4679defac7cfd33a1c2e3b88e4903d947f3bb58eedd3?s=96&d=mm&r=g\",\"contentUrl\":\"https:\/\/secure.gravatar.com\/avatar\/02cf8a7906b8cf90cecb4679defac7cfd33a1c2e3b88e4903d947f3bb58eedd3?s=96&d=mm&r=g\",\"caption\":\"hegyizs\"},\"url\":\"https:\/\/www.welovecycling.com\/hu\/author\/hegyizs\/\"}]}<\/script>\n<!-- \/ Yoast SEO Premium plugin. -->","yoast_head_json":{"title":"J\u00f3tan\u00e1csok egy cseh cyclocross bajnokt\u00f3l - \u0160koda We Love Cycling - Magyarorsz\u00e1g","description":"Milyen ker\u00e9kp\u00e1r kell egy cyclocrossosnak \u00e9s hogyan lesz bel\u0151le profi versenyz\u0151? Michael Boro\u0161-szal, a h\u00e1romszoros bajnokkal besz\u00e9lgett\u00fcnk, aki Csehorsz\u00e1got k\u00e9pviseli az UCI Cyclocross Vil\u00e1gbajnoks\u00e1gon.","robots":{"index":"index","follow":"follow","max-snippet":"max-snippet:-1","max-image-preview":"max-image-preview:large","max-video-preview":"max-video-preview:-1"},"canonical":"https:\/\/www.welovecycling.com\/hu\/adrenalin\/jotanacsok-egy-cseh-cyclocross-bajnoktol\/","og_locale":"hu_HU","og_type":"article","og_title":"J\u00f3tan\u00e1csok egy cseh cyclocross bajnokt\u00f3l","og_description":"Milyen ker\u00e9kp\u00e1r kell egy cyclocrossosnak \u00e9s hogyan lesz bel\u0151le profi versenyz\u0151? Michael Boro\u0161-szal, a h\u00e1romszoros bajnokkal besz\u00e9lgett\u00fcnk, aki Csehorsz\u00e1got k\u00e9pviseli az UCI Cyclocross Vil\u00e1gbajnoks\u00e1gon.","og_url":"https:\/\/www.welovecycling.com\/hu\/adrenalin\/jotanacsok-egy-cseh-cyclocross-bajnoktol\/","og_site_name":"\u0160koda We Love Cycling - Magyarorsz\u00e1g","article_publisher":"https:\/\/www.facebook.com\/WeLoveCyclingHungary\/","article_published_time":"2021-03-14T07:00:54+00:00","og_image":[{"width":1366,"height":600,"url":"https:\/\/d2p6e6u75xmxt8.cloudfront.net\/12\/2021\/03\/Michael-Boros-CVR.jpg","type":"image\/jpeg"}],"author":"hegyizs","twitter_card":"summary_large_image","twitter_misc":{"Written by":"Filippo Mari","Est. reading time":"6"},"schema":{"@context":"https:\/\/schema.org","@graph":[{"@type":"WebPage","@id":"https:\/\/www.welovecycling.com\/hu\/adrenalin\/jotanacsok-egy-cseh-cyclocross-bajnoktol\/","url":"https:\/\/www.welovecycling.com\/hu\/adrenalin\/jotanacsok-egy-cseh-cyclocross-bajnoktol\/","name":"J\u00f3tan\u00e1csok egy cseh cyclocross bajnokt\u00f3l - \u0160koda We Love Cycling - Magyarorsz\u00e1g","isPartOf":{"@id":"https:\/\/www.welovecycling.com\/hu\/#website"},"primaryImageOfPage":{"@id":"https:\/\/www.welovecycling.com\/hu\/adrenalin\/jotanacsok-egy-cseh-cyclocross-bajnoktol\/#primaryimage"},"image":{"@id":"https:\/\/www.welovecycling.com\/hu\/adrenalin\/jotanacsok-egy-cseh-cyclocross-bajnoktol\/#primaryimage"},"thumbnailUrl":"https:\/\/d2p6e6u75xmxt8.cloudfront.net\/12\/2021\/03\/Michael-Boros-CVR.jpg","datePublished":"2021-03-14T07:00:54+00:00","author":{"@id":"https:\/\/www.welovecycling.com\/hu\/#\/schema\/person\/414a2aebf1801691a5320edb6468e194"},"description":"Milyen ker\u00e9kp\u00e1r kell egy cyclocrossosnak \u00e9s hogyan lesz bel\u0151le profi versenyz\u0151? Michael Boro\u0161-szal, a h\u00e1romszoros bajnokkal besz\u00e9lgett\u00fcnk, aki Csehorsz\u00e1got k\u00e9pviseli az UCI Cyclocross Vil\u00e1gbajnoks\u00e1gon.","breadcrumb":{"@id":"https:\/\/www.welovecycling.com\/hu\/adrenalin\/jotanacsok-egy-cseh-cyclocross-bajnoktol\/#breadcrumb"},"inLanguage":"hu","potentialAction":[{"@type":"ReadAction","target":["https:\/\/www.welovecycling.com\/hu\/adrenalin\/jotanacsok-egy-cseh-cyclocross-bajnoktol\/"]}]},{"@type":"ImageObject","inLanguage":"hu","@id":"https:\/\/www.welovecycling.com\/hu\/adrenalin\/jotanacsok-egy-cseh-cyclocross-bajnoktol\/#primaryimage","url":"https:\/\/d2p6e6u75xmxt8.cloudfront.net\/12\/2021\/03\/Michael-Boros-CVR.jpg","contentUrl":"https:\/\/d2p6e6u75xmxt8.cloudfront.net\/12\/2021\/03\/Michael-Boros-CVR.jpg","width":1366,"height":600,"caption":"Michael Boro\u0161"},{"@type":"BreadcrumbList","@id":"https:\/\/www.welovecycling.com\/hu\/adrenalin\/jotanacsok-egy-cseh-cyclocross-bajnoktol\/#breadcrumb","itemListElement":[{"@type":"ListItem","position":1,"name":"Home","item":"https:\/\/www.welovecycling.com\/hu\/"},{"@type":"ListItem","position":2,"name":"J\u00f3tan\u00e1csok egy cseh cyclocross bajnokt\u00f3l"}]},{"@type":"WebSite","@id":"https:\/\/www.welovecycling.com\/hu\/#website","url":"https:\/\/www.welovecycling.com\/hu\/","name":"\u0160koda We Love Cycling - Magyarorsz\u00e1g","description":"\u0160koda WeLoveCycling","potentialAction":[{"@type":"SearchAction","target":{"@type":"EntryPoint","urlTemplate":"https:\/\/www.welovecycling.com\/hu\/?s={search_term_string}"},"query-input":{"@type":"PropertyValueSpecification","valueRequired":true,"valueName":"search_term_string"}}],"inLanguage":"hu"},{"@type":"Person","@id":"https:\/\/www.welovecycling.com\/hu\/#\/schema\/person\/414a2aebf1801691a5320edb6468e194","name":"hegyizs","image":{"@type":"ImageObject","inLanguage":"hu","@id":"https:\/\/www.welovecycling.com\/hu\/#\/schema\/person\/image\/","url":"https:\/\/secure.gravatar.com\/avatar\/02cf8a7906b8cf90cecb4679defac7cfd33a1c2e3b88e4903d947f3bb58eedd3?s=96&d=mm&r=g","contentUrl":"https:\/\/secure.gravatar.com\/avatar\/02cf8a7906b8cf90cecb4679defac7cfd33a1c2e3b88e4903d947f3bb58eedd3?s=96&d=mm&r=g","caption":"hegyizs"},"url":"https:\/\/www.welovecycling.com\/hu\/author\/hegyizs\/"}]}},"_links":{"self":[{"href":"https:\/\/www.welovecycling.com\/hu\/wp-json\/wp\/v2\/posts\/10327","targetHints":{"allow":["GET"]}}],"collection":[{"href":"https:\/\/www.welovecycling.com\/hu\/wp-json\/wp\/v2\/posts"}],"about":[{"href":"https:\/\/www.welovecycling.com\/hu\/wp-json\/wp\/v2\/types\/post"}],"author":[{"embeddable":true,"href":"https:\/\/www.welovecycling.com\/hu\/wp-json\/wp\/v2\/users\/71"}],"replies":[{"embeddable":true,"href":"https:\/\/www.welovecycling.com\/hu\/wp-json\/wp\/v2\/comments?post=10327"}],"version-history":[{"count":2,"href":"https:\/\/www.welovecycling.com\/hu\/wp-json\/wp\/v2\/posts\/10327\/revisions"}],"predecessor-version":[{"id":10339,"href":"https:\/\/www.welovecycling.com\/hu\/wp-json\/wp\/v2\/posts\/10327\/revisions\/10339"}],"wp:featuredmedia":[{"embeddable":true,"href":"https:\/\/www.welovecycling.com\/hu\/wp-json\/wp\/v2\/media\/10333"}],"wp:attachment":[{"href":"https:\/\/www.welovecycling.com\/hu\/wp-json\/wp\/v2\/media?parent=10327"}],"wp:term":[{"taxonomy":"category","embeddable":true,"href":"https:\/\/www.welovecycling.com\/hu\/wp-json\/wp\/v2\/categories?post=10327"},{"taxonomy":"post_tag","embeddable":true,"href":"https:\/\/www.welovecycling.com\/hu\/wp-json\/wp\/v2\/tags?post=10327"},{"taxonomy":"global-categories","embeddable":true,"href":"https:\/\/www.welovecycling.com\/hu\/wp-json\/wp\/v2\/global-categories?post=10327"}],"curies":[{"name":"wp","href":"https:\/\/api.w.org\/{rel}","templated":true}]}}