{"id":10318,"date":"2021-03-11T08:00:46","date_gmt":"2021-03-11T07:00:46","guid":{"rendered":"https:\/\/www.welovecycling.com\/hu\/?p=10318"},"modified":"2021-03-05T10:16:48","modified_gmt":"2021-03-05T09:16:48","slug":"bor-sajt-a-kognitiv-hanyatlas-ellen","status":"publish","type":"post","link":"https:\/\/www.welovecycling.com\/hu\/edzes-es-eletmod\/bor-sajt-a-kognitiv-hanyatlas-ellen\/","title":{"rendered":"Bor &#038; sajt a kognit\u00edv hanyatl\u00e1s ellen"},"content":{"rendered":"<p><strong>Egy \u00faj tanulm\u00e1ny szerint az \u00e9trend jelent\u0151s hat\u00e1ssal van a kognit\u00edv funkci\u00f3inkra, id\u0151sebb korunkban is. Mindannyian szeretn\u00e9nk ment\u00e1lisan is eg\u00e9szs\u00e9gesek maradni, ameddig csak lehets\u00e9ges. J\u00f3 h\u00edr teh\u00e1t, hogy vannak olyan \u00e9telek, amik nem csak, hogy seg\u00edtenek ebben, de m\u00e9g finomak is.<\/strong><\/p>\n<h2><!--more--><\/h2>\n<h2><strong>V\u00e1g az eszed?<\/strong><\/h2>\n<p>Az Iowa \u00c1llami Egyetem kutat\u00f3i a k\u00fcl\u00f6nb\u00f6z\u0151 \u00e9lelmiszerek kognit\u00edv eg\u00e9szs\u00e9gre gyakorolt hat\u00e1sait vizsg\u00e1lt\u00e1k a kutat\u00e1s sor\u00e1n, az eredm\u00e9nyeket pedig a <em>Journal of Alzheimer&#8217;s Disease<\/em> 2020. novemberi sz\u00e1m\u00e1ban tett\u00e9k k\u00f6zz\u00e9. Ez a tanulm\u00e1ny az els\u0151 ilyen jelleg\u0171, nagyszab\u00e1s\u00fa elemz\u00e9s, amely egyes \u00e9teleket az id\u0151skori kognit\u00edv k\u00e9pes\u00e9gekkel k\u00f6t \u00f6ssze. A bor \u00e9s a sajt kedvel\u0151i biztosan \u00f6r\u00f6mmel fogj\u00e1k olvasni az eredm\u00e9nyeket!<\/p>\n<figure id=\"attachment_10319\" aria-describedby=\"caption-attachment-10319\" style=\"width: 999px\" class=\"wp-caption alignnone\"><a href=\"https:\/\/d2p6e6u75xmxt8.cloudfront.net\/12\/2021\/03\/Cheese-Wine-profimedia-0592884679.jpg\"><img loading=\"lazy\" decoding=\"async\" class=\"wp-image-10319 size-full\" src=\"https:\/\/d2p6e6u75xmxt8.cloudfront.net\/12\/2021\/03\/Cheese-Wine-profimedia-0592884679.jpg\" alt=\"Cheese and wine\" width=\"999\" height=\"662\" srcset=\"https:\/\/d2p6e6u75xmxt8.cloudfront.net\/12\/2021\/03\/Cheese-Wine-profimedia-0592884679.jpg 999w, https:\/\/d2p6e6u75xmxt8.cloudfront.net\/12\/2021\/03\/Cheese-Wine-profimedia-0592884679-300x199.jpg 300w, https:\/\/d2p6e6u75xmxt8.cloudfront.net\/12\/2021\/03\/Cheese-Wine-profimedia-0592884679-768x509.jpg 768w\" sizes=\"auto, (max-width: 999px) 100vw, 999px\" \/><\/a><figcaption id=\"caption-attachment-10319\" class=\"wp-caption-text\"><em>Neked gyorsan v\u00e1g az eszed? \u00c9s a bort \u00e9s a sajtot is szereted? \u00a9 Profimedia<\/em><\/figcaption><\/figure>\n<p>A kutat\u00f3k az Egyes\u00fclt \u00c1llamok Biobankj\u00e1ban \u00f6sszegy\u0171jt\u00f6tt adatokat elemezt\u00e9k: 1787 f\u0151, 46 \u00e9s 77 \u00e9v k\u00f6z\u00f6tti feln\u0151tt eredm\u00e9nyeit vizsg\u00e1lt\u00e1l meg. Az alanyok 2006 \u00e9s 2010 k\u00f6z\u00f6tt elv\u00e9geztek egy-egy intelligenciatesztet, ezek az adatok biztos\u00edtott\u00e1k az \u00f6sszehasonl\u00edt\u00e1si alapot. A tesztet 2012-t\u0151l fogva k\u00e9t\u00e9vente megism\u00e9telt\u00e9k. Emellett a r\u00e9sztvev\u0151k \u00e9tel- \u00e9s alkoholfogyaszt\u00e1s\u00e1t is figyelemmel k\u00f6vett\u00e9k a kutat\u00f3k.<\/p>\n<h2><strong>A men\u00fc: b\u00e1r\u00e1ny, sajt \u00e9s bor<\/strong><\/h2>\n<p>Az \u00e9trendet vizsg\u00e1l\u00f3 k\u00e9rd\u0151\u00edv sokf\u00e9le \u00e9tel \u00e9s ital fogyaszt\u00e1s\u00e1val kapcsolatban tett fel k\u00e9rd\u00e9seket, mint p\u00e9ld\u00e1ul a friss gy\u00fcm\u00f6lcs\u00f6k, a sz\u00e1r\u00edtott gy\u00fcm\u00f6lcs\u00f6k, a nyers z\u00f6lds\u00e9gek \u00e9s sal\u00e1t\u00e1k, a f\u0151tt z\u00f6lds\u00e9gek, az olajos hal, a sov\u00e1ny hal, a feldolgozott h\u00fas, a baromfi, a marhah\u00fas, a b\u00e1r\u00e1ny, a sert\u00e9s, a sajt, a keny\u00e9r, a gabonaf\u00e9l\u00e9k, a tea \u00e9s a k\u00e1v\u00e9, a s\u00f6r \u00e9s az almabor, a v\u00f6r\u00f6sbor, a feh\u00e9rbor, a pezsg\u0151 \u00e9s lik\u0151r. A n\u00e9gy legjelent\u0151sebb megfigyel\u00e9s a k\u00f6vetkez\u0151 volt:<\/p>\n<ul>\n<li>A sajt bizonyult a legjobb v\u00e9d\u0151h\u00e1l\u00f3nak az \u00e9letkorral j\u00e1r\u00f3 kognit\u00edv probl\u00e9m\u00e1k ellen, m\u00e9ghozz\u00e1 magasan.<\/li>\n<li>A napi alkoholfogyaszt\u00e1s, k\u00fcl\u00f6n\u00f6sen a v\u00f6r\u00f6sbor eset\u00e9ben, hozz\u00e1j\u00e1rul a kognit\u00edv funkci\u00f3k javul\u00e1s\u00e1hoz.<\/li>\n<li>A heti szinten fogyasztott b\u00e1r\u00e1ny hossz\u00fat\u00e1von jav\u00edtja a kognit\u00edv k\u00e9pess\u00e9geket. Ez nem mondhat\u00f3 el a marhah\u00fasr\u00f3l \u00e9s m\u00e1s v\u00f6r\u00f6s h\u00fasokr\u00f3l sem.<\/li>\n<li>A t\u00falzott s\u00f3fogyaszt\u00e1s seg\u00edtheti a kognit\u00edv funkci\u00f3k hanyatl\u00e1s\u00e1t, de csak azokn\u00e1l, akik hajlamosak az Alzheimer-k\u00f3rra.<\/li>\n<\/ul>\n<figure id=\"attachment_10320\" aria-describedby=\"caption-attachment-10320\" style=\"width: 999px\" class=\"wp-caption alignnone\"><a href=\"https:\/\/d2p6e6u75xmxt8.cloudfront.net\/12\/2021\/03\/Lamb-steak-chops-profimedia-0593118712.jpg\"><img loading=\"lazy\" decoding=\"async\" class=\"wp-image-10320 size-full\" src=\"https:\/\/d2p6e6u75xmxt8.cloudfront.net\/12\/2021\/03\/Lamb-steak-chops-profimedia-0593118712.jpg\" alt=\"Lamb chops\" width=\"999\" height=\"665\" srcset=\"https:\/\/d2p6e6u75xmxt8.cloudfront.net\/12\/2021\/03\/Lamb-steak-chops-profimedia-0593118712.jpg 999w, https:\/\/d2p6e6u75xmxt8.cloudfront.net\/12\/2021\/03\/Lamb-steak-chops-profimedia-0593118712-300x200.jpg 300w, https:\/\/d2p6e6u75xmxt8.cloudfront.net\/12\/2021\/03\/Lamb-steak-chops-profimedia-0593118712-768x511.jpg 768w, https:\/\/d2p6e6u75xmxt8.cloudfront.net\/12\/2021\/03\/Lamb-steak-chops-profimedia-0593118712-272x182.jpg 272w\" sizes=\"auto, (max-width: 999px) 100vw, 999px\" \/><\/a><figcaption id=\"caption-attachment-10320\" class=\"wp-caption-text\"><em>A heti szinten fogyasztott b\u00e1r\u00e1ny hossz\u00fat\u00e1von jav\u00edtja a kognit\u00edv k\u00e9pess\u00e9geket. \u00a9 Profimedia<\/em><\/figcaption><\/figure>\n<h2><strong>Felel\u0151ss\u00e9gteljes bor- \u00e9s sajtfogyaszt\u00e1s<\/strong><\/h2>\n<p><em>\u201eKellemesen meglep\u0151dtem, hogy eredm\u00e9nyeink arra utalnak, hogy a felel\u0151ss\u00e9gteljes sajtev\u00e9s \u00e9s a v\u00f6r\u00f6sbor napi fogyaszt\u00e1sa nemcsak a jelenlegi COVID-19-j\u00e1rv\u00e1nnyal, hanem az egyre \u00f6sszetettebb \u00e9s gyorsul\u00f3 vil\u00e1ggal is seg\u00edthet megk\u00fczdeni. Azonban fontos figyelembe venni, hogy a kutat\u00e1s csak a j\u00f3l\u00e9tben \u00e9l\u0151kre vonatkozott, tov\u00e1bbi randomiz\u00e1lt klinikai vizsg\u00e1latokra van sz\u00fcks\u00e9g annak meg\u00e1llap\u00edt\u00e1s\u00e1hoz, hogy az \u00e9trend\u00fcnk egyszer\u0171 megv\u00e1ltoztat\u00e1sa val\u00f3ban jelent\u0151sen seg\u00edthet-e az agyi funkci\u00f3k fenntart\u00e1s\u00e1ban\u201d-<\/em> magyar\u00e1zta az egyik szerz\u0151, Auriel Willette.<\/p>\n<p><em>\u201e\u00dagy t\u0171nik, hogy a hordozott genetikai t\u00e9nyez\u0151kt\u0151l f\u00fcgg\u0151en egyes szem\u00e9lyek jobban v\u00e9dettek az Alzheimer-k\u00f3r hat\u00e1sait\u00f3l, m\u00edg m\u00e1sok nagyobb kock\u00e1zatnak vannak kit\u00e9ve. Mindazon\u00e1ltal \u00fagy gondolom, hogy a megfelel\u0151 \u00e9telv\u00e1laszt\u00e1s teljesen megel\u0151zheti a betegs\u00e9geket \u00e9s a kognit\u00edv hanyatl\u00e1st. A t\u00e9m\u00e1val foglalkoz\u00f3 kutat\u00e1sok hozz\u00e1j\u00e1rulnak teh\u00e1t az Alzheimer-k\u00f3r jobb meg\u00e9rt\u00e9s\u00e9hez \u00e9s esetleges visszaford\u00edt\u00e1s\u00e1hoz\u201d-<\/em> tette hozz\u00e1 Brandon Klinedinst, a kutat\u00e1s t\u00e1rsszerz\u0151je.<\/p>\n","protected":false},"excerpt":{"rendered":"<p>Egy \u00faj tanulm\u00e1ny szerint az \u00e9trend jelent\u0151s hat\u00e1ssal van a kognit\u00edv funkci\u00f3inkra, id\u0151sebb korunkban is. Mindannyian szeretn\u00e9nk ment\u00e1lisan is eg\u00e9szs\u00e9gesek [&hellip;]<\/p>\n","protected":false},"author":71,"featured_media":10322,"comment_status":"closed","ping_status":"closed","sticky":false,"template":"","format":"standard","meta":{"footnotes":""},"categories":[6],"tags":[],"global-categories":[],"class_list":["post-10318","post","type-post","status-publish","format-standard","has-post-thumbnail","hentry","category-edzes-es-eletmod"],"yoast_head":"<!-- This site is optimized with the Yoast SEO Premium plugin v25.3 (Yoast SEO v25.9) - https:\/\/yoast.com\/wordpress\/plugins\/seo\/ -->\n<title>Bor &amp; sajt a kognit\u00edv hanyatl\u00e1s ellen<\/title>\n<meta name=\"description\" content=\"Egy \u00faj tanulm\u00e1ny szerint az \u00e9trend jelent\u0151s hat\u00e1ssal van a kognit\u00edv funkci\u00f3inkra, id\u0151sebb korunkban is. Mindannyian szeretn\u00e9nk ment\u00e1lisan is eg\u00e9szs\u00e9gesek maradni, ameddig csak lehets\u00e9ges. J\u00f3 h\u00edr teh\u00e1t, hogy vannak olyan \u00e9telek, amik nem csak, hogy seg\u00edtenek ebben, de m\u00e9g finomak is.\" \/>\n<meta name=\"robots\" content=\"index, follow, max-snippet:-1, max-image-preview:large, max-video-preview:-1\" \/>\n<link rel=\"canonical\" href=\"https:\/\/www.welovecycling.com\/hu\/edzes-es-eletmod\/bor-sajt-a-kognitiv-hanyatlas-ellen\/\" \/>\n<meta property=\"og:locale\" content=\"hu_HU\" \/>\n<meta property=\"og:type\" content=\"article\" \/>\n<meta property=\"og:title\" content=\"Bor &amp; sajt a kognit\u00edv hanyatl\u00e1s ellen\" \/>\n<meta property=\"og:description\" content=\"Egy \u00faj tanulm\u00e1ny szerint az \u00e9trend jelent\u0151s hat\u00e1ssal van a kognit\u00edv funkci\u00f3inkra, id\u0151sebb korunkban is. Mindannyian szeretn\u00e9nk ment\u00e1lisan is eg\u00e9szs\u00e9gesek maradni, ameddig csak lehets\u00e9ges. J\u00f3 h\u00edr teh\u00e1t, hogy vannak olyan \u00e9telek, amik nem csak, hogy seg\u00edtenek ebben, de m\u00e9g finomak is.\" \/>\n<meta property=\"og:url\" content=\"https:\/\/www.welovecycling.com\/hu\/edzes-es-eletmod\/bor-sajt-a-kognitiv-hanyatlas-ellen\/\" \/>\n<meta property=\"og:site_name\" content=\"\u0160koda We Love Cycling - Magyarorsz\u00e1g\" \/>\n<meta property=\"article:publisher\" content=\"https:\/\/www.facebook.com\/WeLoveCyclingHungary\/\" \/>\n<meta property=\"article:published_time\" content=\"2021-03-11T07:00:46+00:00\" \/>\n<meta property=\"og:image\" content=\"https:\/\/d2p6e6u75xmxt8.cloudfront.net\/12\/2021\/03\/Wine-and-Cheese-profimedia-0581085495-CVR.jpg\" \/>\n\t<meta property=\"og:image:width\" content=\"1366\" \/>\n\t<meta property=\"og:image:height\" content=\"600\" \/>\n\t<meta property=\"og:image:type\" content=\"image\/jpeg\" \/>\n<meta name=\"author\" content=\"hegyizs\" \/>\n<meta name=\"twitter:card\" content=\"summary_large_image\" \/>\n<meta name=\"twitter:label1\" content=\"Written by\" \/>\n\t<meta name=\"twitter:data1\" content=\"Jiri Kaloc\" \/>\n\t<meta name=\"twitter:label2\" content=\"Est. reading time\" \/>\n\t<meta name=\"twitter:data2\" content=\"5\" \/>\n<script type=\"application\/ld+json\" class=\"yoast-schema-graph\">{\"@context\":\"https:\/\/schema.org\",\"@graph\":[{\"@type\":\"WebPage\",\"@id\":\"https:\/\/www.welovecycling.com\/hu\/edzes-es-eletmod\/bor-sajt-a-kognitiv-hanyatlas-ellen\/\",\"url\":\"https:\/\/www.welovecycling.com\/hu\/edzes-es-eletmod\/bor-sajt-a-kognitiv-hanyatlas-ellen\/\",\"name\":\"Bor & sajt a kognit\u00edv hanyatl\u00e1s ellen\",\"isPartOf\":{\"@id\":\"https:\/\/www.welovecycling.com\/hu\/#website\"},\"primaryImageOfPage\":{\"@id\":\"https:\/\/www.welovecycling.com\/hu\/edzes-es-eletmod\/bor-sajt-a-kognitiv-hanyatlas-ellen\/#primaryimage\"},\"image\":{\"@id\":\"https:\/\/www.welovecycling.com\/hu\/edzes-es-eletmod\/bor-sajt-a-kognitiv-hanyatlas-ellen\/#primaryimage\"},\"thumbnailUrl\":\"https:\/\/d2p6e6u75xmxt8.cloudfront.net\/12\/2021\/03\/Wine-and-Cheese-profimedia-0581085495-CVR.jpg\",\"datePublished\":\"2021-03-11T07:00:46+00:00\",\"author\":{\"@id\":\"https:\/\/www.welovecycling.com\/hu\/#\/schema\/person\/414a2aebf1801691a5320edb6468e194\"},\"description\":\"Egy \u00faj tanulm\u00e1ny szerint az \u00e9trend jelent\u0151s hat\u00e1ssal van a kognit\u00edv funkci\u00f3inkra, id\u0151sebb korunkban is. Mindannyian szeretn\u00e9nk ment\u00e1lisan is eg\u00e9szs\u00e9gesek maradni, ameddig csak lehets\u00e9ges. J\u00f3 h\u00edr teh\u00e1t, hogy vannak olyan \u00e9telek, amik nem csak, hogy seg\u00edtenek ebben, de m\u00e9g finomak is.\",\"breadcrumb\":{\"@id\":\"https:\/\/www.welovecycling.com\/hu\/edzes-es-eletmod\/bor-sajt-a-kognitiv-hanyatlas-ellen\/#breadcrumb\"},\"inLanguage\":\"hu\",\"potentialAction\":[{\"@type\":\"ReadAction\",\"target\":[\"https:\/\/www.welovecycling.com\/hu\/edzes-es-eletmod\/bor-sajt-a-kognitiv-hanyatlas-ellen\/\"]}]},{\"@type\":\"ImageObject\",\"inLanguage\":\"hu\",\"@id\":\"https:\/\/www.welovecycling.com\/hu\/edzes-es-eletmod\/bor-sajt-a-kognitiv-hanyatlas-ellen\/#primaryimage\",\"url\":\"https:\/\/d2p6e6u75xmxt8.cloudfront.net\/12\/2021\/03\/Wine-and-Cheese-profimedia-0581085495-CVR.jpg\",\"contentUrl\":\"https:\/\/d2p6e6u75xmxt8.cloudfront.net\/12\/2021\/03\/Wine-and-Cheese-profimedia-0581085495-CVR.jpg\",\"width\":1366,\"height\":600,\"caption\":\"Wine and Cheese\"},{\"@type\":\"BreadcrumbList\",\"@id\":\"https:\/\/www.welovecycling.com\/hu\/edzes-es-eletmod\/bor-sajt-a-kognitiv-hanyatlas-ellen\/#breadcrumb\",\"itemListElement\":[{\"@type\":\"ListItem\",\"position\":1,\"name\":\"Home\",\"item\":\"https:\/\/www.welovecycling.com\/hu\/\"},{\"@type\":\"ListItem\",\"position\":2,\"name\":\"Bor &#038; sajt a kognit\u00edv hanyatl\u00e1s ellen\"}]},{\"@type\":\"WebSite\",\"@id\":\"https:\/\/www.welovecycling.com\/hu\/#website\",\"url\":\"https:\/\/www.welovecycling.com\/hu\/\",\"name\":\"\u0160koda We Love Cycling - Magyarorsz\u00e1g\",\"description\":\"\u0160koda WeLoveCycling\",\"potentialAction\":[{\"@type\":\"SearchAction\",\"target\":{\"@type\":\"EntryPoint\",\"urlTemplate\":\"https:\/\/www.welovecycling.com\/hu\/?s={search_term_string}\"},\"query-input\":{\"@type\":\"PropertyValueSpecification\",\"valueRequired\":true,\"valueName\":\"search_term_string\"}}],\"inLanguage\":\"hu\"},{\"@type\":\"Person\",\"@id\":\"https:\/\/www.welovecycling.com\/hu\/#\/schema\/person\/414a2aebf1801691a5320edb6468e194\",\"name\":\"hegyizs\",\"image\":{\"@type\":\"ImageObject\",\"inLanguage\":\"hu\",\"@id\":\"https:\/\/www.welovecycling.com\/hu\/#\/schema\/person\/image\/\",\"url\":\"https:\/\/secure.gravatar.com\/avatar\/02cf8a7906b8cf90cecb4679defac7cfd33a1c2e3b88e4903d947f3bb58eedd3?s=96&d=mm&r=g\",\"contentUrl\":\"https:\/\/secure.gravatar.com\/avatar\/02cf8a7906b8cf90cecb4679defac7cfd33a1c2e3b88e4903d947f3bb58eedd3?s=96&d=mm&r=g\",\"caption\":\"hegyizs\"},\"url\":\"https:\/\/www.welovecycling.com\/hu\/author\/hegyizs\/\"}]}<\/script>\n<!-- \/ Yoast SEO Premium plugin. -->","yoast_head_json":{"title":"Bor & sajt a kognit\u00edv hanyatl\u00e1s ellen","description":"Egy \u00faj tanulm\u00e1ny szerint az \u00e9trend jelent\u0151s hat\u00e1ssal van a kognit\u00edv funkci\u00f3inkra, id\u0151sebb korunkban is. Mindannyian szeretn\u00e9nk ment\u00e1lisan is eg\u00e9szs\u00e9gesek maradni, ameddig csak lehets\u00e9ges. J\u00f3 h\u00edr teh\u00e1t, hogy vannak olyan \u00e9telek, amik nem csak, hogy seg\u00edtenek ebben, de m\u00e9g finomak is.","robots":{"index":"index","follow":"follow","max-snippet":"max-snippet:-1","max-image-preview":"max-image-preview:large","max-video-preview":"max-video-preview:-1"},"canonical":"https:\/\/www.welovecycling.com\/hu\/edzes-es-eletmod\/bor-sajt-a-kognitiv-hanyatlas-ellen\/","og_locale":"hu_HU","og_type":"article","og_title":"Bor & sajt a kognit\u00edv hanyatl\u00e1s ellen","og_description":"Egy \u00faj tanulm\u00e1ny szerint az \u00e9trend jelent\u0151s hat\u00e1ssal van a kognit\u00edv funkci\u00f3inkra, id\u0151sebb korunkban is. Mindannyian szeretn\u00e9nk ment\u00e1lisan is eg\u00e9szs\u00e9gesek maradni, ameddig csak lehets\u00e9ges. J\u00f3 h\u00edr teh\u00e1t, hogy vannak olyan \u00e9telek, amik nem csak, hogy seg\u00edtenek ebben, de m\u00e9g finomak is.","og_url":"https:\/\/www.welovecycling.com\/hu\/edzes-es-eletmod\/bor-sajt-a-kognitiv-hanyatlas-ellen\/","og_site_name":"\u0160koda We Love Cycling - Magyarorsz\u00e1g","article_publisher":"https:\/\/www.facebook.com\/WeLoveCyclingHungary\/","article_published_time":"2021-03-11T07:00:46+00:00","og_image":[{"width":1366,"height":600,"url":"https:\/\/d2p6e6u75xmxt8.cloudfront.net\/12\/2021\/03\/Wine-and-Cheese-profimedia-0581085495-CVR.jpg","type":"image\/jpeg"}],"author":"hegyizs","twitter_card":"summary_large_image","twitter_misc":{"Written by":"Jiri Kaloc","Est. reading time":"5"},"schema":{"@context":"https:\/\/schema.org","@graph":[{"@type":"WebPage","@id":"https:\/\/www.welovecycling.com\/hu\/edzes-es-eletmod\/bor-sajt-a-kognitiv-hanyatlas-ellen\/","url":"https:\/\/www.welovecycling.com\/hu\/edzes-es-eletmod\/bor-sajt-a-kognitiv-hanyatlas-ellen\/","name":"Bor & sajt a kognit\u00edv hanyatl\u00e1s ellen","isPartOf":{"@id":"https:\/\/www.welovecycling.com\/hu\/#website"},"primaryImageOfPage":{"@id":"https:\/\/www.welovecycling.com\/hu\/edzes-es-eletmod\/bor-sajt-a-kognitiv-hanyatlas-ellen\/#primaryimage"},"image":{"@id":"https:\/\/www.welovecycling.com\/hu\/edzes-es-eletmod\/bor-sajt-a-kognitiv-hanyatlas-ellen\/#primaryimage"},"thumbnailUrl":"https:\/\/d2p6e6u75xmxt8.cloudfront.net\/12\/2021\/03\/Wine-and-Cheese-profimedia-0581085495-CVR.jpg","datePublished":"2021-03-11T07:00:46+00:00","author":{"@id":"https:\/\/www.welovecycling.com\/hu\/#\/schema\/person\/414a2aebf1801691a5320edb6468e194"},"description":"Egy \u00faj tanulm\u00e1ny szerint az \u00e9trend jelent\u0151s hat\u00e1ssal van a kognit\u00edv funkci\u00f3inkra, id\u0151sebb korunkban is. Mindannyian szeretn\u00e9nk ment\u00e1lisan is eg\u00e9szs\u00e9gesek maradni, ameddig csak lehets\u00e9ges. J\u00f3 h\u00edr teh\u00e1t, hogy vannak olyan \u00e9telek, amik nem csak, hogy seg\u00edtenek ebben, de m\u00e9g finomak is.","breadcrumb":{"@id":"https:\/\/www.welovecycling.com\/hu\/edzes-es-eletmod\/bor-sajt-a-kognitiv-hanyatlas-ellen\/#breadcrumb"},"inLanguage":"hu","potentialAction":[{"@type":"ReadAction","target":["https:\/\/www.welovecycling.com\/hu\/edzes-es-eletmod\/bor-sajt-a-kognitiv-hanyatlas-ellen\/"]}]},{"@type":"ImageObject","inLanguage":"hu","@id":"https:\/\/www.welovecycling.com\/hu\/edzes-es-eletmod\/bor-sajt-a-kognitiv-hanyatlas-ellen\/#primaryimage","url":"https:\/\/d2p6e6u75xmxt8.cloudfront.net\/12\/2021\/03\/Wine-and-Cheese-profimedia-0581085495-CVR.jpg","contentUrl":"https:\/\/d2p6e6u75xmxt8.cloudfront.net\/12\/2021\/03\/Wine-and-Cheese-profimedia-0581085495-CVR.jpg","width":1366,"height":600,"caption":"Wine and Cheese"},{"@type":"BreadcrumbList","@id":"https:\/\/www.welovecycling.com\/hu\/edzes-es-eletmod\/bor-sajt-a-kognitiv-hanyatlas-ellen\/#breadcrumb","itemListElement":[{"@type":"ListItem","position":1,"name":"Home","item":"https:\/\/www.welovecycling.com\/hu\/"},{"@type":"ListItem","position":2,"name":"Bor &#038; sajt a kognit\u00edv hanyatl\u00e1s ellen"}]},{"@type":"WebSite","@id":"https:\/\/www.welovecycling.com\/hu\/#website","url":"https:\/\/www.welovecycling.com\/hu\/","name":"\u0160koda We Love Cycling - Magyarorsz\u00e1g","description":"\u0160koda WeLoveCycling","potentialAction":[{"@type":"SearchAction","target":{"@type":"EntryPoint","urlTemplate":"https:\/\/www.welovecycling.com\/hu\/?s={search_term_string}"},"query-input":{"@type":"PropertyValueSpecification","valueRequired":true,"valueName":"search_term_string"}}],"inLanguage":"hu"},{"@type":"Person","@id":"https:\/\/www.welovecycling.com\/hu\/#\/schema\/person\/414a2aebf1801691a5320edb6468e194","name":"hegyizs","image":{"@type":"ImageObject","inLanguage":"hu","@id":"https:\/\/www.welovecycling.com\/hu\/#\/schema\/person\/image\/","url":"https:\/\/secure.gravatar.com\/avatar\/02cf8a7906b8cf90cecb4679defac7cfd33a1c2e3b88e4903d947f3bb58eedd3?s=96&d=mm&r=g","contentUrl":"https:\/\/secure.gravatar.com\/avatar\/02cf8a7906b8cf90cecb4679defac7cfd33a1c2e3b88e4903d947f3bb58eedd3?s=96&d=mm&r=g","caption":"hegyizs"},"url":"https:\/\/www.welovecycling.com\/hu\/author\/hegyizs\/"}]}},"_links":{"self":[{"href":"https:\/\/www.welovecycling.com\/hu\/wp-json\/wp\/v2\/posts\/10318","targetHints":{"allow":["GET"]}}],"collection":[{"href":"https:\/\/www.welovecycling.com\/hu\/wp-json\/wp\/v2\/posts"}],"about":[{"href":"https:\/\/www.welovecycling.com\/hu\/wp-json\/wp\/v2\/types\/post"}],"author":[{"embeddable":true,"href":"https:\/\/www.welovecycling.com\/hu\/wp-json\/wp\/v2\/users\/71"}],"replies":[{"embeddable":true,"href":"https:\/\/www.welovecycling.com\/hu\/wp-json\/wp\/v2\/comments?post=10318"}],"version-history":[{"count":2,"href":"https:\/\/www.welovecycling.com\/hu\/wp-json\/wp\/v2\/posts\/10318\/revisions"}],"predecessor-version":[{"id":10337,"href":"https:\/\/www.welovecycling.com\/hu\/wp-json\/wp\/v2\/posts\/10318\/revisions\/10337"}],"wp:featuredmedia":[{"embeddable":true,"href":"https:\/\/www.welovecycling.com\/hu\/wp-json\/wp\/v2\/media\/10322"}],"wp:attachment":[{"href":"https:\/\/www.welovecycling.com\/hu\/wp-json\/wp\/v2\/media?parent=10318"}],"wp:term":[{"taxonomy":"category","embeddable":true,"href":"https:\/\/www.welovecycling.com\/hu\/wp-json\/wp\/v2\/categories?post=10318"},{"taxonomy":"post_tag","embeddable":true,"href":"https:\/\/www.welovecycling.com\/hu\/wp-json\/wp\/v2\/tags?post=10318"},{"taxonomy":"global-categories","embeddable":true,"href":"https:\/\/www.welovecycling.com\/hu\/wp-json\/wp\/v2\/global-categories?post=10318"}],"curies":[{"name":"wp","href":"https:\/\/api.w.org\/{rel}","templated":true}]}}