{"id":10312,"date":"2021-03-10T08:00:16","date_gmt":"2021-03-10T07:00:16","guid":{"rendered":"https:\/\/www.welovecycling.com\/hu\/?p=10312"},"modified":"2021-03-05T10:16:06","modified_gmt":"2021-03-05T09:16:06","slug":"biciklizes-bizonytalan-idokben-maradj-motivalt","status":"publish","type":"post","link":"https:\/\/www.welovecycling.com\/hu\/kozosseg-es-kultura\/biciklizes-bizonytalan-idokben-maradj-motivalt\/","title":{"rendered":"Bicikliz\u00e9s bizonytalan id\u0151kben: maradj motiv\u00e1lt!"},"content":{"rendered":"<p><strong>Egy olyan t\u00e9len vagyunk t\u00fal, mint m\u00e9g soha, \u00e9s ahogy egyre ink\u00e1bb \u00e9rezz\u00fck a tavaszt, k\u00e9ts\u00e9gtelen\u00fcl megmozdul benn\u00fcnk valami. Sok ny\u00e1ri ker\u00e9kp\u00e1ros esem\u00e9ny m\u00e9g mindig bizonytalan, \u00e9s az \u00e9let m\u00e1s ter\u00fcletei sem ny\u00fajtanak megnyugtat\u00f3 biztons\u00e1got. Ha 2020 megtan\u00edtott minket valamire, az az, hogy rugalmasnak kell lenn\u00fcnk: b\u00e1rmennyire is felk\u00e9sz\u00fcl\u00fcnk, az \u00e9let b\u00e1rmikor \u00e1th\u00fazhatja terveinket. B\u0151ven volt id\u0151nk hozz\u00e1szokni ehhez a helyzethez, de nem lett k\u00f6nnyebb motiv\u00e1ltnak maradni, s\u0151t.<\/strong><\/p>\n<p><!--more--><\/p>\n<p>Mindegy, hogy eredm\u00e9nytelen\u00fcl k\u00e9sz\u00fclsz versenyezni, imm\u00e1r egy \u00e9ve, vagy agg\u00f3dsz, hogy nem leszel form\u00e1ban a ny\u00e1ri bringat\u00far\u00e1khoz, esetleg, hogy meg sem val\u00f3sulnak a v\u00e1rva v\u00e1rt kalandok: mindenkinek neh\u00e9z motiv\u00e1ltnak maradni, ha nem l\u00e1tja az alag\u00fat v\u00e9g\u00e9t. J\u00e1rv\u00e1ny idej\u00e9n pedig m\u00e9g nehezebb.<\/p>\n<figure id=\"attachment_10313\" aria-describedby=\"caption-attachment-10313\" style=\"width: 1024px\" class=\"wp-caption alignnone\"><a href=\"https:\/\/d2p6e6u75xmxt8.cloudfront.net\/2\/2021\/02\/Cyclist-with-Mask-profimedia-0582363468.jpg\"><img loading=\"lazy\" decoding=\"async\" class=\"wp-image-10313 size-large\" src=\"https:\/\/d2p6e6u75xmxt8.cloudfront.net\/12\/2021\/03\/Cyclist-with-Mask-profimedia-0582363468-1024x682.jpg\" alt=\"Cycling with a mask\" width=\"1024\" height=\"682\" srcset=\"https:\/\/d2p6e6u75xmxt8.cloudfront.net\/12\/2021\/03\/Cyclist-with-Mask-profimedia-0582363468-1024x682.jpg 1024w, https:\/\/d2p6e6u75xmxt8.cloudfront.net\/12\/2021\/03\/Cyclist-with-Mask-profimedia-0582363468-300x200.jpg 300w, https:\/\/d2p6e6u75xmxt8.cloudfront.net\/12\/2021\/03\/Cyclist-with-Mask-profimedia-0582363468-768x512.jpg 768w, https:\/\/d2p6e6u75xmxt8.cloudfront.net\/12\/2021\/03\/Cyclist-with-Mask-profimedia-0582363468-272x182.jpg 272w, https:\/\/d2p6e6u75xmxt8.cloudfront.net\/12\/2021\/03\/Cyclist-with-Mask-profimedia-0582363468.jpg 1250w\" sizes=\"auto, (max-width: 1024px) 100vw, 1024px\" \/><\/a><figcaption id=\"caption-attachment-10313\" class=\"wp-caption-text\"><em>Te is nehezen tal\u00e1lsz motiv\u00e1ci\u00f3t? \u00a9 Profimedia<\/em><\/figcaption><\/figure>\n<p>Mindett\u0151l f\u00fcggetlen\u00fcl, egy dolog biztos: a ker\u00e9kp\u00e1rod mindig ott van neked. Seg\u00edt a j\u00f3 \u00e9s rossz id\u0151szakokban, de persze csak akkor, ha hagyod! Hoztunk n\u00e9h\u00e1ny tippet, ami seg\u00edt kitartani:<\/p>\n<h2><strong>T\u0171zz ki c\u00e9lokat \u00e9s figyeld, hogy haladsz!<\/strong><\/h2>\n<p>Ha alapvet\u0151en a versenyz\u00e9s szokott motiv\u00e1lni a hat\u00e1raid feszeget\u00e9s\u00e9re, neh\u00e9z n\u00e9lk\u00fcl\u00fck is fejl\u0151dni. Semmi sem hasonl\u00edt arra, amikor fej-fej mellett haladsz egy versenyt\u00e1rsaddal, \u00e9s mindent bele kell adnod, hogy megel\u0151zd. R\u00e1ad\u00e1sul a kem\u00e9ny munka k\u00e9zzel foghat\u00f3 form\u00e1ban fizet\u0151dik ki. Most azonban saj\u00e1t, bels\u0151 el\u00e9gedetts\u00e9gedre kell t\u00e1maszkodnod. Pr\u00f3b\u00e1ld ki az egy\u00e9ni id\u0151futamokat, ahol az \u00f3ra az ellenfeled! K\u00f6vesd nyomon a fejl\u0151d\u00e9sed \u00e9s \u00fcnnepeld meg az apr\u00f3 sikereket is!<\/p>\n<figure id=\"attachment_10314\" aria-describedby=\"caption-attachment-10314\" style=\"width: 1024px\" class=\"wp-caption alignnone\"><a href=\"https:\/\/d2p6e6u75xmxt8.cloudfront.net\/2\/2019\/10\/Cycling-Training-profimedia-0374728363.jpg\"><img loading=\"lazy\" decoding=\"async\" class=\"wp-image-10314 size-large\" src=\"https:\/\/d2p6e6u75xmxt8.cloudfront.net\/12\/2021\/03\/Cycling-Training-profimedia-0374728363-1024x682.jpg\" alt=\"Cycling Training\" width=\"1024\" height=\"682\" srcset=\"https:\/\/d2p6e6u75xmxt8.cloudfront.net\/12\/2021\/03\/Cycling-Training-profimedia-0374728363-1024x682.jpg 1024w, https:\/\/d2p6e6u75xmxt8.cloudfront.net\/12\/2021\/03\/Cycling-Training-profimedia-0374728363-300x200.jpg 300w, https:\/\/d2p6e6u75xmxt8.cloudfront.net\/12\/2021\/03\/Cycling-Training-profimedia-0374728363-768x512.jpg 768w, https:\/\/d2p6e6u75xmxt8.cloudfront.net\/12\/2021\/03\/Cycling-Training-profimedia-0374728363-272x182.jpg 272w, https:\/\/d2p6e6u75xmxt8.cloudfront.net\/12\/2021\/03\/Cycling-Training-profimedia-0374728363.jpg 1250w\" sizes=\"auto, (max-width: 1024px) 100vw, 1024px\" \/><\/a><figcaption id=\"caption-attachment-10314\" class=\"wp-caption-text\"><em>\u00dcnnepeld meg a sikereid! \u00a9 Profimedia<\/em><\/figcaption><\/figure>\n<h2><strong>Ne \u00e1llj le!<\/strong><\/h2>\n<p>Ha rendszeres edz\u00e9seid k\u00e1oszba fulladtak, pr\u00f3b\u00e1ld meg kihaszn\u00e1lni a z\u0171rzavart \u00e9s keress \u00faj lehet\u0151s\u00e9geket! Ne vedd t\u00fal szigor\u00faan a kor\u00e1bbi edz\u00e9stervet, a l\u00e9nyeg, hogy ne \u00e1llj le! Tekerj ott, ahol tekerni tudsz, v\u00e9gezz otthon er\u0151s\u00edt\u0151 gyakorlatokat \u00e9s gondold \u00fajra a terveidet! Ez az \u00fajfajta l\u00e1t\u00e1sm\u00f3d csak seg\u00edts\u00e9gedre lehet a k\u00e9s\u0151bbiekben, ak\u00e1r versenyeken is. Remek alkalom ez egy \u00fajfajta bicikli, felszerel\u00e9s vagy edz\u00e9sm\u00f3d kipr\u00f3b\u00e1l\u00e1s\u00e1ra. Sz\u00e1nj egy kis id\u0151t magadra, tal\u00e1ld meg azokat a mozg\u00e1sform\u00e1kat, amik illenek hozz\u00e1d!<\/p>\n<h2><strong>Hallgass a testedre!<\/strong><\/h2>\n<p>Ez mindig j\u00f3 tan\u00e1cs, de tal\u00e1n k\u00f6nnyebben be lehet most tartani. A tavasz egy j\u00f3 lehet\u0151s\u00e9g a fejl\u0151d\u00e9sre, mi\u00e9rt ne fejleszten\u00e9d az edz\u00e9sterved? Legy\u00e9l rugalmas, figyeld meg, mire, hogyan reag\u00e1l a tested \u00e9s ez alapj\u00e1n haladj tov\u00e1bb! A hat\u00e9kony sportol\u00e1s kulcsa, hogy \u00f6sszhangban legy\u00e9l a testeddel. Ha egyes napokon f\u00e1radtabbnak \u00e9rzed magad, tekerj kevesebbet vagy kev\u00e9sb\u00e9 intenz\u00edven! Legk\u00f6zelebb majd bep\u00f3tolod a kem\u00e9ny edz\u00e9st, amikor van hozz\u00e1 energi\u00e1d.<\/p>\n<figure id=\"attachment_10315\" aria-describedby=\"caption-attachment-10315\" style=\"width: 999px\" class=\"wp-caption alignnone\"><a href=\"https:\/\/d2p6e6u75xmxt8.cloudfront.net\/12\/2021\/03\/Cyclist-Outdoors-profimedia-0593206764.jpg\"><img loading=\"lazy\" decoding=\"async\" class=\"wp-image-10315 size-full\" src=\"https:\/\/d2p6e6u75xmxt8.cloudfront.net\/12\/2021\/03\/Cyclist-Outdoors-profimedia-0593206764.jpg\" alt=\"Cycling\" width=\"999\" height=\"662\" srcset=\"https:\/\/d2p6e6u75xmxt8.cloudfront.net\/12\/2021\/03\/Cyclist-Outdoors-profimedia-0593206764.jpg 999w, https:\/\/d2p6e6u75xmxt8.cloudfront.net\/12\/2021\/03\/Cyclist-Outdoors-profimedia-0593206764-300x199.jpg 300w, https:\/\/d2p6e6u75xmxt8.cloudfront.net\/12\/2021\/03\/Cyclist-Outdoors-profimedia-0593206764-768x509.jpg 768w\" sizes=\"auto, (max-width: 999px) 100vw, 999px\" \/><\/a><figcaption id=\"caption-attachment-10315\" class=\"wp-caption-text\"><em>Legyen rugalmas az edz\u00e9sterved! \u00a9 Profimedia<\/em><\/figcaption><\/figure>\n<h2><strong>A bicikliz\u00e9s ter\u00e1pia<\/strong><\/h2>\n<p>Mindenki k\u00fcl\u00f6nb\u00f6z\u0151 okokb\u00f3l \u00fcl nyeregbe, de az k\u00f6z\u00f6s, hogy j\u00f3l szeretn\u00e9nk \u00e9rezni magunkat. Van, akinek seg\u00edt rendet rakni a fej\u00e9ben, ha el\u00e1rasztj\u00e1k a feladatok. M\u00e1sok szorong\u00e1s ellen tekernek, hiszen a testmozg\u00e1s remek\u00fcl oldja a fesz\u00fclts\u00e9get. Nem csak testileg, de ment\u00e1lisan is fejl\u0151dhet\u00fcnk, r\u00e1ad\u00e1sul jobban megismerhetj\u00fck \u00f6nmagunkat.<\/p>\n<h2><strong>Nem felt\u00e9tlen\u00fcl rossz, ami bizonytalan<\/strong><\/h2>\n<p>Pr\u00f3b\u00e1ld meg \u00e9lvezni a pillanatot. Nem kell mindig el\u0151re tervezni! Ne felejtsd el, hogy szerencs\u00e9s vagy, hogy van egy szenved\u00e9lyed, ami \u00e1tseg\u00edt a neh\u00e9z id\u0151k\u00f6n. Haszn\u00e1ld ki a naps\u00fct\u00e9st, laz\u00edts, \u00e9lvezd a term\u00e9szetet \u00e9s ne gondolj semmire!<\/p>\n","protected":false},"excerpt":{"rendered":"<p>Egy olyan t\u00e9len vagyunk t\u00fal, mint m\u00e9g soha, \u00e9s ahogy egyre ink\u00e1bb \u00e9rezz\u00fck a tavaszt, k\u00e9ts\u00e9gtelen\u00fcl megmozdul benn\u00fcnk valami. Sok [&hellip;]<\/p>\n","protected":false},"author":71,"featured_media":10317,"comment_status":"closed","ping_status":"closed","sticky":false,"template":"","format":"standard","meta":{"footnotes":""},"categories":[12],"tags":[],"global-categories":[],"class_list":["post-10312","post","type-post","status-publish","format-standard","has-post-thumbnail","hentry","category-kozosseg-es-kultura"],"yoast_head":"<!-- This site is optimized with the Yoast SEO Premium plugin v25.3 (Yoast SEO v25.9) - https:\/\/yoast.com\/wordpress\/plugins\/seo\/ -->\n<title>Bicikliz\u00e9s bizonytalan id\u0151kben: maradj motiv\u00e1lt! - \u0160koda We Love Cycling - Magyarorsz\u00e1g<\/title>\n<meta name=\"description\" content=\"Egy olyan t\u00e9len vagyunk t\u00fal, mint m\u00e9g soha, \u00e9s ahogy egyre ink\u00e1bb \u00e9rezz\u00fck a tavaszt, k\u00e9ts\u00e9gtelen\u00fcl megmozdul benn\u00fcnk valami. Sok ny\u00e1ri ker\u00e9kp\u00e1ros esem\u00e9ny m\u00e9g mindig bizonytalan, \u00e9s az \u00e9let m\u00e1s ter\u00fcletei sem ny\u00fajtanak megnyugtat\u00f3 biztons\u00e1got.\" \/>\n<meta name=\"robots\" content=\"index, follow, max-snippet:-1, max-image-preview:large, max-video-preview:-1\" \/>\n<link rel=\"canonical\" href=\"https:\/\/www.welovecycling.com\/hu\/kozosseg-es-kultura\/biciklizes-bizonytalan-idokben-maradj-motivalt\/\" \/>\n<meta property=\"og:locale\" content=\"hu_HU\" \/>\n<meta property=\"og:type\" content=\"article\" \/>\n<meta property=\"og:title\" content=\"Bicikliz\u00e9s bizonytalan id\u0151kben: maradj motiv\u00e1lt!\" \/>\n<meta property=\"og:description\" content=\"Egy olyan t\u00e9len vagyunk t\u00fal, mint m\u00e9g soha, \u00e9s ahogy egyre ink\u00e1bb \u00e9rezz\u00fck a tavaszt, k\u00e9ts\u00e9gtelen\u00fcl megmozdul benn\u00fcnk valami. Sok ny\u00e1ri ker\u00e9kp\u00e1ros esem\u00e9ny m\u00e9g mindig bizonytalan, \u00e9s az \u00e9let m\u00e1s ter\u00fcletei sem ny\u00fajtanak megnyugtat\u00f3 biztons\u00e1got.\" \/>\n<meta property=\"og:url\" content=\"https:\/\/www.welovecycling.com\/hu\/kozosseg-es-kultura\/biciklizes-bizonytalan-idokben-maradj-motivalt\/\" \/>\n<meta property=\"og:site_name\" content=\"\u0160koda We Love Cycling - Magyarorsz\u00e1g\" \/>\n<meta property=\"article:publisher\" content=\"https:\/\/www.facebook.com\/WeLoveCyclingHungary\/\" \/>\n<meta property=\"article:published_time\" content=\"2021-03-10T07:00:16+00:00\" \/>\n<meta property=\"og:image\" content=\"https:\/\/d2p6e6u75xmxt8.cloudfront.net\/12\/2021\/03\/Cyclists-outdoor-profimedia-0592488520-CVR.jpg\" \/>\n\t<meta property=\"og:image:width\" content=\"1366\" \/>\n\t<meta property=\"og:image:height\" content=\"600\" \/>\n\t<meta property=\"og:image:type\" content=\"image\/jpeg\" \/>\n<meta name=\"author\" content=\"hegyizs\" \/>\n<meta name=\"twitter:card\" content=\"summary_large_image\" \/>\n<meta name=\"twitter:label1\" content=\"Written by\" \/>\n\t<meta name=\"twitter:data1\" content=\"Megan Flottorp\" \/>\n\t<meta name=\"twitter:label2\" content=\"Est. reading time\" \/>\n\t<meta name=\"twitter:data2\" content=\"6\" \/>\n<script type=\"application\/ld+json\" class=\"yoast-schema-graph\">{\"@context\":\"https:\/\/schema.org\",\"@graph\":[{\"@type\":\"WebPage\",\"@id\":\"https:\/\/www.welovecycling.com\/hu\/kozosseg-es-kultura\/biciklizes-bizonytalan-idokben-maradj-motivalt\/\",\"url\":\"https:\/\/www.welovecycling.com\/hu\/kozosseg-es-kultura\/biciklizes-bizonytalan-idokben-maradj-motivalt\/\",\"name\":\"Bicikliz\u00e9s bizonytalan id\u0151kben: maradj motiv\u00e1lt! - \u0160koda We Love Cycling - Magyarorsz\u00e1g\",\"isPartOf\":{\"@id\":\"https:\/\/www.welovecycling.com\/hu\/#website\"},\"primaryImageOfPage\":{\"@id\":\"https:\/\/www.welovecycling.com\/hu\/kozosseg-es-kultura\/biciklizes-bizonytalan-idokben-maradj-motivalt\/#primaryimage\"},\"image\":{\"@id\":\"https:\/\/www.welovecycling.com\/hu\/kozosseg-es-kultura\/biciklizes-bizonytalan-idokben-maradj-motivalt\/#primaryimage\"},\"thumbnailUrl\":\"https:\/\/d2p6e6u75xmxt8.cloudfront.net\/12\/2021\/03\/Cyclists-outdoor-profimedia-0592488520-CVR.jpg\",\"datePublished\":\"2021-03-10T07:00:16+00:00\",\"author\":{\"@id\":\"https:\/\/www.welovecycling.com\/hu\/#\/schema\/person\/414a2aebf1801691a5320edb6468e194\"},\"description\":\"Egy olyan t\u00e9len vagyunk t\u00fal, mint m\u00e9g soha, \u00e9s ahogy egyre ink\u00e1bb \u00e9rezz\u00fck a tavaszt, k\u00e9ts\u00e9gtelen\u00fcl megmozdul benn\u00fcnk valami. Sok ny\u00e1ri ker\u00e9kp\u00e1ros esem\u00e9ny m\u00e9g mindig bizonytalan, \u00e9s az \u00e9let m\u00e1s ter\u00fcletei sem ny\u00fajtanak megnyugtat\u00f3 biztons\u00e1got.\",\"breadcrumb\":{\"@id\":\"https:\/\/www.welovecycling.com\/hu\/kozosseg-es-kultura\/biciklizes-bizonytalan-idokben-maradj-motivalt\/#breadcrumb\"},\"inLanguage\":\"hu\",\"potentialAction\":[{\"@type\":\"ReadAction\",\"target\":[\"https:\/\/www.welovecycling.com\/hu\/kozosseg-es-kultura\/biciklizes-bizonytalan-idokben-maradj-motivalt\/\"]}]},{\"@type\":\"ImageObject\",\"inLanguage\":\"hu\",\"@id\":\"https:\/\/www.welovecycling.com\/hu\/kozosseg-es-kultura\/biciklizes-bizonytalan-idokben-maradj-motivalt\/#primaryimage\",\"url\":\"https:\/\/d2p6e6u75xmxt8.cloudfront.net\/12\/2021\/03\/Cyclists-outdoor-profimedia-0592488520-CVR.jpg\",\"contentUrl\":\"https:\/\/d2p6e6u75xmxt8.cloudfront.net\/12\/2021\/03\/Cyclists-outdoor-profimedia-0592488520-CVR.jpg\",\"width\":1366,\"height\":600,\"caption\":\"Group of cyclists\"},{\"@type\":\"BreadcrumbList\",\"@id\":\"https:\/\/www.welovecycling.com\/hu\/kozosseg-es-kultura\/biciklizes-bizonytalan-idokben-maradj-motivalt\/#breadcrumb\",\"itemListElement\":[{\"@type\":\"ListItem\",\"position\":1,\"name\":\"Home\",\"item\":\"https:\/\/www.welovecycling.com\/hu\/\"},{\"@type\":\"ListItem\",\"position\":2,\"name\":\"Bicikliz\u00e9s bizonytalan id\u0151kben: maradj motiv\u00e1lt!\"}]},{\"@type\":\"WebSite\",\"@id\":\"https:\/\/www.welovecycling.com\/hu\/#website\",\"url\":\"https:\/\/www.welovecycling.com\/hu\/\",\"name\":\"\u0160koda We Love Cycling - Magyarorsz\u00e1g\",\"description\":\"\u0160koda WeLoveCycling\",\"potentialAction\":[{\"@type\":\"SearchAction\",\"target\":{\"@type\":\"EntryPoint\",\"urlTemplate\":\"https:\/\/www.welovecycling.com\/hu\/?s={search_term_string}\"},\"query-input\":{\"@type\":\"PropertyValueSpecification\",\"valueRequired\":true,\"valueName\":\"search_term_string\"}}],\"inLanguage\":\"hu\"},{\"@type\":\"Person\",\"@id\":\"https:\/\/www.welovecycling.com\/hu\/#\/schema\/person\/414a2aebf1801691a5320edb6468e194\",\"name\":\"hegyizs\",\"image\":{\"@type\":\"ImageObject\",\"inLanguage\":\"hu\",\"@id\":\"https:\/\/www.welovecycling.com\/hu\/#\/schema\/person\/image\/\",\"url\":\"https:\/\/secure.gravatar.com\/avatar\/02cf8a7906b8cf90cecb4679defac7cfd33a1c2e3b88e4903d947f3bb58eedd3?s=96&d=mm&r=g\",\"contentUrl\":\"https:\/\/secure.gravatar.com\/avatar\/02cf8a7906b8cf90cecb4679defac7cfd33a1c2e3b88e4903d947f3bb58eedd3?s=96&d=mm&r=g\",\"caption\":\"hegyizs\"},\"url\":\"https:\/\/www.welovecycling.com\/hu\/author\/hegyizs\/\"}]}<\/script>\n<!-- \/ Yoast SEO Premium plugin. -->","yoast_head_json":{"title":"Bicikliz\u00e9s bizonytalan id\u0151kben: maradj motiv\u00e1lt! - \u0160koda We Love Cycling - Magyarorsz\u00e1g","description":"Egy olyan t\u00e9len vagyunk t\u00fal, mint m\u00e9g soha, \u00e9s ahogy egyre ink\u00e1bb \u00e9rezz\u00fck a tavaszt, k\u00e9ts\u00e9gtelen\u00fcl megmozdul benn\u00fcnk valami. Sok ny\u00e1ri ker\u00e9kp\u00e1ros esem\u00e9ny m\u00e9g mindig bizonytalan, \u00e9s az \u00e9let m\u00e1s ter\u00fcletei sem ny\u00fajtanak megnyugtat\u00f3 biztons\u00e1got.","robots":{"index":"index","follow":"follow","max-snippet":"max-snippet:-1","max-image-preview":"max-image-preview:large","max-video-preview":"max-video-preview:-1"},"canonical":"https:\/\/www.welovecycling.com\/hu\/kozosseg-es-kultura\/biciklizes-bizonytalan-idokben-maradj-motivalt\/","og_locale":"hu_HU","og_type":"article","og_title":"Bicikliz\u00e9s bizonytalan id\u0151kben: maradj motiv\u00e1lt!","og_description":"Egy olyan t\u00e9len vagyunk t\u00fal, mint m\u00e9g soha, \u00e9s ahogy egyre ink\u00e1bb \u00e9rezz\u00fck a tavaszt, k\u00e9ts\u00e9gtelen\u00fcl megmozdul benn\u00fcnk valami. Sok ny\u00e1ri ker\u00e9kp\u00e1ros esem\u00e9ny m\u00e9g mindig bizonytalan, \u00e9s az \u00e9let m\u00e1s ter\u00fcletei sem ny\u00fajtanak megnyugtat\u00f3 biztons\u00e1got.","og_url":"https:\/\/www.welovecycling.com\/hu\/kozosseg-es-kultura\/biciklizes-bizonytalan-idokben-maradj-motivalt\/","og_site_name":"\u0160koda We Love Cycling - Magyarorsz\u00e1g","article_publisher":"https:\/\/www.facebook.com\/WeLoveCyclingHungary\/","article_published_time":"2021-03-10T07:00:16+00:00","og_image":[{"width":1366,"height":600,"url":"https:\/\/d2p6e6u75xmxt8.cloudfront.net\/12\/2021\/03\/Cyclists-outdoor-profimedia-0592488520-CVR.jpg","type":"image\/jpeg"}],"author":"hegyizs","twitter_card":"summary_large_image","twitter_misc":{"Written by":"Megan Flottorp","Est. reading time":"6"},"schema":{"@context":"https:\/\/schema.org","@graph":[{"@type":"WebPage","@id":"https:\/\/www.welovecycling.com\/hu\/kozosseg-es-kultura\/biciklizes-bizonytalan-idokben-maradj-motivalt\/","url":"https:\/\/www.welovecycling.com\/hu\/kozosseg-es-kultura\/biciklizes-bizonytalan-idokben-maradj-motivalt\/","name":"Bicikliz\u00e9s bizonytalan id\u0151kben: maradj motiv\u00e1lt! - \u0160koda We Love Cycling - Magyarorsz\u00e1g","isPartOf":{"@id":"https:\/\/www.welovecycling.com\/hu\/#website"},"primaryImageOfPage":{"@id":"https:\/\/www.welovecycling.com\/hu\/kozosseg-es-kultura\/biciklizes-bizonytalan-idokben-maradj-motivalt\/#primaryimage"},"image":{"@id":"https:\/\/www.welovecycling.com\/hu\/kozosseg-es-kultura\/biciklizes-bizonytalan-idokben-maradj-motivalt\/#primaryimage"},"thumbnailUrl":"https:\/\/d2p6e6u75xmxt8.cloudfront.net\/12\/2021\/03\/Cyclists-outdoor-profimedia-0592488520-CVR.jpg","datePublished":"2021-03-10T07:00:16+00:00","author":{"@id":"https:\/\/www.welovecycling.com\/hu\/#\/schema\/person\/414a2aebf1801691a5320edb6468e194"},"description":"Egy olyan t\u00e9len vagyunk t\u00fal, mint m\u00e9g soha, \u00e9s ahogy egyre ink\u00e1bb \u00e9rezz\u00fck a tavaszt, k\u00e9ts\u00e9gtelen\u00fcl megmozdul benn\u00fcnk valami. Sok ny\u00e1ri ker\u00e9kp\u00e1ros esem\u00e9ny m\u00e9g mindig bizonytalan, \u00e9s az \u00e9let m\u00e1s ter\u00fcletei sem ny\u00fajtanak megnyugtat\u00f3 biztons\u00e1got.","breadcrumb":{"@id":"https:\/\/www.welovecycling.com\/hu\/kozosseg-es-kultura\/biciklizes-bizonytalan-idokben-maradj-motivalt\/#breadcrumb"},"inLanguage":"hu","potentialAction":[{"@type":"ReadAction","target":["https:\/\/www.welovecycling.com\/hu\/kozosseg-es-kultura\/biciklizes-bizonytalan-idokben-maradj-motivalt\/"]}]},{"@type":"ImageObject","inLanguage":"hu","@id":"https:\/\/www.welovecycling.com\/hu\/kozosseg-es-kultura\/biciklizes-bizonytalan-idokben-maradj-motivalt\/#primaryimage","url":"https:\/\/d2p6e6u75xmxt8.cloudfront.net\/12\/2021\/03\/Cyclists-outdoor-profimedia-0592488520-CVR.jpg","contentUrl":"https:\/\/d2p6e6u75xmxt8.cloudfront.net\/12\/2021\/03\/Cyclists-outdoor-profimedia-0592488520-CVR.jpg","width":1366,"height":600,"caption":"Group of cyclists"},{"@type":"BreadcrumbList","@id":"https:\/\/www.welovecycling.com\/hu\/kozosseg-es-kultura\/biciklizes-bizonytalan-idokben-maradj-motivalt\/#breadcrumb","itemListElement":[{"@type":"ListItem","position":1,"name":"Home","item":"https:\/\/www.welovecycling.com\/hu\/"},{"@type":"ListItem","position":2,"name":"Bicikliz\u00e9s bizonytalan id\u0151kben: maradj motiv\u00e1lt!"}]},{"@type":"WebSite","@id":"https:\/\/www.welovecycling.com\/hu\/#website","url":"https:\/\/www.welovecycling.com\/hu\/","name":"\u0160koda We Love Cycling - Magyarorsz\u00e1g","description":"\u0160koda WeLoveCycling","potentialAction":[{"@type":"SearchAction","target":{"@type":"EntryPoint","urlTemplate":"https:\/\/www.welovecycling.com\/hu\/?s={search_term_string}"},"query-input":{"@type":"PropertyValueSpecification","valueRequired":true,"valueName":"search_term_string"}}],"inLanguage":"hu"},{"@type":"Person","@id":"https:\/\/www.welovecycling.com\/hu\/#\/schema\/person\/414a2aebf1801691a5320edb6468e194","name":"hegyizs","image":{"@type":"ImageObject","inLanguage":"hu","@id":"https:\/\/www.welovecycling.com\/hu\/#\/schema\/person\/image\/","url":"https:\/\/secure.gravatar.com\/avatar\/02cf8a7906b8cf90cecb4679defac7cfd33a1c2e3b88e4903d947f3bb58eedd3?s=96&d=mm&r=g","contentUrl":"https:\/\/secure.gravatar.com\/avatar\/02cf8a7906b8cf90cecb4679defac7cfd33a1c2e3b88e4903d947f3bb58eedd3?s=96&d=mm&r=g","caption":"hegyizs"},"url":"https:\/\/www.welovecycling.com\/hu\/author\/hegyizs\/"}]}},"_links":{"self":[{"href":"https:\/\/www.welovecycling.com\/hu\/wp-json\/wp\/v2\/posts\/10312","targetHints":{"allow":["GET"]}}],"collection":[{"href":"https:\/\/www.welovecycling.com\/hu\/wp-json\/wp\/v2\/posts"}],"about":[{"href":"https:\/\/www.welovecycling.com\/hu\/wp-json\/wp\/v2\/types\/post"}],"author":[{"embeddable":true,"href":"https:\/\/www.welovecycling.com\/hu\/wp-json\/wp\/v2\/users\/71"}],"replies":[{"embeddable":true,"href":"https:\/\/www.welovecycling.com\/hu\/wp-json\/wp\/v2\/comments?post=10312"}],"version-history":[{"count":2,"href":"https:\/\/www.welovecycling.com\/hu\/wp-json\/wp\/v2\/posts\/10312\/revisions"}],"predecessor-version":[{"id":10336,"href":"https:\/\/www.welovecycling.com\/hu\/wp-json\/wp\/v2\/posts\/10312\/revisions\/10336"}],"wp:featuredmedia":[{"embeddable":true,"href":"https:\/\/www.welovecycling.com\/hu\/wp-json\/wp\/v2\/media\/10317"}],"wp:attachment":[{"href":"https:\/\/www.welovecycling.com\/hu\/wp-json\/wp\/v2\/media?parent=10312"}],"wp:term":[{"taxonomy":"category","embeddable":true,"href":"https:\/\/www.welovecycling.com\/hu\/wp-json\/wp\/v2\/categories?post=10312"},{"taxonomy":"post_tag","embeddable":true,"href":"https:\/\/www.welovecycling.com\/hu\/wp-json\/wp\/v2\/tags?post=10312"},{"taxonomy":"global-categories","embeddable":true,"href":"https:\/\/www.welovecycling.com\/hu\/wp-json\/wp\/v2\/global-categories?post=10312"}],"curies":[{"name":"wp","href":"https:\/\/api.w.org\/{rel}","templated":true}]}}