{"id":10299,"date":"2021-03-06T08:00:23","date_gmt":"2021-03-06T07:00:23","guid":{"rendered":"https:\/\/www.welovecycling.com\/hu\/?p=10299"},"modified":"2021-02-26T17:31:15","modified_gmt":"2021-02-26T16:31:15","slug":"mar-nem-a-jovo-talalmanya-a-novenyalapu-hus","status":"publish","type":"post","link":"https:\/\/www.welovecycling.com\/hu\/edzes-es-eletmod\/mar-nem-a-jovo-talalmanya-a-novenyalapu-hus\/","title":{"rendered":"M\u00e1r nem a j\u00f6v\u0151 tal\u00e1lm\u00e1nya a n\u00f6v\u00e9nyalap\u00fa h\u00fas"},"content":{"rendered":"<p><strong>Protein-d\u00fas \u00e9s k\u00f6rnyezetbar\u00e1t, de eg\u00e9szs\u00e9ges is?<\/strong><!--more--><\/p>\n<p>Sage Canaday, a veget\u00e1ri\u00e1nus hossz\u00fat\u00e1vfut\u00f3 k\u00f6r\u00fclbel\u00fcl hetente egyszer fogyaszt h\u00fasalternat\u00edv\u00e1kat. K\u00f6nnyebben hozz\u00e1f\u00e9rhet\u0151ek \u00fatk\u00f6zben, mint m\u00e1s n\u00f6v\u00e9nyi \u00e9telek, mint p\u00e9ld\u00e1ul a tofu vagy a tempeh. <em>&#8220;Amikor \u00e9ttermekben vagy ak\u00e1r gyors\u00e9tteremben eszem, remek lehet\u0151s\u00e9gek ezek alternat\u00edv\u00e1k&#8221;<\/em> &#8211; mondta.<\/p>\n<p>A n\u00f6v\u00e9nyalap\u00fa h\u00fasok, mint amilyen az Impossible Burger vagy a Beyond Meat \u00e9telei, nagyban megk\u00f6nny\u00edtik a vega sportol\u00f3k \u00e9let\u00e9t. Ezekr\u0151l a h\u00fasp\u00f3tl\u00f3 \u00e9telekr\u0151l meg sem lehet mondani, hogy n\u00f6v\u00e9nyekb\u0151l k\u00e9sz\u00fcltek \u2013 ezt kihangs\u00falyozz\u00e1k a rekl\u00e1mokban is. Az \u00edz\u00fck \u00e9s az el\u00e9rhet\u0151s\u00e9g\u00fck teh\u00e1t remek, de milyen hat\u00e1ssal vannak az eg\u00e9szs\u00e9g\u00fcnkre ezek a hamis hamburgerek?<\/p>\n<p>Az, hogy melyik alternat\u00edva hogyan k\u00e9sz\u00fcl, t\u00edpusonk\u00e9nt \u00e9s c\u00e9genk\u00e9nt v\u00e1ltozik. Az Impossible Foods p\u00e9ld\u00e1ul a sz\u00f3j\u00e1b\u00f3l sz\u00e1rmaz\u00f3 leghemoglobint haszn\u00e1lja arra, hogy a vas-tartalm\u00fa molekul\u00e1k seg\u00edts\u00e9g\u00e9vel az igazi h\u00fas ill\u00fazi\u00f3j\u00e1t keltse. A Beyond Meat pedig a n\u00f6v\u00e9nyi alap\u00fa zs\u00edrokat, k\u00f6t\u0151anyagokat \u00e9s arom\u00e1kat k\u00fcl\u00f6nb\u00f6z\u0151 elj\u00e1r\u00e1sok sor\u00e1n teszi h\u00fas-szer\u0171v\u00e9.<\/p>\n<figure id=\"attachment_10301\" aria-describedby=\"caption-attachment-10301\" style=\"width: 1024px\" class=\"wp-caption aligncenter\"><img loading=\"lazy\" decoding=\"async\" class=\"size-large wp-image-10301\" src=\"https:\/\/d2p6e6u75xmxt8.cloudfront.net\/12\/2021\/02\/likemeat-By_w0qmxzx0-unsplash-1024x768.jpg\" alt=\"\" width=\"1024\" height=\"768\" srcset=\"https:\/\/d2p6e6u75xmxt8.cloudfront.net\/12\/2021\/02\/likemeat-By_w0qmxzx0-unsplash-1024x768.jpg 1024w, https:\/\/d2p6e6u75xmxt8.cloudfront.net\/12\/2021\/02\/likemeat-By_w0qmxzx0-unsplash-300x225.jpg 300w, https:\/\/d2p6e6u75xmxt8.cloudfront.net\/12\/2021\/02\/likemeat-By_w0qmxzx0-unsplash-768x576.jpg 768w, https:\/\/d2p6e6u75xmxt8.cloudfront.net\/12\/2021\/02\/likemeat-By_w0qmxzx0-unsplash-1536x1152.jpg 1536w, https:\/\/d2p6e6u75xmxt8.cloudfront.net\/12\/2021\/02\/likemeat-By_w0qmxzx0-unsplash.jpg 1920w\" sizes=\"auto, (max-width: 1024px) 100vw, 1024px\" \/><figcaption id=\"caption-attachment-10301\" class=\"wp-caption-text\">Mintha csak h\u00fasb\u00f3l k\u00e9sz\u00fclt volna. LikeMeat \/ Unsplash<\/figcaption><\/figure>\n<p>A n\u00f6v\u00e9nyi \u00f6sszetev\u0151ket tekintve az Impossible Burger list\u00e1ja hossz\u00fa, de a sz\u00f3jafeh\u00e9rje-koncentr\u00e1tum, a napraforg\u00f3olaj \u00e9s a k\u00f3kuszolaj alkotj\u00e1k a pog\u00e1csa nagy r\u00e9sz\u00e9t. A sz\u00f3j\u00e1ban tal\u00e1lhat\u00f3 feh\u00e9rje, a leghemoglobin adja az \u00edzt, a k\u00f6t\u0151anyagok k\u00f6z\u00f6tt pedig megtal\u00e1lhat\u00f3 a sz\u0151l\u0151cukor \u00e9s a kem\u00e9ny\u00edt\u0151 is. A Beyond Burger bors\u00f3, mung bab \u00e9s rizs kever\u00e9k\u00e9b\u0151l k\u00e9sz\u00fcl, hogy h\u00fasos \u00e1llag\u00fa teljes feh\u00e9rj\u00e9t ny\u00fajtson, \u00e9s a v\u00e1llalat b\u00fcszke arra, hogy term\u00e9keiben nem haszn\u00e1lnak GMO-kat, sz\u00f3j\u00e1t vagy glut\u00e9nt.<\/p>\n<p>Ezek a bonyolult \u00f6sszetev\u0151k \u00e9s folyamatok t\u00e1vol \u00e1llnak a hagyom\u00e1nyos z\u00f6lds\u00e9gburgerekt\u0151l, amelyek babb\u00f3l, gabon\u00e1b\u00f3l \u00e9s z\u00f6lds\u00e9gb\u0151l k\u00e9sz\u00fclnek. Arr\u00f3l nem is besz\u00e9lve, hogy ezek a hamburgerek nem hasonl\u00edtanak sem \u00edz\u00fckben, sem text\u00far\u00e1jukban a marhah\u00fasra.<\/p>\n<p>De csak az\u00e9rt, mert ezek az \u00faj alternat\u00edv\u00e1k n\u00f6v\u00e9nyi alap\u00faak, m\u00e9g nem lesznek eg\u00e9szs\u00e9gesek. <em>&#8220;A n\u00f6v\u00e9nyi \u00e9trend c\u00e9lja a t\u00f6bb n\u00f6v\u00e9ny fogyaszt\u00e1sa, nem pedig a hamis h\u00fasok\u00e9, amelyek er\u0151sen feldolgozott \u00e9lelmiszerek&#8221; <\/em>&#8211; magyar\u00e1zta Angie Asche, az Eleat Sports Nutrition tulajdonosa. R\u00e1ad\u00e1sul a National Institutes of Health int\u00e9zet kutat\u00e1sa \u00f6sszef\u00fcgg\u00e9sbe hozta a feldolgozott \u00e9lelmiszer-fogyaszt\u00e1st a s\u00falygyarapod\u00e1ssal \u00e9s a t\u00falzott kal\u00f3riabevitellel.<\/p>\n<figure id=\"attachment_10302\" aria-describedby=\"caption-attachment-10302\" style=\"width: 640px\" class=\"wp-caption aligncenter\"><img loading=\"lazy\" decoding=\"async\" class=\"size-full wp-image-10302\" src=\"https:\/\/d2p6e6u75xmxt8.cloudfront.net\/12\/2021\/02\/likemeat-v6KsaQtqINc-unsplash.jpg\" alt=\"\" width=\"640\" height=\"849\" srcset=\"https:\/\/d2p6e6u75xmxt8.cloudfront.net\/12\/2021\/02\/likemeat-v6KsaQtqINc-unsplash.jpg 640w, https:\/\/d2p6e6u75xmxt8.cloudfront.net\/12\/2021\/02\/likemeat-v6KsaQtqINc-unsplash-226x300.jpg 226w\" sizes=\"auto, (max-width: 640px) 100vw, 640px\" \/><figcaption id=\"caption-attachment-10302\" class=\"wp-caption-text\">J\u00f3l n\u00e9z ki \u00e9s azt mondj\u00e1k, hogy finom is. De vajon eg\u00e9szs\u00e9ges? LikeMeat \/ Unsplash<\/figcaption><\/figure>\n<p>M\u00edg a n\u00f6v\u00e9nyi eredet\u0171 \u00e9telek \u00e1ltal\u00e1ban alacsonyabb kal\u00f3ria- \u00e9s zs\u00edrtartalm\u00faak, az alternat\u00edv h\u00fas t\u00e1panyagtartalma nem k\u00fcl\u00f6nb\u00f6zik annyira az igazit\u00f3l. P\u00e9ld\u00e1ul az Impossible h\u00fas \u00e9s a Beyond Burger egy-egy adagja hasonl\u00f3 mennyis\u00e9g\u0171 kal\u00f3ri\u00e1t \u00e9s tel\u00edtett zs\u00edrt tartalmaz, mint ugyanennyi sov\u00e1ny marhah\u00fast, k\u00f6sz\u00f6nhet\u0151en a k\u00f3kusz- \u00e9s napraforg\u00f3olajnak. Amiben k\u00fcl\u00f6nb\u00f6znek, az a n\u00e1trium \u00e9s a koleszterin: sokkal t\u00f6bb s\u00f3t tartalmaznak, k\u00e1ros koleszterint viszont egy\u00e1ltal\u00e1n nem.<\/p>\n<p>Az Impossible Foods \u00e9s a Beyond Meat egyar\u00e1nt az \u00e1llatteny\u00e9szt\u00e9s k\u00e1ros k\u00f6rnyezeti hat\u00e1sai miatt hozt\u00e1k l\u00e9tre az alternat\u00edv megold\u00e1sokat. A h\u00fastermel\u00e9s sor\u00e1n kibocs\u00e1tott met\u00e1n, illetve a f\u00f6ldter\u00fcletek kihaszn\u00e1l\u00e1sa komoly hat\u00e1ssal van az \u00e9ghajlatv\u00e1ltoz\u00e1sra.<\/p>\n<p>Elm\u00e9letileg a t\u00f6bb n\u00f6v\u00e9ny- \u00e9s kevesebb h\u00fasfogyaszt\u00e1s \u00e9letk\u00e9pes megold\u00e1snak t\u0171nik a k\u00e1ros hat\u00e1sok ellens\u00falyoz\u00e1s\u00e1ra; Sims szerint azonban ez nem felt\u00e9tlen\u00fcl igaz.<em> &#8220;Az EPA meg\u00e1llap\u00edtotta, hogy az Egyes\u00fclt \u00c1llamokban kibocs\u00e1tott \u00fcvegh\u00e1zhat\u00e1s\u00fa g\u00e1zok kilenc sz\u00e1zal\u00e9k\u00e1\u00e9rt a mez\u0151gazdas\u00e1g felel\u0151s &#8211; ennek azonban csak egyharmada tulajdon\u00edthat\u00f3 az \u00e1llattart\u00e1snak, m\u00edg a sz\u00e1ll\u00edt\u00e1s csaknem 29 sz\u00e1zal\u00e9k\u00e1t teszi ki<\/em>.\u201d<\/p>\n<figure id=\"attachment_10303\" aria-describedby=\"caption-attachment-10303\" style=\"width: 1024px\" class=\"wp-caption aligncenter\"><img loading=\"lazy\" decoding=\"async\" class=\"size-large wp-image-10303\" src=\"https:\/\/d2p6e6u75xmxt8.cloudfront.net\/12\/2021\/02\/etienne-girardet-YBPlELmdJAI-unsplash-1024x681.jpg\" alt=\"\" width=\"1024\" height=\"681\" srcset=\"https:\/\/d2p6e6u75xmxt8.cloudfront.net\/12\/2021\/02\/etienne-girardet-YBPlELmdJAI-unsplash-1024x681.jpg 1024w, https:\/\/d2p6e6u75xmxt8.cloudfront.net\/12\/2021\/02\/etienne-girardet-YBPlELmdJAI-unsplash-300x200.jpg 300w, https:\/\/d2p6e6u75xmxt8.cloudfront.net\/12\/2021\/02\/etienne-girardet-YBPlELmdJAI-unsplash-768x511.jpg 768w, https:\/\/d2p6e6u75xmxt8.cloudfront.net\/12\/2021\/02\/etienne-girardet-YBPlELmdJAI-unsplash-1536x1022.jpg 1536w, https:\/\/d2p6e6u75xmxt8.cloudfront.net\/12\/2021\/02\/etienne-girardet-YBPlELmdJAI-unsplash-272x182.jpg 272w, https:\/\/d2p6e6u75xmxt8.cloudfront.net\/12\/2021\/02\/etienne-girardet-YBPlELmdJAI-unsplash.jpg 1920w\" sizes=\"auto, (max-width: 1024px) 100vw, 1024px\" \/><figcaption id=\"caption-attachment-10303\" class=\"wp-caption-text\">Az \u00e1llatteny\u00e9szt\u00e9s nem csak a k\u00f6rnyezetre k\u00e1ros, de a t\u00fal nagy kereslet kiel\u00e9g\u00edt\u00e9s\u00e9hez sokszor nagyon kis ter\u00fcleten tartanak sok \u00e1llatot. Etienne Girardet \/ Unsplash<\/figcaption><\/figure>\n<p>Teh\u00e1t m\u00e9g folynak a vit\u00e1k arr\u00f3l, hogy a hamis h\u00fasok mennyire vannak pozit\u00edv hat\u00e1ssal a k\u00f6rnyezet\u00fcnkre, ahogy az is k\u00e9rd\u00e9ses, hogy az eg\u00e9szs\u00e9g\u00fcnknek j\u00f3t tesznek-e.<\/p>\n<p>A k\u00e9ts\u00e9gek ellen\u00e9re, \u00e9rdemes kipr\u00f3b\u00e1lni ezeket az alternat\u00edv\u00e1kat, de fontos, hogy ne ess t\u00falz\u00e1sba! Ha most m\u00e9g minden nap eszel h\u00fast, el\u0151sz\u00f6r csak heti 1-2 nap hagyd ki az \u00e9trendedb\u0151l. Ha pedig nem f\u0171lik a fogad az alternat\u00edv megold\u00e1sokhoz, n\u00f6v\u00e9nyekkel is p\u00f3tolhatod az \u00e1llati eredet\u0171 term\u00e9keket. Canaday 20 \u00e9ves karrierj\u00e9nek siker\u00e9t a vegetarianizmusnak tulajdon\u00edtja: <em>\u201eSoha nem volt k\u00e9t h\u00e9tn\u00e9l tov\u00e1bb h\u00faz\u00f3d\u00f3 s\u00e9r\u00fcl\u00e9sem, \u00e9s ez szerintem a rengeteg gy\u00fcm\u00f6lcs, z\u00f6lds\u00e9g \u00e9s teljes ki\u0151rl\u00e9s\u0171 gabona miatt van!\u201d<\/em><\/p>\n<p><em>Forr\u00e1s: <\/em><a href=\"https:\/\/www.runnersworld.com\/nutrition-weight-loss\/a30191685\/plant-based-meat\/\"><em>runnersworld.com<\/em><\/a><\/p>\n<p><em>Bor\u00edt\u00f3k\u00e9p: Adobe Stock<\/em><\/p>\n","protected":false},"excerpt":{"rendered":"<p>Protein-d\u00fas \u00e9s k\u00f6rnyezetbar\u00e1t, de eg\u00e9szs\u00e9ges is?<\/p>\n","protected":false},"author":71,"featured_media":10300,"comment_status":"closed","ping_status":"closed","sticky":false,"template":"","format":"standard","meta":{"footnotes":""},"categories":[6],"tags":[],"global-categories":[],"class_list":["post-10299","post","type-post","status-publish","format-standard","has-post-thumbnail","hentry","category-edzes-es-eletmod"],"yoast_head":"<!-- This site is optimized with the Yoast SEO Premium plugin v25.3 (Yoast SEO v25.9) - https:\/\/yoast.com\/wordpress\/plugins\/seo\/ -->\n<title>M\u00e1r nem a j\u00f6v\u0151 tal\u00e1lm\u00e1nya a n\u00f6v\u00e9nyalap\u00fa h\u00fas - \u0160koda We Love Cycling - Magyarorsz\u00e1g<\/title>\n<meta name=\"description\" content=\"Protein-d\u00fas \u00e9s k\u00f6rnyezetbar\u00e1t, de eg\u00e9szs\u00e9ges is?\" \/>\n<meta name=\"robots\" content=\"index, follow, max-snippet:-1, max-image-preview:large, max-video-preview:-1\" \/>\n<link rel=\"canonical\" href=\"https:\/\/www.welovecycling.com\/hu\/edzes-es-eletmod\/mar-nem-a-jovo-talalmanya-a-novenyalapu-hus\/\" \/>\n<meta property=\"og:locale\" content=\"hu_HU\" \/>\n<meta property=\"og:type\" content=\"article\" \/>\n<meta property=\"og:title\" content=\"M\u00e1r nem a j\u00f6v\u0151 tal\u00e1lm\u00e1nya a n\u00f6v\u00e9nyalap\u00fa h\u00fas\" \/>\n<meta property=\"og:description\" content=\"Protein-d\u00fas \u00e9s k\u00f6rnyezetbar\u00e1t, de eg\u00e9szs\u00e9ges is?\" \/>\n<meta property=\"og:url\" content=\"https:\/\/www.welovecycling.com\/hu\/edzes-es-eletmod\/mar-nem-a-jovo-talalmanya-a-novenyalapu-hus\/\" \/>\n<meta property=\"og:site_name\" content=\"\u0160koda We Love Cycling - Magyarorsz\u00e1g\" \/>\n<meta property=\"article:publisher\" content=\"https:\/\/www.facebook.com\/WeLoveCyclingHungary\/\" \/>\n<meta property=\"article:published_time\" content=\"2021-03-06T07:00:23+00:00\" \/>\n<meta property=\"og:image\" content=\"https:\/\/d2p6e6u75xmxt8.cloudfront.net\/12\/2021\/02\/burger_wlc.jpg\" \/>\n\t<meta property=\"og:image:width\" content=\"1173\" \/>\n\t<meta property=\"og:image:height\" content=\"776\" \/>\n\t<meta property=\"og:image:type\" content=\"image\/jpeg\" \/>\n<meta name=\"author\" content=\"hegyizs\" \/>\n<meta name=\"twitter:card\" content=\"summary_large_image\" \/>\n<meta name=\"twitter:label1\" content=\"Written by\" \/>\n\t<meta name=\"twitter:data1\" content=\"WLC\" \/>\n\t<meta name=\"twitter:label2\" content=\"Est. reading time\" \/>\n\t<meta name=\"twitter:data2\" content=\"5 minutes\" \/>\n<script type=\"application\/ld+json\" class=\"yoast-schema-graph\">{\"@context\":\"https:\/\/schema.org\",\"@graph\":[{\"@type\":\"WebPage\",\"@id\":\"https:\/\/www.welovecycling.com\/hu\/edzes-es-eletmod\/mar-nem-a-jovo-talalmanya-a-novenyalapu-hus\/\",\"url\":\"https:\/\/www.welovecycling.com\/hu\/edzes-es-eletmod\/mar-nem-a-jovo-talalmanya-a-novenyalapu-hus\/\",\"name\":\"M\u00e1r nem a j\u00f6v\u0151 tal\u00e1lm\u00e1nya a n\u00f6v\u00e9nyalap\u00fa h\u00fas - \u0160koda We Love Cycling - Magyarorsz\u00e1g\",\"isPartOf\":{\"@id\":\"https:\/\/www.welovecycling.com\/hu\/#website\"},\"primaryImageOfPage\":{\"@id\":\"https:\/\/www.welovecycling.com\/hu\/edzes-es-eletmod\/mar-nem-a-jovo-talalmanya-a-novenyalapu-hus\/#primaryimage\"},\"image\":{\"@id\":\"https:\/\/www.welovecycling.com\/hu\/edzes-es-eletmod\/mar-nem-a-jovo-talalmanya-a-novenyalapu-hus\/#primaryimage\"},\"thumbnailUrl\":\"https:\/\/d2p6e6u75xmxt8.cloudfront.net\/12\/2021\/02\/burger_wlc.jpg\",\"datePublished\":\"2021-03-06T07:00:23+00:00\",\"author\":{\"@id\":\"https:\/\/www.welovecycling.com\/hu\/#\/schema\/person\/414a2aebf1801691a5320edb6468e194\"},\"description\":\"Protein-d\u00fas \u00e9s k\u00f6rnyezetbar\u00e1t, de eg\u00e9szs\u00e9ges is?\",\"breadcrumb\":{\"@id\":\"https:\/\/www.welovecycling.com\/hu\/edzes-es-eletmod\/mar-nem-a-jovo-talalmanya-a-novenyalapu-hus\/#breadcrumb\"},\"inLanguage\":\"hu\",\"potentialAction\":[{\"@type\":\"ReadAction\",\"target\":[\"https:\/\/www.welovecycling.com\/hu\/edzes-es-eletmod\/mar-nem-a-jovo-talalmanya-a-novenyalapu-hus\/\"]}]},{\"@type\":\"ImageObject\",\"inLanguage\":\"hu\",\"@id\":\"https:\/\/www.welovecycling.com\/hu\/edzes-es-eletmod\/mar-nem-a-jovo-talalmanya-a-novenyalapu-hus\/#primaryimage\",\"url\":\"https:\/\/d2p6e6u75xmxt8.cloudfront.net\/12\/2021\/02\/burger_wlc.jpg\",\"contentUrl\":\"https:\/\/d2p6e6u75xmxt8.cloudfront.net\/12\/2021\/02\/burger_wlc.jpg\",\"width\":1173,\"height\":776},{\"@type\":\"BreadcrumbList\",\"@id\":\"https:\/\/www.welovecycling.com\/hu\/edzes-es-eletmod\/mar-nem-a-jovo-talalmanya-a-novenyalapu-hus\/#breadcrumb\",\"itemListElement\":[{\"@type\":\"ListItem\",\"position\":1,\"name\":\"Home\",\"item\":\"https:\/\/www.welovecycling.com\/hu\/\"},{\"@type\":\"ListItem\",\"position\":2,\"name\":\"M\u00e1r nem a j\u00f6v\u0151 tal\u00e1lm\u00e1nya a n\u00f6v\u00e9nyalap\u00fa h\u00fas\"}]},{\"@type\":\"WebSite\",\"@id\":\"https:\/\/www.welovecycling.com\/hu\/#website\",\"url\":\"https:\/\/www.welovecycling.com\/hu\/\",\"name\":\"\u0160koda We Love Cycling - Magyarorsz\u00e1g\",\"description\":\"\u0160koda WeLoveCycling\",\"potentialAction\":[{\"@type\":\"SearchAction\",\"target\":{\"@type\":\"EntryPoint\",\"urlTemplate\":\"https:\/\/www.welovecycling.com\/hu\/?s={search_term_string}\"},\"query-input\":{\"@type\":\"PropertyValueSpecification\",\"valueRequired\":true,\"valueName\":\"search_term_string\"}}],\"inLanguage\":\"hu\"},{\"@type\":\"Person\",\"@id\":\"https:\/\/www.welovecycling.com\/hu\/#\/schema\/person\/414a2aebf1801691a5320edb6468e194\",\"name\":\"hegyizs\",\"image\":{\"@type\":\"ImageObject\",\"inLanguage\":\"hu\",\"@id\":\"https:\/\/www.welovecycling.com\/hu\/#\/schema\/person\/image\/\",\"url\":\"https:\/\/secure.gravatar.com\/avatar\/02cf8a7906b8cf90cecb4679defac7cfd33a1c2e3b88e4903d947f3bb58eedd3?s=96&d=mm&r=g\",\"contentUrl\":\"https:\/\/secure.gravatar.com\/avatar\/02cf8a7906b8cf90cecb4679defac7cfd33a1c2e3b88e4903d947f3bb58eedd3?s=96&d=mm&r=g\",\"caption\":\"hegyizs\"},\"url\":\"https:\/\/www.welovecycling.com\/hu\/author\/hegyizs\/\"}]}<\/script>\n<!-- \/ Yoast SEO Premium plugin. -->","yoast_head_json":{"title":"M\u00e1r nem a j\u00f6v\u0151 tal\u00e1lm\u00e1nya a n\u00f6v\u00e9nyalap\u00fa h\u00fas - \u0160koda We Love Cycling - Magyarorsz\u00e1g","description":"Protein-d\u00fas \u00e9s k\u00f6rnyezetbar\u00e1t, de eg\u00e9szs\u00e9ges is?","robots":{"index":"index","follow":"follow","max-snippet":"max-snippet:-1","max-image-preview":"max-image-preview:large","max-video-preview":"max-video-preview:-1"},"canonical":"https:\/\/www.welovecycling.com\/hu\/edzes-es-eletmod\/mar-nem-a-jovo-talalmanya-a-novenyalapu-hus\/","og_locale":"hu_HU","og_type":"article","og_title":"M\u00e1r nem a j\u00f6v\u0151 tal\u00e1lm\u00e1nya a n\u00f6v\u00e9nyalap\u00fa h\u00fas","og_description":"Protein-d\u00fas \u00e9s k\u00f6rnyezetbar\u00e1t, de eg\u00e9szs\u00e9ges is?","og_url":"https:\/\/www.welovecycling.com\/hu\/edzes-es-eletmod\/mar-nem-a-jovo-talalmanya-a-novenyalapu-hus\/","og_site_name":"\u0160koda We Love Cycling - Magyarorsz\u00e1g","article_publisher":"https:\/\/www.facebook.com\/WeLoveCyclingHungary\/","article_published_time":"2021-03-06T07:00:23+00:00","og_image":[{"width":1173,"height":776,"url":"https:\/\/d2p6e6u75xmxt8.cloudfront.net\/12\/2021\/02\/burger_wlc.jpg","type":"image\/jpeg"}],"author":"hegyizs","twitter_card":"summary_large_image","twitter_misc":{"Written by":"WLC","Est. reading time":"5 minutes"},"schema":{"@context":"https:\/\/schema.org","@graph":[{"@type":"WebPage","@id":"https:\/\/www.welovecycling.com\/hu\/edzes-es-eletmod\/mar-nem-a-jovo-talalmanya-a-novenyalapu-hus\/","url":"https:\/\/www.welovecycling.com\/hu\/edzes-es-eletmod\/mar-nem-a-jovo-talalmanya-a-novenyalapu-hus\/","name":"M\u00e1r nem a j\u00f6v\u0151 tal\u00e1lm\u00e1nya a n\u00f6v\u00e9nyalap\u00fa h\u00fas - \u0160koda We Love Cycling - Magyarorsz\u00e1g","isPartOf":{"@id":"https:\/\/www.welovecycling.com\/hu\/#website"},"primaryImageOfPage":{"@id":"https:\/\/www.welovecycling.com\/hu\/edzes-es-eletmod\/mar-nem-a-jovo-talalmanya-a-novenyalapu-hus\/#primaryimage"},"image":{"@id":"https:\/\/www.welovecycling.com\/hu\/edzes-es-eletmod\/mar-nem-a-jovo-talalmanya-a-novenyalapu-hus\/#primaryimage"},"thumbnailUrl":"https:\/\/d2p6e6u75xmxt8.cloudfront.net\/12\/2021\/02\/burger_wlc.jpg","datePublished":"2021-03-06T07:00:23+00:00","author":{"@id":"https:\/\/www.welovecycling.com\/hu\/#\/schema\/person\/414a2aebf1801691a5320edb6468e194"},"description":"Protein-d\u00fas \u00e9s k\u00f6rnyezetbar\u00e1t, de eg\u00e9szs\u00e9ges is?","breadcrumb":{"@id":"https:\/\/www.welovecycling.com\/hu\/edzes-es-eletmod\/mar-nem-a-jovo-talalmanya-a-novenyalapu-hus\/#breadcrumb"},"inLanguage":"hu","potentialAction":[{"@type":"ReadAction","target":["https:\/\/www.welovecycling.com\/hu\/edzes-es-eletmod\/mar-nem-a-jovo-talalmanya-a-novenyalapu-hus\/"]}]},{"@type":"ImageObject","inLanguage":"hu","@id":"https:\/\/www.welovecycling.com\/hu\/edzes-es-eletmod\/mar-nem-a-jovo-talalmanya-a-novenyalapu-hus\/#primaryimage","url":"https:\/\/d2p6e6u75xmxt8.cloudfront.net\/12\/2021\/02\/burger_wlc.jpg","contentUrl":"https:\/\/d2p6e6u75xmxt8.cloudfront.net\/12\/2021\/02\/burger_wlc.jpg","width":1173,"height":776},{"@type":"BreadcrumbList","@id":"https:\/\/www.welovecycling.com\/hu\/edzes-es-eletmod\/mar-nem-a-jovo-talalmanya-a-novenyalapu-hus\/#breadcrumb","itemListElement":[{"@type":"ListItem","position":1,"name":"Home","item":"https:\/\/www.welovecycling.com\/hu\/"},{"@type":"ListItem","position":2,"name":"M\u00e1r nem a j\u00f6v\u0151 tal\u00e1lm\u00e1nya a n\u00f6v\u00e9nyalap\u00fa h\u00fas"}]},{"@type":"WebSite","@id":"https:\/\/www.welovecycling.com\/hu\/#website","url":"https:\/\/www.welovecycling.com\/hu\/","name":"\u0160koda We Love Cycling - Magyarorsz\u00e1g","description":"\u0160koda WeLoveCycling","potentialAction":[{"@type":"SearchAction","target":{"@type":"EntryPoint","urlTemplate":"https:\/\/www.welovecycling.com\/hu\/?s={search_term_string}"},"query-input":{"@type":"PropertyValueSpecification","valueRequired":true,"valueName":"search_term_string"}}],"inLanguage":"hu"},{"@type":"Person","@id":"https:\/\/www.welovecycling.com\/hu\/#\/schema\/person\/414a2aebf1801691a5320edb6468e194","name":"hegyizs","image":{"@type":"ImageObject","inLanguage":"hu","@id":"https:\/\/www.welovecycling.com\/hu\/#\/schema\/person\/image\/","url":"https:\/\/secure.gravatar.com\/avatar\/02cf8a7906b8cf90cecb4679defac7cfd33a1c2e3b88e4903d947f3bb58eedd3?s=96&d=mm&r=g","contentUrl":"https:\/\/secure.gravatar.com\/avatar\/02cf8a7906b8cf90cecb4679defac7cfd33a1c2e3b88e4903d947f3bb58eedd3?s=96&d=mm&r=g","caption":"hegyizs"},"url":"https:\/\/www.welovecycling.com\/hu\/author\/hegyizs\/"}]}},"_links":{"self":[{"href":"https:\/\/www.welovecycling.com\/hu\/wp-json\/wp\/v2\/posts\/10299","targetHints":{"allow":["GET"]}}],"collection":[{"href":"https:\/\/www.welovecycling.com\/hu\/wp-json\/wp\/v2\/posts"}],"about":[{"href":"https:\/\/www.welovecycling.com\/hu\/wp-json\/wp\/v2\/types\/post"}],"author":[{"embeddable":true,"href":"https:\/\/www.welovecycling.com\/hu\/wp-json\/wp\/v2\/users\/71"}],"replies":[{"embeddable":true,"href":"https:\/\/www.welovecycling.com\/hu\/wp-json\/wp\/v2\/comments?post=10299"}],"version-history":[{"count":1,"href":"https:\/\/www.welovecycling.com\/hu\/wp-json\/wp\/v2\/posts\/10299\/revisions"}],"predecessor-version":[{"id":10304,"href":"https:\/\/www.welovecycling.com\/hu\/wp-json\/wp\/v2\/posts\/10299\/revisions\/10304"}],"wp:featuredmedia":[{"embeddable":true,"href":"https:\/\/www.welovecycling.com\/hu\/wp-json\/wp\/v2\/media\/10300"}],"wp:attachment":[{"href":"https:\/\/www.welovecycling.com\/hu\/wp-json\/wp\/v2\/media?parent=10299"}],"wp:term":[{"taxonomy":"category","embeddable":true,"href":"https:\/\/www.welovecycling.com\/hu\/wp-json\/wp\/v2\/categories?post=10299"},{"taxonomy":"post_tag","embeddable":true,"href":"https:\/\/www.welovecycling.com\/hu\/wp-json\/wp\/v2\/tags?post=10299"},{"taxonomy":"global-categories","embeddable":true,"href":"https:\/\/www.welovecycling.com\/hu\/wp-json\/wp\/v2\/global-categories?post=10299"}],"curies":[{"name":"wp","href":"https:\/\/api.w.org\/{rel}","templated":true}]}}