{"id":10294,"date":"2021-03-07T08:00:42","date_gmt":"2021-03-07T07:00:42","guid":{"rendered":"https:\/\/www.welovecycling.com\/hu\/?p=10294"},"modified":"2021-03-10T10:58:17","modified_gmt":"2021-03-10T09:58:17","slug":"a-madar-ami-miatt-richard-felkelt-a-kanaperol-es-letekert-120-km-t","status":"publish","type":"post","link":"https:\/\/www.welovecycling.com\/hu\/blog\/a-madar-ami-miatt-richard-felkelt-a-kanaperol-es-letekert-120-km-t\/","title":{"rendered":"A mad\u00e1r, ami miatt Richard felkelt a kanap\u00e9r\u00f3l \u00e9s letekert 120 km-t"},"content":{"rendered":"<p><strong>T\u014dmua egy k\u0101k\u0101p\u014d, a vil\u00e1g legnehezebb papag\u00e1jfaj\u00e1nak egyik k\u00e9pvisel\u0151je. Az \u00daj-Z\u00e9landon \u0151shonos z\u00f6ld-barna mad\u00e1r rep\u00fclni nem tud, \u00e9jszaka akt\u00edv, \u00e9s iszonyatosan aranyos. Mind\u00f6ssze 208 k\u0101k\u0101p\u00f3 van a vil\u00e1gon. A fajt az 1990-es \u00e9vekben hozt\u00e1k vissza a kihal\u00e1s sz\u00e9l\u00e9r\u0151l, \u00e9s minden egyes \u00e9l\u0151 mad\u00e1rnak van neve. Richard Abraham nem hagyhatta ki a lehet\u0151s\u00e9get, hogy \u00e9l\u0151ben l\u00e1ssa T\u014dmua-t, \u00e9s v\u00e9g\u00fcl \u00fagy alakult, hogy nekiv\u00e1gott egy 120 km-es hegyi t\u00far\u00e1nak.<\/strong><!--more--><\/p>\n<p>Richard helikopterrel elrep\u00fclt \u00daj-Z\u00e9land d\u00e9li r\u00e9sz\u00e9re, hogy itt t\u00f6ltse a nemzeti \u00fcnnepet, a Waitangi Napot. Majd aut\u00f3val utazott n\u00e9gy \u00f3r\u00e1t az orsz\u00e1g legd\u00e9lebbi v\u00e1ros\u00e1ba, Bluff-ba, hogy megismerkedjen ezzel a k\u00fcl\u00f6nlegesen ritka mad\u00e1rral.<\/p>\n<p><a href=\"https:\/\/www.instagram.com\/p\/CF2u28eswP-\/?utm_source=ig_embed\">https:\/\/www.instagram.com\/p\/CF2u28eswP-\/?utm_source=ig_embed<\/a><\/p>\n<p>V\u00e9letlen\u00fcl fedezte fel a Milford Mountain Classic kih\u00edv\u00e1st, ami egy 120 km-es kalandot takar, Fiorland csod\u00e1latos \u00fatjain. M\u00e1r csak n\u00e9h\u00e1ny \u00f3r\u00e1ja volt a nevez\u00e9si hat\u00e1rid\u0151ig. Az esem\u00e9nyt 2016-ban rendezt\u00e9k meg utolj\u00e1ra, azonban 2021 esem\u00e9nyei miatt \u00faj lend\u00fclettel t\u00e9rt vissza, hiszen a legt\u00f6bb megszokott rendezv\u00e9nyt elt\u00f6r\u00f6lt\u00e9k, \u00e9s a turist\u00e1k ebben az \u00e9vben nem rohamozt\u00e1k meg az orsz\u00e1got.<\/p>\n<p>Ekkor Richard 18 h\u00f3napja \u00e9lt \u00daj-Z\u00e9landon, \u00e9s 18 h\u00f3napja nem \u00fclt biciklin. Nem volt sem ker\u00e9kp\u00e1rja, sem felszerel\u00e9se, sem edzetts\u00e9ge. De nem akarta kihagyni a kih\u00edv\u00e1st.<\/p>\n<p>A Milford Road, ahol a Mountain Classic zajlik, a vil\u00e1g nyolcadik csod\u00e1j\u00e1nak kapuja: a Milford Sound magasztos jeges kanyonjai \u00e9s p\u00e1ratlan cs\u00facsai \u00e9vente t\u00f6bb milli\u00f3 turist\u00e1t vonzanak. A versenyz\u0151k teh\u00e1t a vil\u00e1g egyik legszebb rajtvonal\u00e1n\u00e1l sorakozhatnak fel.<\/p>\n<p><img loading=\"lazy\" decoding=\"async\" class=\"aligncenter size-large wp-image-10297\" src=\"https:\/\/d2p6e6u75xmxt8.cloudfront.net\/12\/2021\/02\/wlc_madar2-1024x639.jpg\" alt=\"\" width=\"1024\" height=\"639\" srcset=\"https:\/\/d2p6e6u75xmxt8.cloudfront.net\/12\/2021\/02\/wlc_madar2-1024x639.jpg 1024w, https:\/\/d2p6e6u75xmxt8.cloudfront.net\/12\/2021\/02\/wlc_madar2-300x187.jpg 300w, https:\/\/d2p6e6u75xmxt8.cloudfront.net\/12\/2021\/02\/wlc_madar2-768x479.jpg 768w, https:\/\/d2p6e6u75xmxt8.cloudfront.net\/12\/2021\/02\/wlc_madar2.jpg 1266w\" sizes=\"auto, (max-width: 1024px) 100vw, 1024px\" \/><\/p>\n<p>M\u00e9gis ez a l\u00e1tv\u00e1nyoss\u00e1g \u2013 \u00e9s az ide\u00e9rkez\u0151 turist\u00e1k \u2013 \u00f6lt\u00e9k meg 2016-ban a versenyt. 2015 \u00e9s 2019 k\u00f6z\u00f6tt az ide l\u00e1togat\u00f3k sz\u00e1ma tov\u00e1bbi 83%-kal emelkedett, 2021-ben azonban a tized\u00e9re cs\u00f6kkent a turizmus. \u00cdgy \u00e9ledhetett \u00fajj\u00e1 az esem\u00e9ny.<\/p>\n<p>A 120 km hossz\u00fa versenyen majdnem 2000 m\u00e9tert kell emelked\u0151k\u00f6n tekerni, az \u00fat r\u00f6g\u00f6s \u00e9s vad, de a l\u00e1tv\u00e1ny, ami elk\u00eds\u00e9ri a r\u00e9sztvev\u0151ket, csod\u00e1latos. A legnagyobb m\u00e1sz\u00e1s r\u00f6gt\u00f6n a szakasz elej\u00e9n tal\u00e1lhat\u00f3, amikor a tengerszintr\u0151l egyenesen az Alpokba kanyarodik fel az \u00fat.<\/p>\n<p>A versenyz\u0151k nagy r\u00e9sze amat\u0151r, de hajtja \u0151ket a lelkesed\u00e9s: komolyak \u00e9s gyorsak. Richard pedig egy 2 doll\u00e1ros mezben, b\u00e9relt ker\u00e9kp\u00e1ron indult \u00fatnak, \u00e9s persze j\u00f3l le is maradt. Az els\u0151 30 perc neh\u00e9z volt, de azt\u00e1n elt\u00f6lt\u00f6tte az endorfin \u00e9s vitte a lend\u00fclet. A sz\u00edve 200bpm-mel vert, amikor el\u00e9rte az UNESCO Vil\u00e1g\u00f6r\u00f6ks\u00e9get.<\/p>\n<p>Egy \u00f6t \u00f3r\u00e1s kem\u00e9ny orsz\u00e1g\u00fati verseny, 18 h\u00f3nap kihagy\u00e1s ut\u00e1n. Nem t\u0171nik t\u00fal j\u00f3 \u00f6tletnek, de Richard nem b\u00e1nta meg, hogy belev\u00e1gott. Mindannyian elvesz\u00edtett\u00fcnk valamit a pand\u00e9mia alatt. Itt az id\u0151 visszaszerezni!<\/p>\n<p><em>Forr\u00e1s: <\/em><a href=\"https:\/\/cyclingtips.com\/2021\/02\/the-flightless-bird-that-inspired-my-off-the-couch-120-km-gran-fondo\/\"><em>cyclingtips.com<\/em><\/a><\/p>\n","protected":false},"excerpt":{"rendered":"<p>T\u014dmua egy k\u0101k\u0101p\u014d, a vil\u00e1g legnehezebb papag\u00e1jfaj\u00e1nak egyik k\u00e9pvisel\u0151je. Az \u00daj-Z\u00e9landon \u0151shonos z\u00f6ld-barna mad\u00e1r rep\u00fclni nem tud, \u00e9jszaka akt\u00edv, \u00e9s [&hellip;]<\/p>\n","protected":false},"author":71,"featured_media":10295,"comment_status":"closed","ping_status":"closed","sticky":false,"template":"","format":"standard","meta":{"footnotes":""},"categories":[13],"tags":[],"global-categories":[],"class_list":["post-10294","post","type-post","status-publish","format-standard","has-post-thumbnail","hentry","category-blog"],"yoast_head":"<!-- This site is optimized with the Yoast SEO Premium plugin v25.3 (Yoast SEO v25.9) - https:\/\/yoast.com\/wordpress\/plugins\/seo\/ -->\n<title>A mad\u00e1r, ami miatt Richard felkelt a kanap\u00e9r\u00f3l \u00e9s letekert 120 km-t - \u0160koda We Love Cycling - Magyarorsz\u00e1g<\/title>\n<meta name=\"description\" content=\"T\u014dmua egy k\u0101k\u0101p\u014d, a vil\u00e1g legnehezebb papag\u00e1jfaj\u00e1nak egyik k\u00e9pvisel\u0151je. Az \u00daj-Z\u00e9landon \u0151shonos z\u00f6ld-barna mad\u00e1r rep\u00fclni nem tud, \u00e9jszaka akt\u00edv, \u00e9s iszonyatosan aranyos.\" \/>\n<meta name=\"robots\" content=\"index, follow, max-snippet:-1, max-image-preview:large, max-video-preview:-1\" \/>\n<link rel=\"canonical\" href=\"https:\/\/www.welovecycling.com\/hu\/blog\/a-madar-ami-miatt-richard-felkelt-a-kanaperol-es-letekert-120-km-t\/\" \/>\n<meta property=\"og:locale\" content=\"hu_HU\" \/>\n<meta property=\"og:type\" content=\"article\" \/>\n<meta property=\"og:title\" content=\"A mad\u00e1r, ami miatt Richard felkelt a kanap\u00e9r\u00f3l \u00e9s letekert 120 km-t\" \/>\n<meta property=\"og:description\" content=\"T\u014dmua egy k\u0101k\u0101p\u014d, a vil\u00e1g legnehezebb papag\u00e1jfaj\u00e1nak egyik k\u00e9pvisel\u0151je. Az \u00daj-Z\u00e9landon \u0151shonos z\u00f6ld-barna mad\u00e1r rep\u00fclni nem tud, \u00e9jszaka akt\u00edv, \u00e9s iszonyatosan aranyos.\" \/>\n<meta property=\"og:url\" content=\"https:\/\/www.welovecycling.com\/hu\/blog\/a-madar-ami-miatt-richard-felkelt-a-kanaperol-es-letekert-120-km-t\/\" \/>\n<meta property=\"og:site_name\" content=\"\u0160koda We Love Cycling - Magyarorsz\u00e1g\" \/>\n<meta property=\"article:publisher\" content=\"https:\/\/www.facebook.com\/WeLoveCyclingHungary\/\" \/>\n<meta property=\"article:published_time\" content=\"2021-03-07T07:00:42+00:00\" \/>\n<meta property=\"article:modified_time\" content=\"2021-03-10T09:58:17+00:00\" \/>\n<meta property=\"og:image\" content=\"https:\/\/d2p6e6u75xmxt8.cloudfront.net\/12\/2021\/02\/wlc_amadar.jpg\" \/>\n\t<meta property=\"og:image:width\" content=\"1382\" \/>\n\t<meta property=\"og:image:height\" content=\"780\" \/>\n\t<meta property=\"og:image:type\" content=\"image\/jpeg\" \/>\n<meta name=\"author\" content=\"hegyizs\" \/>\n<meta name=\"twitter:card\" content=\"summary_large_image\" \/>\n<meta name=\"twitter:label1\" content=\"Written by\" \/>\n\t<meta name=\"twitter:data1\" content=\"WLC\" \/>\n\t<meta name=\"twitter:label2\" content=\"Est. reading time\" \/>\n\t<meta name=\"twitter:data2\" content=\"3 minutes\" \/>\n<script type=\"application\/ld+json\" class=\"yoast-schema-graph\">{\"@context\":\"https:\/\/schema.org\",\"@graph\":[{\"@type\":\"WebPage\",\"@id\":\"https:\/\/www.welovecycling.com\/hu\/blog\/a-madar-ami-miatt-richard-felkelt-a-kanaperol-es-letekert-120-km-t\/\",\"url\":\"https:\/\/www.welovecycling.com\/hu\/blog\/a-madar-ami-miatt-richard-felkelt-a-kanaperol-es-letekert-120-km-t\/\",\"name\":\"A mad\u00e1r, ami miatt Richard felkelt a kanap\u00e9r\u00f3l \u00e9s letekert 120 km-t - \u0160koda We Love Cycling - Magyarorsz\u00e1g\",\"isPartOf\":{\"@id\":\"https:\/\/www.welovecycling.com\/hu\/#website\"},\"primaryImageOfPage\":{\"@id\":\"https:\/\/www.welovecycling.com\/hu\/blog\/a-madar-ami-miatt-richard-felkelt-a-kanaperol-es-letekert-120-km-t\/#primaryimage\"},\"image\":{\"@id\":\"https:\/\/www.welovecycling.com\/hu\/blog\/a-madar-ami-miatt-richard-felkelt-a-kanaperol-es-letekert-120-km-t\/#primaryimage\"},\"thumbnailUrl\":\"https:\/\/d2p6e6u75xmxt8.cloudfront.net\/12\/2021\/02\/wlc_amadar.jpg\",\"datePublished\":\"2021-03-07T07:00:42+00:00\",\"dateModified\":\"2021-03-10T09:58:17+00:00\",\"author\":{\"@id\":\"https:\/\/www.welovecycling.com\/hu\/#\/schema\/person\/414a2aebf1801691a5320edb6468e194\"},\"description\":\"T\u014dmua egy k\u0101k\u0101p\u014d, a vil\u00e1g legnehezebb papag\u00e1jfaj\u00e1nak egyik k\u00e9pvisel\u0151je. Az \u00daj-Z\u00e9landon \u0151shonos z\u00f6ld-barna mad\u00e1r rep\u00fclni nem tud, \u00e9jszaka akt\u00edv, \u00e9s iszonyatosan aranyos.\",\"breadcrumb\":{\"@id\":\"https:\/\/www.welovecycling.com\/hu\/blog\/a-madar-ami-miatt-richard-felkelt-a-kanaperol-es-letekert-120-km-t\/#breadcrumb\"},\"inLanguage\":\"hu\",\"potentialAction\":[{\"@type\":\"ReadAction\",\"target\":[\"https:\/\/www.welovecycling.com\/hu\/blog\/a-madar-ami-miatt-richard-felkelt-a-kanaperol-es-letekert-120-km-t\/\"]}]},{\"@type\":\"ImageObject\",\"inLanguage\":\"hu\",\"@id\":\"https:\/\/www.welovecycling.com\/hu\/blog\/a-madar-ami-miatt-richard-felkelt-a-kanaperol-es-letekert-120-km-t\/#primaryimage\",\"url\":\"https:\/\/d2p6e6u75xmxt8.cloudfront.net\/12\/2021\/02\/wlc_amadar.jpg\",\"contentUrl\":\"https:\/\/d2p6e6u75xmxt8.cloudfront.net\/12\/2021\/02\/wlc_amadar.jpg\",\"width\":1382,\"height\":780},{\"@type\":\"BreadcrumbList\",\"@id\":\"https:\/\/www.welovecycling.com\/hu\/blog\/a-madar-ami-miatt-richard-felkelt-a-kanaperol-es-letekert-120-km-t\/#breadcrumb\",\"itemListElement\":[{\"@type\":\"ListItem\",\"position\":1,\"name\":\"Home\",\"item\":\"https:\/\/www.welovecycling.com\/hu\/\"},{\"@type\":\"ListItem\",\"position\":2,\"name\":\"A mad\u00e1r, ami miatt Richard felkelt a kanap\u00e9r\u00f3l \u00e9s letekert 120 km-t\"}]},{\"@type\":\"WebSite\",\"@id\":\"https:\/\/www.welovecycling.com\/hu\/#website\",\"url\":\"https:\/\/www.welovecycling.com\/hu\/\",\"name\":\"\u0160koda We Love Cycling - Magyarorsz\u00e1g\",\"description\":\"\u0160koda WeLoveCycling\",\"potentialAction\":[{\"@type\":\"SearchAction\",\"target\":{\"@type\":\"EntryPoint\",\"urlTemplate\":\"https:\/\/www.welovecycling.com\/hu\/?s={search_term_string}\"},\"query-input\":{\"@type\":\"PropertyValueSpecification\",\"valueRequired\":true,\"valueName\":\"search_term_string\"}}],\"inLanguage\":\"hu\"},{\"@type\":\"Person\",\"@id\":\"https:\/\/www.welovecycling.com\/hu\/#\/schema\/person\/414a2aebf1801691a5320edb6468e194\",\"name\":\"hegyizs\",\"image\":{\"@type\":\"ImageObject\",\"inLanguage\":\"hu\",\"@id\":\"https:\/\/www.welovecycling.com\/hu\/#\/schema\/person\/image\/\",\"url\":\"https:\/\/secure.gravatar.com\/avatar\/02cf8a7906b8cf90cecb4679defac7cfd33a1c2e3b88e4903d947f3bb58eedd3?s=96&d=mm&r=g\",\"contentUrl\":\"https:\/\/secure.gravatar.com\/avatar\/02cf8a7906b8cf90cecb4679defac7cfd33a1c2e3b88e4903d947f3bb58eedd3?s=96&d=mm&r=g\",\"caption\":\"hegyizs\"},\"url\":\"https:\/\/www.welovecycling.com\/hu\/author\/hegyizs\/\"}]}<\/script>\n<!-- \/ Yoast SEO Premium plugin. -->","yoast_head_json":{"title":"A mad\u00e1r, ami miatt Richard felkelt a kanap\u00e9r\u00f3l \u00e9s letekert 120 km-t - \u0160koda We Love Cycling - Magyarorsz\u00e1g","description":"T\u014dmua egy k\u0101k\u0101p\u014d, a vil\u00e1g legnehezebb papag\u00e1jfaj\u00e1nak egyik k\u00e9pvisel\u0151je. Az \u00daj-Z\u00e9landon \u0151shonos z\u00f6ld-barna mad\u00e1r rep\u00fclni nem tud, \u00e9jszaka akt\u00edv, \u00e9s iszonyatosan aranyos.","robots":{"index":"index","follow":"follow","max-snippet":"max-snippet:-1","max-image-preview":"max-image-preview:large","max-video-preview":"max-video-preview:-1"},"canonical":"https:\/\/www.welovecycling.com\/hu\/blog\/a-madar-ami-miatt-richard-felkelt-a-kanaperol-es-letekert-120-km-t\/","og_locale":"hu_HU","og_type":"article","og_title":"A mad\u00e1r, ami miatt Richard felkelt a kanap\u00e9r\u00f3l \u00e9s letekert 120 km-t","og_description":"T\u014dmua egy k\u0101k\u0101p\u014d, a vil\u00e1g legnehezebb papag\u00e1jfaj\u00e1nak egyik k\u00e9pvisel\u0151je. Az \u00daj-Z\u00e9landon \u0151shonos z\u00f6ld-barna mad\u00e1r rep\u00fclni nem tud, \u00e9jszaka akt\u00edv, \u00e9s iszonyatosan aranyos.","og_url":"https:\/\/www.welovecycling.com\/hu\/blog\/a-madar-ami-miatt-richard-felkelt-a-kanaperol-es-letekert-120-km-t\/","og_site_name":"\u0160koda We Love Cycling - Magyarorsz\u00e1g","article_publisher":"https:\/\/www.facebook.com\/WeLoveCyclingHungary\/","article_published_time":"2021-03-07T07:00:42+00:00","article_modified_time":"2021-03-10T09:58:17+00:00","og_image":[{"width":1382,"height":780,"url":"https:\/\/d2p6e6u75xmxt8.cloudfront.net\/12\/2021\/02\/wlc_amadar.jpg","type":"image\/jpeg"}],"author":"hegyizs","twitter_card":"summary_large_image","twitter_misc":{"Written by":"WLC","Est. reading time":"3 minutes"},"schema":{"@context":"https:\/\/schema.org","@graph":[{"@type":"WebPage","@id":"https:\/\/www.welovecycling.com\/hu\/blog\/a-madar-ami-miatt-richard-felkelt-a-kanaperol-es-letekert-120-km-t\/","url":"https:\/\/www.welovecycling.com\/hu\/blog\/a-madar-ami-miatt-richard-felkelt-a-kanaperol-es-letekert-120-km-t\/","name":"A mad\u00e1r, ami miatt Richard felkelt a kanap\u00e9r\u00f3l \u00e9s letekert 120 km-t - \u0160koda We Love Cycling - Magyarorsz\u00e1g","isPartOf":{"@id":"https:\/\/www.welovecycling.com\/hu\/#website"},"primaryImageOfPage":{"@id":"https:\/\/www.welovecycling.com\/hu\/blog\/a-madar-ami-miatt-richard-felkelt-a-kanaperol-es-letekert-120-km-t\/#primaryimage"},"image":{"@id":"https:\/\/www.welovecycling.com\/hu\/blog\/a-madar-ami-miatt-richard-felkelt-a-kanaperol-es-letekert-120-km-t\/#primaryimage"},"thumbnailUrl":"https:\/\/d2p6e6u75xmxt8.cloudfront.net\/12\/2021\/02\/wlc_amadar.jpg","datePublished":"2021-03-07T07:00:42+00:00","dateModified":"2021-03-10T09:58:17+00:00","author":{"@id":"https:\/\/www.welovecycling.com\/hu\/#\/schema\/person\/414a2aebf1801691a5320edb6468e194"},"description":"T\u014dmua egy k\u0101k\u0101p\u014d, a vil\u00e1g legnehezebb papag\u00e1jfaj\u00e1nak egyik k\u00e9pvisel\u0151je. Az \u00daj-Z\u00e9landon \u0151shonos z\u00f6ld-barna mad\u00e1r rep\u00fclni nem tud, \u00e9jszaka akt\u00edv, \u00e9s iszonyatosan aranyos.","breadcrumb":{"@id":"https:\/\/www.welovecycling.com\/hu\/blog\/a-madar-ami-miatt-richard-felkelt-a-kanaperol-es-letekert-120-km-t\/#breadcrumb"},"inLanguage":"hu","potentialAction":[{"@type":"ReadAction","target":["https:\/\/www.welovecycling.com\/hu\/blog\/a-madar-ami-miatt-richard-felkelt-a-kanaperol-es-letekert-120-km-t\/"]}]},{"@type":"ImageObject","inLanguage":"hu","@id":"https:\/\/www.welovecycling.com\/hu\/blog\/a-madar-ami-miatt-richard-felkelt-a-kanaperol-es-letekert-120-km-t\/#primaryimage","url":"https:\/\/d2p6e6u75xmxt8.cloudfront.net\/12\/2021\/02\/wlc_amadar.jpg","contentUrl":"https:\/\/d2p6e6u75xmxt8.cloudfront.net\/12\/2021\/02\/wlc_amadar.jpg","width":1382,"height":780},{"@type":"BreadcrumbList","@id":"https:\/\/www.welovecycling.com\/hu\/blog\/a-madar-ami-miatt-richard-felkelt-a-kanaperol-es-letekert-120-km-t\/#breadcrumb","itemListElement":[{"@type":"ListItem","position":1,"name":"Home","item":"https:\/\/www.welovecycling.com\/hu\/"},{"@type":"ListItem","position":2,"name":"A mad\u00e1r, ami miatt Richard felkelt a kanap\u00e9r\u00f3l \u00e9s letekert 120 km-t"}]},{"@type":"WebSite","@id":"https:\/\/www.welovecycling.com\/hu\/#website","url":"https:\/\/www.welovecycling.com\/hu\/","name":"\u0160koda We Love Cycling - Magyarorsz\u00e1g","description":"\u0160koda WeLoveCycling","potentialAction":[{"@type":"SearchAction","target":{"@type":"EntryPoint","urlTemplate":"https:\/\/www.welovecycling.com\/hu\/?s={search_term_string}"},"query-input":{"@type":"PropertyValueSpecification","valueRequired":true,"valueName":"search_term_string"}}],"inLanguage":"hu"},{"@type":"Person","@id":"https:\/\/www.welovecycling.com\/hu\/#\/schema\/person\/414a2aebf1801691a5320edb6468e194","name":"hegyizs","image":{"@type":"ImageObject","inLanguage":"hu","@id":"https:\/\/www.welovecycling.com\/hu\/#\/schema\/person\/image\/","url":"https:\/\/secure.gravatar.com\/avatar\/02cf8a7906b8cf90cecb4679defac7cfd33a1c2e3b88e4903d947f3bb58eedd3?s=96&d=mm&r=g","contentUrl":"https:\/\/secure.gravatar.com\/avatar\/02cf8a7906b8cf90cecb4679defac7cfd33a1c2e3b88e4903d947f3bb58eedd3?s=96&d=mm&r=g","caption":"hegyizs"},"url":"https:\/\/www.welovecycling.com\/hu\/author\/hegyizs\/"}]}},"_links":{"self":[{"href":"https:\/\/www.welovecycling.com\/hu\/wp-json\/wp\/v2\/posts\/10294","targetHints":{"allow":["GET"]}}],"collection":[{"href":"https:\/\/www.welovecycling.com\/hu\/wp-json\/wp\/v2\/posts"}],"about":[{"href":"https:\/\/www.welovecycling.com\/hu\/wp-json\/wp\/v2\/types\/post"}],"author":[{"embeddable":true,"href":"https:\/\/www.welovecycling.com\/hu\/wp-json\/wp\/v2\/users\/71"}],"replies":[{"embeddable":true,"href":"https:\/\/www.welovecycling.com\/hu\/wp-json\/wp\/v2\/comments?post=10294"}],"version-history":[{"count":2,"href":"https:\/\/www.welovecycling.com\/hu\/wp-json\/wp\/v2\/posts\/10294\/revisions"}],"predecessor-version":[{"id":10357,"href":"https:\/\/www.welovecycling.com\/hu\/wp-json\/wp\/v2\/posts\/10294\/revisions\/10357"}],"wp:featuredmedia":[{"embeddable":true,"href":"https:\/\/www.welovecycling.com\/hu\/wp-json\/wp\/v2\/media\/10295"}],"wp:attachment":[{"href":"https:\/\/www.welovecycling.com\/hu\/wp-json\/wp\/v2\/media?parent=10294"}],"wp:term":[{"taxonomy":"category","embeddable":true,"href":"https:\/\/www.welovecycling.com\/hu\/wp-json\/wp\/v2\/categories?post=10294"},{"taxonomy":"post_tag","embeddable":true,"href":"https:\/\/www.welovecycling.com\/hu\/wp-json\/wp\/v2\/tags?post=10294"},{"taxonomy":"global-categories","embeddable":true,"href":"https:\/\/www.welovecycling.com\/hu\/wp-json\/wp\/v2\/global-categories?post=10294"}],"curies":[{"name":"wp","href":"https:\/\/api.w.org\/{rel}","templated":true}]}}