{"id":10271,"date":"2021-03-05T08:00:14","date_gmt":"2021-03-05T07:00:14","guid":{"rendered":"https:\/\/www.welovecycling.com\/hu\/?p=10271"},"modified":"2021-02-26T17:30:34","modified_gmt":"2021-02-26T16:30:34","slug":"bikepacking-tippek-utvonaltervezes","status":"publish","type":"post","link":"https:\/\/www.welovecycling.com\/hu\/trekking-mtb\/bikepacking-tippek-utvonaltervezes\/","title":{"rendered":"Bikepacking-tippek: \u00datvonaltervez\u00e9s"},"content":{"rendered":"<p><strong>A nosztalgi\u00e1z\u00f3k sz\u00e1m\u00e1ra t\u00f6k\u00e9letes pap\u00edrt\u00e9rk\u00e9pek mellett rengeteg online eszk\u00f6z \u00e1ll rendelkez\u00e9s\u00fcnkre, ha t\u00e1j\u00e9koz\u00f3d\u00e1sr\u00f3l van sz\u00f3. \u00d6sszeszedt\u00fck a kedvenceinket, amik sokat seg\u00edthetnek, ha bikepacking \u00fatvonalat tervezel!<\/strong><\/p>\n<p><!--more--><\/p>\n<h2><strong>Az \u00fatvonal kiv\u00e1laszt\u00e1sa<\/strong><\/h2>\n<p>Ha nincs sok id\u0151d, vagy nem fontos sz\u00e1modra, hogy saj\u00e1t utat tervezz, haszn\u00e1lhatsz n\u00e9h\u00e1nyat a m\u00e1r bej\u00e1ratottak k\u00f6z\u00fcl. A klasszikus ker\u00e9kp\u00e1ros t\u00fara\u00fatvonalakr\u00f3l besz\u00e9l\u00fcnk. A legt\u00f6bbnek van saj\u00e1t weboldala, ahol minden inform\u00e1ci\u00f3t megtal\u00e1lsz r\u00f3luk.<\/p>\n<figure id=\"attachment_10272\" aria-describedby=\"caption-attachment-10272\" style=\"width: 1024px\" class=\"wp-caption alignnone\"><a href=\"https:\/\/d2p6e6u75xmxt8.cloudfront.net\/2\/2021\/02\/Bike-packing-profimedia-0486944182.jpg\"><img loading=\"lazy\" decoding=\"async\" class=\"wp-image-10272 size-large\" src=\"https:\/\/d2p6e6u75xmxt8.cloudfront.net\/12\/2021\/02\/Bike-packing-profimedia-0486944182-1024x682.jpg\" alt=\"Bikepacking\" width=\"1024\" height=\"682\" srcset=\"https:\/\/d2p6e6u75xmxt8.cloudfront.net\/12\/2021\/02\/Bike-packing-profimedia-0486944182-1024x682.jpg 1024w, https:\/\/d2p6e6u75xmxt8.cloudfront.net\/12\/2021\/02\/Bike-packing-profimedia-0486944182-300x200.jpg 300w, https:\/\/d2p6e6u75xmxt8.cloudfront.net\/12\/2021\/02\/Bike-packing-profimedia-0486944182-768x511.jpg 768w, https:\/\/d2p6e6u75xmxt8.cloudfront.net\/12\/2021\/02\/Bike-packing-profimedia-0486944182-272x182.jpg 272w, https:\/\/d2p6e6u75xmxt8.cloudfront.net\/12\/2021\/02\/Bike-packing-profimedia-0486944182.jpg 1250w\" sizes=\"auto, (max-width: 1024px) 100vw, 1024px\" \/><\/a><figcaption id=\"caption-attachment-10272\" class=\"wp-caption-text\"><em>\u00datnak indulsz? \u00a9 Profimedia<\/em><\/figcaption><\/figure>\n<p>A legnagyobb eur\u00f3pai projekt az <a href=\"https:\/\/en.eurovelo.com\/ev15\">Eurovelo<\/a>. Ez egy igen kiterjedt \u00fatvonalh\u00e1l\u00f3zat, emiatt egyes szakaszai nincsenek befejezve. Indul\u00e1s el\u0151tt teh\u00e1t alaposan \u00f6ssze kell gy\u0171jtened az inform\u00e1ci\u00f3kat!<\/p>\n<p>Azt\u00e1n ott vannak a t\u00f6rt\u00e9nelmi \u00fatvonalak. Nagyon n\u00e9pszer\u0171ek, \u00edgy biztons\u00e1gosabbak, mivel rendszeresen tal\u00e1lkozhatsz rajtuk m\u00e1s ker\u00e9kp\u00e1rosokkal. \u00cdme n\u00e9h\u00e1ny a legjobbak k\u00f6z\u00fcl:<\/p>\n<ul>\n<li>Greenways: a f\u0151 \u00fat Pr\u00e1g\u00e1t\u00f3l B\u00e9csig vezet, de sz\u00e1mos m\u00e1s el\u00e1gaz\u00f3 szakasza is megtal\u00e1lhat\u00f3 m\u00e1s \u00e9rdekes helyeken K\u00f6z\u00e9p-Eur\u00f3p\u00e1ban<\/li>\n<li>Elba foly\u00f3: a csehorsz\u00e1gi Elba foly\u00f3 forr\u00e1s\u00e1t\u00f3l az \u00c9szaki-tengerig<\/li>\n<li>Duna ker\u00e9kp\u00e1r\u00fat: Ausztri\u00e1ban a legcsod\u00e1latosabb<\/li>\n<li>Alpok &#8211; Adria: Leny\u0171g\u00f6z\u0151 utaz\u00e1s az Alpokon kereszt\u00fcl, Salzburgt\u00f3l az Adriai-tengerig<\/li>\n<li>Rheine: Sv\u00e1jct\u00f3l az \u00c9szaki-tengerig<\/li>\n<\/ul>\n<p>Via Claudia Augusta: az Alpokon val\u00f3 \u00e1tkel\u00e9s legegyszer\u0171bb m\u00f3dja<\/p>\n<figure id=\"attachment_10273\" aria-describedby=\"caption-attachment-10273\" style=\"width: 1024px\" class=\"wp-caption alignnone\"><a href=\"https:\/\/d2p6e6u75xmxt8.cloudfront.net\/2\/2021\/02\/Greenway-sign-Filippo.jpg\"><img loading=\"lazy\" decoding=\"async\" class=\"wp-image-10273 size-large\" src=\"https:\/\/d2p6e6u75xmxt8.cloudfront.net\/12\/2021\/02\/Greenway-sign-Filippo-1024x576.jpg\" alt=\"Bike sign\" width=\"1024\" height=\"576\" srcset=\"https:\/\/d2p6e6u75xmxt8.cloudfront.net\/12\/2021\/02\/Greenway-sign-Filippo-1024x576.jpg 1024w, https:\/\/d2p6e6u75xmxt8.cloudfront.net\/12\/2021\/02\/Greenway-sign-Filippo-300x169.jpg 300w, https:\/\/d2p6e6u75xmxt8.cloudfront.net\/12\/2021\/02\/Greenway-sign-Filippo-768x432.jpg 768w, https:\/\/d2p6e6u75xmxt8.cloudfront.net\/12\/2021\/02\/Greenway-sign-Filippo-1536x864.jpg 1536w, https:\/\/d2p6e6u75xmxt8.cloudfront.net\/12\/2021\/02\/Greenway-sign-Filippo.jpg 1920w\" sizes=\"auto, (max-width: 1024px) 100vw, 1024px\" \/><\/a><figcaption id=\"caption-attachment-10273\" class=\"wp-caption-text\">A Greenway, Pr\u00e1ga \u00e9s B\u00e9cs k\u00f6z\u00f6tt. N\u00e9ha el\u00e9g, ha csak k\u00f6veted a jeleket!<\/figcaption><\/figure>\n<p>Ha azonban saj\u00e1t utat szeretn\u00e9l tervezni, akkor t\u00f6bb id\u0151t kell r\u00e1 sz\u00e1nnod, de nagyon j\u00f3l fogsz k\u00f6zben sz\u00f3rakozni! Im\u00e1dom, amikor bikepacking \u00fatvonalat tervezek, \u00e9s a fejemben m\u00e1r \u00faton is vagyok! Miut\u00e1n kiv\u00e1lasztottam a f\u0151 \u00fatvonalat, elkezdek m\u00e9lyebbre \u00e1sni\u2026.<\/p>\n<h2><strong>A t\u00fara megtervez\u00e9se<\/strong><\/h2>\n<p>Amint megvan a nagy \u00f6tlet, mondjuk, hogy Pr\u00e1g\u00e1t\u00f3l Berlinig tart majd a bikepacking t\u00fara, elkezdek inform\u00e1ci\u00f3kat gy\u0171jteni. Ehhez \u00e1ltal\u00e1ban olyan webhelyekhez fordulok, mint amilyen a Koomoot, a Bikemap vagy a RidewithGps.<\/p>\n<p>Ezut\u00e1n kiv\u00e1lasztom a sz\u00e1momra legjobb kiindul\u00f3pontot, \u00e9s megpr\u00f3b\u00e1lom kielemezni. Szinte mindig van olyan r\u00e9sze, amin m\u00f3dos\u00edtanom kell, mert mindannyian m\u00e1sok vagyunk, ez\u00e9rt szem\u00e9lyes \u00edzl\u00e9sem szerint kezdem alak\u00edtani.<\/p>\n<figure id=\"attachment_10274\" aria-describedby=\"caption-attachment-10274\" style=\"width: 1024px\" class=\"wp-caption alignnone\"><a href=\"https:\/\/d2p6e6u75xmxt8.cloudfront.net\/2\/2021\/02\/Heat-map.jpg\"><img loading=\"lazy\" decoding=\"async\" class=\"size-large wp-image-10274\" src=\"https:\/\/d2p6e6u75xmxt8.cloudfront.net\/12\/2021\/02\/Heat-map-1024x544.jpg\" alt=\"Heat map\" width=\"1024\" height=\"544\" srcset=\"https:\/\/d2p6e6u75xmxt8.cloudfront.net\/12\/2021\/02\/Heat-map-1024x544.jpg 1024w, https:\/\/d2p6e6u75xmxt8.cloudfront.net\/12\/2021\/02\/Heat-map-300x159.jpg 300w, https:\/\/d2p6e6u75xmxt8.cloudfront.net\/12\/2021\/02\/Heat-map-768x408.jpg 768w, https:\/\/d2p6e6u75xmxt8.cloudfront.net\/12\/2021\/02\/Heat-map.jpg 1148w\" sizes=\"auto, (max-width: 1024px) 100vw, 1024px\" \/><\/a><figcaption id=\"caption-attachment-10274\" class=\"wp-caption-text\"><em>A h\u0151t\u00e9rk\u00e9pek d\u00f6nt\u0151 fontoss\u00e1g\u00faak az ismeretlen \u00fatvonalak tervez\u00e9sekor.<\/em><\/figcaption><\/figure>\n<p>V\u00e9gign\u00e9zem az egyes szakaszokat, \u00e9s list\u00e1t \u00edrok a l\u00e1tnival\u00f3kr\u00f3l, hogy semmik\u00e9pp ne maradjak le semmi fontosr\u00f3l. Erre a Google-t \u00e9s a Trip Advisort szoktam haszn\u00e1lni. Ha megvan a lista, meg kell r\u00f3la bizonyosodnom, hogy a l\u00e1tv\u00e1nyoss\u00e1gok az \u00fatvonalamon vannak-e. Ha nem, akkor ennek megfelel\u0151n m\u00f3dos\u00edtom az utat. Ha k\u00e9sz vagyok, let\u00f6lt\u00f6m a t\u00e9rs\u00e9g t\u00e9rk\u00e9p\u00e9t, hogy offline is el\u00e9rhet\u0151 legyen.<\/p>\n<p>Ezut\u00e1n j\u00f6het a finomhangol\u00e1s: ez n\u00e1lam azt jelenti, hogy \u00fagy alak\u00edtom \u00e1t az \u00fatvonalat, hogy legal\u00e1bb az utak fel\u00e9n alacsony legyen a forgalom. A term\u00e9szetes \u00f6sv\u00e9nyek felder\u00edt\u00e9s\u00e9hez topogr\u00e1fiai t\u00e9rk\u00e9peket haszn\u00e1lok, amelyek seg\u00edtenek abban, hogy ne v\u00e1lasszak t\u00fal meredek szakaszokat. A forgalmat pedig a Google Street View oldal\u00e1n ellen\u0151rz\u00f6m. Ha l\u00e1tom, hogy nagyon keskeny egy \u00fat, vagy csak egys\u00e1vos, akkor m\u00e1sikat v\u00e1lasztok.<\/p>\n<p>Ha pedig nem tal\u00e1lok valamilyen inform\u00e1ci\u00f3t, amire sz\u00fcks\u00e9gem lenne, kapcsolatba l\u00e9pek a helyi ker\u00e9kp\u00e1ros klubokkal. Az emberek sz\u00edvesen adnak olyan dolgokkal kapcsolatban tan\u00e1csot, amit \u0151k is szeretnek!<\/p>\n<figure id=\"attachment_10275\" aria-describedby=\"caption-attachment-10275\" style=\"width: 1024px\" class=\"wp-caption alignnone\"><a href=\"https:\/\/d2p6e6u75xmxt8.cloudfront.net\/2\/2021\/02\/Street-View.jpg\"><img loading=\"lazy\" decoding=\"async\" class=\"size-large wp-image-10275\" src=\"https:\/\/d2p6e6u75xmxt8.cloudfront.net\/12\/2021\/02\/Street-View-1024x469.jpg\" alt=\"Google Street View\" width=\"1024\" height=\"469\" srcset=\"https:\/\/d2p6e6u75xmxt8.cloudfront.net\/12\/2021\/02\/Street-View-1024x469.jpg 1024w, https:\/\/d2p6e6u75xmxt8.cloudfront.net\/12\/2021\/02\/Street-View-300x137.jpg 300w, https:\/\/d2p6e6u75xmxt8.cloudfront.net\/12\/2021\/02\/Street-View-768x351.jpg 768w, https:\/\/d2p6e6u75xmxt8.cloudfront.net\/12\/2021\/02\/Street-View.jpg 1344w\" sizes=\"auto, (max-width: 1024px) 100vw, 1024px\" \/><\/a><figcaption id=\"caption-attachment-10275\" class=\"wp-caption-text\"><em>A Google Street View t\u00f6k\u00e9letes az \u00fatviszonyok \u00e9s a forgalom ellen\u0151rz\u00e9s\u00e9re.<\/em><\/figcaption><\/figure>\n<h2><strong>Extra tippek<\/strong><\/h2>\n<p>Van m\u00e9g n\u00e9h\u00e1ny csod\u00e1latos eszk\u00f6z, amit rendszeresen haszn\u00e1lok, \u00e9s szeretn\u00e9k megosztani veletek.<\/p>\n<p>Szeretem val\u00f3s id\u0151ben figyelni az id\u0151j\u00e1r\u00e1st. Van n\u00e9h\u00e1ny nagyszer\u0171 alkalmaz\u00e1s \/ webhely erre, p\u00e9ld\u00e1ul a <a href=\"https:\/\/www.windy.com\/?47.564,19.095,5\">Windy<\/a>. Ha l\u00e1tod, hogyan mozog a csapad\u00e9k, ennek megfelel\u0151en tervezhetsz &#8211; n\u00e9ha m\u00e9g a sz\u00e9l ellen\u0151rz\u00e9se hasznos lehet.<a href=\"https:\/\/d2p6e6u75xmxt8.cloudfront.net\/2\/2021\/02\/Windy.jpg\"><img loading=\"lazy\" decoding=\"async\" class=\"size-large wp-image-10276\" src=\"https:\/\/d2p6e6u75xmxt8.cloudfront.net\/12\/2021\/02\/Windy-1024x469.jpg\" alt=\"Windy\" width=\"1024\" height=\"469\" srcset=\"https:\/\/d2p6e6u75xmxt8.cloudfront.net\/12\/2021\/02\/Windy-1024x469.jpg 1024w, https:\/\/d2p6e6u75xmxt8.cloudfront.net\/12\/2021\/02\/Windy-300x137.jpg 300w, https:\/\/d2p6e6u75xmxt8.cloudfront.net\/12\/2021\/02\/Windy-768x351.jpg 768w, https:\/\/d2p6e6u75xmxt8.cloudfront.net\/12\/2021\/02\/Windy.jpg 1532w\" sizes=\"auto, (max-width: 1024px) 100vw, 1024px\" \/><\/a><\/p>\n<p><em>A Windyt nem csak az\u00e9rt szeretem, mert olyan, mint egy Van Gogh festm\u00e9ny.<\/em>Ha pedig meg szeretn\u00e9d osztani valakivel, hogy \u00e9pp merre j\u00e1rsz, a Neveralone-t aj\u00e1nlom.<\/p>\n<p>Minden j\u00f3 utaz\u00e1s tervez\u00e9ssel kezd\u0151dik. \u00c9lvezd a folyamatot!<\/p>\n","protected":false},"excerpt":{"rendered":"<p>A nosztalgi\u00e1z\u00f3k sz\u00e1m\u00e1ra t\u00f6k\u00e9letes pap\u00edrt\u00e9rk\u00e9pek mellett rengeteg online eszk\u00f6z \u00e1ll rendelkez\u00e9s\u00fcnkre, ha t\u00e1j\u00e9koz\u00f3d\u00e1sr\u00f3l van sz\u00f3. \u00d6sszeszedt\u00fck a kedvenceinket, amik sokat [&hellip;]<\/p>\n","protected":false},"author":71,"featured_media":10278,"comment_status":"closed","ping_status":"closed","sticky":false,"template":"","format":"standard","meta":{"footnotes":""},"categories":[7],"tags":[],"global-categories":[],"class_list":["post-10271","post","type-post","status-publish","format-standard","has-post-thumbnail","hentry","category-trekking-mtb"],"yoast_head":"<!-- This site is optimized with the Yoast SEO Premium plugin v25.3 (Yoast SEO v25.9) - https:\/\/yoast.com\/wordpress\/plugins\/seo\/ -->\n<title>Bikepacking-tippek: \u00datvonaltervez\u00e9s<\/title>\n<meta name=\"description\" content=\"A nosztalgi\u00e1z\u00f3k sz\u00e1m\u00e1ra t\u00f6k\u00e9letes pap\u00edrt\u00e9rk\u00e9pek mellett rengeteg online eszk\u00f6z \u00e1ll rendelkez\u00e9s\u00fcnkre, ha t\u00e1j\u00e9koz\u00f3d\u00e1sr\u00f3l van sz\u00f3. \u00d6sszeszedt\u00fck a kedvenceinket, amik sokat seg\u00edthetnek, ha bikepacking \u00fatvonalat tervezel!\" \/>\n<meta name=\"robots\" content=\"index, follow, max-snippet:-1, max-image-preview:large, max-video-preview:-1\" \/>\n<link rel=\"canonical\" href=\"https:\/\/www.welovecycling.com\/hu\/trekking-mtb\/bikepacking-tippek-utvonaltervezes\/\" \/>\n<meta property=\"og:locale\" content=\"hu_HU\" \/>\n<meta property=\"og:type\" content=\"article\" \/>\n<meta property=\"og:title\" content=\"Bikepacking-tippek: \u00datvonaltervez\u00e9s\" \/>\n<meta property=\"og:description\" content=\"A nosztalgi\u00e1z\u00f3k sz\u00e1m\u00e1ra t\u00f6k\u00e9letes pap\u00edrt\u00e9rk\u00e9pek mellett rengeteg online eszk\u00f6z \u00e1ll rendelkez\u00e9s\u00fcnkre, ha t\u00e1j\u00e9koz\u00f3d\u00e1sr\u00f3l van sz\u00f3. \u00d6sszeszedt\u00fck a kedvenceinket, amik sokat seg\u00edthetnek, ha bikepacking \u00fatvonalat tervezel!\" \/>\n<meta property=\"og:url\" content=\"https:\/\/www.welovecycling.com\/hu\/trekking-mtb\/bikepacking-tippek-utvonaltervezes\/\" \/>\n<meta property=\"og:site_name\" content=\"\u0160koda We Love Cycling - Magyarorsz\u00e1g\" \/>\n<meta property=\"article:publisher\" content=\"https:\/\/www.facebook.com\/WeLoveCyclingHungary\/\" \/>\n<meta property=\"article:published_time\" content=\"2021-03-05T07:00:14+00:00\" \/>\n<meta property=\"og:image\" content=\"https:\/\/d2p6e6u75xmxt8.cloudfront.net\/12\/2021\/02\/Bikepacking-hammock-profimedia-0425426483-CVR-1.jpg\" \/>\n\t<meta property=\"og:image:width\" content=\"1366\" \/>\n\t<meta property=\"og:image:height\" content=\"600\" \/>\n\t<meta property=\"og:image:type\" content=\"image\/jpeg\" \/>\n<meta name=\"author\" content=\"hegyizs\" \/>\n<meta name=\"twitter:card\" content=\"summary_large_image\" \/>\n<meta name=\"twitter:label1\" content=\"Written by\" \/>\n\t<meta name=\"twitter:data1\" content=\"Filippo Mari\" \/>\n\t<meta name=\"twitter:label2\" content=\"Est. reading time\" \/>\n\t<meta name=\"twitter:data2\" content=\"7\" \/>\n<script type=\"application\/ld+json\" class=\"yoast-schema-graph\">{\"@context\":\"https:\/\/schema.org\",\"@graph\":[{\"@type\":\"WebPage\",\"@id\":\"https:\/\/www.welovecycling.com\/hu\/trekking-mtb\/bikepacking-tippek-utvonaltervezes\/\",\"url\":\"https:\/\/www.welovecycling.com\/hu\/trekking-mtb\/bikepacking-tippek-utvonaltervezes\/\",\"name\":\"Bikepacking-tippek: \u00datvonaltervez\u00e9s\",\"isPartOf\":{\"@id\":\"https:\/\/www.welovecycling.com\/hu\/#website\"},\"primaryImageOfPage\":{\"@id\":\"https:\/\/www.welovecycling.com\/hu\/trekking-mtb\/bikepacking-tippek-utvonaltervezes\/#primaryimage\"},\"image\":{\"@id\":\"https:\/\/www.welovecycling.com\/hu\/trekking-mtb\/bikepacking-tippek-utvonaltervezes\/#primaryimage\"},\"thumbnailUrl\":\"https:\/\/d2p6e6u75xmxt8.cloudfront.net\/12\/2021\/02\/Bikepacking-hammock-profimedia-0425426483-CVR-1.jpg\",\"datePublished\":\"2021-03-05T07:00:14+00:00\",\"author\":{\"@id\":\"https:\/\/www.welovecycling.com\/hu\/#\/schema\/person\/414a2aebf1801691a5320edb6468e194\"},\"description\":\"A nosztalgi\u00e1z\u00f3k sz\u00e1m\u00e1ra t\u00f6k\u00e9letes pap\u00edrt\u00e9rk\u00e9pek mellett rengeteg online eszk\u00f6z \u00e1ll rendelkez\u00e9s\u00fcnkre, ha t\u00e1j\u00e9koz\u00f3d\u00e1sr\u00f3l van sz\u00f3. \u00d6sszeszedt\u00fck a kedvenceinket, amik sokat seg\u00edthetnek, ha bikepacking \u00fatvonalat tervezel!\",\"breadcrumb\":{\"@id\":\"https:\/\/www.welovecycling.com\/hu\/trekking-mtb\/bikepacking-tippek-utvonaltervezes\/#breadcrumb\"},\"inLanguage\":\"hu\",\"potentialAction\":[{\"@type\":\"ReadAction\",\"target\":[\"https:\/\/www.welovecycling.com\/hu\/trekking-mtb\/bikepacking-tippek-utvonaltervezes\/\"]}]},{\"@type\":\"ImageObject\",\"inLanguage\":\"hu\",\"@id\":\"https:\/\/www.welovecycling.com\/hu\/trekking-mtb\/bikepacking-tippek-utvonaltervezes\/#primaryimage\",\"url\":\"https:\/\/d2p6e6u75xmxt8.cloudfront.net\/12\/2021\/02\/Bikepacking-hammock-profimedia-0425426483-CVR-1.jpg\",\"contentUrl\":\"https:\/\/d2p6e6u75xmxt8.cloudfront.net\/12\/2021\/02\/Bikepacking-hammock-profimedia-0425426483-CVR-1.jpg\",\"width\":1366,\"height\":600,\"caption\":\"Bikepacking\"},{\"@type\":\"BreadcrumbList\",\"@id\":\"https:\/\/www.welovecycling.com\/hu\/trekking-mtb\/bikepacking-tippek-utvonaltervezes\/#breadcrumb\",\"itemListElement\":[{\"@type\":\"ListItem\",\"position\":1,\"name\":\"Home\",\"item\":\"https:\/\/www.welovecycling.com\/hu\/\"},{\"@type\":\"ListItem\",\"position\":2,\"name\":\"Bikepacking-tippek: \u00datvonaltervez\u00e9s\"}]},{\"@type\":\"WebSite\",\"@id\":\"https:\/\/www.welovecycling.com\/hu\/#website\",\"url\":\"https:\/\/www.welovecycling.com\/hu\/\",\"name\":\"\u0160koda We Love Cycling - Magyarorsz\u00e1g\",\"description\":\"\u0160koda WeLoveCycling\",\"potentialAction\":[{\"@type\":\"SearchAction\",\"target\":{\"@type\":\"EntryPoint\",\"urlTemplate\":\"https:\/\/www.welovecycling.com\/hu\/?s={search_term_string}\"},\"query-input\":{\"@type\":\"PropertyValueSpecification\",\"valueRequired\":true,\"valueName\":\"search_term_string\"}}],\"inLanguage\":\"hu\"},{\"@type\":\"Person\",\"@id\":\"https:\/\/www.welovecycling.com\/hu\/#\/schema\/person\/414a2aebf1801691a5320edb6468e194\",\"name\":\"hegyizs\",\"image\":{\"@type\":\"ImageObject\",\"inLanguage\":\"hu\",\"@id\":\"https:\/\/www.welovecycling.com\/hu\/#\/schema\/person\/image\/\",\"url\":\"https:\/\/secure.gravatar.com\/avatar\/02cf8a7906b8cf90cecb4679defac7cfd33a1c2e3b88e4903d947f3bb58eedd3?s=96&d=mm&r=g\",\"contentUrl\":\"https:\/\/secure.gravatar.com\/avatar\/02cf8a7906b8cf90cecb4679defac7cfd33a1c2e3b88e4903d947f3bb58eedd3?s=96&d=mm&r=g\",\"caption\":\"hegyizs\"},\"url\":\"https:\/\/www.welovecycling.com\/hu\/author\/hegyizs\/\"}]}<\/script>\n<!-- \/ Yoast SEO Premium plugin. -->","yoast_head_json":{"title":"Bikepacking-tippek: \u00datvonaltervez\u00e9s","description":"A nosztalgi\u00e1z\u00f3k sz\u00e1m\u00e1ra t\u00f6k\u00e9letes pap\u00edrt\u00e9rk\u00e9pek mellett rengeteg online eszk\u00f6z \u00e1ll rendelkez\u00e9s\u00fcnkre, ha t\u00e1j\u00e9koz\u00f3d\u00e1sr\u00f3l van sz\u00f3. \u00d6sszeszedt\u00fck a kedvenceinket, amik sokat seg\u00edthetnek, ha bikepacking \u00fatvonalat tervezel!","robots":{"index":"index","follow":"follow","max-snippet":"max-snippet:-1","max-image-preview":"max-image-preview:large","max-video-preview":"max-video-preview:-1"},"canonical":"https:\/\/www.welovecycling.com\/hu\/trekking-mtb\/bikepacking-tippek-utvonaltervezes\/","og_locale":"hu_HU","og_type":"article","og_title":"Bikepacking-tippek: \u00datvonaltervez\u00e9s","og_description":"A nosztalgi\u00e1z\u00f3k sz\u00e1m\u00e1ra t\u00f6k\u00e9letes pap\u00edrt\u00e9rk\u00e9pek mellett rengeteg online eszk\u00f6z \u00e1ll rendelkez\u00e9s\u00fcnkre, ha t\u00e1j\u00e9koz\u00f3d\u00e1sr\u00f3l van sz\u00f3. \u00d6sszeszedt\u00fck a kedvenceinket, amik sokat seg\u00edthetnek, ha bikepacking \u00fatvonalat tervezel!","og_url":"https:\/\/www.welovecycling.com\/hu\/trekking-mtb\/bikepacking-tippek-utvonaltervezes\/","og_site_name":"\u0160koda We Love Cycling - Magyarorsz\u00e1g","article_publisher":"https:\/\/www.facebook.com\/WeLoveCyclingHungary\/","article_published_time":"2021-03-05T07:00:14+00:00","og_image":[{"width":1366,"height":600,"url":"https:\/\/d2p6e6u75xmxt8.cloudfront.net\/12\/2021\/02\/Bikepacking-hammock-profimedia-0425426483-CVR-1.jpg","type":"image\/jpeg"}],"author":"hegyizs","twitter_card":"summary_large_image","twitter_misc":{"Written by":"Filippo Mari","Est. reading time":"7"},"schema":{"@context":"https:\/\/schema.org","@graph":[{"@type":"WebPage","@id":"https:\/\/www.welovecycling.com\/hu\/trekking-mtb\/bikepacking-tippek-utvonaltervezes\/","url":"https:\/\/www.welovecycling.com\/hu\/trekking-mtb\/bikepacking-tippek-utvonaltervezes\/","name":"Bikepacking-tippek: \u00datvonaltervez\u00e9s","isPartOf":{"@id":"https:\/\/www.welovecycling.com\/hu\/#website"},"primaryImageOfPage":{"@id":"https:\/\/www.welovecycling.com\/hu\/trekking-mtb\/bikepacking-tippek-utvonaltervezes\/#primaryimage"},"image":{"@id":"https:\/\/www.welovecycling.com\/hu\/trekking-mtb\/bikepacking-tippek-utvonaltervezes\/#primaryimage"},"thumbnailUrl":"https:\/\/d2p6e6u75xmxt8.cloudfront.net\/12\/2021\/02\/Bikepacking-hammock-profimedia-0425426483-CVR-1.jpg","datePublished":"2021-03-05T07:00:14+00:00","author":{"@id":"https:\/\/www.welovecycling.com\/hu\/#\/schema\/person\/414a2aebf1801691a5320edb6468e194"},"description":"A nosztalgi\u00e1z\u00f3k sz\u00e1m\u00e1ra t\u00f6k\u00e9letes pap\u00edrt\u00e9rk\u00e9pek mellett rengeteg online eszk\u00f6z \u00e1ll rendelkez\u00e9s\u00fcnkre, ha t\u00e1j\u00e9koz\u00f3d\u00e1sr\u00f3l van sz\u00f3. \u00d6sszeszedt\u00fck a kedvenceinket, amik sokat seg\u00edthetnek, ha bikepacking \u00fatvonalat tervezel!","breadcrumb":{"@id":"https:\/\/www.welovecycling.com\/hu\/trekking-mtb\/bikepacking-tippek-utvonaltervezes\/#breadcrumb"},"inLanguage":"hu","potentialAction":[{"@type":"ReadAction","target":["https:\/\/www.welovecycling.com\/hu\/trekking-mtb\/bikepacking-tippek-utvonaltervezes\/"]}]},{"@type":"ImageObject","inLanguage":"hu","@id":"https:\/\/www.welovecycling.com\/hu\/trekking-mtb\/bikepacking-tippek-utvonaltervezes\/#primaryimage","url":"https:\/\/d2p6e6u75xmxt8.cloudfront.net\/12\/2021\/02\/Bikepacking-hammock-profimedia-0425426483-CVR-1.jpg","contentUrl":"https:\/\/d2p6e6u75xmxt8.cloudfront.net\/12\/2021\/02\/Bikepacking-hammock-profimedia-0425426483-CVR-1.jpg","width":1366,"height":600,"caption":"Bikepacking"},{"@type":"BreadcrumbList","@id":"https:\/\/www.welovecycling.com\/hu\/trekking-mtb\/bikepacking-tippek-utvonaltervezes\/#breadcrumb","itemListElement":[{"@type":"ListItem","position":1,"name":"Home","item":"https:\/\/www.welovecycling.com\/hu\/"},{"@type":"ListItem","position":2,"name":"Bikepacking-tippek: \u00datvonaltervez\u00e9s"}]},{"@type":"WebSite","@id":"https:\/\/www.welovecycling.com\/hu\/#website","url":"https:\/\/www.welovecycling.com\/hu\/","name":"\u0160koda We Love Cycling - Magyarorsz\u00e1g","description":"\u0160koda WeLoveCycling","potentialAction":[{"@type":"SearchAction","target":{"@type":"EntryPoint","urlTemplate":"https:\/\/www.welovecycling.com\/hu\/?s={search_term_string}"},"query-input":{"@type":"PropertyValueSpecification","valueRequired":true,"valueName":"search_term_string"}}],"inLanguage":"hu"},{"@type":"Person","@id":"https:\/\/www.welovecycling.com\/hu\/#\/schema\/person\/414a2aebf1801691a5320edb6468e194","name":"hegyizs","image":{"@type":"ImageObject","inLanguage":"hu","@id":"https:\/\/www.welovecycling.com\/hu\/#\/schema\/person\/image\/","url":"https:\/\/secure.gravatar.com\/avatar\/02cf8a7906b8cf90cecb4679defac7cfd33a1c2e3b88e4903d947f3bb58eedd3?s=96&d=mm&r=g","contentUrl":"https:\/\/secure.gravatar.com\/avatar\/02cf8a7906b8cf90cecb4679defac7cfd33a1c2e3b88e4903d947f3bb58eedd3?s=96&d=mm&r=g","caption":"hegyizs"},"url":"https:\/\/www.welovecycling.com\/hu\/author\/hegyizs\/"}]}},"_links":{"self":[{"href":"https:\/\/www.welovecycling.com\/hu\/wp-json\/wp\/v2\/posts\/10271","targetHints":{"allow":["GET"]}}],"collection":[{"href":"https:\/\/www.welovecycling.com\/hu\/wp-json\/wp\/v2\/posts"}],"about":[{"href":"https:\/\/www.welovecycling.com\/hu\/wp-json\/wp\/v2\/types\/post"}],"author":[{"embeddable":true,"href":"https:\/\/www.welovecycling.com\/hu\/wp-json\/wp\/v2\/users\/71"}],"replies":[{"embeddable":true,"href":"https:\/\/www.welovecycling.com\/hu\/wp-json\/wp\/v2\/comments?post=10271"}],"version-history":[{"count":2,"href":"https:\/\/www.welovecycling.com\/hu\/wp-json\/wp\/v2\/posts\/10271\/revisions"}],"predecessor-version":[{"id":10290,"href":"https:\/\/www.welovecycling.com\/hu\/wp-json\/wp\/v2\/posts\/10271\/revisions\/10290"}],"wp:featuredmedia":[{"embeddable":true,"href":"https:\/\/www.welovecycling.com\/hu\/wp-json\/wp\/v2\/media\/10278"}],"wp:attachment":[{"href":"https:\/\/www.welovecycling.com\/hu\/wp-json\/wp\/v2\/media?parent=10271"}],"wp:term":[{"taxonomy":"category","embeddable":true,"href":"https:\/\/www.welovecycling.com\/hu\/wp-json\/wp\/v2\/categories?post=10271"},{"taxonomy":"post_tag","embeddable":true,"href":"https:\/\/www.welovecycling.com\/hu\/wp-json\/wp\/v2\/tags?post=10271"},{"taxonomy":"global-categories","embeddable":true,"href":"https:\/\/www.welovecycling.com\/hu\/wp-json\/wp\/v2\/global-categories?post=10271"}],"curies":[{"name":"wp","href":"https:\/\/api.w.org\/{rel}","templated":true}]}}