{"id":10238,"date":"2021-02-22T16:23:18","date_gmt":"2021-02-22T15:23:18","guid":{"rendered":"https:\/\/www.welovecycling.com\/hu\/?p=10238"},"modified":"2022-02-03T13:03:41","modified_gmt":"2022-02-03T11:03:41","slug":"rovid-szegmens-kemeny-maszas-bur-zsolt-utvonala","status":"publish","type":"post","link":"https:\/\/www.welovecycling.com\/hu\/honap-utvonala\/rovid-szegmens-kemeny-maszas-bur-zsolt-utvonala\/","title":{"rendered":"R\u00f6vid szegmens, kem\u00e9ny m\u00e1sz\u00e1s &#8211; B\u00far Zsolt \u00fatvonala"},"content":{"rendered":"<p><strong>Rengeteg ker\u00e9kp\u00e1ros \u00fat, t\u00fara\u00fatvonal, bringap\u00e1lya \u00e9s felfedezetlen \u00f6sv\u00e9ny keresztezi az vil\u00e1got, amiket minden biciklisnek l\u00e1tnia kell! Az\u00e9rt vagyunk k\u00f6z\u00f6ss\u00e9g, hogy megosszuk egym\u00e1ssal tapasztalatainkat, seg\u00edts\u00fcnk m\u00e1soknak \u00faj helyeket felfedezni \u00e9s \u00faj \u00e9lm\u00e9nyekkel er\u0151s\u00edts\u00fck k\u00f6z\u00f6s szenved\u00e9ly\u00fcnk \u00f6sszetart\u00f3 erej\u00e9t. Ez\u00e9rt ind\u00edtottuk el a H\u00f3nap \u00fatvonala sorozatunkat, mely sor\u00e1n b\u00e1rki megoszthatja saj\u00e1t \u00e9lm\u00e9nyeit, hogy m\u00e1sok is \u00e1t\u00e9lhess\u00e9k \u0151ket! Ahogy ezt B\u00far Zsolt is tette.<\/strong><!--more--><\/p>\n<p>A n\u00e9gyszeres magyar cyclocross bajnokot nem tartja vissza a hideg. Egyik kedvenc Strava-szegmens\u00e9t k\u00fcldte el nek\u00fcnk, mely Budapest hat\u00e1r\u00e1ban tal\u00e1lhat\u00f3, \u00e9s mind\u00f6ssze h\u00e1rom kilom\u00e9teres. K\u00f6nny\u0171nek t\u0171nik? Nem az.<\/p>\n<p><img loading=\"lazy\" decoding=\"async\" class=\"aligncenter size-full wp-image-10434\" src=\"https:\/\/d2p6e6u75xmxt8.cloudfront.net\/12\/2021\/02\/Screenshot_2.png\" alt=\"\" width=\"1081\" height=\"541\" srcset=\"https:\/\/d2p6e6u75xmxt8.cloudfront.net\/12\/2021\/02\/Screenshot_2.png 1081w, https:\/\/d2p6e6u75xmxt8.cloudfront.net\/12\/2021\/02\/Screenshot_2-300x150.png 300w, https:\/\/d2p6e6u75xmxt8.cloudfront.net\/12\/2021\/02\/Screenshot_2-1024x512.png 1024w, https:\/\/d2p6e6u75xmxt8.cloudfront.net\/12\/2021\/02\/Screenshot_2-768x384.png 768w\" sizes=\"auto, (max-width: 1081px) 100vw, 1081px\" \/><\/p>\n<p>Az Irh\u00e1s \u00e1rok \u2013 KFKI szegmens a nagyon kezd\u0151knek egy neh\u00e9z \u00fatvonal, de nem teljes\u00edthetetlen. A rendszeresen edz\u0151 embereknek egy j\u00f3 kih\u00edv\u00e1s, Zsolt sz\u00e1m\u00e1ra pedig egy edz\u0151terep, ami f\u0151leg r\u00e9szt\u00e1vos edz\u00e9sekre alkalmas.<br \/>\n<a href=\"https:\/\/www.strava.com\/segments\/9076225?fbclid=IwAR3tNHx7Sp8FPaQ2RkfXZfF7sXF9p8Rg2tAzmlM4Y2_vxnBDIrrI63E3Jws\" target=\"_blank\" rel=\"noopener\">A Strava-\u00fatvonalat itt \u00e9red el.<\/a><\/p>\n<p><img loading=\"lazy\" decoding=\"async\" class=\"aligncenter size-large wp-image-1882\" src=\"https:\/\/d2p6e6u75xmxt8.cloudfront.net\/12\/2018\/10\/BJP_3715-1024x682.jpg\" alt=\"\" width=\"1024\" height=\"682\" srcset=\"https:\/\/d2p6e6u75xmxt8.cloudfront.net\/12\/2018\/10\/BJP_3715-1024x682.jpg 1024w, https:\/\/d2p6e6u75xmxt8.cloudfront.net\/12\/2018\/10\/BJP_3715-300x200.jpg 300w, https:\/\/d2p6e6u75xmxt8.cloudfront.net\/12\/2018\/10\/BJP_3715-768x512.jpg 768w, https:\/\/d2p6e6u75xmxt8.cloudfront.net\/12\/2018\/10\/BJP_3715-1920x1280.jpg 1920w, https:\/\/d2p6e6u75xmxt8.cloudfront.net\/12\/2018\/10\/BJP_3715-272x182.jpg 272w, https:\/\/d2p6e6u75xmxt8.cloudfront.net\/12\/2018\/10\/BJP_3715.jpg 2000w, https:\/\/d2p6e6u75xmxt8.cloudfront.net\/12\/2018\/10\/BJP_3715-1920x1280.jpg 1920w\" sizes=\"auto, (max-width: 1024px) 100vw, 1024px\" \/><\/p>\n<p>A folyamatos mozg\u00e1s mellett Zsolt gyerekeknek tart edz\u00e9seket, ez a feladat sz\u00e1m\u00e1ra a legfontosabb. Emellett ny\u00e1ron monti-versenyeken szeretne indulni, augusztusban pedig az Eur\u00f3pai Bajnoks\u00e1g els\u0151 helye a c\u00e9l! Rem\u00e9lhet\u0151leg \u0151sszel beindul a cyclocross-szezon \u00e9s nemzetk\u00f6zi versenyeken is indulhat majd.<\/p>\n<p>A cyclocross nem a legismertebb ker\u00e9kp\u00e1ros szak\u00e1g, eg\u00e9szen k\u00fcl\u00f6nleges kih\u00edv\u00e1sokkal van tele. R\u00f6vid, de nagyon intenz\u00edv edz\u00e9sekkel lehet felk\u00e9sz\u00fclni a megpr\u00f3b\u00e1ltat\u00e1sokra, de a p\u00e1lya sokszor v\u00e1ratlan meglepet\u00e9sekkel is megnehez\u00edti a versenyz\u0151k dolg\u00e1t. \u00c9s h\u00e1t nem is a legtiszt\u00e1bb sport\u2026<\/p>\n<figure id=\"attachment_10241\" aria-describedby=\"caption-attachment-10241\" style=\"width: 1024px\" class=\"wp-caption aligncenter\"><img loading=\"lazy\" decoding=\"async\" class=\"size-large wp-image-10241\" src=\"https:\/\/d2p6e6u75xmxt8.cloudfront.net\/12\/2021\/02\/cyclocross_orszagos_bajnoksag_2016_031-1024x682.jpg\" alt=\"\" width=\"1024\" height=\"682\" srcset=\"https:\/\/d2p6e6u75xmxt8.cloudfront.net\/12\/2021\/02\/cyclocross_orszagos_bajnoksag_2016_031-1024x682.jpg 1024w, https:\/\/d2p6e6u75xmxt8.cloudfront.net\/12\/2021\/02\/cyclocross_orszagos_bajnoksag_2016_031-300x200.jpg 300w, https:\/\/d2p6e6u75xmxt8.cloudfront.net\/12\/2021\/02\/cyclocross_orszagos_bajnoksag_2016_031-768x511.jpg 768w, https:\/\/d2p6e6u75xmxt8.cloudfront.net\/12\/2021\/02\/cyclocross_orszagos_bajnoksag_2016_031-1536x1022.jpg 1536w, https:\/\/d2p6e6u75xmxt8.cloudfront.net\/12\/2021\/02\/cyclocross_orszagos_bajnoksag_2016_031-272x182.jpg 272w, https:\/\/d2p6e6u75xmxt8.cloudfront.net\/12\/2021\/02\/cyclocross_orszagos_bajnoksag_2016_031.jpg 1600w\" sizes=\"auto, (max-width: 1024px) 100vw, 1024px\" \/><figcaption id=\"caption-attachment-10241\" class=\"wp-caption-text\">Fot\u00f3: Vanik Zolt\u00e1n<\/figcaption><\/figure>\n<p>Ha \u00fagy d\u00f6ntesz, hogy te is kipr\u00f3b\u00e1lod a szegmenst, k\u00f6vesd a tan\u00e1csait \u00e9s mindenekel\u0151tt \u00f6lt\u00f6zz fel az id\u0151j\u00e1r\u00e1snak megfelel\u0151en! Ahogy Zsolt is kiemelte: a mack\u00f3 nadr\u00e1g \u00e9s a polar pulcsi nem a legjobb v\u00e1laszt\u00e1s. Szerezz be specifikus ker\u00e9kp\u00e1ros-ruh\u00e1kat a hideg id\u0151kre is!<\/p>\n<p>Amire m\u00e9g figyelned kell, ha t\u00e9len vagy kora tavasszal indulsz \u00fatnak, az az energiap\u00f3tl\u00e1s. Mivel t\u00f6bb energi\u00e1t haszn\u00e1lunk fel a test\u00fcnk melegen tart\u00e1s\u00e1ra, hamarabb \u00e9hesek lesz\u00fcnk. Vigy\u00e9l magaddal elegend\u0151 \u00e9telt \u00e9s ne felejts el hidrat\u00e1lni!<\/p>\n<h3><strong>Legyen a tied a k\u00f6vetkez\u0151 H\u00f3nap \u00fatvonala!<\/strong><\/h3>\n<p><em>Ha te is szeretn\u00e9d megosztani kedvenc \u00fatvonalaidat bring\u00e1s k\u00f6z\u00f6ss\u00e9g\u00fcnkkel, k\u00e9sz\u00edts fot\u00f3kat, \u00e9s k\u00fcldj el nek\u00fcnk egy besz\u00e1mol\u00f3t a t\u00far\u00e1r\u00f3l, illetve a legfontosabb tudnival\u00f3kr\u00f3l a <\/em><a href=\"https:\/\/www.welovecycling.com\/hu\/honap-utvonala\/honap-utvonala-szeptember-zelenij-linda-kedvenc-dh-palyaja\/welovecycling@skoda.hu\"><em>welovecycling@skoda.hu<\/em><\/a><em>\u00a0e-mail c\u00edmre! <\/em> <em>A r\u00e9szletekr\u0151l <a href=\"https:\/\/www.welovecycling.com\/hu\/honap-utvonala\/legyen-a-te-kedvenc-bringautad-a-honap-utvonala\/\">itt olvashatsz.<\/a><\/em><\/p>\n","protected":false},"excerpt":{"rendered":"<p>Rengeteg ker\u00e9kp\u00e1ros \u00fat, t\u00fara\u00fatvonal, bringap\u00e1lya \u00e9s felfedezetlen \u00f6sv\u00e9ny keresztezi az vil\u00e1got, amiket minden biciklisnek l\u00e1tnia kell! Az\u00e9rt vagyunk k\u00f6z\u00f6ss\u00e9g, hogy [&hellip;]<\/p>\n","protected":false},"author":71,"featured_media":10239,"comment_status":"open","ping_status":"open","sticky":false,"template":"","format":"video","meta":{"footnotes":""},"categories":[461],"tags":[],"global-categories":[419],"class_list":["post-10238","post","type-post","status-publish","format-video","has-post-thumbnail","hentry","category-honap-utvonala","post_format-post-format-video","global-categories-cycling"],"yoast_head":"<!-- This site is optimized with the Yoast SEO Premium plugin v25.3 (Yoast SEO v25.9) - https:\/\/yoast.com\/wordpress\/plugins\/seo\/ -->\n<title>R\u00f6vid szegmens, kem\u00e9ny m\u00e1sz\u00e1s - B\u00far Zsolt \u00fatvonala - \u0160koda We Love Cycling - Magyarorsz\u00e1g<\/title>\n<meta name=\"description\" content=\"Rengeteg ker\u00e9kp\u00e1ros \u00fat, t\u00fara\u00fatvonal, bringap\u00e1lya \u00e9s felfedezetlen \u00f6sv\u00e9ny keresztezi az vil\u00e1got, amiket minden biciklisnek l\u00e1tnia kell! Az\u00e9rt vagyunk k\u00f6z\u00f6ss\u00e9g, hogy megosszuk egym\u00e1ssal tapasztalatainkat, seg\u00edts\u00fcnk m\u00e1soknak \u00faj helyeket felfedezni \u00e9s \u00faj \u00e9lm\u00e9nyekkel er\u0151s\u00edts\u00fck k\u00f6z\u00f6s szenved\u00e9ly\u00fcnk \u00f6sszetart\u00f3 erej\u00e9t. Ez\u00e9rt ind\u00edtottuk el a H\u00f3nap \u00fatvonala sorozatunkat, mely sor\u00e1n b\u00e1rki megoszthatja saj\u00e1t \u00e9lm\u00e9nyeit, hogy m\u00e1sok is \u00e1t\u00e9lhess\u00e9k \u0151ket! Ahogy ezt B\u00far Zsolt is tette.\" \/>\n<meta name=\"robots\" content=\"index, follow, max-snippet:-1, max-image-preview:large, max-video-preview:-1\" \/>\n<link rel=\"canonical\" href=\"https:\/\/www.welovecycling.com\/hu\/honap-utvonala\/rovid-szegmens-kemeny-maszas-bur-zsolt-utvonala\/\" \/>\n<meta property=\"og:locale\" content=\"hu_HU\" \/>\n<meta property=\"og:type\" content=\"article\" \/>\n<meta property=\"og:title\" content=\"R\u00f6vid szegmens, kem\u00e9ny m\u00e1sz\u00e1s - B\u00far Zsolt \u00fatvonala\" \/>\n<meta property=\"og:description\" content=\"Rengeteg ker\u00e9kp\u00e1ros \u00fat, t\u00fara\u00fatvonal, bringap\u00e1lya \u00e9s felfedezetlen \u00f6sv\u00e9ny keresztezi az vil\u00e1got, amiket minden biciklisnek l\u00e1tnia kell! Az\u00e9rt vagyunk k\u00f6z\u00f6ss\u00e9g, hogy megosszuk egym\u00e1ssal tapasztalatainkat, seg\u00edts\u00fcnk m\u00e1soknak \u00faj helyeket felfedezni \u00e9s \u00faj \u00e9lm\u00e9nyekkel er\u0151s\u00edts\u00fck k\u00f6z\u00f6s szenved\u00e9ly\u00fcnk \u00f6sszetart\u00f3 erej\u00e9t. Ez\u00e9rt ind\u00edtottuk el a H\u00f3nap \u00fatvonala sorozatunkat, mely sor\u00e1n b\u00e1rki megoszthatja saj\u00e1t \u00e9lm\u00e9nyeit, hogy m\u00e1sok is \u00e1t\u00e9lhess\u00e9k \u0151ket! Ahogy ezt B\u00far Zsolt is tette.\" \/>\n<meta property=\"og:url\" content=\"https:\/\/www.welovecycling.com\/hu\/honap-utvonala\/rovid-szegmens-kemeny-maszas-bur-zsolt-utvonala\/\" \/>\n<meta property=\"og:site_name\" content=\"\u0160koda We Love Cycling - Magyarorsz\u00e1g\" \/>\n<meta property=\"article:publisher\" content=\"https:\/\/www.facebook.com\/WeLoveCyclingHungary\/\" \/>\n<meta property=\"article:published_time\" content=\"2021-02-22T15:23:18+00:00\" \/>\n<meta property=\"article:modified_time\" content=\"2022-02-03T11:03:41+00:00\" \/>\n<meta property=\"og:image\" content=\"https:\/\/d2p6e6u75xmxt8.cloudfront.net\/12\/2021\/02\/honap_utconala_cikk_cover-bur_zsolt.jpg\" \/>\n\t<meta property=\"og:image:width\" content=\"1380\" \/>\n\t<meta property=\"og:image:height\" content=\"600\" \/>\n\t<meta property=\"og:image:type\" content=\"image\/jpeg\" \/>\n<meta name=\"author\" content=\"hegyizs\" \/>\n<meta name=\"twitter:card\" content=\"summary_large_image\" \/>\n<meta name=\"twitter:label1\" content=\"Written by\" \/>\n\t<meta name=\"twitter:data1\" content=\"WLC\" \/>\n\t<meta name=\"twitter:label2\" content=\"Est. reading time\" \/>\n\t<meta name=\"twitter:data2\" content=\"2 minutes\" \/>\n<script type=\"application\/ld+json\" class=\"yoast-schema-graph\">{\"@context\":\"https:\/\/schema.org\",\"@graph\":[{\"@type\":\"WebPage\",\"@id\":\"https:\/\/www.welovecycling.com\/hu\/honap-utvonala\/rovid-szegmens-kemeny-maszas-bur-zsolt-utvonala\/\",\"url\":\"https:\/\/www.welovecycling.com\/hu\/honap-utvonala\/rovid-szegmens-kemeny-maszas-bur-zsolt-utvonala\/\",\"name\":\"R\u00f6vid szegmens, kem\u00e9ny m\u00e1sz\u00e1s - B\u00far Zsolt \u00fatvonala - \u0160koda We Love Cycling - Magyarorsz\u00e1g\",\"isPartOf\":{\"@id\":\"https:\/\/www.welovecycling.com\/hu\/#website\"},\"primaryImageOfPage\":{\"@id\":\"https:\/\/www.welovecycling.com\/hu\/honap-utvonala\/rovid-szegmens-kemeny-maszas-bur-zsolt-utvonala\/#primaryimage\"},\"image\":{\"@id\":\"https:\/\/www.welovecycling.com\/hu\/honap-utvonala\/rovid-szegmens-kemeny-maszas-bur-zsolt-utvonala\/#primaryimage\"},\"thumbnailUrl\":\"https:\/\/d2p6e6u75xmxt8.cloudfront.net\/12\/2021\/02\/honap_utconala_cikk_cover-bur_zsolt.jpg\",\"datePublished\":\"2021-02-22T15:23:18+00:00\",\"dateModified\":\"2022-02-03T11:03:41+00:00\",\"author\":{\"@id\":\"https:\/\/www.welovecycling.com\/hu\/#\/schema\/person\/414a2aebf1801691a5320edb6468e194\"},\"description\":\"Rengeteg ker\u00e9kp\u00e1ros \u00fat, t\u00fara\u00fatvonal, bringap\u00e1lya \u00e9s felfedezetlen \u00f6sv\u00e9ny keresztezi az vil\u00e1got, amiket minden biciklisnek l\u00e1tnia kell! Az\u00e9rt vagyunk k\u00f6z\u00f6ss\u00e9g, hogy megosszuk egym\u00e1ssal tapasztalatainkat, seg\u00edts\u00fcnk m\u00e1soknak \u00faj helyeket felfedezni \u00e9s \u00faj \u00e9lm\u00e9nyekkel er\u0151s\u00edts\u00fck k\u00f6z\u00f6s szenved\u00e9ly\u00fcnk \u00f6sszetart\u00f3 erej\u00e9t. Ez\u00e9rt ind\u00edtottuk el a H\u00f3nap \u00fatvonala sorozatunkat, mely sor\u00e1n b\u00e1rki megoszthatja saj\u00e1t \u00e9lm\u00e9nyeit, hogy m\u00e1sok is \u00e1t\u00e9lhess\u00e9k \u0151ket! Ahogy ezt B\u00far Zsolt is tette.\",\"breadcrumb\":{\"@id\":\"https:\/\/www.welovecycling.com\/hu\/honap-utvonala\/rovid-szegmens-kemeny-maszas-bur-zsolt-utvonala\/#breadcrumb\"},\"inLanguage\":\"hu\",\"potentialAction\":[{\"@type\":\"ReadAction\",\"target\":[\"https:\/\/www.welovecycling.com\/hu\/honap-utvonala\/rovid-szegmens-kemeny-maszas-bur-zsolt-utvonala\/\"]}]},{\"@type\":\"ImageObject\",\"inLanguage\":\"hu\",\"@id\":\"https:\/\/www.welovecycling.com\/hu\/honap-utvonala\/rovid-szegmens-kemeny-maszas-bur-zsolt-utvonala\/#primaryimage\",\"url\":\"https:\/\/d2p6e6u75xmxt8.cloudfront.net\/12\/2021\/02\/honap_utconala_cikk_cover-bur_zsolt.jpg\",\"contentUrl\":\"https:\/\/d2p6e6u75xmxt8.cloudfront.net\/12\/2021\/02\/honap_utconala_cikk_cover-bur_zsolt.jpg\",\"width\":1380,\"height\":600},{\"@type\":\"BreadcrumbList\",\"@id\":\"https:\/\/www.welovecycling.com\/hu\/honap-utvonala\/rovid-szegmens-kemeny-maszas-bur-zsolt-utvonala\/#breadcrumb\",\"itemListElement\":[{\"@type\":\"ListItem\",\"position\":1,\"name\":\"Home\",\"item\":\"https:\/\/www.welovecycling.com\/hu\/\"},{\"@type\":\"ListItem\",\"position\":2,\"name\":\"R\u00f6vid szegmens, kem\u00e9ny m\u00e1sz\u00e1s &#8211; B\u00far Zsolt \u00fatvonala\"}]},{\"@type\":\"WebSite\",\"@id\":\"https:\/\/www.welovecycling.com\/hu\/#website\",\"url\":\"https:\/\/www.welovecycling.com\/hu\/\",\"name\":\"\u0160koda We Love Cycling - Magyarorsz\u00e1g\",\"description\":\"\u0160koda WeLoveCycling\",\"potentialAction\":[{\"@type\":\"SearchAction\",\"target\":{\"@type\":\"EntryPoint\",\"urlTemplate\":\"https:\/\/www.welovecycling.com\/hu\/?s={search_term_string}\"},\"query-input\":{\"@type\":\"PropertyValueSpecification\",\"valueRequired\":true,\"valueName\":\"search_term_string\"}}],\"inLanguage\":\"hu\"},{\"@type\":\"Person\",\"@id\":\"https:\/\/www.welovecycling.com\/hu\/#\/schema\/person\/414a2aebf1801691a5320edb6468e194\",\"name\":\"hegyizs\",\"image\":{\"@type\":\"ImageObject\",\"inLanguage\":\"hu\",\"@id\":\"https:\/\/www.welovecycling.com\/hu\/#\/schema\/person\/image\/\",\"url\":\"https:\/\/secure.gravatar.com\/avatar\/02cf8a7906b8cf90cecb4679defac7cfd33a1c2e3b88e4903d947f3bb58eedd3?s=96&d=mm&r=g\",\"contentUrl\":\"https:\/\/secure.gravatar.com\/avatar\/02cf8a7906b8cf90cecb4679defac7cfd33a1c2e3b88e4903d947f3bb58eedd3?s=96&d=mm&r=g\",\"caption\":\"hegyizs\"},\"url\":\"https:\/\/www.welovecycling.com\/hu\/author\/hegyizs\/\"}]}<\/script>\n<!-- \/ Yoast SEO Premium plugin. -->","yoast_head_json":{"title":"R\u00f6vid szegmens, kem\u00e9ny m\u00e1sz\u00e1s - B\u00far Zsolt \u00fatvonala - \u0160koda We Love Cycling - Magyarorsz\u00e1g","description":"Rengeteg ker\u00e9kp\u00e1ros \u00fat, t\u00fara\u00fatvonal, bringap\u00e1lya \u00e9s felfedezetlen \u00f6sv\u00e9ny keresztezi az vil\u00e1got, amiket minden biciklisnek l\u00e1tnia kell! Az\u00e9rt vagyunk k\u00f6z\u00f6ss\u00e9g, hogy megosszuk egym\u00e1ssal tapasztalatainkat, seg\u00edts\u00fcnk m\u00e1soknak \u00faj helyeket felfedezni \u00e9s \u00faj \u00e9lm\u00e9nyekkel er\u0151s\u00edts\u00fck k\u00f6z\u00f6s szenved\u00e9ly\u00fcnk \u00f6sszetart\u00f3 erej\u00e9t. Ez\u00e9rt ind\u00edtottuk el a H\u00f3nap \u00fatvonala sorozatunkat, mely sor\u00e1n b\u00e1rki megoszthatja saj\u00e1t \u00e9lm\u00e9nyeit, hogy m\u00e1sok is \u00e1t\u00e9lhess\u00e9k \u0151ket! Ahogy ezt B\u00far Zsolt is tette.","robots":{"index":"index","follow":"follow","max-snippet":"max-snippet:-1","max-image-preview":"max-image-preview:large","max-video-preview":"max-video-preview:-1"},"canonical":"https:\/\/www.welovecycling.com\/hu\/honap-utvonala\/rovid-szegmens-kemeny-maszas-bur-zsolt-utvonala\/","og_locale":"hu_HU","og_type":"article","og_title":"R\u00f6vid szegmens, kem\u00e9ny m\u00e1sz\u00e1s - B\u00far Zsolt \u00fatvonala","og_description":"Rengeteg ker\u00e9kp\u00e1ros \u00fat, t\u00fara\u00fatvonal, bringap\u00e1lya \u00e9s felfedezetlen \u00f6sv\u00e9ny keresztezi az vil\u00e1got, amiket minden biciklisnek l\u00e1tnia kell! Az\u00e9rt vagyunk k\u00f6z\u00f6ss\u00e9g, hogy megosszuk egym\u00e1ssal tapasztalatainkat, seg\u00edts\u00fcnk m\u00e1soknak \u00faj helyeket felfedezni \u00e9s \u00faj \u00e9lm\u00e9nyekkel er\u0151s\u00edts\u00fck k\u00f6z\u00f6s szenved\u00e9ly\u00fcnk \u00f6sszetart\u00f3 erej\u00e9t. Ez\u00e9rt ind\u00edtottuk el a H\u00f3nap \u00fatvonala sorozatunkat, mely sor\u00e1n b\u00e1rki megoszthatja saj\u00e1t \u00e9lm\u00e9nyeit, hogy m\u00e1sok is \u00e1t\u00e9lhess\u00e9k \u0151ket! Ahogy ezt B\u00far Zsolt is tette.","og_url":"https:\/\/www.welovecycling.com\/hu\/honap-utvonala\/rovid-szegmens-kemeny-maszas-bur-zsolt-utvonala\/","og_site_name":"\u0160koda We Love Cycling - Magyarorsz\u00e1g","article_publisher":"https:\/\/www.facebook.com\/WeLoveCyclingHungary\/","article_published_time":"2021-02-22T15:23:18+00:00","article_modified_time":"2022-02-03T11:03:41+00:00","og_image":[{"width":1380,"height":600,"url":"https:\/\/d2p6e6u75xmxt8.cloudfront.net\/12\/2021\/02\/honap_utconala_cikk_cover-bur_zsolt.jpg","type":"image\/jpeg"}],"author":"hegyizs","twitter_card":"summary_large_image","twitter_misc":{"Written by":"WLC","Est. reading time":"2 minutes"},"schema":{"@context":"https:\/\/schema.org","@graph":[{"@type":"WebPage","@id":"https:\/\/www.welovecycling.com\/hu\/honap-utvonala\/rovid-szegmens-kemeny-maszas-bur-zsolt-utvonala\/","url":"https:\/\/www.welovecycling.com\/hu\/honap-utvonala\/rovid-szegmens-kemeny-maszas-bur-zsolt-utvonala\/","name":"R\u00f6vid szegmens, kem\u00e9ny m\u00e1sz\u00e1s - B\u00far Zsolt \u00fatvonala - \u0160koda We Love Cycling - Magyarorsz\u00e1g","isPartOf":{"@id":"https:\/\/www.welovecycling.com\/hu\/#website"},"primaryImageOfPage":{"@id":"https:\/\/www.welovecycling.com\/hu\/honap-utvonala\/rovid-szegmens-kemeny-maszas-bur-zsolt-utvonala\/#primaryimage"},"image":{"@id":"https:\/\/www.welovecycling.com\/hu\/honap-utvonala\/rovid-szegmens-kemeny-maszas-bur-zsolt-utvonala\/#primaryimage"},"thumbnailUrl":"https:\/\/d2p6e6u75xmxt8.cloudfront.net\/12\/2021\/02\/honap_utconala_cikk_cover-bur_zsolt.jpg","datePublished":"2021-02-22T15:23:18+00:00","dateModified":"2022-02-03T11:03:41+00:00","author":{"@id":"https:\/\/www.welovecycling.com\/hu\/#\/schema\/person\/414a2aebf1801691a5320edb6468e194"},"description":"Rengeteg ker\u00e9kp\u00e1ros \u00fat, t\u00fara\u00fatvonal, bringap\u00e1lya \u00e9s felfedezetlen \u00f6sv\u00e9ny keresztezi az vil\u00e1got, amiket minden biciklisnek l\u00e1tnia kell! Az\u00e9rt vagyunk k\u00f6z\u00f6ss\u00e9g, hogy megosszuk egym\u00e1ssal tapasztalatainkat, seg\u00edts\u00fcnk m\u00e1soknak \u00faj helyeket felfedezni \u00e9s \u00faj \u00e9lm\u00e9nyekkel er\u0151s\u00edts\u00fck k\u00f6z\u00f6s szenved\u00e9ly\u00fcnk \u00f6sszetart\u00f3 erej\u00e9t. Ez\u00e9rt ind\u00edtottuk el a H\u00f3nap \u00fatvonala sorozatunkat, mely sor\u00e1n b\u00e1rki megoszthatja saj\u00e1t \u00e9lm\u00e9nyeit, hogy m\u00e1sok is \u00e1t\u00e9lhess\u00e9k \u0151ket! Ahogy ezt B\u00far Zsolt is tette.","breadcrumb":{"@id":"https:\/\/www.welovecycling.com\/hu\/honap-utvonala\/rovid-szegmens-kemeny-maszas-bur-zsolt-utvonala\/#breadcrumb"},"inLanguage":"hu","potentialAction":[{"@type":"ReadAction","target":["https:\/\/www.welovecycling.com\/hu\/honap-utvonala\/rovid-szegmens-kemeny-maszas-bur-zsolt-utvonala\/"]}]},{"@type":"ImageObject","inLanguage":"hu","@id":"https:\/\/www.welovecycling.com\/hu\/honap-utvonala\/rovid-szegmens-kemeny-maszas-bur-zsolt-utvonala\/#primaryimage","url":"https:\/\/d2p6e6u75xmxt8.cloudfront.net\/12\/2021\/02\/honap_utconala_cikk_cover-bur_zsolt.jpg","contentUrl":"https:\/\/d2p6e6u75xmxt8.cloudfront.net\/12\/2021\/02\/honap_utconala_cikk_cover-bur_zsolt.jpg","width":1380,"height":600},{"@type":"BreadcrumbList","@id":"https:\/\/www.welovecycling.com\/hu\/honap-utvonala\/rovid-szegmens-kemeny-maszas-bur-zsolt-utvonala\/#breadcrumb","itemListElement":[{"@type":"ListItem","position":1,"name":"Home","item":"https:\/\/www.welovecycling.com\/hu\/"},{"@type":"ListItem","position":2,"name":"R\u00f6vid szegmens, kem\u00e9ny m\u00e1sz\u00e1s &#8211; B\u00far Zsolt \u00fatvonala"}]},{"@type":"WebSite","@id":"https:\/\/www.welovecycling.com\/hu\/#website","url":"https:\/\/www.welovecycling.com\/hu\/","name":"\u0160koda We Love Cycling - Magyarorsz\u00e1g","description":"\u0160koda WeLoveCycling","potentialAction":[{"@type":"SearchAction","target":{"@type":"EntryPoint","urlTemplate":"https:\/\/www.welovecycling.com\/hu\/?s={search_term_string}"},"query-input":{"@type":"PropertyValueSpecification","valueRequired":true,"valueName":"search_term_string"}}],"inLanguage":"hu"},{"@type":"Person","@id":"https:\/\/www.welovecycling.com\/hu\/#\/schema\/person\/414a2aebf1801691a5320edb6468e194","name":"hegyizs","image":{"@type":"ImageObject","inLanguage":"hu","@id":"https:\/\/www.welovecycling.com\/hu\/#\/schema\/person\/image\/","url":"https:\/\/secure.gravatar.com\/avatar\/02cf8a7906b8cf90cecb4679defac7cfd33a1c2e3b88e4903d947f3bb58eedd3?s=96&d=mm&r=g","contentUrl":"https:\/\/secure.gravatar.com\/avatar\/02cf8a7906b8cf90cecb4679defac7cfd33a1c2e3b88e4903d947f3bb58eedd3?s=96&d=mm&r=g","caption":"hegyizs"},"url":"https:\/\/www.welovecycling.com\/hu\/author\/hegyizs\/"}]}},"_links":{"self":[{"href":"https:\/\/www.welovecycling.com\/hu\/wp-json\/wp\/v2\/posts\/10238","targetHints":{"allow":["GET"]}}],"collection":[{"href":"https:\/\/www.welovecycling.com\/hu\/wp-json\/wp\/v2\/posts"}],"about":[{"href":"https:\/\/www.welovecycling.com\/hu\/wp-json\/wp\/v2\/types\/post"}],"author":[{"embeddable":true,"href":"https:\/\/www.welovecycling.com\/hu\/wp-json\/wp\/v2\/users\/71"}],"replies":[{"embeddable":true,"href":"https:\/\/www.welovecycling.com\/hu\/wp-json\/wp\/v2\/comments?post=10238"}],"version-history":[{"count":2,"href":"https:\/\/www.welovecycling.com\/hu\/wp-json\/wp\/v2\/posts\/10238\/revisions"}],"predecessor-version":[{"id":13534,"href":"https:\/\/www.welovecycling.com\/hu\/wp-json\/wp\/v2\/posts\/10238\/revisions\/13534"}],"wp:featuredmedia":[{"embeddable":true,"href":"https:\/\/www.welovecycling.com\/hu\/wp-json\/wp\/v2\/media\/10239"}],"wp:attachment":[{"href":"https:\/\/www.welovecycling.com\/hu\/wp-json\/wp\/v2\/media?parent=10238"}],"wp:term":[{"taxonomy":"category","embeddable":true,"href":"https:\/\/www.welovecycling.com\/hu\/wp-json\/wp\/v2\/categories?post=10238"},{"taxonomy":"post_tag","embeddable":true,"href":"https:\/\/www.welovecycling.com\/hu\/wp-json\/wp\/v2\/tags?post=10238"},{"taxonomy":"global-categories","embeddable":true,"href":"https:\/\/www.welovecycling.com\/hu\/wp-json\/wp\/v2\/global-categories?post=10238"}],"curies":[{"name":"wp","href":"https:\/\/api.w.org\/{rel}","templated":true}]}}