{"id":10220,"date":"2021-02-24T08:00:34","date_gmt":"2021-02-24T07:00:34","guid":{"rendered":"https:\/\/www.welovecycling.com\/hu\/?p=10220"},"modified":"2021-02-19T13:49:08","modified_gmt":"2021-02-19T12:49:08","slug":"toby-henderson-az-e-t-ben-szereplo-bmx-nagy-hatassal-volt-a-sportra","status":"publish","type":"post","link":"https:\/\/www.welovecycling.com\/hu\/adrenalin\/toby-henderson-az-e-t-ben-szereplo-bmx-nagy-hatassal-volt-a-sportra\/","title":{"rendered":"Toby Henderson: Az E.T.-ben szerepl\u0151 BMX nagy hat\u00e1ssal volt a sportra"},"content":{"rendered":"<p><strong>Nem t\u00falz\u00e1s kijelenteni, hogy Toby Henderson egy legenda. Az 1978-as BMX versennyel kor\u00e1nak h\u0151se lett. Fot\u00f3i, amiken hihetetlen tr\u00fckk\u00f6ket mutat be, a legbefoly\u00e1sosabb BMX magazinok c\u00edmlapjain szerepeltek, poszterei rengeteg gyerek fal\u00e1n d\u00edszelegnek. Amikor az MTB komoly sport\u00e1gg\u00e1 n\u0151tte ki mag\u00e1t, Toby a BMX-r\u0151l a mountain bike-ra v\u00e1ltott. 1994-ben az American Bicycle Association beiktatta az BMX H\u00edress\u00e9gek Csarnok\u00e1ba.<\/strong><\/p>\n<p><!--more--><\/p>\n<p>Toby Henderson nyugd\u00edjba vonul\u00e1sa ut\u00e1n sem tette f\u00e9lre szenved\u00e9ly\u00e9t: megalap\u00edtotta a Box Components v\u00e1llalatot, ami jelenleg a Shimano \u00e9s a SRAM c\u00e9gekkel versenyez. Toby beleegyezett, hogy megv\u00e1laszolja a We Love Cycling n\u00e9h\u00e1ny k\u00e9rd\u00e9s\u00e9t &#8211; \u00edme!<\/p>\n<p><strong>T\u00f6bb mint 20 \u00e9vig versenyezt\u00e9l. Ez a tapasztalat seg\u00edtett az \u00fczleti \u00e9letben is? \u00dagy \u00e9rtem, kem\u00e9ny, fegyelmezett fick\u00f3nak kell lenned ahhoz, hogy profi sportol\u00f3v\u00e1 \u00e9s v\u00e1llalkoz\u00f3v\u00e1 v\u00e1lj&#8230;<\/strong><\/p>\n<p>A versenyz\u00e9ssel szerzett tapasztalataim seg\u00edtettek abban, hogy ki\u00e9ljem a term\u00e9kfejleszt\u00e9s ir\u00e1nti szenved\u00e9lyemet. Olyan term\u00e9ket szerettem volna \u00e9letre kelteni, ami nekem nem lehetett versenyz\u0151k\u00e9nt. A versenyz\u00e9s \u00e9s a v\u00e1llalkoz\u00f3i l\u00e9t kett\u0151ss\u00e9ge nagy kih\u00edv\u00e1st jelentett.<\/p>\n<p><strong>1984-ben profi BMX versenyz\u0151 volt\u00e1l. Ez volt az az \u00e9v, amikor megjelent Spielberg \u201eE.T. \u2013 A f\u00f6ld\u00f6nk\u00edv\u00fcli\u201d c\u00edm\u0171 kasszasikere, ami hatalmas BMX-m\u00e1ni\u00e1t ind\u00edtott el az eg\u00e9sz vil\u00e1gon. Mit gondolsz err\u0151l?<\/strong><\/p>\n<p>Eleinte butas\u00e1gnak tal\u00e1ltam, de k\u00e9s\u0151bb r\u00e1j\u00f6ttem, mekkora hat\u00e1sa volt a sport vil\u00e1g\u00e1ra. Most, 40 \u00e9vvel k\u00e9s\u0151bb, olyan rajong\u00f3kat l\u00e1tunk, akik BMX p\u00e1ly\u00e1ra viszik gyermekeiket \u00e9s \/ vagy retro t\u00edpus\u00fa BMX ker\u00e9kp\u00e1rokat v\u00e1s\u00e1rolnak, hogy \u00fajra \u00e1t\u00e9lhess\u00e9k ezt az \u00e9lm\u00e9nyt.<\/p>\n<div class=\"embed-controller-wrapper\">\n<blockquote class=\"twitter-tweet\" data-width=\"500\" data-dnt=\"true\">\n<p lang=\"en\" dir=\"ltr\">Toby Henderson was one of the first true international BMX stars and while his bike is cool and all, how about that bitchin&#39; Haro Toyota 4&#215;4?! \ud83d\ude0e <a href=\"https:\/\/twitter.com\/hashtag\/TobyHenderson?src=hash&amp;ref_src=twsrc%5Etfw\">#TobyHenderson<\/a> <a href=\"https:\/\/twitter.com\/hashtag\/BMX?src=hash&amp;ref_src=twsrc%5Etfw\">#BMX<\/a> <a href=\"https:\/\/twitter.com\/hashtag\/BMXLife?src=hash&amp;ref_src=twsrc%5Etfw\">#BMXLife<\/a> <a href=\"https:\/\/twitter.com\/hashtag\/1980s?src=hash&amp;ref_src=twsrc%5Etfw\">#1980s<\/a> <a href=\"https:\/\/twitter.com\/hashtag\/haro?src=hash&amp;ref_src=twsrc%5Etfw\">#haro<\/a> <a href=\"https:\/\/twitter.com\/hashtag\/Toyota?src=hash&amp;ref_src=twsrc%5Etfw\">#Toyota<\/a> <a href=\"https:\/\/twitter.com\/hashtag\/4x4?src=hash&amp;ref_src=twsrc%5Etfw\">#4&#215;4<\/a> <a href=\"https:\/\/twitter.com\/hashtag\/vintage?src=hash&amp;ref_src=twsrc%5Etfw\">#vintage<\/a> <a href=\"https:\/\/twitter.com\/hashtag\/psyne?src=hash&amp;ref_src=twsrc%5Etfw\">#psyne<\/a> <a href=\"https:\/\/twitter.com\/hashtag\/psyneco?src=hash&amp;ref_src=twsrc%5Etfw\">#psyneco<\/a> <a href=\"https:\/\/t.co\/iYREt0dopq\">https:\/\/t.co\/iYREt0dopq<\/a> <a href=\"https:\/\/t.co\/s5pdGGawzl\">pic.twitter.com\/s5pdGGawzl<\/a><\/p>\n<p>&mdash; Psyne (@psyneways) <a href=\"https:\/\/twitter.com\/psyneways\/status\/1266768927356567562?ref_src=twsrc%5Etfw\">May 30, 2020<\/a><\/p><\/blockquote>\n<p><script async data-src=\"https:\/\/platform.twitter.com\/widgets.js\" charset=\"utf-8\"><\/script><\/div>\n<p><strong>Meg tudsz nevezni 5 olyan dolgot, ami gyermekkorod \u00f3ta legink\u00e1bb befoly\u00e1solta a bicikliz\u00e9sben val\u00f3 fejl\u0151d\u00e9sed? Hi\u00e1nyolsz valamit a r\u00e9gi id\u0151kb\u0151l?<\/strong><\/p>\n<p>1. A freestyle BMX sz\u00fclet\u00e9se \u00e9s fejl\u0151d\u00e9se. Ez megv\u00e1ltoztatta a sportol\u00f3k kompenz\u00e1ci\u00f3j\u00e1nak \u00e9s a term\u00e9kek forgalmaz\u00e1s\u00e1nak m\u00f3dj\u00e1t.<\/p>\n<p>2. A versenyz\u00e9s visszaes\u00e9se \u00e9s a freestyle n\u00e9pszer\u0171s\u00e9g\u00e9nek n\u00f6veked\u00e9se. K\u00f6r\u00fclbel\u00fcl 10 \u00e9vig az eg\u00e9sz sport\u00e1g megv\u00e1ltozott emiatt.<\/p>\n<p>3. Az olyan nagy ker\u00e9kp\u00e1ros m\u00e1rk\u00e1k emelked\u00e9se \u00e9s buk\u00e1sa, mint a Trek \u00e9s a Specialized.<\/p>\n<p>4. Az American Bicycle Association (ABA) \u00e9s a National Bicycle League (NBL) megalakul\u00e1sa.<\/p>\n<p>5. Amikor a BMX Racing olimpiai sport\u00e1g lett 2008-ban. B\u00e1r ez nem v\u00e1ltoztatta meg a BMX n\u00e9pszer\u0171s\u00e9g\u00e9t, de a glob\u00e1lis l\u00e1that\u00f3s\u00e1g\u00e1t igen.<\/p>\n<p><strong>M\u00e9rt v\u00e1ltott\u00e1l montira?<\/strong><\/p>\n<p>A BMX n\u00e9pszer\u0171s\u00e9ge hanyatl\u00e1snak indult, p\u00e9nzem sem volt, ez\u00e9rt az aktu\u00e1lis men\u0151 sportot kezdtem \u0171zni: ez pedig a mountain bike volt. 1988-ban kezd\u0151d\u00f6tt a montis karrierem. El\u00e9g brut\u00e1lis volt sz\u00e1momra, mivel v\u00e1ltoztatnom kellett a testemen, hogy t\u00e1vsportol\u00f3v\u00e1 v\u00e1lhassak. Ez 1991-ig tartott, akkor lett n\u00e9pszer\u0171 a downhill. Ehhez a szak\u00e1ghoz t\u00e1vols\u00e1gi edz\u00e9seket \u00e9s a ker\u00e9kp\u00e1rkezel\u00e9ssel kapcsolatos tud\u00e1somat kellett vegy\u00edtenem.<\/p>\n<div class=\"embed-controller-wrapper\">\n<blockquote class=\"twitter-tweet\" data-width=\"500\" data-dnt=\"true\">\n<p lang=\"en\" dir=\"ltr\">My wife at times calls me a pack rat but this makes it all worth it <a href=\"https:\/\/twitter.com\/hashtag\/BMXAction?src=hash&amp;ref_src=twsrc%5Etfw\">#BMXAction<\/a> <a href=\"https:\/\/twitter.com\/hashtag\/TobyHenderson?src=hash&amp;ref_src=twsrc%5Etfw\">#TobyHenderson<\/a> <a href=\"https:\/\/twitter.com\/hashtag\/HutchHi?src=hash&amp;ref_src=twsrc%5Etfw\">#HutchHi<\/a>-Performance <a href=\"http:\/\/t.co\/mTXLiXjH7n\">pic.twitter.com\/mTXLiXjH7n<\/a><\/p>\n<p>&mdash; Bret Van Dyke (@BretVanDyke) <a href=\"https:\/\/twitter.com\/BretVanDyke\/status\/352215256564633600?ref_src=twsrc%5Etfw\">July 3, 2013<\/a><\/p><\/blockquote>\n<p><script async data-src=\"https:\/\/platform.twitter.com\/widgets.js\" charset=\"utf-8\"><\/script><\/div>\n<p><strong>Hogyan tudn\u00e1d \u00f6sszehasonl\u00edtani a mai MTB versenyz\u00e9st a r\u00e9gi id\u0151kkel?<\/strong><\/p>\n<p>Az egyetlen \u00f6sszehasonl\u00edt\u00e1st a felszerel\u00e9ssel \u00e9s a sebess\u00e9ggel kapcsolatban tehetem. A mai biciklik messze t\u00falmutatnak az \u00e9n id\u0151m\u00f6n, olyan sebess\u00e9get \u00e9s mozg\u00e9konys\u00e1got adnak a sportol\u00f3k sz\u00e1m\u00e1ra, amit azel\u0151tt m\u00e9g soha nem l\u00e1ttam.<\/p>\n<p><strong>1994-ben nyert\u00e9l egy DH versenyt a Mammoth hegyen. Ez volt a h\u00edres Kamikaze Eliminator?<\/strong><\/p>\n<p>Igen \u00e9s nem. Megnyertem a Kamikaze-t, de nem nyertem meg az Eliminator-t. Csak egyike voltam a k\u00e9t sportol\u00f3nak, akik minden \u00e9vben beker\u00fcltek az Eliminator utols\u00f3 fordul\u00f3j\u00e1ba.<\/p>\n<div class=\"embed-controller-wrapper\">\n<blockquote class=\"twitter-tweet\" data-width=\"500\" data-dnt=\"true\">\n<p lang=\"en\" dir=\"ltr\">The Duke of Oakley! And Toby Henderson! Judging by the American flag in the Duke\u2019s hand, we\u2019re pretty sure that this photo is from the legendary Bercy race in France. SE Worldwide! <a href=\"https:\/\/twitter.com\/hashtag\/seracing?src=hash&amp;ref_src=twsrc%5Etfw\">#seracing<\/a> <a href=\"https:\/\/twitter.com\/hashtag\/oldschoolbmx?src=hash&amp;ref_src=twsrc%5Etfw\">#oldschoolbmx<\/a> <a href=\"https:\/\/twitter.com\/hashtag\/osbmx?src=hash&amp;ref_src=twsrc%5Etfw\">#osbmx<\/a> <a href=\"https:\/\/twitter.com\/hashtag\/80sbmx?src=hash&amp;ref_src=twsrc%5Etfw\">#80sbmx<\/a> <a href=\"https:\/\/twitter.com\/hashtag\/bmxinnovations?src=hash&amp;ref_src=twsrc%5Etfw\">#bmxinnovations<\/a> <a href=\"https:\/\/twitter.com\/hashtag\/sebikes?src=hash&amp;ref_src=twsrc%5Etfw\">#sebikes<\/a> <a href=\"https:\/\/twitter.com\/hashtag\/bmx?src=hash&amp;ref_src=twsrc%5Etfw\">#bmx<\/a> <a href=\"https:\/\/twitter.com\/hashtag\/vintagebmx?src=hash&amp;ref_src=twsrc%5Etfw\">#vintagebmx<\/a> <a href=\"https:\/\/t.co\/fFWcIPM1Lz\">pic.twitter.com\/fFWcIPM1Lz<\/a><\/p>\n<p>&mdash; SE Bikes (@sebikes) <a href=\"https:\/\/twitter.com\/sebikes\/status\/1250816223044145157?ref_src=twsrc%5Etfw\">April 16, 2020<\/a><\/p><\/blockquote>\n<p><script async data-src=\"https:\/\/platform.twitter.com\/widgets.js\" charset=\"utf-8\"><\/script><\/div>\n<p><strong>A saj\u00e1t c\u00e9g alap\u00edt\u00e1sa el\u0151tt sz\u00e1mos d\u00edjat kapt\u00e1l a ker\u00e9kp\u00e1rterm\u00e9kek fejleszt\u00e9s\u00e9\u00e9rt. Melyikre vagy a legb\u00fcszk\u00e9bb?<\/strong><\/p>\n<p>A \u201eVegas Sisak\u201d -ra voltam a legb\u00fcszk\u00e9bb, miut\u00e1n a Men\u2019s Journalban az \u00e9v term\u00e9kek\u00e9nt \u00edrtak r\u00f3la, de hatalmas sikert aratott az els\u0151 term\u00e9keim, a \u201eThe Fenders\u201d is. Azt hittem, hogy nagyon j\u00f3l ismerem a bicikli\u00fczletet, am\u00edg ez a term\u00e9k egyik napr\u00f3l a m\u00e1sikra el nem vesztette siker\u00e9t. Az\u00f3ta megtanultam fejleszteni a term\u00e9keket \u00e9s a kor\u00e1bbiakhoz k\u00e9pest fenntarthat\u00f3bb\u00e1 tenni \u0151ket. Figyelemrem\u00e9lt\u00f3 siker volt az \u201eIntense\u201d BMX m\u00e1rk\u00e1m is, ami \u00f6tsz\u00f6r nyerte el az \u201e\u00c9v ker\u00e9kp\u00e1rja\u201d d\u00edjat, ami addig m\u00e9g soha \u00e9s a mai napig sem t\u00f6rt\u00e9nt meg egyik term\u00e9kkel sem.<\/p>\n<p><strong>2012-ben megalap\u00edtottad a Box Componentset. M\u00e1r a kezdetekt\u0151l sz\u00e1nd\u00e9kodban \u00e1llt versenyezni mind a Shiman\u00f3val, mind az SRAM-mal?<\/strong><\/p>\n<p>A Box-ot 2012-ben ind\u00edtottam el azzal a sz\u00e1nd\u00e9kkal, hogy BMX alkatr\u00e9szeket fejlesszek, hogy a BMX-k\u00f6z\u00f6ss\u00e9g vezet\u0151j\u00e9v\u00e9 v\u00e1ljak, miel\u0151tt m\u00e1s ter\u00fcletekre l\u00e9pn\u00e9k. \u00dagy d\u00f6nt\u00f6ttem, hogy az MTB term\u00e9kfejleszt\u00e9sn\u00e9l egy r\u00e9sre koncentr\u00e1lok \u00e9s egy tart\u00f3s, megb\u00edzhat\u00f3 hajt\u00e1sl\u00e1nc l\u00e9trehoz\u00e1s\u00e1ra \u00f6sszpontos\u00edtok. Ez volt az eddigi legnagyobb kih\u00edv\u00e1st jelent\u0151 projekt karrierem sor\u00e1n.<\/p>\n<div class=\"embed-controller-wrapper\">\n<blockquote class=\"twitter-tweet\" data-width=\"500\" data-dnt=\"true\">\n<p lang=\"qme\" dir=\"ltr\"><a href=\"https:\/\/twitter.com\/hashtag\/tobyhenderson?src=hash&amp;ref_src=twsrc%5Etfw\">#tobyhenderson<\/a> <a href=\"https:\/\/twitter.com\/hashtag\/teamrampar?src=hash&amp;ref_src=twsrc%5Etfw\">#teamrampar<\/a> <a href=\"https:\/\/twitter.com\/hashtag\/teamraleigh?src=hash&amp;ref_src=twsrc%5Etfw\">#teamraleigh<\/a> <a href=\"https:\/\/twitter.com\/hashtag\/oldschoolbmx?src=hash&amp;ref_src=twsrc%5Etfw\">#oldschoolbmx<\/a> <a href=\"https:\/\/twitter.com\/hashtag\/skywayrecreation?src=hash&amp;ref_src=twsrc%5Etfw\">#skywayrecreation<\/a> <a href=\"https:\/\/t.co\/mg0sP9i678\">pic.twitter.com\/mg0sP9i678<\/a><\/p>\n<p>&mdash; Damien Scully (@ScullyDamien) <a href=\"https:\/\/twitter.com\/ScullyDamien\/status\/984181718792921088?ref_src=twsrc%5Etfw\">April 11, 2018<\/a><\/p><\/blockquote>\n<p><script async data-src=\"https:\/\/platform.twitter.com\/widgets.js\" charset=\"utf-8\"><\/script><\/div>\n<p><strong>Miben k\u00fcl\u00f6nb\u00f6zik a Boksz Components m\u00e1s c\u00e9gekt\u0151l?<\/strong><\/p>\n<p>Abban, hogy egy ker\u00e9kp\u00e1ros tulajdon\u00e1ban van.<\/p>\n<div class=\"embed-controller-wrapper\">\n<blockquote class=\"twitter-tweet\" data-width=\"500\" data-dnt=\"true\">\n<p lang=\"qme\" dir=\"ltr\"><a href=\"https:\/\/twitter.com\/hashtag\/bmx?src=hash&amp;ref_src=twsrc%5Etfw\">#bmx<\/a> <a href=\"https:\/\/twitter.com\/hashtag\/rampar?src=hash&amp;ref_src=twsrc%5Etfw\">#rampar<\/a> <a href=\"https:\/\/twitter.com\/hashtag\/tobyhenderson?src=hash&amp;ref_src=twsrc%5Etfw\">#tobyhenderson<\/a> <a href=\"https:\/\/t.co\/Ivz0rvzQor\">pic.twitter.com\/Ivz0rvzQor<\/a><\/p>\n<p>&mdash; Damien Scully (@ScullyDamien) <a href=\"https:\/\/twitter.com\/ScullyDamien\/status\/906371594192162816?ref_src=twsrc%5Etfw\">September 9, 2017<\/a><\/p><\/blockquote>\n<p><script async data-src=\"https:\/\/platform.twitter.com\/widgets.js\" charset=\"utf-8\"><\/script><\/div>\n<p><strong>M\u00e9g mindig biciklizel? Mennyi id\u0151 marad a sportra a v\u00e1llalat ir\u00e1ny\u00edt\u00e1sa k\u00f6zben?<\/strong><\/p>\n<p>Tavaly beleszerettem az e-biciklikbe. El\u00e9g gyakran tekerek m\u00e9g most is. Az e-ker\u00e9kp\u00e1rral az egyik f\u0151 c\u00e9lom az, hogy feltekerjek a dombokra \u00e9s lesz\u00e1guldjak r\u00f3luk. Arra is van id\u0151m, hogy tandemre \u00fcljek a feles\u00e9gemmel. \u00c9n is a Box els\u0151 sz\u00e1m\u00fa pr\u00f3babab\u00e1i k\u00f6z\u00e9 tartozom. Sz\u00f3val igen, rendszeresen biciklizem.<\/p>\n<p>Nagyon k\u00f6sz\u00f6n\u00f6m az interj\u00fat, Toby Henderson!<\/p>\n","protected":false},"excerpt":{"rendered":"<p>Nem t\u00falz\u00e1s kijelenteni, hogy Toby Henderson egy legenda. Az 1978-as BMX versennyel kor\u00e1nak h\u0151se lett. Fot\u00f3i, amiken hihetetlen tr\u00fckk\u00f6ket mutat [&hellip;]<\/p>\n","protected":false},"author":71,"featured_media":10226,"comment_status":"closed","ping_status":"closed","sticky":false,"template":"","format":"standard","meta":{"footnotes":""},"categories":[5],"tags":[],"global-categories":[],"class_list":["post-10220","post","type-post","status-publish","format-standard","has-post-thumbnail","hentry","category-adrenalin"],"yoast_head":"<!-- This site is optimized with the Yoast SEO Premium plugin v25.3 (Yoast SEO v25.9) - https:\/\/yoast.com\/wordpress\/plugins\/seo\/ -->\n<title>Toby Henderson: Az E.T.-ben szerepl\u0151 BMX nagy hat\u00e1ssal volt a sportra<\/title>\n<meta name=\"description\" content=\"Nem t\u00falz\u00e1s kijelenteni, hogy Toby Henderson egy legenda. Az 1978-as BMX versennyel kor\u00e1nak h\u0151se lett. Fot\u00f3i, amiken hihetetlen tr\u00fckk\u00f6ket mutat be, a legbefoly\u00e1sosabb BMX magazinok c\u00edmlapjain szerepeltek, poszterei rengeteg gyerek fal\u00e1n d\u00edszelegnek.\" \/>\n<meta name=\"robots\" content=\"index, follow, max-snippet:-1, max-image-preview:large, max-video-preview:-1\" \/>\n<link rel=\"canonical\" href=\"https:\/\/www.welovecycling.com\/hu\/adrenalin\/toby-henderson-az-e-t-ben-szereplo-bmx-nagy-hatassal-volt-a-sportra\/\" \/>\n<meta property=\"og:locale\" content=\"hu_HU\" \/>\n<meta property=\"og:type\" content=\"article\" \/>\n<meta property=\"og:title\" content=\"Toby Henderson: Az E.T.-ben szerepl\u0151 BMX nagy hat\u00e1ssal volt a sportra\" \/>\n<meta property=\"og:description\" content=\"Nem t\u00falz\u00e1s kijelenteni, hogy Toby Henderson egy legenda. Az 1978-as BMX versennyel kor\u00e1nak h\u0151se lett. Fot\u00f3i, amiken hihetetlen tr\u00fckk\u00f6ket mutat be, a legbefoly\u00e1sosabb BMX magazinok c\u00edmlapjain szerepeltek, poszterei rengeteg gyerek fal\u00e1n d\u00edszelegnek.\" \/>\n<meta property=\"og:url\" content=\"https:\/\/www.welovecycling.com\/hu\/adrenalin\/toby-henderson-az-e-t-ben-szereplo-bmx-nagy-hatassal-volt-a-sportra\/\" \/>\n<meta property=\"og:site_name\" content=\"\u0160koda We Love Cycling - Magyarorsz\u00e1g\" \/>\n<meta property=\"article:publisher\" content=\"https:\/\/www.facebook.com\/WeLoveCyclingHungary\/\" \/>\n<meta property=\"article:published_time\" content=\"2021-02-24T07:00:34+00:00\" \/>\n<meta property=\"og:image\" content=\"https:\/\/d2p6e6u75xmxt8.cloudfront.net\/12\/2021\/02\/Toby-Henderson-CVR.jpg\" \/>\n\t<meta property=\"og:image:width\" content=\"1366\" \/>\n\t<meta property=\"og:image:height\" content=\"600\" \/>\n\t<meta property=\"og:image:type\" content=\"image\/jpeg\" \/>\n<meta name=\"author\" content=\"hegyizs\" \/>\n<meta name=\"twitter:card\" content=\"summary_large_image\" \/>\n<meta name=\"twitter:label1\" content=\"Written by\" \/>\n\t<meta name=\"twitter:data1\" content=\"Adam Marsal\" \/>\n\t<meta name=\"twitter:label2\" content=\"Est. reading time\" \/>\n\t<meta name=\"twitter:data2\" content=\"6\" \/>\n<script type=\"application\/ld+json\" class=\"yoast-schema-graph\">{\"@context\":\"https:\/\/schema.org\",\"@graph\":[{\"@type\":\"WebPage\",\"@id\":\"https:\/\/www.welovecycling.com\/hu\/adrenalin\/toby-henderson-az-e-t-ben-szereplo-bmx-nagy-hatassal-volt-a-sportra\/\",\"url\":\"https:\/\/www.welovecycling.com\/hu\/adrenalin\/toby-henderson-az-e-t-ben-szereplo-bmx-nagy-hatassal-volt-a-sportra\/\",\"name\":\"Toby Henderson: Az E.T.-ben szerepl\u0151 BMX nagy hat\u00e1ssal volt a sportra\",\"isPartOf\":{\"@id\":\"https:\/\/www.welovecycling.com\/hu\/#website\"},\"primaryImageOfPage\":{\"@id\":\"https:\/\/www.welovecycling.com\/hu\/adrenalin\/toby-henderson-az-e-t-ben-szereplo-bmx-nagy-hatassal-volt-a-sportra\/#primaryimage\"},\"image\":{\"@id\":\"https:\/\/www.welovecycling.com\/hu\/adrenalin\/toby-henderson-az-e-t-ben-szereplo-bmx-nagy-hatassal-volt-a-sportra\/#primaryimage\"},\"thumbnailUrl\":\"https:\/\/d2p6e6u75xmxt8.cloudfront.net\/12\/2021\/02\/Toby-Henderson-CVR.jpg\",\"datePublished\":\"2021-02-24T07:00:34+00:00\",\"author\":{\"@id\":\"https:\/\/www.welovecycling.com\/hu\/#\/schema\/person\/414a2aebf1801691a5320edb6468e194\"},\"description\":\"Nem t\u00falz\u00e1s kijelenteni, hogy Toby Henderson egy legenda. Az 1978-as BMX versennyel kor\u00e1nak h\u0151se lett. Fot\u00f3i, amiken hihetetlen tr\u00fckk\u00f6ket mutat be, a legbefoly\u00e1sosabb BMX magazinok c\u00edmlapjain szerepeltek, poszterei rengeteg gyerek fal\u00e1n d\u00edszelegnek.\",\"breadcrumb\":{\"@id\":\"https:\/\/www.welovecycling.com\/hu\/adrenalin\/toby-henderson-az-e-t-ben-szereplo-bmx-nagy-hatassal-volt-a-sportra\/#breadcrumb\"},\"inLanguage\":\"hu\",\"potentialAction\":[{\"@type\":\"ReadAction\",\"target\":[\"https:\/\/www.welovecycling.com\/hu\/adrenalin\/toby-henderson-az-e-t-ben-szereplo-bmx-nagy-hatassal-volt-a-sportra\/\"]}]},{\"@type\":\"ImageObject\",\"inLanguage\":\"hu\",\"@id\":\"https:\/\/www.welovecycling.com\/hu\/adrenalin\/toby-henderson-az-e-t-ben-szereplo-bmx-nagy-hatassal-volt-a-sportra\/#primaryimage\",\"url\":\"https:\/\/d2p6e6u75xmxt8.cloudfront.net\/12\/2021\/02\/Toby-Henderson-CVR.jpg\",\"contentUrl\":\"https:\/\/d2p6e6u75xmxt8.cloudfront.net\/12\/2021\/02\/Toby-Henderson-CVR.jpg\",\"width\":1366,\"height\":600,\"caption\":\"Toby Henderson\"},{\"@type\":\"BreadcrumbList\",\"@id\":\"https:\/\/www.welovecycling.com\/hu\/adrenalin\/toby-henderson-az-e-t-ben-szereplo-bmx-nagy-hatassal-volt-a-sportra\/#breadcrumb\",\"itemListElement\":[{\"@type\":\"ListItem\",\"position\":1,\"name\":\"Home\",\"item\":\"https:\/\/www.welovecycling.com\/hu\/\"},{\"@type\":\"ListItem\",\"position\":2,\"name\":\"Toby Henderson: Az E.T.-ben szerepl\u0151 BMX nagy hat\u00e1ssal volt a sportra\"}]},{\"@type\":\"WebSite\",\"@id\":\"https:\/\/www.welovecycling.com\/hu\/#website\",\"url\":\"https:\/\/www.welovecycling.com\/hu\/\",\"name\":\"\u0160koda We Love Cycling - Magyarorsz\u00e1g\",\"description\":\"\u0160koda WeLoveCycling\",\"potentialAction\":[{\"@type\":\"SearchAction\",\"target\":{\"@type\":\"EntryPoint\",\"urlTemplate\":\"https:\/\/www.welovecycling.com\/hu\/?s={search_term_string}\"},\"query-input\":{\"@type\":\"PropertyValueSpecification\",\"valueRequired\":true,\"valueName\":\"search_term_string\"}}],\"inLanguage\":\"hu\"},{\"@type\":\"Person\",\"@id\":\"https:\/\/www.welovecycling.com\/hu\/#\/schema\/person\/414a2aebf1801691a5320edb6468e194\",\"name\":\"hegyizs\",\"image\":{\"@type\":\"ImageObject\",\"inLanguage\":\"hu\",\"@id\":\"https:\/\/www.welovecycling.com\/hu\/#\/schema\/person\/image\/\",\"url\":\"https:\/\/secure.gravatar.com\/avatar\/02cf8a7906b8cf90cecb4679defac7cfd33a1c2e3b88e4903d947f3bb58eedd3?s=96&d=mm&r=g\",\"contentUrl\":\"https:\/\/secure.gravatar.com\/avatar\/02cf8a7906b8cf90cecb4679defac7cfd33a1c2e3b88e4903d947f3bb58eedd3?s=96&d=mm&r=g\",\"caption\":\"hegyizs\"},\"url\":\"https:\/\/www.welovecycling.com\/hu\/author\/hegyizs\/\"}]}<\/script>\n<!-- \/ Yoast SEO Premium plugin. -->","yoast_head_json":{"title":"Toby Henderson: Az E.T.-ben szerepl\u0151 BMX nagy hat\u00e1ssal volt a sportra","description":"Nem t\u00falz\u00e1s kijelenteni, hogy Toby Henderson egy legenda. Az 1978-as BMX versennyel kor\u00e1nak h\u0151se lett. Fot\u00f3i, amiken hihetetlen tr\u00fckk\u00f6ket mutat be, a legbefoly\u00e1sosabb BMX magazinok c\u00edmlapjain szerepeltek, poszterei rengeteg gyerek fal\u00e1n d\u00edszelegnek.","robots":{"index":"index","follow":"follow","max-snippet":"max-snippet:-1","max-image-preview":"max-image-preview:large","max-video-preview":"max-video-preview:-1"},"canonical":"https:\/\/www.welovecycling.com\/hu\/adrenalin\/toby-henderson-az-e-t-ben-szereplo-bmx-nagy-hatassal-volt-a-sportra\/","og_locale":"hu_HU","og_type":"article","og_title":"Toby Henderson: Az E.T.-ben szerepl\u0151 BMX nagy hat\u00e1ssal volt a sportra","og_description":"Nem t\u00falz\u00e1s kijelenteni, hogy Toby Henderson egy legenda. Az 1978-as BMX versennyel kor\u00e1nak h\u0151se lett. Fot\u00f3i, amiken hihetetlen tr\u00fckk\u00f6ket mutat be, a legbefoly\u00e1sosabb BMX magazinok c\u00edmlapjain szerepeltek, poszterei rengeteg gyerek fal\u00e1n d\u00edszelegnek.","og_url":"https:\/\/www.welovecycling.com\/hu\/adrenalin\/toby-henderson-az-e-t-ben-szereplo-bmx-nagy-hatassal-volt-a-sportra\/","og_site_name":"\u0160koda We Love Cycling - Magyarorsz\u00e1g","article_publisher":"https:\/\/www.facebook.com\/WeLoveCyclingHungary\/","article_published_time":"2021-02-24T07:00:34+00:00","og_image":[{"width":1366,"height":600,"url":"https:\/\/d2p6e6u75xmxt8.cloudfront.net\/12\/2021\/02\/Toby-Henderson-CVR.jpg","type":"image\/jpeg"}],"author":"hegyizs","twitter_card":"summary_large_image","twitter_misc":{"Written by":"Adam Marsal","Est. reading time":"6"},"schema":{"@context":"https:\/\/schema.org","@graph":[{"@type":"WebPage","@id":"https:\/\/www.welovecycling.com\/hu\/adrenalin\/toby-henderson-az-e-t-ben-szereplo-bmx-nagy-hatassal-volt-a-sportra\/","url":"https:\/\/www.welovecycling.com\/hu\/adrenalin\/toby-henderson-az-e-t-ben-szereplo-bmx-nagy-hatassal-volt-a-sportra\/","name":"Toby Henderson: Az E.T.-ben szerepl\u0151 BMX nagy hat\u00e1ssal volt a sportra","isPartOf":{"@id":"https:\/\/www.welovecycling.com\/hu\/#website"},"primaryImageOfPage":{"@id":"https:\/\/www.welovecycling.com\/hu\/adrenalin\/toby-henderson-az-e-t-ben-szereplo-bmx-nagy-hatassal-volt-a-sportra\/#primaryimage"},"image":{"@id":"https:\/\/www.welovecycling.com\/hu\/adrenalin\/toby-henderson-az-e-t-ben-szereplo-bmx-nagy-hatassal-volt-a-sportra\/#primaryimage"},"thumbnailUrl":"https:\/\/d2p6e6u75xmxt8.cloudfront.net\/12\/2021\/02\/Toby-Henderson-CVR.jpg","datePublished":"2021-02-24T07:00:34+00:00","author":{"@id":"https:\/\/www.welovecycling.com\/hu\/#\/schema\/person\/414a2aebf1801691a5320edb6468e194"},"description":"Nem t\u00falz\u00e1s kijelenteni, hogy Toby Henderson egy legenda. Az 1978-as BMX versennyel kor\u00e1nak h\u0151se lett. Fot\u00f3i, amiken hihetetlen tr\u00fckk\u00f6ket mutat be, a legbefoly\u00e1sosabb BMX magazinok c\u00edmlapjain szerepeltek, poszterei rengeteg gyerek fal\u00e1n d\u00edszelegnek.","breadcrumb":{"@id":"https:\/\/www.welovecycling.com\/hu\/adrenalin\/toby-henderson-az-e-t-ben-szereplo-bmx-nagy-hatassal-volt-a-sportra\/#breadcrumb"},"inLanguage":"hu","potentialAction":[{"@type":"ReadAction","target":["https:\/\/www.welovecycling.com\/hu\/adrenalin\/toby-henderson-az-e-t-ben-szereplo-bmx-nagy-hatassal-volt-a-sportra\/"]}]},{"@type":"ImageObject","inLanguage":"hu","@id":"https:\/\/www.welovecycling.com\/hu\/adrenalin\/toby-henderson-az-e-t-ben-szereplo-bmx-nagy-hatassal-volt-a-sportra\/#primaryimage","url":"https:\/\/d2p6e6u75xmxt8.cloudfront.net\/12\/2021\/02\/Toby-Henderson-CVR.jpg","contentUrl":"https:\/\/d2p6e6u75xmxt8.cloudfront.net\/12\/2021\/02\/Toby-Henderson-CVR.jpg","width":1366,"height":600,"caption":"Toby Henderson"},{"@type":"BreadcrumbList","@id":"https:\/\/www.welovecycling.com\/hu\/adrenalin\/toby-henderson-az-e-t-ben-szereplo-bmx-nagy-hatassal-volt-a-sportra\/#breadcrumb","itemListElement":[{"@type":"ListItem","position":1,"name":"Home","item":"https:\/\/www.welovecycling.com\/hu\/"},{"@type":"ListItem","position":2,"name":"Toby Henderson: Az E.T.-ben szerepl\u0151 BMX nagy hat\u00e1ssal volt a sportra"}]},{"@type":"WebSite","@id":"https:\/\/www.welovecycling.com\/hu\/#website","url":"https:\/\/www.welovecycling.com\/hu\/","name":"\u0160koda We Love Cycling - Magyarorsz\u00e1g","description":"\u0160koda WeLoveCycling","potentialAction":[{"@type":"SearchAction","target":{"@type":"EntryPoint","urlTemplate":"https:\/\/www.welovecycling.com\/hu\/?s={search_term_string}"},"query-input":{"@type":"PropertyValueSpecification","valueRequired":true,"valueName":"search_term_string"}}],"inLanguage":"hu"},{"@type":"Person","@id":"https:\/\/www.welovecycling.com\/hu\/#\/schema\/person\/414a2aebf1801691a5320edb6468e194","name":"hegyizs","image":{"@type":"ImageObject","inLanguage":"hu","@id":"https:\/\/www.welovecycling.com\/hu\/#\/schema\/person\/image\/","url":"https:\/\/secure.gravatar.com\/avatar\/02cf8a7906b8cf90cecb4679defac7cfd33a1c2e3b88e4903d947f3bb58eedd3?s=96&d=mm&r=g","contentUrl":"https:\/\/secure.gravatar.com\/avatar\/02cf8a7906b8cf90cecb4679defac7cfd33a1c2e3b88e4903d947f3bb58eedd3?s=96&d=mm&r=g","caption":"hegyizs"},"url":"https:\/\/www.welovecycling.com\/hu\/author\/hegyizs\/"}]}},"_links":{"self":[{"href":"https:\/\/www.welovecycling.com\/hu\/wp-json\/wp\/v2\/posts\/10220","targetHints":{"allow":["GET"]}}],"collection":[{"href":"https:\/\/www.welovecycling.com\/hu\/wp-json\/wp\/v2\/posts"}],"about":[{"href":"https:\/\/www.welovecycling.com\/hu\/wp-json\/wp\/v2\/types\/post"}],"author":[{"embeddable":true,"href":"https:\/\/www.welovecycling.com\/hu\/wp-json\/wp\/v2\/users\/71"}],"replies":[{"embeddable":true,"href":"https:\/\/www.welovecycling.com\/hu\/wp-json\/wp\/v2\/comments?post=10220"}],"version-history":[{"count":2,"href":"https:\/\/www.welovecycling.com\/hu\/wp-json\/wp\/v2\/posts\/10220\/revisions"}],"predecessor-version":[{"id":10232,"href":"https:\/\/www.welovecycling.com\/hu\/wp-json\/wp\/v2\/posts\/10220\/revisions\/10232"}],"wp:featuredmedia":[{"embeddable":true,"href":"https:\/\/www.welovecycling.com\/hu\/wp-json\/wp\/v2\/media\/10226"}],"wp:attachment":[{"href":"https:\/\/www.welovecycling.com\/hu\/wp-json\/wp\/v2\/media?parent=10220"}],"wp:term":[{"taxonomy":"category","embeddable":true,"href":"https:\/\/www.welovecycling.com\/hu\/wp-json\/wp\/v2\/categories?post=10220"},{"taxonomy":"post_tag","embeddable":true,"href":"https:\/\/www.welovecycling.com\/hu\/wp-json\/wp\/v2\/tags?post=10220"},{"taxonomy":"global-categories","embeddable":true,"href":"https:\/\/www.welovecycling.com\/hu\/wp-json\/wp\/v2\/global-categories?post=10220"}],"curies":[{"name":"wp","href":"https:\/\/api.w.org\/{rel}","templated":true}]}}