{"id":10215,"date":"2021-02-22T08:00:31","date_gmt":"2021-02-22T07:00:31","guid":{"rendered":"https:\/\/www.welovecycling.com\/hu\/?p=10215"},"modified":"2021-02-19T13:47:50","modified_gmt":"2021-02-19T12:47:50","slug":"christian-prudhomme-esszeruen-de-optimistan-all-a-2021-es-versenynaptarhoz","status":"publish","type":"post","link":"https:\/\/www.welovecycling.com\/hu\/orszaguti-kerekpar\/christian-prudhomme-esszeruen-de-optimistan-all-a-2021-es-versenynaptarhoz\/","title":{"rendered":"Christian Prudhomme \u201e\u00e9sszer\u0171en, de optimist\u00e1n\u201d \u00e1ll a 2021-es versenynapt\u00e1rhoz"},"content":{"rendered":"<p><strong>A Tour de France igazgat\u00f3ja \u00fagy v\u00e9li, a biciklis napt\u00e1rban szerepl\u0151 versenyek nagy r\u00e9sze a koronav\u00edrus ellen\u00e9re is meg lesz tartva.<\/strong><\/p>\n<p><!--more--><\/p>\n<p>Volt m\u00e1r n\u00e9h\u00e1ny t\u00f6rl\u00e9si \u00e9s halaszt\u00e1si k\u00eds\u00e9rlet. Az UCI azonban ragaszkodott ahhoz, hogy m\u00e1rciusig ne er\u0151s\u00edtsenek meg semmilyen form\u00e1lis m\u00f3dos\u00edt\u00e1st. A helyzet bizony nem egyszer\u0171, \u00e9s Prudhomme elismerte, hogy a verseny szervez\u0151inek alkalmazkodniuk kell a jelenlegi korl\u00e1toz\u00e1sokhoz. <em>\u201eP\u00e9ld\u00e1ul P\u00e1rizs-Nizza eset\u00e9ben biztos\u00edtanunk kell, hogy a versenyz\u0151k hozz\u00e1f\u00e9rjenek a gyorstesztekhez\u201d-<\/em> nyilatkozta Prudhomme az RTBF-nek.<\/p>\n<figure id=\"attachment_10217\" aria-describedby=\"caption-attachment-10217\" style=\"width: 1024px\" class=\"wp-caption alignnone\"><a href=\"https:\/\/d2p6e6u75xmxt8.cloudfront.net\/2\/2020\/09\/profimedia-0555880677.jpg\"><img loading=\"lazy\" decoding=\"async\" class=\"wp-image-10217 size-large\" src=\"https:\/\/d2p6e6u75xmxt8.cloudfront.net\/12\/2021\/02\/profimedia-0555880677-1024x698.jpg\" alt=\"2020 Tour de France \" width=\"1024\" height=\"698\" srcset=\"https:\/\/d2p6e6u75xmxt8.cloudfront.net\/12\/2021\/02\/profimedia-0555880677-1024x698.jpg 1024w, https:\/\/d2p6e6u75xmxt8.cloudfront.net\/12\/2021\/02\/profimedia-0555880677-300x204.jpg 300w, https:\/\/d2p6e6u75xmxt8.cloudfront.net\/12\/2021\/02\/profimedia-0555880677-768x523.jpg 768w, https:\/\/d2p6e6u75xmxt8.cloudfront.net\/12\/2021\/02\/profimedia-0555880677.jpg 1250w\" sizes=\"auto, (max-width: 1024px) 100vw, 1024px\" \/><\/a><figcaption id=\"caption-attachment-10217\" class=\"wp-caption-text\"><em>M\u00e1rciusig egyik t\u00f6rl\u00e9s vagy m\u00f3dos\u00edt\u00e1s sem lesz hivatalos. \u00a9 Profimedia<\/em><\/figcaption><\/figure>\n<p>Mindent figyelembe v\u00e9ve azonban a Tour igazgat\u00f3ja \u00e9s az AIOCC &#8211; a ker\u00e9kp\u00e1ros versenyszervez\u0151k nemzetk\u00f6zi sz\u00f6vets\u00e9g\u00e9nek eln\u00f6ke optimista.<\/p>\n<p><em>\u201eA helyi hat\u00f3s\u00e1gokkal tartott \u00f6sszes tal\u00e1lkoz\u00f3n mindig kiemelj\u00fck a profi sport saj\u00e1tos jelleg\u00e9t, amely nyilv\u00e1nval\u00f3an a megfelel\u0151 int\u00e9zked\u00e9sek mellett lehet\u0151v\u00e9 teszi a versenyek megtart\u00e1s\u00e1t. Optimista vagyok \u00e9s igyekszem re\u00e1lisan l\u00e1tni a dolgokat. N\u00e9h\u00e1ny h\u00f3nappal ezel\u0151tt m\u00e9g azt hittem, 2021-ben m\u00e1r norm\u00e1lis szezonunk lesz&#8230; Nem \u00edgy lett, de ez nem akad\u00e1lyoz meg minket abban, hogy megrendezz\u00fck a versenyeket, tiszteletben tartva a hat\u00f3s\u00e1gok k\u00e9r\u00e9seit.\u201d<\/em><\/p>\n<div class=\"embed-controller-wrapper\">\n<blockquote class=\"twitter-tweet\" data-width=\"500\" data-dnt=\"true\">\n<p lang=\"en\" dir=\"ltr\">\ud83e\udd29 Here is the official <a href=\"https:\/\/twitter.com\/hashtag\/TDF2021?src=hash&amp;ref_src=twsrc%5Etfw\">#TDF2021<\/a> route!<\/p>\n<p>\ud83e\udd29 Voici le parcours officiel du <a href=\"https:\/\/twitter.com\/hashtag\/TDF2021?src=hash&amp;ref_src=twsrc%5Etfw\">#TDF2021<\/a> ! <a href=\"https:\/\/t.co\/MEoDFc2ph2\">pic.twitter.com\/MEoDFc2ph2<\/a><\/p>\n<p>&mdash; Tour de France\u2122 (@LeTour) <a href=\"https:\/\/twitter.com\/LeTour\/status\/1322985724761853955?ref_src=twsrc%5Etfw\">November 1, 2020<\/a><\/p><\/blockquote>\n<p><script async data-src=\"https:\/\/platform.twitter.com\/widgets.js\" charset=\"utf-8\"><\/script><\/div>\n<p>Mindez pedig a Tour de France-re is vonatkozik. A vil\u00e1g legnagyobb ker\u00e9kp\u00e1ros verseny\u00e9t a tavalyi \u0151szi halaszt\u00e1s ut\u00e1n 2021-ben m\u00e1r \u00fajra ny\u00e1ron rendezik meg. A tervek szerint j\u00fanius 26. \u00e9s j\u00falius 18. k\u00f6z\u00f6tt zajlik majd. M\u00e9g nem d\u0151lt el, hogy lehetnek-e rajta n\u00e9z\u0151k.<\/p>\n<p><em>\u201eRem\u00e9lem, lesznek emberek az \u00fatsz\u00e9len, m\u00e9g akkor is, ha ma m\u00e9g nem lehet ezt megmondani. Rem\u00e9lem, hogy \u00fajra norm\u00e1lis \u00e9let\u00fcnk lesz, \u00e9s a ny\u00e1r elej\u00e9t egyfajta szabadul\u00e1sk\u00e9nt \u00e9lhetj\u00fck meg. Rem\u00e9lj\u00fck, hogy az az \u00fcnnepi l\u00e9gk\u00f6r, ami elengedhetetlen a bicikliversenyeken, k\u00fcl\u00f6n\u00f6sen a Tour-on, \u00fajra lehet olyan felemel\u0151, mint a k\u00f6zelm\u00faltban volt.\u201d<\/em><\/p>\n","protected":false},"excerpt":{"rendered":"<p>A Tour de France igazgat\u00f3ja \u00fagy v\u00e9li, a biciklis napt\u00e1rban szerepl\u0151 versenyek nagy r\u00e9sze a koronav\u00edrus ellen\u00e9re is meg lesz [&hellip;]<\/p>\n","protected":false},"author":71,"featured_media":10219,"comment_status":"closed","ping_status":"closed","sticky":false,"template":"","format":"standard","meta":{"footnotes":""},"categories":[8],"tags":[],"global-categories":[],"class_list":["post-10215","post","type-post","status-publish","format-standard","has-post-thumbnail","hentry","category-orszaguti-kerekpar"],"yoast_head":"<!-- This site is optimized with the Yoast SEO Premium plugin v25.3 (Yoast SEO v25.9) - https:\/\/yoast.com\/wordpress\/plugins\/seo\/ -->\n<title>Christian Prudhomme \u201e\u00e9sszer\u0171en, de optimist\u00e1n\u201d \u00e1ll a 2021-es versenynapt\u00e1rhoz - \u0160koda We Love Cycling - Magyarorsz\u00e1g<\/title>\n<meta name=\"description\" content=\"A Tour de France igazgat\u00f3ja \u00fagy v\u00e9li, a biciklis napt\u00e1rban szerepl\u0151 versenyek nagy r\u00e9sze a koronav\u00edrus ellen\u00e9re is meg lesz tartva.\" \/>\n<meta name=\"robots\" content=\"index, follow, max-snippet:-1, max-image-preview:large, max-video-preview:-1\" \/>\n<link rel=\"canonical\" href=\"https:\/\/www.welovecycling.com\/hu\/orszaguti-kerekpar\/christian-prudhomme-esszeruen-de-optimistan-all-a-2021-es-versenynaptarhoz\/\" \/>\n<meta property=\"og:locale\" content=\"hu_HU\" \/>\n<meta property=\"og:type\" content=\"article\" \/>\n<meta property=\"og:title\" content=\"Christian Prudhomme \u201e\u00e9sszer\u0171en, de optimist\u00e1n\u201d \u00e1ll a 2021-es versenynapt\u00e1rhoz\" \/>\n<meta property=\"og:description\" content=\"A Tour de France igazgat\u00f3ja \u00fagy v\u00e9li, a biciklis napt\u00e1rban szerepl\u0151 versenyek nagy r\u00e9sze a koronav\u00edrus ellen\u00e9re is meg lesz tartva.\" \/>\n<meta property=\"og:url\" content=\"https:\/\/www.welovecycling.com\/hu\/orszaguti-kerekpar\/christian-prudhomme-esszeruen-de-optimistan-all-a-2021-es-versenynaptarhoz\/\" \/>\n<meta property=\"og:site_name\" content=\"\u0160koda We Love Cycling - Magyarorsz\u00e1g\" \/>\n<meta property=\"article:publisher\" content=\"https:\/\/www.facebook.com\/WeLoveCyclingHungary\/\" \/>\n<meta property=\"article:published_time\" content=\"2021-02-22T07:00:31+00:00\" \/>\n<meta property=\"og:image\" content=\"https:\/\/d2p6e6u75xmxt8.cloudfront.net\/12\/2021\/02\/Christian-Prudhomme-profimedia-0558119274-CVR.jpg\" \/>\n\t<meta property=\"og:image:width\" content=\"1366\" \/>\n\t<meta property=\"og:image:height\" content=\"600\" \/>\n\t<meta property=\"og:image:type\" content=\"image\/jpeg\" \/>\n<meta name=\"author\" content=\"hegyizs\" \/>\n<meta name=\"twitter:card\" content=\"summary_large_image\" \/>\n<meta name=\"twitter:label1\" content=\"Written by\" \/>\n\t<meta name=\"twitter:data1\" content=\"Monica Buck\" \/>\n\t<meta name=\"twitter:label2\" content=\"Est. reading time\" \/>\n\t<meta name=\"twitter:data2\" content=\"4\" \/>\n<script type=\"application\/ld+json\" class=\"yoast-schema-graph\">{\"@context\":\"https:\/\/schema.org\",\"@graph\":[{\"@type\":\"WebPage\",\"@id\":\"https:\/\/www.welovecycling.com\/hu\/orszaguti-kerekpar\/christian-prudhomme-esszeruen-de-optimistan-all-a-2021-es-versenynaptarhoz\/\",\"url\":\"https:\/\/www.welovecycling.com\/hu\/orszaguti-kerekpar\/christian-prudhomme-esszeruen-de-optimistan-all-a-2021-es-versenynaptarhoz\/\",\"name\":\"Christian Prudhomme \u201e\u00e9sszer\u0171en, de optimist\u00e1n\u201d \u00e1ll a 2021-es versenynapt\u00e1rhoz - \u0160koda We Love Cycling - Magyarorsz\u00e1g\",\"isPartOf\":{\"@id\":\"https:\/\/www.welovecycling.com\/hu\/#website\"},\"primaryImageOfPage\":{\"@id\":\"https:\/\/www.welovecycling.com\/hu\/orszaguti-kerekpar\/christian-prudhomme-esszeruen-de-optimistan-all-a-2021-es-versenynaptarhoz\/#primaryimage\"},\"image\":{\"@id\":\"https:\/\/www.welovecycling.com\/hu\/orszaguti-kerekpar\/christian-prudhomme-esszeruen-de-optimistan-all-a-2021-es-versenynaptarhoz\/#primaryimage\"},\"thumbnailUrl\":\"https:\/\/d2p6e6u75xmxt8.cloudfront.net\/12\/2021\/02\/Christian-Prudhomme-profimedia-0558119274-CVR.jpg\",\"datePublished\":\"2021-02-22T07:00:31+00:00\",\"author\":{\"@id\":\"https:\/\/www.welovecycling.com\/hu\/#\/schema\/person\/414a2aebf1801691a5320edb6468e194\"},\"description\":\"A Tour de France igazgat\u00f3ja \u00fagy v\u00e9li, a biciklis napt\u00e1rban szerepl\u0151 versenyek nagy r\u00e9sze a koronav\u00edrus ellen\u00e9re is meg lesz tartva.\",\"breadcrumb\":{\"@id\":\"https:\/\/www.welovecycling.com\/hu\/orszaguti-kerekpar\/christian-prudhomme-esszeruen-de-optimistan-all-a-2021-es-versenynaptarhoz\/#breadcrumb\"},\"inLanguage\":\"hu\",\"potentialAction\":[{\"@type\":\"ReadAction\",\"target\":[\"https:\/\/www.welovecycling.com\/hu\/orszaguti-kerekpar\/christian-prudhomme-esszeruen-de-optimistan-all-a-2021-es-versenynaptarhoz\/\"]}]},{\"@type\":\"ImageObject\",\"inLanguage\":\"hu\",\"@id\":\"https:\/\/www.welovecycling.com\/hu\/orszaguti-kerekpar\/christian-prudhomme-esszeruen-de-optimistan-all-a-2021-es-versenynaptarhoz\/#primaryimage\",\"url\":\"https:\/\/d2p6e6u75xmxt8.cloudfront.net\/12\/2021\/02\/Christian-Prudhomme-profimedia-0558119274-CVR.jpg\",\"contentUrl\":\"https:\/\/d2p6e6u75xmxt8.cloudfront.net\/12\/2021\/02\/Christian-Prudhomme-profimedia-0558119274-CVR.jpg\",\"width\":1366,\"height\":600,\"caption\":\"Christian Prudhomme\"},{\"@type\":\"BreadcrumbList\",\"@id\":\"https:\/\/www.welovecycling.com\/hu\/orszaguti-kerekpar\/christian-prudhomme-esszeruen-de-optimistan-all-a-2021-es-versenynaptarhoz\/#breadcrumb\",\"itemListElement\":[{\"@type\":\"ListItem\",\"position\":1,\"name\":\"Home\",\"item\":\"https:\/\/www.welovecycling.com\/hu\/\"},{\"@type\":\"ListItem\",\"position\":2,\"name\":\"Christian Prudhomme \u201e\u00e9sszer\u0171en, de optimist\u00e1n\u201d \u00e1ll a 2021-es versenynapt\u00e1rhoz\"}]},{\"@type\":\"WebSite\",\"@id\":\"https:\/\/www.welovecycling.com\/hu\/#website\",\"url\":\"https:\/\/www.welovecycling.com\/hu\/\",\"name\":\"\u0160koda We Love Cycling - Magyarorsz\u00e1g\",\"description\":\"\u0160koda WeLoveCycling\",\"potentialAction\":[{\"@type\":\"SearchAction\",\"target\":{\"@type\":\"EntryPoint\",\"urlTemplate\":\"https:\/\/www.welovecycling.com\/hu\/?s={search_term_string}\"},\"query-input\":{\"@type\":\"PropertyValueSpecification\",\"valueRequired\":true,\"valueName\":\"search_term_string\"}}],\"inLanguage\":\"hu\"},{\"@type\":\"Person\",\"@id\":\"https:\/\/www.welovecycling.com\/hu\/#\/schema\/person\/414a2aebf1801691a5320edb6468e194\",\"name\":\"hegyizs\",\"image\":{\"@type\":\"ImageObject\",\"inLanguage\":\"hu\",\"@id\":\"https:\/\/www.welovecycling.com\/hu\/#\/schema\/person\/image\/\",\"url\":\"https:\/\/secure.gravatar.com\/avatar\/02cf8a7906b8cf90cecb4679defac7cfd33a1c2e3b88e4903d947f3bb58eedd3?s=96&d=mm&r=g\",\"contentUrl\":\"https:\/\/secure.gravatar.com\/avatar\/02cf8a7906b8cf90cecb4679defac7cfd33a1c2e3b88e4903d947f3bb58eedd3?s=96&d=mm&r=g\",\"caption\":\"hegyizs\"},\"url\":\"https:\/\/www.welovecycling.com\/hu\/author\/hegyizs\/\"}]}<\/script>\n<!-- \/ Yoast SEO Premium plugin. -->","yoast_head_json":{"title":"Christian Prudhomme \u201e\u00e9sszer\u0171en, de optimist\u00e1n\u201d \u00e1ll a 2021-es versenynapt\u00e1rhoz - \u0160koda We Love Cycling - Magyarorsz\u00e1g","description":"A Tour de France igazgat\u00f3ja \u00fagy v\u00e9li, a biciklis napt\u00e1rban szerepl\u0151 versenyek nagy r\u00e9sze a koronav\u00edrus ellen\u00e9re is meg lesz tartva.","robots":{"index":"index","follow":"follow","max-snippet":"max-snippet:-1","max-image-preview":"max-image-preview:large","max-video-preview":"max-video-preview:-1"},"canonical":"https:\/\/www.welovecycling.com\/hu\/orszaguti-kerekpar\/christian-prudhomme-esszeruen-de-optimistan-all-a-2021-es-versenynaptarhoz\/","og_locale":"hu_HU","og_type":"article","og_title":"Christian Prudhomme \u201e\u00e9sszer\u0171en, de optimist\u00e1n\u201d \u00e1ll a 2021-es versenynapt\u00e1rhoz","og_description":"A Tour de France igazgat\u00f3ja \u00fagy v\u00e9li, a biciklis napt\u00e1rban szerepl\u0151 versenyek nagy r\u00e9sze a koronav\u00edrus ellen\u00e9re is meg lesz tartva.","og_url":"https:\/\/www.welovecycling.com\/hu\/orszaguti-kerekpar\/christian-prudhomme-esszeruen-de-optimistan-all-a-2021-es-versenynaptarhoz\/","og_site_name":"\u0160koda We Love Cycling - Magyarorsz\u00e1g","article_publisher":"https:\/\/www.facebook.com\/WeLoveCyclingHungary\/","article_published_time":"2021-02-22T07:00:31+00:00","og_image":[{"width":1366,"height":600,"url":"https:\/\/d2p6e6u75xmxt8.cloudfront.net\/12\/2021\/02\/Christian-Prudhomme-profimedia-0558119274-CVR.jpg","type":"image\/jpeg"}],"author":"hegyizs","twitter_card":"summary_large_image","twitter_misc":{"Written by":"Monica Buck","Est. reading time":"4"},"schema":{"@context":"https:\/\/schema.org","@graph":[{"@type":"WebPage","@id":"https:\/\/www.welovecycling.com\/hu\/orszaguti-kerekpar\/christian-prudhomme-esszeruen-de-optimistan-all-a-2021-es-versenynaptarhoz\/","url":"https:\/\/www.welovecycling.com\/hu\/orszaguti-kerekpar\/christian-prudhomme-esszeruen-de-optimistan-all-a-2021-es-versenynaptarhoz\/","name":"Christian Prudhomme \u201e\u00e9sszer\u0171en, de optimist\u00e1n\u201d \u00e1ll a 2021-es versenynapt\u00e1rhoz - \u0160koda We Love Cycling - Magyarorsz\u00e1g","isPartOf":{"@id":"https:\/\/www.welovecycling.com\/hu\/#website"},"primaryImageOfPage":{"@id":"https:\/\/www.welovecycling.com\/hu\/orszaguti-kerekpar\/christian-prudhomme-esszeruen-de-optimistan-all-a-2021-es-versenynaptarhoz\/#primaryimage"},"image":{"@id":"https:\/\/www.welovecycling.com\/hu\/orszaguti-kerekpar\/christian-prudhomme-esszeruen-de-optimistan-all-a-2021-es-versenynaptarhoz\/#primaryimage"},"thumbnailUrl":"https:\/\/d2p6e6u75xmxt8.cloudfront.net\/12\/2021\/02\/Christian-Prudhomme-profimedia-0558119274-CVR.jpg","datePublished":"2021-02-22T07:00:31+00:00","author":{"@id":"https:\/\/www.welovecycling.com\/hu\/#\/schema\/person\/414a2aebf1801691a5320edb6468e194"},"description":"A Tour de France igazgat\u00f3ja \u00fagy v\u00e9li, a biciklis napt\u00e1rban szerepl\u0151 versenyek nagy r\u00e9sze a koronav\u00edrus ellen\u00e9re is meg lesz tartva.","breadcrumb":{"@id":"https:\/\/www.welovecycling.com\/hu\/orszaguti-kerekpar\/christian-prudhomme-esszeruen-de-optimistan-all-a-2021-es-versenynaptarhoz\/#breadcrumb"},"inLanguage":"hu","potentialAction":[{"@type":"ReadAction","target":["https:\/\/www.welovecycling.com\/hu\/orszaguti-kerekpar\/christian-prudhomme-esszeruen-de-optimistan-all-a-2021-es-versenynaptarhoz\/"]}]},{"@type":"ImageObject","inLanguage":"hu","@id":"https:\/\/www.welovecycling.com\/hu\/orszaguti-kerekpar\/christian-prudhomme-esszeruen-de-optimistan-all-a-2021-es-versenynaptarhoz\/#primaryimage","url":"https:\/\/d2p6e6u75xmxt8.cloudfront.net\/12\/2021\/02\/Christian-Prudhomme-profimedia-0558119274-CVR.jpg","contentUrl":"https:\/\/d2p6e6u75xmxt8.cloudfront.net\/12\/2021\/02\/Christian-Prudhomme-profimedia-0558119274-CVR.jpg","width":1366,"height":600,"caption":"Christian Prudhomme"},{"@type":"BreadcrumbList","@id":"https:\/\/www.welovecycling.com\/hu\/orszaguti-kerekpar\/christian-prudhomme-esszeruen-de-optimistan-all-a-2021-es-versenynaptarhoz\/#breadcrumb","itemListElement":[{"@type":"ListItem","position":1,"name":"Home","item":"https:\/\/www.welovecycling.com\/hu\/"},{"@type":"ListItem","position":2,"name":"Christian Prudhomme \u201e\u00e9sszer\u0171en, de optimist\u00e1n\u201d \u00e1ll a 2021-es versenynapt\u00e1rhoz"}]},{"@type":"WebSite","@id":"https:\/\/www.welovecycling.com\/hu\/#website","url":"https:\/\/www.welovecycling.com\/hu\/","name":"\u0160koda We Love Cycling - Magyarorsz\u00e1g","description":"\u0160koda WeLoveCycling","potentialAction":[{"@type":"SearchAction","target":{"@type":"EntryPoint","urlTemplate":"https:\/\/www.welovecycling.com\/hu\/?s={search_term_string}"},"query-input":{"@type":"PropertyValueSpecification","valueRequired":true,"valueName":"search_term_string"}}],"inLanguage":"hu"},{"@type":"Person","@id":"https:\/\/www.welovecycling.com\/hu\/#\/schema\/person\/414a2aebf1801691a5320edb6468e194","name":"hegyizs","image":{"@type":"ImageObject","inLanguage":"hu","@id":"https:\/\/www.welovecycling.com\/hu\/#\/schema\/person\/image\/","url":"https:\/\/secure.gravatar.com\/avatar\/02cf8a7906b8cf90cecb4679defac7cfd33a1c2e3b88e4903d947f3bb58eedd3?s=96&d=mm&r=g","contentUrl":"https:\/\/secure.gravatar.com\/avatar\/02cf8a7906b8cf90cecb4679defac7cfd33a1c2e3b88e4903d947f3bb58eedd3?s=96&d=mm&r=g","caption":"hegyizs"},"url":"https:\/\/www.welovecycling.com\/hu\/author\/hegyizs\/"}]}},"_links":{"self":[{"href":"https:\/\/www.welovecycling.com\/hu\/wp-json\/wp\/v2\/posts\/10215","targetHints":{"allow":["GET"]}}],"collection":[{"href":"https:\/\/www.welovecycling.com\/hu\/wp-json\/wp\/v2\/posts"}],"about":[{"href":"https:\/\/www.welovecycling.com\/hu\/wp-json\/wp\/v2\/types\/post"}],"author":[{"embeddable":true,"href":"https:\/\/www.welovecycling.com\/hu\/wp-json\/wp\/v2\/users\/71"}],"replies":[{"embeddable":true,"href":"https:\/\/www.welovecycling.com\/hu\/wp-json\/wp\/v2\/comments?post=10215"}],"version-history":[{"count":2,"href":"https:\/\/www.welovecycling.com\/hu\/wp-json\/wp\/v2\/posts\/10215\/revisions"}],"predecessor-version":[{"id":10233,"href":"https:\/\/www.welovecycling.com\/hu\/wp-json\/wp\/v2\/posts\/10215\/revisions\/10233"}],"wp:featuredmedia":[{"embeddable":true,"href":"https:\/\/www.welovecycling.com\/hu\/wp-json\/wp\/v2\/media\/10219"}],"wp:attachment":[{"href":"https:\/\/www.welovecycling.com\/hu\/wp-json\/wp\/v2\/media?parent=10215"}],"wp:term":[{"taxonomy":"category","embeddable":true,"href":"https:\/\/www.welovecycling.com\/hu\/wp-json\/wp\/v2\/categories?post=10215"},{"taxonomy":"post_tag","embeddable":true,"href":"https:\/\/www.welovecycling.com\/hu\/wp-json\/wp\/v2\/tags?post=10215"},{"taxonomy":"global-categories","embeddable":true,"href":"https:\/\/www.welovecycling.com\/hu\/wp-json\/wp\/v2\/global-categories?post=10215"}],"curies":[{"name":"wp","href":"https:\/\/api.w.org\/{rel}","templated":true}]}}