{"id":10207,"date":"2021-02-26T08:00:33","date_gmt":"2021-02-26T07:00:33","guid":{"rendered":"https:\/\/www.welovecycling.com\/hu\/?p=10207"},"modified":"2021-02-19T13:50:33","modified_gmt":"2021-02-19T12:50:33","slug":"bikepacking-gyerekekkel","status":"publish","type":"post","link":"https:\/\/www.welovecycling.com\/hu\/trekking-mtb\/bikepacking-gyerekekkel\/","title":{"rendered":"Bikepacking gyerekekkel"},"content":{"rendered":"<p><strong>Alig v\u00e1rod, hogy egy\u00fctt fedezd fel a vil\u00e1got a csal\u00e1doddal? Hadd osszunk meg n\u00e9h\u00e1ny javaslatot \u00e9s ellenjavaslatot, mert hidd el, amit igaz\u00e1n nem akarsz, az az, hogy olyan \u00e9lm\u00e9nyt adj a gyerekeidnek, ami miatt soha t\u00f6bb\u00e9 nem akarnak majd veled menni. <\/strong><\/p>\n<h2><!--more--><\/h2>\n<h2><strong>V\u00e1laszd ki a megfelel\u0151 felszerel\u00e9st!<\/strong><\/h2>\n<p>Gyerekekkel val\u00f3 bicikliz\u00e9s eset\u00e9n sok szempontot kell figyelembe venni, a k\u00fcl\u00f6nb\u00f6z\u0151 m\u00e9retek \u00e9s a k\u00f6zt\u00fck l\u00e9v\u0151 kork\u00fcl\u00f6nbs\u00e9g miatt.<\/p>\n<p>Ha nagyon fiatalok a gyerekeid, aj\u00e1nlott az ut\u00e1nfut\u00f3 beszerz\u00e9se. Haszn\u00e1lata azonban nem teszi lehet\u0151v\u00e9 a nyeregt\u00e1ska felszerel\u00e9s\u00e9t. Ezt \u00e9n r\u00e9szben \u00fagy oldom meg, hogy egy nagy zs\u00e1kot r\u00f6gz\u00edtek a p\u00f3tkocsihoz, az al\u00e1bbi k\u00e9pen l\u00e1that\u00f3 m\u00f3don.<\/p>\n<figure id=\"attachment_10208\" aria-describedby=\"caption-attachment-10208\" style=\"width: 1024px\" class=\"wp-caption alignnone\"><a href=\"https:\/\/d2p6e6u75xmxt8.cloudfront.net\/2\/2021\/02\/Tout-terrain-toppeak-bags-setup-for-young-kids.jpg\"><img loading=\"lazy\" decoding=\"async\" class=\"wp-image-10208 size-large\" src=\"https:\/\/d2p6e6u75xmxt8.cloudfront.net\/12\/2021\/02\/Tout-terrain-toppeak-bags-setup-for-young-kids-1024x303.jpg\" alt=\"Bags for bikepacking\" width=\"1024\" height=\"303\" srcset=\"https:\/\/d2p6e6u75xmxt8.cloudfront.net\/12\/2021\/02\/Tout-terrain-toppeak-bags-setup-for-young-kids-1024x303.jpg 1024w, https:\/\/d2p6e6u75xmxt8.cloudfront.net\/12\/2021\/02\/Tout-terrain-toppeak-bags-setup-for-young-kids-300x89.jpg 300w, https:\/\/d2p6e6u75xmxt8.cloudfront.net\/12\/2021\/02\/Tout-terrain-toppeak-bags-setup-for-young-kids-768x227.jpg 768w, https:\/\/d2p6e6u75xmxt8.cloudfront.net\/12\/2021\/02\/Tout-terrain-toppeak-bags-setup-for-young-kids-1536x455.jpg 1536w, https:\/\/d2p6e6u75xmxt8.cloudfront.net\/12\/2021\/02\/Tout-terrain-toppeak-bags-setup-for-young-kids-1920x568.jpg 1920w, https:\/\/d2p6e6u75xmxt8.cloudfront.net\/12\/2021\/02\/Tout-terrain-toppeak-bags-setup-for-young-kids.jpg 2000w, https:\/\/d2p6e6u75xmxt8.cloudfront.net\/12\/2021\/02\/Tout-terrain-toppeak-bags-setup-for-young-kids-1920x568.jpg 1920w\" sizes=\"auto, (max-width: 1024px) 100vw, 1024px\" \/><\/a><figcaption id=\"caption-attachment-10208\" class=\"wp-caption-text\"><em>Baloldalon a p\u00f3tkocsi, jobb oldalon az ut\u00e1nfut\u00f3.<\/em><\/figcaption><\/figure>\n<p>Ha gyermekeid m\u00e1r bicikliznek, de m\u00e9g kicsi ker\u00e9kp\u00e1rral, akkor van sz\u00e1modra n\u00e9h\u00e1ny j\u00f3 lehet\u0151s\u00e9g. Id\u0151sebb gyerekem n\u00e9gy \u00e9ves. Hosszabb utakra van egy biciklije, ami a ker\u00e9kp\u00e1rom h\u00e1tulj\u00e1hoz van r\u00f6gz\u00edtve, \u00edgy tisztess\u00e9ges t\u00e1vols\u00e1got tudunk tartani. R\u00f6vid utak eset\u00e9n szeretem hagyni, hogy a kis biciklij\u00e9n tekerjen, amikor elf\u00e1rad, von\u00f3r\u00faddal r\u00f6gz\u00edtem a saj\u00e1tomhoz. Szem\u00e9ly szerint \u00e9n a Trail Gatort haszn\u00e1lom, ami 12 \u2019\u2019 \u00e9s 20 \u2019\u2019 k\u00f6z\u00f6tti gyerekbiciklikkel m\u0171k\u00f6dik.<\/p>\n<figure id=\"attachment_10209\" aria-describedby=\"caption-attachment-10209\" style=\"width: 1024px\" class=\"wp-caption alignnone\"><a href=\"https:\/\/d2p6e6u75xmxt8.cloudfront.net\/2\/2021\/02\/Trail-Gator-1.jpg\"><img loading=\"lazy\" decoding=\"async\" class=\"size-large wp-image-10209\" src=\"https:\/\/d2p6e6u75xmxt8.cloudfront.net\/12\/2021\/02\/Trail-Gator-1-1024x678.jpg\" alt=\"Trail Gator\" width=\"1024\" height=\"678\" srcset=\"https:\/\/d2p6e6u75xmxt8.cloudfront.net\/12\/2021\/02\/Trail-Gator-1-1024x678.jpg 1024w, https:\/\/d2p6e6u75xmxt8.cloudfront.net\/12\/2021\/02\/Trail-Gator-1-300x199.jpg 300w, https:\/\/d2p6e6u75xmxt8.cloudfront.net\/12\/2021\/02\/Trail-Gator-1-768x508.jpg 768w, https:\/\/d2p6e6u75xmxt8.cloudfront.net\/12\/2021\/02\/Trail-Gator-1.jpg 1500w\" sizes=\"auto, (max-width: 1024px) 100vw, 1024px\" \/><\/a><figcaption id=\"caption-attachment-10209\" class=\"wp-caption-text\"><em>A von\u00f3r\u00fad seg\u00edts\u00e9g\u00e9vel nagyobb nyeregt\u00e1ska is vihet\u0151.<\/em><\/figcaption><\/figure>\n<p>Ha id\u0151sebb gyerk\u0151ceid vannak, nyugodtan csatlakoztathatod 24 colos ker\u00e9kp\u00e1rjukat a saj\u00e1todhoz \u00e9s a bikepacking t\u00e1sk\u00e1kat is elkezdheted felpakolni a v\u00e1zra.<\/p>\n<h2><strong>Kezdd r\u00f6vid utakkal<\/strong><\/h2>\n<p>Nagyon fontos, hogy ne vigy\u00fck t\u00falz\u00e1sba a bicikliz\u00e9s mennyis\u00e9g\u00e9t. Mindig olyan t\u00e1vols\u00e1gokkal kezdd, amiket a gyermek j\u00f3l tud kezelni, hagyd, hogy \u0151 akarjon hosszabb \u00fatra menni. Ha lehets\u00e9ges, v\u00e1lassz s\u00edk \u00fatvonalakat, olyanokat, amik vonat\u00e1llom\u00e1sokon mennek \u00e1t, \u00edgy sz\u00fcks\u00e9g eset\u00e9n kihagyhatsz p\u00e1r szakaszt vagy ler\u00f6vid\u00edtheted az utaz\u00e1st. R\u00e1ad\u00e1sul a gyerekek im\u00e1dnak vonatozni! Minden orsz\u00e1gban l\u00e9teznek t\u00f6k\u00e9letes csal\u00e1di \u00fatvonalak. Ha Olaszorsz\u00e1gra gondolok, akkor azonnal eszembe jut Val d\u2019Adige \u00e9s Alpe Adria. Ausztri\u00e1ban k\u00fcl\u00f6n\u00f6sen szerettem azt a szakaszt, amely a Wachau-v\u00f6lgy\u00f6n halad \u00e1t. Csehorsz\u00e1gban nagyszer\u0171 az Elba-\u00f6sv\u00e9ny Pr\u00e1g\u00e1t\u00f3l Drezd\u00e1ig. N\u00e9metorsz\u00e1gban a Rheine ker\u00e9kp\u00e1r\u00fat n\u00e9h\u00e1ny egyszer\u0171 \u00e9s csal\u00e1dbar\u00e1t szakaszb\u00f3l \u00e1ll. Franciaorsz\u00e1gban pedig im\u00e1dtam a Loire \u00fatvonal kast\u00e9lyait.<\/p>\n<h2><strong>Legyen meglepet\u00e9sekkel teli az \u00fat!<\/strong><\/h2>\n<p>A gyerekek im\u00e1dnak j\u00e1tszani \u00e9s nem sok\u00e1ig koncentr\u00e1lnak egyetlen dologra. Ez vonatkozik a ker\u00e9kp\u00e1roz\u00e1sra is. Teh\u00e1t nagyon fontos, hogy sok extra tev\u00e9kenys\u00e9ggel t\u00f6lts\u00e9tek meg az \u00e9lm\u00e9nyt. \u00c1lljatok meg gyakran \u00e9s hagyd, hogy m\u00e1st is csin\u00e1ljanak a bicikliz\u00e9sen k\u00edv\u00fcl. Az utak tele vannak sz\u00e1mukra vonz\u00f3 dolgokkal, p\u00e9ld\u00e1ul j\u00e1tsz\u00f3terekkel, fagyiz\u00f3kkal vagy l\u00e1tnival\u00f3kkal. Amikor let\u00e9r\u00fcnk az \u00f6sv\u00e9nyr\u0151l, \u00e9s nem jut esz\u00fcnkbe semmi, akkor mostan\u00e1ban a geocache-t szoktuk \u00e9lvezni. Amennyire tudod, \u00e9lvezd te is ezeket a kit\u00e9r\u0151ket! L\u00f3gasd a l\u00e1bad egy patakba, \u00fassz, ahol csak tudsz, szedj alm\u00e1t \u00fatk\u00f6zben, rakj t\u00fczet \u00e9s f\u0151zz valami finomat! Minden alkalommal, amikor visszasz\u00e1lltok a biciklire, azonnal meg kell hat\u00e1roznod a k\u00f6vetkez\u0151 meg\u00e1ll\u00f3 c\u00e9lj\u00e1t, hogy a gyerekek motiv\u00e1ltak maradjanak.<\/p>\n<figure id=\"attachment_10210\" aria-describedby=\"caption-attachment-10210\" style=\"width: 1008px\" class=\"wp-caption alignnone\"><a href=\"https:\/\/d2p6e6u75xmxt8.cloudfront.net\/12\/2021\/02\/Geocaching.jpg\"><img loading=\"lazy\" decoding=\"async\" class=\"wp-image-10210 size-full\" src=\"https:\/\/d2p6e6u75xmxt8.cloudfront.net\/12\/2021\/02\/Geocaching.jpg\" alt=\"Geochaching\" width=\"1008\" height=\"756\" srcset=\"https:\/\/d2p6e6u75xmxt8.cloudfront.net\/12\/2021\/02\/Geocaching.jpg 1008w, https:\/\/d2p6e6u75xmxt8.cloudfront.net\/12\/2021\/02\/Geocaching-300x225.jpg 300w, https:\/\/d2p6e6u75xmxt8.cloudfront.net\/12\/2021\/02\/Geocaching-768x576.jpg 768w\" sizes=\"auto, (max-width: 1008px) 100vw, 1008px\" \/><\/a><figcaption id=\"caption-attachment-10210\" class=\"wp-caption-text\"><em>N\u00e9zd \u00e1t az \u00fatvonalat \u00e9s tedd sz\u00f3rakoztat\u00f3v\u00e1!<\/em><\/figcaption><\/figure>\n<h2><strong>Ne hagyd, hogy \u00e9hesek legyenek!<\/strong><\/h2>\n<p>\u00dcgyelj arra, hogy folyamatosan etesd gyermekeid. Az els\u0151 k\u00f6z\u00f6s ker\u00e9kp\u00e1ros tapasztalatok sor\u00e1n azt felt\u00e9teleztem, ha \u00e9hesek lesznek, sz\u00f3lnak. Sajnos ez nem \u00edgy m\u0171k\u00f6dik, f\u0151leg fiatalabb gyerekekn\u00e9l. Morcosak, ki tudja, mi\u00e9rt, \u00e9s el\u00e9g hamar elkeserednek. Teh\u00e1t ne felejts el gyakran \u00e9telt adni nekik! Az \u00e9n szab\u00e1lyom az, hogy minden meg\u00e1ll\u00f3n\u00e1l (ami el\u00e9g gyakran el\u0151fordul, mint kor\u00e1bban eml\u00edtettem) adok nekik vizet \u00e9s valami harapnival\u00f3t.<\/p>\n<figure id=\"attachment_10211\" aria-describedby=\"caption-attachment-10211\" style=\"width: 1008px\" class=\"wp-caption alignnone\"><a href=\"https:\/\/d2p6e6u75xmxt8.cloudfront.net\/12\/2021\/02\/Bikepacking-snack-time.jpg\"><img loading=\"lazy\" decoding=\"async\" class=\"wp-image-10211 size-full\" src=\"https:\/\/d2p6e6u75xmxt8.cloudfront.net\/12\/2021\/02\/Bikepacking-snack-time.jpg\" alt=\"Snack on a trip\" width=\"1008\" height=\"756\" srcset=\"https:\/\/d2p6e6u75xmxt8.cloudfront.net\/12\/2021\/02\/Bikepacking-snack-time.jpg 1008w, https:\/\/d2p6e6u75xmxt8.cloudfront.net\/12\/2021\/02\/Bikepacking-snack-time-300x225.jpg 300w, https:\/\/d2p6e6u75xmxt8.cloudfront.net\/12\/2021\/02\/Bikepacking-snack-time-768x576.jpg 768w\" sizes=\"auto, (max-width: 1008px) 100vw, 1008px\" \/><\/a><figcaption id=\"caption-attachment-10211\" class=\"wp-caption-text\"><em>Ne felejtsd el megetetni \u0151ket!<\/em><\/figcaption><\/figure>\n<h2><strong>Ne terheld t\u00fal a biciklij\u00fcket!<\/strong><\/h2>\n<p>A gyerekekkel val\u00f3 bicikliz\u00e9s nemcsak a t\u00fcrelmedet, de a l\u00e1badat is edzi! Fontos arra k\u00e9sztetni \u0151ket, hogy cipeljenek valamit, hogy egy kicsit feln\u0151ttnek \u00e9rezz\u00e9k magukat, de nem terhelheti t\u00fal sok minden a ker\u00e9kp\u00e1rjukat, k\u00fcl\u00f6nben az utaz\u00e1s nem tart sok\u00e1ig, mivel el\u0151bb-ut\u00f3bb neked kell vinned az \u0151 cuccaikat is. Hogy mit vigyenek magukkal? Term\u00e9szetesen ez nagyban f\u00fcgg a biciklij\u00fck m\u00e9ret\u00e9t\u0151l. Nagyobb gyerekekn\u00e9l szerintem j\u00f3 kompromisszum az, ha hagyjuk, hogy maguk vigy\u00e9k a ruh\u00e1jukat. Adj nekik egy kis v\u00e1zt\u00e1sk\u00e1t vagy egy nagyon kicsi post\u00e1st\u00e1sk\u00e1t. Eml\u00e9keztesd \u0151ket gyakran arra is, hogy a bicikli terhel\u00e9skor m\u00e1sk\u00e9pp viselkedik. K\u00fcl\u00f6n\u00f6sen \u00fcgyelj arra, hogy lefel\u00e9 haladva lass\u00edtsanak, \u00edgy nem fognak z\u00f6tyk\u00f6l\u0151dni.<\/p>\n<h2><strong>Tartsd tiszteletben a term\u00e9szetes ritmusukat!<\/strong><\/h2>\n<p>A gyerekek sz\u00e1m\u00e1ra fontosak a megszokott dolgok, err\u0151l bikepacking sor\u00e1n sem szabad megfeledkezni. K\u00fcl\u00f6n\u00f6sen, ha az alv\u00e1sr\u00f3l van sz\u00f3. Pr\u00f3b\u00e1ld tartani magad ahhoz a rendszeres menetrendhez, ami otthon is lenni szokott, \u00edgy mindig frissek \u00e9s j\u00f3kedv\u0171ek lesznek. Ha ezt a rutint t\u00f3l gyakran megszak\u00edtod, vesz\u00e9lybe sodorhatod a kaland siker\u00e9t.<\/p>\n<figure id=\"attachment_10212\" aria-describedby=\"caption-attachment-10212\" style=\"width: 992px\" class=\"wp-caption alignnone\"><a href=\"https:\/\/d2p6e6u75xmxt8.cloudfront.net\/12\/2021\/02\/Unsplash-bikepacking.jpg\"><img loading=\"lazy\" decoding=\"async\" class=\"wp-image-10212 size-full\" src=\"https:\/\/d2p6e6u75xmxt8.cloudfront.net\/12\/2021\/02\/Unsplash-bikepacking.jpg\" alt=\"Bikepacking trip\" width=\"992\" height=\"558\" srcset=\"https:\/\/d2p6e6u75xmxt8.cloudfront.net\/12\/2021\/02\/Unsplash-bikepacking.jpg 992w, https:\/\/d2p6e6u75xmxt8.cloudfront.net\/12\/2021\/02\/Unsplash-bikepacking-300x169.jpg 300w, https:\/\/d2p6e6u75xmxt8.cloudfront.net\/12\/2021\/02\/Unsplash-bikepacking-768x432.jpg 768w\" sizes=\"auto, (max-width: 992px) 100vw, 992px\" \/><\/a><figcaption id=\"caption-attachment-10212\" class=\"wp-caption-text\"><em>Tiszteld gyermekeid ritmus\u00e1t!<\/em><\/figcaption><\/figure>\n<h2><strong>Tudd meg, hogyan szeretnek aludni a szabadban, miel\u0151tt t\u00fal k\u00e9s\u0151 lenne<\/strong><\/h2>\n<p>Kar\u00e1csonyra vett\u00fcnk az id\u0151sebb fiamnak egy gy\u00f6ny\u00f6r\u0171 h\u00e1l\u00f3zs\u00e1kot. Kifejezetten gyerekeknek k\u00e9sz\u00fclt, \u00edgy \u00e1ll\u00edthat\u00f3 a m\u00e9rete. Im\u00e1dta \u00e9s nagyon izgatott volt miatta. Sajnos els\u0151 utaz\u00e1sunk sor\u00e1n kider\u00fclt, hogy nem b\u00edr meglenni a h\u00e1l\u00f3zs\u00e1kban, mivel alv\u00e1s k\u00f6zben sokat mozog. Sz\u00f3val, az lett a v\u00e9ge, hogy az eny\u00e9mben aludt, \u00e9n pedig megfagytam. Teh\u00e1t ne l\u00e9gy olyan, mint \u00e9n, \u00e9s m\u00e9g az utaz\u00e1s el\u0151tt k\u00eds\u00e9rletezz a t\u00e1boroz\u00e1ssal a kertedben vagy valahol az otthonod k\u00f6zel\u00e9ben. V\u00e9g\u00fcl kider\u00fclt, hogy sz\u00e1m\u00e1ra a legjobb megold\u00e1s egy vastag pizsama \u00e9s egy v\u00e9kony paplan.<\/p>\n<h2><strong>A sz\u00ednes sebtapaszok csod\u00e1kat tehetnek! <\/strong><\/h2>\n<p>A gyerekek leesnek a biciklir\u0151l. N\u00e9h\u00e1nyuk kevesebbszer, mint m\u00e1sok, de mindannyiukkal el\u0151fordul. Nem ker\u00fclheted el. Csak fogadd el \u00e9s \u00e1llj r\u00e1 k\u00e9szen! K\u00e9sz\u00edts be n\u00e9h\u00e1ny sz\u00ednes gyereksebtapaszt, amik elterelik a figyelm\u00fcket a f\u00e1jdalomr\u00f3l. K\u00e9s\u0151bb a sebeket h\u00e1bor\u00fas hegk\u00e9nt fogj\u00e1k viselni, m\u00e9g b\u00fcszk\u00e9k is lesznek r\u00e1!<\/p>\n<p>Rem\u00e9lem, hasznosnak tal\u00e1ltad ezeket a tippeket. J\u00f3 sz\u00f3rakoz\u00e1st a k\u00f6vetkez\u0151 csal\u00e1di kalandhoz! Tedd eml\u00e9kezetess\u00e9! Kov\u00e1csold \u00f6ssze a j\u00f6v\u0151 ker\u00e9kp\u00e1rosait!<\/p>\n","protected":false},"excerpt":{"rendered":"<p>Alig v\u00e1rod, hogy egy\u00fctt fedezd fel a vil\u00e1got a csal\u00e1doddal? Hadd osszunk meg n\u00e9h\u00e1ny javaslatot \u00e9s ellenjavaslatot, mert hidd el, [&hellip;]<\/p>\n","protected":false},"author":71,"featured_media":10214,"comment_status":"closed","ping_status":"closed","sticky":false,"template":"","format":"standard","meta":{"footnotes":""},"categories":[7],"tags":[],"global-categories":[],"class_list":["post-10207","post","type-post","status-publish","format-standard","has-post-thumbnail","hentry","category-trekking-mtb"],"yoast_head":"<!-- This site is optimized with the Yoast SEO Premium plugin v25.3 (Yoast SEO v25.9) - https:\/\/yoast.com\/wordpress\/plugins\/seo\/ -->\n<title>Bikepacking gyerekekkel - \u0160koda We Love Cycling - Magyarorsz\u00e1g<\/title>\n<meta name=\"description\" content=\"Alig v\u00e1rod, hogy egy\u00fctt fedezd fel a vil\u00e1got a csal\u00e1doddal? Hadd osszunk meg n\u00e9h\u00e1ny javaslatot \u00e9s ellenjavaslatot, mert hidd el, amit igaz\u00e1n nem akarsz, az az, hogy olyan \u00e9lm\u00e9nyt adj a gyerekeidnek, ami miatt soha t\u00f6bb\u00e9 nem akarnak majd veled menni.\" \/>\n<meta name=\"robots\" content=\"index, follow, max-snippet:-1, max-image-preview:large, max-video-preview:-1\" \/>\n<link rel=\"canonical\" href=\"https:\/\/www.welovecycling.com\/hu\/trekking-mtb\/bikepacking-gyerekekkel\/\" \/>\n<meta property=\"og:locale\" content=\"hu_HU\" \/>\n<meta property=\"og:type\" content=\"article\" \/>\n<meta property=\"og:title\" content=\"Bikepacking gyerekekkel\" \/>\n<meta property=\"og:description\" content=\"Alig v\u00e1rod, hogy egy\u00fctt fedezd fel a vil\u00e1got a csal\u00e1doddal? Hadd osszunk meg n\u00e9h\u00e1ny javaslatot \u00e9s ellenjavaslatot, mert hidd el, amit igaz\u00e1n nem akarsz, az az, hogy olyan \u00e9lm\u00e9nyt adj a gyerekeidnek, ami miatt soha t\u00f6bb\u00e9 nem akarnak majd veled menni.\" \/>\n<meta property=\"og:url\" content=\"https:\/\/www.welovecycling.com\/hu\/trekking-mtb\/bikepacking-gyerekekkel\/\" \/>\n<meta property=\"og:site_name\" content=\"\u0160koda We Love Cycling - Magyarorsz\u00e1g\" \/>\n<meta property=\"article:publisher\" content=\"https:\/\/www.facebook.com\/WeLoveCyclingHungary\/\" \/>\n<meta property=\"article:published_time\" content=\"2021-02-26T07:00:33+00:00\" \/>\n<meta property=\"og:image\" content=\"https:\/\/d2p6e6u75xmxt8.cloudfront.net\/12\/2021\/02\/Family-bikepacking-profimedia-0388843203-CVR.jpg\" \/>\n\t<meta property=\"og:image:width\" content=\"1366\" \/>\n\t<meta property=\"og:image:height\" content=\"600\" \/>\n\t<meta property=\"og:image:type\" content=\"image\/jpeg\" \/>\n<meta name=\"author\" content=\"hegyizs\" \/>\n<meta name=\"twitter:card\" content=\"summary_large_image\" \/>\n<meta name=\"twitter:label1\" content=\"Written by\" \/>\n\t<meta name=\"twitter:data1\" content=\"Filippo Mari\" \/>\n\t<meta name=\"twitter:label2\" content=\"Est. reading time\" \/>\n\t<meta name=\"twitter:data2\" content=\"7\" \/>\n<script type=\"application\/ld+json\" class=\"yoast-schema-graph\">{\"@context\":\"https:\/\/schema.org\",\"@graph\":[{\"@type\":\"WebPage\",\"@id\":\"https:\/\/www.welovecycling.com\/hu\/trekking-mtb\/bikepacking-gyerekekkel\/\",\"url\":\"https:\/\/www.welovecycling.com\/hu\/trekking-mtb\/bikepacking-gyerekekkel\/\",\"name\":\"Bikepacking gyerekekkel - \u0160koda We Love Cycling - Magyarorsz\u00e1g\",\"isPartOf\":{\"@id\":\"https:\/\/www.welovecycling.com\/hu\/#website\"},\"primaryImageOfPage\":{\"@id\":\"https:\/\/www.welovecycling.com\/hu\/trekking-mtb\/bikepacking-gyerekekkel\/#primaryimage\"},\"image\":{\"@id\":\"https:\/\/www.welovecycling.com\/hu\/trekking-mtb\/bikepacking-gyerekekkel\/#primaryimage\"},\"thumbnailUrl\":\"https:\/\/d2p6e6u75xmxt8.cloudfront.net\/12\/2021\/02\/Family-bikepacking-profimedia-0388843203-CVR.jpg\",\"datePublished\":\"2021-02-26T07:00:33+00:00\",\"author\":{\"@id\":\"https:\/\/www.welovecycling.com\/hu\/#\/schema\/person\/414a2aebf1801691a5320edb6468e194\"},\"description\":\"Alig v\u00e1rod, hogy egy\u00fctt fedezd fel a vil\u00e1got a csal\u00e1doddal? Hadd osszunk meg n\u00e9h\u00e1ny javaslatot \u00e9s ellenjavaslatot, mert hidd el, amit igaz\u00e1n nem akarsz, az az, hogy olyan \u00e9lm\u00e9nyt adj a gyerekeidnek, ami miatt soha t\u00f6bb\u00e9 nem akarnak majd veled menni.\",\"breadcrumb\":{\"@id\":\"https:\/\/www.welovecycling.com\/hu\/trekking-mtb\/bikepacking-gyerekekkel\/#breadcrumb\"},\"inLanguage\":\"hu\",\"potentialAction\":[{\"@type\":\"ReadAction\",\"target\":[\"https:\/\/www.welovecycling.com\/hu\/trekking-mtb\/bikepacking-gyerekekkel\/\"]}]},{\"@type\":\"ImageObject\",\"inLanguage\":\"hu\",\"@id\":\"https:\/\/www.welovecycling.com\/hu\/trekking-mtb\/bikepacking-gyerekekkel\/#primaryimage\",\"url\":\"https:\/\/d2p6e6u75xmxt8.cloudfront.net\/12\/2021\/02\/Family-bikepacking-profimedia-0388843203-CVR.jpg\",\"contentUrl\":\"https:\/\/d2p6e6u75xmxt8.cloudfront.net\/12\/2021\/02\/Family-bikepacking-profimedia-0388843203-CVR.jpg\",\"width\":1366,\"height\":600,\"caption\":\"Family bikepacking\"},{\"@type\":\"BreadcrumbList\",\"@id\":\"https:\/\/www.welovecycling.com\/hu\/trekking-mtb\/bikepacking-gyerekekkel\/#breadcrumb\",\"itemListElement\":[{\"@type\":\"ListItem\",\"position\":1,\"name\":\"Home\",\"item\":\"https:\/\/www.welovecycling.com\/hu\/\"},{\"@type\":\"ListItem\",\"position\":2,\"name\":\"Bikepacking gyerekekkel\"}]},{\"@type\":\"WebSite\",\"@id\":\"https:\/\/www.welovecycling.com\/hu\/#website\",\"url\":\"https:\/\/www.welovecycling.com\/hu\/\",\"name\":\"\u0160koda We Love Cycling - Magyarorsz\u00e1g\",\"description\":\"\u0160koda WeLoveCycling\",\"potentialAction\":[{\"@type\":\"SearchAction\",\"target\":{\"@type\":\"EntryPoint\",\"urlTemplate\":\"https:\/\/www.welovecycling.com\/hu\/?s={search_term_string}\"},\"query-input\":{\"@type\":\"PropertyValueSpecification\",\"valueRequired\":true,\"valueName\":\"search_term_string\"}}],\"inLanguage\":\"hu\"},{\"@type\":\"Person\",\"@id\":\"https:\/\/www.welovecycling.com\/hu\/#\/schema\/person\/414a2aebf1801691a5320edb6468e194\",\"name\":\"hegyizs\",\"image\":{\"@type\":\"ImageObject\",\"inLanguage\":\"hu\",\"@id\":\"https:\/\/www.welovecycling.com\/hu\/#\/schema\/person\/image\/\",\"url\":\"https:\/\/secure.gravatar.com\/avatar\/02cf8a7906b8cf90cecb4679defac7cfd33a1c2e3b88e4903d947f3bb58eedd3?s=96&d=mm&r=g\",\"contentUrl\":\"https:\/\/secure.gravatar.com\/avatar\/02cf8a7906b8cf90cecb4679defac7cfd33a1c2e3b88e4903d947f3bb58eedd3?s=96&d=mm&r=g\",\"caption\":\"hegyizs\"},\"url\":\"https:\/\/www.welovecycling.com\/hu\/author\/hegyizs\/\"}]}<\/script>\n<!-- \/ Yoast SEO Premium plugin. -->","yoast_head_json":{"title":"Bikepacking gyerekekkel - \u0160koda We Love Cycling - Magyarorsz\u00e1g","description":"Alig v\u00e1rod, hogy egy\u00fctt fedezd fel a vil\u00e1got a csal\u00e1doddal? Hadd osszunk meg n\u00e9h\u00e1ny javaslatot \u00e9s ellenjavaslatot, mert hidd el, amit igaz\u00e1n nem akarsz, az az, hogy olyan \u00e9lm\u00e9nyt adj a gyerekeidnek, ami miatt soha t\u00f6bb\u00e9 nem akarnak majd veled menni.","robots":{"index":"index","follow":"follow","max-snippet":"max-snippet:-1","max-image-preview":"max-image-preview:large","max-video-preview":"max-video-preview:-1"},"canonical":"https:\/\/www.welovecycling.com\/hu\/trekking-mtb\/bikepacking-gyerekekkel\/","og_locale":"hu_HU","og_type":"article","og_title":"Bikepacking gyerekekkel","og_description":"Alig v\u00e1rod, hogy egy\u00fctt fedezd fel a vil\u00e1got a csal\u00e1doddal? Hadd osszunk meg n\u00e9h\u00e1ny javaslatot \u00e9s ellenjavaslatot, mert hidd el, amit igaz\u00e1n nem akarsz, az az, hogy olyan \u00e9lm\u00e9nyt adj a gyerekeidnek, ami miatt soha t\u00f6bb\u00e9 nem akarnak majd veled menni.","og_url":"https:\/\/www.welovecycling.com\/hu\/trekking-mtb\/bikepacking-gyerekekkel\/","og_site_name":"\u0160koda We Love Cycling - Magyarorsz\u00e1g","article_publisher":"https:\/\/www.facebook.com\/WeLoveCyclingHungary\/","article_published_time":"2021-02-26T07:00:33+00:00","og_image":[{"width":1366,"height":600,"url":"https:\/\/d2p6e6u75xmxt8.cloudfront.net\/12\/2021\/02\/Family-bikepacking-profimedia-0388843203-CVR.jpg","type":"image\/jpeg"}],"author":"hegyizs","twitter_card":"summary_large_image","twitter_misc":{"Written by":"Filippo Mari","Est. reading time":"7"},"schema":{"@context":"https:\/\/schema.org","@graph":[{"@type":"WebPage","@id":"https:\/\/www.welovecycling.com\/hu\/trekking-mtb\/bikepacking-gyerekekkel\/","url":"https:\/\/www.welovecycling.com\/hu\/trekking-mtb\/bikepacking-gyerekekkel\/","name":"Bikepacking gyerekekkel - \u0160koda We Love Cycling - Magyarorsz\u00e1g","isPartOf":{"@id":"https:\/\/www.welovecycling.com\/hu\/#website"},"primaryImageOfPage":{"@id":"https:\/\/www.welovecycling.com\/hu\/trekking-mtb\/bikepacking-gyerekekkel\/#primaryimage"},"image":{"@id":"https:\/\/www.welovecycling.com\/hu\/trekking-mtb\/bikepacking-gyerekekkel\/#primaryimage"},"thumbnailUrl":"https:\/\/d2p6e6u75xmxt8.cloudfront.net\/12\/2021\/02\/Family-bikepacking-profimedia-0388843203-CVR.jpg","datePublished":"2021-02-26T07:00:33+00:00","author":{"@id":"https:\/\/www.welovecycling.com\/hu\/#\/schema\/person\/414a2aebf1801691a5320edb6468e194"},"description":"Alig v\u00e1rod, hogy egy\u00fctt fedezd fel a vil\u00e1got a csal\u00e1doddal? Hadd osszunk meg n\u00e9h\u00e1ny javaslatot \u00e9s ellenjavaslatot, mert hidd el, amit igaz\u00e1n nem akarsz, az az, hogy olyan \u00e9lm\u00e9nyt adj a gyerekeidnek, ami miatt soha t\u00f6bb\u00e9 nem akarnak majd veled menni.","breadcrumb":{"@id":"https:\/\/www.welovecycling.com\/hu\/trekking-mtb\/bikepacking-gyerekekkel\/#breadcrumb"},"inLanguage":"hu","potentialAction":[{"@type":"ReadAction","target":["https:\/\/www.welovecycling.com\/hu\/trekking-mtb\/bikepacking-gyerekekkel\/"]}]},{"@type":"ImageObject","inLanguage":"hu","@id":"https:\/\/www.welovecycling.com\/hu\/trekking-mtb\/bikepacking-gyerekekkel\/#primaryimage","url":"https:\/\/d2p6e6u75xmxt8.cloudfront.net\/12\/2021\/02\/Family-bikepacking-profimedia-0388843203-CVR.jpg","contentUrl":"https:\/\/d2p6e6u75xmxt8.cloudfront.net\/12\/2021\/02\/Family-bikepacking-profimedia-0388843203-CVR.jpg","width":1366,"height":600,"caption":"Family bikepacking"},{"@type":"BreadcrumbList","@id":"https:\/\/www.welovecycling.com\/hu\/trekking-mtb\/bikepacking-gyerekekkel\/#breadcrumb","itemListElement":[{"@type":"ListItem","position":1,"name":"Home","item":"https:\/\/www.welovecycling.com\/hu\/"},{"@type":"ListItem","position":2,"name":"Bikepacking gyerekekkel"}]},{"@type":"WebSite","@id":"https:\/\/www.welovecycling.com\/hu\/#website","url":"https:\/\/www.welovecycling.com\/hu\/","name":"\u0160koda We Love Cycling - Magyarorsz\u00e1g","description":"\u0160koda WeLoveCycling","potentialAction":[{"@type":"SearchAction","target":{"@type":"EntryPoint","urlTemplate":"https:\/\/www.welovecycling.com\/hu\/?s={search_term_string}"},"query-input":{"@type":"PropertyValueSpecification","valueRequired":true,"valueName":"search_term_string"}}],"inLanguage":"hu"},{"@type":"Person","@id":"https:\/\/www.welovecycling.com\/hu\/#\/schema\/person\/414a2aebf1801691a5320edb6468e194","name":"hegyizs","image":{"@type":"ImageObject","inLanguage":"hu","@id":"https:\/\/www.welovecycling.com\/hu\/#\/schema\/person\/image\/","url":"https:\/\/secure.gravatar.com\/avatar\/02cf8a7906b8cf90cecb4679defac7cfd33a1c2e3b88e4903d947f3bb58eedd3?s=96&d=mm&r=g","contentUrl":"https:\/\/secure.gravatar.com\/avatar\/02cf8a7906b8cf90cecb4679defac7cfd33a1c2e3b88e4903d947f3bb58eedd3?s=96&d=mm&r=g","caption":"hegyizs"},"url":"https:\/\/www.welovecycling.com\/hu\/author\/hegyizs\/"}]}},"_links":{"self":[{"href":"https:\/\/www.welovecycling.com\/hu\/wp-json\/wp\/v2\/posts\/10207","targetHints":{"allow":["GET"]}}],"collection":[{"href":"https:\/\/www.welovecycling.com\/hu\/wp-json\/wp\/v2\/posts"}],"about":[{"href":"https:\/\/www.welovecycling.com\/hu\/wp-json\/wp\/v2\/types\/post"}],"author":[{"embeddable":true,"href":"https:\/\/www.welovecycling.com\/hu\/wp-json\/wp\/v2\/users\/71"}],"replies":[{"embeddable":true,"href":"https:\/\/www.welovecycling.com\/hu\/wp-json\/wp\/v2\/comments?post=10207"}],"version-history":[{"count":2,"href":"https:\/\/www.welovecycling.com\/hu\/wp-json\/wp\/v2\/posts\/10207\/revisions"}],"predecessor-version":[{"id":10234,"href":"https:\/\/www.welovecycling.com\/hu\/wp-json\/wp\/v2\/posts\/10207\/revisions\/10234"}],"wp:featuredmedia":[{"embeddable":true,"href":"https:\/\/www.welovecycling.com\/hu\/wp-json\/wp\/v2\/media\/10214"}],"wp:attachment":[{"href":"https:\/\/www.welovecycling.com\/hu\/wp-json\/wp\/v2\/media?parent=10207"}],"wp:term":[{"taxonomy":"category","embeddable":true,"href":"https:\/\/www.welovecycling.com\/hu\/wp-json\/wp\/v2\/categories?post=10207"},{"taxonomy":"post_tag","embeddable":true,"href":"https:\/\/www.welovecycling.com\/hu\/wp-json\/wp\/v2\/tags?post=10207"},{"taxonomy":"global-categories","embeddable":true,"href":"https:\/\/www.welovecycling.com\/hu\/wp-json\/wp\/v2\/global-categories?post=10207"}],"curies":[{"name":"wp","href":"https:\/\/api.w.org\/{rel}","templated":true}]}}