{"id":10191,"date":"2021-02-17T12:35:17","date_gmt":"2021-02-17T11:35:17","guid":{"rendered":"https:\/\/www.welovecycling.com\/hu\/?p=10191"},"modified":"2022-02-03T13:20:20","modified_gmt":"2022-02-03T11:20:20","slug":"legyen-a-te-kedvenc-bringautad-a-honap-utvonala","status":"publish","type":"post","link":"https:\/\/www.welovecycling.com\/hu\/honap-utvonala\/legyen-a-te-kedvenc-bringautad-a-honap-utvonala\/","title":{"rendered":"Legyen a te kedvenc bringautad a H\u00f3nap \u00fatvonala!"},"content":{"rendered":"<p><strong>Rengeteg ker\u00e9kp\u00e1ros \u00fat, t\u00fara\u00fatvonal, bringap\u00e1lya \u00e9s felfedezetlen \u00f6sv\u00e9ny keresztezi az vil\u00e1got, amiket minden biciklisnek l\u00e1tnia kell! Az\u00e9rt vagyunk k\u00f6z\u00f6ss\u00e9g, hogy megosszuk egym\u00e1ssal tapasztalatainkat, seg\u00edts\u00fcnk m\u00e1soknak \u00faj helyeket felfedezni \u00e9s \u00faj \u00e9lm\u00e9nyekkel er\u0151s\u00edts\u00fck k\u00f6z\u00f6s szenved\u00e9ly\u00fcnk \u00f6sszetart\u00f3 erej\u00e9t. <em>A h\u00f3nap \u00fatvonala<\/em> kamp\u00e1nyunk azt a c\u00e9lt szolg\u00e1lja, hogy b\u00e1rki megoszthassa saj\u00e1t \u00e9lm\u00e9nyeit, \u00e9s seg\u00edts\u00e9g\u00fckkel m\u00e1sok is \u00e1t\u00e9lhess\u00e9k azokat!<\/strong><!--more--><\/p>\n<p>K\u00e9sz\u00edts fot\u00f3kat egy \u00fajonnan felfedezett vagy egy r\u00e9g\u00f3ta szeretett \u00fatvonalr\u00f3l \u00e9s l\u00e1sd viszont magad weboldalunkon! Biztosak vagyunk benne, hogy sokan gondolnak majd r\u00e1d, amikor bej\u00e1rj\u00e1k.<\/p>\n<p>Nem sz\u00e1m\u00edt, hogy v\u00e9rbeli orsz\u00e1g\u00fatis vagy, vagy ink\u00e1bb terepen tekersz, hogy kezd\u0151 vagy, vagy profi, az egyenes szakaszokat kedveled, a lefel\u00e9 sz\u00e1guld\u00e1st vagy a hegym\u00e1sz\u00e1st. B\u00e1rmi j\u00f6het, az 1500 m\u00e9teres szintemelked\u00e9st\u0151l kezdve a dirt jump p\u00e1ly\u00e1kon \u00e1t a r\u00f6vid, de h\u00faz\u00f3s szegmensekig \u00e9s a csod\u00e1latos kil\u00e1t\u00e1sokhoz vezet\u0151, eldugott \u00f6sv\u00e9nyekig!<\/p>\n<h2><strong>Inspir\u00e1l\u00f3dj!<\/strong><\/h2>\n<p>M\u00e1r sokan k\u00fcldtek nek\u00fcnk \u00fatvonalat, mindenf\u00e9le p\u00e1ly\u00e1r\u00f3l \u00e9s \u00f6sv\u00e9nyr\u0151l, melyek m\u00e9lt\u00e1n ki\u00e9rdemelt\u00e9k a H\u00f3nap \u00fatvonala c\u00edmet. A gy\u0171jtem\u00e9ny\u00fcnket <a href=\"https:\/\/www.welovecycling.com\/hu\/category\/honap-utvonala\/\">itt \u00e9red el<\/a>! Inspir\u00e1l\u00f3dj a szakaszokb\u00f3l, kutass az eml\u00e9kezetedben hasonl\u00f3 &#8211; vagy \u00e9pp, hogy nagyonis m\u00e1s &#8211; utak ut\u00e1n, \u00e9s pattanj nyeregbe! Ne felejtsd otthon f\u00e9nyk\u00e9pez\u0151g\u00e9pedet, vagy ha telefonos j\u00f3 min\u0151s\u00e9g\u0171 fot\u00f3kat k\u00e9sz\u00edt, az is megteszi, gopro-ra vagy egy\u00e9b felszerel\u00e9sre viszont nem lesz sz\u00fcks\u00e9ged.<\/p>\n<figure id=\"attachment_10193\" aria-describedby=\"caption-attachment-10193\" style=\"width: 1024px\" class=\"wp-caption aligncenter\"><img loading=\"lazy\" decoding=\"async\" class=\"size-large wp-image-10193\" src=\"https:\/\/d2p6e6u75xmxt8.cloudfront.net\/12\/2021\/02\/partiandras-fotovanik-zalaegerszeg-verseny-sar-kerekpar-5-bringazas-1024x576.jpg\" alt=\"\" width=\"1024\" height=\"576\" srcset=\"https:\/\/d2p6e6u75xmxt8.cloudfront.net\/12\/2021\/02\/partiandras-fotovanik-zalaegerszeg-verseny-sar-kerekpar-5-bringazas-1024x576.jpg 1024w, https:\/\/d2p6e6u75xmxt8.cloudfront.net\/12\/2021\/02\/partiandras-fotovanik-zalaegerszeg-verseny-sar-kerekpar-5-bringazas-300x169.jpg 300w, https:\/\/d2p6e6u75xmxt8.cloudfront.net\/12\/2021\/02\/partiandras-fotovanik-zalaegerszeg-verseny-sar-kerekpar-5-bringazas-768x432.jpg 768w, https:\/\/d2p6e6u75xmxt8.cloudfront.net\/12\/2021\/02\/partiandras-fotovanik-zalaegerszeg-verseny-sar-kerekpar-5-bringazas-1536x864.jpg 1536w, https:\/\/d2p6e6u75xmxt8.cloudfront.net\/12\/2021\/02\/partiandras-fotovanik-zalaegerszeg-verseny-sar-kerekpar-5-bringazas.jpg 1600w\" sizes=\"auto, (max-width: 1024px) 100vw, 1024px\" \/><figcaption id=\"caption-attachment-10193\" class=\"wp-caption-text\">Parti Andr\u00e1s egy tenerifei \u00fatvonalat hozott nektek. Fot\u00f3: bringazas.hu<\/figcaption><\/figure>\n<h2><strong>K\u00e9sz\u00edts fot\u00f3kat!<\/strong><\/h2>\n<p>A nevez\u00e9shez k\u00e9sz\u00edts legal\u00e1bb 5 db j\u00f3 min\u0151s\u00e9g\u0171 fot\u00f3t az \u00fatvonalr\u00f3l, \u00e9s r\u00f6gz\u00edtsd az utat Strav\u00e1ban is! Term\u00e9szetesen te is szerepelhetsz a k\u00e9peken! \ud83d\ude42<\/p>\n<p>Egy \u00edr\u00e1sos besz\u00e1mol\u00f3ban mondd el, mi\u00e9rt ezt a szakaszt v\u00e1lasztottad, \u00e9s mi\u00e9rt gondolod \u00fagy meg\u00e9rdemli a <em>H\u00f3nap \u00fatvonala<\/em> c\u00edmet. Fontos, hogy \u00fagy mutass\u00e1tok be az \u00fatvonalat, hogy m\u00e1sok is megtal\u00e1lj\u00e1k a kiindul\u00f3pontj\u00e1t \u00e9s minden fontos \u00e1llom\u00e1s\u00e1t!<\/p>\n<h2><strong>K\u00fcldd el nek\u00fcnk!<\/strong><\/h2>\n<p>A fot\u00f3k mellett persze t\u00e9rk\u00e9pen is meg kell mutatnunk az utat, ehhez r\u00f6gz\u00edtsd Strav\u00e1ban a teljes teker\u00e9st! A Strava-linket \u00e9s az \u00fatvonalr\u00f3l sz\u00f3l\u00f3 fot\u00f3kat \u00e9s besz\u00e1mol\u00f3t a <a href=\"mailto:welovecycling@skoda.hu\">welovecycling@skoda.hu<\/a> e-mail c\u00edmre v\u00e1rjuk. J\u00f3 szelet!<\/p>\n","protected":false},"excerpt":{"rendered":"<p>Rengeteg ker\u00e9kp\u00e1ros \u00fat, t\u00fara\u00fatvonal, bringap\u00e1lya \u00e9s felfedezetlen \u00f6sv\u00e9ny keresztezi az vil\u00e1got, amiket minden biciklisnek l\u00e1tnia kell! Az\u00e9rt vagyunk k\u00f6z\u00f6ss\u00e9g, hogy [&hellip;]<\/p>\n","protected":false},"author":71,"featured_media":10192,"comment_status":"open","ping_status":"open","sticky":false,"template":"","format":"standard","meta":{"footnotes":""},"categories":[461],"tags":[],"global-categories":[419],"class_list":["post-10191","post","type-post","status-publish","format-standard","has-post-thumbnail","hentry","category-honap-utvonala","global-categories-cycling"],"yoast_head":"<!-- This site is optimized with the Yoast SEO Premium plugin v25.3 (Yoast SEO v25.9) - https:\/\/yoast.com\/wordpress\/plugins\/seo\/ -->\n<title>Legyen a te kedvenc bringautad a H\u00f3nap \u00fatvonala! - \u0160koda We Love Cycling - Magyarorsz\u00e1g<\/title>\n<meta name=\"description\" content=\"Rengeteg ker\u00e9kp\u00e1ros \u00fat, t\u00fara\u00fatvonal, bringap\u00e1lya \u00e9s felfedezetlen \u00f6sv\u00e9ny keresztezi az vil\u00e1got, amiket minden biciklisnek l\u00e1tnia kell! Az\u00e9rt vagyunk k\u00f6z\u00f6ss\u00e9g, hogy megosszuk egym\u00e1ssal tapasztalatainkat, seg\u00edts\u00fcnk m\u00e1soknak \u00faj helyeket felfedezni \u00e9s \u00faj \u00e9lm\u00e9nyekkel er\u0151s\u00edts\u00fck k\u00f6z\u00f6s szenved\u00e9ly\u00fcnk \u00f6sszetart\u00f3 erej\u00e9t.\" \/>\n<meta name=\"robots\" content=\"index, follow, max-snippet:-1, max-image-preview:large, max-video-preview:-1\" \/>\n<link rel=\"canonical\" href=\"https:\/\/www.welovecycling.com\/hu\/honap-utvonala\/legyen-a-te-kedvenc-bringautad-a-honap-utvonala\/\" \/>\n<meta property=\"og:locale\" content=\"hu_HU\" \/>\n<meta property=\"og:type\" content=\"article\" \/>\n<meta property=\"og:title\" content=\"Legyen a te kedvenc bringautad a H\u00f3nap \u00fatvonala!\" \/>\n<meta property=\"og:description\" content=\"Rengeteg ker\u00e9kp\u00e1ros \u00fat, t\u00fara\u00fatvonal, bringap\u00e1lya \u00e9s felfedezetlen \u00f6sv\u00e9ny keresztezi az vil\u00e1got, amiket minden biciklisnek l\u00e1tnia kell! Az\u00e9rt vagyunk k\u00f6z\u00f6ss\u00e9g, hogy megosszuk egym\u00e1ssal tapasztalatainkat, seg\u00edts\u00fcnk m\u00e1soknak \u00faj helyeket felfedezni \u00e9s \u00faj \u00e9lm\u00e9nyekkel er\u0151s\u00edts\u00fck k\u00f6z\u00f6s szenved\u00e9ly\u00fcnk \u00f6sszetart\u00f3 erej\u00e9t.\" \/>\n<meta property=\"og:url\" content=\"https:\/\/www.welovecycling.com\/hu\/honap-utvonala\/legyen-a-te-kedvenc-bringautad-a-honap-utvonala\/\" \/>\n<meta property=\"og:site_name\" content=\"\u0160koda We Love Cycling - Magyarorsz\u00e1g\" \/>\n<meta property=\"article:publisher\" content=\"https:\/\/www.facebook.com\/WeLoveCyclingHungary\/\" \/>\n<meta property=\"article:published_time\" content=\"2021-02-17T11:35:17+00:00\" \/>\n<meta property=\"article:modified_time\" content=\"2022-02-03T11:20:20+00:00\" \/>\n<meta property=\"og:image\" content=\"https:\/\/d2p6e6u75xmxt8.cloudfront.net\/12\/2021\/02\/honap_utconala_cikk_cover-min2.jpg\" \/>\n\t<meta property=\"og:image:width\" content=\"1380\" \/>\n\t<meta property=\"og:image:height\" content=\"600\" \/>\n\t<meta property=\"og:image:type\" content=\"image\/jpeg\" \/>\n<meta name=\"author\" content=\"hegyizs\" \/>\n<meta name=\"twitter:card\" content=\"summary_large_image\" \/>\n<meta name=\"twitter:label1\" content=\"Written by\" \/>\n\t<meta name=\"twitter:data1\" content=\"WLC\" \/>\n\t<meta name=\"twitter:label2\" content=\"Est. reading time\" \/>\n\t<meta name=\"twitter:data2\" content=\"2 minutes\" \/>\n<script type=\"application\/ld+json\" class=\"yoast-schema-graph\">{\"@context\":\"https:\/\/schema.org\",\"@graph\":[{\"@type\":\"WebPage\",\"@id\":\"https:\/\/www.welovecycling.com\/hu\/honap-utvonala\/legyen-a-te-kedvenc-bringautad-a-honap-utvonala\/\",\"url\":\"https:\/\/www.welovecycling.com\/hu\/honap-utvonala\/legyen-a-te-kedvenc-bringautad-a-honap-utvonala\/\",\"name\":\"Legyen a te kedvenc bringautad a H\u00f3nap \u00fatvonala! - \u0160koda We Love Cycling - Magyarorsz\u00e1g\",\"isPartOf\":{\"@id\":\"https:\/\/www.welovecycling.com\/hu\/#website\"},\"primaryImageOfPage\":{\"@id\":\"https:\/\/www.welovecycling.com\/hu\/honap-utvonala\/legyen-a-te-kedvenc-bringautad-a-honap-utvonala\/#primaryimage\"},\"image\":{\"@id\":\"https:\/\/www.welovecycling.com\/hu\/honap-utvonala\/legyen-a-te-kedvenc-bringautad-a-honap-utvonala\/#primaryimage\"},\"thumbnailUrl\":\"https:\/\/d2p6e6u75xmxt8.cloudfront.net\/12\/2021\/02\/honap_utconala_cikk_cover-min2.jpg\",\"datePublished\":\"2021-02-17T11:35:17+00:00\",\"dateModified\":\"2022-02-03T11:20:20+00:00\",\"author\":{\"@id\":\"https:\/\/www.welovecycling.com\/hu\/#\/schema\/person\/414a2aebf1801691a5320edb6468e194\"},\"description\":\"Rengeteg ker\u00e9kp\u00e1ros \u00fat, t\u00fara\u00fatvonal, bringap\u00e1lya \u00e9s felfedezetlen \u00f6sv\u00e9ny keresztezi az vil\u00e1got, amiket minden biciklisnek l\u00e1tnia kell! Az\u00e9rt vagyunk k\u00f6z\u00f6ss\u00e9g, hogy megosszuk egym\u00e1ssal tapasztalatainkat, seg\u00edts\u00fcnk m\u00e1soknak \u00faj helyeket felfedezni \u00e9s \u00faj \u00e9lm\u00e9nyekkel er\u0151s\u00edts\u00fck k\u00f6z\u00f6s szenved\u00e9ly\u00fcnk \u00f6sszetart\u00f3 erej\u00e9t.\",\"breadcrumb\":{\"@id\":\"https:\/\/www.welovecycling.com\/hu\/honap-utvonala\/legyen-a-te-kedvenc-bringautad-a-honap-utvonala\/#breadcrumb\"},\"inLanguage\":\"hu\",\"potentialAction\":[{\"@type\":\"ReadAction\",\"target\":[\"https:\/\/www.welovecycling.com\/hu\/honap-utvonala\/legyen-a-te-kedvenc-bringautad-a-honap-utvonala\/\"]}]},{\"@type\":\"ImageObject\",\"inLanguage\":\"hu\",\"@id\":\"https:\/\/www.welovecycling.com\/hu\/honap-utvonala\/legyen-a-te-kedvenc-bringautad-a-honap-utvonala\/#primaryimage\",\"url\":\"https:\/\/d2p6e6u75xmxt8.cloudfront.net\/12\/2021\/02\/honap_utconala_cikk_cover-min2.jpg\",\"contentUrl\":\"https:\/\/d2p6e6u75xmxt8.cloudfront.net\/12\/2021\/02\/honap_utconala_cikk_cover-min2.jpg\",\"width\":1380,\"height\":600},{\"@type\":\"BreadcrumbList\",\"@id\":\"https:\/\/www.welovecycling.com\/hu\/honap-utvonala\/legyen-a-te-kedvenc-bringautad-a-honap-utvonala\/#breadcrumb\",\"itemListElement\":[{\"@type\":\"ListItem\",\"position\":1,\"name\":\"Home\",\"item\":\"https:\/\/www.welovecycling.com\/hu\/\"},{\"@type\":\"ListItem\",\"position\":2,\"name\":\"Legyen a te kedvenc bringautad a H\u00f3nap \u00fatvonala!\"}]},{\"@type\":\"WebSite\",\"@id\":\"https:\/\/www.welovecycling.com\/hu\/#website\",\"url\":\"https:\/\/www.welovecycling.com\/hu\/\",\"name\":\"\u0160koda We Love Cycling - Magyarorsz\u00e1g\",\"description\":\"\u0160koda WeLoveCycling\",\"potentialAction\":[{\"@type\":\"SearchAction\",\"target\":{\"@type\":\"EntryPoint\",\"urlTemplate\":\"https:\/\/www.welovecycling.com\/hu\/?s={search_term_string}\"},\"query-input\":{\"@type\":\"PropertyValueSpecification\",\"valueRequired\":true,\"valueName\":\"search_term_string\"}}],\"inLanguage\":\"hu\"},{\"@type\":\"Person\",\"@id\":\"https:\/\/www.welovecycling.com\/hu\/#\/schema\/person\/414a2aebf1801691a5320edb6468e194\",\"name\":\"hegyizs\",\"image\":{\"@type\":\"ImageObject\",\"inLanguage\":\"hu\",\"@id\":\"https:\/\/www.welovecycling.com\/hu\/#\/schema\/person\/image\/\",\"url\":\"https:\/\/secure.gravatar.com\/avatar\/02cf8a7906b8cf90cecb4679defac7cfd33a1c2e3b88e4903d947f3bb58eedd3?s=96&d=mm&r=g\",\"contentUrl\":\"https:\/\/secure.gravatar.com\/avatar\/02cf8a7906b8cf90cecb4679defac7cfd33a1c2e3b88e4903d947f3bb58eedd3?s=96&d=mm&r=g\",\"caption\":\"hegyizs\"},\"url\":\"https:\/\/www.welovecycling.com\/hu\/author\/hegyizs\/\"}]}<\/script>\n<!-- \/ Yoast SEO Premium plugin. -->","yoast_head_json":{"title":"Legyen a te kedvenc bringautad a H\u00f3nap \u00fatvonala! - \u0160koda We Love Cycling - Magyarorsz\u00e1g","description":"Rengeteg ker\u00e9kp\u00e1ros \u00fat, t\u00fara\u00fatvonal, bringap\u00e1lya \u00e9s felfedezetlen \u00f6sv\u00e9ny keresztezi az vil\u00e1got, amiket minden biciklisnek l\u00e1tnia kell! Az\u00e9rt vagyunk k\u00f6z\u00f6ss\u00e9g, hogy megosszuk egym\u00e1ssal tapasztalatainkat, seg\u00edts\u00fcnk m\u00e1soknak \u00faj helyeket felfedezni \u00e9s \u00faj \u00e9lm\u00e9nyekkel er\u0151s\u00edts\u00fck k\u00f6z\u00f6s szenved\u00e9ly\u00fcnk \u00f6sszetart\u00f3 erej\u00e9t.","robots":{"index":"index","follow":"follow","max-snippet":"max-snippet:-1","max-image-preview":"max-image-preview:large","max-video-preview":"max-video-preview:-1"},"canonical":"https:\/\/www.welovecycling.com\/hu\/honap-utvonala\/legyen-a-te-kedvenc-bringautad-a-honap-utvonala\/","og_locale":"hu_HU","og_type":"article","og_title":"Legyen a te kedvenc bringautad a H\u00f3nap \u00fatvonala!","og_description":"Rengeteg ker\u00e9kp\u00e1ros \u00fat, t\u00fara\u00fatvonal, bringap\u00e1lya \u00e9s felfedezetlen \u00f6sv\u00e9ny keresztezi az vil\u00e1got, amiket minden biciklisnek l\u00e1tnia kell! Az\u00e9rt vagyunk k\u00f6z\u00f6ss\u00e9g, hogy megosszuk egym\u00e1ssal tapasztalatainkat, seg\u00edts\u00fcnk m\u00e1soknak \u00faj helyeket felfedezni \u00e9s \u00faj \u00e9lm\u00e9nyekkel er\u0151s\u00edts\u00fck k\u00f6z\u00f6s szenved\u00e9ly\u00fcnk \u00f6sszetart\u00f3 erej\u00e9t.","og_url":"https:\/\/www.welovecycling.com\/hu\/honap-utvonala\/legyen-a-te-kedvenc-bringautad-a-honap-utvonala\/","og_site_name":"\u0160koda We Love Cycling - Magyarorsz\u00e1g","article_publisher":"https:\/\/www.facebook.com\/WeLoveCyclingHungary\/","article_published_time":"2021-02-17T11:35:17+00:00","article_modified_time":"2022-02-03T11:20:20+00:00","og_image":[{"width":1380,"height":600,"url":"https:\/\/d2p6e6u75xmxt8.cloudfront.net\/12\/2021\/02\/honap_utconala_cikk_cover-min2.jpg","type":"image\/jpeg"}],"author":"hegyizs","twitter_card":"summary_large_image","twitter_misc":{"Written by":"WLC","Est. reading time":"2 minutes"},"schema":{"@context":"https:\/\/schema.org","@graph":[{"@type":"WebPage","@id":"https:\/\/www.welovecycling.com\/hu\/honap-utvonala\/legyen-a-te-kedvenc-bringautad-a-honap-utvonala\/","url":"https:\/\/www.welovecycling.com\/hu\/honap-utvonala\/legyen-a-te-kedvenc-bringautad-a-honap-utvonala\/","name":"Legyen a te kedvenc bringautad a H\u00f3nap \u00fatvonala! - \u0160koda We Love Cycling - Magyarorsz\u00e1g","isPartOf":{"@id":"https:\/\/www.welovecycling.com\/hu\/#website"},"primaryImageOfPage":{"@id":"https:\/\/www.welovecycling.com\/hu\/honap-utvonala\/legyen-a-te-kedvenc-bringautad-a-honap-utvonala\/#primaryimage"},"image":{"@id":"https:\/\/www.welovecycling.com\/hu\/honap-utvonala\/legyen-a-te-kedvenc-bringautad-a-honap-utvonala\/#primaryimage"},"thumbnailUrl":"https:\/\/d2p6e6u75xmxt8.cloudfront.net\/12\/2021\/02\/honap_utconala_cikk_cover-min2.jpg","datePublished":"2021-02-17T11:35:17+00:00","dateModified":"2022-02-03T11:20:20+00:00","author":{"@id":"https:\/\/www.welovecycling.com\/hu\/#\/schema\/person\/414a2aebf1801691a5320edb6468e194"},"description":"Rengeteg ker\u00e9kp\u00e1ros \u00fat, t\u00fara\u00fatvonal, bringap\u00e1lya \u00e9s felfedezetlen \u00f6sv\u00e9ny keresztezi az vil\u00e1got, amiket minden biciklisnek l\u00e1tnia kell! Az\u00e9rt vagyunk k\u00f6z\u00f6ss\u00e9g, hogy megosszuk egym\u00e1ssal tapasztalatainkat, seg\u00edts\u00fcnk m\u00e1soknak \u00faj helyeket felfedezni \u00e9s \u00faj \u00e9lm\u00e9nyekkel er\u0151s\u00edts\u00fck k\u00f6z\u00f6s szenved\u00e9ly\u00fcnk \u00f6sszetart\u00f3 erej\u00e9t.","breadcrumb":{"@id":"https:\/\/www.welovecycling.com\/hu\/honap-utvonala\/legyen-a-te-kedvenc-bringautad-a-honap-utvonala\/#breadcrumb"},"inLanguage":"hu","potentialAction":[{"@type":"ReadAction","target":["https:\/\/www.welovecycling.com\/hu\/honap-utvonala\/legyen-a-te-kedvenc-bringautad-a-honap-utvonala\/"]}]},{"@type":"ImageObject","inLanguage":"hu","@id":"https:\/\/www.welovecycling.com\/hu\/honap-utvonala\/legyen-a-te-kedvenc-bringautad-a-honap-utvonala\/#primaryimage","url":"https:\/\/d2p6e6u75xmxt8.cloudfront.net\/12\/2021\/02\/honap_utconala_cikk_cover-min2.jpg","contentUrl":"https:\/\/d2p6e6u75xmxt8.cloudfront.net\/12\/2021\/02\/honap_utconala_cikk_cover-min2.jpg","width":1380,"height":600},{"@type":"BreadcrumbList","@id":"https:\/\/www.welovecycling.com\/hu\/honap-utvonala\/legyen-a-te-kedvenc-bringautad-a-honap-utvonala\/#breadcrumb","itemListElement":[{"@type":"ListItem","position":1,"name":"Home","item":"https:\/\/www.welovecycling.com\/hu\/"},{"@type":"ListItem","position":2,"name":"Legyen a te kedvenc bringautad a H\u00f3nap \u00fatvonala!"}]},{"@type":"WebSite","@id":"https:\/\/www.welovecycling.com\/hu\/#website","url":"https:\/\/www.welovecycling.com\/hu\/","name":"\u0160koda We Love Cycling - Magyarorsz\u00e1g","description":"\u0160koda WeLoveCycling","potentialAction":[{"@type":"SearchAction","target":{"@type":"EntryPoint","urlTemplate":"https:\/\/www.welovecycling.com\/hu\/?s={search_term_string}"},"query-input":{"@type":"PropertyValueSpecification","valueRequired":true,"valueName":"search_term_string"}}],"inLanguage":"hu"},{"@type":"Person","@id":"https:\/\/www.welovecycling.com\/hu\/#\/schema\/person\/414a2aebf1801691a5320edb6468e194","name":"hegyizs","image":{"@type":"ImageObject","inLanguage":"hu","@id":"https:\/\/www.welovecycling.com\/hu\/#\/schema\/person\/image\/","url":"https:\/\/secure.gravatar.com\/avatar\/02cf8a7906b8cf90cecb4679defac7cfd33a1c2e3b88e4903d947f3bb58eedd3?s=96&d=mm&r=g","contentUrl":"https:\/\/secure.gravatar.com\/avatar\/02cf8a7906b8cf90cecb4679defac7cfd33a1c2e3b88e4903d947f3bb58eedd3?s=96&d=mm&r=g","caption":"hegyizs"},"url":"https:\/\/www.welovecycling.com\/hu\/author\/hegyizs\/"}]}},"_links":{"self":[{"href":"https:\/\/www.welovecycling.com\/hu\/wp-json\/wp\/v2\/posts\/10191","targetHints":{"allow":["GET"]}}],"collection":[{"href":"https:\/\/www.welovecycling.com\/hu\/wp-json\/wp\/v2\/posts"}],"about":[{"href":"https:\/\/www.welovecycling.com\/hu\/wp-json\/wp\/v2\/types\/post"}],"author":[{"embeddable":true,"href":"https:\/\/www.welovecycling.com\/hu\/wp-json\/wp\/v2\/users\/71"}],"replies":[{"embeddable":true,"href":"https:\/\/www.welovecycling.com\/hu\/wp-json\/wp\/v2\/comments?post=10191"}],"version-history":[{"count":2,"href":"https:\/\/www.welovecycling.com\/hu\/wp-json\/wp\/v2\/posts\/10191\/revisions"}],"predecessor-version":[{"id":13537,"href":"https:\/\/www.welovecycling.com\/hu\/wp-json\/wp\/v2\/posts\/10191\/revisions\/13537"}],"wp:featuredmedia":[{"embeddable":true,"href":"https:\/\/www.welovecycling.com\/hu\/wp-json\/wp\/v2\/media\/10192"}],"wp:attachment":[{"href":"https:\/\/www.welovecycling.com\/hu\/wp-json\/wp\/v2\/media?parent=10191"}],"wp:term":[{"taxonomy":"category","embeddable":true,"href":"https:\/\/www.welovecycling.com\/hu\/wp-json\/wp\/v2\/categories?post=10191"},{"taxonomy":"post_tag","embeddable":true,"href":"https:\/\/www.welovecycling.com\/hu\/wp-json\/wp\/v2\/tags?post=10191"},{"taxonomy":"global-categories","embeddable":true,"href":"https:\/\/www.welovecycling.com\/hu\/wp-json\/wp\/v2\/global-categories?post=10191"}],"curies":[{"name":"wp","href":"https:\/\/api.w.org\/{rel}","templated":true}]}}